{"id":15906,"date":"2021-03-17T14:35:54","date_gmt":"2021-03-17T17:35:54","guid":{"rendered":"https:\/\/jornalfatosenoticias.com.br\/?p=15906"},"modified":"2021-03-17T14:35:59","modified_gmt":"2021-03-17T17:35:59","slug":"cientistas-propoem-criar-uma-arca-de-noe-lunar-para-salvar-a-terra","status":"publish","type":"post","link":"https:\/\/jornalfatosenoticias.com.br\/index.php\/2021\/03\/17\/cientistas-propoem-criar-uma-arca-de-noe-lunar-para-salvar-a-terra\/","title":{"rendered":"Cientistas prop\u00f5em criar uma \u201cArca de No\u00e9 Lunar\u201d para salvar a Terra"},"content":{"rendered":"\n<p>Pensando em garantir a continuidade da vida na Terra em caso de cat\u00e1strofes globais, cientistas da Universidade do Arizona, nos Estados Unidos, querem construir uma esp\u00e9cie de \u201c<a href=\"https:\/\/www.megacurioso.com.br\/historia-e-geografia\/42766-a-historia-sobre-a-arca-de-noe-poderia-ter-acontecido-.htm\" rel=\"noreferrer noopener\" target=\"_blank\">Arca de No\u00e9<\/a>\u00a0Lunar\u201d para armazenar amostras de material gen\u00e9tico de milh\u00f5es de esp\u00e9cies terrestres na\u00a0<a href=\"https:\/\/www.megacurioso.com.br\/lua\/\" rel=\"noreferrer noopener\" target=\"_blank\">Lua<\/a>. A ideia foi apresentada durante a Confer\u00eancia Aeroespacial do Instituto de Engenheiros El\u00e9tricos e Eletr\u00f4nicos (IEEE), iniciada no \u00faltimo dia 6.<br>Conforme o engenheiro aeroespacial e autor principal do estudo Jekan Thanga, o projeto consiste em criar um banco de genes de 6,7 milh\u00f5es de esp\u00e9cies terrestres, incluindo seres humanos, que seriam enviadas dentro de \u201carcas\u201d e armazenadas em po\u00e7os lunares e tubos de lava subterr\u00e2neos que se acredita existirem por l\u00e1.<br>Esses po\u00e7os na Lua seriam o lugar perfeito para guardar as amostras, segundo Thanga, pois oferecem prote\u00e7\u00e3o contra as grandes varia\u00e7\u00f5es de temperatura do sat\u00e9lite natural e outras amea\u00e7as existentes na superf\u00edcie, como a queda de <a href=\"https:\/\/www.megacurioso.com.br\/astronomia\/35626-qual-e-a-diferenca-entre-asteroide-meteoro-meteorito-e-meteoroide-.htm\" rel=\"noreferrer noopener\" target=\"_blank\">meteoritos<\/a> e radia\u00e7\u00e3o c\u00f3smica.<br>O projeto seria uma vers\u00e3o espacial e estendida do <a href=\"https:\/\/www.megacurioso.com.br\/aquecimento-global\/102682-aquecimento-global-causa-alagamento-em-silo-de-sementes-do-fim-do-mundo.htm\" rel=\"noreferrer noopener\" target=\"_blank\">Silo Global de Sementes de Svalbard<\/a>, no Polo Norte, onde s\u00e3o mantidas mais de 900 mil amostras \u00fanicas, cada uma com 500 sementes de plantas, cuja proposta \u00e9 garantir a biodiversidade do planeta em situa\u00e7\u00f5es de emerg\u00eancia.<\/p>\n\n\n\n<h4 class=\"wp-block-heading\">Projeto grandioso<\/h4>\n\n\n\n<div class=\"wp-block-jetpack-slideshow aligncenter\" data-effect=\"slide\"><div class=\"wp-block-jetpack-slideshow_container swiper-container\"><ul class=\"wp-block-jetpack-slideshow_swiper-wrapper swiper-wrapper\"><li class=\"wp-block-jetpack-slideshow_slide swiper-slide\"><figure><img loading=\"lazy\" decoding=\"async\" width=\"1000\" height=\"444\" alt=\"\" class=\"wp-block-jetpack-slideshow_image wp-image-15907\" data-id=\"15907\" src=\"https:\/\/jornalfatosenoticias.com.br\/wp-content\/uploads\/2021\/03\/arca-de-noe_lua2.jpg\" srcset=\"https:\/\/jornalfatosenoticias.com.br\/wp-content\/uploads\/2021\/03\/arca-de-noe_lua2.jpg 1000w, https:\/\/jornalfatosenoticias.com.br\/wp-content\/uploads\/2021\/03\/arca-de-noe_lua2-300x133.jpg 300w, https:\/\/jornalfatosenoticias.com.br\/wp-content\/uploads\/2021\/03\/arca-de-noe_lua2-768x341.jpg 768w\" sizes=\"auto, (max-width: 1000px) 100vw, 1000px\" \/><figcaption class=\"wp-block-jetpack-slideshow_caption gallery-caption\">O banco de genes lunar \u2014 que tamb\u00e9m pode abrigar amostras de sementes e esporos \u2014 est\u00e1 sendo constru\u00eddo sob a superf\u00edcie lunar, em um tubo de lava oco e resfriado. Na foto: uma se\u00e7\u00e3o transversal de como a arca lunar pode parecer enterrada sob a superf\u00edcie da lua em um tubo de lava oco (Foto: Diaz-Flores et al.\/IEEE Aerospace Conference)<\/figcaption><\/figure><\/li><li class=\"wp-block-jetpack-slideshow_slide swiper-slide\"><figure><img loading=\"lazy\" decoding=\"async\" width=\"1000\" height=\"651\" alt=\"\" class=\"wp-block-jetpack-slideshow_image wp-image-15908\" data-id=\"15908\" src=\"https:\/\/jornalfatosenoticias.com.br\/wp-content\/uploads\/2021\/03\/arca-de-noe_lua3.jpg\" srcset=\"https:\/\/jornalfatosenoticias.com.br\/wp-content\/uploads\/2021\/03\/arca-de-noe_lua3.jpg 1000w, https:\/\/jornalfatosenoticias.com.br\/wp-content\/uploads\/2021\/03\/arca-de-noe_lua3-300x195.jpg 300w, https:\/\/jornalfatosenoticias.com.br\/wp-content\/uploads\/2021\/03\/arca-de-noe_lua3-768x500.jpg 768w\" sizes=\"auto, (max-width: 1000px) 100vw, 1000px\" \/><figcaption class=\"wp-block-jetpack-slideshow_caption gallery-caption\">A ideia de criar bancos de genes para restaurar a biodiversidade perdida no futuro n\u00e3o \u00e9 nova \u2014 mais de um milh\u00e3o de amostras de sementes est\u00e3o atualmente armazenadas no Svalbard Global Seed Vault, na ilha de Spitsbergen no Mar \u00c1rtico, por exemplo (Foto: PA)<\/figcaption><\/figure><\/li><\/ul><a class=\"wp-block-jetpack-slideshow_button-prev swiper-button-prev swiper-button-white\" role=\"button\"><\/a><a class=\"wp-block-jetpack-slideshow_button-next swiper-button-next swiper-button-white\" role=\"button\"><\/a><a aria-label=\"Pause Slideshow\" class=\"wp-block-jetpack-slideshow_button-pause\" role=\"button\"><\/a><div class=\"wp-block-jetpack-slideshow_pagination swiper-pagination swiper-pagination-white\"><\/div><\/div><\/div>\n\n\n\n<p>Controladas por rob\u00f4s e alimentadas por pain\u00e9is solares instalados na superf\u00edcie lunar, as arcas seriam armazenadas em condi\u00e7\u00f5es extremamente frias e ideais, possibilitando guardar com seguran\u00e7a sementes, espermatozoides, \u00f3vulos e outros materiais gen\u00e9ticos.<br>A cria\u00e7\u00e3o de toda essa estrutura e o envio dos materiais at\u00e9 o sat\u00e9lite envolveria um total de 250 lan\u00e7amentos de foguetes, conforme os c\u00e1lculos da equipe participante da pesquisa, que considerou a quantidade \u201cn\u00e3o muito grande\u201d \u2014 a t\u00edtulo de compara\u00e7\u00e3o, a constru\u00e7\u00e3o da <a href=\"https:\/\/www.megacurioso.com.br\/ciencia\/116400-estacao-espacial-internacional-ganha-suas-primeiras-geladeiras.htm\" rel=\"noreferrer noopener\" target=\"_blank\">Esta\u00e7\u00e3o Espacial Internacional<\/a> foi feita com 40 lan\u00e7amentos.<br>Guardadas em locais mais seguros do que se estivessem na Terra, conforme os pesquisadores, as arcas lunares com materiais gen\u00e9ticos poderiam ser utilizadas durante uma eventual reconstru\u00e7\u00e3o do planeta ap\u00f3s colapsos causados por desastres ambientais,\u00a0<a href=\"https:\/\/www.megacurioso.com.br\/guerras\/90639-5-momentos-em-que-a-humanidade-quase-enfrentou-um-apocalipse-nuclear.htm\" rel=\"noreferrer noopener\" target=\"_blank\">guerras nucleares<\/a>,\u00a0<a href=\"https:\/\/www.megacurioso.com.br\/evolucao\/98694-por-um-triz-sabia-que-os-humanos-quase-foram-extintos-ha-milhares-de-anos.htm\" rel=\"noreferrer noopener\" target=\"_blank\">erup\u00e7\u00f5es vulc\u00e2nicas<\/a>,\u00a0<a href=\"https:\/\/www.megacurioso.com.br\/saude-bem-estar\/113909-as-10-piores-pandemias-e-epidemias-da-historia.htm\" rel=\"noreferrer noopener\" target=\"_blank\">pandemias<\/a>, queda de asteroide ou qualquer outro evento capaz de colocar a biodiversidade em risco.<\/p>\n\n\n\n<p><em><strong>Foto de capa:<\/strong> Shutterstock\/James Steidl\/Getty Images\/Anna D&#8217;Assaro<\/em><\/p>\n\n\n\n<p><strong><em>Fonte: <a href=\"https:\/\/www.megacurioso.com.br\/ciencia\/118006-cientistas-propoem-criar-arca-de-noe-na-lua-para-salvar-a-terra.htm\">Megacurioso<\/a><\/em><\/strong><\/p>\n","protected":false},"excerpt":{"rendered":"<p>Pensando em garantir a continuidade da vida na Terra em caso de cat\u00e1strofes globais, cientistas da Universidade do Arizona, nos Estados Unidos, querem construir uma esp\u00e9cie de \u201cArca de No\u00e9\u00a0Lunar\u201d para armazenar amostras de material gen\u00e9tico de milh\u00f5es de esp\u00e9cies terrestres na\u00a0Lua. A ideia foi apresentada durante a Confer\u00eancia Aeroespacial do Instituto de Engenheiros El\u00e9tricos [&hellip;]<\/p>\n","protected":false},"author":2,"featured_media":15909,"comment_status":"open","ping_status":"open","sticky":false,"template":"","format":"standard","meta":{"footnotes":""},"categories":[2],"tags":[2445,5475,2438,3204],"class_list":["post-15906","post","type-post","status-publish","format-standard","has-post-thumbnail","hentry","category-ciencia","tag-biologia","tag-corpo-humano","tag-exploracao-espacial","tag-genetica"],"yoast_head":"<!-- This site is optimized with the Yoast SEO plugin v26.5 - https:\/\/yoast.com\/wordpress\/plugins\/seo\/ -->\n<title>Cientistas prop\u00f5em criar uma \u201cArca de No\u00e9 Lunar\u201d para salvar a Terra - Jornal Fatos e Not\u00edcias<\/title>\n<meta name=\"robots\" content=\"index, follow, max-snippet:-1, max-image-preview:large, max-video-preview:-1\" \/>\n<link rel=\"canonical\" href=\"https:\/\/jornalfatosenoticias.com.br\/index.php\/2021\/03\/17\/cientistas-propoem-criar-uma-arca-de-noe-lunar-para-salvar-a-terra\/\" \/>\n<meta property=\"og:locale\" content=\"pt_BR\" \/>\n<meta property=\"og:type\" content=\"article\" \/>\n<meta property=\"og:title\" content=\"Cientistas prop\u00f5em criar uma \u201cArca de No\u00e9 Lunar\u201d para salvar a Terra - Jornal Fatos e Not\u00edcias\" \/>\n<meta property=\"og:description\" content=\"Pensando em garantir a continuidade da vida na Terra em caso de cat\u00e1strofes globais, cientistas da Universidade do Arizona, nos Estados Unidos, querem construir uma esp\u00e9cie de \u201cArca de No\u00e9\u00a0Lunar\u201d para armazenar amostras de material gen\u00e9tico de milh\u00f5es de esp\u00e9cies terrestres na\u00a0Lua. A ideia foi apresentada durante a Confer\u00eancia Aeroespacial do Instituto de Engenheiros El\u00e9tricos [&hellip;]\" \/>\n<meta property=\"og:url\" content=\"https:\/\/jornalfatosenoticias.com.br\/index.php\/2021\/03\/17\/cientistas-propoem-criar-uma-arca-de-noe-lunar-para-salvar-a-terra\/\" \/>\n<meta property=\"og:site_name\" content=\"Jornal Fatos e Not\u00edcias\" \/>\n<meta property=\"article:published_time\" content=\"2021-03-17T17:35:54+00:00\" \/>\n<meta property=\"article:modified_time\" content=\"2021-03-17T17:35:59+00:00\" \/>\n<meta property=\"og:image\" content=\"https:\/\/jornalfatosenoticias.com.br\/wp-content\/uploads\/2021\/03\/arca-de-noe_lua.jpg\" \/>\n\t<meta property=\"og:image:width\" content=\"1000\" \/>\n\t<meta property=\"og:image:height\" content=\"624\" \/>\n\t<meta property=\"og:image:type\" content=\"image\/jpeg\" \/>\n<meta name=\"author\" content=\"Luzimara Fernandes\" \/>\n<meta name=\"twitter:card\" content=\"summary_large_image\" \/>\n<meta name=\"twitter:label1\" content=\"Escrito por\" \/>\n\t<meta name=\"twitter:data1\" content=\"Luzimara Fernandes\" \/>\n\t<meta name=\"twitter:label2\" content=\"Est. tempo de leitura\" \/>\n\t<meta name=\"twitter:data2\" content=\"3 minutos\" \/>\n<script type=\"application\/ld+json\" class=\"yoast-schema-graph\">{\"@context\":\"https:\/\/schema.org\",\"@graph\":[{\"@type\":\"Article\",\"@id\":\"https:\/\/jornalfatosenoticias.com.br\/index.php\/2021\/03\/17\/cientistas-propoem-criar-uma-arca-de-noe-lunar-para-salvar-a-terra\/#article\",\"isPartOf\":{\"@id\":\"https:\/\/jornalfatosenoticias.com.br\/index.php\/2021\/03\/17\/cientistas-propoem-criar-uma-arca-de-noe-lunar-para-salvar-a-terra\/\"},\"author\":{\"name\":\"Luzimara Fernandes\",\"@id\":\"https:\/\/jornalfatosenoticias.com.br\/#\/schema\/person\/d63837fa13ac8666eb9e74e0985d6f81\"},\"headline\":\"Cientistas prop\u00f5em criar uma \u201cArca de No\u00e9 Lunar\u201d para salvar a Terra\",\"datePublished\":\"2021-03-17T17:35:54+00:00\",\"dateModified\":\"2021-03-17T17:35:59+00:00\",\"mainEntityOfPage\":{\"@id\":\"https:\/\/jornalfatosenoticias.com.br\/index.php\/2021\/03\/17\/cientistas-propoem-criar-uma-arca-de-noe-lunar-para-salvar-a-terra\/\"},\"wordCount\":517,\"commentCount\":0,\"publisher\":{\"@id\":\"https:\/\/jornalfatosenoticias.com.br\/#organization\"},\"image\":{\"@id\":\"https:\/\/jornalfatosenoticias.com.br\/index.php\/2021\/03\/17\/cientistas-propoem-criar-uma-arca-de-noe-lunar-para-salvar-a-terra\/#primaryimage\"},\"thumbnailUrl\":\"https:\/\/jornalfatosenoticias.com.br\/wp-content\/uploads\/2021\/03\/arca-de-noe_lua.jpg\",\"keywords\":[\"biologia\",\"corpo humano\",\"explora\u00e7\u00e3o espacial\",\"gen\u00e9tica\"],\"articleSection\":[\"Ci\u00eancia\"],\"inLanguage\":\"pt-BR\",\"potentialAction\":[{\"@type\":\"CommentAction\",\"name\":\"Comment\",\"target\":[\"https:\/\/jornalfatosenoticias.com.br\/index.php\/2021\/03\/17\/cientistas-propoem-criar-uma-arca-de-noe-lunar-para-salvar-a-terra\/#respond\"]}]},{\"@type\":\"WebPage\",\"@id\":\"https:\/\/jornalfatosenoticias.com.br\/index.php\/2021\/03\/17\/cientistas-propoem-criar-uma-arca-de-noe-lunar-para-salvar-a-terra\/\",\"url\":\"https:\/\/jornalfatosenoticias.com.br\/index.php\/2021\/03\/17\/cientistas-propoem-criar-uma-arca-de-noe-lunar-para-salvar-a-terra\/\",\"name\":\"Cientistas prop\u00f5em criar uma \u201cArca de No\u00e9 Lunar\u201d para salvar a Terra - Jornal Fatos e Not\u00edcias\",\"isPartOf\":{\"@id\":\"https:\/\/jornalfatosenoticias.com.br\/#website\"},\"primaryImageOfPage\":{\"@id\":\"https:\/\/jornalfatosenoticias.com.br\/index.php\/2021\/03\/17\/cientistas-propoem-criar-uma-arca-de-noe-lunar-para-salvar-a-terra\/#primaryimage\"},\"image\":{\"@id\":\"https:\/\/jornalfatosenoticias.com.br\/index.php\/2021\/03\/17\/cientistas-propoem-criar-uma-arca-de-noe-lunar-para-salvar-a-terra\/#primaryimage\"},\"thumbnailUrl\":\"https:\/\/jornalfatosenoticias.com.br\/wp-content\/uploads\/2021\/03\/arca-de-noe_lua.jpg\",\"datePublished\":\"2021-03-17T17:35:54+00:00\",\"dateModified\":\"2021-03-17T17:35:59+00:00\",\"breadcrumb\":{\"@id\":\"https:\/\/jornalfatosenoticias.com.br\/index.php\/2021\/03\/17\/cientistas-propoem-criar-uma-arca-de-noe-lunar-para-salvar-a-terra\/#breadcrumb\"},\"inLanguage\":\"pt-BR\",\"potentialAction\":[{\"@type\":\"ReadAction\",\"target\":[\"https:\/\/jornalfatosenoticias.com.br\/index.php\/2021\/03\/17\/cientistas-propoem-criar-uma-arca-de-noe-lunar-para-salvar-a-terra\/\"]}]},{\"@type\":\"ImageObject\",\"inLanguage\":\"pt-BR\",\"@id\":\"https:\/\/jornalfatosenoticias.com.br\/index.php\/2021\/03\/17\/cientistas-propoem-criar-uma-arca-de-noe-lunar-para-salvar-a-terra\/#primaryimage\",\"url\":\"https:\/\/jornalfatosenoticias.com.br\/wp-content\/uploads\/2021\/03\/arca-de-noe_lua.jpg\",\"contentUrl\":\"https:\/\/jornalfatosenoticias.com.br\/wp-content\/uploads\/2021\/03\/arca-de-noe_lua.jpg\",\"width\":1000,\"height\":624},{\"@type\":\"BreadcrumbList\",\"@id\":\"https:\/\/jornalfatosenoticias.com.br\/index.php\/2021\/03\/17\/cientistas-propoem-criar-uma-arca-de-noe-lunar-para-salvar-a-terra\/#breadcrumb\",\"itemListElement\":[{\"@type\":\"ListItem\",\"position\":1,\"name\":\"In\u00edcio\",\"item\":\"https:\/\/jornalfatosenoticias.com.br\/\"},{\"@type\":\"ListItem\",\"position\":2,\"name\":\"Cientistas prop\u00f5em criar uma \u201cArca de No\u00e9 Lunar\u201d para salvar a Terra\"}]},{\"@type\":\"WebSite\",\"@id\":\"https:\/\/jornalfatosenoticias.com.br\/#website\",\"url\":\"https:\/\/jornalfatosenoticias.com.br\/\",\"name\":\"Jornal Fatos e Not\u00edcias\",\"description\":\"Not\u00edcias em geral\",\"publisher\":{\"@id\":\"https:\/\/jornalfatosenoticias.com.br\/#organization\"},\"potentialAction\":[{\"@type\":\"SearchAction\",\"target\":{\"@type\":\"EntryPoint\",\"urlTemplate\":\"https:\/\/jornalfatosenoticias.com.br\/?s={search_term_string}\"},\"query-input\":{\"@type\":\"PropertyValueSpecification\",\"valueRequired\":true,\"valueName\":\"search_term_string\"}}],\"inLanguage\":\"pt-BR\"},{\"@type\":\"Organization\",\"@id\":\"https:\/\/jornalfatosenoticias.com.br\/#organization\",\"name\":\"Jornal Fatos e Not\u00edcias\",\"url\":\"https:\/\/jornalfatosenoticias.com.br\/\",\"logo\":{\"@type\":\"ImageObject\",\"inLanguage\":\"pt-BR\",\"@id\":\"https:\/\/jornalfatosenoticias.com.br\/#\/schema\/logo\/image\/\",\"url\":\"https:\/\/jornalfatosenoticias.com.br\/wp-content\/uploads\/2020\/02\/logo120.png\",\"contentUrl\":\"https:\/\/jornalfatosenoticias.com.br\/wp-content\/uploads\/2020\/02\/logo120.png\",\"width\":1227,\"height\":120,\"caption\":\"Jornal Fatos e Not\u00edcias\"},\"image\":{\"@id\":\"https:\/\/jornalfatosenoticias.com.br\/#\/schema\/logo\/image\/\"}},{\"@type\":\"Person\",\"@id\":\"https:\/\/jornalfatosenoticias.com.br\/#\/schema\/person\/d63837fa13ac8666eb9e74e0985d6f81\",\"name\":\"Luzimara Fernandes\",\"image\":{\"@type\":\"ImageObject\",\"inLanguage\":\"pt-BR\",\"@id\":\"https:\/\/jornalfatosenoticias.com.br\/#\/schema\/person\/image\/\",\"url\":\"https:\/\/jornalfatosenoticias.com.br\/wp-content\/uploads\/2025\/05\/EU_portal.jpg\",\"contentUrl\":\"https:\/\/jornalfatosenoticias.com.br\/wp-content\/uploads\/2025\/05\/EU_portal.jpg\",\"caption\":\"Luzimara Fernandes\"},\"description\":\"Jornalista MTB 2358-ES\",\"sameAs\":[\"https:\/\/jornalfatosenoticias.com.br\"],\"url\":\"https:\/\/jornalfatosenoticias.com.br\/index.php\/author\/luzimara\/\"}]}<\/script>\n<!-- \/ Yoast SEO plugin. -->","yoast_head_json":{"title":"Cientistas prop\u00f5em criar uma \u201cArca de No\u00e9 Lunar\u201d para salvar a Terra - Jornal Fatos e Not\u00edcias","robots":{"index":"index","follow":"follow","max-snippet":"max-snippet:-1","max-image-preview":"max-image-preview:large","max-video-preview":"max-video-preview:-1"},"canonical":"https:\/\/jornalfatosenoticias.com.br\/index.php\/2021\/03\/17\/cientistas-propoem-criar-uma-arca-de-noe-lunar-para-salvar-a-terra\/","og_locale":"pt_BR","og_type":"article","og_title":"Cientistas prop\u00f5em criar uma \u201cArca de No\u00e9 Lunar\u201d para salvar a Terra - Jornal Fatos e Not\u00edcias","og_description":"Pensando em garantir a continuidade da vida na Terra em caso de cat\u00e1strofes globais, cientistas da Universidade do Arizona, nos Estados Unidos, querem construir uma esp\u00e9cie de \u201cArca de No\u00e9\u00a0Lunar\u201d para armazenar amostras de material gen\u00e9tico de milh\u00f5es de esp\u00e9cies terrestres na\u00a0Lua. A ideia foi apresentada durante a Confer\u00eancia Aeroespacial do Instituto de Engenheiros El\u00e9tricos [&hellip;]","og_url":"https:\/\/jornalfatosenoticias.com.br\/index.php\/2021\/03\/17\/cientistas-propoem-criar-uma-arca-de-noe-lunar-para-salvar-a-terra\/","og_site_name":"Jornal Fatos e Not\u00edcias","article_published_time":"2021-03-17T17:35:54+00:00","article_modified_time":"2021-03-17T17:35:59+00:00","og_image":[{"width":1000,"height":624,"url":"https:\/\/jornalfatosenoticias.com.br\/wp-content\/uploads\/2021\/03\/arca-de-noe_lua.jpg","type":"image\/jpeg"}],"author":"Luzimara Fernandes","twitter_card":"summary_large_image","twitter_misc":{"Escrito por":"Luzimara Fernandes","Est. tempo de leitura":"3 minutos"},"schema":{"@context":"https:\/\/schema.org","@graph":[{"@type":"Article","@id":"https:\/\/jornalfatosenoticias.com.br\/index.php\/2021\/03\/17\/cientistas-propoem-criar-uma-arca-de-noe-lunar-para-salvar-a-terra\/#article","isPartOf":{"@id":"https:\/\/jornalfatosenoticias.com.br\/index.php\/2021\/03\/17\/cientistas-propoem-criar-uma-arca-de-noe-lunar-para-salvar-a-terra\/"},"author":{"name":"Luzimara Fernandes","@id":"https:\/\/jornalfatosenoticias.com.br\/#\/schema\/person\/d63837fa13ac8666eb9e74e0985d6f81"},"headline":"Cientistas prop\u00f5em criar uma \u201cArca de No\u00e9 Lunar\u201d para salvar a Terra","datePublished":"2021-03-17T17:35:54+00:00","dateModified":"2021-03-17T17:35:59+00:00","mainEntityOfPage":{"@id":"https:\/\/jornalfatosenoticias.com.br\/index.php\/2021\/03\/17\/cientistas-propoem-criar-uma-arca-de-noe-lunar-para-salvar-a-terra\/"},"wordCount":517,"commentCount":0,"publisher":{"@id":"https:\/\/jornalfatosenoticias.com.br\/#organization"},"image":{"@id":"https:\/\/jornalfatosenoticias.com.br\/index.php\/2021\/03\/17\/cientistas-propoem-criar-uma-arca-de-noe-lunar-para-salvar-a-terra\/#primaryimage"},"thumbnailUrl":"https:\/\/jornalfatosenoticias.com.br\/wp-content\/uploads\/2021\/03\/arca-de-noe_lua.jpg","keywords":["biologia","corpo humano","explora\u00e7\u00e3o espacial","gen\u00e9tica"],"articleSection":["Ci\u00eancia"],"inLanguage":"pt-BR","potentialAction":[{"@type":"CommentAction","name":"Comment","target":["https:\/\/jornalfatosenoticias.com.br\/index.php\/2021\/03\/17\/cientistas-propoem-criar-uma-arca-de-noe-lunar-para-salvar-a-terra\/#respond"]}]},{"@type":"WebPage","@id":"https:\/\/jornalfatosenoticias.com.br\/index.php\/2021\/03\/17\/cientistas-propoem-criar-uma-arca-de-noe-lunar-para-salvar-a-terra\/","url":"https:\/\/jornalfatosenoticias.com.br\/index.php\/2021\/03\/17\/cientistas-propoem-criar-uma-arca-de-noe-lunar-para-salvar-a-terra\/","name":"Cientistas prop\u00f5em criar uma \u201cArca de No\u00e9 Lunar\u201d para salvar a Terra - Jornal Fatos e Not\u00edcias","isPartOf":{"@id":"https:\/\/jornalfatosenoticias.com.br\/#website"},"primaryImageOfPage":{"@id":"https:\/\/jornalfatosenoticias.com.br\/index.php\/2021\/03\/17\/cientistas-propoem-criar-uma-arca-de-noe-lunar-para-salvar-a-terra\/#primaryimage"},"image":{"@id":"https:\/\/jornalfatosenoticias.com.br\/index.php\/2021\/03\/17\/cientistas-propoem-criar-uma-arca-de-noe-lunar-para-salvar-a-terra\/#primaryimage"},"thumbnailUrl":"https:\/\/jornalfatosenoticias.com.br\/wp-content\/uploads\/2021\/03\/arca-de-noe_lua.jpg","datePublished":"2021-03-17T17:35:54+00:00","dateModified":"2021-03-17T17:35:59+00:00","breadcrumb":{"@id":"https:\/\/jornalfatosenoticias.com.br\/index.php\/2021\/03\/17\/cientistas-propoem-criar-uma-arca-de-noe-lunar-para-salvar-a-terra\/#breadcrumb"},"inLanguage":"pt-BR","potentialAction":[{"@type":"ReadAction","target":["https:\/\/jornalfatosenoticias.com.br\/index.php\/2021\/03\/17\/cientistas-propoem-criar-uma-arca-de-noe-lunar-para-salvar-a-terra\/"]}]},{"@type":"ImageObject","inLanguage":"pt-BR","@id":"https:\/\/jornalfatosenoticias.com.br\/index.php\/2021\/03\/17\/cientistas-propoem-criar-uma-arca-de-noe-lunar-para-salvar-a-terra\/#primaryimage","url":"https:\/\/jornalfatosenoticias.com.br\/wp-content\/uploads\/2021\/03\/arca-de-noe_lua.jpg","contentUrl":"https:\/\/jornalfatosenoticias.com.br\/wp-content\/uploads\/2021\/03\/arca-de-noe_lua.jpg","width":1000,"height":624},{"@type":"BreadcrumbList","@id":"https:\/\/jornalfatosenoticias.com.br\/index.php\/2021\/03\/17\/cientistas-propoem-criar-uma-arca-de-noe-lunar-para-salvar-a-terra\/#breadcrumb","itemListElement":[{"@type":"ListItem","position":1,"name":"In\u00edcio","item":"https:\/\/jornalfatosenoticias.com.br\/"},{"@type":"ListItem","position":2,"name":"Cientistas prop\u00f5em criar uma \u201cArca de No\u00e9 Lunar\u201d para salvar a Terra"}]},{"@type":"WebSite","@id":"https:\/\/jornalfatosenoticias.com.br\/#website","url":"https:\/\/jornalfatosenoticias.com.br\/","name":"Jornal Fatos e Not\u00edcias","description":"Not\u00edcias em geral","publisher":{"@id":"https:\/\/jornalfatosenoticias.com.br\/#organization"},"potentialAction":[{"@type":"SearchAction","target":{"@type":"EntryPoint","urlTemplate":"https:\/\/jornalfatosenoticias.com.br\/?s={search_term_string}"},"query-input":{"@type":"PropertyValueSpecification","valueRequired":true,"valueName":"search_term_string"}}],"inLanguage":"pt-BR"},{"@type":"Organization","@id":"https:\/\/jornalfatosenoticias.com.br\/#organization","name":"Jornal Fatos e Not\u00edcias","url":"https:\/\/jornalfatosenoticias.com.br\/","logo":{"@type":"ImageObject","inLanguage":"pt-BR","@id":"https:\/\/jornalfatosenoticias.com.br\/#\/schema\/logo\/image\/","url":"https:\/\/jornalfatosenoticias.com.br\/wp-content\/uploads\/2020\/02\/logo120.png","contentUrl":"https:\/\/jornalfatosenoticias.com.br\/wp-content\/uploads\/2020\/02\/logo120.png","width":1227,"height":120,"caption":"Jornal Fatos e Not\u00edcias"},"image":{"@id":"https:\/\/jornalfatosenoticias.com.br\/#\/schema\/logo\/image\/"}},{"@type":"Person","@id":"https:\/\/jornalfatosenoticias.com.br\/#\/schema\/person\/d63837fa13ac8666eb9e74e0985d6f81","name":"Luzimara Fernandes","image":{"@type":"ImageObject","inLanguage":"pt-BR","@id":"https:\/\/jornalfatosenoticias.com.br\/#\/schema\/person\/image\/","url":"https:\/\/jornalfatosenoticias.com.br\/wp-content\/uploads\/2025\/05\/EU_portal.jpg","contentUrl":"https:\/\/jornalfatosenoticias.com.br\/wp-content\/uploads\/2025\/05\/EU_portal.jpg","caption":"Luzimara Fernandes"},"description":"Jornalista MTB 2358-ES","sameAs":["https:\/\/jornalfatosenoticias.com.br"],"url":"https:\/\/jornalfatosenoticias.com.br\/index.php\/author\/luzimara\/"}]}},"cc_featured_image_caption":{"caption_text":"","source_text":"","source_url":""},"jetpack_featured_media_url":"https:\/\/jornalfatosenoticias.com.br\/wp-content\/uploads\/2021\/03\/arca-de-noe_lua.jpg","_links":{"self":[{"href":"https:\/\/jornalfatosenoticias.com.br\/index.php\/wp-json\/wp\/v2\/posts\/15906","targetHints":{"allow":["GET"]}}],"collection":[{"href":"https:\/\/jornalfatosenoticias.com.br\/index.php\/wp-json\/wp\/v2\/posts"}],"about":[{"href":"https:\/\/jornalfatosenoticias.com.br\/index.php\/wp-json\/wp\/v2\/types\/post"}],"author":[{"embeddable":true,"href":"https:\/\/jornalfatosenoticias.com.br\/index.php\/wp-json\/wp\/v2\/users\/2"}],"replies":[{"embeddable":true,"href":"https:\/\/jornalfatosenoticias.com.br\/index.php\/wp-json\/wp\/v2\/comments?post=15906"}],"version-history":[{"count":0,"href":"https:\/\/jornalfatosenoticias.com.br\/index.php\/wp-json\/wp\/v2\/posts\/15906\/revisions"}],"wp:featuredmedia":[{"embeddable":true,"href":"https:\/\/jornalfatosenoticias.com.br\/index.php\/wp-json\/wp\/v2\/media\/15909"}],"wp:attachment":[{"href":"https:\/\/jornalfatosenoticias.com.br\/index.php\/wp-json\/wp\/v2\/media?parent=15906"}],"wp:term":[{"taxonomy":"category","embeddable":true,"href":"https:\/\/jornalfatosenoticias.com.br\/index.php\/wp-json\/wp\/v2\/categories?post=15906"},{"taxonomy":"post_tag","embeddable":true,"href":"https:\/\/jornalfatosenoticias.com.br\/index.php\/wp-json\/wp\/v2\/tags?post=15906"}],"curies":[{"name":"wp","href":"https:\/\/api.w.org\/{rel}","templated":true}]}}