{"id":15923,"date":"2021-03-18T17:56:42","date_gmt":"2021-03-18T20:56:42","guid":{"rendered":"https:\/\/jornalfatosenoticias.com.br\/?p=15923"},"modified":"2021-03-18T20:12:11","modified_gmt":"2021-03-18T23:12:11","slug":"prefeito-apresenta-projeto-de-reformulacao-administrativa-em-fundao","status":"publish","type":"post","link":"https:\/\/jornalfatosenoticias.com.br\/index.php\/2021\/03\/18\/prefeito-apresenta-projeto-de-reformulacao-administrativa-em-fundao\/","title":{"rendered":"Prefeito apresenta projeto de reformula\u00e7\u00e3o administrativa em Fund\u00e3o"},"content":{"rendered":"\n<p>O prefeito Gilmar de Souza Borges (PSB) apresentou \u00e0 C\u00e2mara Municipal de Fund\u00e3o o projeto que visa a efetividade na administra\u00e7\u00e3o e redu\u00e7\u00e3o de custeio do munic\u00edpio. Dois pontos pol\u00eamicos e questionados pelos parlamentares s\u00e3o o corte de ticket alimenta\u00e7\u00e3o e o c\u00e1lculo da insalubridade.<br>Gilmar disse que acatou a Emenda que o vereador A\u00e9lcio Rodrigues Peixoto (Podemos) apresentou. \u201cO que n\u00e3o podemos \u00e9 dar ticket alimenta\u00e7\u00e3o para quem pede licen\u00e7a sem vencimento. Pela Lei atual a pessoa que pede licen\u00e7a sem vencimento, tinha direito ao ticket. Existe caso de professor que foi para outro pa\u00eds e, se requeresse, teria direito ao benef\u00edcio. Em cima disso, alguns vereadores da oposi\u00e7\u00e3o, para tumultuar, induziram os outros de que est\u00e1vamos cortando esse benef\u00edcio de pessoas que estavam de atestado de sa\u00fade, mas n\u00e3o \u00e9 nada disso, o corte \u00e9 para as pessoas que est\u00e3o de licen\u00e7a sem vencimento\u201d, explicou o prefeito.<br>Outro ponto pol\u00eamico \u00e9 o que diz respeito \u00e0 insalubridade que, segundo Gilmar, no projeto, o c\u00e1lculo ser\u00e1 feito conforme a Consolida\u00e7\u00e3o das Leis Trabalhistas (CLT), que tem como par\u00e2metro o menor sal\u00e1rio do \u00f3rg\u00e3o. \u201cNo caso do nosso munic\u00edpio \u00e9 feito pelo vencimento bruto, ou seja, pela remunera\u00e7\u00e3o bruta do servidor. Um servidor que ganha R$ 8 mil, ganha mais 40% de insalubridade, ou seja, mais R$ 2,4 mil. O que queremos \u00e9 igualar o c\u00e1lculo pela CLT, pelo menor sal\u00e1rio da prefeitura\u201d.<br>\u201cA prefeitura tinha 13 secretarias, estamos fazendo uma redu\u00e7\u00e3o para seis, com menos secret\u00e1rios, diminu\u00edmos o custo. Isso eu j\u00e1 estou adotando na pr\u00e1tica. Eu tenho um secret\u00e1rio que est\u00e1 assumindo responsabilidade de duas ou tr\u00eas outras secretarias\u201d, explica.<br>O prefeito acrescenta que o munic\u00edpio n\u00e3o tem nada referente ao meio ambiente, e que, por isso, est\u00e1 criando uma estrutura para a \u00e1rea. \u201cAntes, a prefeitura se reportava ao Cons\u00f3rcio Polo Norte, mas n\u00f3s entendemos que o cons\u00f3rcio n\u00e3o estava atendendo satisfatoriamente \u00e0 demanda de Fund\u00e3o que \u00e9 muito grande. Temos uma \u00e1rea de mar que pertence ao meio ambiente e a APA de Goiapaba-A\u00e7\u00fa, a\u00ed qualquer coisa que voc\u00ea quisesse fazer, dependeria de mandar para o cons\u00f3rcio e o retorno levava tempo porque trata-se de uma estrutura que atende a sete munic\u00edpios, ent\u00e3o, por isso, sa\u00edmos do cons\u00f3rcio para estruturar o meio ambiente\u201d, frisa o gestor.<br>Ainda de acordo com Gilmar, o Instituto de Previd\u00eancia do munic\u00edpio foi notificado in\u00fameras vezes pelo Tribunal de Contas do Estado (TCES), porque o gasto sempre chegava a 3% ou 4%. \u201cEstamos reduzindo o custo do Instituto de Previd\u00eancia para que ele possa se adequar aos 2%\u201d, informa.<br>\u201cQuero frisar que nosso projeto visa a austeridade e, por respeito aos parlamentares, fui \u00e0 C\u00e2mara pessoalmente e apresentei o projeto juntamente com meu secretariado, explicamos o projeto ponto a ponto, debatemos com eles e todos eles concordaram, mas depois, alguns da oposi\u00e7\u00e3o se posicionaram contr\u00e1rios\u201d, lamentou.<br>\u201cQuero que o povo de Fund\u00e3o viva dias melhores, n\u00e3o podemos continuar colocando Fund\u00e3o nas p\u00e1ginas policiais, estamos procurando o caminho certo que \u00e9 o da lisura e o da responsabilidade, e tenho certeza que nossos vereadores aprovar\u00e3o porque, na s\u00e3 consci\u00eancia, compartilham dos mesmos prop\u00f3sitos\u201d, acredita.<\/p>\n","protected":false},"excerpt":{"rendered":"<p>O prefeito Gilmar de Souza Borges (PSB) apresentou \u00e0 C\u00e2mara Municipal de Fund\u00e3o o projeto que visa a efetividade na administra\u00e7\u00e3o e redu\u00e7\u00e3o de custeio do munic\u00edpio. Dois pontos pol\u00eamicos e questionados pelos parlamentares s\u00e3o o corte de ticket alimenta\u00e7\u00e3o e o c\u00e1lculo da insalubridade.Gilmar disse que acatou a Emenda que o vereador A\u00e9lcio Rodrigues [&hellip;]<\/p>\n","protected":false},"author":3,"featured_media":15924,"comment_status":"open","ping_status":"open","sticky":false,"template":"","format":"standard","meta":{"footnotes":""},"categories":[10],"tags":[560,8078,3818,8079],"class_list":["post-15923","post","type-post","status-publish","format-standard","has-post-thumbnail","hentry","category-politica","tag-fundao","tag-gilmar-borges","tag-prefeito","tag-projetos-de-lei"],"yoast_head":"<!-- This site is optimized with the Yoast SEO plugin v26.5 - https:\/\/yoast.com\/wordpress\/plugins\/seo\/ -->\n<title>Prefeito apresenta projeto de reformula\u00e7\u00e3o administrativa em Fund\u00e3o - Jornal Fatos e Not\u00edcias<\/title>\n<meta name=\"robots\" content=\"index, follow, max-snippet:-1, max-image-preview:large, max-video-preview:-1\" \/>\n<link rel=\"canonical\" href=\"https:\/\/jornalfatosenoticias.com.br\/index.php\/2021\/03\/18\/prefeito-apresenta-projeto-de-reformulacao-administrativa-em-fundao\/\" \/>\n<meta property=\"og:locale\" content=\"pt_BR\" \/>\n<meta property=\"og:type\" content=\"article\" \/>\n<meta property=\"og:title\" content=\"Prefeito apresenta projeto de reformula\u00e7\u00e3o administrativa em Fund\u00e3o - Jornal Fatos e Not\u00edcias\" \/>\n<meta property=\"og:description\" content=\"O prefeito Gilmar de Souza Borges (PSB) apresentou \u00e0 C\u00e2mara Municipal de Fund\u00e3o o projeto que visa a efetividade na administra\u00e7\u00e3o e redu\u00e7\u00e3o de custeio do munic\u00edpio. Dois pontos pol\u00eamicos e questionados pelos parlamentares s\u00e3o o corte de ticket alimenta\u00e7\u00e3o e o c\u00e1lculo da insalubridade.Gilmar disse que acatou a Emenda que o vereador A\u00e9lcio Rodrigues [&hellip;]\" \/>\n<meta property=\"og:url\" content=\"https:\/\/jornalfatosenoticias.com.br\/index.php\/2021\/03\/18\/prefeito-apresenta-projeto-de-reformulacao-administrativa-em-fundao\/\" \/>\n<meta property=\"og:site_name\" content=\"Jornal Fatos e Not\u00edcias\" \/>\n<meta property=\"article:published_time\" content=\"2021-03-18T20:56:42+00:00\" \/>\n<meta property=\"article:modified_time\" content=\"2021-03-18T23:12:11+00:00\" \/>\n<meta property=\"og:image\" content=\"https:\/\/jornalfatosenoticias.com.br\/wp-content\/uploads\/2021\/03\/Gilmar-Borges-2.jpg\" \/>\n\t<meta property=\"og:image:width\" content=\"1000\" \/>\n\t<meta property=\"og:image:height\" content=\"737\" \/>\n\t<meta property=\"og:image:type\" content=\"image\/jpeg\" \/>\n<meta name=\"author\" content=\"Haroldo Filho\" \/>\n<meta name=\"twitter:card\" content=\"summary_large_image\" \/>\n<meta name=\"twitter:label1\" content=\"Escrito por\" \/>\n\t<meta name=\"twitter:data1\" content=\"Haroldo Filho\" \/>\n\t<meta name=\"twitter:label2\" content=\"Est. tempo de leitura\" \/>\n\t<meta name=\"twitter:data2\" content=\"3 minutos\" \/>\n<script type=\"application\/ld+json\" class=\"yoast-schema-graph\">{\"@context\":\"https:\/\/schema.org\",\"@graph\":[{\"@type\":\"Article\",\"@id\":\"https:\/\/jornalfatosenoticias.com.br\/index.php\/2021\/03\/18\/prefeito-apresenta-projeto-de-reformulacao-administrativa-em-fundao\/#article\",\"isPartOf\":{\"@id\":\"https:\/\/jornalfatosenoticias.com.br\/index.php\/2021\/03\/18\/prefeito-apresenta-projeto-de-reformulacao-administrativa-em-fundao\/\"},\"author\":{\"name\":\"Haroldo Filho\",\"@id\":\"https:\/\/jornalfatosenoticias.com.br\/#\/schema\/person\/05c46cc25b42a5c27e004fb0fa6b4965\"},\"headline\":\"Prefeito apresenta projeto de reformula\u00e7\u00e3o administrativa em Fund\u00e3o\",\"datePublished\":\"2021-03-18T20:56:42+00:00\",\"dateModified\":\"2021-03-18T23:12:11+00:00\",\"mainEntityOfPage\":{\"@id\":\"https:\/\/jornalfatosenoticias.com.br\/index.php\/2021\/03\/18\/prefeito-apresenta-projeto-de-reformulacao-administrativa-em-fundao\/\"},\"wordCount\":578,\"commentCount\":0,\"publisher\":{\"@id\":\"https:\/\/jornalfatosenoticias.com.br\/#organization\"},\"image\":{\"@id\":\"https:\/\/jornalfatosenoticias.com.br\/index.php\/2021\/03\/18\/prefeito-apresenta-projeto-de-reformulacao-administrativa-em-fundao\/#primaryimage\"},\"thumbnailUrl\":\"https:\/\/jornalfatosenoticias.com.br\/wp-content\/uploads\/2021\/03\/Gilmar-Borges-2.jpg\",\"keywords\":[\"Fund\u00e3o\",\"Gilmar Borges\",\"prefeito\",\"projetos de lei\"],\"articleSection\":[\"Pol\u00edtica\"],\"inLanguage\":\"pt-BR\",\"potentialAction\":[{\"@type\":\"CommentAction\",\"name\":\"Comment\",\"target\":[\"https:\/\/jornalfatosenoticias.com.br\/index.php\/2021\/03\/18\/prefeito-apresenta-projeto-de-reformulacao-administrativa-em-fundao\/#respond\"]}]},{\"@type\":\"WebPage\",\"@id\":\"https:\/\/jornalfatosenoticias.com.br\/index.php\/2021\/03\/18\/prefeito-apresenta-projeto-de-reformulacao-administrativa-em-fundao\/\",\"url\":\"https:\/\/jornalfatosenoticias.com.br\/index.php\/2021\/03\/18\/prefeito-apresenta-projeto-de-reformulacao-administrativa-em-fundao\/\",\"name\":\"Prefeito apresenta projeto de reformula\u00e7\u00e3o administrativa em Fund\u00e3o - Jornal Fatos e Not\u00edcias\",\"isPartOf\":{\"@id\":\"https:\/\/jornalfatosenoticias.com.br\/#website\"},\"primaryImageOfPage\":{\"@id\":\"https:\/\/jornalfatosenoticias.com.br\/index.php\/2021\/03\/18\/prefeito-apresenta-projeto-de-reformulacao-administrativa-em-fundao\/#primaryimage\"},\"image\":{\"@id\":\"https:\/\/jornalfatosenoticias.com.br\/index.php\/2021\/03\/18\/prefeito-apresenta-projeto-de-reformulacao-administrativa-em-fundao\/#primaryimage\"},\"thumbnailUrl\":\"https:\/\/jornalfatosenoticias.com.br\/wp-content\/uploads\/2021\/03\/Gilmar-Borges-2.jpg\",\"datePublished\":\"2021-03-18T20:56:42+00:00\",\"dateModified\":\"2021-03-18T23:12:11+00:00\",\"breadcrumb\":{\"@id\":\"https:\/\/jornalfatosenoticias.com.br\/index.php\/2021\/03\/18\/prefeito-apresenta-projeto-de-reformulacao-administrativa-em-fundao\/#breadcrumb\"},\"inLanguage\":\"pt-BR\",\"potentialAction\":[{\"@type\":\"ReadAction\",\"target\":[\"https:\/\/jornalfatosenoticias.com.br\/index.php\/2021\/03\/18\/prefeito-apresenta-projeto-de-reformulacao-administrativa-em-fundao\/\"]}]},{\"@type\":\"ImageObject\",\"inLanguage\":\"pt-BR\",\"@id\":\"https:\/\/jornalfatosenoticias.com.br\/index.php\/2021\/03\/18\/prefeito-apresenta-projeto-de-reformulacao-administrativa-em-fundao\/#primaryimage\",\"url\":\"https:\/\/jornalfatosenoticias.com.br\/wp-content\/uploads\/2021\/03\/Gilmar-Borges-2.jpg\",\"contentUrl\":\"https:\/\/jornalfatosenoticias.com.br\/wp-content\/uploads\/2021\/03\/Gilmar-Borges-2.jpg\",\"width\":1000,\"height\":737},{\"@type\":\"BreadcrumbList\",\"@id\":\"https:\/\/jornalfatosenoticias.com.br\/index.php\/2021\/03\/18\/prefeito-apresenta-projeto-de-reformulacao-administrativa-em-fundao\/#breadcrumb\",\"itemListElement\":[{\"@type\":\"ListItem\",\"position\":1,\"name\":\"In\u00edcio\",\"item\":\"https:\/\/jornalfatosenoticias.com.br\/\"},{\"@type\":\"ListItem\",\"position\":2,\"name\":\"Prefeito apresenta projeto de reformula\u00e7\u00e3o administrativa em Fund\u00e3o\"}]},{\"@type\":\"WebSite\",\"@id\":\"https:\/\/jornalfatosenoticias.com.br\/#website\",\"url\":\"https:\/\/jornalfatosenoticias.com.br\/\",\"name\":\"Jornal Fatos e Not\u00edcias\",\"description\":\"Not\u00edcias em geral\",\"publisher\":{\"@id\":\"https:\/\/jornalfatosenoticias.com.br\/#organization\"},\"potentialAction\":[{\"@type\":\"SearchAction\",\"target\":{\"@type\":\"EntryPoint\",\"urlTemplate\":\"https:\/\/jornalfatosenoticias.com.br\/?s={search_term_string}\"},\"query-input\":{\"@type\":\"PropertyValueSpecification\",\"valueRequired\":true,\"valueName\":\"search_term_string\"}}],\"inLanguage\":\"pt-BR\"},{\"@type\":\"Organization\",\"@id\":\"https:\/\/jornalfatosenoticias.com.br\/#organization\",\"name\":\"Jornal Fatos e Not\u00edcias\",\"url\":\"https:\/\/jornalfatosenoticias.com.br\/\",\"logo\":{\"@type\":\"ImageObject\",\"inLanguage\":\"pt-BR\",\"@id\":\"https:\/\/jornalfatosenoticias.com.br\/#\/schema\/logo\/image\/\",\"url\":\"https:\/\/jornalfatosenoticias.com.br\/wp-content\/uploads\/2020\/02\/logo120.png\",\"contentUrl\":\"https:\/\/jornalfatosenoticias.com.br\/wp-content\/uploads\/2020\/02\/logo120.png\",\"width\":1227,\"height\":120,\"caption\":\"Jornal Fatos e Not\u00edcias\"},\"image\":{\"@id\":\"https:\/\/jornalfatosenoticias.com.br\/#\/schema\/logo\/image\/\"}},{\"@type\":\"Person\",\"@id\":\"https:\/\/jornalfatosenoticias.com.br\/#\/schema\/person\/05c46cc25b42a5c27e004fb0fa6b4965\",\"name\":\"Haroldo Filho\",\"image\":{\"@type\":\"ImageObject\",\"inLanguage\":\"pt-BR\",\"@id\":\"https:\/\/jornalfatosenoticias.com.br\/#\/schema\/person\/image\/\",\"url\":\"https:\/\/jornalfatosenoticias.com.br\/wp-content\/uploads\/2025\/08\/WhatsApp-Image-2025-08-18-at-15.30.28-150x150.jpeg\",\"contentUrl\":\"https:\/\/jornalfatosenoticias.com.br\/wp-content\/uploads\/2025\/08\/WhatsApp-Image-2025-08-18-at-15.30.28-150x150.jpeg\",\"caption\":\"Haroldo Filho\"},\"description\":\"Jornalista \u2013 DRT: 0003818\/ES Coordenador-geral da ONG Educar para Crescer\",\"url\":\"https:\/\/jornalfatosenoticias.com.br\/index.php\/author\/haroldo\/\"}]}<\/script>\n<!-- \/ Yoast SEO plugin. -->","yoast_head_json":{"title":"Prefeito apresenta projeto de reformula\u00e7\u00e3o administrativa em Fund\u00e3o - Jornal Fatos e Not\u00edcias","robots":{"index":"index","follow":"follow","max-snippet":"max-snippet:-1","max-image-preview":"max-image-preview:large","max-video-preview":"max-video-preview:-1"},"canonical":"https:\/\/jornalfatosenoticias.com.br\/index.php\/2021\/03\/18\/prefeito-apresenta-projeto-de-reformulacao-administrativa-em-fundao\/","og_locale":"pt_BR","og_type":"article","og_title":"Prefeito apresenta projeto de reformula\u00e7\u00e3o administrativa em Fund\u00e3o - Jornal Fatos e Not\u00edcias","og_description":"O prefeito Gilmar de Souza Borges (PSB) apresentou \u00e0 C\u00e2mara Municipal de Fund\u00e3o o projeto que visa a efetividade na administra\u00e7\u00e3o e redu\u00e7\u00e3o de custeio do munic\u00edpio. Dois pontos pol\u00eamicos e questionados pelos parlamentares s\u00e3o o corte de ticket alimenta\u00e7\u00e3o e o c\u00e1lculo da insalubridade.Gilmar disse que acatou a Emenda que o vereador A\u00e9lcio Rodrigues [&hellip;]","og_url":"https:\/\/jornalfatosenoticias.com.br\/index.php\/2021\/03\/18\/prefeito-apresenta-projeto-de-reformulacao-administrativa-em-fundao\/","og_site_name":"Jornal Fatos e Not\u00edcias","article_published_time":"2021-03-18T20:56:42+00:00","article_modified_time":"2021-03-18T23:12:11+00:00","og_image":[{"width":1000,"height":737,"url":"https:\/\/jornalfatosenoticias.com.br\/wp-content\/uploads\/2021\/03\/Gilmar-Borges-2.jpg","type":"image\/jpeg"}],"author":"Haroldo Filho","twitter_card":"summary_large_image","twitter_misc":{"Escrito por":"Haroldo Filho","Est. tempo de leitura":"3 minutos"},"schema":{"@context":"https:\/\/schema.org","@graph":[{"@type":"Article","@id":"https:\/\/jornalfatosenoticias.com.br\/index.php\/2021\/03\/18\/prefeito-apresenta-projeto-de-reformulacao-administrativa-em-fundao\/#article","isPartOf":{"@id":"https:\/\/jornalfatosenoticias.com.br\/index.php\/2021\/03\/18\/prefeito-apresenta-projeto-de-reformulacao-administrativa-em-fundao\/"},"author":{"name":"Haroldo Filho","@id":"https:\/\/jornalfatosenoticias.com.br\/#\/schema\/person\/05c46cc25b42a5c27e004fb0fa6b4965"},"headline":"Prefeito apresenta projeto de reformula\u00e7\u00e3o administrativa em Fund\u00e3o","datePublished":"2021-03-18T20:56:42+00:00","dateModified":"2021-03-18T23:12:11+00:00","mainEntityOfPage":{"@id":"https:\/\/jornalfatosenoticias.com.br\/index.php\/2021\/03\/18\/prefeito-apresenta-projeto-de-reformulacao-administrativa-em-fundao\/"},"wordCount":578,"commentCount":0,"publisher":{"@id":"https:\/\/jornalfatosenoticias.com.br\/#organization"},"image":{"@id":"https:\/\/jornalfatosenoticias.com.br\/index.php\/2021\/03\/18\/prefeito-apresenta-projeto-de-reformulacao-administrativa-em-fundao\/#primaryimage"},"thumbnailUrl":"https:\/\/jornalfatosenoticias.com.br\/wp-content\/uploads\/2021\/03\/Gilmar-Borges-2.jpg","keywords":["Fund\u00e3o","Gilmar Borges","prefeito","projetos de lei"],"articleSection":["Pol\u00edtica"],"inLanguage":"pt-BR","potentialAction":[{"@type":"CommentAction","name":"Comment","target":["https:\/\/jornalfatosenoticias.com.br\/index.php\/2021\/03\/18\/prefeito-apresenta-projeto-de-reformulacao-administrativa-em-fundao\/#respond"]}]},{"@type":"WebPage","@id":"https:\/\/jornalfatosenoticias.com.br\/index.php\/2021\/03\/18\/prefeito-apresenta-projeto-de-reformulacao-administrativa-em-fundao\/","url":"https:\/\/jornalfatosenoticias.com.br\/index.php\/2021\/03\/18\/prefeito-apresenta-projeto-de-reformulacao-administrativa-em-fundao\/","name":"Prefeito apresenta projeto de reformula\u00e7\u00e3o administrativa em Fund\u00e3o - Jornal Fatos e Not\u00edcias","isPartOf":{"@id":"https:\/\/jornalfatosenoticias.com.br\/#website"},"primaryImageOfPage":{"@id":"https:\/\/jornalfatosenoticias.com.br\/index.php\/2021\/03\/18\/prefeito-apresenta-projeto-de-reformulacao-administrativa-em-fundao\/#primaryimage"},"image":{"@id":"https:\/\/jornalfatosenoticias.com.br\/index.php\/2021\/03\/18\/prefeito-apresenta-projeto-de-reformulacao-administrativa-em-fundao\/#primaryimage"},"thumbnailUrl":"https:\/\/jornalfatosenoticias.com.br\/wp-content\/uploads\/2021\/03\/Gilmar-Borges-2.jpg","datePublished":"2021-03-18T20:56:42+00:00","dateModified":"2021-03-18T23:12:11+00:00","breadcrumb":{"@id":"https:\/\/jornalfatosenoticias.com.br\/index.php\/2021\/03\/18\/prefeito-apresenta-projeto-de-reformulacao-administrativa-em-fundao\/#breadcrumb"},"inLanguage":"pt-BR","potentialAction":[{"@type":"ReadAction","target":["https:\/\/jornalfatosenoticias.com.br\/index.php\/2021\/03\/18\/prefeito-apresenta-projeto-de-reformulacao-administrativa-em-fundao\/"]}]},{"@type":"ImageObject","inLanguage":"pt-BR","@id":"https:\/\/jornalfatosenoticias.com.br\/index.php\/2021\/03\/18\/prefeito-apresenta-projeto-de-reformulacao-administrativa-em-fundao\/#primaryimage","url":"https:\/\/jornalfatosenoticias.com.br\/wp-content\/uploads\/2021\/03\/Gilmar-Borges-2.jpg","contentUrl":"https:\/\/jornalfatosenoticias.com.br\/wp-content\/uploads\/2021\/03\/Gilmar-Borges-2.jpg","width":1000,"height":737},{"@type":"BreadcrumbList","@id":"https:\/\/jornalfatosenoticias.com.br\/index.php\/2021\/03\/18\/prefeito-apresenta-projeto-de-reformulacao-administrativa-em-fundao\/#breadcrumb","itemListElement":[{"@type":"ListItem","position":1,"name":"In\u00edcio","item":"https:\/\/jornalfatosenoticias.com.br\/"},{"@type":"ListItem","position":2,"name":"Prefeito apresenta projeto de reformula\u00e7\u00e3o administrativa em Fund\u00e3o"}]},{"@type":"WebSite","@id":"https:\/\/jornalfatosenoticias.com.br\/#website","url":"https:\/\/jornalfatosenoticias.com.br\/","name":"Jornal Fatos e Not\u00edcias","description":"Not\u00edcias em geral","publisher":{"@id":"https:\/\/jornalfatosenoticias.com.br\/#organization"},"potentialAction":[{"@type":"SearchAction","target":{"@type":"EntryPoint","urlTemplate":"https:\/\/jornalfatosenoticias.com.br\/?s={search_term_string}"},"query-input":{"@type":"PropertyValueSpecification","valueRequired":true,"valueName":"search_term_string"}}],"inLanguage":"pt-BR"},{"@type":"Organization","@id":"https:\/\/jornalfatosenoticias.com.br\/#organization","name":"Jornal Fatos e Not\u00edcias","url":"https:\/\/jornalfatosenoticias.com.br\/","logo":{"@type":"ImageObject","inLanguage":"pt-BR","@id":"https:\/\/jornalfatosenoticias.com.br\/#\/schema\/logo\/image\/","url":"https:\/\/jornalfatosenoticias.com.br\/wp-content\/uploads\/2020\/02\/logo120.png","contentUrl":"https:\/\/jornalfatosenoticias.com.br\/wp-content\/uploads\/2020\/02\/logo120.png","width":1227,"height":120,"caption":"Jornal Fatos e Not\u00edcias"},"image":{"@id":"https:\/\/jornalfatosenoticias.com.br\/#\/schema\/logo\/image\/"}},{"@type":"Person","@id":"https:\/\/jornalfatosenoticias.com.br\/#\/schema\/person\/05c46cc25b42a5c27e004fb0fa6b4965","name":"Haroldo Filho","image":{"@type":"ImageObject","inLanguage":"pt-BR","@id":"https:\/\/jornalfatosenoticias.com.br\/#\/schema\/person\/image\/","url":"https:\/\/jornalfatosenoticias.com.br\/wp-content\/uploads\/2025\/08\/WhatsApp-Image-2025-08-18-at-15.30.28-150x150.jpeg","contentUrl":"https:\/\/jornalfatosenoticias.com.br\/wp-content\/uploads\/2025\/08\/WhatsApp-Image-2025-08-18-at-15.30.28-150x150.jpeg","caption":"Haroldo Filho"},"description":"Jornalista \u2013 DRT: 0003818\/ES Coordenador-geral da ONG Educar para Crescer","url":"https:\/\/jornalfatosenoticias.com.br\/index.php\/author\/haroldo\/"}]}},"cc_featured_image_caption":{"caption_text":"(Foto: Reprodu\u00e7\u00e3o)","source_text":"","source_url":""},"jetpack_featured_media_url":"https:\/\/jornalfatosenoticias.com.br\/wp-content\/uploads\/2021\/03\/Gilmar-Borges-2.jpg","_links":{"self":[{"href":"https:\/\/jornalfatosenoticias.com.br\/index.php\/wp-json\/wp\/v2\/posts\/15923","targetHints":{"allow":["GET"]}}],"collection":[{"href":"https:\/\/jornalfatosenoticias.com.br\/index.php\/wp-json\/wp\/v2\/posts"}],"about":[{"href":"https:\/\/jornalfatosenoticias.com.br\/index.php\/wp-json\/wp\/v2\/types\/post"}],"author":[{"embeddable":true,"href":"https:\/\/jornalfatosenoticias.com.br\/index.php\/wp-json\/wp\/v2\/users\/3"}],"replies":[{"embeddable":true,"href":"https:\/\/jornalfatosenoticias.com.br\/index.php\/wp-json\/wp\/v2\/comments?post=15923"}],"version-history":[{"count":0,"href":"https:\/\/jornalfatosenoticias.com.br\/index.php\/wp-json\/wp\/v2\/posts\/15923\/revisions"}],"wp:featuredmedia":[{"embeddable":true,"href":"https:\/\/jornalfatosenoticias.com.br\/index.php\/wp-json\/wp\/v2\/media\/15924"}],"wp:attachment":[{"href":"https:\/\/jornalfatosenoticias.com.br\/index.php\/wp-json\/wp\/v2\/media?parent=15923"}],"wp:term":[{"taxonomy":"category","embeddable":true,"href":"https:\/\/jornalfatosenoticias.com.br\/index.php\/wp-json\/wp\/v2\/categories?post=15923"},{"taxonomy":"post_tag","embeddable":true,"href":"https:\/\/jornalfatosenoticias.com.br\/index.php\/wp-json\/wp\/v2\/tags?post=15923"}],"curies":[{"name":"wp","href":"https:\/\/api.w.org\/{rel}","templated":true}]}}