{"id":15956,"date":"2021-03-18T18:39:27","date_gmt":"2021-03-18T21:39:27","guid":{"rendered":"https:\/\/jornalfatosenoticias.com.br\/?p=15956"},"modified":"2021-03-18T18:39:32","modified_gmt":"2021-03-18T21:39:32","slug":"escritora-brasileira-discute-carater-estrutural-presente-na-sociedade-atual","status":"publish","type":"post","link":"https:\/\/jornalfatosenoticias.com.br\/index.php\/2021\/03\/18\/escritora-brasileira-discute-carater-estrutural-presente-na-sociedade-atual\/","title":{"rendered":"Escritora brasileira discute car\u00e1ter estrutural presente na sociedade atual"},"content":{"rendered":"\n<h6 class=\"wp-block-heading\"><em>&#8220;Colorismo\u201d, da advogada Alessandra Devulsky, aborda aspectos pol\u00edticos e afetivos da sociedade brasileira<\/em><\/h6>\n\n\n\n<p>Neste m\u00eas de mar\u00e7o, chega \u00e0s livrarias brasileiras pela Editora Janda\u00edra, a <a href=\"https:\/\/aventurasnahistoria.uol.com.br\/noticias\/vitrine\/historia-livro-enfrentando-dragao-despertar-feminismo-china.phtml\" rel=\"noreferrer noopener\" target=\"_blank\">obra<\/a>\u00a0\u201cColorismo\u201d, da advogada brasileira\u00a0<strong>Alessandra Devulsky<\/strong>. O ilustre livro reflete sobre a constru\u00e7\u00e3o da\u00a0<a href=\"https:\/\/aventurasnahistoria.uol.com.br\/noticias\/vitrine\/martin-luther-king-obama-5-obras-sobre-participacao-de-negros-na-politica.phtml\" rel=\"noreferrer noopener\" target=\"_blank\">sociedade<\/a> e as intensas rela\u00e7\u00f5es que a conduzem.<br>A autora \u00e9 mestre em Direito Pol\u00edtico e Econ\u00f4mico pela Universidade Presbiteriana Mackenzie e doutora em Direito Econ\u00f4mico e Financeiro pela Universidade de S\u00e3o Paulo. Atuou como cofundadora e diretora jur\u00eddica do Instituto Luiz Gama, e foi eleita para representar o comit\u00ea executivo do organismo da coopera\u00e7\u00e3o internacional Alternatives.<br>Devulsky tamb\u00e9m atua como professora no programa de mestrado em Direito da Universidade do Quebec e \u00e9 diretora-geral da Corporation de D\u00e9veloppement Communautaire de C\u00f4te-des-Neiges.<br>Com esse extenso curr\u00edculo e grande conhecimento, a escritora discute, em sua obra, o car\u00e1ter estrutural presente na sociedade e como o racismo est\u00e1 intr\u00ednseco no cotidiano.<\/p>\n\n\n\n<div class=\"wp-block-image\"><figure class=\"alignright size-large is-resized\"><img loading=\"lazy\" decoding=\"async\" src=\"https:\/\/jornalfatosenoticias.com.br\/wp-content\/uploads\/2021\/03\/livro2_colorismo.jpg\" alt=\"\" class=\"wp-image-15957\" width=\"367\" height=\"521\" srcset=\"https:\/\/jornalfatosenoticias.com.br\/wp-content\/uploads\/2021\/03\/livro2_colorismo.jpg 705w, https:\/\/jornalfatosenoticias.com.br\/wp-content\/uploads\/2021\/03\/livro2_colorismo-212x300.jpg 212w\" sizes=\"auto, (max-width: 367px) 100vw, 367px\" \/><figcaption><em>Colorismo, de Alessandra Devulsky (2021) (Foto: Divulga\u00e7\u00e3o\/Editora Janda\u00edra)<\/em><\/figcaption><\/figure><\/div>\n\n\n\n<p>Desde rela\u00e7\u00f5es profissionais e pessoais, a autora aborda como aspectos do colorismo est\u00e3o presentes no dia a dia da popula\u00e7\u00e3o brasileira, e reflete como tal fato impacta diretamente nas rela\u00e7\u00f5es de poder no Pa\u00eds.<br>Segundo o livro, \u00e9 importante pautar a for\u00e7a\u00a0<a href=\"https:\/\/aventurasnahistoria.uol.com.br\/noticias\/vitrine\/10-producoes-com-tematicas-sobre-luta-racial-para-assistir-amazon-prime-video.phtml\" rel=\"noreferrer noopener\" target=\"_blank\">pol\u00edtica<\/a>\u00a0e trazer os discursos do\u00a0<a href=\"https:\/\/aventurasnahistoria.uol.com.br\/noticias\/almanaque\/trajetoria-do-movimento-feminista-a-partir-de-5-obras-fundamentais.phtml\" rel=\"noreferrer noopener\" target=\"_blank\">feminismo<\/a> negro para o debate, a fim de compreender o aspecto afetivo pol\u00edtico e da forma\u00e7\u00e3o das mulheres negras na sociedade.<br>\u201cColorismo\u201d, em suma, trata-se de um livro fundamental para a luta antirracista, anticolonial e <a href=\"https:\/\/aventurasnahistoria.uol.com.br\/noticias\/historia-hoje\/escritora-analisa-feminismo-partir-do-ponto-de-vista-antirracista-e-anticapitalista.phtml\" rel=\"noreferrer noopener\" target=\"_blank\">anticapitalista<\/a>.<\/p>\n\n\n\n<p><em><strong>Fonte: <a href=\"https:\/\/aventurasnahistoria.uol.com.br\/noticias\/historia-hoje\/escritora-brasileira-discute-carater-estrutural-presente-na-sociedade-atual.phtml\">Aventuras na Hist\u00f3ria<\/a><\/strong><\/em><\/p>\n","protected":false},"excerpt":{"rendered":"<p>&#8220;Colorismo\u201d, da advogada Alessandra Devulsky, aborda aspectos pol\u00edticos e afetivos da sociedade brasileira Neste m\u00eas de mar\u00e7o, chega \u00e0s livrarias brasileiras pela Editora Janda\u00edra, a obra\u00a0\u201cColorismo\u201d, da advogada brasileira\u00a0Alessandra Devulsky. O ilustre livro reflete sobre a constru\u00e7\u00e3o da\u00a0sociedade e as intensas rela\u00e7\u00f5es que a conduzem.A autora \u00e9 mestre em Direito Pol\u00edtico e Econ\u00f4mico pela Universidade [&hellip;]<\/p>\n","protected":false},"author":2,"featured_media":15958,"comment_status":"open","ping_status":"open","sticky":false,"template":"","format":"standard","meta":{"footnotes":""},"categories":[4],"tags":[8088,8089,8090,1217,1948],"class_list":["post-15956","post","type-post","status-publish","format-standard","has-post-thumbnail","hentry","category-cultura","tag-alessandra-devulsk","tag-colorismo","tag-editora-jandaira","tag-livro","tag-obra"],"yoast_head":"<!-- This site is optimized with the Yoast SEO plugin v26.5 - https:\/\/yoast.com\/wordpress\/plugins\/seo\/ -->\n<title>Escritora brasileira discute car\u00e1ter estrutural presente na sociedade atual - Jornal Fatos e Not\u00edcias<\/title>\n<meta name=\"robots\" content=\"index, follow, max-snippet:-1, max-image-preview:large, max-video-preview:-1\" \/>\n<link rel=\"canonical\" href=\"https:\/\/jornalfatosenoticias.com.br\/index.php\/2021\/03\/18\/escritora-brasileira-discute-carater-estrutural-presente-na-sociedade-atual\/\" \/>\n<meta property=\"og:locale\" content=\"pt_BR\" \/>\n<meta property=\"og:type\" content=\"article\" \/>\n<meta property=\"og:title\" content=\"Escritora brasileira discute car\u00e1ter estrutural presente na sociedade atual - Jornal Fatos e Not\u00edcias\" \/>\n<meta property=\"og:description\" content=\"&#8220;Colorismo\u201d, da advogada Alessandra Devulsky, aborda aspectos pol\u00edticos e afetivos da sociedade brasileira Neste m\u00eas de mar\u00e7o, chega \u00e0s livrarias brasileiras pela Editora Janda\u00edra, a obra\u00a0\u201cColorismo\u201d, da advogada brasileira\u00a0Alessandra Devulsky. O ilustre livro reflete sobre a constru\u00e7\u00e3o da\u00a0sociedade e as intensas rela\u00e7\u00f5es que a conduzem.A autora \u00e9 mestre em Direito Pol\u00edtico e Econ\u00f4mico pela Universidade [&hellip;]\" \/>\n<meta property=\"og:url\" content=\"https:\/\/jornalfatosenoticias.com.br\/index.php\/2021\/03\/18\/escritora-brasileira-discute-carater-estrutural-presente-na-sociedade-atual\/\" \/>\n<meta property=\"og:site_name\" content=\"Jornal Fatos e Not\u00edcias\" \/>\n<meta property=\"article:published_time\" content=\"2021-03-18T21:39:27+00:00\" \/>\n<meta property=\"article:modified_time\" content=\"2021-03-18T21:39:32+00:00\" \/>\n<meta property=\"og:image\" content=\"https:\/\/jornalfatosenoticias.com.br\/wp-content\/uploads\/2021\/03\/estrutura-social_livro.jpg\" \/>\n\t<meta property=\"og:image:width\" content=\"1000\" \/>\n\t<meta property=\"og:image:height\" content=\"562\" \/>\n\t<meta property=\"og:image:type\" content=\"image\/jpeg\" \/>\n<meta name=\"author\" content=\"Luzimara Fernandes\" \/>\n<meta name=\"twitter:card\" content=\"summary_large_image\" \/>\n<meta name=\"twitter:label1\" content=\"Escrito por\" \/>\n\t<meta name=\"twitter:data1\" content=\"Luzimara Fernandes\" \/>\n\t<meta name=\"twitter:label2\" content=\"Est. tempo de leitura\" \/>\n\t<meta name=\"twitter:data2\" content=\"1 minuto\" \/>\n<script type=\"application\/ld+json\" class=\"yoast-schema-graph\">{\"@context\":\"https:\/\/schema.org\",\"@graph\":[{\"@type\":\"Article\",\"@id\":\"https:\/\/jornalfatosenoticias.com.br\/index.php\/2021\/03\/18\/escritora-brasileira-discute-carater-estrutural-presente-na-sociedade-atual\/#article\",\"isPartOf\":{\"@id\":\"https:\/\/jornalfatosenoticias.com.br\/index.php\/2021\/03\/18\/escritora-brasileira-discute-carater-estrutural-presente-na-sociedade-atual\/\"},\"author\":{\"name\":\"Luzimara Fernandes\",\"@id\":\"https:\/\/jornalfatosenoticias.com.br\/#\/schema\/person\/d63837fa13ac8666eb9e74e0985d6f81\"},\"headline\":\"Escritora brasileira discute car\u00e1ter estrutural presente na sociedade atual\",\"datePublished\":\"2021-03-18T21:39:27+00:00\",\"dateModified\":\"2021-03-18T21:39:32+00:00\",\"mainEntityOfPage\":{\"@id\":\"https:\/\/jornalfatosenoticias.com.br\/index.php\/2021\/03\/18\/escritora-brasileira-discute-carater-estrutural-presente-na-sociedade-atual\/\"},\"wordCount\":282,\"commentCount\":0,\"publisher\":{\"@id\":\"https:\/\/jornalfatosenoticias.com.br\/#organization\"},\"image\":{\"@id\":\"https:\/\/jornalfatosenoticias.com.br\/index.php\/2021\/03\/18\/escritora-brasileira-discute-carater-estrutural-presente-na-sociedade-atual\/#primaryimage\"},\"thumbnailUrl\":\"https:\/\/jornalfatosenoticias.com.br\/wp-content\/uploads\/2021\/03\/estrutura-social_livro.jpg\",\"keywords\":[\"Alessandra Devulsk\",\"Colorismo\",\"Editora Janda\u00edra\",\"livro\",\"obra\"],\"articleSection\":[\"Cultura\"],\"inLanguage\":\"pt-BR\",\"potentialAction\":[{\"@type\":\"CommentAction\",\"name\":\"Comment\",\"target\":[\"https:\/\/jornalfatosenoticias.com.br\/index.php\/2021\/03\/18\/escritora-brasileira-discute-carater-estrutural-presente-na-sociedade-atual\/#respond\"]}]},{\"@type\":\"WebPage\",\"@id\":\"https:\/\/jornalfatosenoticias.com.br\/index.php\/2021\/03\/18\/escritora-brasileira-discute-carater-estrutural-presente-na-sociedade-atual\/\",\"url\":\"https:\/\/jornalfatosenoticias.com.br\/index.php\/2021\/03\/18\/escritora-brasileira-discute-carater-estrutural-presente-na-sociedade-atual\/\",\"name\":\"Escritora brasileira discute car\u00e1ter estrutural presente na sociedade atual - Jornal Fatos e Not\u00edcias\",\"isPartOf\":{\"@id\":\"https:\/\/jornalfatosenoticias.com.br\/#website\"},\"primaryImageOfPage\":{\"@id\":\"https:\/\/jornalfatosenoticias.com.br\/index.php\/2021\/03\/18\/escritora-brasileira-discute-carater-estrutural-presente-na-sociedade-atual\/#primaryimage\"},\"image\":{\"@id\":\"https:\/\/jornalfatosenoticias.com.br\/index.php\/2021\/03\/18\/escritora-brasileira-discute-carater-estrutural-presente-na-sociedade-atual\/#primaryimage\"},\"thumbnailUrl\":\"https:\/\/jornalfatosenoticias.com.br\/wp-content\/uploads\/2021\/03\/estrutura-social_livro.jpg\",\"datePublished\":\"2021-03-18T21:39:27+00:00\",\"dateModified\":\"2021-03-18T21:39:32+00:00\",\"breadcrumb\":{\"@id\":\"https:\/\/jornalfatosenoticias.com.br\/index.php\/2021\/03\/18\/escritora-brasileira-discute-carater-estrutural-presente-na-sociedade-atual\/#breadcrumb\"},\"inLanguage\":\"pt-BR\",\"potentialAction\":[{\"@type\":\"ReadAction\",\"target\":[\"https:\/\/jornalfatosenoticias.com.br\/index.php\/2021\/03\/18\/escritora-brasileira-discute-carater-estrutural-presente-na-sociedade-atual\/\"]}]},{\"@type\":\"ImageObject\",\"inLanguage\":\"pt-BR\",\"@id\":\"https:\/\/jornalfatosenoticias.com.br\/index.php\/2021\/03\/18\/escritora-brasileira-discute-carater-estrutural-presente-na-sociedade-atual\/#primaryimage\",\"url\":\"https:\/\/jornalfatosenoticias.com.br\/wp-content\/uploads\/2021\/03\/estrutura-social_livro.jpg\",\"contentUrl\":\"https:\/\/jornalfatosenoticias.com.br\/wp-content\/uploads\/2021\/03\/estrutura-social_livro.jpg\",\"width\":1000,\"height\":562},{\"@type\":\"BreadcrumbList\",\"@id\":\"https:\/\/jornalfatosenoticias.com.br\/index.php\/2021\/03\/18\/escritora-brasileira-discute-carater-estrutural-presente-na-sociedade-atual\/#breadcrumb\",\"itemListElement\":[{\"@type\":\"ListItem\",\"position\":1,\"name\":\"In\u00edcio\",\"item\":\"https:\/\/jornalfatosenoticias.com.br\/\"},{\"@type\":\"ListItem\",\"position\":2,\"name\":\"Escritora brasileira discute car\u00e1ter estrutural presente na sociedade atual\"}]},{\"@type\":\"WebSite\",\"@id\":\"https:\/\/jornalfatosenoticias.com.br\/#website\",\"url\":\"https:\/\/jornalfatosenoticias.com.br\/\",\"name\":\"Jornal Fatos e Not\u00edcias\",\"description\":\"Not\u00edcias em geral\",\"publisher\":{\"@id\":\"https:\/\/jornalfatosenoticias.com.br\/#organization\"},\"potentialAction\":[{\"@type\":\"SearchAction\",\"target\":{\"@type\":\"EntryPoint\",\"urlTemplate\":\"https:\/\/jornalfatosenoticias.com.br\/?s={search_term_string}\"},\"query-input\":{\"@type\":\"PropertyValueSpecification\",\"valueRequired\":true,\"valueName\":\"search_term_string\"}}],\"inLanguage\":\"pt-BR\"},{\"@type\":\"Organization\",\"@id\":\"https:\/\/jornalfatosenoticias.com.br\/#organization\",\"name\":\"Jornal Fatos e Not\u00edcias\",\"url\":\"https:\/\/jornalfatosenoticias.com.br\/\",\"logo\":{\"@type\":\"ImageObject\",\"inLanguage\":\"pt-BR\",\"@id\":\"https:\/\/jornalfatosenoticias.com.br\/#\/schema\/logo\/image\/\",\"url\":\"https:\/\/jornalfatosenoticias.com.br\/wp-content\/uploads\/2020\/02\/logo120.png\",\"contentUrl\":\"https:\/\/jornalfatosenoticias.com.br\/wp-content\/uploads\/2020\/02\/logo120.png\",\"width\":1227,\"height\":120,\"caption\":\"Jornal Fatos e Not\u00edcias\"},\"image\":{\"@id\":\"https:\/\/jornalfatosenoticias.com.br\/#\/schema\/logo\/image\/\"}},{\"@type\":\"Person\",\"@id\":\"https:\/\/jornalfatosenoticias.com.br\/#\/schema\/person\/d63837fa13ac8666eb9e74e0985d6f81\",\"name\":\"Luzimara Fernandes\",\"image\":{\"@type\":\"ImageObject\",\"inLanguage\":\"pt-BR\",\"@id\":\"https:\/\/jornalfatosenoticias.com.br\/#\/schema\/person\/image\/\",\"url\":\"https:\/\/jornalfatosenoticias.com.br\/wp-content\/uploads\/2025\/05\/EU_portal.jpg\",\"contentUrl\":\"https:\/\/jornalfatosenoticias.com.br\/wp-content\/uploads\/2025\/05\/EU_portal.jpg\",\"caption\":\"Luzimara Fernandes\"},\"description\":\"Jornalista MTB 2358-ES\",\"sameAs\":[\"https:\/\/jornalfatosenoticias.com.br\"],\"url\":\"https:\/\/jornalfatosenoticias.com.br\/index.php\/author\/luzimara\/\"}]}<\/script>\n<!-- \/ Yoast SEO plugin. -->","yoast_head_json":{"title":"Escritora brasileira discute car\u00e1ter estrutural presente na sociedade atual - Jornal Fatos e Not\u00edcias","robots":{"index":"index","follow":"follow","max-snippet":"max-snippet:-1","max-image-preview":"max-image-preview:large","max-video-preview":"max-video-preview:-1"},"canonical":"https:\/\/jornalfatosenoticias.com.br\/index.php\/2021\/03\/18\/escritora-brasileira-discute-carater-estrutural-presente-na-sociedade-atual\/","og_locale":"pt_BR","og_type":"article","og_title":"Escritora brasileira discute car\u00e1ter estrutural presente na sociedade atual - Jornal Fatos e Not\u00edcias","og_description":"&#8220;Colorismo\u201d, da advogada Alessandra Devulsky, aborda aspectos pol\u00edticos e afetivos da sociedade brasileira Neste m\u00eas de mar\u00e7o, chega \u00e0s livrarias brasileiras pela Editora Janda\u00edra, a obra\u00a0\u201cColorismo\u201d, da advogada brasileira\u00a0Alessandra Devulsky. O ilustre livro reflete sobre a constru\u00e7\u00e3o da\u00a0sociedade e as intensas rela\u00e7\u00f5es que a conduzem.A autora \u00e9 mestre em Direito Pol\u00edtico e Econ\u00f4mico pela Universidade [&hellip;]","og_url":"https:\/\/jornalfatosenoticias.com.br\/index.php\/2021\/03\/18\/escritora-brasileira-discute-carater-estrutural-presente-na-sociedade-atual\/","og_site_name":"Jornal Fatos e Not\u00edcias","article_published_time":"2021-03-18T21:39:27+00:00","article_modified_time":"2021-03-18T21:39:32+00:00","og_image":[{"width":1000,"height":562,"url":"https:\/\/jornalfatosenoticias.com.br\/wp-content\/uploads\/2021\/03\/estrutura-social_livro.jpg","type":"image\/jpeg"}],"author":"Luzimara Fernandes","twitter_card":"summary_large_image","twitter_misc":{"Escrito por":"Luzimara Fernandes","Est. tempo de leitura":"1 minuto"},"schema":{"@context":"https:\/\/schema.org","@graph":[{"@type":"Article","@id":"https:\/\/jornalfatosenoticias.com.br\/index.php\/2021\/03\/18\/escritora-brasileira-discute-carater-estrutural-presente-na-sociedade-atual\/#article","isPartOf":{"@id":"https:\/\/jornalfatosenoticias.com.br\/index.php\/2021\/03\/18\/escritora-brasileira-discute-carater-estrutural-presente-na-sociedade-atual\/"},"author":{"name":"Luzimara Fernandes","@id":"https:\/\/jornalfatosenoticias.com.br\/#\/schema\/person\/d63837fa13ac8666eb9e74e0985d6f81"},"headline":"Escritora brasileira discute car\u00e1ter estrutural presente na sociedade atual","datePublished":"2021-03-18T21:39:27+00:00","dateModified":"2021-03-18T21:39:32+00:00","mainEntityOfPage":{"@id":"https:\/\/jornalfatosenoticias.com.br\/index.php\/2021\/03\/18\/escritora-brasileira-discute-carater-estrutural-presente-na-sociedade-atual\/"},"wordCount":282,"commentCount":0,"publisher":{"@id":"https:\/\/jornalfatosenoticias.com.br\/#organization"},"image":{"@id":"https:\/\/jornalfatosenoticias.com.br\/index.php\/2021\/03\/18\/escritora-brasileira-discute-carater-estrutural-presente-na-sociedade-atual\/#primaryimage"},"thumbnailUrl":"https:\/\/jornalfatosenoticias.com.br\/wp-content\/uploads\/2021\/03\/estrutura-social_livro.jpg","keywords":["Alessandra Devulsk","Colorismo","Editora Janda\u00edra","livro","obra"],"articleSection":["Cultura"],"inLanguage":"pt-BR","potentialAction":[{"@type":"CommentAction","name":"Comment","target":["https:\/\/jornalfatosenoticias.com.br\/index.php\/2021\/03\/18\/escritora-brasileira-discute-carater-estrutural-presente-na-sociedade-atual\/#respond"]}]},{"@type":"WebPage","@id":"https:\/\/jornalfatosenoticias.com.br\/index.php\/2021\/03\/18\/escritora-brasileira-discute-carater-estrutural-presente-na-sociedade-atual\/","url":"https:\/\/jornalfatosenoticias.com.br\/index.php\/2021\/03\/18\/escritora-brasileira-discute-carater-estrutural-presente-na-sociedade-atual\/","name":"Escritora brasileira discute car\u00e1ter estrutural presente na sociedade atual - Jornal Fatos e Not\u00edcias","isPartOf":{"@id":"https:\/\/jornalfatosenoticias.com.br\/#website"},"primaryImageOfPage":{"@id":"https:\/\/jornalfatosenoticias.com.br\/index.php\/2021\/03\/18\/escritora-brasileira-discute-carater-estrutural-presente-na-sociedade-atual\/#primaryimage"},"image":{"@id":"https:\/\/jornalfatosenoticias.com.br\/index.php\/2021\/03\/18\/escritora-brasileira-discute-carater-estrutural-presente-na-sociedade-atual\/#primaryimage"},"thumbnailUrl":"https:\/\/jornalfatosenoticias.com.br\/wp-content\/uploads\/2021\/03\/estrutura-social_livro.jpg","datePublished":"2021-03-18T21:39:27+00:00","dateModified":"2021-03-18T21:39:32+00:00","breadcrumb":{"@id":"https:\/\/jornalfatosenoticias.com.br\/index.php\/2021\/03\/18\/escritora-brasileira-discute-carater-estrutural-presente-na-sociedade-atual\/#breadcrumb"},"inLanguage":"pt-BR","potentialAction":[{"@type":"ReadAction","target":["https:\/\/jornalfatosenoticias.com.br\/index.php\/2021\/03\/18\/escritora-brasileira-discute-carater-estrutural-presente-na-sociedade-atual\/"]}]},{"@type":"ImageObject","inLanguage":"pt-BR","@id":"https:\/\/jornalfatosenoticias.com.br\/index.php\/2021\/03\/18\/escritora-brasileira-discute-carater-estrutural-presente-na-sociedade-atual\/#primaryimage","url":"https:\/\/jornalfatosenoticias.com.br\/wp-content\/uploads\/2021\/03\/estrutura-social_livro.jpg","contentUrl":"https:\/\/jornalfatosenoticias.com.br\/wp-content\/uploads\/2021\/03\/estrutura-social_livro.jpg","width":1000,"height":562},{"@type":"BreadcrumbList","@id":"https:\/\/jornalfatosenoticias.com.br\/index.php\/2021\/03\/18\/escritora-brasileira-discute-carater-estrutural-presente-na-sociedade-atual\/#breadcrumb","itemListElement":[{"@type":"ListItem","position":1,"name":"In\u00edcio","item":"https:\/\/jornalfatosenoticias.com.br\/"},{"@type":"ListItem","position":2,"name":"Escritora brasileira discute car\u00e1ter estrutural presente na sociedade atual"}]},{"@type":"WebSite","@id":"https:\/\/jornalfatosenoticias.com.br\/#website","url":"https:\/\/jornalfatosenoticias.com.br\/","name":"Jornal Fatos e Not\u00edcias","description":"Not\u00edcias em geral","publisher":{"@id":"https:\/\/jornalfatosenoticias.com.br\/#organization"},"potentialAction":[{"@type":"SearchAction","target":{"@type":"EntryPoint","urlTemplate":"https:\/\/jornalfatosenoticias.com.br\/?s={search_term_string}"},"query-input":{"@type":"PropertyValueSpecification","valueRequired":true,"valueName":"search_term_string"}}],"inLanguage":"pt-BR"},{"@type":"Organization","@id":"https:\/\/jornalfatosenoticias.com.br\/#organization","name":"Jornal Fatos e Not\u00edcias","url":"https:\/\/jornalfatosenoticias.com.br\/","logo":{"@type":"ImageObject","inLanguage":"pt-BR","@id":"https:\/\/jornalfatosenoticias.com.br\/#\/schema\/logo\/image\/","url":"https:\/\/jornalfatosenoticias.com.br\/wp-content\/uploads\/2020\/02\/logo120.png","contentUrl":"https:\/\/jornalfatosenoticias.com.br\/wp-content\/uploads\/2020\/02\/logo120.png","width":1227,"height":120,"caption":"Jornal Fatos e Not\u00edcias"},"image":{"@id":"https:\/\/jornalfatosenoticias.com.br\/#\/schema\/logo\/image\/"}},{"@type":"Person","@id":"https:\/\/jornalfatosenoticias.com.br\/#\/schema\/person\/d63837fa13ac8666eb9e74e0985d6f81","name":"Luzimara Fernandes","image":{"@type":"ImageObject","inLanguage":"pt-BR","@id":"https:\/\/jornalfatosenoticias.com.br\/#\/schema\/person\/image\/","url":"https:\/\/jornalfatosenoticias.com.br\/wp-content\/uploads\/2025\/05\/EU_portal.jpg","contentUrl":"https:\/\/jornalfatosenoticias.com.br\/wp-content\/uploads\/2025\/05\/EU_portal.jpg","caption":"Luzimara Fernandes"},"description":"Jornalista MTB 2358-ES","sameAs":["https:\/\/jornalfatosenoticias.com.br"],"url":"https:\/\/jornalfatosenoticias.com.br\/index.php\/author\/luzimara\/"}]}},"cc_featured_image_caption":{"caption_text":"(Divulga\u00e7\u00e3o\/Editora Janda\u00edra)","source_text":"","source_url":""},"jetpack_featured_media_url":"https:\/\/jornalfatosenoticias.com.br\/wp-content\/uploads\/2021\/03\/estrutura-social_livro.jpg","_links":{"self":[{"href":"https:\/\/jornalfatosenoticias.com.br\/index.php\/wp-json\/wp\/v2\/posts\/15956","targetHints":{"allow":["GET"]}}],"collection":[{"href":"https:\/\/jornalfatosenoticias.com.br\/index.php\/wp-json\/wp\/v2\/posts"}],"about":[{"href":"https:\/\/jornalfatosenoticias.com.br\/index.php\/wp-json\/wp\/v2\/types\/post"}],"author":[{"embeddable":true,"href":"https:\/\/jornalfatosenoticias.com.br\/index.php\/wp-json\/wp\/v2\/users\/2"}],"replies":[{"embeddable":true,"href":"https:\/\/jornalfatosenoticias.com.br\/index.php\/wp-json\/wp\/v2\/comments?post=15956"}],"version-history":[{"count":0,"href":"https:\/\/jornalfatosenoticias.com.br\/index.php\/wp-json\/wp\/v2\/posts\/15956\/revisions"}],"wp:featuredmedia":[{"embeddable":true,"href":"https:\/\/jornalfatosenoticias.com.br\/index.php\/wp-json\/wp\/v2\/media\/15958"}],"wp:attachment":[{"href":"https:\/\/jornalfatosenoticias.com.br\/index.php\/wp-json\/wp\/v2\/media?parent=15956"}],"wp:term":[{"taxonomy":"category","embeddable":true,"href":"https:\/\/jornalfatosenoticias.com.br\/index.php\/wp-json\/wp\/v2\/categories?post=15956"},{"taxonomy":"post_tag","embeddable":true,"href":"https:\/\/jornalfatosenoticias.com.br\/index.php\/wp-json\/wp\/v2\/tags?post=15956"}],"curies":[{"name":"wp","href":"https:\/\/api.w.org\/{rel}","templated":true}]}}