{"id":15960,"date":"2021-03-18T18:45:22","date_gmt":"2021-03-18T21:45:22","guid":{"rendered":"https:\/\/jornalfatosenoticias.com.br\/?p=15960"},"modified":"2021-03-18T18:45:28","modified_gmt":"2021-03-18T21:45:28","slug":"quando-os-papeis-se-invertem","status":"publish","type":"post","link":"https:\/\/jornalfatosenoticias.com.br\/index.php\/2021\/03\/18\/quando-os-papeis-se-invertem\/","title":{"rendered":"Quando os pap\u00e9is se invertem"},"content":{"rendered":"\n<h6 class=\"wp-block-heading\"><em>Dilemas dos filhos que t\u00eam que cuidar dos pais<\/em><\/h6>\n\n\n\n<p>Assim \u00e9 o ciclo da vida: somos cuidados e temos algu\u00e9m que zela pela nossa sa\u00fade, mas em determinado momento os pap\u00e9is se invertem e cabe a n\u00f3s todas as decis\u00f5es sobre aqueles que protagonizaram nossa cria\u00e7\u00e3o. Com o processo de aumento da longevidade, \u00e9 esperado que o n\u00famero de pessoas que vivem com algum tipo de doen\u00e7a neurodegenerativa tamb\u00e9m se eleve.<br>No caso da dem\u00eancia, por exemplo, a proje\u00e7\u00e3o \u00e9 que o diagn\u00f3stico triplique de 50 milh\u00f5es para 152 milh\u00f5es at\u00e9 2050, segundo a Organiza\u00e7\u00e3o Mundial da Sa\u00fade (OMS). Isso porque a chance de desenvolver doen\u00e7as degenerativas cresce conforme a idade avan\u00e7a, e os novos quadros j\u00e1 correspondem a 55 mil diagn\u00f3sticos por ano.<br>Nesse contexto, quando uma m\u00e3e ou um pai se torna totalmente dependente de aten\u00e7\u00e3o e aux\u00edlio, al\u00e9m de aceita\u00e7\u00e3o e entendimento, \u00e9 preciso que o filho desenvolva habilidades que n\u00e3o s\u00e3o ensinadas na escola e nem s\u00e3o muito difundidas na sociedade. A situa\u00e7\u00e3o frequentemente \u00e9 encarada com surpresa, uma experi\u00eancia n\u00e3o normativa, geradora de estresse, tens\u00e3o e adapta\u00e7\u00e3o. Mas tamb\u00e9m pode ser vista como brecha para uma retribui\u00e7\u00e3o madura e espont\u00e2nea, dependendo dos sentimentos e das rela\u00e7\u00f5es estabelecidas at\u00e9 ali.<\/p>\n\n\n\n<h4 class=\"wp-block-heading\">Ningu\u00e9m nasce pronto para cuidar do outro<\/h4>\n\n\n\n<p>A din\u00e2mica e a hist\u00f3ria familiar costumam influenciar bastante em situa\u00e7\u00f5es delicadas e marcantes como a descoberta de uma doen\u00e7a degenerativa entre um dos seus integrantes. Se a rela\u00e7\u00e3o com os genitores n\u00e3o foi afetivamente bem constru\u00edda, cuidar dos pais pode gerar sentimentos conflitantes, o que somado a quest\u00f5es sociais e econ\u00f4micas, tem chance de se tornar uma dificuldade concreta pela sobrecarga de fun\u00e7\u00f5es.<br>\u00c9 poss\u00edvel que haja sensa\u00e7\u00f5es de tristeza e luto pelas perdas que os esperam, revolta e indigna\u00e7\u00e3o por terem que lidar com a situa\u00e7\u00e3o, ou at\u00e9 medo, culpa e desespero por n\u00e3o saberem de que forma agir. O diagn\u00f3stico tamb\u00e9m pode gerar nega\u00e7\u00e3o e frustra\u00e7\u00e3o pelas mudan\u00e7as que devem ocorrer dali em diante e pelos filhos terem que assumir novos pap\u00e9is e tarefas nessa conjuntura de cuidados. N\u00e3o \u00e9 f\u00e1cil reconhecer e internalizar a responsabilidade por limpar, medicar, alimentar, observar as a\u00e7\u00f5es, adaptar o ambiente, monitorar exames e receitas, checar feridas e hematomas daqueles adultos.<\/p>\n\n\n\n<figure class=\"wp-block-image size-large\"><img loading=\"lazy\" decoding=\"async\" width=\"1000\" height=\"561\" src=\"https:\/\/jornalfatosenoticias.com.br\/wp-content\/uploads\/2021\/03\/cuidador-de-idoso-istock.jpg\" alt=\"\" class=\"wp-image-15961\" srcset=\"https:\/\/jornalfatosenoticias.com.br\/wp-content\/uploads\/2021\/03\/cuidador-de-idoso-istock.jpg 1000w, https:\/\/jornalfatosenoticias.com.br\/wp-content\/uploads\/2021\/03\/cuidador-de-idoso-istock-300x168.jpg 300w, https:\/\/jornalfatosenoticias.com.br\/wp-content\/uploads\/2021\/03\/cuidador-de-idoso-istock-768x431.jpg 768w\" sizes=\"auto, (max-width: 1000px) 100vw, 1000px\" \/><figcaption><em>Cuidando de idosos (Foto: iStock)<\/em><\/figcaption><\/figure>\n\n\n\n<h4 class=\"wp-block-heading\">Passo a passo<\/h4>\n\n\n\n<p>Para come\u00e7ar, \u00e9 preciso listar e acionar a pr\u00f3pria rede de apoio para entender melhor sobre o problema ou doen\u00e7a dos pais, e isso exige tempo, recursos e disposi\u00e7\u00e3o. \u00c9 buscar ajuda para lidar emocional e financeiramente com as demandas envolvidas, seja dentro da pr\u00f3pria fam\u00edlia, entre amigos e colegas, seja no Sistema \u00danico de Sa\u00fade (SUS), com assistentes sociais ou organiza\u00e7\u00f5es do terceiro setor. O ideal \u00e9 obter suporte nessa miss\u00e3o de entender sobre a doen\u00e7a, seu curso, sintomas, consequ\u00eancias, terapias e tratamentos poss\u00edveis.<br>As tarefas precisam ser divididas igualitariamente entre irm\u00e3os e parentes. N\u00e3o \u00e9 raro que toda a carga emotiva seja direcionada para a figura da filha, j\u00e1 que as mulheres sempre foram consideradas as principais respons\u00e1veis pela manuten\u00e7\u00e3o das rela\u00e7\u00f5es familiares e pelos cuidados dos seus integrantes. Mas isso precisa ser questionado. Lidar com uma pessoa dependente na fam\u00edlia n\u00e3o envolve apenas boa vontade, n\u00e3o cabe somente ao g\u00eanero feminino e tampouco \u00e9 uma circunst\u00e2ncia de menor valor.<br>Outra atitude fundamental \u00e9 lembrar que a pessoa a ser cuidada j\u00e1 teve independ\u00eancia e autonomia e estabeleceu seus gostos e h\u00e1bitos. Diferente de uma crian\u00e7a, n\u00e3o precisa ser &#8220;educada&#8221; nessa fase da vida, e sim cuidada. \u00c9 importante criar situa\u00e7\u00f5es comedidas e de est\u00edmulo, que a possibilitem realizar determinadas atividades, mesmo que devagar e por etapas, mas que respeite seu tempo e suas capacidades.<br>Apesar da intensidade do que isso pode representar, \u00e9 um momento para rever la\u00e7os e despertar compaix\u00e3o ao perceber que os pais chegaram a um est\u00e1gio de limita\u00e7\u00e3o e depend\u00eancia, numa oportunidade inclusive de exercer a solidariedade intergeracional. \u00c9 importante se apropriar disso como um espa\u00e7o de aprendizado, de partilha e de viv\u00eancias transformadoras. Quem assumir essa responsabilidade precisa sentir que foi uma escolha, e n\u00e3o uma condi\u00e7\u00e3o imposta. Essa pretensa liberdade faz muita diferen\u00e7a e ajuda na manuten\u00e7\u00e3o das rela\u00e7\u00f5es saud\u00e1veis na fam\u00edlia.<\/p>\n\n\n\n<h4 class=\"wp-block-heading\">Muito al\u00e9m das boas inten\u00e7\u00f5es<\/h4>\n\n\n\n<figure class=\"wp-block-image size-large\"><img loading=\"lazy\" decoding=\"async\" width=\"1000\" height=\"561\" src=\"https:\/\/jornalfatosenoticias.com.br\/wp-content\/uploads\/2021\/03\/idoso-com-familia-istock.jpg\" alt=\"\" class=\"wp-image-15962\" srcset=\"https:\/\/jornalfatosenoticias.com.br\/wp-content\/uploads\/2021\/03\/idoso-com-familia-istock.jpg 1000w, https:\/\/jornalfatosenoticias.com.br\/wp-content\/uploads\/2021\/03\/idoso-com-familia-istock-300x168.jpg 300w, https:\/\/jornalfatosenoticias.com.br\/wp-content\/uploads\/2021\/03\/idoso-com-familia-istock-768x431.jpg 768w\" sizes=\"auto, (max-width: 1000px) 100vw, 1000px\" \/><figcaption><em>Idosos com a fam\u00edlia (Foto: iStock)<\/em><\/figcaption><\/figure>\n\n\n\n<p>Quando existe uma conjuntura favor\u00e1vel, que envolve divis\u00e3o igualit\u00e1ria de tarefas, apoio de um cuidador profissional, aconselhamento psicoterap\u00eautico e recursos financeiros para bancar os gastos e a assist\u00eancia necess\u00e1ria, a atividade de cuidar fica menos densa e trabalhosa, o que pode abrir caminho para reflex\u00e3o, autoavalia\u00e7\u00e3o e crescimento. Compartilhar experi\u00eancias com outras pessoas que vivenciaram situa\u00e7\u00f5es similares \u00e9 bastante aconselh\u00e1vel para contribuir nesse processo.<br>Entretanto, h\u00e1 uma alta taxa de adoecimento daqueles que assumem a fun\u00e7\u00e3o de cuidador dos pais, principalmente entre mulheres de classes mais baixas, que ficam sobrecarregadas com o ac\u00famulo de tarefas e pelas dificuldades na falta de recursos e de oportunidades devido \u00e0 desigualdade social.<br>Apesar de complexo, o equil\u00edbrio nas tarefas de cuidar do outro e de si \u00e9 imprescind\u00edvel. Os cuidadores precisam sinalizar quando est\u00e3o acumulando fun\u00e7\u00f5es e estabelecer limites nessa rela\u00e7\u00e3o, reservando tempo para fazerem suas pr\u00f3prias atividades \u2014 e que n\u00e3o sejam somente obriga\u00e7\u00f5es. Assim \u00e9 poss\u00edvel evitar que esta fase da vida seja tida como um fardo e se configure em novas partilhas e aprendizados, que envolvam amor, carinho e reciprocidade.<\/p>\n\n\n\n<p><strong><em>Fonte: <a href=\"https:\/\/www.uol.com.br\/vivabem\/noticias\/redacao\/2021\/03\/17\/as-dificuldades-dos-filhos-que-precisam-assumir-os-cuidados-dos-pais.htm\">UOL<\/a><\/em><\/strong><\/p>\n","protected":false},"excerpt":{"rendered":"<p>Dilemas dos filhos que t\u00eam que cuidar dos pais Assim \u00e9 o ciclo da vida: somos cuidados e temos algu\u00e9m que zela pela nossa sa\u00fade, mas em determinado momento os pap\u00e9is se invertem e cabe a n\u00f3s todas as decis\u00f5es sobre aqueles que protagonizaram nossa cria\u00e7\u00e3o. Com o processo de aumento da longevidade, \u00e9 esperado [&hellip;]<\/p>\n","protected":false},"author":2,"featured_media":15963,"comment_status":"open","ping_status":"open","sticky":false,"template":"","format":"standard","meta":{"footnotes":""},"categories":[2522],"tags":[1985,2233,8092,1326,1035,8091,850],"class_list":["post-15960","post","type-post","status-publish","format-standard","has-post-thumbnail","hentry","category-comportamento","tag-afeto","tag-amor","tag-atencao","tag-carinho","tag-cuidado","tag-filhos-cuidam-dos-pais","tag-idosos"],"yoast_head":"<!-- This site is optimized with the Yoast SEO plugin v26.5 - https:\/\/yoast.com\/wordpress\/plugins\/seo\/ -->\n<title>Quando os pap\u00e9is se invertem - Jornal Fatos e Not\u00edcias<\/title>\n<meta name=\"robots\" content=\"index, follow, max-snippet:-1, max-image-preview:large, max-video-preview:-1\" \/>\n<link rel=\"canonical\" href=\"https:\/\/jornalfatosenoticias.com.br\/index.php\/2021\/03\/18\/quando-os-papeis-se-invertem\/\" \/>\n<meta property=\"og:locale\" content=\"pt_BR\" \/>\n<meta property=\"og:type\" content=\"article\" \/>\n<meta property=\"og:title\" content=\"Quando os pap\u00e9is se invertem - Jornal Fatos e Not\u00edcias\" \/>\n<meta property=\"og:description\" content=\"Dilemas dos filhos que t\u00eam que cuidar dos pais Assim \u00e9 o ciclo da vida: somos cuidados e temos algu\u00e9m que zela pela nossa sa\u00fade, mas em determinado momento os pap\u00e9is se invertem e cabe a n\u00f3s todas as decis\u00f5es sobre aqueles que protagonizaram nossa cria\u00e7\u00e3o. Com o processo de aumento da longevidade, \u00e9 esperado [&hellip;]\" \/>\n<meta property=\"og:url\" content=\"https:\/\/jornalfatosenoticias.com.br\/index.php\/2021\/03\/18\/quando-os-papeis-se-invertem\/\" \/>\n<meta property=\"og:site_name\" content=\"Jornal Fatos e Not\u00edcias\" \/>\n<meta property=\"article:published_time\" content=\"2021-03-18T21:45:22+00:00\" \/>\n<meta property=\"article:modified_time\" content=\"2021-03-18T21:45:28+00:00\" \/>\n<meta property=\"og:image\" content=\"https:\/\/jornalfatosenoticias.com.br\/wp-content\/uploads\/2021\/03\/filho-cuida-de-pai-idoso.jpg\" \/>\n\t<meta property=\"og:image:width\" content=\"1000\" \/>\n\t<meta property=\"og:image:height\" content=\"669\" \/>\n\t<meta property=\"og:image:type\" content=\"image\/jpeg\" \/>\n<meta name=\"author\" content=\"Luzimara Fernandes\" \/>\n<meta name=\"twitter:card\" content=\"summary_large_image\" \/>\n<meta name=\"twitter:label1\" content=\"Escrito por\" \/>\n\t<meta name=\"twitter:data1\" content=\"Luzimara Fernandes\" \/>\n\t<meta name=\"twitter:label2\" content=\"Est. tempo de leitura\" \/>\n\t<meta name=\"twitter:data2\" content=\"5 minutos\" \/>\n<script type=\"application\/ld+json\" class=\"yoast-schema-graph\">{\"@context\":\"https:\/\/schema.org\",\"@graph\":[{\"@type\":\"Article\",\"@id\":\"https:\/\/jornalfatosenoticias.com.br\/index.php\/2021\/03\/18\/quando-os-papeis-se-invertem\/#article\",\"isPartOf\":{\"@id\":\"https:\/\/jornalfatosenoticias.com.br\/index.php\/2021\/03\/18\/quando-os-papeis-se-invertem\/\"},\"author\":{\"name\":\"Luzimara Fernandes\",\"@id\":\"https:\/\/jornalfatosenoticias.com.br\/#\/schema\/person\/d63837fa13ac8666eb9e74e0985d6f81\"},\"headline\":\"Quando os pap\u00e9is se invertem\",\"datePublished\":\"2021-03-18T21:45:22+00:00\",\"dateModified\":\"2021-03-18T21:45:28+00:00\",\"mainEntityOfPage\":{\"@id\":\"https:\/\/jornalfatosenoticias.com.br\/index.php\/2021\/03\/18\/quando-os-papeis-se-invertem\/\"},\"wordCount\":992,\"commentCount\":0,\"publisher\":{\"@id\":\"https:\/\/jornalfatosenoticias.com.br\/#organization\"},\"image\":{\"@id\":\"https:\/\/jornalfatosenoticias.com.br\/index.php\/2021\/03\/18\/quando-os-papeis-se-invertem\/#primaryimage\"},\"thumbnailUrl\":\"https:\/\/jornalfatosenoticias.com.br\/wp-content\/uploads\/2021\/03\/filho-cuida-de-pai-idoso.jpg\",\"keywords\":[\"afeto\",\"amor\",\"aten\u00e7\u00e3o\",\"carinho\",\"cuidado\",\"filhos cuidam dos pais\",\"idosos\"],\"articleSection\":[\"Comportamento &amp; Equil\u00edbrio\"],\"inLanguage\":\"pt-BR\",\"potentialAction\":[{\"@type\":\"CommentAction\",\"name\":\"Comment\",\"target\":[\"https:\/\/jornalfatosenoticias.com.br\/index.php\/2021\/03\/18\/quando-os-papeis-se-invertem\/#respond\"]}]},{\"@type\":\"WebPage\",\"@id\":\"https:\/\/jornalfatosenoticias.com.br\/index.php\/2021\/03\/18\/quando-os-papeis-se-invertem\/\",\"url\":\"https:\/\/jornalfatosenoticias.com.br\/index.php\/2021\/03\/18\/quando-os-papeis-se-invertem\/\",\"name\":\"Quando os pap\u00e9is se invertem - Jornal Fatos e Not\u00edcias\",\"isPartOf\":{\"@id\":\"https:\/\/jornalfatosenoticias.com.br\/#website\"},\"primaryImageOfPage\":{\"@id\":\"https:\/\/jornalfatosenoticias.com.br\/index.php\/2021\/03\/18\/quando-os-papeis-se-invertem\/#primaryimage\"},\"image\":{\"@id\":\"https:\/\/jornalfatosenoticias.com.br\/index.php\/2021\/03\/18\/quando-os-papeis-se-invertem\/#primaryimage\"},\"thumbnailUrl\":\"https:\/\/jornalfatosenoticias.com.br\/wp-content\/uploads\/2021\/03\/filho-cuida-de-pai-idoso.jpg\",\"datePublished\":\"2021-03-18T21:45:22+00:00\",\"dateModified\":\"2021-03-18T21:45:28+00:00\",\"breadcrumb\":{\"@id\":\"https:\/\/jornalfatosenoticias.com.br\/index.php\/2021\/03\/18\/quando-os-papeis-se-invertem\/#breadcrumb\"},\"inLanguage\":\"pt-BR\",\"potentialAction\":[{\"@type\":\"ReadAction\",\"target\":[\"https:\/\/jornalfatosenoticias.com.br\/index.php\/2021\/03\/18\/quando-os-papeis-se-invertem\/\"]}]},{\"@type\":\"ImageObject\",\"inLanguage\":\"pt-BR\",\"@id\":\"https:\/\/jornalfatosenoticias.com.br\/index.php\/2021\/03\/18\/quando-os-papeis-se-invertem\/#primaryimage\",\"url\":\"https:\/\/jornalfatosenoticias.com.br\/wp-content\/uploads\/2021\/03\/filho-cuida-de-pai-idoso.jpg\",\"contentUrl\":\"https:\/\/jornalfatosenoticias.com.br\/wp-content\/uploads\/2021\/03\/filho-cuida-de-pai-idoso.jpg\",\"width\":1000,\"height\":669,\"caption\":\"?????????????????????\"},{\"@type\":\"BreadcrumbList\",\"@id\":\"https:\/\/jornalfatosenoticias.com.br\/index.php\/2021\/03\/18\/quando-os-papeis-se-invertem\/#breadcrumb\",\"itemListElement\":[{\"@type\":\"ListItem\",\"position\":1,\"name\":\"In\u00edcio\",\"item\":\"https:\/\/jornalfatosenoticias.com.br\/\"},{\"@type\":\"ListItem\",\"position\":2,\"name\":\"Quando os pap\u00e9is se invertem\"}]},{\"@type\":\"WebSite\",\"@id\":\"https:\/\/jornalfatosenoticias.com.br\/#website\",\"url\":\"https:\/\/jornalfatosenoticias.com.br\/\",\"name\":\"Jornal Fatos e Not\u00edcias\",\"description\":\"Not\u00edcias em geral\",\"publisher\":{\"@id\":\"https:\/\/jornalfatosenoticias.com.br\/#organization\"},\"potentialAction\":[{\"@type\":\"SearchAction\",\"target\":{\"@type\":\"EntryPoint\",\"urlTemplate\":\"https:\/\/jornalfatosenoticias.com.br\/?s={search_term_string}\"},\"query-input\":{\"@type\":\"PropertyValueSpecification\",\"valueRequired\":true,\"valueName\":\"search_term_string\"}}],\"inLanguage\":\"pt-BR\"},{\"@type\":\"Organization\",\"@id\":\"https:\/\/jornalfatosenoticias.com.br\/#organization\",\"name\":\"Jornal Fatos e Not\u00edcias\",\"url\":\"https:\/\/jornalfatosenoticias.com.br\/\",\"logo\":{\"@type\":\"ImageObject\",\"inLanguage\":\"pt-BR\",\"@id\":\"https:\/\/jornalfatosenoticias.com.br\/#\/schema\/logo\/image\/\",\"url\":\"https:\/\/jornalfatosenoticias.com.br\/wp-content\/uploads\/2020\/02\/logo120.png\",\"contentUrl\":\"https:\/\/jornalfatosenoticias.com.br\/wp-content\/uploads\/2020\/02\/logo120.png\",\"width\":1227,\"height\":120,\"caption\":\"Jornal Fatos e Not\u00edcias\"},\"image\":{\"@id\":\"https:\/\/jornalfatosenoticias.com.br\/#\/schema\/logo\/image\/\"}},{\"@type\":\"Person\",\"@id\":\"https:\/\/jornalfatosenoticias.com.br\/#\/schema\/person\/d63837fa13ac8666eb9e74e0985d6f81\",\"name\":\"Luzimara Fernandes\",\"image\":{\"@type\":\"ImageObject\",\"inLanguage\":\"pt-BR\",\"@id\":\"https:\/\/jornalfatosenoticias.com.br\/#\/schema\/person\/image\/\",\"url\":\"https:\/\/jornalfatosenoticias.com.br\/wp-content\/uploads\/2025\/05\/EU_portal.jpg\",\"contentUrl\":\"https:\/\/jornalfatosenoticias.com.br\/wp-content\/uploads\/2025\/05\/EU_portal.jpg\",\"caption\":\"Luzimara Fernandes\"},\"description\":\"Jornalista MTB 2358-ES\",\"sameAs\":[\"https:\/\/jornalfatosenoticias.com.br\"],\"url\":\"https:\/\/jornalfatosenoticias.com.br\/index.php\/author\/luzimara\/\"}]}<\/script>\n<!-- \/ Yoast SEO plugin. -->","yoast_head_json":{"title":"Quando os pap\u00e9is se invertem - Jornal Fatos e Not\u00edcias","robots":{"index":"index","follow":"follow","max-snippet":"max-snippet:-1","max-image-preview":"max-image-preview:large","max-video-preview":"max-video-preview:-1"},"canonical":"https:\/\/jornalfatosenoticias.com.br\/index.php\/2021\/03\/18\/quando-os-papeis-se-invertem\/","og_locale":"pt_BR","og_type":"article","og_title":"Quando os pap\u00e9is se invertem - Jornal Fatos e Not\u00edcias","og_description":"Dilemas dos filhos que t\u00eam que cuidar dos pais Assim \u00e9 o ciclo da vida: somos cuidados e temos algu\u00e9m que zela pela nossa sa\u00fade, mas em determinado momento os pap\u00e9is se invertem e cabe a n\u00f3s todas as decis\u00f5es sobre aqueles que protagonizaram nossa cria\u00e7\u00e3o. Com o processo de aumento da longevidade, \u00e9 esperado [&hellip;]","og_url":"https:\/\/jornalfatosenoticias.com.br\/index.php\/2021\/03\/18\/quando-os-papeis-se-invertem\/","og_site_name":"Jornal Fatos e Not\u00edcias","article_published_time":"2021-03-18T21:45:22+00:00","article_modified_time":"2021-03-18T21:45:28+00:00","og_image":[{"width":1000,"height":669,"url":"https:\/\/jornalfatosenoticias.com.br\/wp-content\/uploads\/2021\/03\/filho-cuida-de-pai-idoso.jpg","type":"image\/jpeg"}],"author":"Luzimara Fernandes","twitter_card":"summary_large_image","twitter_misc":{"Escrito por":"Luzimara Fernandes","Est. tempo de leitura":"5 minutos"},"schema":{"@context":"https:\/\/schema.org","@graph":[{"@type":"Article","@id":"https:\/\/jornalfatosenoticias.com.br\/index.php\/2021\/03\/18\/quando-os-papeis-se-invertem\/#article","isPartOf":{"@id":"https:\/\/jornalfatosenoticias.com.br\/index.php\/2021\/03\/18\/quando-os-papeis-se-invertem\/"},"author":{"name":"Luzimara Fernandes","@id":"https:\/\/jornalfatosenoticias.com.br\/#\/schema\/person\/d63837fa13ac8666eb9e74e0985d6f81"},"headline":"Quando os pap\u00e9is se invertem","datePublished":"2021-03-18T21:45:22+00:00","dateModified":"2021-03-18T21:45:28+00:00","mainEntityOfPage":{"@id":"https:\/\/jornalfatosenoticias.com.br\/index.php\/2021\/03\/18\/quando-os-papeis-se-invertem\/"},"wordCount":992,"commentCount":0,"publisher":{"@id":"https:\/\/jornalfatosenoticias.com.br\/#organization"},"image":{"@id":"https:\/\/jornalfatosenoticias.com.br\/index.php\/2021\/03\/18\/quando-os-papeis-se-invertem\/#primaryimage"},"thumbnailUrl":"https:\/\/jornalfatosenoticias.com.br\/wp-content\/uploads\/2021\/03\/filho-cuida-de-pai-idoso.jpg","keywords":["afeto","amor","aten\u00e7\u00e3o","carinho","cuidado","filhos cuidam dos pais","idosos"],"articleSection":["Comportamento &amp; Equil\u00edbrio"],"inLanguage":"pt-BR","potentialAction":[{"@type":"CommentAction","name":"Comment","target":["https:\/\/jornalfatosenoticias.com.br\/index.php\/2021\/03\/18\/quando-os-papeis-se-invertem\/#respond"]}]},{"@type":"WebPage","@id":"https:\/\/jornalfatosenoticias.com.br\/index.php\/2021\/03\/18\/quando-os-papeis-se-invertem\/","url":"https:\/\/jornalfatosenoticias.com.br\/index.php\/2021\/03\/18\/quando-os-papeis-se-invertem\/","name":"Quando os pap\u00e9is se invertem - Jornal Fatos e Not\u00edcias","isPartOf":{"@id":"https:\/\/jornalfatosenoticias.com.br\/#website"},"primaryImageOfPage":{"@id":"https:\/\/jornalfatosenoticias.com.br\/index.php\/2021\/03\/18\/quando-os-papeis-se-invertem\/#primaryimage"},"image":{"@id":"https:\/\/jornalfatosenoticias.com.br\/index.php\/2021\/03\/18\/quando-os-papeis-se-invertem\/#primaryimage"},"thumbnailUrl":"https:\/\/jornalfatosenoticias.com.br\/wp-content\/uploads\/2021\/03\/filho-cuida-de-pai-idoso.jpg","datePublished":"2021-03-18T21:45:22+00:00","dateModified":"2021-03-18T21:45:28+00:00","breadcrumb":{"@id":"https:\/\/jornalfatosenoticias.com.br\/index.php\/2021\/03\/18\/quando-os-papeis-se-invertem\/#breadcrumb"},"inLanguage":"pt-BR","potentialAction":[{"@type":"ReadAction","target":["https:\/\/jornalfatosenoticias.com.br\/index.php\/2021\/03\/18\/quando-os-papeis-se-invertem\/"]}]},{"@type":"ImageObject","inLanguage":"pt-BR","@id":"https:\/\/jornalfatosenoticias.com.br\/index.php\/2021\/03\/18\/quando-os-papeis-se-invertem\/#primaryimage","url":"https:\/\/jornalfatosenoticias.com.br\/wp-content\/uploads\/2021\/03\/filho-cuida-de-pai-idoso.jpg","contentUrl":"https:\/\/jornalfatosenoticias.com.br\/wp-content\/uploads\/2021\/03\/filho-cuida-de-pai-idoso.jpg","width":1000,"height":669,"caption":"?????????????????????"},{"@type":"BreadcrumbList","@id":"https:\/\/jornalfatosenoticias.com.br\/index.php\/2021\/03\/18\/quando-os-papeis-se-invertem\/#breadcrumb","itemListElement":[{"@type":"ListItem","position":1,"name":"In\u00edcio","item":"https:\/\/jornalfatosenoticias.com.br\/"},{"@type":"ListItem","position":2,"name":"Quando os pap\u00e9is se invertem"}]},{"@type":"WebSite","@id":"https:\/\/jornalfatosenoticias.com.br\/#website","url":"https:\/\/jornalfatosenoticias.com.br\/","name":"Jornal Fatos e Not\u00edcias","description":"Not\u00edcias em geral","publisher":{"@id":"https:\/\/jornalfatosenoticias.com.br\/#organization"},"potentialAction":[{"@type":"SearchAction","target":{"@type":"EntryPoint","urlTemplate":"https:\/\/jornalfatosenoticias.com.br\/?s={search_term_string}"},"query-input":{"@type":"PropertyValueSpecification","valueRequired":true,"valueName":"search_term_string"}}],"inLanguage":"pt-BR"},{"@type":"Organization","@id":"https:\/\/jornalfatosenoticias.com.br\/#organization","name":"Jornal Fatos e Not\u00edcias","url":"https:\/\/jornalfatosenoticias.com.br\/","logo":{"@type":"ImageObject","inLanguage":"pt-BR","@id":"https:\/\/jornalfatosenoticias.com.br\/#\/schema\/logo\/image\/","url":"https:\/\/jornalfatosenoticias.com.br\/wp-content\/uploads\/2020\/02\/logo120.png","contentUrl":"https:\/\/jornalfatosenoticias.com.br\/wp-content\/uploads\/2020\/02\/logo120.png","width":1227,"height":120,"caption":"Jornal Fatos e Not\u00edcias"},"image":{"@id":"https:\/\/jornalfatosenoticias.com.br\/#\/schema\/logo\/image\/"}},{"@type":"Person","@id":"https:\/\/jornalfatosenoticias.com.br\/#\/schema\/person\/d63837fa13ac8666eb9e74e0985d6f81","name":"Luzimara Fernandes","image":{"@type":"ImageObject","inLanguage":"pt-BR","@id":"https:\/\/jornalfatosenoticias.com.br\/#\/schema\/person\/image\/","url":"https:\/\/jornalfatosenoticias.com.br\/wp-content\/uploads\/2025\/05\/EU_portal.jpg","contentUrl":"https:\/\/jornalfatosenoticias.com.br\/wp-content\/uploads\/2025\/05\/EU_portal.jpg","caption":"Luzimara Fernandes"},"description":"Jornalista MTB 2358-ES","sameAs":["https:\/\/jornalfatosenoticias.com.br"],"url":"https:\/\/jornalfatosenoticias.com.br\/index.php\/author\/luzimara\/"}]}},"cc_featured_image_caption":{"caption_text":"(Foto: Filmes Globalwood) \r\n","source_text":"","source_url":""},"jetpack_featured_media_url":"https:\/\/jornalfatosenoticias.com.br\/wp-content\/uploads\/2021\/03\/filho-cuida-de-pai-idoso.jpg","_links":{"self":[{"href":"https:\/\/jornalfatosenoticias.com.br\/index.php\/wp-json\/wp\/v2\/posts\/15960","targetHints":{"allow":["GET"]}}],"collection":[{"href":"https:\/\/jornalfatosenoticias.com.br\/index.php\/wp-json\/wp\/v2\/posts"}],"about":[{"href":"https:\/\/jornalfatosenoticias.com.br\/index.php\/wp-json\/wp\/v2\/types\/post"}],"author":[{"embeddable":true,"href":"https:\/\/jornalfatosenoticias.com.br\/index.php\/wp-json\/wp\/v2\/users\/2"}],"replies":[{"embeddable":true,"href":"https:\/\/jornalfatosenoticias.com.br\/index.php\/wp-json\/wp\/v2\/comments?post=15960"}],"version-history":[{"count":0,"href":"https:\/\/jornalfatosenoticias.com.br\/index.php\/wp-json\/wp\/v2\/posts\/15960\/revisions"}],"wp:featuredmedia":[{"embeddable":true,"href":"https:\/\/jornalfatosenoticias.com.br\/index.php\/wp-json\/wp\/v2\/media\/15963"}],"wp:attachment":[{"href":"https:\/\/jornalfatosenoticias.com.br\/index.php\/wp-json\/wp\/v2\/media?parent=15960"}],"wp:term":[{"taxonomy":"category","embeddable":true,"href":"https:\/\/jornalfatosenoticias.com.br\/index.php\/wp-json\/wp\/v2\/categories?post=15960"},{"taxonomy":"post_tag","embeddable":true,"href":"https:\/\/jornalfatosenoticias.com.br\/index.php\/wp-json\/wp\/v2\/tags?post=15960"}],"curies":[{"name":"wp","href":"https:\/\/api.w.org\/{rel}","templated":true}]}}