{"id":15981,"date":"2021-03-19T15:32:31","date_gmt":"2021-03-19T18:32:31","guid":{"rendered":"https:\/\/jornalfatosenoticias.com.br\/?p=15981"},"modified":"2021-03-19T15:32:31","modified_gmt":"2021-03-19T18:32:31","slug":"majeski-propoe-criacao-de-auxilio-gas-e-liberacao-para-retirada-de-refeicoes-nos-restaurantes","status":"publish","type":"post","link":"https:\/\/jornalfatosenoticias.com.br\/index.php\/2021\/03\/19\/majeski-propoe-criacao-de-auxilio-gas-e-liberacao-para-retirada-de-refeicoes-nos-restaurantes\/","title":{"rendered":"Majeski prop\u00f5e cria\u00e7\u00e3o de aux\u00edlio-g\u00e1s e libera\u00e7\u00e3o para retirada de refei\u00e7\u00f5es nos restaurantes"},"content":{"rendered":"\n<h6 class=\"wp-block-heading\"><em>A concess\u00e3o de aux\u00edlio-g\u00e1s \u00e9 um importante apoio \u00e0s fam\u00edlias de baixa renda nessa \u00e9poca de quarentena. No mercado, o pre\u00e7o da botija est\u00e1 perto dos R$ 100,00<\/em><\/h6>\n\n\n\n<p>O deputado estadual S\u00e9rgio Majeski (PSB) apresentou indica\u00e7\u00e3o ao Governo do Estado para ampliar as possibilidades dos servi\u00e7os de entrega de refei\u00e7\u00f5es durante a nova quarentena vigente no Esp\u00edrito Santo.<br>No documento, protocolado nesta quinta-feira (18), Majeski solicita que restaurantes, lanchonetes e bares possam atender \u00e0 popula\u00e7\u00e3o nos sistemas de drive thru e de take away, quando o cliente vai pessoalmente retirar a refei\u00e7\u00e3o no estabelecimento.<\/p>\n\n\n\n<blockquote class=\"wp-block-quote is-layout-flow wp-block-quote-is-layout-flow\"><p>\u201cAs medidas adotadas para conter o avan\u00e7o da transmiss\u00e3o do v\u00edrus s\u00e3o necess\u00e1rias, mas o decreto imp\u00f4s duras restri\u00e7\u00f5es \u00e0s atividades ligadas \u00e0 alimenta\u00e7\u00e3o, inviabilizando diversos empreendimentos e dificultando o acesso das pessoas \u00e0s refei\u00e7\u00f5es. O comerciante pequeno, que n\u00e3o tem o sistema de delivery j\u00e1 implantado, dificilmente ter\u00e1 condi\u00e7\u00f5es de seguir trabalhando, e as pessoas, sobretudo as mais idosas e que moram sozinhas, que t\u00eam dificuldades de manusear aplicativos de delivery, s\u00f3 lhes restam a op\u00e7\u00e3o de ir pessoalmente ao restaurante pr\u00f3ximo de casa buscar a comida\u201d, destaca Majeski.<\/p><\/blockquote>\n\n\n\n<h4 class=\"wp-block-heading\">Aux\u00edlio-g\u00e1s entra em pauta<\/h4>\n\n\n\n<p>Outra indica\u00e7\u00e3o protocolada pelo deputado S\u00e9rgio Majeski nesta quinta-feira (18) orienta ao Governo do Estado a concess\u00e3o de aux\u00edlio-g\u00e1s \u00e0s fam\u00edlias em situa\u00e7\u00e3o de vulnerabilidade social, como forma de amenizar os impactos da pandemia.<\/p>\n\n\n\n<blockquote class=\"wp-block-quote is-layout-flow wp-block-quote-is-layout-flow\"><p>\u201cO \u00edndice de desemprego, o fechamento de empresas e outros fatores contribuem para a diminui\u00e7\u00e3o da renda das fam\u00edlias e para o aumento do n\u00famero de pessoas na extrema pobreza. Com os sucessivos aumentos dos \u00faltimos tempos a botija de g\u00e1s j\u00e1 est\u00e1 custando quase 100 reais\u201d, ressalta Majeski.<\/p><\/blockquote>\n\n\n\n<p>Segundo o Sindicato dos Revendedores de G\u00e1s no Esp\u00edrito Santo, desde o ano passado, j\u00e1 ocorreram treze reajustes no pre\u00e7o do g\u00e1s de cozinha e a alta impacta diretamente o or\u00e7amento familiar, em especial o das fam\u00edlias mais pobres.<\/p>\n\n\n\n<p><em><strong>Texto: <\/strong>Assessoria de Comunica\u00e7\u00e3o<\/em><\/p>\n","protected":false},"excerpt":{"rendered":"<p>A concess\u00e3o de aux\u00edlio-g\u00e1s \u00e9 um importante apoio \u00e0s fam\u00edlias de baixa renda nessa \u00e9poca de quarentena. No mercado, o pre\u00e7o da botija est\u00e1 perto dos R$ 100,00 O deputado estadual S\u00e9rgio Majeski (PSB) apresentou indica\u00e7\u00e3o ao Governo do Estado para ampliar as possibilidades dos servi\u00e7os de entrega de refei\u00e7\u00f5es durante a nova quarentena vigente [&hellip;]<\/p>\n","protected":false},"author":2,"featured_media":15982,"comment_status":"open","ping_status":"open","sticky":false,"template":"","format":"standard","meta":{"footnotes":""},"categories":[10],"tags":[8097,2411,1811,6678],"class_list":["post-15981","post","type-post","status-publish","format-standard","has-post-thumbnail","hentry","category-politica","tag-auxilio-gas","tag-baixa-renda","tag-extrema-pobreza","tag-sergio-majeski"],"yoast_head":"<!-- This site is optimized with the Yoast SEO plugin v26.5 - https:\/\/yoast.com\/wordpress\/plugins\/seo\/ -->\n<title>Majeski prop\u00f5e cria\u00e7\u00e3o de aux\u00edlio-g\u00e1s e libera\u00e7\u00e3o para retirada de refei\u00e7\u00f5es nos restaurantes - Jornal Fatos e Not\u00edcias<\/title>\n<meta name=\"robots\" content=\"index, follow, max-snippet:-1, max-image-preview:large, max-video-preview:-1\" \/>\n<link rel=\"canonical\" href=\"https:\/\/jornalfatosenoticias.com.br\/index.php\/2021\/03\/19\/majeski-propoe-criacao-de-auxilio-gas-e-liberacao-para-retirada-de-refeicoes-nos-restaurantes\/\" \/>\n<meta property=\"og:locale\" content=\"pt_BR\" \/>\n<meta property=\"og:type\" content=\"article\" \/>\n<meta property=\"og:title\" content=\"Majeski prop\u00f5e cria\u00e7\u00e3o de aux\u00edlio-g\u00e1s e libera\u00e7\u00e3o para retirada de refei\u00e7\u00f5es nos restaurantes - Jornal Fatos e Not\u00edcias\" \/>\n<meta property=\"og:description\" content=\"A concess\u00e3o de aux\u00edlio-g\u00e1s \u00e9 um importante apoio \u00e0s fam\u00edlias de baixa renda nessa \u00e9poca de quarentena. No mercado, o pre\u00e7o da botija est\u00e1 perto dos R$ 100,00 O deputado estadual S\u00e9rgio Majeski (PSB) apresentou indica\u00e7\u00e3o ao Governo do Estado para ampliar as possibilidades dos servi\u00e7os de entrega de refei\u00e7\u00f5es durante a nova quarentena vigente [&hellip;]\" \/>\n<meta property=\"og:url\" content=\"https:\/\/jornalfatosenoticias.com.br\/index.php\/2021\/03\/19\/majeski-propoe-criacao-de-auxilio-gas-e-liberacao-para-retirada-de-refeicoes-nos-restaurantes\/\" \/>\n<meta property=\"og:site_name\" content=\"Jornal Fatos e Not\u00edcias\" \/>\n<meta property=\"article:published_time\" content=\"2021-03-19T18:32:31+00:00\" \/>\n<meta property=\"og:image\" content=\"https:\/\/jornalfatosenoticias.com.br\/wp-content\/uploads\/2021\/03\/majeski.jpg\" \/>\n\t<meta property=\"og:image:width\" content=\"1000\" \/>\n\t<meta property=\"og:image:height\" content=\"666\" \/>\n\t<meta property=\"og:image:type\" content=\"image\/jpeg\" \/>\n<meta name=\"author\" content=\"Luzimara Fernandes\" \/>\n<meta name=\"twitter:card\" content=\"summary_large_image\" \/>\n<meta name=\"twitter:label1\" content=\"Escrito por\" \/>\n\t<meta name=\"twitter:data1\" content=\"Luzimara Fernandes\" \/>\n\t<meta name=\"twitter:label2\" content=\"Est. tempo de leitura\" \/>\n\t<meta name=\"twitter:data2\" content=\"2 minutos\" \/>\n<script type=\"application\/ld+json\" class=\"yoast-schema-graph\">{\"@context\":\"https:\/\/schema.org\",\"@graph\":[{\"@type\":\"Article\",\"@id\":\"https:\/\/jornalfatosenoticias.com.br\/index.php\/2021\/03\/19\/majeski-propoe-criacao-de-auxilio-gas-e-liberacao-para-retirada-de-refeicoes-nos-restaurantes\/#article\",\"isPartOf\":{\"@id\":\"https:\/\/jornalfatosenoticias.com.br\/index.php\/2021\/03\/19\/majeski-propoe-criacao-de-auxilio-gas-e-liberacao-para-retirada-de-refeicoes-nos-restaurantes\/\"},\"author\":{\"name\":\"Luzimara Fernandes\",\"@id\":\"https:\/\/jornalfatosenoticias.com.br\/#\/schema\/person\/d63837fa13ac8666eb9e74e0985d6f81\"},\"headline\":\"Majeski prop\u00f5e cria\u00e7\u00e3o de aux\u00edlio-g\u00e1s e libera\u00e7\u00e3o para retirada de refei\u00e7\u00f5es nos restaurantes\",\"datePublished\":\"2021-03-19T18:32:31+00:00\",\"mainEntityOfPage\":{\"@id\":\"https:\/\/jornalfatosenoticias.com.br\/index.php\/2021\/03\/19\/majeski-propoe-criacao-de-auxilio-gas-e-liberacao-para-retirada-de-refeicoes-nos-restaurantes\/\"},\"wordCount\":372,\"commentCount\":0,\"publisher\":{\"@id\":\"https:\/\/jornalfatosenoticias.com.br\/#organization\"},\"image\":{\"@id\":\"https:\/\/jornalfatosenoticias.com.br\/index.php\/2021\/03\/19\/majeski-propoe-criacao-de-auxilio-gas-e-liberacao-para-retirada-de-refeicoes-nos-restaurantes\/#primaryimage\"},\"thumbnailUrl\":\"https:\/\/jornalfatosenoticias.com.br\/wp-content\/uploads\/2021\/03\/majeski.jpg\",\"keywords\":[\"aux\u00edlio-g\u00e1s\",\"baixa renda\",\"extrema pobreza\",\"S\u00e9rgio Majeski\"],\"articleSection\":[\"Pol\u00edtica\"],\"inLanguage\":\"pt-BR\",\"potentialAction\":[{\"@type\":\"CommentAction\",\"name\":\"Comment\",\"target\":[\"https:\/\/jornalfatosenoticias.com.br\/index.php\/2021\/03\/19\/majeski-propoe-criacao-de-auxilio-gas-e-liberacao-para-retirada-de-refeicoes-nos-restaurantes\/#respond\"]}]},{\"@type\":\"WebPage\",\"@id\":\"https:\/\/jornalfatosenoticias.com.br\/index.php\/2021\/03\/19\/majeski-propoe-criacao-de-auxilio-gas-e-liberacao-para-retirada-de-refeicoes-nos-restaurantes\/\",\"url\":\"https:\/\/jornalfatosenoticias.com.br\/index.php\/2021\/03\/19\/majeski-propoe-criacao-de-auxilio-gas-e-liberacao-para-retirada-de-refeicoes-nos-restaurantes\/\",\"name\":\"Majeski prop\u00f5e cria\u00e7\u00e3o de aux\u00edlio-g\u00e1s e libera\u00e7\u00e3o para retirada de refei\u00e7\u00f5es nos restaurantes - Jornal Fatos e Not\u00edcias\",\"isPartOf\":{\"@id\":\"https:\/\/jornalfatosenoticias.com.br\/#website\"},\"primaryImageOfPage\":{\"@id\":\"https:\/\/jornalfatosenoticias.com.br\/index.php\/2021\/03\/19\/majeski-propoe-criacao-de-auxilio-gas-e-liberacao-para-retirada-de-refeicoes-nos-restaurantes\/#primaryimage\"},\"image\":{\"@id\":\"https:\/\/jornalfatosenoticias.com.br\/index.php\/2021\/03\/19\/majeski-propoe-criacao-de-auxilio-gas-e-liberacao-para-retirada-de-refeicoes-nos-restaurantes\/#primaryimage\"},\"thumbnailUrl\":\"https:\/\/jornalfatosenoticias.com.br\/wp-content\/uploads\/2021\/03\/majeski.jpg\",\"datePublished\":\"2021-03-19T18:32:31+00:00\",\"breadcrumb\":{\"@id\":\"https:\/\/jornalfatosenoticias.com.br\/index.php\/2021\/03\/19\/majeski-propoe-criacao-de-auxilio-gas-e-liberacao-para-retirada-de-refeicoes-nos-restaurantes\/#breadcrumb\"},\"inLanguage\":\"pt-BR\",\"potentialAction\":[{\"@type\":\"ReadAction\",\"target\":[\"https:\/\/jornalfatosenoticias.com.br\/index.php\/2021\/03\/19\/majeski-propoe-criacao-de-auxilio-gas-e-liberacao-para-retirada-de-refeicoes-nos-restaurantes\/\"]}]},{\"@type\":\"ImageObject\",\"inLanguage\":\"pt-BR\",\"@id\":\"https:\/\/jornalfatosenoticias.com.br\/index.php\/2021\/03\/19\/majeski-propoe-criacao-de-auxilio-gas-e-liberacao-para-retirada-de-refeicoes-nos-restaurantes\/#primaryimage\",\"url\":\"https:\/\/jornalfatosenoticias.com.br\/wp-content\/uploads\/2021\/03\/majeski.jpg\",\"contentUrl\":\"https:\/\/jornalfatosenoticias.com.br\/wp-content\/uploads\/2021\/03\/majeski.jpg\",\"width\":1000,\"height\":666},{\"@type\":\"BreadcrumbList\",\"@id\":\"https:\/\/jornalfatosenoticias.com.br\/index.php\/2021\/03\/19\/majeski-propoe-criacao-de-auxilio-gas-e-liberacao-para-retirada-de-refeicoes-nos-restaurantes\/#breadcrumb\",\"itemListElement\":[{\"@type\":\"ListItem\",\"position\":1,\"name\":\"In\u00edcio\",\"item\":\"https:\/\/jornalfatosenoticias.com.br\/\"},{\"@type\":\"ListItem\",\"position\":2,\"name\":\"Majeski prop\u00f5e cria\u00e7\u00e3o de aux\u00edlio-g\u00e1s e libera\u00e7\u00e3o para retirada de refei\u00e7\u00f5es nos restaurantes\"}]},{\"@type\":\"WebSite\",\"@id\":\"https:\/\/jornalfatosenoticias.com.br\/#website\",\"url\":\"https:\/\/jornalfatosenoticias.com.br\/\",\"name\":\"Jornal Fatos e Not\u00edcias\",\"description\":\"Not\u00edcias em geral\",\"publisher\":{\"@id\":\"https:\/\/jornalfatosenoticias.com.br\/#organization\"},\"potentialAction\":[{\"@type\":\"SearchAction\",\"target\":{\"@type\":\"EntryPoint\",\"urlTemplate\":\"https:\/\/jornalfatosenoticias.com.br\/?s={search_term_string}\"},\"query-input\":{\"@type\":\"PropertyValueSpecification\",\"valueRequired\":true,\"valueName\":\"search_term_string\"}}],\"inLanguage\":\"pt-BR\"},{\"@type\":\"Organization\",\"@id\":\"https:\/\/jornalfatosenoticias.com.br\/#organization\",\"name\":\"Jornal Fatos e Not\u00edcias\",\"url\":\"https:\/\/jornalfatosenoticias.com.br\/\",\"logo\":{\"@type\":\"ImageObject\",\"inLanguage\":\"pt-BR\",\"@id\":\"https:\/\/jornalfatosenoticias.com.br\/#\/schema\/logo\/image\/\",\"url\":\"https:\/\/jornalfatosenoticias.com.br\/wp-content\/uploads\/2020\/02\/logo120.png\",\"contentUrl\":\"https:\/\/jornalfatosenoticias.com.br\/wp-content\/uploads\/2020\/02\/logo120.png\",\"width\":1227,\"height\":120,\"caption\":\"Jornal Fatos e Not\u00edcias\"},\"image\":{\"@id\":\"https:\/\/jornalfatosenoticias.com.br\/#\/schema\/logo\/image\/\"}},{\"@type\":\"Person\",\"@id\":\"https:\/\/jornalfatosenoticias.com.br\/#\/schema\/person\/d63837fa13ac8666eb9e74e0985d6f81\",\"name\":\"Luzimara Fernandes\",\"image\":{\"@type\":\"ImageObject\",\"inLanguage\":\"pt-BR\",\"@id\":\"https:\/\/jornalfatosenoticias.com.br\/#\/schema\/person\/image\/\",\"url\":\"https:\/\/jornalfatosenoticias.com.br\/wp-content\/uploads\/2025\/05\/EU_portal.jpg\",\"contentUrl\":\"https:\/\/jornalfatosenoticias.com.br\/wp-content\/uploads\/2025\/05\/EU_portal.jpg\",\"caption\":\"Luzimara Fernandes\"},\"description\":\"Jornalista MTB 2358-ES\",\"sameAs\":[\"https:\/\/jornalfatosenoticias.com.br\"],\"url\":\"https:\/\/jornalfatosenoticias.com.br\/index.php\/author\/luzimara\/\"}]}<\/script>\n<!-- \/ Yoast SEO plugin. -->","yoast_head_json":{"title":"Majeski prop\u00f5e cria\u00e7\u00e3o de aux\u00edlio-g\u00e1s e libera\u00e7\u00e3o para retirada de refei\u00e7\u00f5es nos restaurantes - Jornal Fatos e Not\u00edcias","robots":{"index":"index","follow":"follow","max-snippet":"max-snippet:-1","max-image-preview":"max-image-preview:large","max-video-preview":"max-video-preview:-1"},"canonical":"https:\/\/jornalfatosenoticias.com.br\/index.php\/2021\/03\/19\/majeski-propoe-criacao-de-auxilio-gas-e-liberacao-para-retirada-de-refeicoes-nos-restaurantes\/","og_locale":"pt_BR","og_type":"article","og_title":"Majeski prop\u00f5e cria\u00e7\u00e3o de aux\u00edlio-g\u00e1s e libera\u00e7\u00e3o para retirada de refei\u00e7\u00f5es nos restaurantes - Jornal Fatos e Not\u00edcias","og_description":"A concess\u00e3o de aux\u00edlio-g\u00e1s \u00e9 um importante apoio \u00e0s fam\u00edlias de baixa renda nessa \u00e9poca de quarentena. No mercado, o pre\u00e7o da botija est\u00e1 perto dos R$ 100,00 O deputado estadual S\u00e9rgio Majeski (PSB) apresentou indica\u00e7\u00e3o ao Governo do Estado para ampliar as possibilidades dos servi\u00e7os de entrega de refei\u00e7\u00f5es durante a nova quarentena vigente [&hellip;]","og_url":"https:\/\/jornalfatosenoticias.com.br\/index.php\/2021\/03\/19\/majeski-propoe-criacao-de-auxilio-gas-e-liberacao-para-retirada-de-refeicoes-nos-restaurantes\/","og_site_name":"Jornal Fatos e Not\u00edcias","article_published_time":"2021-03-19T18:32:31+00:00","og_image":[{"width":1000,"height":666,"url":"https:\/\/jornalfatosenoticias.com.br\/wp-content\/uploads\/2021\/03\/majeski.jpg","type":"image\/jpeg"}],"author":"Luzimara Fernandes","twitter_card":"summary_large_image","twitter_misc":{"Escrito por":"Luzimara Fernandes","Est. tempo de leitura":"2 minutos"},"schema":{"@context":"https:\/\/schema.org","@graph":[{"@type":"Article","@id":"https:\/\/jornalfatosenoticias.com.br\/index.php\/2021\/03\/19\/majeski-propoe-criacao-de-auxilio-gas-e-liberacao-para-retirada-de-refeicoes-nos-restaurantes\/#article","isPartOf":{"@id":"https:\/\/jornalfatosenoticias.com.br\/index.php\/2021\/03\/19\/majeski-propoe-criacao-de-auxilio-gas-e-liberacao-para-retirada-de-refeicoes-nos-restaurantes\/"},"author":{"name":"Luzimara Fernandes","@id":"https:\/\/jornalfatosenoticias.com.br\/#\/schema\/person\/d63837fa13ac8666eb9e74e0985d6f81"},"headline":"Majeski prop\u00f5e cria\u00e7\u00e3o de aux\u00edlio-g\u00e1s e libera\u00e7\u00e3o para retirada de refei\u00e7\u00f5es nos restaurantes","datePublished":"2021-03-19T18:32:31+00:00","mainEntityOfPage":{"@id":"https:\/\/jornalfatosenoticias.com.br\/index.php\/2021\/03\/19\/majeski-propoe-criacao-de-auxilio-gas-e-liberacao-para-retirada-de-refeicoes-nos-restaurantes\/"},"wordCount":372,"commentCount":0,"publisher":{"@id":"https:\/\/jornalfatosenoticias.com.br\/#organization"},"image":{"@id":"https:\/\/jornalfatosenoticias.com.br\/index.php\/2021\/03\/19\/majeski-propoe-criacao-de-auxilio-gas-e-liberacao-para-retirada-de-refeicoes-nos-restaurantes\/#primaryimage"},"thumbnailUrl":"https:\/\/jornalfatosenoticias.com.br\/wp-content\/uploads\/2021\/03\/majeski.jpg","keywords":["aux\u00edlio-g\u00e1s","baixa renda","extrema pobreza","S\u00e9rgio Majeski"],"articleSection":["Pol\u00edtica"],"inLanguage":"pt-BR","potentialAction":[{"@type":"CommentAction","name":"Comment","target":["https:\/\/jornalfatosenoticias.com.br\/index.php\/2021\/03\/19\/majeski-propoe-criacao-de-auxilio-gas-e-liberacao-para-retirada-de-refeicoes-nos-restaurantes\/#respond"]}]},{"@type":"WebPage","@id":"https:\/\/jornalfatosenoticias.com.br\/index.php\/2021\/03\/19\/majeski-propoe-criacao-de-auxilio-gas-e-liberacao-para-retirada-de-refeicoes-nos-restaurantes\/","url":"https:\/\/jornalfatosenoticias.com.br\/index.php\/2021\/03\/19\/majeski-propoe-criacao-de-auxilio-gas-e-liberacao-para-retirada-de-refeicoes-nos-restaurantes\/","name":"Majeski prop\u00f5e cria\u00e7\u00e3o de aux\u00edlio-g\u00e1s e libera\u00e7\u00e3o para retirada de refei\u00e7\u00f5es nos restaurantes - Jornal Fatos e Not\u00edcias","isPartOf":{"@id":"https:\/\/jornalfatosenoticias.com.br\/#website"},"primaryImageOfPage":{"@id":"https:\/\/jornalfatosenoticias.com.br\/index.php\/2021\/03\/19\/majeski-propoe-criacao-de-auxilio-gas-e-liberacao-para-retirada-de-refeicoes-nos-restaurantes\/#primaryimage"},"image":{"@id":"https:\/\/jornalfatosenoticias.com.br\/index.php\/2021\/03\/19\/majeski-propoe-criacao-de-auxilio-gas-e-liberacao-para-retirada-de-refeicoes-nos-restaurantes\/#primaryimage"},"thumbnailUrl":"https:\/\/jornalfatosenoticias.com.br\/wp-content\/uploads\/2021\/03\/majeski.jpg","datePublished":"2021-03-19T18:32:31+00:00","breadcrumb":{"@id":"https:\/\/jornalfatosenoticias.com.br\/index.php\/2021\/03\/19\/majeski-propoe-criacao-de-auxilio-gas-e-liberacao-para-retirada-de-refeicoes-nos-restaurantes\/#breadcrumb"},"inLanguage":"pt-BR","potentialAction":[{"@type":"ReadAction","target":["https:\/\/jornalfatosenoticias.com.br\/index.php\/2021\/03\/19\/majeski-propoe-criacao-de-auxilio-gas-e-liberacao-para-retirada-de-refeicoes-nos-restaurantes\/"]}]},{"@type":"ImageObject","inLanguage":"pt-BR","@id":"https:\/\/jornalfatosenoticias.com.br\/index.php\/2021\/03\/19\/majeski-propoe-criacao-de-auxilio-gas-e-liberacao-para-retirada-de-refeicoes-nos-restaurantes\/#primaryimage","url":"https:\/\/jornalfatosenoticias.com.br\/wp-content\/uploads\/2021\/03\/majeski.jpg","contentUrl":"https:\/\/jornalfatosenoticias.com.br\/wp-content\/uploads\/2021\/03\/majeski.jpg","width":1000,"height":666},{"@type":"BreadcrumbList","@id":"https:\/\/jornalfatosenoticias.com.br\/index.php\/2021\/03\/19\/majeski-propoe-criacao-de-auxilio-gas-e-liberacao-para-retirada-de-refeicoes-nos-restaurantes\/#breadcrumb","itemListElement":[{"@type":"ListItem","position":1,"name":"In\u00edcio","item":"https:\/\/jornalfatosenoticias.com.br\/"},{"@type":"ListItem","position":2,"name":"Majeski prop\u00f5e cria\u00e7\u00e3o de aux\u00edlio-g\u00e1s e libera\u00e7\u00e3o para retirada de refei\u00e7\u00f5es nos restaurantes"}]},{"@type":"WebSite","@id":"https:\/\/jornalfatosenoticias.com.br\/#website","url":"https:\/\/jornalfatosenoticias.com.br\/","name":"Jornal Fatos e Not\u00edcias","description":"Not\u00edcias em geral","publisher":{"@id":"https:\/\/jornalfatosenoticias.com.br\/#organization"},"potentialAction":[{"@type":"SearchAction","target":{"@type":"EntryPoint","urlTemplate":"https:\/\/jornalfatosenoticias.com.br\/?s={search_term_string}"},"query-input":{"@type":"PropertyValueSpecification","valueRequired":true,"valueName":"search_term_string"}}],"inLanguage":"pt-BR"},{"@type":"Organization","@id":"https:\/\/jornalfatosenoticias.com.br\/#organization","name":"Jornal Fatos e Not\u00edcias","url":"https:\/\/jornalfatosenoticias.com.br\/","logo":{"@type":"ImageObject","inLanguage":"pt-BR","@id":"https:\/\/jornalfatosenoticias.com.br\/#\/schema\/logo\/image\/","url":"https:\/\/jornalfatosenoticias.com.br\/wp-content\/uploads\/2020\/02\/logo120.png","contentUrl":"https:\/\/jornalfatosenoticias.com.br\/wp-content\/uploads\/2020\/02\/logo120.png","width":1227,"height":120,"caption":"Jornal Fatos e Not\u00edcias"},"image":{"@id":"https:\/\/jornalfatosenoticias.com.br\/#\/schema\/logo\/image\/"}},{"@type":"Person","@id":"https:\/\/jornalfatosenoticias.com.br\/#\/schema\/person\/d63837fa13ac8666eb9e74e0985d6f81","name":"Luzimara Fernandes","image":{"@type":"ImageObject","inLanguage":"pt-BR","@id":"https:\/\/jornalfatosenoticias.com.br\/#\/schema\/person\/image\/","url":"https:\/\/jornalfatosenoticias.com.br\/wp-content\/uploads\/2025\/05\/EU_portal.jpg","contentUrl":"https:\/\/jornalfatosenoticias.com.br\/wp-content\/uploads\/2025\/05\/EU_portal.jpg","caption":"Luzimara Fernandes"},"description":"Jornalista MTB 2358-ES","sameAs":["https:\/\/jornalfatosenoticias.com.br"],"url":"https:\/\/jornalfatosenoticias.com.br\/index.php\/author\/luzimara\/"}]}},"cc_featured_image_caption":{"caption_text":"(Foto: Ellen Campanharo\/Ales)","source_text":"","source_url":""},"jetpack_featured_media_url":"https:\/\/jornalfatosenoticias.com.br\/wp-content\/uploads\/2021\/03\/majeski.jpg","_links":{"self":[{"href":"https:\/\/jornalfatosenoticias.com.br\/index.php\/wp-json\/wp\/v2\/posts\/15981","targetHints":{"allow":["GET"]}}],"collection":[{"href":"https:\/\/jornalfatosenoticias.com.br\/index.php\/wp-json\/wp\/v2\/posts"}],"about":[{"href":"https:\/\/jornalfatosenoticias.com.br\/index.php\/wp-json\/wp\/v2\/types\/post"}],"author":[{"embeddable":true,"href":"https:\/\/jornalfatosenoticias.com.br\/index.php\/wp-json\/wp\/v2\/users\/2"}],"replies":[{"embeddable":true,"href":"https:\/\/jornalfatosenoticias.com.br\/index.php\/wp-json\/wp\/v2\/comments?post=15981"}],"version-history":[{"count":0,"href":"https:\/\/jornalfatosenoticias.com.br\/index.php\/wp-json\/wp\/v2\/posts\/15981\/revisions"}],"wp:featuredmedia":[{"embeddable":true,"href":"https:\/\/jornalfatosenoticias.com.br\/index.php\/wp-json\/wp\/v2\/media\/15982"}],"wp:attachment":[{"href":"https:\/\/jornalfatosenoticias.com.br\/index.php\/wp-json\/wp\/v2\/media?parent=15981"}],"wp:term":[{"taxonomy":"category","embeddable":true,"href":"https:\/\/jornalfatosenoticias.com.br\/index.php\/wp-json\/wp\/v2\/categories?post=15981"},{"taxonomy":"post_tag","embeddable":true,"href":"https:\/\/jornalfatosenoticias.com.br\/index.php\/wp-json\/wp\/v2\/tags?post=15981"}],"curies":[{"name":"wp","href":"https:\/\/api.w.org\/{rel}","templated":true}]}}