{"id":15991,"date":"2021-03-19T15:55:07","date_gmt":"2021-03-19T18:55:07","guid":{"rendered":"https:\/\/jornalfatosenoticias.com.br\/?p=15991"},"modified":"2021-03-19T15:55:12","modified_gmt":"2021-03-19T18:55:12","slug":"novo-satelite-brasileiro-sera-colocado-em-orbita-nesta-madrugada","status":"publish","type":"post","link":"https:\/\/jornalfatosenoticias.com.br\/index.php\/2021\/03\/19\/novo-satelite-brasileiro-sera-colocado-em-orbita-nesta-madrugada\/","title":{"rendered":"Novo sat\u00e9lite brasileiro ser\u00e1 colocado em \u00f3rbita nesta madrugada"},"content":{"rendered":"\n<h6 class=\"wp-block-heading\"><em>O nanossat\u00e9lite ser\u00e1 lan\u00e7ado do Cazaquist\u00e3o e promete auxiliar no estudo cient\u00edfico do Brasil<\/em><\/h6>\n\n\n\n<p>Na madrugada deste s\u00e1bado (20), o Minist\u00e9rio da Ci\u00eancia, Tecnologia e Inova\u00e7\u00e3o (MCTIC) colocar\u00e1 em \u00f3rbita o novo <a href=\"https:\/\/aventurasnahistoria.uol.com.br\/noticias\/historia-hoje\/primeiro-100-brasileiro-amazonia-1-chega-orbita-com-sucesso-e-inicia-transmissao-de-dados.phtml\" rel=\"noreferrer noopener\" target=\"_blank\">sat\u00e9lite<\/a>, totalmente nacional, em parceria com a ag\u00eancia Roscosmos, da R\u00fassia. A informa\u00e7\u00e3o foi divulgada pelo portal IG.<br>O lan\u00e7amento do nanossat\u00e9lite, nomeado de NanoSatC-Br2, ocorrer\u00e1 a partir do Cosm\u00f3dromo de Baikonur, localizado no <a href=\"https:\/\/aventurasnahistoria.uol.com.br\/noticias\/historia-hoje\/homem-do-cazaquistao-denuncia-tortura-em-campos-de-reeducacao-na-china.phtml\" rel=\"noreferrer noopener\" target=\"_blank\">Cazaquist\u00e3o<\/a>. O objeto ser\u00e1 enviado ao\u00a0<a href=\"https:\/\/aventurasnahistoria.uol.com.br\/noticias\/reportagem\/historia-sete-coisas-estranhas-que-foram-deixadas-na-lua.phtml\" rel=\"noreferrer noopener\" target=\"_blank\">espa\u00e7o<\/a> no foguete Soyuz-2.1A, que j\u00e1 vem sendo utilizado nas \u00faltimas miss\u00f5es de Baikonur.<br>De acordo com informa\u00e7\u00f5es do Instituto Nacional de Pesquisas Espaciais (Inpe), o <a href=\"https:\/\/aventurasnahistoria.uol.com.br\/noticias\/historia-hoje\/satelite-americano-e-capaz-de-ver-atraves-das-paredes-e-captar-imagens-do-mundo.phtml\" rel=\"noreferrer noopener\" target=\"_blank\">sat\u00e9lite<\/a> pesa apenas 1,7 quilo.<br>Segundo o professor <strong>Eduardo Escobar B\u00fcrger<\/strong>, da Universidade Federal de Santa Maria, os alunos ir\u00e3o auxiliar na coleta de dados cient\u00edficos.<\/p>\n\n\n\n<blockquote class=\"wp-block-quote is-layout-flow wp-block-quote-is-layout-flow\"><p>\u201cO sat\u00e9lite tem quatro objetivos. O cient\u00edfico, o tecnol\u00f3gico, o educacional \u2014 que \u00e9 a participa\u00e7\u00e3o dos alunos em todas as fases do ciclo de vida [do equipamento] \u2014 como tamb\u00e9m a miss\u00e3o dos radioamadores, que v\u00e3o enviar sinais para o sat\u00e9lite, que por sua vez repetir\u00e1 o sinal de volta\u201d, afirmou o estudioso.<\/p><\/blockquote>\n\n\n\n<p>Voc\u00ea poder\u00e1 assistir ao lan\u00e7amento a partir das 3h07 deste s\u00e1bado (20) nas redes sociais da EBC, al\u00e9m de acompanhar a transmiss\u00e3o ao vivo da Ag\u00eancia Brasil e TV Brasil.<\/p>\n\n\n\n<h4 class=\"wp-block-heading\">Os prim\u00f3rdios do sistema solar<\/h4>\n\n\n\n<p>Alguns corpos do sistema solar s\u00e3o conhecidos desde a Antiguidade, j\u00e1 que s\u00e3o vis\u00edveis a olho nu. Mas foi apenas anos depois que o homem come\u00e7ou a entender o que realmente se passa no c\u00e9u \u2014 inclusive a perceber que a Terra n\u00e3o era o centro do Universo.<br>Ptolomeu, astr\u00f4nomo de Alexandria, lan\u00e7ou a teoria de que a Terra \u00e9 o centro do Universo e os corpos celestes giram em torno dela. Al\u00e9m do <a href=\"https:\/\/aventurasnahistoria.uol.com.br\/noticias\/historia-hoje\/saiba-tudo-sobre-o-eclipse-solar-que-podera-ser-visto-no-brasil-nesta-segunda-feira-14.phtml\" rel=\"noreferrer noopener\" target=\"_blank\">Sol<\/a> e da Lua, j\u00e1 eram conhecidos Merc\u00fario, V\u00eanus, Marte, J\u00fapiter e Saturno \u2014 todos vistos a olho nu. Por conta da cor, Marte recebeu dos romanos o nome do deus da guerra. Na \u00c1sia, era a \u201cEstrela de Fogo\u201d. No Egito, \u201cO Vermelho\u201d.<br>J\u00e1 outro grande momento se deu com o polon\u00eas Nicolau Cop\u00e9rnico, que virou o mundo do avesso ao elaborar, a partir de 1514, uma teoria que corrigia as ideias de Ptolomeu (e tamb\u00e9m do fil\u00f3sofo Arist\u00f3teles). A Terra n\u00e3o \u00e9 o centro do Universo: \u00e9 apenas um planeta que gira em torno do Sol. Nascia a teoria helioc\u00eantrica.<br>Em 1610, Galileu Galilei descobriu quatro sat\u00e9lites de J\u00fapiter, entre eles Ganimedes (a maior lua do sistema solar). Ele tornou-se um defensor da teoria de Cop\u00e9rnico e acabou julgado pela Inquisi\u00e7\u00e3o. Para n\u00e3o ser condenado, declarou que a teoria era apenas uma hip\u00f3tese e deu um tempo nos estudos \u2014 s\u00f3 retomados sete anos mais tarde.<\/p>\n\n\n\n<p><strong><em>Fonte: <a href=\"https:\/\/aventurasnahistoria.uol.com.br\/noticias\/historia-hoje\/novo-satelite-brasileiro-sera-colocado-em-orbita-nesta-madrugada-20-saiba-como-assistir.phtml\">Aventuras na Hist\u00f3ria<\/a><\/em><\/strong><\/p>\n","protected":false},"excerpt":{"rendered":"<p>O nanossat\u00e9lite ser\u00e1 lan\u00e7ado do Cazaquist\u00e3o e promete auxiliar no estudo cient\u00edfico do Brasil Na madrugada deste s\u00e1bado (20), o Minist\u00e9rio da Ci\u00eancia, Tecnologia e Inova\u00e7\u00e3o (MCTIC) colocar\u00e1 em \u00f3rbita o novo sat\u00e9lite, totalmente nacional, em parceria com a ag\u00eancia Roscosmos, da R\u00fassia. A informa\u00e7\u00e3o foi divulgada pelo portal IG.O lan\u00e7amento do nanossat\u00e9lite, nomeado de [&hellip;]<\/p>\n","protected":false},"author":2,"featured_media":15992,"comment_status":"open","ping_status":"open","sticky":false,"template":"","format":"standard","meta":{"footnotes":""},"categories":[2],"tags":[472,597,8103,166,86,8104,788,575],"class_list":["post-15991","post","type-post","status-publish","format-standard","has-post-thumbnail","hentry","category-ciencia","tag-astronomia","tag-brasil","tag-cazaquistao","tag-ciencia","tag-espaco","tag-nanossatelite","tag-orbitas","tag-satelite"],"yoast_head":"<!-- This site is optimized with the Yoast SEO plugin v26.5 - https:\/\/yoast.com\/wordpress\/plugins\/seo\/ -->\n<title>Novo sat\u00e9lite brasileiro ser\u00e1 colocado em \u00f3rbita nesta madrugada - Jornal Fatos e Not\u00edcias<\/title>\n<meta name=\"robots\" content=\"index, follow, max-snippet:-1, max-image-preview:large, max-video-preview:-1\" \/>\n<link rel=\"canonical\" href=\"https:\/\/jornalfatosenoticias.com.br\/index.php\/2021\/03\/19\/novo-satelite-brasileiro-sera-colocado-em-orbita-nesta-madrugada\/\" \/>\n<meta property=\"og:locale\" content=\"pt_BR\" \/>\n<meta property=\"og:type\" content=\"article\" \/>\n<meta property=\"og:title\" content=\"Novo sat\u00e9lite brasileiro ser\u00e1 colocado em \u00f3rbita nesta madrugada - Jornal Fatos e Not\u00edcias\" \/>\n<meta property=\"og:description\" content=\"O nanossat\u00e9lite ser\u00e1 lan\u00e7ado do Cazaquist\u00e3o e promete auxiliar no estudo cient\u00edfico do Brasil Na madrugada deste s\u00e1bado (20), o Minist\u00e9rio da Ci\u00eancia, Tecnologia e Inova\u00e7\u00e3o (MCTIC) colocar\u00e1 em \u00f3rbita o novo sat\u00e9lite, totalmente nacional, em parceria com a ag\u00eancia Roscosmos, da R\u00fassia. A informa\u00e7\u00e3o foi divulgada pelo portal IG.O lan\u00e7amento do nanossat\u00e9lite, nomeado de [&hellip;]\" \/>\n<meta property=\"og:url\" content=\"https:\/\/jornalfatosenoticias.com.br\/index.php\/2021\/03\/19\/novo-satelite-brasileiro-sera-colocado-em-orbita-nesta-madrugada\/\" \/>\n<meta property=\"og:site_name\" content=\"Jornal Fatos e Not\u00edcias\" \/>\n<meta property=\"article:published_time\" content=\"2021-03-19T18:55:07+00:00\" \/>\n<meta property=\"article:modified_time\" content=\"2021-03-19T18:55:12+00:00\" \/>\n<meta property=\"og:image\" content=\"https:\/\/jornalfatosenoticias.com.br\/wp-content\/uploads\/2021\/03\/nanossatelite-brasileiro_capa.jpg\" \/>\n\t<meta property=\"og:image:width\" content=\"1000\" \/>\n\t<meta property=\"og:image:height\" content=\"562\" \/>\n\t<meta property=\"og:image:type\" content=\"image\/jpeg\" \/>\n<meta name=\"author\" content=\"Luzimara Fernandes\" \/>\n<meta name=\"twitter:card\" content=\"summary_large_image\" \/>\n<meta name=\"twitter:label1\" content=\"Escrito por\" \/>\n\t<meta name=\"twitter:data1\" content=\"Luzimara Fernandes\" \/>\n\t<meta name=\"twitter:label2\" content=\"Est. tempo de leitura\" \/>\n\t<meta name=\"twitter:data2\" content=\"2 minutos\" \/>\n<script type=\"application\/ld+json\" class=\"yoast-schema-graph\">{\"@context\":\"https:\/\/schema.org\",\"@graph\":[{\"@type\":\"Article\",\"@id\":\"https:\/\/jornalfatosenoticias.com.br\/index.php\/2021\/03\/19\/novo-satelite-brasileiro-sera-colocado-em-orbita-nesta-madrugada\/#article\",\"isPartOf\":{\"@id\":\"https:\/\/jornalfatosenoticias.com.br\/index.php\/2021\/03\/19\/novo-satelite-brasileiro-sera-colocado-em-orbita-nesta-madrugada\/\"},\"author\":{\"name\":\"Luzimara Fernandes\",\"@id\":\"https:\/\/jornalfatosenoticias.com.br\/#\/schema\/person\/d63837fa13ac8666eb9e74e0985d6f81\"},\"headline\":\"Novo sat\u00e9lite brasileiro ser\u00e1 colocado em \u00f3rbita nesta madrugada\",\"datePublished\":\"2021-03-19T18:55:07+00:00\",\"dateModified\":\"2021-03-19T18:55:12+00:00\",\"mainEntityOfPage\":{\"@id\":\"https:\/\/jornalfatosenoticias.com.br\/index.php\/2021\/03\/19\/novo-satelite-brasileiro-sera-colocado-em-orbita-nesta-madrugada\/\"},\"wordCount\":509,\"commentCount\":0,\"publisher\":{\"@id\":\"https:\/\/jornalfatosenoticias.com.br\/#organization\"},\"image\":{\"@id\":\"https:\/\/jornalfatosenoticias.com.br\/index.php\/2021\/03\/19\/novo-satelite-brasileiro-sera-colocado-em-orbita-nesta-madrugada\/#primaryimage\"},\"thumbnailUrl\":\"https:\/\/jornalfatosenoticias.com.br\/wp-content\/uploads\/2021\/03\/nanossatelite-brasileiro_capa.jpg\",\"keywords\":[\"Astronomia\",\"Brasil\",\"Cazaquist\u00e3o\",\"ci\u00eancia\",\"espa\u00e7o\",\"nanossat\u00e9lite\",\"\u00f3rbitas\",\"sat\u00e9lite\"],\"articleSection\":[\"Ci\u00eancia\"],\"inLanguage\":\"pt-BR\",\"potentialAction\":[{\"@type\":\"CommentAction\",\"name\":\"Comment\",\"target\":[\"https:\/\/jornalfatosenoticias.com.br\/index.php\/2021\/03\/19\/novo-satelite-brasileiro-sera-colocado-em-orbita-nesta-madrugada\/#respond\"]}]},{\"@type\":\"WebPage\",\"@id\":\"https:\/\/jornalfatosenoticias.com.br\/index.php\/2021\/03\/19\/novo-satelite-brasileiro-sera-colocado-em-orbita-nesta-madrugada\/\",\"url\":\"https:\/\/jornalfatosenoticias.com.br\/index.php\/2021\/03\/19\/novo-satelite-brasileiro-sera-colocado-em-orbita-nesta-madrugada\/\",\"name\":\"Novo sat\u00e9lite brasileiro ser\u00e1 colocado em \u00f3rbita nesta madrugada - Jornal Fatos e Not\u00edcias\",\"isPartOf\":{\"@id\":\"https:\/\/jornalfatosenoticias.com.br\/#website\"},\"primaryImageOfPage\":{\"@id\":\"https:\/\/jornalfatosenoticias.com.br\/index.php\/2021\/03\/19\/novo-satelite-brasileiro-sera-colocado-em-orbita-nesta-madrugada\/#primaryimage\"},\"image\":{\"@id\":\"https:\/\/jornalfatosenoticias.com.br\/index.php\/2021\/03\/19\/novo-satelite-brasileiro-sera-colocado-em-orbita-nesta-madrugada\/#primaryimage\"},\"thumbnailUrl\":\"https:\/\/jornalfatosenoticias.com.br\/wp-content\/uploads\/2021\/03\/nanossatelite-brasileiro_capa.jpg\",\"datePublished\":\"2021-03-19T18:55:07+00:00\",\"dateModified\":\"2021-03-19T18:55:12+00:00\",\"breadcrumb\":{\"@id\":\"https:\/\/jornalfatosenoticias.com.br\/index.php\/2021\/03\/19\/novo-satelite-brasileiro-sera-colocado-em-orbita-nesta-madrugada\/#breadcrumb\"},\"inLanguage\":\"pt-BR\",\"potentialAction\":[{\"@type\":\"ReadAction\",\"target\":[\"https:\/\/jornalfatosenoticias.com.br\/index.php\/2021\/03\/19\/novo-satelite-brasileiro-sera-colocado-em-orbita-nesta-madrugada\/\"]}]},{\"@type\":\"ImageObject\",\"inLanguage\":\"pt-BR\",\"@id\":\"https:\/\/jornalfatosenoticias.com.br\/index.php\/2021\/03\/19\/novo-satelite-brasileiro-sera-colocado-em-orbita-nesta-madrugada\/#primaryimage\",\"url\":\"https:\/\/jornalfatosenoticias.com.br\/wp-content\/uploads\/2021\/03\/nanossatelite-brasileiro_capa.jpg\",\"contentUrl\":\"https:\/\/jornalfatosenoticias.com.br\/wp-content\/uploads\/2021\/03\/nanossatelite-brasileiro_capa.jpg\",\"width\":1000,\"height\":562},{\"@type\":\"BreadcrumbList\",\"@id\":\"https:\/\/jornalfatosenoticias.com.br\/index.php\/2021\/03\/19\/novo-satelite-brasileiro-sera-colocado-em-orbita-nesta-madrugada\/#breadcrumb\",\"itemListElement\":[{\"@type\":\"ListItem\",\"position\":1,\"name\":\"In\u00edcio\",\"item\":\"https:\/\/jornalfatosenoticias.com.br\/\"},{\"@type\":\"ListItem\",\"position\":2,\"name\":\"Novo sat\u00e9lite brasileiro ser\u00e1 colocado em \u00f3rbita nesta madrugada\"}]},{\"@type\":\"WebSite\",\"@id\":\"https:\/\/jornalfatosenoticias.com.br\/#website\",\"url\":\"https:\/\/jornalfatosenoticias.com.br\/\",\"name\":\"Jornal Fatos e Not\u00edcias\",\"description\":\"Not\u00edcias em geral\",\"publisher\":{\"@id\":\"https:\/\/jornalfatosenoticias.com.br\/#organization\"},\"potentialAction\":[{\"@type\":\"SearchAction\",\"target\":{\"@type\":\"EntryPoint\",\"urlTemplate\":\"https:\/\/jornalfatosenoticias.com.br\/?s={search_term_string}\"},\"query-input\":{\"@type\":\"PropertyValueSpecification\",\"valueRequired\":true,\"valueName\":\"search_term_string\"}}],\"inLanguage\":\"pt-BR\"},{\"@type\":\"Organization\",\"@id\":\"https:\/\/jornalfatosenoticias.com.br\/#organization\",\"name\":\"Jornal Fatos e Not\u00edcias\",\"url\":\"https:\/\/jornalfatosenoticias.com.br\/\",\"logo\":{\"@type\":\"ImageObject\",\"inLanguage\":\"pt-BR\",\"@id\":\"https:\/\/jornalfatosenoticias.com.br\/#\/schema\/logo\/image\/\",\"url\":\"https:\/\/jornalfatosenoticias.com.br\/wp-content\/uploads\/2020\/02\/logo120.png\",\"contentUrl\":\"https:\/\/jornalfatosenoticias.com.br\/wp-content\/uploads\/2020\/02\/logo120.png\",\"width\":1227,\"height\":120,\"caption\":\"Jornal Fatos e Not\u00edcias\"},\"image\":{\"@id\":\"https:\/\/jornalfatosenoticias.com.br\/#\/schema\/logo\/image\/\"}},{\"@type\":\"Person\",\"@id\":\"https:\/\/jornalfatosenoticias.com.br\/#\/schema\/person\/d63837fa13ac8666eb9e74e0985d6f81\",\"name\":\"Luzimara Fernandes\",\"image\":{\"@type\":\"ImageObject\",\"inLanguage\":\"pt-BR\",\"@id\":\"https:\/\/jornalfatosenoticias.com.br\/#\/schema\/person\/image\/\",\"url\":\"https:\/\/jornalfatosenoticias.com.br\/wp-content\/uploads\/2025\/05\/EU_portal.jpg\",\"contentUrl\":\"https:\/\/jornalfatosenoticias.com.br\/wp-content\/uploads\/2025\/05\/EU_portal.jpg\",\"caption\":\"Luzimara Fernandes\"},\"description\":\"Jornalista MTB 2358-ES\",\"sameAs\":[\"https:\/\/jornalfatosenoticias.com.br\"],\"url\":\"https:\/\/jornalfatosenoticias.com.br\/index.php\/author\/luzimara\/\"}]}<\/script>\n<!-- \/ Yoast SEO plugin. -->","yoast_head_json":{"title":"Novo sat\u00e9lite brasileiro ser\u00e1 colocado em \u00f3rbita nesta madrugada - Jornal Fatos e Not\u00edcias","robots":{"index":"index","follow":"follow","max-snippet":"max-snippet:-1","max-image-preview":"max-image-preview:large","max-video-preview":"max-video-preview:-1"},"canonical":"https:\/\/jornalfatosenoticias.com.br\/index.php\/2021\/03\/19\/novo-satelite-brasileiro-sera-colocado-em-orbita-nesta-madrugada\/","og_locale":"pt_BR","og_type":"article","og_title":"Novo sat\u00e9lite brasileiro ser\u00e1 colocado em \u00f3rbita nesta madrugada - Jornal Fatos e Not\u00edcias","og_description":"O nanossat\u00e9lite ser\u00e1 lan\u00e7ado do Cazaquist\u00e3o e promete auxiliar no estudo cient\u00edfico do Brasil Na madrugada deste s\u00e1bado (20), o Minist\u00e9rio da Ci\u00eancia, Tecnologia e Inova\u00e7\u00e3o (MCTIC) colocar\u00e1 em \u00f3rbita o novo sat\u00e9lite, totalmente nacional, em parceria com a ag\u00eancia Roscosmos, da R\u00fassia. A informa\u00e7\u00e3o foi divulgada pelo portal IG.O lan\u00e7amento do nanossat\u00e9lite, nomeado de [&hellip;]","og_url":"https:\/\/jornalfatosenoticias.com.br\/index.php\/2021\/03\/19\/novo-satelite-brasileiro-sera-colocado-em-orbita-nesta-madrugada\/","og_site_name":"Jornal Fatos e Not\u00edcias","article_published_time":"2021-03-19T18:55:07+00:00","article_modified_time":"2021-03-19T18:55:12+00:00","og_image":[{"width":1000,"height":562,"url":"https:\/\/jornalfatosenoticias.com.br\/wp-content\/uploads\/2021\/03\/nanossatelite-brasileiro_capa.jpg","type":"image\/jpeg"}],"author":"Luzimara Fernandes","twitter_card":"summary_large_image","twitter_misc":{"Escrito por":"Luzimara Fernandes","Est. tempo de leitura":"2 minutos"},"schema":{"@context":"https:\/\/schema.org","@graph":[{"@type":"Article","@id":"https:\/\/jornalfatosenoticias.com.br\/index.php\/2021\/03\/19\/novo-satelite-brasileiro-sera-colocado-em-orbita-nesta-madrugada\/#article","isPartOf":{"@id":"https:\/\/jornalfatosenoticias.com.br\/index.php\/2021\/03\/19\/novo-satelite-brasileiro-sera-colocado-em-orbita-nesta-madrugada\/"},"author":{"name":"Luzimara Fernandes","@id":"https:\/\/jornalfatosenoticias.com.br\/#\/schema\/person\/d63837fa13ac8666eb9e74e0985d6f81"},"headline":"Novo sat\u00e9lite brasileiro ser\u00e1 colocado em \u00f3rbita nesta madrugada","datePublished":"2021-03-19T18:55:07+00:00","dateModified":"2021-03-19T18:55:12+00:00","mainEntityOfPage":{"@id":"https:\/\/jornalfatosenoticias.com.br\/index.php\/2021\/03\/19\/novo-satelite-brasileiro-sera-colocado-em-orbita-nesta-madrugada\/"},"wordCount":509,"commentCount":0,"publisher":{"@id":"https:\/\/jornalfatosenoticias.com.br\/#organization"},"image":{"@id":"https:\/\/jornalfatosenoticias.com.br\/index.php\/2021\/03\/19\/novo-satelite-brasileiro-sera-colocado-em-orbita-nesta-madrugada\/#primaryimage"},"thumbnailUrl":"https:\/\/jornalfatosenoticias.com.br\/wp-content\/uploads\/2021\/03\/nanossatelite-brasileiro_capa.jpg","keywords":["Astronomia","Brasil","Cazaquist\u00e3o","ci\u00eancia","espa\u00e7o","nanossat\u00e9lite","\u00f3rbitas","sat\u00e9lite"],"articleSection":["Ci\u00eancia"],"inLanguage":"pt-BR","potentialAction":[{"@type":"CommentAction","name":"Comment","target":["https:\/\/jornalfatosenoticias.com.br\/index.php\/2021\/03\/19\/novo-satelite-brasileiro-sera-colocado-em-orbita-nesta-madrugada\/#respond"]}]},{"@type":"WebPage","@id":"https:\/\/jornalfatosenoticias.com.br\/index.php\/2021\/03\/19\/novo-satelite-brasileiro-sera-colocado-em-orbita-nesta-madrugada\/","url":"https:\/\/jornalfatosenoticias.com.br\/index.php\/2021\/03\/19\/novo-satelite-brasileiro-sera-colocado-em-orbita-nesta-madrugada\/","name":"Novo sat\u00e9lite brasileiro ser\u00e1 colocado em \u00f3rbita nesta madrugada - Jornal Fatos e Not\u00edcias","isPartOf":{"@id":"https:\/\/jornalfatosenoticias.com.br\/#website"},"primaryImageOfPage":{"@id":"https:\/\/jornalfatosenoticias.com.br\/index.php\/2021\/03\/19\/novo-satelite-brasileiro-sera-colocado-em-orbita-nesta-madrugada\/#primaryimage"},"image":{"@id":"https:\/\/jornalfatosenoticias.com.br\/index.php\/2021\/03\/19\/novo-satelite-brasileiro-sera-colocado-em-orbita-nesta-madrugada\/#primaryimage"},"thumbnailUrl":"https:\/\/jornalfatosenoticias.com.br\/wp-content\/uploads\/2021\/03\/nanossatelite-brasileiro_capa.jpg","datePublished":"2021-03-19T18:55:07+00:00","dateModified":"2021-03-19T18:55:12+00:00","breadcrumb":{"@id":"https:\/\/jornalfatosenoticias.com.br\/index.php\/2021\/03\/19\/novo-satelite-brasileiro-sera-colocado-em-orbita-nesta-madrugada\/#breadcrumb"},"inLanguage":"pt-BR","potentialAction":[{"@type":"ReadAction","target":["https:\/\/jornalfatosenoticias.com.br\/index.php\/2021\/03\/19\/novo-satelite-brasileiro-sera-colocado-em-orbita-nesta-madrugada\/"]}]},{"@type":"ImageObject","inLanguage":"pt-BR","@id":"https:\/\/jornalfatosenoticias.com.br\/index.php\/2021\/03\/19\/novo-satelite-brasileiro-sera-colocado-em-orbita-nesta-madrugada\/#primaryimage","url":"https:\/\/jornalfatosenoticias.com.br\/wp-content\/uploads\/2021\/03\/nanossatelite-brasileiro_capa.jpg","contentUrl":"https:\/\/jornalfatosenoticias.com.br\/wp-content\/uploads\/2021\/03\/nanossatelite-brasileiro_capa.jpg","width":1000,"height":562},{"@type":"BreadcrumbList","@id":"https:\/\/jornalfatosenoticias.com.br\/index.php\/2021\/03\/19\/novo-satelite-brasileiro-sera-colocado-em-orbita-nesta-madrugada\/#breadcrumb","itemListElement":[{"@type":"ListItem","position":1,"name":"In\u00edcio","item":"https:\/\/jornalfatosenoticias.com.br\/"},{"@type":"ListItem","position":2,"name":"Novo sat\u00e9lite brasileiro ser\u00e1 colocado em \u00f3rbita nesta madrugada"}]},{"@type":"WebSite","@id":"https:\/\/jornalfatosenoticias.com.br\/#website","url":"https:\/\/jornalfatosenoticias.com.br\/","name":"Jornal Fatos e Not\u00edcias","description":"Not\u00edcias em geral","publisher":{"@id":"https:\/\/jornalfatosenoticias.com.br\/#organization"},"potentialAction":[{"@type":"SearchAction","target":{"@type":"EntryPoint","urlTemplate":"https:\/\/jornalfatosenoticias.com.br\/?s={search_term_string}"},"query-input":{"@type":"PropertyValueSpecification","valueRequired":true,"valueName":"search_term_string"}}],"inLanguage":"pt-BR"},{"@type":"Organization","@id":"https:\/\/jornalfatosenoticias.com.br\/#organization","name":"Jornal Fatos e Not\u00edcias","url":"https:\/\/jornalfatosenoticias.com.br\/","logo":{"@type":"ImageObject","inLanguage":"pt-BR","@id":"https:\/\/jornalfatosenoticias.com.br\/#\/schema\/logo\/image\/","url":"https:\/\/jornalfatosenoticias.com.br\/wp-content\/uploads\/2020\/02\/logo120.png","contentUrl":"https:\/\/jornalfatosenoticias.com.br\/wp-content\/uploads\/2020\/02\/logo120.png","width":1227,"height":120,"caption":"Jornal Fatos e Not\u00edcias"},"image":{"@id":"https:\/\/jornalfatosenoticias.com.br\/#\/schema\/logo\/image\/"}},{"@type":"Person","@id":"https:\/\/jornalfatosenoticias.com.br\/#\/schema\/person\/d63837fa13ac8666eb9e74e0985d6f81","name":"Luzimara Fernandes","image":{"@type":"ImageObject","inLanguage":"pt-BR","@id":"https:\/\/jornalfatosenoticias.com.br\/#\/schema\/person\/image\/","url":"https:\/\/jornalfatosenoticias.com.br\/wp-content\/uploads\/2025\/05\/EU_portal.jpg","contentUrl":"https:\/\/jornalfatosenoticias.com.br\/wp-content\/uploads\/2025\/05\/EU_portal.jpg","caption":"Luzimara Fernandes"},"description":"Jornalista MTB 2358-ES","sameAs":["https:\/\/jornalfatosenoticias.com.br"],"url":"https:\/\/jornalfatosenoticias.com.br\/index.php\/author\/luzimara\/"}]}},"cc_featured_image_caption":{"caption_text":"(Foto: Divulga\u00e7\u00e3o\/Pixabay)","source_text":"","source_url":""},"jetpack_featured_media_url":"https:\/\/jornalfatosenoticias.com.br\/wp-content\/uploads\/2021\/03\/nanossatelite-brasileiro_capa.jpg","_links":{"self":[{"href":"https:\/\/jornalfatosenoticias.com.br\/index.php\/wp-json\/wp\/v2\/posts\/15991","targetHints":{"allow":["GET"]}}],"collection":[{"href":"https:\/\/jornalfatosenoticias.com.br\/index.php\/wp-json\/wp\/v2\/posts"}],"about":[{"href":"https:\/\/jornalfatosenoticias.com.br\/index.php\/wp-json\/wp\/v2\/types\/post"}],"author":[{"embeddable":true,"href":"https:\/\/jornalfatosenoticias.com.br\/index.php\/wp-json\/wp\/v2\/users\/2"}],"replies":[{"embeddable":true,"href":"https:\/\/jornalfatosenoticias.com.br\/index.php\/wp-json\/wp\/v2\/comments?post=15991"}],"version-history":[{"count":0,"href":"https:\/\/jornalfatosenoticias.com.br\/index.php\/wp-json\/wp\/v2\/posts\/15991\/revisions"}],"wp:featuredmedia":[{"embeddable":true,"href":"https:\/\/jornalfatosenoticias.com.br\/index.php\/wp-json\/wp\/v2\/media\/15992"}],"wp:attachment":[{"href":"https:\/\/jornalfatosenoticias.com.br\/index.php\/wp-json\/wp\/v2\/media?parent=15991"}],"wp:term":[{"taxonomy":"category","embeddable":true,"href":"https:\/\/jornalfatosenoticias.com.br\/index.php\/wp-json\/wp\/v2\/categories?post=15991"},{"taxonomy":"post_tag","embeddable":true,"href":"https:\/\/jornalfatosenoticias.com.br\/index.php\/wp-json\/wp\/v2\/tags?post=15991"}],"curies":[{"name":"wp","href":"https:\/\/api.w.org\/{rel}","templated":true}]}}