{"id":16045,"date":"2021-03-22T10:58:00","date_gmt":"2021-03-22T13:58:00","guid":{"rendered":"https:\/\/jornalfatosenoticias.com.br\/?p=16045"},"modified":"2021-03-22T10:58:06","modified_gmt":"2021-03-22T13:58:06","slug":"abaporu-o-quadro-que-criou-um-movimento","status":"publish","type":"post","link":"https:\/\/jornalfatosenoticias.com.br\/index.php\/2021\/03\/22\/abaporu-o-quadro-que-criou-um-movimento\/","title":{"rendered":"Abaporu, o quadro que criou um movimento"},"content":{"rendered":"\n<h6 class=\"wp-block-heading\"><em>Conhe\u00e7a a obra surrealista, que retrata a imagina\u00e7\u00e3o profunda<\/em><\/h6>\n\n\n\n<p>Em 1928, Tarsila do Amaral deu <a href=\"https:\/\/aventurasnahistoria.uol.com.br\/noticias\/reportagem\/o-grito-de-edvard-munch-o-enigma-de-mais-de-um-seculo-fonalmente-resolvido.phtml\">um quadro<\/a> de presente de anivers\u00e1rio ao marido, Oswald de Andrade. O quadro n\u00e3o tinha nome. Impressionado pela imagem, Oswald foi atr\u00e1s do poeta Raul Bopp, grande entendedor de tupi, para batiz\u00e1-lo.<br>Sa\u00edram com Abaporu \u2014 de aba (homem), pora (gente) eu (comer): o homem que come gente. Depois de ser apresentada ao surrealismo, numa viagem a Paris, Tarsila muda seu estilo de forma radical: de imagens l\u00fadicas, ela passa a, como os surrealistas europeus, tentar retratar o inconsciente, cenas de sonhos e pesadelos.<br>O Abaporu foi o primeiro <a href=\"https:\/\/aventurasnahistoria.uol.com.br\/noticias\/historia-hoje\/angelina-jolie-vende-pintura-feita-por-churchill-que-bate-recorde-em-leilao.phtml\">quadro<\/a> dessa fase e deve ser entendido como o que \u00e9: uma obra surrealista, retratando a imagina\u00e7\u00e3o profunda e, \u00e0s vezes, m\u00f3rbida, n\u00e3o o retrato de algo sa\u00eddo da vida real.<br>N\u00e3o \u00e9 feito para agradar os olhos, n\u00e3o num sentido convencional. O que n\u00e3o quer dizer que n\u00e3o h\u00e1 o que ser dito sobre seu significado. Oswald e Bopp criaram um movimento em torno do quadro.<br>Meses depois, o marido de Tarsila publicou seu Manifesto Antropof\u00e1gico, contendo o eterno \u201cTupi, or not tupi, that is the question\u201d. Em 1924, o escritor havia divulgado o Manifesto Pau-Brasil, que convocava os poetas a exaltarem as peculiaridades do Brasil.<br>Agora, ele dava um m\u00e9todo para isso, que era \u201cdevorar\u201d a cultura ocidental e transform\u00e1-la em nacional: \u201cAbsor\u00e7\u00e3o do inimigo sacro. Para transform\u00e1-lo em totem\u201d.<\/p>\n\n\n\n<figure class=\"wp-block-image size-large\"><img loading=\"lazy\" decoding=\"async\" width=\"1000\" height=\"573\" src=\"https:\/\/jornalfatosenoticias.com.br\/wp-content\/uploads\/2021\/03\/abaporu2.jpg\" alt=\"\" class=\"wp-image-16046\" srcset=\"https:\/\/jornalfatosenoticias.com.br\/wp-content\/uploads\/2021\/03\/abaporu2.jpg 1000w, https:\/\/jornalfatosenoticias.com.br\/wp-content\/uploads\/2021\/03\/abaporu2-300x172.jpg 300w, https:\/\/jornalfatosenoticias.com.br\/wp-content\/uploads\/2021\/03\/abaporu2-768x440.jpg 768w\" sizes=\"auto, (max-width: 1000px) 100vw, 1000px\" \/><figcaption><em>A obra Abaporu (Foto: Malba\/Museu de Arte Latino-Americano de Buenos Aires)<\/em><\/figcaption><\/figure>\n\n\n\n<h4 class=\"wp-block-heading\">Pensando nisso, separamos cinco curiosidades sobre os detalhes presentes na obra. Confira!<\/h4>\n\n\n\n<ol class=\"wp-block-list\"><li><strong>Aula pr\u00e1tica<br><\/strong>Abaporu n\u00e3o \u00e9 um estudo sobre a antropofagia, \u00e9 ela em a\u00e7\u00e3o antes de sequer ganhar nome. O quadro \u00e9 uma obra de inspira\u00e7\u00e3o surrealista \u2014 uma ideia europeia, radical e jovem \u2014 com tem\u00e1tica brasileira.<br>Tamb\u00e9m referencia a famosa escultura O Pensador, de Auguste Rodin, revestindo-a de um significado novo. Exatamente como pregaria o Manifesto Antropof\u00e1gico.<\/li><li><strong>Homem nu<br><\/strong>A nudez aproxima a figura ao \u00edndio do Brasil pr\u00e9-cabraliano, ainda que ele n\u00e3o tenha nem os adere\u00e7os nem o tom de pele dos nativos \u2014 nem mesmo seu g\u00eanero est\u00e1 claro.<br>Uma forma de representar um brasileiro atemporal. H\u00e1 tamb\u00e9m algo de freudiano \u2014 a psican\u00e1lise era frequentemente citada pelo movimento antropof\u00e1gico \u2014 nessa nudez, a nega\u00e7\u00e3o das inibi\u00e7\u00f5es de uma cultura europeia, a marca de uma escolha primitivista.<\/li><li><strong>O homem que trabalha<br><\/strong>A m\u00e3o gigante, quando comparada com a cabe\u00e7a min\u00fascula, remete ao trabalhador bra\u00e7al, que vende sua for\u00e7a, n\u00e3o pensamentos.<br>Ele \u00e9 retratado num momento de descanso. Notavelmente, a pintora retornaria ao tema dos trabalhadores, dessa vez urbanos, em Oper\u00e1rios, de 1933, ap\u00f3s sua visita \u00e0 Uni\u00e3o Sovi\u00e9tica, em outra fase de seu trabalho.<\/li><li><strong>Verde e amarelo<br><\/strong>Os cr\u00edticos do exterior notaram as cores \u201ctropicais\u201d na obra da pintora. Mas a escolha n\u00e3o parece ser acidental. O amarelo da flor contrasta com o verde da planta, em tons quase id\u00eanticos aos da bandeira brasileira.<br>Parece um sol, mas essa parte n\u00e3o est\u00e1 aberta a interpreta\u00e7\u00f5es: a pr\u00f3pria Tarsila chamou o objeto de \u201ccacto explodindo em uma flor absurda\u201d.<\/li><li><strong>P\u00e9 grande<br><\/strong>O p\u00e9, ainda mais exagerado que a m\u00e3o, \u00e9 a liga\u00e7\u00e3o entre o homem e o solo, uma conex\u00e3o que os modernistas tentavam estabelecer com o Brasil. Tarsila e os outros modernistas tentavam superar a mania secular de copiar modelos europeus, mas de forma rebelde e cosmopolita, sem aderir ao provincianismo rom\u00e2ntico.<\/li><li><strong>Sert\u00e3o<br><\/strong>O cacto contextualiza a cena no sert\u00e3o nordestino. Tarsila e os demais modernistas eram paulistas brancos, de fam\u00edlias de classe alta, quando o estado j\u00e1 era o cora\u00e7\u00e3o da economia nacional \u2014 na \u00e9poca, baseada em exporta\u00e7\u00f5es de caf\u00e9.<br>Uma obra do centro localizada na periferia era uma tentativa de englobar, abarcar um Brasil que n\u00e3o era s\u00f3 o dos paulistas.<\/li><\/ol>\n\n\n\n<figure class=\"wp-block-image size-large\"><img loading=\"lazy\" decoding=\"async\" width=\"1000\" height=\"600\" src=\"https:\/\/jornalfatosenoticias.com.br\/wp-content\/uploads\/2021\/03\/tarsila-amaral.jpg\" alt=\"\" class=\"wp-image-16047\" srcset=\"https:\/\/jornalfatosenoticias.com.br\/wp-content\/uploads\/2021\/03\/tarsila-amaral.jpg 1000w, https:\/\/jornalfatosenoticias.com.br\/wp-content\/uploads\/2021\/03\/tarsila-amaral-300x180.jpg 300w, https:\/\/jornalfatosenoticias.com.br\/wp-content\/uploads\/2021\/03\/tarsila-amaral-768x461.jpg 768w\" sizes=\"auto, (max-width: 1000px) 100vw, 1000px\" \/><figcaption><em>Autorretrato (Manteau Rouge) (Foto: Tarsila do Amaral)<\/em><\/figcaption><\/figure>\n\n\n\n<p><em><strong>Foto de capa: <\/strong>Malba\/Museu de Arte Latino-Americano de Buenos Aires<\/em><\/p>\n\n\n\n<p><strong><em>Fonte: <a href=\"https:\/\/aventurasnahistoria.uol.com.br\/noticias\/almanaque\/abaporu-o-quadro-que-criou-um-movimento.phtml\">Aventuras na Hist\u00f3ria<\/a><\/em><\/strong><\/p>\n","protected":false},"excerpt":{"rendered":"<p>Conhe\u00e7a a obra surrealista, que retrata a imagina\u00e7\u00e3o profunda Em 1928, Tarsila do Amaral deu um quadro de presente de anivers\u00e1rio ao marido, Oswald de Andrade. O quadro n\u00e3o tinha nome. Impressionado pela imagem, Oswald foi atr\u00e1s do poeta Raul Bopp, grande entendedor de tupi, para batiz\u00e1-lo.Sa\u00edram com Abaporu \u2014 de aba (homem), pora (gente) [&hellip;]<\/p>\n","protected":false},"author":2,"featured_media":16048,"comment_status":"open","ping_status":"open","sticky":false,"template":"","format":"standard","meta":{"footnotes":""},"categories":[4],"tags":[8135,3677,597,713,1310,4703,6728],"class_list":["post-16045","post","type-post","status-publish","format-standard","has-post-thumbnail","hentry","category-cultura","tag-abaporu","tag-arte","tag-brasil","tag-cultura","tag-obras","tag-pintura","tag-tarsila-do-amaral"],"yoast_head":"<!-- This site is optimized with the Yoast SEO plugin v26.5 - https:\/\/yoast.com\/wordpress\/plugins\/seo\/ -->\n<title>Abaporu, o quadro que criou um movimento - Jornal Fatos e Not\u00edcias<\/title>\n<meta name=\"robots\" content=\"index, follow, max-snippet:-1, max-image-preview:large, max-video-preview:-1\" \/>\n<link rel=\"canonical\" href=\"https:\/\/jornalfatosenoticias.com.br\/index.php\/2021\/03\/22\/abaporu-o-quadro-que-criou-um-movimento\/\" \/>\n<meta property=\"og:locale\" content=\"pt_BR\" \/>\n<meta property=\"og:type\" content=\"article\" \/>\n<meta property=\"og:title\" content=\"Abaporu, o quadro que criou um movimento - Jornal Fatos e Not\u00edcias\" \/>\n<meta property=\"og:description\" content=\"Conhe\u00e7a a obra surrealista, que retrata a imagina\u00e7\u00e3o profunda Em 1928, Tarsila do Amaral deu um quadro de presente de anivers\u00e1rio ao marido, Oswald de Andrade. O quadro n\u00e3o tinha nome. Impressionado pela imagem, Oswald foi atr\u00e1s do poeta Raul Bopp, grande entendedor de tupi, para batiz\u00e1-lo.Sa\u00edram com Abaporu \u2014 de aba (homem), pora (gente) [&hellip;]\" \/>\n<meta property=\"og:url\" content=\"https:\/\/jornalfatosenoticias.com.br\/index.php\/2021\/03\/22\/abaporu-o-quadro-que-criou-um-movimento\/\" \/>\n<meta property=\"og:site_name\" content=\"Jornal Fatos e Not\u00edcias\" \/>\n<meta property=\"article:published_time\" content=\"2021-03-22T13:58:00+00:00\" \/>\n<meta property=\"article:modified_time\" content=\"2021-03-22T13:58:06+00:00\" \/>\n<meta property=\"og:image\" content=\"https:\/\/jornalfatosenoticias.com.br\/wp-content\/uploads\/2021\/03\/abaporu.jpg\" \/>\n\t<meta property=\"og:image:width\" content=\"1000\" \/>\n\t<meta property=\"og:image:height\" content=\"562\" \/>\n\t<meta property=\"og:image:type\" content=\"image\/jpeg\" \/>\n<meta name=\"author\" content=\"Luzimara Fernandes\" \/>\n<meta name=\"twitter:card\" content=\"summary_large_image\" \/>\n<meta name=\"twitter:label1\" content=\"Escrito por\" \/>\n\t<meta name=\"twitter:data1\" content=\"Luzimara Fernandes\" \/>\n\t<meta name=\"twitter:label2\" content=\"Est. tempo de leitura\" \/>\n\t<meta name=\"twitter:data2\" content=\"3 minutos\" \/>\n<script type=\"application\/ld+json\" class=\"yoast-schema-graph\">{\"@context\":\"https:\/\/schema.org\",\"@graph\":[{\"@type\":\"Article\",\"@id\":\"https:\/\/jornalfatosenoticias.com.br\/index.php\/2021\/03\/22\/abaporu-o-quadro-que-criou-um-movimento\/#article\",\"isPartOf\":{\"@id\":\"https:\/\/jornalfatosenoticias.com.br\/index.php\/2021\/03\/22\/abaporu-o-quadro-que-criou-um-movimento\/\"},\"author\":{\"name\":\"Luzimara Fernandes\",\"@id\":\"https:\/\/jornalfatosenoticias.com.br\/#\/schema\/person\/d63837fa13ac8666eb9e74e0985d6f81\"},\"headline\":\"Abaporu, o quadro que criou um movimento\",\"datePublished\":\"2021-03-22T13:58:00+00:00\",\"dateModified\":\"2021-03-22T13:58:06+00:00\",\"mainEntityOfPage\":{\"@id\":\"https:\/\/jornalfatosenoticias.com.br\/index.php\/2021\/03\/22\/abaporu-o-quadro-que-criou-um-movimento\/\"},\"wordCount\":703,\"commentCount\":0,\"publisher\":{\"@id\":\"https:\/\/jornalfatosenoticias.com.br\/#organization\"},\"image\":{\"@id\":\"https:\/\/jornalfatosenoticias.com.br\/index.php\/2021\/03\/22\/abaporu-o-quadro-que-criou-um-movimento\/#primaryimage\"},\"thumbnailUrl\":\"https:\/\/jornalfatosenoticias.com.br\/wp-content\/uploads\/2021\/03\/abaporu.jpg\",\"keywords\":[\"Abaporu\",\"arte\",\"Brasil\",\"cultura\",\"obras\",\"pintura\",\"Tarsila do Amaral\"],\"articleSection\":[\"Cultura\"],\"inLanguage\":\"pt-BR\",\"potentialAction\":[{\"@type\":\"CommentAction\",\"name\":\"Comment\",\"target\":[\"https:\/\/jornalfatosenoticias.com.br\/index.php\/2021\/03\/22\/abaporu-o-quadro-que-criou-um-movimento\/#respond\"]}]},{\"@type\":\"WebPage\",\"@id\":\"https:\/\/jornalfatosenoticias.com.br\/index.php\/2021\/03\/22\/abaporu-o-quadro-que-criou-um-movimento\/\",\"url\":\"https:\/\/jornalfatosenoticias.com.br\/index.php\/2021\/03\/22\/abaporu-o-quadro-que-criou-um-movimento\/\",\"name\":\"Abaporu, o quadro que criou um movimento - Jornal Fatos e Not\u00edcias\",\"isPartOf\":{\"@id\":\"https:\/\/jornalfatosenoticias.com.br\/#website\"},\"primaryImageOfPage\":{\"@id\":\"https:\/\/jornalfatosenoticias.com.br\/index.php\/2021\/03\/22\/abaporu-o-quadro-que-criou-um-movimento\/#primaryimage\"},\"image\":{\"@id\":\"https:\/\/jornalfatosenoticias.com.br\/index.php\/2021\/03\/22\/abaporu-o-quadro-que-criou-um-movimento\/#primaryimage\"},\"thumbnailUrl\":\"https:\/\/jornalfatosenoticias.com.br\/wp-content\/uploads\/2021\/03\/abaporu.jpg\",\"datePublished\":\"2021-03-22T13:58:00+00:00\",\"dateModified\":\"2021-03-22T13:58:06+00:00\",\"breadcrumb\":{\"@id\":\"https:\/\/jornalfatosenoticias.com.br\/index.php\/2021\/03\/22\/abaporu-o-quadro-que-criou-um-movimento\/#breadcrumb\"},\"inLanguage\":\"pt-BR\",\"potentialAction\":[{\"@type\":\"ReadAction\",\"target\":[\"https:\/\/jornalfatosenoticias.com.br\/index.php\/2021\/03\/22\/abaporu-o-quadro-que-criou-um-movimento\/\"]}]},{\"@type\":\"ImageObject\",\"inLanguage\":\"pt-BR\",\"@id\":\"https:\/\/jornalfatosenoticias.com.br\/index.php\/2021\/03\/22\/abaporu-o-quadro-que-criou-um-movimento\/#primaryimage\",\"url\":\"https:\/\/jornalfatosenoticias.com.br\/wp-content\/uploads\/2021\/03\/abaporu.jpg\",\"contentUrl\":\"https:\/\/jornalfatosenoticias.com.br\/wp-content\/uploads\/2021\/03\/abaporu.jpg\",\"width\":1000,\"height\":562},{\"@type\":\"BreadcrumbList\",\"@id\":\"https:\/\/jornalfatosenoticias.com.br\/index.php\/2021\/03\/22\/abaporu-o-quadro-que-criou-um-movimento\/#breadcrumb\",\"itemListElement\":[{\"@type\":\"ListItem\",\"position\":1,\"name\":\"In\u00edcio\",\"item\":\"https:\/\/jornalfatosenoticias.com.br\/\"},{\"@type\":\"ListItem\",\"position\":2,\"name\":\"Abaporu, o quadro que criou um movimento\"}]},{\"@type\":\"WebSite\",\"@id\":\"https:\/\/jornalfatosenoticias.com.br\/#website\",\"url\":\"https:\/\/jornalfatosenoticias.com.br\/\",\"name\":\"Jornal Fatos e Not\u00edcias\",\"description\":\"Not\u00edcias em geral\",\"publisher\":{\"@id\":\"https:\/\/jornalfatosenoticias.com.br\/#organization\"},\"potentialAction\":[{\"@type\":\"SearchAction\",\"target\":{\"@type\":\"EntryPoint\",\"urlTemplate\":\"https:\/\/jornalfatosenoticias.com.br\/?s={search_term_string}\"},\"query-input\":{\"@type\":\"PropertyValueSpecification\",\"valueRequired\":true,\"valueName\":\"search_term_string\"}}],\"inLanguage\":\"pt-BR\"},{\"@type\":\"Organization\",\"@id\":\"https:\/\/jornalfatosenoticias.com.br\/#organization\",\"name\":\"Jornal Fatos e Not\u00edcias\",\"url\":\"https:\/\/jornalfatosenoticias.com.br\/\",\"logo\":{\"@type\":\"ImageObject\",\"inLanguage\":\"pt-BR\",\"@id\":\"https:\/\/jornalfatosenoticias.com.br\/#\/schema\/logo\/image\/\",\"url\":\"https:\/\/jornalfatosenoticias.com.br\/wp-content\/uploads\/2020\/02\/logo120.png\",\"contentUrl\":\"https:\/\/jornalfatosenoticias.com.br\/wp-content\/uploads\/2020\/02\/logo120.png\",\"width\":1227,\"height\":120,\"caption\":\"Jornal Fatos e Not\u00edcias\"},\"image\":{\"@id\":\"https:\/\/jornalfatosenoticias.com.br\/#\/schema\/logo\/image\/\"}},{\"@type\":\"Person\",\"@id\":\"https:\/\/jornalfatosenoticias.com.br\/#\/schema\/person\/d63837fa13ac8666eb9e74e0985d6f81\",\"name\":\"Luzimara Fernandes\",\"image\":{\"@type\":\"ImageObject\",\"inLanguage\":\"pt-BR\",\"@id\":\"https:\/\/jornalfatosenoticias.com.br\/#\/schema\/person\/image\/\",\"url\":\"https:\/\/jornalfatosenoticias.com.br\/wp-content\/uploads\/2025\/05\/EU_portal.jpg\",\"contentUrl\":\"https:\/\/jornalfatosenoticias.com.br\/wp-content\/uploads\/2025\/05\/EU_portal.jpg\",\"caption\":\"Luzimara Fernandes\"},\"description\":\"Jornalista MTB 2358-ES\",\"sameAs\":[\"https:\/\/jornalfatosenoticias.com.br\"],\"url\":\"https:\/\/jornalfatosenoticias.com.br\/index.php\/author\/luzimara\/\"}]}<\/script>\n<!-- \/ Yoast SEO plugin. -->","yoast_head_json":{"title":"Abaporu, o quadro que criou um movimento - Jornal Fatos e Not\u00edcias","robots":{"index":"index","follow":"follow","max-snippet":"max-snippet:-1","max-image-preview":"max-image-preview:large","max-video-preview":"max-video-preview:-1"},"canonical":"https:\/\/jornalfatosenoticias.com.br\/index.php\/2021\/03\/22\/abaporu-o-quadro-que-criou-um-movimento\/","og_locale":"pt_BR","og_type":"article","og_title":"Abaporu, o quadro que criou um movimento - Jornal Fatos e Not\u00edcias","og_description":"Conhe\u00e7a a obra surrealista, que retrata a imagina\u00e7\u00e3o profunda Em 1928, Tarsila do Amaral deu um quadro de presente de anivers\u00e1rio ao marido, Oswald de Andrade. O quadro n\u00e3o tinha nome. Impressionado pela imagem, Oswald foi atr\u00e1s do poeta Raul Bopp, grande entendedor de tupi, para batiz\u00e1-lo.Sa\u00edram com Abaporu \u2014 de aba (homem), pora (gente) [&hellip;]","og_url":"https:\/\/jornalfatosenoticias.com.br\/index.php\/2021\/03\/22\/abaporu-o-quadro-que-criou-um-movimento\/","og_site_name":"Jornal Fatos e Not\u00edcias","article_published_time":"2021-03-22T13:58:00+00:00","article_modified_time":"2021-03-22T13:58:06+00:00","og_image":[{"width":1000,"height":562,"url":"https:\/\/jornalfatosenoticias.com.br\/wp-content\/uploads\/2021\/03\/abaporu.jpg","type":"image\/jpeg"}],"author":"Luzimara Fernandes","twitter_card":"summary_large_image","twitter_misc":{"Escrito por":"Luzimara Fernandes","Est. tempo de leitura":"3 minutos"},"schema":{"@context":"https:\/\/schema.org","@graph":[{"@type":"Article","@id":"https:\/\/jornalfatosenoticias.com.br\/index.php\/2021\/03\/22\/abaporu-o-quadro-que-criou-um-movimento\/#article","isPartOf":{"@id":"https:\/\/jornalfatosenoticias.com.br\/index.php\/2021\/03\/22\/abaporu-o-quadro-que-criou-um-movimento\/"},"author":{"name":"Luzimara Fernandes","@id":"https:\/\/jornalfatosenoticias.com.br\/#\/schema\/person\/d63837fa13ac8666eb9e74e0985d6f81"},"headline":"Abaporu, o quadro que criou um movimento","datePublished":"2021-03-22T13:58:00+00:00","dateModified":"2021-03-22T13:58:06+00:00","mainEntityOfPage":{"@id":"https:\/\/jornalfatosenoticias.com.br\/index.php\/2021\/03\/22\/abaporu-o-quadro-que-criou-um-movimento\/"},"wordCount":703,"commentCount":0,"publisher":{"@id":"https:\/\/jornalfatosenoticias.com.br\/#organization"},"image":{"@id":"https:\/\/jornalfatosenoticias.com.br\/index.php\/2021\/03\/22\/abaporu-o-quadro-que-criou-um-movimento\/#primaryimage"},"thumbnailUrl":"https:\/\/jornalfatosenoticias.com.br\/wp-content\/uploads\/2021\/03\/abaporu.jpg","keywords":["Abaporu","arte","Brasil","cultura","obras","pintura","Tarsila do Amaral"],"articleSection":["Cultura"],"inLanguage":"pt-BR","potentialAction":[{"@type":"CommentAction","name":"Comment","target":["https:\/\/jornalfatosenoticias.com.br\/index.php\/2021\/03\/22\/abaporu-o-quadro-que-criou-um-movimento\/#respond"]}]},{"@type":"WebPage","@id":"https:\/\/jornalfatosenoticias.com.br\/index.php\/2021\/03\/22\/abaporu-o-quadro-que-criou-um-movimento\/","url":"https:\/\/jornalfatosenoticias.com.br\/index.php\/2021\/03\/22\/abaporu-o-quadro-que-criou-um-movimento\/","name":"Abaporu, o quadro que criou um movimento - Jornal Fatos e Not\u00edcias","isPartOf":{"@id":"https:\/\/jornalfatosenoticias.com.br\/#website"},"primaryImageOfPage":{"@id":"https:\/\/jornalfatosenoticias.com.br\/index.php\/2021\/03\/22\/abaporu-o-quadro-que-criou-um-movimento\/#primaryimage"},"image":{"@id":"https:\/\/jornalfatosenoticias.com.br\/index.php\/2021\/03\/22\/abaporu-o-quadro-que-criou-um-movimento\/#primaryimage"},"thumbnailUrl":"https:\/\/jornalfatosenoticias.com.br\/wp-content\/uploads\/2021\/03\/abaporu.jpg","datePublished":"2021-03-22T13:58:00+00:00","dateModified":"2021-03-22T13:58:06+00:00","breadcrumb":{"@id":"https:\/\/jornalfatosenoticias.com.br\/index.php\/2021\/03\/22\/abaporu-o-quadro-que-criou-um-movimento\/#breadcrumb"},"inLanguage":"pt-BR","potentialAction":[{"@type":"ReadAction","target":["https:\/\/jornalfatosenoticias.com.br\/index.php\/2021\/03\/22\/abaporu-o-quadro-que-criou-um-movimento\/"]}]},{"@type":"ImageObject","inLanguage":"pt-BR","@id":"https:\/\/jornalfatosenoticias.com.br\/index.php\/2021\/03\/22\/abaporu-o-quadro-que-criou-um-movimento\/#primaryimage","url":"https:\/\/jornalfatosenoticias.com.br\/wp-content\/uploads\/2021\/03\/abaporu.jpg","contentUrl":"https:\/\/jornalfatosenoticias.com.br\/wp-content\/uploads\/2021\/03\/abaporu.jpg","width":1000,"height":562},{"@type":"BreadcrumbList","@id":"https:\/\/jornalfatosenoticias.com.br\/index.php\/2021\/03\/22\/abaporu-o-quadro-que-criou-um-movimento\/#breadcrumb","itemListElement":[{"@type":"ListItem","position":1,"name":"In\u00edcio","item":"https:\/\/jornalfatosenoticias.com.br\/"},{"@type":"ListItem","position":2,"name":"Abaporu, o quadro que criou um movimento"}]},{"@type":"WebSite","@id":"https:\/\/jornalfatosenoticias.com.br\/#website","url":"https:\/\/jornalfatosenoticias.com.br\/","name":"Jornal Fatos e Not\u00edcias","description":"Not\u00edcias em geral","publisher":{"@id":"https:\/\/jornalfatosenoticias.com.br\/#organization"},"potentialAction":[{"@type":"SearchAction","target":{"@type":"EntryPoint","urlTemplate":"https:\/\/jornalfatosenoticias.com.br\/?s={search_term_string}"},"query-input":{"@type":"PropertyValueSpecification","valueRequired":true,"valueName":"search_term_string"}}],"inLanguage":"pt-BR"},{"@type":"Organization","@id":"https:\/\/jornalfatosenoticias.com.br\/#organization","name":"Jornal Fatos e Not\u00edcias","url":"https:\/\/jornalfatosenoticias.com.br\/","logo":{"@type":"ImageObject","inLanguage":"pt-BR","@id":"https:\/\/jornalfatosenoticias.com.br\/#\/schema\/logo\/image\/","url":"https:\/\/jornalfatosenoticias.com.br\/wp-content\/uploads\/2020\/02\/logo120.png","contentUrl":"https:\/\/jornalfatosenoticias.com.br\/wp-content\/uploads\/2020\/02\/logo120.png","width":1227,"height":120,"caption":"Jornal Fatos e Not\u00edcias"},"image":{"@id":"https:\/\/jornalfatosenoticias.com.br\/#\/schema\/logo\/image\/"}},{"@type":"Person","@id":"https:\/\/jornalfatosenoticias.com.br\/#\/schema\/person\/d63837fa13ac8666eb9e74e0985d6f81","name":"Luzimara Fernandes","image":{"@type":"ImageObject","inLanguage":"pt-BR","@id":"https:\/\/jornalfatosenoticias.com.br\/#\/schema\/person\/image\/","url":"https:\/\/jornalfatosenoticias.com.br\/wp-content\/uploads\/2025\/05\/EU_portal.jpg","contentUrl":"https:\/\/jornalfatosenoticias.com.br\/wp-content\/uploads\/2025\/05\/EU_portal.jpg","caption":"Luzimara Fernandes"},"description":"Jornalista MTB 2358-ES","sameAs":["https:\/\/jornalfatosenoticias.com.br"],"url":"https:\/\/jornalfatosenoticias.com.br\/index.php\/author\/luzimara\/"}]}},"cc_featured_image_caption":{"caption_text":"","source_text":"","source_url":""},"jetpack_featured_media_url":"https:\/\/jornalfatosenoticias.com.br\/wp-content\/uploads\/2021\/03\/abaporu.jpg","_links":{"self":[{"href":"https:\/\/jornalfatosenoticias.com.br\/index.php\/wp-json\/wp\/v2\/posts\/16045","targetHints":{"allow":["GET"]}}],"collection":[{"href":"https:\/\/jornalfatosenoticias.com.br\/index.php\/wp-json\/wp\/v2\/posts"}],"about":[{"href":"https:\/\/jornalfatosenoticias.com.br\/index.php\/wp-json\/wp\/v2\/types\/post"}],"author":[{"embeddable":true,"href":"https:\/\/jornalfatosenoticias.com.br\/index.php\/wp-json\/wp\/v2\/users\/2"}],"replies":[{"embeddable":true,"href":"https:\/\/jornalfatosenoticias.com.br\/index.php\/wp-json\/wp\/v2\/comments?post=16045"}],"version-history":[{"count":0,"href":"https:\/\/jornalfatosenoticias.com.br\/index.php\/wp-json\/wp\/v2\/posts\/16045\/revisions"}],"wp:featuredmedia":[{"embeddable":true,"href":"https:\/\/jornalfatosenoticias.com.br\/index.php\/wp-json\/wp\/v2\/media\/16048"}],"wp:attachment":[{"href":"https:\/\/jornalfatosenoticias.com.br\/index.php\/wp-json\/wp\/v2\/media?parent=16045"}],"wp:term":[{"taxonomy":"category","embeddable":true,"href":"https:\/\/jornalfatosenoticias.com.br\/index.php\/wp-json\/wp\/v2\/categories?post=16045"},{"taxonomy":"post_tag","embeddable":true,"href":"https:\/\/jornalfatosenoticias.com.br\/index.php\/wp-json\/wp\/v2\/tags?post=16045"}],"curies":[{"name":"wp","href":"https:\/\/api.w.org\/{rel}","templated":true}]}}