{"id":16072,"date":"2021-03-22T16:53:46","date_gmt":"2021-03-22T19:53:46","guid":{"rendered":"https:\/\/jornalfatosenoticias.com.br\/?p=16072"},"modified":"2021-03-22T16:54:47","modified_gmt":"2021-03-22T19:54:47","slug":"o-dia-mundial-da-agua","status":"publish","type":"post","link":"https:\/\/jornalfatosenoticias.com.br\/index.php\/2021\/03\/22\/o-dia-mundial-da-agua\/","title":{"rendered":"O Dia Mundial da \u00c1gua"},"content":{"rendered":"\n<p><em>Texto de <strong>Cl\u00e1udio Denicoli<\/strong>, secret\u00e1rio de Meio Ambiente do munic\u00edpio da Serra<\/em><\/p>\n\n\n\n<h6 class=\"wp-block-heading\"><em>No dia 22 de mar\u00e7o, ao inv\u00e9s de solenizarmos dever\u00edamos refletir e agir, criando pol\u00edticas p\u00fablicas claras com investimentos em projetos de prote\u00e7\u00e3o, preserva\u00e7\u00e3o e tratamento para que nos pr\u00f3ximos anos possamos realmente comemorar o dia mundial da \u00e1gua<\/em><\/h6>\n\n\n\n<p>A \u00e1gua cobre 70% da superf\u00edcie terrestre, sendo que apenas 0,5 % est\u00e1 em dep\u00f3sitos acess\u00edveis ao homem. \u00c9 um recurso natural renov\u00e1vel, pode ser reciclada, por\u00e9m, sua contamina\u00e7\u00e3o reduz sensivelmente essa possibilidade. Por mais que se usem produtos e sistemas de tratamento, quanto pior sua qualidade, mais dif\u00edcil e mais caro \u00e9 seu tratamento.<br>A quantidade de \u00e1gua do planeta sempre foi a mesma, ent\u00e3o a \u00e1gua n\u00e3o vai acabar. O seu ciclo, como aprendemos no ensino fundamental, \u00e9 um circuito fechado que inclui evapora\u00e7\u00e3o e transpira\u00e7\u00e3o das plantas ocasionando chuvas que retornam aos rios, len\u00e7\u00f3is subterr\u00e2neos e oceanos.<br>Como a popula\u00e7\u00e3o mundial vem crescendo \u00e9 aconselh\u00e1vel evitar desperd\u00edcios. Temos sido cobrados para economiz\u00e1-la, todavia o alvo da m\u00eddia deveria ser alterado.<br>Atualmente, 70% da \u00e1gua doce consumida \u00e9 absorvida pelas atividades agr\u00edcolas, 20% pelas ind\u00fastrias e 10% para matar a sede, cozinhar, e manter a higiene e a sa\u00fade. Assim, se pouparmos em nossas casas, mas na agricultura continuarmos o uso sem controle, os resultados ser\u00e3o p\u00edfios.<br>A discuss\u00e3o do novo C\u00f3digo Florestal est\u00e1 na contram\u00e3o da preserva\u00e7\u00e3o, tamb\u00e9m da \u00e1gua, porque transformar\u00e1 \u00e1reas de preserva\u00e7\u00e3o permanente em \u00e1reas agricult\u00e1veis, quando se deveria investir em tecnologias para se produzir mais em menores \u00e1reas.<\/p>\n\n\n\n<div class=\"wp-block-jetpack-slideshow aligncenter\" data-effect=\"slide\"><div class=\"wp-block-jetpack-slideshow_container swiper-container\"><ul class=\"wp-block-jetpack-slideshow_swiper-wrapper swiper-wrapper\"><li class=\"wp-block-jetpack-slideshow_slide swiper-slide\"><figure><img loading=\"lazy\" decoding=\"async\" width=\"1000\" height=\"540\" alt=\"\" class=\"wp-block-jetpack-slideshow_image wp-image-16073\" data-id=\"16073\" src=\"https:\/\/jornalfatosenoticias.com.br\/wp-content\/uploads\/2021\/03\/DIA-DA-AGUA_DENICOLI.jpg\" srcset=\"https:\/\/jornalfatosenoticias.com.br\/wp-content\/uploads\/2021\/03\/DIA-DA-AGUA_DENICOLI.jpg 1000w, https:\/\/jornalfatosenoticias.com.br\/wp-content\/uploads\/2021\/03\/DIA-DA-AGUA_DENICOLI-300x162.jpg 300w, https:\/\/jornalfatosenoticias.com.br\/wp-content\/uploads\/2021\/03\/DIA-DA-AGUA_DENICOLI-768x415.jpg 768w\" sizes=\"auto, (max-width: 1000px) 100vw, 1000px\" \/><figcaption class=\"wp-block-jetpack-slideshow_caption gallery-caption\">(Fotos: Reprodu\u00e7\u00e3o)<\/figcaption><\/figure><\/li><li class=\"wp-block-jetpack-slideshow_slide swiper-slide\"><figure><img loading=\"lazy\" decoding=\"async\" width=\"1000\" height=\"473\" alt=\"\" class=\"wp-block-jetpack-slideshow_image wp-image-16074\" data-id=\"16074\" src=\"https:\/\/jornalfatosenoticias.com.br\/wp-content\/uploads\/2021\/03\/DIA-DA-AGUA_DENICOLI_3.jpg\" srcset=\"https:\/\/jornalfatosenoticias.com.br\/wp-content\/uploads\/2021\/03\/DIA-DA-AGUA_DENICOLI_3.jpg 1000w, https:\/\/jornalfatosenoticias.com.br\/wp-content\/uploads\/2021\/03\/DIA-DA-AGUA_DENICOLI_3-300x142.jpg 300w, https:\/\/jornalfatosenoticias.com.br\/wp-content\/uploads\/2021\/03\/DIA-DA-AGUA_DENICOLI_3-768x363.jpg 768w\" sizes=\"auto, (max-width: 1000px) 100vw, 1000px\" \/><\/figure><\/li><\/ul><a class=\"wp-block-jetpack-slideshow_button-prev swiper-button-prev swiper-button-white\" role=\"button\"><\/a><a class=\"wp-block-jetpack-slideshow_button-next swiper-button-next swiper-button-white\" role=\"button\"><\/a><a aria-label=\"Pause Slideshow\" class=\"wp-block-jetpack-slideshow_button-pause\" role=\"button\"><\/a><div class=\"wp-block-jetpack-slideshow_pagination swiper-pagination swiper-pagination-white\"><\/div><\/div><\/div>\n\n\n\n<p>Em pleno s\u00e9culo XXI estima-se que mais de um bilh\u00e3o de pessoas vivem sem \u00e1gua pot\u00e1vel e o saneamento b\u00e1sico n\u00e3o est\u00e1 dispon\u00edvel para quase 40% da popula\u00e7\u00e3o do planeta.<br>O sistema de tratamento de esgoto adotado pelo Brasil \u00e9 o mais simples existente e est\u00e1 muito distante do que \u00e9 utilizado na Europa e nos EUA. Isso implica num tratamento ineficaz que contamina rios e lagos.<br>Segundo a Organiza\u00e7\u00e3o Mundial de Sa\u00fade a falta de \u00e1gua pot\u00e1vel e de saneamento no Brasil s\u00e3o a causa de 80% das doen\u00e7as e 65% das interna\u00e7\u00f5es hospitalares. Isso comprova que, al\u00e9m de ser preciso construir hospitais e cl\u00ednicas de sa\u00fade, \u00e9 fundamental aplicar recursos em obras de infraestrutura.<br>Assim, no dia 22 de mar\u00e7o, ao inv\u00e9s de solenizarmos dever\u00edamos refletir e agir, criando pol\u00edticas p\u00fablicas claras com investimentos em projetos de prote\u00e7\u00e3o, preserva\u00e7\u00e3o e tratamento para que nos pr\u00f3ximos anos possamos realmente comemorar o dia mundial da \u00e1gua.<\/p>\n\n\n\n<div class=\"wp-block-image\"><figure class=\"alignleft size-large is-resized\"><img loading=\"lazy\" decoding=\"async\" src=\"https:\/\/jornalfatosenoticias.com.br\/wp-content\/uploads\/2021\/03\/Denicoli-408.jpg\" alt=\"\" class=\"wp-image-15416\" width=\"201\" height=\"149\" srcset=\"https:\/\/jornalfatosenoticias.com.br\/wp-content\/uploads\/2021\/03\/Denicoli-408.jpg 1000w, https:\/\/jornalfatosenoticias.com.br\/wp-content\/uploads\/2021\/03\/Denicoli-408-300x222.jpg 300w, https:\/\/jornalfatosenoticias.com.br\/wp-content\/uploads\/2021\/03\/Denicoli-408-768x568.jpg 768w\" sizes=\"auto, (max-width: 201px) 100vw, 201px\" \/><figcaption>Cl\u00e1udio Denicoli, secret\u00e1rio de Meio Ambiente da Serra (Foto: Penha Albuquerque)<\/figcaption><\/figure><\/div>\n","protected":false},"excerpt":{"rendered":"<p>Texto de Cl\u00e1udio Denicoli, secret\u00e1rio de Meio Ambiente do munic\u00edpio da Serra No dia 22 de mar\u00e7o, ao inv\u00e9s de solenizarmos dever\u00edamos refletir e agir, criando pol\u00edticas p\u00fablicas claras com investimentos em projetos de prote\u00e7\u00e3o, preserva\u00e7\u00e3o e tratamento para que nos pr\u00f3ximos anos possamos realmente comemorar o dia mundial da \u00e1gua A \u00e1gua cobre 70% [&hellip;]<\/p>\n","protected":false},"author":2,"featured_media":16075,"comment_status":"open","ping_status":"open","sticky":false,"template":"","format":"standard","meta":{"footnotes":""},"categories":[8],"tags":[451,945,8142],"class_list":["post-16072","post","type-post","status-publish","format-standard","has-post-thumbnail","hentry","category-meio-ambiente","tag-agua","tag-meio-ambiente","tag-natural"],"yoast_head":"<!-- This site is optimized with the Yoast SEO plugin v26.5 - https:\/\/yoast.com\/wordpress\/plugins\/seo\/ -->\n<title>O Dia Mundial da \u00c1gua - Jornal Fatos e Not\u00edcias<\/title>\n<meta name=\"robots\" content=\"index, follow, max-snippet:-1, max-image-preview:large, max-video-preview:-1\" \/>\n<link rel=\"canonical\" href=\"https:\/\/jornalfatosenoticias.com.br\/index.php\/2021\/03\/22\/o-dia-mundial-da-agua\/\" \/>\n<meta property=\"og:locale\" content=\"pt_BR\" \/>\n<meta property=\"og:type\" content=\"article\" \/>\n<meta property=\"og:title\" content=\"O Dia Mundial da \u00c1gua - Jornal Fatos e Not\u00edcias\" \/>\n<meta property=\"og:description\" content=\"Texto de Cl\u00e1udio Denicoli, secret\u00e1rio de Meio Ambiente do munic\u00edpio da Serra No dia 22 de mar\u00e7o, ao inv\u00e9s de solenizarmos dever\u00edamos refletir e agir, criando pol\u00edticas p\u00fablicas claras com investimentos em projetos de prote\u00e7\u00e3o, preserva\u00e7\u00e3o e tratamento para que nos pr\u00f3ximos anos possamos realmente comemorar o dia mundial da \u00e1gua A \u00e1gua cobre 70% [&hellip;]\" \/>\n<meta property=\"og:url\" content=\"https:\/\/jornalfatosenoticias.com.br\/index.php\/2021\/03\/22\/o-dia-mundial-da-agua\/\" \/>\n<meta property=\"og:site_name\" content=\"Jornal Fatos e Not\u00edcias\" \/>\n<meta property=\"article:published_time\" content=\"2021-03-22T19:53:46+00:00\" \/>\n<meta property=\"article:modified_time\" content=\"2021-03-22T19:54:47+00:00\" \/>\n<meta property=\"og:image\" content=\"https:\/\/jornalfatosenoticias.com.br\/wp-content\/uploads\/2021\/03\/DIA-DA-AGUA_DENICOLI2.jpg\" \/>\n\t<meta property=\"og:image:width\" content=\"1000\" \/>\n\t<meta property=\"og:image:height\" content=\"517\" \/>\n\t<meta property=\"og:image:type\" content=\"image\/jpeg\" \/>\n<meta name=\"author\" content=\"Luzimara Fernandes\" \/>\n<meta name=\"twitter:card\" content=\"summary_large_image\" \/>\n<meta name=\"twitter:label1\" content=\"Escrito por\" \/>\n\t<meta name=\"twitter:data1\" content=\"Luzimara Fernandes\" \/>\n\t<meta name=\"twitter:label2\" content=\"Est. tempo de leitura\" \/>\n\t<meta name=\"twitter:data2\" content=\"2 minutos\" \/>\n<script type=\"application\/ld+json\" class=\"yoast-schema-graph\">{\"@context\":\"https:\/\/schema.org\",\"@graph\":[{\"@type\":\"Article\",\"@id\":\"https:\/\/jornalfatosenoticias.com.br\/index.php\/2021\/03\/22\/o-dia-mundial-da-agua\/#article\",\"isPartOf\":{\"@id\":\"https:\/\/jornalfatosenoticias.com.br\/index.php\/2021\/03\/22\/o-dia-mundial-da-agua\/\"},\"author\":{\"name\":\"Luzimara Fernandes\",\"@id\":\"https:\/\/jornalfatosenoticias.com.br\/#\/schema\/person\/d63837fa13ac8666eb9e74e0985d6f81\"},\"headline\":\"O Dia Mundial da \u00c1gua\",\"datePublished\":\"2021-03-22T19:53:46+00:00\",\"dateModified\":\"2021-03-22T19:54:47+00:00\",\"mainEntityOfPage\":{\"@id\":\"https:\/\/jornalfatosenoticias.com.br\/index.php\/2021\/03\/22\/o-dia-mundial-da-agua\/\"},\"wordCount\":479,\"commentCount\":0,\"publisher\":{\"@id\":\"https:\/\/jornalfatosenoticias.com.br\/#organization\"},\"image\":{\"@id\":\"https:\/\/jornalfatosenoticias.com.br\/index.php\/2021\/03\/22\/o-dia-mundial-da-agua\/#primaryimage\"},\"thumbnailUrl\":\"https:\/\/jornalfatosenoticias.com.br\/wp-content\/uploads\/2021\/03\/DIA-DA-AGUA_DENICOLI2.jpg\",\"keywords\":[\"\u00e1gua\",\"meio ambiente\",\"natural\"],\"articleSection\":[\"Meio ambiente\"],\"inLanguage\":\"pt-BR\",\"potentialAction\":[{\"@type\":\"CommentAction\",\"name\":\"Comment\",\"target\":[\"https:\/\/jornalfatosenoticias.com.br\/index.php\/2021\/03\/22\/o-dia-mundial-da-agua\/#respond\"]}]},{\"@type\":\"WebPage\",\"@id\":\"https:\/\/jornalfatosenoticias.com.br\/index.php\/2021\/03\/22\/o-dia-mundial-da-agua\/\",\"url\":\"https:\/\/jornalfatosenoticias.com.br\/index.php\/2021\/03\/22\/o-dia-mundial-da-agua\/\",\"name\":\"O Dia Mundial da \u00c1gua - Jornal Fatos e Not\u00edcias\",\"isPartOf\":{\"@id\":\"https:\/\/jornalfatosenoticias.com.br\/#website\"},\"primaryImageOfPage\":{\"@id\":\"https:\/\/jornalfatosenoticias.com.br\/index.php\/2021\/03\/22\/o-dia-mundial-da-agua\/#primaryimage\"},\"image\":{\"@id\":\"https:\/\/jornalfatosenoticias.com.br\/index.php\/2021\/03\/22\/o-dia-mundial-da-agua\/#primaryimage\"},\"thumbnailUrl\":\"https:\/\/jornalfatosenoticias.com.br\/wp-content\/uploads\/2021\/03\/DIA-DA-AGUA_DENICOLI2.jpg\",\"datePublished\":\"2021-03-22T19:53:46+00:00\",\"dateModified\":\"2021-03-22T19:54:47+00:00\",\"breadcrumb\":{\"@id\":\"https:\/\/jornalfatosenoticias.com.br\/index.php\/2021\/03\/22\/o-dia-mundial-da-agua\/#breadcrumb\"},\"inLanguage\":\"pt-BR\",\"potentialAction\":[{\"@type\":\"ReadAction\",\"target\":[\"https:\/\/jornalfatosenoticias.com.br\/index.php\/2021\/03\/22\/o-dia-mundial-da-agua\/\"]}]},{\"@type\":\"ImageObject\",\"inLanguage\":\"pt-BR\",\"@id\":\"https:\/\/jornalfatosenoticias.com.br\/index.php\/2021\/03\/22\/o-dia-mundial-da-agua\/#primaryimage\",\"url\":\"https:\/\/jornalfatosenoticias.com.br\/wp-content\/uploads\/2021\/03\/DIA-DA-AGUA_DENICOLI2.jpg\",\"contentUrl\":\"https:\/\/jornalfatosenoticias.com.br\/wp-content\/uploads\/2021\/03\/DIA-DA-AGUA_DENICOLI2.jpg\",\"width\":1000,\"height\":517},{\"@type\":\"BreadcrumbList\",\"@id\":\"https:\/\/jornalfatosenoticias.com.br\/index.php\/2021\/03\/22\/o-dia-mundial-da-agua\/#breadcrumb\",\"itemListElement\":[{\"@type\":\"ListItem\",\"position\":1,\"name\":\"In\u00edcio\",\"item\":\"https:\/\/jornalfatosenoticias.com.br\/\"},{\"@type\":\"ListItem\",\"position\":2,\"name\":\"O Dia Mundial da \u00c1gua\"}]},{\"@type\":\"WebSite\",\"@id\":\"https:\/\/jornalfatosenoticias.com.br\/#website\",\"url\":\"https:\/\/jornalfatosenoticias.com.br\/\",\"name\":\"Jornal Fatos e Not\u00edcias\",\"description\":\"Not\u00edcias em geral\",\"publisher\":{\"@id\":\"https:\/\/jornalfatosenoticias.com.br\/#organization\"},\"potentialAction\":[{\"@type\":\"SearchAction\",\"target\":{\"@type\":\"EntryPoint\",\"urlTemplate\":\"https:\/\/jornalfatosenoticias.com.br\/?s={search_term_string}\"},\"query-input\":{\"@type\":\"PropertyValueSpecification\",\"valueRequired\":true,\"valueName\":\"search_term_string\"}}],\"inLanguage\":\"pt-BR\"},{\"@type\":\"Organization\",\"@id\":\"https:\/\/jornalfatosenoticias.com.br\/#organization\",\"name\":\"Jornal Fatos e Not\u00edcias\",\"url\":\"https:\/\/jornalfatosenoticias.com.br\/\",\"logo\":{\"@type\":\"ImageObject\",\"inLanguage\":\"pt-BR\",\"@id\":\"https:\/\/jornalfatosenoticias.com.br\/#\/schema\/logo\/image\/\",\"url\":\"https:\/\/jornalfatosenoticias.com.br\/wp-content\/uploads\/2020\/02\/logo120.png\",\"contentUrl\":\"https:\/\/jornalfatosenoticias.com.br\/wp-content\/uploads\/2020\/02\/logo120.png\",\"width\":1227,\"height\":120,\"caption\":\"Jornal Fatos e Not\u00edcias\"},\"image\":{\"@id\":\"https:\/\/jornalfatosenoticias.com.br\/#\/schema\/logo\/image\/\"}},{\"@type\":\"Person\",\"@id\":\"https:\/\/jornalfatosenoticias.com.br\/#\/schema\/person\/d63837fa13ac8666eb9e74e0985d6f81\",\"name\":\"Luzimara Fernandes\",\"image\":{\"@type\":\"ImageObject\",\"inLanguage\":\"pt-BR\",\"@id\":\"https:\/\/jornalfatosenoticias.com.br\/#\/schema\/person\/image\/\",\"url\":\"https:\/\/jornalfatosenoticias.com.br\/wp-content\/uploads\/2025\/05\/EU_portal.jpg\",\"contentUrl\":\"https:\/\/jornalfatosenoticias.com.br\/wp-content\/uploads\/2025\/05\/EU_portal.jpg\",\"caption\":\"Luzimara Fernandes\"},\"description\":\"Jornalista MTB 2358-ES\",\"sameAs\":[\"https:\/\/jornalfatosenoticias.com.br\"],\"url\":\"https:\/\/jornalfatosenoticias.com.br\/index.php\/author\/luzimara\/\"}]}<\/script>\n<!-- \/ Yoast SEO plugin. -->","yoast_head_json":{"title":"O Dia Mundial da \u00c1gua - Jornal Fatos e Not\u00edcias","robots":{"index":"index","follow":"follow","max-snippet":"max-snippet:-1","max-image-preview":"max-image-preview:large","max-video-preview":"max-video-preview:-1"},"canonical":"https:\/\/jornalfatosenoticias.com.br\/index.php\/2021\/03\/22\/o-dia-mundial-da-agua\/","og_locale":"pt_BR","og_type":"article","og_title":"O Dia Mundial da \u00c1gua - Jornal Fatos e Not\u00edcias","og_description":"Texto de Cl\u00e1udio Denicoli, secret\u00e1rio de Meio Ambiente do munic\u00edpio da Serra No dia 22 de mar\u00e7o, ao inv\u00e9s de solenizarmos dever\u00edamos refletir e agir, criando pol\u00edticas p\u00fablicas claras com investimentos em projetos de prote\u00e7\u00e3o, preserva\u00e7\u00e3o e tratamento para que nos pr\u00f3ximos anos possamos realmente comemorar o dia mundial da \u00e1gua A \u00e1gua cobre 70% [&hellip;]","og_url":"https:\/\/jornalfatosenoticias.com.br\/index.php\/2021\/03\/22\/o-dia-mundial-da-agua\/","og_site_name":"Jornal Fatos e Not\u00edcias","article_published_time":"2021-03-22T19:53:46+00:00","article_modified_time":"2021-03-22T19:54:47+00:00","og_image":[{"width":1000,"height":517,"url":"https:\/\/jornalfatosenoticias.com.br\/wp-content\/uploads\/2021\/03\/DIA-DA-AGUA_DENICOLI2.jpg","type":"image\/jpeg"}],"author":"Luzimara Fernandes","twitter_card":"summary_large_image","twitter_misc":{"Escrito por":"Luzimara Fernandes","Est. tempo de leitura":"2 minutos"},"schema":{"@context":"https:\/\/schema.org","@graph":[{"@type":"Article","@id":"https:\/\/jornalfatosenoticias.com.br\/index.php\/2021\/03\/22\/o-dia-mundial-da-agua\/#article","isPartOf":{"@id":"https:\/\/jornalfatosenoticias.com.br\/index.php\/2021\/03\/22\/o-dia-mundial-da-agua\/"},"author":{"name":"Luzimara Fernandes","@id":"https:\/\/jornalfatosenoticias.com.br\/#\/schema\/person\/d63837fa13ac8666eb9e74e0985d6f81"},"headline":"O Dia Mundial da \u00c1gua","datePublished":"2021-03-22T19:53:46+00:00","dateModified":"2021-03-22T19:54:47+00:00","mainEntityOfPage":{"@id":"https:\/\/jornalfatosenoticias.com.br\/index.php\/2021\/03\/22\/o-dia-mundial-da-agua\/"},"wordCount":479,"commentCount":0,"publisher":{"@id":"https:\/\/jornalfatosenoticias.com.br\/#organization"},"image":{"@id":"https:\/\/jornalfatosenoticias.com.br\/index.php\/2021\/03\/22\/o-dia-mundial-da-agua\/#primaryimage"},"thumbnailUrl":"https:\/\/jornalfatosenoticias.com.br\/wp-content\/uploads\/2021\/03\/DIA-DA-AGUA_DENICOLI2.jpg","keywords":["\u00e1gua","meio ambiente","natural"],"articleSection":["Meio ambiente"],"inLanguage":"pt-BR","potentialAction":[{"@type":"CommentAction","name":"Comment","target":["https:\/\/jornalfatosenoticias.com.br\/index.php\/2021\/03\/22\/o-dia-mundial-da-agua\/#respond"]}]},{"@type":"WebPage","@id":"https:\/\/jornalfatosenoticias.com.br\/index.php\/2021\/03\/22\/o-dia-mundial-da-agua\/","url":"https:\/\/jornalfatosenoticias.com.br\/index.php\/2021\/03\/22\/o-dia-mundial-da-agua\/","name":"O Dia Mundial da \u00c1gua - Jornal Fatos e Not\u00edcias","isPartOf":{"@id":"https:\/\/jornalfatosenoticias.com.br\/#website"},"primaryImageOfPage":{"@id":"https:\/\/jornalfatosenoticias.com.br\/index.php\/2021\/03\/22\/o-dia-mundial-da-agua\/#primaryimage"},"image":{"@id":"https:\/\/jornalfatosenoticias.com.br\/index.php\/2021\/03\/22\/o-dia-mundial-da-agua\/#primaryimage"},"thumbnailUrl":"https:\/\/jornalfatosenoticias.com.br\/wp-content\/uploads\/2021\/03\/DIA-DA-AGUA_DENICOLI2.jpg","datePublished":"2021-03-22T19:53:46+00:00","dateModified":"2021-03-22T19:54:47+00:00","breadcrumb":{"@id":"https:\/\/jornalfatosenoticias.com.br\/index.php\/2021\/03\/22\/o-dia-mundial-da-agua\/#breadcrumb"},"inLanguage":"pt-BR","potentialAction":[{"@type":"ReadAction","target":["https:\/\/jornalfatosenoticias.com.br\/index.php\/2021\/03\/22\/o-dia-mundial-da-agua\/"]}]},{"@type":"ImageObject","inLanguage":"pt-BR","@id":"https:\/\/jornalfatosenoticias.com.br\/index.php\/2021\/03\/22\/o-dia-mundial-da-agua\/#primaryimage","url":"https:\/\/jornalfatosenoticias.com.br\/wp-content\/uploads\/2021\/03\/DIA-DA-AGUA_DENICOLI2.jpg","contentUrl":"https:\/\/jornalfatosenoticias.com.br\/wp-content\/uploads\/2021\/03\/DIA-DA-AGUA_DENICOLI2.jpg","width":1000,"height":517},{"@type":"BreadcrumbList","@id":"https:\/\/jornalfatosenoticias.com.br\/index.php\/2021\/03\/22\/o-dia-mundial-da-agua\/#breadcrumb","itemListElement":[{"@type":"ListItem","position":1,"name":"In\u00edcio","item":"https:\/\/jornalfatosenoticias.com.br\/"},{"@type":"ListItem","position":2,"name":"O Dia Mundial da \u00c1gua"}]},{"@type":"WebSite","@id":"https:\/\/jornalfatosenoticias.com.br\/#website","url":"https:\/\/jornalfatosenoticias.com.br\/","name":"Jornal Fatos e Not\u00edcias","description":"Not\u00edcias em geral","publisher":{"@id":"https:\/\/jornalfatosenoticias.com.br\/#organization"},"potentialAction":[{"@type":"SearchAction","target":{"@type":"EntryPoint","urlTemplate":"https:\/\/jornalfatosenoticias.com.br\/?s={search_term_string}"},"query-input":{"@type":"PropertyValueSpecification","valueRequired":true,"valueName":"search_term_string"}}],"inLanguage":"pt-BR"},{"@type":"Organization","@id":"https:\/\/jornalfatosenoticias.com.br\/#organization","name":"Jornal Fatos e Not\u00edcias","url":"https:\/\/jornalfatosenoticias.com.br\/","logo":{"@type":"ImageObject","inLanguage":"pt-BR","@id":"https:\/\/jornalfatosenoticias.com.br\/#\/schema\/logo\/image\/","url":"https:\/\/jornalfatosenoticias.com.br\/wp-content\/uploads\/2020\/02\/logo120.png","contentUrl":"https:\/\/jornalfatosenoticias.com.br\/wp-content\/uploads\/2020\/02\/logo120.png","width":1227,"height":120,"caption":"Jornal Fatos e Not\u00edcias"},"image":{"@id":"https:\/\/jornalfatosenoticias.com.br\/#\/schema\/logo\/image\/"}},{"@type":"Person","@id":"https:\/\/jornalfatosenoticias.com.br\/#\/schema\/person\/d63837fa13ac8666eb9e74e0985d6f81","name":"Luzimara Fernandes","image":{"@type":"ImageObject","inLanguage":"pt-BR","@id":"https:\/\/jornalfatosenoticias.com.br\/#\/schema\/person\/image\/","url":"https:\/\/jornalfatosenoticias.com.br\/wp-content\/uploads\/2025\/05\/EU_portal.jpg","contentUrl":"https:\/\/jornalfatosenoticias.com.br\/wp-content\/uploads\/2025\/05\/EU_portal.jpg","caption":"Luzimara Fernandes"},"description":"Jornalista MTB 2358-ES","sameAs":["https:\/\/jornalfatosenoticias.com.br"],"url":"https:\/\/jornalfatosenoticias.com.br\/index.php\/author\/luzimara\/"}]}},"cc_featured_image_caption":{"caption_text":"(Foto: Reprodu\u00e7\u00e3o)","source_text":"","source_url":""},"jetpack_featured_media_url":"https:\/\/jornalfatosenoticias.com.br\/wp-content\/uploads\/2021\/03\/DIA-DA-AGUA_DENICOLI2.jpg","_links":{"self":[{"href":"https:\/\/jornalfatosenoticias.com.br\/index.php\/wp-json\/wp\/v2\/posts\/16072","targetHints":{"allow":["GET"]}}],"collection":[{"href":"https:\/\/jornalfatosenoticias.com.br\/index.php\/wp-json\/wp\/v2\/posts"}],"about":[{"href":"https:\/\/jornalfatosenoticias.com.br\/index.php\/wp-json\/wp\/v2\/types\/post"}],"author":[{"embeddable":true,"href":"https:\/\/jornalfatosenoticias.com.br\/index.php\/wp-json\/wp\/v2\/users\/2"}],"replies":[{"embeddable":true,"href":"https:\/\/jornalfatosenoticias.com.br\/index.php\/wp-json\/wp\/v2\/comments?post=16072"}],"version-history":[{"count":0,"href":"https:\/\/jornalfatosenoticias.com.br\/index.php\/wp-json\/wp\/v2\/posts\/16072\/revisions"}],"wp:featuredmedia":[{"embeddable":true,"href":"https:\/\/jornalfatosenoticias.com.br\/index.php\/wp-json\/wp\/v2\/media\/16075"}],"wp:attachment":[{"href":"https:\/\/jornalfatosenoticias.com.br\/index.php\/wp-json\/wp\/v2\/media?parent=16072"}],"wp:term":[{"taxonomy":"category","embeddable":true,"href":"https:\/\/jornalfatosenoticias.com.br\/index.php\/wp-json\/wp\/v2\/categories?post=16072"},{"taxonomy":"post_tag","embeddable":true,"href":"https:\/\/jornalfatosenoticias.com.br\/index.php\/wp-json\/wp\/v2\/tags?post=16072"}],"curies":[{"name":"wp","href":"https:\/\/api.w.org\/{rel}","templated":true}]}}