{"id":16142,"date":"2021-03-23T18:29:38","date_gmt":"2021-03-23T21:29:38","guid":{"rendered":"https:\/\/jornalfatosenoticias.com.br\/?p=16142"},"modified":"2021-03-23T18:30:50","modified_gmt":"2021-03-23T21:30:50","slug":"obra-reune-70-nomes-que-impactaram-a-historia-do-brasil","status":"publish","type":"post","link":"https:\/\/jornalfatosenoticias.com.br\/index.php\/2021\/03\/23\/obra-reune-70-nomes-que-impactaram-a-historia-do-brasil\/","title":{"rendered":"Obra re\u00fane 70 nomes que impactaram a hist\u00f3ria do Brasil"},"content":{"rendered":"\n<h6 class=\"wp-block-heading\"><em>\u201cOs Her\u00f3is Brasileiros\u201d, de Ruy Sodr\u00e9, trata-se de um livro envolvente que apresenta a hist\u00f3ria de ilustres figuras que marcaram o Pa\u00eds<\/em><\/h6>\n\n\n\n<p>A obra \u201cOs Her\u00f3is Brasileiros\u201d, do escritor e aviador Ruy Sodr\u00e9, re\u00fane mais de 70 figuras hist\u00f3ricas que marcaram a hist\u00f3ria do Brasil. Ao longo das p\u00e1ginas, o leitor se depara com importantes nomes nacionais, como <a href=\"https:\/\/aventurasnahistoria.uol.com.br\/noticias\/reportagem\/tiradentes-228-anos-da-morte-do-martir-da-inconfidencia-mineira.phtml\" rel=\"noreferrer noopener\" target=\"_blank\"><strong>Tiradentes<\/strong><\/a>,\u00a0<strong>Santos Dumont<\/strong>,\u00a0<a href=\"https:\/\/aventurasnahistoria.uol.com.br\/noticias\/reportagem\/o-fim-em-praca-publica-a-fatidica-morte-de-zumbi-dos-palmares.phtml\" rel=\"noreferrer noopener\" target=\"_blank\"><strong>Zumbi dos Palmares<\/strong><\/a>, <a href=\"https:\/\/aventurasnahistoria.uol.com.br\/noticias\/reportagem\/lhe-cagara-o-juizo-o-comico-erro-que-perseguiu-obra-de-machado-de-assis.phtml\" rel=\"noreferrer noopener\" target=\"_blank\"><strong>Machado de Assis<\/strong>,<\/a><strong> Anita Garibaldi<\/strong>\u00a0e <a href=\"https:\/\/aventurasnahistoria.uol.com.br\/noticias\/reportagem\/dificuldade-na-fala-e-desafios-na-carreira-ayrton-senna-lutou-contra-uma-paralisia-facial.phtml\" rel=\"noreferrer noopener\" target=\"_blank\"><strong>Ayrton Senna.\u00a0<\/strong><\/a>De acordo com Sodr\u00e9, a refer\u00eancia para a escolha dos nomes no livro \u00e9 o Projeto de Lei apresentado e aprovado no Congresso Nacional e sancionado pela Presid\u00eancia da Rep\u00fablica.<br>Autor de outras duas obras, \u201cO Sonho de Voar \u2014 300 anos de hist\u00f3ria\u201d e \u201cSantos Dumont um her\u00f3i brasileiro\u201d, Ruy Sodr\u00e9 dividiu seu projeto em 12 categorias, sendo algumas delas dentro de um <a href=\"https:\/\/aventurasnahistoria.uol.com.br\/noticias\/vitrine\/20-obras-memoraveis-de-grandes-escritores-da-literatura-brasileira.phtml\" rel=\"noreferrer noopener\" target=\"_blank\">contexto hist\u00f3rico<\/a>, como o per\u00edodo do Brasil Colonial, Independ\u00eancia e a Insurrei\u00e7\u00e3o Pernambucana, e outras distribu\u00eddas por diferentes \u00e1reas de atua\u00e7\u00e3o, como Literatura, M\u00fasica e Ci\u00eancia.<\/p>\n\n\n\n<div class=\"wp-block-image\"><figure class=\"alignright size-large is-resized\"><img loading=\"lazy\" decoding=\"async\" src=\"https:\/\/jornalfatosenoticias.com.br\/wp-content\/uploads\/2021\/03\/herois-brasileiros_OBRA.jpg\" alt=\"\" class=\"wp-image-16106\" width=\"384\" height=\"566\" srcset=\"https:\/\/jornalfatosenoticias.com.br\/wp-content\/uploads\/2021\/03\/herois-brasileiros_OBRA.jpg 678w, https:\/\/jornalfatosenoticias.com.br\/wp-content\/uploads\/2021\/03\/herois-brasileiros_OBRA-203x300.jpg 203w\" sizes=\"auto, (max-width: 384px) 100vw, 384px\" \/><figcaption><em>Os Her\u00f3is Brasileiros, de Ruy Sodr\u00e9 (Foto: Divulga\u00e7\u00e3o)<\/em><\/figcaption><\/figure><\/div>\n\n\n\n<p>No livro, que conta com ilustra\u00e7\u00f5es dos personagens citados, \u00e9 poss\u00edvel encontrar, ainda, diferentes hero\u00ednas brasileiras, como Anita Garibaldi, Maria Quit\u00e9ria, Princesa Isabel, Anna Nery (pioneira na enfermagem) e Clara Camar\u00e3o (ind\u00edgena considerada uma das pioneiras do movimento feminista no Pa\u00eds).<br>\u201cOs nossos her\u00f3is, por suas realiza\u00e7\u00f5es e legados, fazem com que cada um de n\u00f3s, brasileiros, cultive suas gl\u00f3rias e suas mem\u00f3rias\u201d, disse o autor.<br>Segundo Ruy Sodr\u00e9, seu intuito com este livro \u00e9 homenagear e perpetuar o legado de grandes nomes brasileiros que de alguma forma impactaram e revolucionaram a hist\u00f3ria nacional.<\/p>\n\n\n\n<p><em><strong>Foto de capa:<\/strong> Creative Commons<\/em><\/p>\n\n\n\n<p><em><strong>Fonte: <a href=\"https:\/\/aventurasnahistoria.uol.com.br\/noticias\/historia-hoje\/de-tiradentes-ayrton-senna-obra-reune-70-nomes-que-impactaram-historia-do-brasil.phtml\">Aventuras na Hist\u00f3ria<\/a><\/strong><\/em><\/p>\n","protected":false},"excerpt":{"rendered":"<p>\u201cOs Her\u00f3is Brasileiros\u201d, de Ruy Sodr\u00e9, trata-se de um livro envolvente que apresenta a hist\u00f3ria de ilustres figuras que marcaram o Pa\u00eds A obra \u201cOs Her\u00f3is Brasileiros\u201d, do escritor e aviador Ruy Sodr\u00e9, re\u00fane mais de 70 figuras hist\u00f3ricas que marcaram a hist\u00f3ria do Brasil. Ao longo das p\u00e1ginas, o leitor se depara com importantes [&hellip;]<\/p>\n","protected":false},"author":2,"featured_media":16143,"comment_status":"open","ping_status":"open","sticky":false,"template":"","format":"standard","meta":{"footnotes":""},"categories":[4],"tags":[597,1217,1948,8165,8166],"class_list":["post-16142","post","type-post","status-publish","format-standard","has-post-thumbnail","hentry","category-cultura","tag-brasil","tag-livro","tag-obra","tag-os-herois-brasileiros","tag-ruy-sodre"],"yoast_head":"<!-- This site is optimized with the Yoast SEO plugin v26.5 - https:\/\/yoast.com\/wordpress\/plugins\/seo\/ -->\n<title>Obra re\u00fane 70 nomes que impactaram a hist\u00f3ria do Brasil - Jornal Fatos e Not\u00edcias<\/title>\n<meta name=\"robots\" content=\"index, follow, max-snippet:-1, max-image-preview:large, max-video-preview:-1\" \/>\n<link rel=\"canonical\" href=\"https:\/\/jornalfatosenoticias.com.br\/index.php\/2021\/03\/23\/obra-reune-70-nomes-que-impactaram-a-historia-do-brasil\/\" \/>\n<meta property=\"og:locale\" content=\"pt_BR\" \/>\n<meta property=\"og:type\" content=\"article\" \/>\n<meta property=\"og:title\" content=\"Obra re\u00fane 70 nomes que impactaram a hist\u00f3ria do Brasil - Jornal Fatos e Not\u00edcias\" \/>\n<meta property=\"og:description\" content=\"\u201cOs Her\u00f3is Brasileiros\u201d, de Ruy Sodr\u00e9, trata-se de um livro envolvente que apresenta a hist\u00f3ria de ilustres figuras que marcaram o Pa\u00eds A obra \u201cOs Her\u00f3is Brasileiros\u201d, do escritor e aviador Ruy Sodr\u00e9, re\u00fane mais de 70 figuras hist\u00f3ricas que marcaram a hist\u00f3ria do Brasil. Ao longo das p\u00e1ginas, o leitor se depara com importantes [&hellip;]\" \/>\n<meta property=\"og:url\" content=\"https:\/\/jornalfatosenoticias.com.br\/index.php\/2021\/03\/23\/obra-reune-70-nomes-que-impactaram-a-historia-do-brasil\/\" \/>\n<meta property=\"og:site_name\" content=\"Jornal Fatos e Not\u00edcias\" \/>\n<meta property=\"article:published_time\" content=\"2021-03-23T21:29:38+00:00\" \/>\n<meta property=\"article:modified_time\" content=\"2021-03-23T21:30:50+00:00\" \/>\n<meta property=\"og:image\" content=\"https:\/\/jornalfatosenoticias.com.br\/wp-content\/uploads\/2021\/03\/tiradentes_e_ayrton_senna_OBRA.jpg\" \/>\n\t<meta property=\"og:image:width\" content=\"1000\" \/>\n\t<meta property=\"og:image:height\" content=\"562\" \/>\n\t<meta property=\"og:image:type\" content=\"image\/jpeg\" \/>\n<meta name=\"author\" content=\"Luzimara Fernandes\" \/>\n<meta name=\"twitter:card\" content=\"summary_large_image\" \/>\n<meta name=\"twitter:label1\" content=\"Escrito por\" \/>\n\t<meta name=\"twitter:data1\" content=\"Luzimara Fernandes\" \/>\n\t<meta name=\"twitter:label2\" content=\"Est. tempo de leitura\" \/>\n\t<meta name=\"twitter:data2\" content=\"2 minutos\" \/>\n<script type=\"application\/ld+json\" class=\"yoast-schema-graph\">{\"@context\":\"https:\/\/schema.org\",\"@graph\":[{\"@type\":\"Article\",\"@id\":\"https:\/\/jornalfatosenoticias.com.br\/index.php\/2021\/03\/23\/obra-reune-70-nomes-que-impactaram-a-historia-do-brasil\/#article\",\"isPartOf\":{\"@id\":\"https:\/\/jornalfatosenoticias.com.br\/index.php\/2021\/03\/23\/obra-reune-70-nomes-que-impactaram-a-historia-do-brasil\/\"},\"author\":{\"name\":\"Luzimara Fernandes\",\"@id\":\"https:\/\/jornalfatosenoticias.com.br\/#\/schema\/person\/d63837fa13ac8666eb9e74e0985d6f81\"},\"headline\":\"Obra re\u00fane 70 nomes que impactaram a hist\u00f3ria do Brasil\",\"datePublished\":\"2021-03-23T21:29:38+00:00\",\"dateModified\":\"2021-03-23T21:30:50+00:00\",\"mainEntityOfPage\":{\"@id\":\"https:\/\/jornalfatosenoticias.com.br\/index.php\/2021\/03\/23\/obra-reune-70-nomes-que-impactaram-a-historia-do-brasil\/\"},\"wordCount\":314,\"commentCount\":0,\"publisher\":{\"@id\":\"https:\/\/jornalfatosenoticias.com.br\/#organization\"},\"image\":{\"@id\":\"https:\/\/jornalfatosenoticias.com.br\/index.php\/2021\/03\/23\/obra-reune-70-nomes-que-impactaram-a-historia-do-brasil\/#primaryimage\"},\"thumbnailUrl\":\"https:\/\/jornalfatosenoticias.com.br\/wp-content\/uploads\/2021\/03\/tiradentes_e_ayrton_senna_OBRA.jpg\",\"keywords\":[\"Brasil\",\"livro\",\"obra\",\"Os Her\u00f3is Brasileiros\",\"Ruy Sodr\u00e9\"],\"articleSection\":[\"Cultura\"],\"inLanguage\":\"pt-BR\",\"potentialAction\":[{\"@type\":\"CommentAction\",\"name\":\"Comment\",\"target\":[\"https:\/\/jornalfatosenoticias.com.br\/index.php\/2021\/03\/23\/obra-reune-70-nomes-que-impactaram-a-historia-do-brasil\/#respond\"]}]},{\"@type\":\"WebPage\",\"@id\":\"https:\/\/jornalfatosenoticias.com.br\/index.php\/2021\/03\/23\/obra-reune-70-nomes-que-impactaram-a-historia-do-brasil\/\",\"url\":\"https:\/\/jornalfatosenoticias.com.br\/index.php\/2021\/03\/23\/obra-reune-70-nomes-que-impactaram-a-historia-do-brasil\/\",\"name\":\"Obra re\u00fane 70 nomes que impactaram a hist\u00f3ria do Brasil - Jornal Fatos e Not\u00edcias\",\"isPartOf\":{\"@id\":\"https:\/\/jornalfatosenoticias.com.br\/#website\"},\"primaryImageOfPage\":{\"@id\":\"https:\/\/jornalfatosenoticias.com.br\/index.php\/2021\/03\/23\/obra-reune-70-nomes-que-impactaram-a-historia-do-brasil\/#primaryimage\"},\"image\":{\"@id\":\"https:\/\/jornalfatosenoticias.com.br\/index.php\/2021\/03\/23\/obra-reune-70-nomes-que-impactaram-a-historia-do-brasil\/#primaryimage\"},\"thumbnailUrl\":\"https:\/\/jornalfatosenoticias.com.br\/wp-content\/uploads\/2021\/03\/tiradentes_e_ayrton_senna_OBRA.jpg\",\"datePublished\":\"2021-03-23T21:29:38+00:00\",\"dateModified\":\"2021-03-23T21:30:50+00:00\",\"breadcrumb\":{\"@id\":\"https:\/\/jornalfatosenoticias.com.br\/index.php\/2021\/03\/23\/obra-reune-70-nomes-que-impactaram-a-historia-do-brasil\/#breadcrumb\"},\"inLanguage\":\"pt-BR\",\"potentialAction\":[{\"@type\":\"ReadAction\",\"target\":[\"https:\/\/jornalfatosenoticias.com.br\/index.php\/2021\/03\/23\/obra-reune-70-nomes-que-impactaram-a-historia-do-brasil\/\"]}]},{\"@type\":\"ImageObject\",\"inLanguage\":\"pt-BR\",\"@id\":\"https:\/\/jornalfatosenoticias.com.br\/index.php\/2021\/03\/23\/obra-reune-70-nomes-que-impactaram-a-historia-do-brasil\/#primaryimage\",\"url\":\"https:\/\/jornalfatosenoticias.com.br\/wp-content\/uploads\/2021\/03\/tiradentes_e_ayrton_senna_OBRA.jpg\",\"contentUrl\":\"https:\/\/jornalfatosenoticias.com.br\/wp-content\/uploads\/2021\/03\/tiradentes_e_ayrton_senna_OBRA.jpg\",\"width\":1000,\"height\":562},{\"@type\":\"BreadcrumbList\",\"@id\":\"https:\/\/jornalfatosenoticias.com.br\/index.php\/2021\/03\/23\/obra-reune-70-nomes-que-impactaram-a-historia-do-brasil\/#breadcrumb\",\"itemListElement\":[{\"@type\":\"ListItem\",\"position\":1,\"name\":\"In\u00edcio\",\"item\":\"https:\/\/jornalfatosenoticias.com.br\/\"},{\"@type\":\"ListItem\",\"position\":2,\"name\":\"Obra re\u00fane 70 nomes que impactaram a hist\u00f3ria do Brasil\"}]},{\"@type\":\"WebSite\",\"@id\":\"https:\/\/jornalfatosenoticias.com.br\/#website\",\"url\":\"https:\/\/jornalfatosenoticias.com.br\/\",\"name\":\"Jornal Fatos e Not\u00edcias\",\"description\":\"Not\u00edcias em geral\",\"publisher\":{\"@id\":\"https:\/\/jornalfatosenoticias.com.br\/#organization\"},\"potentialAction\":[{\"@type\":\"SearchAction\",\"target\":{\"@type\":\"EntryPoint\",\"urlTemplate\":\"https:\/\/jornalfatosenoticias.com.br\/?s={search_term_string}\"},\"query-input\":{\"@type\":\"PropertyValueSpecification\",\"valueRequired\":true,\"valueName\":\"search_term_string\"}}],\"inLanguage\":\"pt-BR\"},{\"@type\":\"Organization\",\"@id\":\"https:\/\/jornalfatosenoticias.com.br\/#organization\",\"name\":\"Jornal Fatos e Not\u00edcias\",\"url\":\"https:\/\/jornalfatosenoticias.com.br\/\",\"logo\":{\"@type\":\"ImageObject\",\"inLanguage\":\"pt-BR\",\"@id\":\"https:\/\/jornalfatosenoticias.com.br\/#\/schema\/logo\/image\/\",\"url\":\"https:\/\/jornalfatosenoticias.com.br\/wp-content\/uploads\/2020\/02\/logo120.png\",\"contentUrl\":\"https:\/\/jornalfatosenoticias.com.br\/wp-content\/uploads\/2020\/02\/logo120.png\",\"width\":1227,\"height\":120,\"caption\":\"Jornal Fatos e Not\u00edcias\"},\"image\":{\"@id\":\"https:\/\/jornalfatosenoticias.com.br\/#\/schema\/logo\/image\/\"}},{\"@type\":\"Person\",\"@id\":\"https:\/\/jornalfatosenoticias.com.br\/#\/schema\/person\/d63837fa13ac8666eb9e74e0985d6f81\",\"name\":\"Luzimara Fernandes\",\"image\":{\"@type\":\"ImageObject\",\"inLanguage\":\"pt-BR\",\"@id\":\"https:\/\/jornalfatosenoticias.com.br\/#\/schema\/person\/image\/\",\"url\":\"https:\/\/jornalfatosenoticias.com.br\/wp-content\/uploads\/2025\/05\/EU_portal.jpg\",\"contentUrl\":\"https:\/\/jornalfatosenoticias.com.br\/wp-content\/uploads\/2025\/05\/EU_portal.jpg\",\"caption\":\"Luzimara Fernandes\"},\"description\":\"Jornalista MTB 2358-ES\",\"sameAs\":[\"https:\/\/jornalfatosenoticias.com.br\"],\"url\":\"https:\/\/jornalfatosenoticias.com.br\/index.php\/author\/luzimara\/\"}]}<\/script>\n<!-- \/ Yoast SEO plugin. -->","yoast_head_json":{"title":"Obra re\u00fane 70 nomes que impactaram a hist\u00f3ria do Brasil - Jornal Fatos e Not\u00edcias","robots":{"index":"index","follow":"follow","max-snippet":"max-snippet:-1","max-image-preview":"max-image-preview:large","max-video-preview":"max-video-preview:-1"},"canonical":"https:\/\/jornalfatosenoticias.com.br\/index.php\/2021\/03\/23\/obra-reune-70-nomes-que-impactaram-a-historia-do-brasil\/","og_locale":"pt_BR","og_type":"article","og_title":"Obra re\u00fane 70 nomes que impactaram a hist\u00f3ria do Brasil - Jornal Fatos e Not\u00edcias","og_description":"\u201cOs Her\u00f3is Brasileiros\u201d, de Ruy Sodr\u00e9, trata-se de um livro envolvente que apresenta a hist\u00f3ria de ilustres figuras que marcaram o Pa\u00eds A obra \u201cOs Her\u00f3is Brasileiros\u201d, do escritor e aviador Ruy Sodr\u00e9, re\u00fane mais de 70 figuras hist\u00f3ricas que marcaram a hist\u00f3ria do Brasil. Ao longo das p\u00e1ginas, o leitor se depara com importantes [&hellip;]","og_url":"https:\/\/jornalfatosenoticias.com.br\/index.php\/2021\/03\/23\/obra-reune-70-nomes-que-impactaram-a-historia-do-brasil\/","og_site_name":"Jornal Fatos e Not\u00edcias","article_published_time":"2021-03-23T21:29:38+00:00","article_modified_time":"2021-03-23T21:30:50+00:00","og_image":[{"width":1000,"height":562,"url":"https:\/\/jornalfatosenoticias.com.br\/wp-content\/uploads\/2021\/03\/tiradentes_e_ayrton_senna_OBRA.jpg","type":"image\/jpeg"}],"author":"Luzimara Fernandes","twitter_card":"summary_large_image","twitter_misc":{"Escrito por":"Luzimara Fernandes","Est. tempo de leitura":"2 minutos"},"schema":{"@context":"https:\/\/schema.org","@graph":[{"@type":"Article","@id":"https:\/\/jornalfatosenoticias.com.br\/index.php\/2021\/03\/23\/obra-reune-70-nomes-que-impactaram-a-historia-do-brasil\/#article","isPartOf":{"@id":"https:\/\/jornalfatosenoticias.com.br\/index.php\/2021\/03\/23\/obra-reune-70-nomes-que-impactaram-a-historia-do-brasil\/"},"author":{"name":"Luzimara Fernandes","@id":"https:\/\/jornalfatosenoticias.com.br\/#\/schema\/person\/d63837fa13ac8666eb9e74e0985d6f81"},"headline":"Obra re\u00fane 70 nomes que impactaram a hist\u00f3ria do Brasil","datePublished":"2021-03-23T21:29:38+00:00","dateModified":"2021-03-23T21:30:50+00:00","mainEntityOfPage":{"@id":"https:\/\/jornalfatosenoticias.com.br\/index.php\/2021\/03\/23\/obra-reune-70-nomes-que-impactaram-a-historia-do-brasil\/"},"wordCount":314,"commentCount":0,"publisher":{"@id":"https:\/\/jornalfatosenoticias.com.br\/#organization"},"image":{"@id":"https:\/\/jornalfatosenoticias.com.br\/index.php\/2021\/03\/23\/obra-reune-70-nomes-que-impactaram-a-historia-do-brasil\/#primaryimage"},"thumbnailUrl":"https:\/\/jornalfatosenoticias.com.br\/wp-content\/uploads\/2021\/03\/tiradentes_e_ayrton_senna_OBRA.jpg","keywords":["Brasil","livro","obra","Os Her\u00f3is Brasileiros","Ruy Sodr\u00e9"],"articleSection":["Cultura"],"inLanguage":"pt-BR","potentialAction":[{"@type":"CommentAction","name":"Comment","target":["https:\/\/jornalfatosenoticias.com.br\/index.php\/2021\/03\/23\/obra-reune-70-nomes-que-impactaram-a-historia-do-brasil\/#respond"]}]},{"@type":"WebPage","@id":"https:\/\/jornalfatosenoticias.com.br\/index.php\/2021\/03\/23\/obra-reune-70-nomes-que-impactaram-a-historia-do-brasil\/","url":"https:\/\/jornalfatosenoticias.com.br\/index.php\/2021\/03\/23\/obra-reune-70-nomes-que-impactaram-a-historia-do-brasil\/","name":"Obra re\u00fane 70 nomes que impactaram a hist\u00f3ria do Brasil - Jornal Fatos e Not\u00edcias","isPartOf":{"@id":"https:\/\/jornalfatosenoticias.com.br\/#website"},"primaryImageOfPage":{"@id":"https:\/\/jornalfatosenoticias.com.br\/index.php\/2021\/03\/23\/obra-reune-70-nomes-que-impactaram-a-historia-do-brasil\/#primaryimage"},"image":{"@id":"https:\/\/jornalfatosenoticias.com.br\/index.php\/2021\/03\/23\/obra-reune-70-nomes-que-impactaram-a-historia-do-brasil\/#primaryimage"},"thumbnailUrl":"https:\/\/jornalfatosenoticias.com.br\/wp-content\/uploads\/2021\/03\/tiradentes_e_ayrton_senna_OBRA.jpg","datePublished":"2021-03-23T21:29:38+00:00","dateModified":"2021-03-23T21:30:50+00:00","breadcrumb":{"@id":"https:\/\/jornalfatosenoticias.com.br\/index.php\/2021\/03\/23\/obra-reune-70-nomes-que-impactaram-a-historia-do-brasil\/#breadcrumb"},"inLanguage":"pt-BR","potentialAction":[{"@type":"ReadAction","target":["https:\/\/jornalfatosenoticias.com.br\/index.php\/2021\/03\/23\/obra-reune-70-nomes-que-impactaram-a-historia-do-brasil\/"]}]},{"@type":"ImageObject","inLanguage":"pt-BR","@id":"https:\/\/jornalfatosenoticias.com.br\/index.php\/2021\/03\/23\/obra-reune-70-nomes-que-impactaram-a-historia-do-brasil\/#primaryimage","url":"https:\/\/jornalfatosenoticias.com.br\/wp-content\/uploads\/2021\/03\/tiradentes_e_ayrton_senna_OBRA.jpg","contentUrl":"https:\/\/jornalfatosenoticias.com.br\/wp-content\/uploads\/2021\/03\/tiradentes_e_ayrton_senna_OBRA.jpg","width":1000,"height":562},{"@type":"BreadcrumbList","@id":"https:\/\/jornalfatosenoticias.com.br\/index.php\/2021\/03\/23\/obra-reune-70-nomes-que-impactaram-a-historia-do-brasil\/#breadcrumb","itemListElement":[{"@type":"ListItem","position":1,"name":"In\u00edcio","item":"https:\/\/jornalfatosenoticias.com.br\/"},{"@type":"ListItem","position":2,"name":"Obra re\u00fane 70 nomes que impactaram a hist\u00f3ria do Brasil"}]},{"@type":"WebSite","@id":"https:\/\/jornalfatosenoticias.com.br\/#website","url":"https:\/\/jornalfatosenoticias.com.br\/","name":"Jornal Fatos e Not\u00edcias","description":"Not\u00edcias em geral","publisher":{"@id":"https:\/\/jornalfatosenoticias.com.br\/#organization"},"potentialAction":[{"@type":"SearchAction","target":{"@type":"EntryPoint","urlTemplate":"https:\/\/jornalfatosenoticias.com.br\/?s={search_term_string}"},"query-input":{"@type":"PropertyValueSpecification","valueRequired":true,"valueName":"search_term_string"}}],"inLanguage":"pt-BR"},{"@type":"Organization","@id":"https:\/\/jornalfatosenoticias.com.br\/#organization","name":"Jornal Fatos e Not\u00edcias","url":"https:\/\/jornalfatosenoticias.com.br\/","logo":{"@type":"ImageObject","inLanguage":"pt-BR","@id":"https:\/\/jornalfatosenoticias.com.br\/#\/schema\/logo\/image\/","url":"https:\/\/jornalfatosenoticias.com.br\/wp-content\/uploads\/2020\/02\/logo120.png","contentUrl":"https:\/\/jornalfatosenoticias.com.br\/wp-content\/uploads\/2020\/02\/logo120.png","width":1227,"height":120,"caption":"Jornal Fatos e Not\u00edcias"},"image":{"@id":"https:\/\/jornalfatosenoticias.com.br\/#\/schema\/logo\/image\/"}},{"@type":"Person","@id":"https:\/\/jornalfatosenoticias.com.br\/#\/schema\/person\/d63837fa13ac8666eb9e74e0985d6f81","name":"Luzimara Fernandes","image":{"@type":"ImageObject","inLanguage":"pt-BR","@id":"https:\/\/jornalfatosenoticias.com.br\/#\/schema\/person\/image\/","url":"https:\/\/jornalfatosenoticias.com.br\/wp-content\/uploads\/2025\/05\/EU_portal.jpg","contentUrl":"https:\/\/jornalfatosenoticias.com.br\/wp-content\/uploads\/2025\/05\/EU_portal.jpg","caption":"Luzimara Fernandes"},"description":"Jornalista MTB 2358-ES","sameAs":["https:\/\/jornalfatosenoticias.com.br"],"url":"https:\/\/jornalfatosenoticias.com.br\/index.php\/author\/luzimara\/"}]}},"cc_featured_image_caption":{"caption_text":"Tiradentes e Ayrton Senna","source_text":"","source_url":""},"jetpack_featured_media_url":"https:\/\/jornalfatosenoticias.com.br\/wp-content\/uploads\/2021\/03\/tiradentes_e_ayrton_senna_OBRA.jpg","_links":{"self":[{"href":"https:\/\/jornalfatosenoticias.com.br\/index.php\/wp-json\/wp\/v2\/posts\/16142","targetHints":{"allow":["GET"]}}],"collection":[{"href":"https:\/\/jornalfatosenoticias.com.br\/index.php\/wp-json\/wp\/v2\/posts"}],"about":[{"href":"https:\/\/jornalfatosenoticias.com.br\/index.php\/wp-json\/wp\/v2\/types\/post"}],"author":[{"embeddable":true,"href":"https:\/\/jornalfatosenoticias.com.br\/index.php\/wp-json\/wp\/v2\/users\/2"}],"replies":[{"embeddable":true,"href":"https:\/\/jornalfatosenoticias.com.br\/index.php\/wp-json\/wp\/v2\/comments?post=16142"}],"version-history":[{"count":0,"href":"https:\/\/jornalfatosenoticias.com.br\/index.php\/wp-json\/wp\/v2\/posts\/16142\/revisions"}],"wp:featuredmedia":[{"embeddable":true,"href":"https:\/\/jornalfatosenoticias.com.br\/index.php\/wp-json\/wp\/v2\/media\/16143"}],"wp:attachment":[{"href":"https:\/\/jornalfatosenoticias.com.br\/index.php\/wp-json\/wp\/v2\/media?parent=16142"}],"wp:term":[{"taxonomy":"category","embeddable":true,"href":"https:\/\/jornalfatosenoticias.com.br\/index.php\/wp-json\/wp\/v2\/categories?post=16142"},{"taxonomy":"post_tag","embeddable":true,"href":"https:\/\/jornalfatosenoticias.com.br\/index.php\/wp-json\/wp\/v2\/tags?post=16142"}],"curies":[{"name":"wp","href":"https:\/\/api.w.org\/{rel}","templated":true}]}}