{"id":16146,"date":"2021-03-23T18:35:40","date_gmt":"2021-03-23T21:35:40","guid":{"rendered":"https:\/\/jornalfatosenoticias.com.br\/?p=16146"},"modified":"2021-03-23T18:35:44","modified_gmt":"2021-03-23T21:35:44","slug":"dom-pedro-ii-e-a-chegada-do-telegrafo-ao-brasil","status":"publish","type":"post","link":"https:\/\/jornalfatosenoticias.com.br\/index.php\/2021\/03\/23\/dom-pedro-ii-e-a-chegada-do-telegrafo-ao-brasil\/","title":{"rendered":"Dom Pedro II e a chegada do tel\u00e9grafo ao Brasil"},"content":{"rendered":"\n<h6 class=\"wp-block-heading\"><em>Ao longo de mais de cem anos, o tel\u00e9grafo incorporou-se ao cotidiano dos povos, acelerou a comunica\u00e7\u00e3o e mudou o modo de descrever os acontecimentos na sociedade<\/em><\/h6>\n\n\n\n<p>\u201cA comunica\u00e7\u00e3o dos pensamentos, das ordens, das not\u00edcias j\u00e1 n\u00e3o encontra demora na dist\u00e2ncia\u201d. Assim anunciava o ministro <strong>Eus\u00e9bio de Queiroz, <\/strong>a<strong> Dom Pedro II<\/strong>, o \u00eaxito da implanta\u00e7\u00e3o da primeira linha de tel\u00e9grafo el\u00e9trico, em 1852, numa primeira etapa ligando a Quinta Imperial ao Quartel General do Ex\u00e9rcito, sanando a necessidade de expedir ordens r\u00e1pidas para a repress\u00e3o ao tr\u00e1fico de escravos.<br>O imp\u00e9rio dos tr\u00f3picos encontrou o auge de seu desenvolvimento nos anos 1850, quando o Pa\u00eds buscava acompanhar a marcha do progresso com a implanta\u00e7\u00e3o de estradas de ferro, da ilumina\u00e7\u00e3o a g\u00e1s e do tel\u00e9grafo el\u00e9trico.<br>Em vinte anos, o Imp\u00e9rio estendeu quil\u00f4metros de linhas telegr\u00e1ficas ligando 182 esta\u00e7\u00f5es, capazes de \u201cestreitar num s\u00f3lido e vigoroso la\u00e7o de fio todo o vasto litoral de um ao outro extremo do Pa\u00eds\u201d. Em 1866, o navio ingl\u00eas Great Eastern estendeu um cabo submarino entre a Europa e a Am\u00e9rica do Norte, vencendo a chamada barreira da imensid\u00e3o do oceano. <strong>Dom Pedro I<\/strong>I, um entusiasta das inova\u00e7\u00f5es tecnol\u00f3gicas, n\u00e3o perdeu tempo. A telegrafia ultramarina poderia tornar avizinhar o Brasil da Europa, estreitando as rela\u00e7\u00f5es com vista a divisas pol\u00edticas e econ\u00f4micas.<\/p>\n\n\n\n<figure class=\"wp-block-image size-large\"><img loading=\"lazy\" decoding=\"async\" width=\"1000\" height=\"666\" src=\"https:\/\/jornalfatosenoticias.com.br\/wp-content\/uploads\/2021\/03\/telegrafo.jpg\" alt=\"\" class=\"wp-image-16147\" srcset=\"https:\/\/jornalfatosenoticias.com.br\/wp-content\/uploads\/2021\/03\/telegrafo.jpg 1000w, https:\/\/jornalfatosenoticias.com.br\/wp-content\/uploads\/2021\/03\/telegrafo-300x200.jpg 300w, https:\/\/jornalfatosenoticias.com.br\/wp-content\/uploads\/2021\/03\/telegrafo-768x511.jpg 768w\" sizes=\"auto, (max-width: 1000px) 100vw, 1000px\" \/><figcaption><em>Tel\u00e9grafo (Foto: Divulga\u00e7\u00e3o)<\/em><\/figcaption><\/figure>\n\n\n\n<p>Em 1872, concedeu ao <strong>Bar\u00e3o de Mau\u00e1<\/strong> o direito de lan\u00e7ar cabos submarinos e explorar a telegrafia el\u00e9trica entre o Brasil e a Europa por 20 anos. Coube ao rec\u00e9m-constru\u00eddo Hooper, segundo maior navio do mundo no ramo, estender 1150 milhas n\u00e1uticas de cabo submarino, de Recife at\u00e9 o banco de Bragan\u00e7a a 75 milhas de Bel\u00e9m.<br>A linha foi inaugurada em setembro de 1873, com trocas de telegramas entre os governantes das duas prov\u00edncias, e, em dezembro do mesmo ano, foi tamb\u00e9m conclu\u00edda a liga\u00e7\u00e3o entre Salvador e Rio de Janeiro. A eletricidade agora ligava as cidades mais importantes do Imp\u00e9rio.<\/p>\n\n\n\n<figure class=\"wp-block-image size-large\"><img loading=\"lazy\" decoding=\"async\" width=\"1000\" height=\"562\" src=\"https:\/\/jornalfatosenoticias.com.br\/wp-content\/uploads\/2021\/03\/dom_pedro_II_pintura.jpg\" alt=\"\" class=\"wp-image-16148\" srcset=\"https:\/\/jornalfatosenoticias.com.br\/wp-content\/uploads\/2021\/03\/dom_pedro_II_pintura.jpg 1000w, https:\/\/jornalfatosenoticias.com.br\/wp-content\/uploads\/2021\/03\/dom_pedro_II_pintura-300x169.jpg 300w, https:\/\/jornalfatosenoticias.com.br\/wp-content\/uploads\/2021\/03\/dom_pedro_II_pintura-768x432.jpg 768w\" sizes=\"auto, (max-width: 1000px) 100vw, 1000px\" \/><figcaption><em>Pintura de Dom Pedro II (Foto: Wikimedia Commons)<\/em><\/figcaption><\/figure>\n\n\n\n<p>Seis meses depois, em 1874, partindo do Rio de Janeiro, cruzando o Atl\u00e2ntico at\u00e9 Cabo Verde, Ilha da Madeira e Carcavelos em Portugal, chegava a primeira transmiss\u00e3o telegr\u00e1fica. Tratava-se de uma mensagem de <strong>Dom Pedro I<\/strong>I informando o feito para a rainha <strong>Vit\u00f3ri<\/strong>a e ao rei <strong>Dom Lu\u00eds<\/strong>, de Portugal.<br>Ao longo de um s\u00e9culo e meio, o tel\u00e9grafo incorporou-se ao cotidiano dos povos, acelerou a comunica\u00e7\u00e3o e mudou o modo de descrever os acontecimentos. Sua difus\u00e3o e seu desenvolvimento criaram uma cultura pr\u00f3pria, com vocabul\u00e1rio, linguagem, ritmo e formas de comunicar compartilhados por milh\u00f5es de pessoas em todo o mundo. O cabo submarino do Bar\u00e3o de Mau\u00e1 permaneceu em uso at\u00e9 o ano de 1973.<\/p>\n\n\n\n<p><em><strong>Fonte: <a href=\"https:\/\/aventurasnahistoria.uol.com.br\/noticias\/reportagem\/dom-pedro-ii-e-o-telegrafo-no-brasil.phtml\">Aventuras na Hist\u00f3ria<\/a><\/strong><\/em><\/p>\n","protected":false},"excerpt":{"rendered":"<p>Ao longo de mais de cem anos, o tel\u00e9grafo incorporou-se ao cotidiano dos povos, acelerou a comunica\u00e7\u00e3o e mudou o modo de descrever os acontecimentos na sociedade \u201cA comunica\u00e7\u00e3o dos pensamentos, das ordens, das not\u00edcias j\u00e1 n\u00e3o encontra demora na dist\u00e2ncia\u201d. Assim anunciava o ministro Eus\u00e9bio de Queiroz, a Dom Pedro II, o \u00eaxito da [&hellip;]<\/p>\n","protected":false},"author":2,"featured_media":16149,"comment_status":"open","ping_status":"open","sticky":false,"template":"","format":"standard","meta":{"footnotes":""},"categories":[5],"tags":[3387,4822,8167,3131,8168],"class_list":["post-16146","post","type-post","status-publish","format-standard","has-post-thumbnail","hentry","category-geral","tag-comunicacao","tag-dom-pedro-ii","tag-eusebio-de-queiroz","tag-historia-do-brasil","tag-telegrafo"],"yoast_head":"<!-- This site is optimized with the Yoast SEO plugin v26.5 - https:\/\/yoast.com\/wordpress\/plugins\/seo\/ -->\n<title>Dom Pedro II e a chegada do tel\u00e9grafo ao Brasil - Jornal Fatos e Not\u00edcias<\/title>\n<meta name=\"robots\" content=\"index, follow, max-snippet:-1, max-image-preview:large, max-video-preview:-1\" \/>\n<link rel=\"canonical\" href=\"https:\/\/jornalfatosenoticias.com.br\/index.php\/2021\/03\/23\/dom-pedro-ii-e-a-chegada-do-telegrafo-ao-brasil\/\" \/>\n<meta property=\"og:locale\" content=\"pt_BR\" \/>\n<meta property=\"og:type\" content=\"article\" \/>\n<meta property=\"og:title\" content=\"Dom Pedro II e a chegada do tel\u00e9grafo ao Brasil - Jornal Fatos e Not\u00edcias\" \/>\n<meta property=\"og:description\" content=\"Ao longo de mais de cem anos, o tel\u00e9grafo incorporou-se ao cotidiano dos povos, acelerou a comunica\u00e7\u00e3o e mudou o modo de descrever os acontecimentos na sociedade \u201cA comunica\u00e7\u00e3o dos pensamentos, das ordens, das not\u00edcias j\u00e1 n\u00e3o encontra demora na dist\u00e2ncia\u201d. Assim anunciava o ministro Eus\u00e9bio de Queiroz, a Dom Pedro II, o \u00eaxito da [&hellip;]\" \/>\n<meta property=\"og:url\" content=\"https:\/\/jornalfatosenoticias.com.br\/index.php\/2021\/03\/23\/dom-pedro-ii-e-a-chegada-do-telegrafo-ao-brasil\/\" \/>\n<meta property=\"og:site_name\" content=\"Jornal Fatos e Not\u00edcias\" \/>\n<meta property=\"article:published_time\" content=\"2021-03-23T21:35:40+00:00\" \/>\n<meta property=\"article:modified_time\" content=\"2021-03-23T21:35:44+00:00\" \/>\n<meta property=\"og:image\" content=\"https:\/\/jornalfatosenoticias.com.br\/wp-content\/uploads\/2021\/03\/D.-Pedro-II.jpg\" \/>\n\t<meta property=\"og:image:width\" content=\"1000\" \/>\n\t<meta property=\"og:image:height\" content=\"562\" \/>\n\t<meta property=\"og:image:type\" content=\"image\/jpeg\" \/>\n<meta name=\"author\" content=\"Luzimara Fernandes\" \/>\n<meta name=\"twitter:card\" content=\"summary_large_image\" \/>\n<meta name=\"twitter:label1\" content=\"Escrito por\" \/>\n\t<meta name=\"twitter:data1\" content=\"Luzimara Fernandes\" \/>\n\t<meta name=\"twitter:label2\" content=\"Est. tempo de leitura\" \/>\n\t<meta name=\"twitter:data2\" content=\"3 minutos\" \/>\n<script type=\"application\/ld+json\" class=\"yoast-schema-graph\">{\"@context\":\"https:\/\/schema.org\",\"@graph\":[{\"@type\":\"Article\",\"@id\":\"https:\/\/jornalfatosenoticias.com.br\/index.php\/2021\/03\/23\/dom-pedro-ii-e-a-chegada-do-telegrafo-ao-brasil\/#article\",\"isPartOf\":{\"@id\":\"https:\/\/jornalfatosenoticias.com.br\/index.php\/2021\/03\/23\/dom-pedro-ii-e-a-chegada-do-telegrafo-ao-brasil\/\"},\"author\":{\"name\":\"Luzimara Fernandes\",\"@id\":\"https:\/\/jornalfatosenoticias.com.br\/#\/schema\/person\/d63837fa13ac8666eb9e74e0985d6f81\"},\"headline\":\"Dom Pedro II e a chegada do tel\u00e9grafo ao Brasil\",\"datePublished\":\"2021-03-23T21:35:40+00:00\",\"dateModified\":\"2021-03-23T21:35:44+00:00\",\"mainEntityOfPage\":{\"@id\":\"https:\/\/jornalfatosenoticias.com.br\/index.php\/2021\/03\/23\/dom-pedro-ii-e-a-chegada-do-telegrafo-ao-brasil\/\"},\"wordCount\":519,\"commentCount\":0,\"publisher\":{\"@id\":\"https:\/\/jornalfatosenoticias.com.br\/#organization\"},\"image\":{\"@id\":\"https:\/\/jornalfatosenoticias.com.br\/index.php\/2021\/03\/23\/dom-pedro-ii-e-a-chegada-do-telegrafo-ao-brasil\/#primaryimage\"},\"thumbnailUrl\":\"https:\/\/jornalfatosenoticias.com.br\/wp-content\/uploads\/2021\/03\/D.-Pedro-II.jpg\",\"keywords\":[\"comunica\u00e7\u00e3o\",\"Dom Pedro II\",\"Eus\u00e9bio de Queiroz\",\"Hist\u00f3ria do Brasil\",\"tel\u00e9grafo\"],\"articleSection\":[\"Geral\"],\"inLanguage\":\"pt-BR\",\"potentialAction\":[{\"@type\":\"CommentAction\",\"name\":\"Comment\",\"target\":[\"https:\/\/jornalfatosenoticias.com.br\/index.php\/2021\/03\/23\/dom-pedro-ii-e-a-chegada-do-telegrafo-ao-brasil\/#respond\"]}]},{\"@type\":\"WebPage\",\"@id\":\"https:\/\/jornalfatosenoticias.com.br\/index.php\/2021\/03\/23\/dom-pedro-ii-e-a-chegada-do-telegrafo-ao-brasil\/\",\"url\":\"https:\/\/jornalfatosenoticias.com.br\/index.php\/2021\/03\/23\/dom-pedro-ii-e-a-chegada-do-telegrafo-ao-brasil\/\",\"name\":\"Dom Pedro II e a chegada do tel\u00e9grafo ao Brasil - Jornal Fatos e Not\u00edcias\",\"isPartOf\":{\"@id\":\"https:\/\/jornalfatosenoticias.com.br\/#website\"},\"primaryImageOfPage\":{\"@id\":\"https:\/\/jornalfatosenoticias.com.br\/index.php\/2021\/03\/23\/dom-pedro-ii-e-a-chegada-do-telegrafo-ao-brasil\/#primaryimage\"},\"image\":{\"@id\":\"https:\/\/jornalfatosenoticias.com.br\/index.php\/2021\/03\/23\/dom-pedro-ii-e-a-chegada-do-telegrafo-ao-brasil\/#primaryimage\"},\"thumbnailUrl\":\"https:\/\/jornalfatosenoticias.com.br\/wp-content\/uploads\/2021\/03\/D.-Pedro-II.jpg\",\"datePublished\":\"2021-03-23T21:35:40+00:00\",\"dateModified\":\"2021-03-23T21:35:44+00:00\",\"breadcrumb\":{\"@id\":\"https:\/\/jornalfatosenoticias.com.br\/index.php\/2021\/03\/23\/dom-pedro-ii-e-a-chegada-do-telegrafo-ao-brasil\/#breadcrumb\"},\"inLanguage\":\"pt-BR\",\"potentialAction\":[{\"@type\":\"ReadAction\",\"target\":[\"https:\/\/jornalfatosenoticias.com.br\/index.php\/2021\/03\/23\/dom-pedro-ii-e-a-chegada-do-telegrafo-ao-brasil\/\"]}]},{\"@type\":\"ImageObject\",\"inLanguage\":\"pt-BR\",\"@id\":\"https:\/\/jornalfatosenoticias.com.br\/index.php\/2021\/03\/23\/dom-pedro-ii-e-a-chegada-do-telegrafo-ao-brasil\/#primaryimage\",\"url\":\"https:\/\/jornalfatosenoticias.com.br\/wp-content\/uploads\/2021\/03\/D.-Pedro-II.jpg\",\"contentUrl\":\"https:\/\/jornalfatosenoticias.com.br\/wp-content\/uploads\/2021\/03\/D.-Pedro-II.jpg\",\"width\":1000,\"height\":562},{\"@type\":\"BreadcrumbList\",\"@id\":\"https:\/\/jornalfatosenoticias.com.br\/index.php\/2021\/03\/23\/dom-pedro-ii-e-a-chegada-do-telegrafo-ao-brasil\/#breadcrumb\",\"itemListElement\":[{\"@type\":\"ListItem\",\"position\":1,\"name\":\"In\u00edcio\",\"item\":\"https:\/\/jornalfatosenoticias.com.br\/\"},{\"@type\":\"ListItem\",\"position\":2,\"name\":\"Dom Pedro II e a chegada do tel\u00e9grafo ao Brasil\"}]},{\"@type\":\"WebSite\",\"@id\":\"https:\/\/jornalfatosenoticias.com.br\/#website\",\"url\":\"https:\/\/jornalfatosenoticias.com.br\/\",\"name\":\"Jornal Fatos e Not\u00edcias\",\"description\":\"Not\u00edcias em geral\",\"publisher\":{\"@id\":\"https:\/\/jornalfatosenoticias.com.br\/#organization\"},\"potentialAction\":[{\"@type\":\"SearchAction\",\"target\":{\"@type\":\"EntryPoint\",\"urlTemplate\":\"https:\/\/jornalfatosenoticias.com.br\/?s={search_term_string}\"},\"query-input\":{\"@type\":\"PropertyValueSpecification\",\"valueRequired\":true,\"valueName\":\"search_term_string\"}}],\"inLanguage\":\"pt-BR\"},{\"@type\":\"Organization\",\"@id\":\"https:\/\/jornalfatosenoticias.com.br\/#organization\",\"name\":\"Jornal Fatos e Not\u00edcias\",\"url\":\"https:\/\/jornalfatosenoticias.com.br\/\",\"logo\":{\"@type\":\"ImageObject\",\"inLanguage\":\"pt-BR\",\"@id\":\"https:\/\/jornalfatosenoticias.com.br\/#\/schema\/logo\/image\/\",\"url\":\"https:\/\/jornalfatosenoticias.com.br\/wp-content\/uploads\/2020\/02\/logo120.png\",\"contentUrl\":\"https:\/\/jornalfatosenoticias.com.br\/wp-content\/uploads\/2020\/02\/logo120.png\",\"width\":1227,\"height\":120,\"caption\":\"Jornal Fatos e Not\u00edcias\"},\"image\":{\"@id\":\"https:\/\/jornalfatosenoticias.com.br\/#\/schema\/logo\/image\/\"}},{\"@type\":\"Person\",\"@id\":\"https:\/\/jornalfatosenoticias.com.br\/#\/schema\/person\/d63837fa13ac8666eb9e74e0985d6f81\",\"name\":\"Luzimara Fernandes\",\"image\":{\"@type\":\"ImageObject\",\"inLanguage\":\"pt-BR\",\"@id\":\"https:\/\/jornalfatosenoticias.com.br\/#\/schema\/person\/image\/\",\"url\":\"https:\/\/jornalfatosenoticias.com.br\/wp-content\/uploads\/2025\/05\/EU_portal.jpg\",\"contentUrl\":\"https:\/\/jornalfatosenoticias.com.br\/wp-content\/uploads\/2025\/05\/EU_portal.jpg\",\"caption\":\"Luzimara Fernandes\"},\"description\":\"Jornalista MTB 2358-ES\",\"sameAs\":[\"https:\/\/jornalfatosenoticias.com.br\"],\"url\":\"https:\/\/jornalfatosenoticias.com.br\/index.php\/author\/luzimara\/\"}]}<\/script>\n<!-- \/ Yoast SEO plugin. -->","yoast_head_json":{"title":"Dom Pedro II e a chegada do tel\u00e9grafo ao Brasil - Jornal Fatos e Not\u00edcias","robots":{"index":"index","follow":"follow","max-snippet":"max-snippet:-1","max-image-preview":"max-image-preview:large","max-video-preview":"max-video-preview:-1"},"canonical":"https:\/\/jornalfatosenoticias.com.br\/index.php\/2021\/03\/23\/dom-pedro-ii-e-a-chegada-do-telegrafo-ao-brasil\/","og_locale":"pt_BR","og_type":"article","og_title":"Dom Pedro II e a chegada do tel\u00e9grafo ao Brasil - Jornal Fatos e Not\u00edcias","og_description":"Ao longo de mais de cem anos, o tel\u00e9grafo incorporou-se ao cotidiano dos povos, acelerou a comunica\u00e7\u00e3o e mudou o modo de descrever os acontecimentos na sociedade \u201cA comunica\u00e7\u00e3o dos pensamentos, das ordens, das not\u00edcias j\u00e1 n\u00e3o encontra demora na dist\u00e2ncia\u201d. Assim anunciava o ministro Eus\u00e9bio de Queiroz, a Dom Pedro II, o \u00eaxito da [&hellip;]","og_url":"https:\/\/jornalfatosenoticias.com.br\/index.php\/2021\/03\/23\/dom-pedro-ii-e-a-chegada-do-telegrafo-ao-brasil\/","og_site_name":"Jornal Fatos e Not\u00edcias","article_published_time":"2021-03-23T21:35:40+00:00","article_modified_time":"2021-03-23T21:35:44+00:00","og_image":[{"width":1000,"height":562,"url":"https:\/\/jornalfatosenoticias.com.br\/wp-content\/uploads\/2021\/03\/D.-Pedro-II.jpg","type":"image\/jpeg"}],"author":"Luzimara Fernandes","twitter_card":"summary_large_image","twitter_misc":{"Escrito por":"Luzimara Fernandes","Est. tempo de leitura":"3 minutos"},"schema":{"@context":"https:\/\/schema.org","@graph":[{"@type":"Article","@id":"https:\/\/jornalfatosenoticias.com.br\/index.php\/2021\/03\/23\/dom-pedro-ii-e-a-chegada-do-telegrafo-ao-brasil\/#article","isPartOf":{"@id":"https:\/\/jornalfatosenoticias.com.br\/index.php\/2021\/03\/23\/dom-pedro-ii-e-a-chegada-do-telegrafo-ao-brasil\/"},"author":{"name":"Luzimara Fernandes","@id":"https:\/\/jornalfatosenoticias.com.br\/#\/schema\/person\/d63837fa13ac8666eb9e74e0985d6f81"},"headline":"Dom Pedro II e a chegada do tel\u00e9grafo ao Brasil","datePublished":"2021-03-23T21:35:40+00:00","dateModified":"2021-03-23T21:35:44+00:00","mainEntityOfPage":{"@id":"https:\/\/jornalfatosenoticias.com.br\/index.php\/2021\/03\/23\/dom-pedro-ii-e-a-chegada-do-telegrafo-ao-brasil\/"},"wordCount":519,"commentCount":0,"publisher":{"@id":"https:\/\/jornalfatosenoticias.com.br\/#organization"},"image":{"@id":"https:\/\/jornalfatosenoticias.com.br\/index.php\/2021\/03\/23\/dom-pedro-ii-e-a-chegada-do-telegrafo-ao-brasil\/#primaryimage"},"thumbnailUrl":"https:\/\/jornalfatosenoticias.com.br\/wp-content\/uploads\/2021\/03\/D.-Pedro-II.jpg","keywords":["comunica\u00e7\u00e3o","Dom Pedro II","Eus\u00e9bio de Queiroz","Hist\u00f3ria do Brasil","tel\u00e9grafo"],"articleSection":["Geral"],"inLanguage":"pt-BR","potentialAction":[{"@type":"CommentAction","name":"Comment","target":["https:\/\/jornalfatosenoticias.com.br\/index.php\/2021\/03\/23\/dom-pedro-ii-e-a-chegada-do-telegrafo-ao-brasil\/#respond"]}]},{"@type":"WebPage","@id":"https:\/\/jornalfatosenoticias.com.br\/index.php\/2021\/03\/23\/dom-pedro-ii-e-a-chegada-do-telegrafo-ao-brasil\/","url":"https:\/\/jornalfatosenoticias.com.br\/index.php\/2021\/03\/23\/dom-pedro-ii-e-a-chegada-do-telegrafo-ao-brasil\/","name":"Dom Pedro II e a chegada do tel\u00e9grafo ao Brasil - Jornal Fatos e Not\u00edcias","isPartOf":{"@id":"https:\/\/jornalfatosenoticias.com.br\/#website"},"primaryImageOfPage":{"@id":"https:\/\/jornalfatosenoticias.com.br\/index.php\/2021\/03\/23\/dom-pedro-ii-e-a-chegada-do-telegrafo-ao-brasil\/#primaryimage"},"image":{"@id":"https:\/\/jornalfatosenoticias.com.br\/index.php\/2021\/03\/23\/dom-pedro-ii-e-a-chegada-do-telegrafo-ao-brasil\/#primaryimage"},"thumbnailUrl":"https:\/\/jornalfatosenoticias.com.br\/wp-content\/uploads\/2021\/03\/D.-Pedro-II.jpg","datePublished":"2021-03-23T21:35:40+00:00","dateModified":"2021-03-23T21:35:44+00:00","breadcrumb":{"@id":"https:\/\/jornalfatosenoticias.com.br\/index.php\/2021\/03\/23\/dom-pedro-ii-e-a-chegada-do-telegrafo-ao-brasil\/#breadcrumb"},"inLanguage":"pt-BR","potentialAction":[{"@type":"ReadAction","target":["https:\/\/jornalfatosenoticias.com.br\/index.php\/2021\/03\/23\/dom-pedro-ii-e-a-chegada-do-telegrafo-ao-brasil\/"]}]},{"@type":"ImageObject","inLanguage":"pt-BR","@id":"https:\/\/jornalfatosenoticias.com.br\/index.php\/2021\/03\/23\/dom-pedro-ii-e-a-chegada-do-telegrafo-ao-brasil\/#primaryimage","url":"https:\/\/jornalfatosenoticias.com.br\/wp-content\/uploads\/2021\/03\/D.-Pedro-II.jpg","contentUrl":"https:\/\/jornalfatosenoticias.com.br\/wp-content\/uploads\/2021\/03\/D.-Pedro-II.jpg","width":1000,"height":562},{"@type":"BreadcrumbList","@id":"https:\/\/jornalfatosenoticias.com.br\/index.php\/2021\/03\/23\/dom-pedro-ii-e-a-chegada-do-telegrafo-ao-brasil\/#breadcrumb","itemListElement":[{"@type":"ListItem","position":1,"name":"In\u00edcio","item":"https:\/\/jornalfatosenoticias.com.br\/"},{"@type":"ListItem","position":2,"name":"Dom Pedro II e a chegada do tel\u00e9grafo ao Brasil"}]},{"@type":"WebSite","@id":"https:\/\/jornalfatosenoticias.com.br\/#website","url":"https:\/\/jornalfatosenoticias.com.br\/","name":"Jornal Fatos e Not\u00edcias","description":"Not\u00edcias em geral","publisher":{"@id":"https:\/\/jornalfatosenoticias.com.br\/#organization"},"potentialAction":[{"@type":"SearchAction","target":{"@type":"EntryPoint","urlTemplate":"https:\/\/jornalfatosenoticias.com.br\/?s={search_term_string}"},"query-input":{"@type":"PropertyValueSpecification","valueRequired":true,"valueName":"search_term_string"}}],"inLanguage":"pt-BR"},{"@type":"Organization","@id":"https:\/\/jornalfatosenoticias.com.br\/#organization","name":"Jornal Fatos e Not\u00edcias","url":"https:\/\/jornalfatosenoticias.com.br\/","logo":{"@type":"ImageObject","inLanguage":"pt-BR","@id":"https:\/\/jornalfatosenoticias.com.br\/#\/schema\/logo\/image\/","url":"https:\/\/jornalfatosenoticias.com.br\/wp-content\/uploads\/2020\/02\/logo120.png","contentUrl":"https:\/\/jornalfatosenoticias.com.br\/wp-content\/uploads\/2020\/02\/logo120.png","width":1227,"height":120,"caption":"Jornal Fatos e Not\u00edcias"},"image":{"@id":"https:\/\/jornalfatosenoticias.com.br\/#\/schema\/logo\/image\/"}},{"@type":"Person","@id":"https:\/\/jornalfatosenoticias.com.br\/#\/schema\/person\/d63837fa13ac8666eb9e74e0985d6f81","name":"Luzimara Fernandes","image":{"@type":"ImageObject","inLanguage":"pt-BR","@id":"https:\/\/jornalfatosenoticias.com.br\/#\/schema\/person\/image\/","url":"https:\/\/jornalfatosenoticias.com.br\/wp-content\/uploads\/2025\/05\/EU_portal.jpg","contentUrl":"https:\/\/jornalfatosenoticias.com.br\/wp-content\/uploads\/2025\/05\/EU_portal.jpg","caption":"Luzimara Fernandes"},"description":"Jornalista MTB 2358-ES","sameAs":["https:\/\/jornalfatosenoticias.com.br"],"url":"https:\/\/jornalfatosenoticias.com.br\/index.php\/author\/luzimara\/"}]}},"cc_featured_image_caption":{"caption_text":"(Foto: Creative Commons) ","source_text":"","source_url":""},"jetpack_featured_media_url":"https:\/\/jornalfatosenoticias.com.br\/wp-content\/uploads\/2021\/03\/D.-Pedro-II.jpg","_links":{"self":[{"href":"https:\/\/jornalfatosenoticias.com.br\/index.php\/wp-json\/wp\/v2\/posts\/16146","targetHints":{"allow":["GET"]}}],"collection":[{"href":"https:\/\/jornalfatosenoticias.com.br\/index.php\/wp-json\/wp\/v2\/posts"}],"about":[{"href":"https:\/\/jornalfatosenoticias.com.br\/index.php\/wp-json\/wp\/v2\/types\/post"}],"author":[{"embeddable":true,"href":"https:\/\/jornalfatosenoticias.com.br\/index.php\/wp-json\/wp\/v2\/users\/2"}],"replies":[{"embeddable":true,"href":"https:\/\/jornalfatosenoticias.com.br\/index.php\/wp-json\/wp\/v2\/comments?post=16146"}],"version-history":[{"count":0,"href":"https:\/\/jornalfatosenoticias.com.br\/index.php\/wp-json\/wp\/v2\/posts\/16146\/revisions"}],"wp:featuredmedia":[{"embeddable":true,"href":"https:\/\/jornalfatosenoticias.com.br\/index.php\/wp-json\/wp\/v2\/media\/16149"}],"wp:attachment":[{"href":"https:\/\/jornalfatosenoticias.com.br\/index.php\/wp-json\/wp\/v2\/media?parent=16146"}],"wp:term":[{"taxonomy":"category","embeddable":true,"href":"https:\/\/jornalfatosenoticias.com.br\/index.php\/wp-json\/wp\/v2\/categories?post=16146"},{"taxonomy":"post_tag","embeddable":true,"href":"https:\/\/jornalfatosenoticias.com.br\/index.php\/wp-json\/wp\/v2\/tags?post=16146"}],"curies":[{"name":"wp","href":"https:\/\/api.w.org\/{rel}","templated":true}]}}