{"id":16151,"date":"2021-03-23T18:39:53","date_gmt":"2021-03-23T21:39:53","guid":{"rendered":"https:\/\/jornalfatosenoticias.com.br\/?p=16151"},"modified":"2021-03-23T18:39:58","modified_gmt":"2021-03-23T21:39:58","slug":"novo-estudo-aponta-que-marte-tinha-metade-da-agua-do-oceano-atlantico","status":"publish","type":"post","link":"https:\/\/jornalfatosenoticias.com.br\/index.php\/2021\/03\/23\/novo-estudo-aponta-que-marte-tinha-metade-da-agua-do-oceano-atlantico\/","title":{"rendered":"Novo estudo aponta que Marte tinha metade da \u00e1gua do Oceano Atl\u00e2ntico"},"content":{"rendered":"\n<h6 class=\"wp-block-heading\"><em>A pesquisa ainda trouxe revela\u00e7\u00f5es importantes sobre o destino dessa grande quantidade de \u00e1gua<\/em><\/h6>\n\n\n\n<p>Um <a href=\"https:\/\/www.nasa.gov\/feature\/jpl\/new-study-challenges-long-held-theory-of-fate-of-mars-water\" rel=\"noreferrer noopener\" target=\"_blank\">novo estudo<\/a>\u00a0publicado na \u00faltima ter\u00e7a-feira, 16, realizado em parceria pelo Laborat\u00f3rio de Propuls\u00e3o a Jato da\u00a0<a href=\"https:\/\/aventurasnahistoria.uol.com.br\/noticias\/reportagem\/a-nasa-ja-foi-processada-por-invasao-de-propriedade-em-marte.phtml\" rel=\"noreferrer noopener\" target=\"_blank\">Nasa<\/a>\u00a0(JPL) e o Instituto de Tecnologia da Calif\u00f3rnia (Caltech), traz novas revela\u00e7\u00f5es sobre a quantidade de \u00e1gua que\u00a0<a href=\"https:\/\/aventurasnahistoria.uol.com.br\/noticias\/almanaque\/5-curiosidades-sobre-missao-que-chegou-marte-nos-ultimos-dias.phtml\" rel=\"noreferrer noopener\" target=\"_blank\">Marte<\/a> j\u00e1 teve.<br>Segundo os especialistas, h\u00e1 quatro bilh\u00f5es de anos o\u00a0<a href=\"https:\/\/aventurasnahistoria.uol.com.br\/noticias\/historia-hoje\/sons-de-marte-nasa-divulga-primeiro-gravacao-em-audio.phtml\" rel=\"noreferrer noopener\" target=\"_blank\">Planeta Vermelho<\/a> tinha \u00e1gua suficiente para cobrir toda sua extens\u00e3o. Em compara\u00e7\u00e3o, a quantidade seria equivalente \u00e0 metade do Oceano Atl\u00e2ntico da Terra.<br>O mar de Marte tinha entre 100 e 1.500 metros de profundidade, hoje de 30% e 99% dessa <a href=\"https:\/\/aventurasnahistoria.uol.com.br\/noticias\/historia-hoje\/marte-teria-tido-agua-700-milhoes-de-anos-antes-do-que-pensado-anteriormente.phtml\" rel=\"noreferrer noopener\" target=\"_blank\">\u00e1gua<\/a> est\u00e1 presa na crosta do corpo celeste. A principal teoria sugere que, devido \u00e0 baixa gravidade, o l\u00edquido ficou aprisionado entre os minerais do planeta, enquanto outra parte foi perdida na atmosfera.<br>\u201cComo temos medi\u00e7\u00f5es de v\u00e1rias espa\u00e7onaves, podemos ver que Marte n\u00e3o recicla e, portanto, a \u00e1gua agora est\u00e1 presa na crosta ou foi perdida para o espa\u00e7o\u201d, disse o cientista do Programa de Explora\u00e7\u00e3o de Marte da Nasa, Michael Meyer.<br>Eva Scheller, uma das autoras da pesquisa, explicou que toda a \u00e1gua \u201cficou presa muito cedo, e depois nunca mais saiu\u201d. Entretanto, ela acrescenta que \u201co escape atmosf\u00e9rico n\u00e3o explica totalmente os dados que temos sobre a quantidade de \u00e1gua que realmente existiu em Marte\u201d.<\/p>\n\n\n\n<p><em><strong>Fonte: <a href=\"https:\/\/aventurasnahistoria.uol.com.br\/noticias\/historia-hoje\/novo-estudo-aponta-que-marte-tinha-metade-da-agua-do-oceano-atlantico-ha-4-bilhoes-de-anos.phtml\">Aventuras na Hist\u00f3ria<\/a><\/strong><\/em><\/p>\n","protected":false},"excerpt":{"rendered":"<p>A pesquisa ainda trouxe revela\u00e7\u00f5es importantes sobre o destino dessa grande quantidade de \u00e1gua Um novo estudo\u00a0publicado na \u00faltima ter\u00e7a-feira, 16, realizado em parceria pelo Laborat\u00f3rio de Propuls\u00e3o a Jato da\u00a0Nasa\u00a0(JPL) e o Instituto de Tecnologia da Calif\u00f3rnia (Caltech), traz novas revela\u00e7\u00f5es sobre a quantidade de \u00e1gua que\u00a0Marte j\u00e1 teve.Segundo os especialistas, h\u00e1 quatro bilh\u00f5es [&hellip;]<\/p>\n","protected":false},"author":2,"featured_media":16152,"comment_status":"open","ping_status":"open","sticky":false,"template":"","format":"standard","meta":{"footnotes":""},"categories":[2],"tags":[451,472,714,434,50,1384],"class_list":["post-16151","post","type-post","status-publish","format-standard","has-post-thumbnail","hentry","category-ciencia","tag-agua","tag-astronomia","tag-estudo","tag-marte","tag-oceano","tag-universo"],"yoast_head":"<!-- This site is optimized with the Yoast SEO plugin v26.5 - https:\/\/yoast.com\/wordpress\/plugins\/seo\/ -->\n<title>Novo estudo aponta que Marte tinha metade da \u00e1gua do Oceano Atl\u00e2ntico - Jornal Fatos e Not\u00edcias<\/title>\n<meta name=\"robots\" content=\"index, follow, max-snippet:-1, max-image-preview:large, max-video-preview:-1\" \/>\n<link rel=\"canonical\" href=\"https:\/\/jornalfatosenoticias.com.br\/index.php\/2021\/03\/23\/novo-estudo-aponta-que-marte-tinha-metade-da-agua-do-oceano-atlantico\/\" \/>\n<meta property=\"og:locale\" content=\"pt_BR\" \/>\n<meta property=\"og:type\" content=\"article\" \/>\n<meta property=\"og:title\" content=\"Novo estudo aponta que Marte tinha metade da \u00e1gua do Oceano Atl\u00e2ntico - Jornal Fatos e Not\u00edcias\" \/>\n<meta property=\"og:description\" content=\"A pesquisa ainda trouxe revela\u00e7\u00f5es importantes sobre o destino dessa grande quantidade de \u00e1gua Um novo estudo\u00a0publicado na \u00faltima ter\u00e7a-feira, 16, realizado em parceria pelo Laborat\u00f3rio de Propuls\u00e3o a Jato da\u00a0Nasa\u00a0(JPL) e o Instituto de Tecnologia da Calif\u00f3rnia (Caltech), traz novas revela\u00e7\u00f5es sobre a quantidade de \u00e1gua que\u00a0Marte j\u00e1 teve.Segundo os especialistas, h\u00e1 quatro bilh\u00f5es [&hellip;]\" \/>\n<meta property=\"og:url\" content=\"https:\/\/jornalfatosenoticias.com.br\/index.php\/2021\/03\/23\/novo-estudo-aponta-que-marte-tinha-metade-da-agua-do-oceano-atlantico\/\" \/>\n<meta property=\"og:site_name\" content=\"Jornal Fatos e Not\u00edcias\" \/>\n<meta property=\"article:published_time\" content=\"2021-03-23T21:39:53+00:00\" \/>\n<meta property=\"article:modified_time\" content=\"2021-03-23T21:39:58+00:00\" \/>\n<meta property=\"og:image\" content=\"https:\/\/jornalfatosenoticias.com.br\/wp-content\/uploads\/2021\/03\/marte_capa.jpeg\" \/>\n\t<meta property=\"og:image:width\" content=\"1000\" \/>\n\t<meta property=\"og:image:height\" content=\"562\" \/>\n\t<meta property=\"og:image:type\" content=\"image\/jpeg\" \/>\n<meta name=\"author\" content=\"Luzimara Fernandes\" \/>\n<meta name=\"twitter:card\" content=\"summary_large_image\" \/>\n<meta name=\"twitter:label1\" content=\"Escrito por\" \/>\n\t<meta name=\"twitter:data1\" content=\"Luzimara Fernandes\" \/>\n\t<meta name=\"twitter:label2\" content=\"Est. tempo de leitura\" \/>\n\t<meta name=\"twitter:data2\" content=\"1 minuto\" \/>\n<script type=\"application\/ld+json\" class=\"yoast-schema-graph\">{\"@context\":\"https:\/\/schema.org\",\"@graph\":[{\"@type\":\"Article\",\"@id\":\"https:\/\/jornalfatosenoticias.com.br\/index.php\/2021\/03\/23\/novo-estudo-aponta-que-marte-tinha-metade-da-agua-do-oceano-atlantico\/#article\",\"isPartOf\":{\"@id\":\"https:\/\/jornalfatosenoticias.com.br\/index.php\/2021\/03\/23\/novo-estudo-aponta-que-marte-tinha-metade-da-agua-do-oceano-atlantico\/\"},\"author\":{\"name\":\"Luzimara Fernandes\",\"@id\":\"https:\/\/jornalfatosenoticias.com.br\/#\/schema\/person\/d63837fa13ac8666eb9e74e0985d6f81\"},\"headline\":\"Novo estudo aponta que Marte tinha metade da \u00e1gua do Oceano Atl\u00e2ntico\",\"datePublished\":\"2021-03-23T21:39:53+00:00\",\"dateModified\":\"2021-03-23T21:39:58+00:00\",\"mainEntityOfPage\":{\"@id\":\"https:\/\/jornalfatosenoticias.com.br\/index.php\/2021\/03\/23\/novo-estudo-aponta-que-marte-tinha-metade-da-agua-do-oceano-atlantico\/\"},\"wordCount\":252,\"commentCount\":0,\"publisher\":{\"@id\":\"https:\/\/jornalfatosenoticias.com.br\/#organization\"},\"image\":{\"@id\":\"https:\/\/jornalfatosenoticias.com.br\/index.php\/2021\/03\/23\/novo-estudo-aponta-que-marte-tinha-metade-da-agua-do-oceano-atlantico\/#primaryimage\"},\"thumbnailUrl\":\"https:\/\/jornalfatosenoticias.com.br\/wp-content\/uploads\/2021\/03\/marte_capa.jpeg\",\"keywords\":[\"\u00e1gua\",\"Astronomia\",\"Estudo\",\"Marte\",\"oceano\",\"Universo\"],\"articleSection\":[\"Ci\u00eancia\"],\"inLanguage\":\"pt-BR\",\"potentialAction\":[{\"@type\":\"CommentAction\",\"name\":\"Comment\",\"target\":[\"https:\/\/jornalfatosenoticias.com.br\/index.php\/2021\/03\/23\/novo-estudo-aponta-que-marte-tinha-metade-da-agua-do-oceano-atlantico\/#respond\"]}]},{\"@type\":\"WebPage\",\"@id\":\"https:\/\/jornalfatosenoticias.com.br\/index.php\/2021\/03\/23\/novo-estudo-aponta-que-marte-tinha-metade-da-agua-do-oceano-atlantico\/\",\"url\":\"https:\/\/jornalfatosenoticias.com.br\/index.php\/2021\/03\/23\/novo-estudo-aponta-que-marte-tinha-metade-da-agua-do-oceano-atlantico\/\",\"name\":\"Novo estudo aponta que Marte tinha metade da \u00e1gua do Oceano Atl\u00e2ntico - Jornal Fatos e Not\u00edcias\",\"isPartOf\":{\"@id\":\"https:\/\/jornalfatosenoticias.com.br\/#website\"},\"primaryImageOfPage\":{\"@id\":\"https:\/\/jornalfatosenoticias.com.br\/index.php\/2021\/03\/23\/novo-estudo-aponta-que-marte-tinha-metade-da-agua-do-oceano-atlantico\/#primaryimage\"},\"image\":{\"@id\":\"https:\/\/jornalfatosenoticias.com.br\/index.php\/2021\/03\/23\/novo-estudo-aponta-que-marte-tinha-metade-da-agua-do-oceano-atlantico\/#primaryimage\"},\"thumbnailUrl\":\"https:\/\/jornalfatosenoticias.com.br\/wp-content\/uploads\/2021\/03\/marte_capa.jpeg\",\"datePublished\":\"2021-03-23T21:39:53+00:00\",\"dateModified\":\"2021-03-23T21:39:58+00:00\",\"breadcrumb\":{\"@id\":\"https:\/\/jornalfatosenoticias.com.br\/index.php\/2021\/03\/23\/novo-estudo-aponta-que-marte-tinha-metade-da-agua-do-oceano-atlantico\/#breadcrumb\"},\"inLanguage\":\"pt-BR\",\"potentialAction\":[{\"@type\":\"ReadAction\",\"target\":[\"https:\/\/jornalfatosenoticias.com.br\/index.php\/2021\/03\/23\/novo-estudo-aponta-que-marte-tinha-metade-da-agua-do-oceano-atlantico\/\"]}]},{\"@type\":\"ImageObject\",\"inLanguage\":\"pt-BR\",\"@id\":\"https:\/\/jornalfatosenoticias.com.br\/index.php\/2021\/03\/23\/novo-estudo-aponta-que-marte-tinha-metade-da-agua-do-oceano-atlantico\/#primaryimage\",\"url\":\"https:\/\/jornalfatosenoticias.com.br\/wp-content\/uploads\/2021\/03\/marte_capa.jpeg\",\"contentUrl\":\"https:\/\/jornalfatosenoticias.com.br\/wp-content\/uploads\/2021\/03\/marte_capa.jpeg\",\"width\":1000,\"height\":562},{\"@type\":\"BreadcrumbList\",\"@id\":\"https:\/\/jornalfatosenoticias.com.br\/index.php\/2021\/03\/23\/novo-estudo-aponta-que-marte-tinha-metade-da-agua-do-oceano-atlantico\/#breadcrumb\",\"itemListElement\":[{\"@type\":\"ListItem\",\"position\":1,\"name\":\"In\u00edcio\",\"item\":\"https:\/\/jornalfatosenoticias.com.br\/\"},{\"@type\":\"ListItem\",\"position\":2,\"name\":\"Novo estudo aponta que Marte tinha metade da \u00e1gua do Oceano Atl\u00e2ntico\"}]},{\"@type\":\"WebSite\",\"@id\":\"https:\/\/jornalfatosenoticias.com.br\/#website\",\"url\":\"https:\/\/jornalfatosenoticias.com.br\/\",\"name\":\"Jornal Fatos e Not\u00edcias\",\"description\":\"Not\u00edcias em geral\",\"publisher\":{\"@id\":\"https:\/\/jornalfatosenoticias.com.br\/#organization\"},\"potentialAction\":[{\"@type\":\"SearchAction\",\"target\":{\"@type\":\"EntryPoint\",\"urlTemplate\":\"https:\/\/jornalfatosenoticias.com.br\/?s={search_term_string}\"},\"query-input\":{\"@type\":\"PropertyValueSpecification\",\"valueRequired\":true,\"valueName\":\"search_term_string\"}}],\"inLanguage\":\"pt-BR\"},{\"@type\":\"Organization\",\"@id\":\"https:\/\/jornalfatosenoticias.com.br\/#organization\",\"name\":\"Jornal Fatos e Not\u00edcias\",\"url\":\"https:\/\/jornalfatosenoticias.com.br\/\",\"logo\":{\"@type\":\"ImageObject\",\"inLanguage\":\"pt-BR\",\"@id\":\"https:\/\/jornalfatosenoticias.com.br\/#\/schema\/logo\/image\/\",\"url\":\"https:\/\/jornalfatosenoticias.com.br\/wp-content\/uploads\/2020\/02\/logo120.png\",\"contentUrl\":\"https:\/\/jornalfatosenoticias.com.br\/wp-content\/uploads\/2020\/02\/logo120.png\",\"width\":1227,\"height\":120,\"caption\":\"Jornal Fatos e Not\u00edcias\"},\"image\":{\"@id\":\"https:\/\/jornalfatosenoticias.com.br\/#\/schema\/logo\/image\/\"}},{\"@type\":\"Person\",\"@id\":\"https:\/\/jornalfatosenoticias.com.br\/#\/schema\/person\/d63837fa13ac8666eb9e74e0985d6f81\",\"name\":\"Luzimara Fernandes\",\"image\":{\"@type\":\"ImageObject\",\"inLanguage\":\"pt-BR\",\"@id\":\"https:\/\/jornalfatosenoticias.com.br\/#\/schema\/person\/image\/\",\"url\":\"https:\/\/jornalfatosenoticias.com.br\/wp-content\/uploads\/2025\/05\/EU_portal.jpg\",\"contentUrl\":\"https:\/\/jornalfatosenoticias.com.br\/wp-content\/uploads\/2025\/05\/EU_portal.jpg\",\"caption\":\"Luzimara Fernandes\"},\"description\":\"Jornalista MTB 2358-ES\",\"sameAs\":[\"https:\/\/jornalfatosenoticias.com.br\"],\"url\":\"https:\/\/jornalfatosenoticias.com.br\/index.php\/author\/luzimara\/\"}]}<\/script>\n<!-- \/ Yoast SEO plugin. -->","yoast_head_json":{"title":"Novo estudo aponta que Marte tinha metade da \u00e1gua do Oceano Atl\u00e2ntico - Jornal Fatos e Not\u00edcias","robots":{"index":"index","follow":"follow","max-snippet":"max-snippet:-1","max-image-preview":"max-image-preview:large","max-video-preview":"max-video-preview:-1"},"canonical":"https:\/\/jornalfatosenoticias.com.br\/index.php\/2021\/03\/23\/novo-estudo-aponta-que-marte-tinha-metade-da-agua-do-oceano-atlantico\/","og_locale":"pt_BR","og_type":"article","og_title":"Novo estudo aponta que Marte tinha metade da \u00e1gua do Oceano Atl\u00e2ntico - Jornal Fatos e Not\u00edcias","og_description":"A pesquisa ainda trouxe revela\u00e7\u00f5es importantes sobre o destino dessa grande quantidade de \u00e1gua Um novo estudo\u00a0publicado na \u00faltima ter\u00e7a-feira, 16, realizado em parceria pelo Laborat\u00f3rio de Propuls\u00e3o a Jato da\u00a0Nasa\u00a0(JPL) e o Instituto de Tecnologia da Calif\u00f3rnia (Caltech), traz novas revela\u00e7\u00f5es sobre a quantidade de \u00e1gua que\u00a0Marte j\u00e1 teve.Segundo os especialistas, h\u00e1 quatro bilh\u00f5es [&hellip;]","og_url":"https:\/\/jornalfatosenoticias.com.br\/index.php\/2021\/03\/23\/novo-estudo-aponta-que-marte-tinha-metade-da-agua-do-oceano-atlantico\/","og_site_name":"Jornal Fatos e Not\u00edcias","article_published_time":"2021-03-23T21:39:53+00:00","article_modified_time":"2021-03-23T21:39:58+00:00","og_image":[{"width":1000,"height":562,"url":"https:\/\/jornalfatosenoticias.com.br\/wp-content\/uploads\/2021\/03\/marte_capa.jpeg","type":"image\/jpeg"}],"author":"Luzimara Fernandes","twitter_card":"summary_large_image","twitter_misc":{"Escrito por":"Luzimara Fernandes","Est. tempo de leitura":"1 minuto"},"schema":{"@context":"https:\/\/schema.org","@graph":[{"@type":"Article","@id":"https:\/\/jornalfatosenoticias.com.br\/index.php\/2021\/03\/23\/novo-estudo-aponta-que-marte-tinha-metade-da-agua-do-oceano-atlantico\/#article","isPartOf":{"@id":"https:\/\/jornalfatosenoticias.com.br\/index.php\/2021\/03\/23\/novo-estudo-aponta-que-marte-tinha-metade-da-agua-do-oceano-atlantico\/"},"author":{"name":"Luzimara Fernandes","@id":"https:\/\/jornalfatosenoticias.com.br\/#\/schema\/person\/d63837fa13ac8666eb9e74e0985d6f81"},"headline":"Novo estudo aponta que Marte tinha metade da \u00e1gua do Oceano Atl\u00e2ntico","datePublished":"2021-03-23T21:39:53+00:00","dateModified":"2021-03-23T21:39:58+00:00","mainEntityOfPage":{"@id":"https:\/\/jornalfatosenoticias.com.br\/index.php\/2021\/03\/23\/novo-estudo-aponta-que-marte-tinha-metade-da-agua-do-oceano-atlantico\/"},"wordCount":252,"commentCount":0,"publisher":{"@id":"https:\/\/jornalfatosenoticias.com.br\/#organization"},"image":{"@id":"https:\/\/jornalfatosenoticias.com.br\/index.php\/2021\/03\/23\/novo-estudo-aponta-que-marte-tinha-metade-da-agua-do-oceano-atlantico\/#primaryimage"},"thumbnailUrl":"https:\/\/jornalfatosenoticias.com.br\/wp-content\/uploads\/2021\/03\/marte_capa.jpeg","keywords":["\u00e1gua","Astronomia","Estudo","Marte","oceano","Universo"],"articleSection":["Ci\u00eancia"],"inLanguage":"pt-BR","potentialAction":[{"@type":"CommentAction","name":"Comment","target":["https:\/\/jornalfatosenoticias.com.br\/index.php\/2021\/03\/23\/novo-estudo-aponta-que-marte-tinha-metade-da-agua-do-oceano-atlantico\/#respond"]}]},{"@type":"WebPage","@id":"https:\/\/jornalfatosenoticias.com.br\/index.php\/2021\/03\/23\/novo-estudo-aponta-que-marte-tinha-metade-da-agua-do-oceano-atlantico\/","url":"https:\/\/jornalfatosenoticias.com.br\/index.php\/2021\/03\/23\/novo-estudo-aponta-que-marte-tinha-metade-da-agua-do-oceano-atlantico\/","name":"Novo estudo aponta que Marte tinha metade da \u00e1gua do Oceano Atl\u00e2ntico - Jornal Fatos e Not\u00edcias","isPartOf":{"@id":"https:\/\/jornalfatosenoticias.com.br\/#website"},"primaryImageOfPage":{"@id":"https:\/\/jornalfatosenoticias.com.br\/index.php\/2021\/03\/23\/novo-estudo-aponta-que-marte-tinha-metade-da-agua-do-oceano-atlantico\/#primaryimage"},"image":{"@id":"https:\/\/jornalfatosenoticias.com.br\/index.php\/2021\/03\/23\/novo-estudo-aponta-que-marte-tinha-metade-da-agua-do-oceano-atlantico\/#primaryimage"},"thumbnailUrl":"https:\/\/jornalfatosenoticias.com.br\/wp-content\/uploads\/2021\/03\/marte_capa.jpeg","datePublished":"2021-03-23T21:39:53+00:00","dateModified":"2021-03-23T21:39:58+00:00","breadcrumb":{"@id":"https:\/\/jornalfatosenoticias.com.br\/index.php\/2021\/03\/23\/novo-estudo-aponta-que-marte-tinha-metade-da-agua-do-oceano-atlantico\/#breadcrumb"},"inLanguage":"pt-BR","potentialAction":[{"@type":"ReadAction","target":["https:\/\/jornalfatosenoticias.com.br\/index.php\/2021\/03\/23\/novo-estudo-aponta-que-marte-tinha-metade-da-agua-do-oceano-atlantico\/"]}]},{"@type":"ImageObject","inLanguage":"pt-BR","@id":"https:\/\/jornalfatosenoticias.com.br\/index.php\/2021\/03\/23\/novo-estudo-aponta-que-marte-tinha-metade-da-agua-do-oceano-atlantico\/#primaryimage","url":"https:\/\/jornalfatosenoticias.com.br\/wp-content\/uploads\/2021\/03\/marte_capa.jpeg","contentUrl":"https:\/\/jornalfatosenoticias.com.br\/wp-content\/uploads\/2021\/03\/marte_capa.jpeg","width":1000,"height":562},{"@type":"BreadcrumbList","@id":"https:\/\/jornalfatosenoticias.com.br\/index.php\/2021\/03\/23\/novo-estudo-aponta-que-marte-tinha-metade-da-agua-do-oceano-atlantico\/#breadcrumb","itemListElement":[{"@type":"ListItem","position":1,"name":"In\u00edcio","item":"https:\/\/jornalfatosenoticias.com.br\/"},{"@type":"ListItem","position":2,"name":"Novo estudo aponta que Marte tinha metade da \u00e1gua do Oceano Atl\u00e2ntico"}]},{"@type":"WebSite","@id":"https:\/\/jornalfatosenoticias.com.br\/#website","url":"https:\/\/jornalfatosenoticias.com.br\/","name":"Jornal Fatos e Not\u00edcias","description":"Not\u00edcias em geral","publisher":{"@id":"https:\/\/jornalfatosenoticias.com.br\/#organization"},"potentialAction":[{"@type":"SearchAction","target":{"@type":"EntryPoint","urlTemplate":"https:\/\/jornalfatosenoticias.com.br\/?s={search_term_string}"},"query-input":{"@type":"PropertyValueSpecification","valueRequired":true,"valueName":"search_term_string"}}],"inLanguage":"pt-BR"},{"@type":"Organization","@id":"https:\/\/jornalfatosenoticias.com.br\/#organization","name":"Jornal Fatos e Not\u00edcias","url":"https:\/\/jornalfatosenoticias.com.br\/","logo":{"@type":"ImageObject","inLanguage":"pt-BR","@id":"https:\/\/jornalfatosenoticias.com.br\/#\/schema\/logo\/image\/","url":"https:\/\/jornalfatosenoticias.com.br\/wp-content\/uploads\/2020\/02\/logo120.png","contentUrl":"https:\/\/jornalfatosenoticias.com.br\/wp-content\/uploads\/2020\/02\/logo120.png","width":1227,"height":120,"caption":"Jornal Fatos e Not\u00edcias"},"image":{"@id":"https:\/\/jornalfatosenoticias.com.br\/#\/schema\/logo\/image\/"}},{"@type":"Person","@id":"https:\/\/jornalfatosenoticias.com.br\/#\/schema\/person\/d63837fa13ac8666eb9e74e0985d6f81","name":"Luzimara Fernandes","image":{"@type":"ImageObject","inLanguage":"pt-BR","@id":"https:\/\/jornalfatosenoticias.com.br\/#\/schema\/person\/image\/","url":"https:\/\/jornalfatosenoticias.com.br\/wp-content\/uploads\/2025\/05\/EU_portal.jpg","contentUrl":"https:\/\/jornalfatosenoticias.com.br\/wp-content\/uploads\/2025\/05\/EU_portal.jpg","caption":"Luzimara Fernandes"},"description":"Jornalista MTB 2358-ES","sameAs":["https:\/\/jornalfatosenoticias.com.br"],"url":"https:\/\/jornalfatosenoticias.com.br\/index.php\/author\/luzimara\/"}]}},"cc_featured_image_caption":{"caption_text":"(Foto: Getty Images) ","source_text":"","source_url":""},"jetpack_featured_media_url":"https:\/\/jornalfatosenoticias.com.br\/wp-content\/uploads\/2021\/03\/marte_capa.jpeg","_links":{"self":[{"href":"https:\/\/jornalfatosenoticias.com.br\/index.php\/wp-json\/wp\/v2\/posts\/16151","targetHints":{"allow":["GET"]}}],"collection":[{"href":"https:\/\/jornalfatosenoticias.com.br\/index.php\/wp-json\/wp\/v2\/posts"}],"about":[{"href":"https:\/\/jornalfatosenoticias.com.br\/index.php\/wp-json\/wp\/v2\/types\/post"}],"author":[{"embeddable":true,"href":"https:\/\/jornalfatosenoticias.com.br\/index.php\/wp-json\/wp\/v2\/users\/2"}],"replies":[{"embeddable":true,"href":"https:\/\/jornalfatosenoticias.com.br\/index.php\/wp-json\/wp\/v2\/comments?post=16151"}],"version-history":[{"count":0,"href":"https:\/\/jornalfatosenoticias.com.br\/index.php\/wp-json\/wp\/v2\/posts\/16151\/revisions"}],"wp:featuredmedia":[{"embeddable":true,"href":"https:\/\/jornalfatosenoticias.com.br\/index.php\/wp-json\/wp\/v2\/media\/16152"}],"wp:attachment":[{"href":"https:\/\/jornalfatosenoticias.com.br\/index.php\/wp-json\/wp\/v2\/media?parent=16151"}],"wp:term":[{"taxonomy":"category","embeddable":true,"href":"https:\/\/jornalfatosenoticias.com.br\/index.php\/wp-json\/wp\/v2\/categories?post=16151"},{"taxonomy":"post_tag","embeddable":true,"href":"https:\/\/jornalfatosenoticias.com.br\/index.php\/wp-json\/wp\/v2\/tags?post=16151"}],"curies":[{"name":"wp","href":"https:\/\/api.w.org\/{rel}","templated":true}]}}