{"id":16161,"date":"2021-03-24T10:36:18","date_gmt":"2021-03-24T13:36:18","guid":{"rendered":"https:\/\/jornalfatosenoticias.com.br\/?p=16161"},"modified":"2021-03-24T10:36:19","modified_gmt":"2021-03-24T13:36:19","slug":"celular-micro-ondas-laptop-radiacao-eletromagnetica-faz-mal-a-saude","status":"publish","type":"post","link":"https:\/\/jornalfatosenoticias.com.br\/index.php\/2021\/03\/24\/celular-micro-ondas-laptop-radiacao-eletromagnetica-faz-mal-a-saude\/","title":{"rendered":"Celular, micro-ondas, laptop: radia\u00e7\u00e3o eletromagn\u00e9tica faz mal \u00e0 sa\u00fade?"},"content":{"rendered":"\n<p>Alguns estudos cient\u00edficos apontam que a exposi\u00e7\u00e3o prolongada \u00e0 radia\u00e7\u00e3o eletromagn\u00e9tica n\u00e3o ionizante, emitida pela fia\u00e7\u00e3o el\u00e9trica e por smartphones, telefones sem fio ou eletrodom\u00e9sticos, que n\u00e3o tenham como objetivo a telecomunica\u00e7\u00e3o, como micro-ondas, por exemplo, pode favorecer o surgimento ou agravamento de doen\u00e7as. Mas os dados s\u00e3o inconsistentes, especialmente porque os resultados de estudos em humanos s\u00e3o limitados.<br>\u00c9 normal a comunidade cient\u00edfica contestar e revisar a quest\u00e3o a todo momento, a tecnologia est\u00e1 em constante evolu\u00e7\u00e3o e seu m\u00e9todo de uso tamb\u00e9m. Para se ter ideia, globalmente, mais de cinco bilh\u00f5es utilizam celulares e o n\u00famero de chamadas de celulares por dia, a dura\u00e7\u00e3o de cada chamada e a quantidade de tempo que se gasta com celulares s\u00f3 vem crescendo.<br>A Organiza\u00e7\u00e3o Mundial da Sa\u00fade (OMS) j\u00e1 advertiu que o uso de telefones celulares seria &#8220;possivelmente cancer\u00edgeno para humanos&#8221; e atualmente n\u00e3o reconhece a &#8220;hipersensibilidade eletromagn\u00e9tica&#8221; como um diagn\u00f3stico m\u00e9dico, diferente de alguns pa\u00edses. \u00c9 o caso da Su\u00e9cia.<br>Por l\u00e1, milhares se identificam como &#8220;eletrossens\u00edveis&#8221; e s\u00e3o apoiados, mesmo n\u00e3o havendo conclus\u00f5es cient\u00edficas para a causa que apontam para seus problemas de sa\u00fade.<br>A Associa\u00e7\u00e3o Sueca para Eletrossens\u00edveis acredita que por viverem no extremo norte do globo, os suecos estariam mais suscet\u00edveis aos efeitos da radia\u00e7\u00e3o eletromagn\u00e9tica, sobretudo no inverno, quando ficam mais confinados e usam em excesso aparelhos, inclusive para se aquecer.<\/p>\n\n\n\n<h4 class=\"wp-block-heading\">No Brasil, o que dizem os m\u00e9dicos?<\/h4>\n\n\n\n<figure class=\"wp-block-image size-large\"><img loading=\"lazy\" decoding=\"async\" width=\"1000\" height=\"562\" src=\"https:\/\/jornalfatosenoticias.com.br\/wp-content\/uploads\/2021\/03\/radiacao_celular-micro-ondas2.jpg\" alt=\"\" class=\"wp-image-16164\" srcset=\"https:\/\/jornalfatosenoticias.com.br\/wp-content\/uploads\/2021\/03\/radiacao_celular-micro-ondas2.jpg 1000w, https:\/\/jornalfatosenoticias.com.br\/wp-content\/uploads\/2021\/03\/radiacao_celular-micro-ondas2-300x169.jpg 300w, https:\/\/jornalfatosenoticias.com.br\/wp-content\/uploads\/2021\/03\/radiacao_celular-micro-ondas2-768x432.jpg 768w\" sizes=\"auto, (max-width: 1000px) 100vw, 1000px\" \/><figcaption><em>(Foto: Getty Images)<\/em><\/figcaption><\/figure>\n\n\n\n<p>Por aqui, <strong><em>VivaBem<\/em><\/strong> consultou especialistas de diferentes \u00e1reas para saber se a exposi\u00e7\u00e3o \u00e0 radia\u00e7\u00e3o eletromagn\u00e9tica do dia a dia faz mesmo mal \u00e0 sa\u00fade. Veja s\u00f3 o que eles dizem.<br>Sobre o uso de celulares, F\u00e1bio Porto, neurologista do Hospital das Cl\u00ednicas da Faculdade de Medicina da Universidade de S\u00e3o Paulo (HC-FMUSP) afirma que at\u00e9 o momento n\u00e3o h\u00e1 base cient\u00edfica para associar problemas de sa\u00fade s\u00e9rios, como c\u00e2ncer da regi\u00e3o de cabe\u00e7a e pesco\u00e7o, \u00e0 exposi\u00e7\u00e3o a campos eletromagn\u00e9ticos desses aparelhos e cita dados atualizados do National Cancer Institute, dos Estados Unidos, e que se baseiam na OMS.<br>&#8220;H\u00e1 muito mais especula\u00e7\u00e3o do que perigo real. Os melhores estudos sobre esses efeitos nunca obtiveram dados concretos. In vitro, testes de laborat\u00f3rio, h\u00e1 v\u00e1rias teorias que apontam mudan\u00e7as e estresse em c\u00e9lulas, mas in vivo os dados s\u00e3o insuficientes para demonstrar algum efeito delet\u00e9rio&#8221;, diz Porto.<br>&#8220;A chance \u00e9 muito pequena. N\u00e3o acho que \u00e9 algo para se preocupar como ter c\u00e2ncer no c\u00e9rebro por conta de usar celular, por exemplo&#8221;.<br>Estudos mais antigos avaliaram a exposi\u00e7\u00e3o \u00e0 radia\u00e7\u00e3o de radiofrequ\u00eancia de celulares anal\u00f3gicos. Hoje, os celulares usam tecnologia digital, que opera em uma frequ\u00eancia diferente e um n\u00edvel de energia mais baixo do que os modelos antigos.<br>Al\u00e9m disso, o uso de tecnologia viva-voz, como fones de ouvido com e sem fio, est\u00e1 aumentando e isso reduz a exposi\u00e7\u00e3o ao corpo.<\/p>\n\n\n\n<h4 class=\"wp-block-heading\">Micro-ondas s\u00f3 em bom estado<\/h4>\n\n\n\n<figure class=\"wp-block-image size-large\"><img loading=\"lazy\" decoding=\"async\" width=\"1000\" height=\"493\" src=\"https:\/\/jornalfatosenoticias.com.br\/wp-content\/uploads\/2021\/03\/radiacao_celular-micro-ondas3.jpg\" alt=\"\" class=\"wp-image-16163\" srcset=\"https:\/\/jornalfatosenoticias.com.br\/wp-content\/uploads\/2021\/03\/radiacao_celular-micro-ondas3.jpg 1000w, https:\/\/jornalfatosenoticias.com.br\/wp-content\/uploads\/2021\/03\/radiacao_celular-micro-ondas3-300x148.jpg 300w, https:\/\/jornalfatosenoticias.com.br\/wp-content\/uploads\/2021\/03\/radiacao_celular-micro-ondas3-768x379.jpg 768w\" sizes=\"auto, (max-width: 1000px) 100vw, 1000px\" \/><figcaption><em>Micro-ondas (Foto: iStock)<\/em><\/figcaption><\/figure>\n\n\n\n<p>Isabella Drumond Figueiredo, oncologista com passagem por v\u00e1rias institui\u00e7\u00f5es cient\u00edficas que estudam e tratam c\u00e2ncer no mundo, tais como Tom Baker Cancer Centre (Canad\u00e1), Sylvester Comprehensive Cancer Center e MD Anderson Cancer Center (ambas nos Estados Unidos) explica que a radia\u00e7\u00e3o que engloba ondas de r\u00e1dio, TV e micro-ondas est\u00e1 na categoria de baixa energia do espectro eletromagn\u00e9tico, por isso sem energia suficiente para causar c\u00e2ncer.<br>No entanto, ela explica que se essa radia\u00e7\u00e3o for absorvida pelo corpo em grandes quantidades, pode produzir calor e, consequentemente, causar queimaduras e danos aos tecidos do corpo.<\/p>\n\n\n\n<blockquote class=\"wp-block-quote is-layout-flow wp-block-quote-is-layout-flow\"><p>&#8220;Em rela\u00e7\u00e3o aos micro-ondas, eles usam n\u00edveis muito altos de uma certa frequ\u00eancia de radia\u00e7\u00e3o para aquecer alimentos, mas n\u00e3o emitem raios-X ou gama e n\u00e3o tornam os alimentos radioativos. Os fornos s\u00e3o projetados de forma que as ondas de radiofrequ\u00eancia fiquem retidas dentro deles. Usar esses aparelhos \u00edntegros n\u00e3o oferece danos. Entretanto, fornos danificados podem vazar micro-ondas, causando risco de queimaduras&#8221;, explica a oncologista.<\/p><\/blockquote>\n\n\n\n<h4 class=\"wp-block-heading\">Laptop requer uso correto<\/h4>\n\n\n\n<figure class=\"wp-block-image size-large\"><img loading=\"lazy\" decoding=\"async\" width=\"1000\" height=\"667\" src=\"https:\/\/jornalfatosenoticias.com.br\/wp-content\/uploads\/2021\/03\/radiacao_celular-micro-ondas4.jpg\" alt=\"\" class=\"wp-image-16162\" srcset=\"https:\/\/jornalfatosenoticias.com.br\/wp-content\/uploads\/2021\/03\/radiacao_celular-micro-ondas4.jpg 1000w, https:\/\/jornalfatosenoticias.com.br\/wp-content\/uploads\/2021\/03\/radiacao_celular-micro-ondas4-300x200.jpg 300w, https:\/\/jornalfatosenoticias.com.br\/wp-content\/uploads\/2021\/03\/radiacao_celular-micro-ondas4-768x512.jpg 768w\" sizes=\"auto, (max-width: 1000px) 100vw, 1000px\" \/><figcaption><em>Laptop (Foto: Getty Images)<\/em><\/figcaption><\/figure>\n\n\n\n<p>Alex Meller, urologista da Universidade Federal de S\u00e3o Paulo (Unifesp) e do Hospital Israelita Albert Einstein (SP), tamb\u00e9m concorda que ainda n\u00e3o h\u00e1 evid\u00eancias cient\u00edficas de que ondas eletromagn\u00e9ticas de aparelhos eletr\u00f4nicos causem problemas, diferentemente das ondas de radia\u00e7\u00e3o ionizante, que t\u00eam efeito direto sobre a sa\u00fade e alteram inclusive a fertilidade.<br>&#8220;Sobre laptop, o que prejudica a reprodu\u00e7\u00e3o humana n\u00e3o \u00e9 o eletromagnetismo em si, mas o aquecimento do aparelho e que se for colocado com muita frequ\u00eancia sobre o colo pode afetar a produ\u00e7\u00e3o dos espermatozoides pela alta temperatura&#8221;, explica Meller.<br>A fala do urologista corrobora um estudo aceito e publicado pela Universidade do Estado de Nova York na revista Fertility and Sterility. Nele, cientistas usaram term\u00f4metros para aferir a temperatura dos test\u00edculos de 29 participantes que tinham por h\u00e1bito usar laptops sobre o colo. Mesmo com um suporte sobre as pernas, o que se observou foi que entre 10 a 15 minutos os escrotos superaqueceram e depois de uma hora estavam 2,5 graus mais quentes.<\/p>\n\n\n\n<p><strong><em>Fonte: <a href=\"https:\/\/www.uol.com.br\/vivabem\/noticias\/redacao\/2021\/03\/23\/celular-micro-ondas-laptop-radiacao-eletromagnetica-faz-mal-a-saude.htm\">UOL<\/a><\/em><\/strong><\/p>\n","protected":false},"excerpt":{"rendered":"<p>Alguns estudos cient\u00edficos apontam que a exposi\u00e7\u00e3o prolongada \u00e0 radia\u00e7\u00e3o eletromagn\u00e9tica n\u00e3o ionizante, emitida pela fia\u00e7\u00e3o el\u00e9trica e por smartphones, telefones sem fio ou eletrodom\u00e9sticos, que n\u00e3o tenham como objetivo a telecomunica\u00e7\u00e3o, como micro-ondas, por exemplo, pode favorecer o surgimento ou agravamento de doen\u00e7as. Mas os dados s\u00e3o inconsistentes, especialmente porque os resultados de estudos [&hellip;]<\/p>\n","protected":false},"author":2,"featured_media":16165,"comment_status":"open","ping_status":"open","sticky":false,"template":"","format":"standard","meta":{"footnotes":""},"categories":[11],"tags":[2209,23,3380,8172,74],"class_list":["post-16161","post","type-post","status-publish","format-standard","has-post-thumbnail","hentry","category-saude","tag-celular","tag-laptop","tag-micro-ondas","tag-radiacao-eletromagnetica","tag-saude"],"yoast_head":"<!-- This site is optimized with the Yoast SEO plugin v26.5 - https:\/\/yoast.com\/wordpress\/plugins\/seo\/ -->\n<title>Celular, micro-ondas, laptop: radia\u00e7\u00e3o eletromagn\u00e9tica faz mal \u00e0 sa\u00fade? - Jornal Fatos e Not\u00edcias<\/title>\n<meta name=\"robots\" content=\"index, follow, max-snippet:-1, max-image-preview:large, max-video-preview:-1\" \/>\n<link rel=\"canonical\" href=\"https:\/\/jornalfatosenoticias.com.br\/index.php\/2021\/03\/24\/celular-micro-ondas-laptop-radiacao-eletromagnetica-faz-mal-a-saude\/\" \/>\n<meta property=\"og:locale\" content=\"pt_BR\" \/>\n<meta property=\"og:type\" content=\"article\" \/>\n<meta property=\"og:title\" content=\"Celular, micro-ondas, laptop: radia\u00e7\u00e3o eletromagn\u00e9tica faz mal \u00e0 sa\u00fade? - Jornal Fatos e Not\u00edcias\" \/>\n<meta property=\"og:description\" content=\"Alguns estudos cient\u00edficos apontam que a exposi\u00e7\u00e3o prolongada \u00e0 radia\u00e7\u00e3o eletromagn\u00e9tica n\u00e3o ionizante, emitida pela fia\u00e7\u00e3o el\u00e9trica e por smartphones, telefones sem fio ou eletrodom\u00e9sticos, que n\u00e3o tenham como objetivo a telecomunica\u00e7\u00e3o, como micro-ondas, por exemplo, pode favorecer o surgimento ou agravamento de doen\u00e7as. Mas os dados s\u00e3o inconsistentes, especialmente porque os resultados de estudos [&hellip;]\" \/>\n<meta property=\"og:url\" content=\"https:\/\/jornalfatosenoticias.com.br\/index.php\/2021\/03\/24\/celular-micro-ondas-laptop-radiacao-eletromagnetica-faz-mal-a-saude\/\" \/>\n<meta property=\"og:site_name\" content=\"Jornal Fatos e Not\u00edcias\" \/>\n<meta property=\"article:published_time\" content=\"2021-03-24T13:36:18+00:00\" \/>\n<meta property=\"article:modified_time\" content=\"2021-03-24T13:36:19+00:00\" \/>\n<meta property=\"og:image\" content=\"https:\/\/jornalfatosenoticias.com.br\/wp-content\/uploads\/2021\/03\/radiacao_celular-micro-ondas.jpg\" \/>\n\t<meta property=\"og:image:width\" content=\"1000\" \/>\n\t<meta property=\"og:image:height\" content=\"625\" \/>\n\t<meta property=\"og:image:type\" content=\"image\/jpeg\" \/>\n<meta name=\"author\" content=\"Luzimara Fernandes\" \/>\n<meta name=\"twitter:card\" content=\"summary_large_image\" \/>\n<meta name=\"twitter:label1\" content=\"Escrito por\" \/>\n\t<meta name=\"twitter:data1\" content=\"Luzimara Fernandes\" \/>\n\t<meta name=\"twitter:label2\" content=\"Est. tempo de leitura\" \/>\n\t<meta name=\"twitter:data2\" content=\"5 minutos\" \/>\n<script type=\"application\/ld+json\" class=\"yoast-schema-graph\">{\"@context\":\"https:\/\/schema.org\",\"@graph\":[{\"@type\":\"Article\",\"@id\":\"https:\/\/jornalfatosenoticias.com.br\/index.php\/2021\/03\/24\/celular-micro-ondas-laptop-radiacao-eletromagnetica-faz-mal-a-saude\/#article\",\"isPartOf\":{\"@id\":\"https:\/\/jornalfatosenoticias.com.br\/index.php\/2021\/03\/24\/celular-micro-ondas-laptop-radiacao-eletromagnetica-faz-mal-a-saude\/\"},\"author\":{\"name\":\"Luzimara Fernandes\",\"@id\":\"https:\/\/jornalfatosenoticias.com.br\/#\/schema\/person\/d63837fa13ac8666eb9e74e0985d6f81\"},\"headline\":\"Celular, micro-ondas, laptop: radia\u00e7\u00e3o eletromagn\u00e9tica faz mal \u00e0 sa\u00fade?\",\"datePublished\":\"2021-03-24T13:36:18+00:00\",\"dateModified\":\"2021-03-24T13:36:19+00:00\",\"mainEntityOfPage\":{\"@id\":\"https:\/\/jornalfatosenoticias.com.br\/index.php\/2021\/03\/24\/celular-micro-ondas-laptop-radiacao-eletromagnetica-faz-mal-a-saude\/\"},\"wordCount\":923,\"commentCount\":0,\"publisher\":{\"@id\":\"https:\/\/jornalfatosenoticias.com.br\/#organization\"},\"image\":{\"@id\":\"https:\/\/jornalfatosenoticias.com.br\/index.php\/2021\/03\/24\/celular-micro-ondas-laptop-radiacao-eletromagnetica-faz-mal-a-saude\/#primaryimage\"},\"thumbnailUrl\":\"https:\/\/jornalfatosenoticias.com.br\/wp-content\/uploads\/2021\/03\/radiacao_celular-micro-ondas.jpg\",\"keywords\":[\"celular\",\"laptop\",\"micro-ondas\",\"radia\u00e7\u00e3o eletromagn\u00e9tica\",\"sa\u00fade\"],\"articleSection\":[\"Sa\u00fade\"],\"inLanguage\":\"pt-BR\",\"potentialAction\":[{\"@type\":\"CommentAction\",\"name\":\"Comment\",\"target\":[\"https:\/\/jornalfatosenoticias.com.br\/index.php\/2021\/03\/24\/celular-micro-ondas-laptop-radiacao-eletromagnetica-faz-mal-a-saude\/#respond\"]}]},{\"@type\":\"WebPage\",\"@id\":\"https:\/\/jornalfatosenoticias.com.br\/index.php\/2021\/03\/24\/celular-micro-ondas-laptop-radiacao-eletromagnetica-faz-mal-a-saude\/\",\"url\":\"https:\/\/jornalfatosenoticias.com.br\/index.php\/2021\/03\/24\/celular-micro-ondas-laptop-radiacao-eletromagnetica-faz-mal-a-saude\/\",\"name\":\"Celular, micro-ondas, laptop: radia\u00e7\u00e3o eletromagn\u00e9tica faz mal \u00e0 sa\u00fade? - Jornal Fatos e Not\u00edcias\",\"isPartOf\":{\"@id\":\"https:\/\/jornalfatosenoticias.com.br\/#website\"},\"primaryImageOfPage\":{\"@id\":\"https:\/\/jornalfatosenoticias.com.br\/index.php\/2021\/03\/24\/celular-micro-ondas-laptop-radiacao-eletromagnetica-faz-mal-a-saude\/#primaryimage\"},\"image\":{\"@id\":\"https:\/\/jornalfatosenoticias.com.br\/index.php\/2021\/03\/24\/celular-micro-ondas-laptop-radiacao-eletromagnetica-faz-mal-a-saude\/#primaryimage\"},\"thumbnailUrl\":\"https:\/\/jornalfatosenoticias.com.br\/wp-content\/uploads\/2021\/03\/radiacao_celular-micro-ondas.jpg\",\"datePublished\":\"2021-03-24T13:36:18+00:00\",\"dateModified\":\"2021-03-24T13:36:19+00:00\",\"breadcrumb\":{\"@id\":\"https:\/\/jornalfatosenoticias.com.br\/index.php\/2021\/03\/24\/celular-micro-ondas-laptop-radiacao-eletromagnetica-faz-mal-a-saude\/#breadcrumb\"},\"inLanguage\":\"pt-BR\",\"potentialAction\":[{\"@type\":\"ReadAction\",\"target\":[\"https:\/\/jornalfatosenoticias.com.br\/index.php\/2021\/03\/24\/celular-micro-ondas-laptop-radiacao-eletromagnetica-faz-mal-a-saude\/\"]}]},{\"@type\":\"ImageObject\",\"inLanguage\":\"pt-BR\",\"@id\":\"https:\/\/jornalfatosenoticias.com.br\/index.php\/2021\/03\/24\/celular-micro-ondas-laptop-radiacao-eletromagnetica-faz-mal-a-saude\/#primaryimage\",\"url\":\"https:\/\/jornalfatosenoticias.com.br\/wp-content\/uploads\/2021\/03\/radiacao_celular-micro-ondas.jpg\",\"contentUrl\":\"https:\/\/jornalfatosenoticias.com.br\/wp-content\/uploads\/2021\/03\/radiacao_celular-micro-ondas.jpg\",\"width\":1000,\"height\":625},{\"@type\":\"BreadcrumbList\",\"@id\":\"https:\/\/jornalfatosenoticias.com.br\/index.php\/2021\/03\/24\/celular-micro-ondas-laptop-radiacao-eletromagnetica-faz-mal-a-saude\/#breadcrumb\",\"itemListElement\":[{\"@type\":\"ListItem\",\"position\":1,\"name\":\"In\u00edcio\",\"item\":\"https:\/\/jornalfatosenoticias.com.br\/\"},{\"@type\":\"ListItem\",\"position\":2,\"name\":\"Celular, micro-ondas, laptop: radia\u00e7\u00e3o eletromagn\u00e9tica faz mal \u00e0 sa\u00fade?\"}]},{\"@type\":\"WebSite\",\"@id\":\"https:\/\/jornalfatosenoticias.com.br\/#website\",\"url\":\"https:\/\/jornalfatosenoticias.com.br\/\",\"name\":\"Jornal Fatos e Not\u00edcias\",\"description\":\"Not\u00edcias em geral\",\"publisher\":{\"@id\":\"https:\/\/jornalfatosenoticias.com.br\/#organization\"},\"potentialAction\":[{\"@type\":\"SearchAction\",\"target\":{\"@type\":\"EntryPoint\",\"urlTemplate\":\"https:\/\/jornalfatosenoticias.com.br\/?s={search_term_string}\"},\"query-input\":{\"@type\":\"PropertyValueSpecification\",\"valueRequired\":true,\"valueName\":\"search_term_string\"}}],\"inLanguage\":\"pt-BR\"},{\"@type\":\"Organization\",\"@id\":\"https:\/\/jornalfatosenoticias.com.br\/#organization\",\"name\":\"Jornal Fatos e Not\u00edcias\",\"url\":\"https:\/\/jornalfatosenoticias.com.br\/\",\"logo\":{\"@type\":\"ImageObject\",\"inLanguage\":\"pt-BR\",\"@id\":\"https:\/\/jornalfatosenoticias.com.br\/#\/schema\/logo\/image\/\",\"url\":\"https:\/\/jornalfatosenoticias.com.br\/wp-content\/uploads\/2020\/02\/logo120.png\",\"contentUrl\":\"https:\/\/jornalfatosenoticias.com.br\/wp-content\/uploads\/2020\/02\/logo120.png\",\"width\":1227,\"height\":120,\"caption\":\"Jornal Fatos e Not\u00edcias\"},\"image\":{\"@id\":\"https:\/\/jornalfatosenoticias.com.br\/#\/schema\/logo\/image\/\"}},{\"@type\":\"Person\",\"@id\":\"https:\/\/jornalfatosenoticias.com.br\/#\/schema\/person\/d63837fa13ac8666eb9e74e0985d6f81\",\"name\":\"Luzimara Fernandes\",\"image\":{\"@type\":\"ImageObject\",\"inLanguage\":\"pt-BR\",\"@id\":\"https:\/\/jornalfatosenoticias.com.br\/#\/schema\/person\/image\/\",\"url\":\"https:\/\/jornalfatosenoticias.com.br\/wp-content\/uploads\/2025\/05\/EU_portal.jpg\",\"contentUrl\":\"https:\/\/jornalfatosenoticias.com.br\/wp-content\/uploads\/2025\/05\/EU_portal.jpg\",\"caption\":\"Luzimara Fernandes\"},\"description\":\"Jornalista MTB 2358-ES\",\"sameAs\":[\"https:\/\/jornalfatosenoticias.com.br\"],\"url\":\"https:\/\/jornalfatosenoticias.com.br\/index.php\/author\/luzimara\/\"}]}<\/script>\n<!-- \/ Yoast SEO plugin. -->","yoast_head_json":{"title":"Celular, micro-ondas, laptop: radia\u00e7\u00e3o eletromagn\u00e9tica faz mal \u00e0 sa\u00fade? - Jornal Fatos e Not\u00edcias","robots":{"index":"index","follow":"follow","max-snippet":"max-snippet:-1","max-image-preview":"max-image-preview:large","max-video-preview":"max-video-preview:-1"},"canonical":"https:\/\/jornalfatosenoticias.com.br\/index.php\/2021\/03\/24\/celular-micro-ondas-laptop-radiacao-eletromagnetica-faz-mal-a-saude\/","og_locale":"pt_BR","og_type":"article","og_title":"Celular, micro-ondas, laptop: radia\u00e7\u00e3o eletromagn\u00e9tica faz mal \u00e0 sa\u00fade? - Jornal Fatos e Not\u00edcias","og_description":"Alguns estudos cient\u00edficos apontam que a exposi\u00e7\u00e3o prolongada \u00e0 radia\u00e7\u00e3o eletromagn\u00e9tica n\u00e3o ionizante, emitida pela fia\u00e7\u00e3o el\u00e9trica e por smartphones, telefones sem fio ou eletrodom\u00e9sticos, que n\u00e3o tenham como objetivo a telecomunica\u00e7\u00e3o, como micro-ondas, por exemplo, pode favorecer o surgimento ou agravamento de doen\u00e7as. Mas os dados s\u00e3o inconsistentes, especialmente porque os resultados de estudos [&hellip;]","og_url":"https:\/\/jornalfatosenoticias.com.br\/index.php\/2021\/03\/24\/celular-micro-ondas-laptop-radiacao-eletromagnetica-faz-mal-a-saude\/","og_site_name":"Jornal Fatos e Not\u00edcias","article_published_time":"2021-03-24T13:36:18+00:00","article_modified_time":"2021-03-24T13:36:19+00:00","og_image":[{"width":1000,"height":625,"url":"https:\/\/jornalfatosenoticias.com.br\/wp-content\/uploads\/2021\/03\/radiacao_celular-micro-ondas.jpg","type":"image\/jpeg"}],"author":"Luzimara Fernandes","twitter_card":"summary_large_image","twitter_misc":{"Escrito por":"Luzimara Fernandes","Est. tempo de leitura":"5 minutos"},"schema":{"@context":"https:\/\/schema.org","@graph":[{"@type":"Article","@id":"https:\/\/jornalfatosenoticias.com.br\/index.php\/2021\/03\/24\/celular-micro-ondas-laptop-radiacao-eletromagnetica-faz-mal-a-saude\/#article","isPartOf":{"@id":"https:\/\/jornalfatosenoticias.com.br\/index.php\/2021\/03\/24\/celular-micro-ondas-laptop-radiacao-eletromagnetica-faz-mal-a-saude\/"},"author":{"name":"Luzimara Fernandes","@id":"https:\/\/jornalfatosenoticias.com.br\/#\/schema\/person\/d63837fa13ac8666eb9e74e0985d6f81"},"headline":"Celular, micro-ondas, laptop: radia\u00e7\u00e3o eletromagn\u00e9tica faz mal \u00e0 sa\u00fade?","datePublished":"2021-03-24T13:36:18+00:00","dateModified":"2021-03-24T13:36:19+00:00","mainEntityOfPage":{"@id":"https:\/\/jornalfatosenoticias.com.br\/index.php\/2021\/03\/24\/celular-micro-ondas-laptop-radiacao-eletromagnetica-faz-mal-a-saude\/"},"wordCount":923,"commentCount":0,"publisher":{"@id":"https:\/\/jornalfatosenoticias.com.br\/#organization"},"image":{"@id":"https:\/\/jornalfatosenoticias.com.br\/index.php\/2021\/03\/24\/celular-micro-ondas-laptop-radiacao-eletromagnetica-faz-mal-a-saude\/#primaryimage"},"thumbnailUrl":"https:\/\/jornalfatosenoticias.com.br\/wp-content\/uploads\/2021\/03\/radiacao_celular-micro-ondas.jpg","keywords":["celular","laptop","micro-ondas","radia\u00e7\u00e3o eletromagn\u00e9tica","sa\u00fade"],"articleSection":["Sa\u00fade"],"inLanguage":"pt-BR","potentialAction":[{"@type":"CommentAction","name":"Comment","target":["https:\/\/jornalfatosenoticias.com.br\/index.php\/2021\/03\/24\/celular-micro-ondas-laptop-radiacao-eletromagnetica-faz-mal-a-saude\/#respond"]}]},{"@type":"WebPage","@id":"https:\/\/jornalfatosenoticias.com.br\/index.php\/2021\/03\/24\/celular-micro-ondas-laptop-radiacao-eletromagnetica-faz-mal-a-saude\/","url":"https:\/\/jornalfatosenoticias.com.br\/index.php\/2021\/03\/24\/celular-micro-ondas-laptop-radiacao-eletromagnetica-faz-mal-a-saude\/","name":"Celular, micro-ondas, laptop: radia\u00e7\u00e3o eletromagn\u00e9tica faz mal \u00e0 sa\u00fade? - Jornal Fatos e Not\u00edcias","isPartOf":{"@id":"https:\/\/jornalfatosenoticias.com.br\/#website"},"primaryImageOfPage":{"@id":"https:\/\/jornalfatosenoticias.com.br\/index.php\/2021\/03\/24\/celular-micro-ondas-laptop-radiacao-eletromagnetica-faz-mal-a-saude\/#primaryimage"},"image":{"@id":"https:\/\/jornalfatosenoticias.com.br\/index.php\/2021\/03\/24\/celular-micro-ondas-laptop-radiacao-eletromagnetica-faz-mal-a-saude\/#primaryimage"},"thumbnailUrl":"https:\/\/jornalfatosenoticias.com.br\/wp-content\/uploads\/2021\/03\/radiacao_celular-micro-ondas.jpg","datePublished":"2021-03-24T13:36:18+00:00","dateModified":"2021-03-24T13:36:19+00:00","breadcrumb":{"@id":"https:\/\/jornalfatosenoticias.com.br\/index.php\/2021\/03\/24\/celular-micro-ondas-laptop-radiacao-eletromagnetica-faz-mal-a-saude\/#breadcrumb"},"inLanguage":"pt-BR","potentialAction":[{"@type":"ReadAction","target":["https:\/\/jornalfatosenoticias.com.br\/index.php\/2021\/03\/24\/celular-micro-ondas-laptop-radiacao-eletromagnetica-faz-mal-a-saude\/"]}]},{"@type":"ImageObject","inLanguage":"pt-BR","@id":"https:\/\/jornalfatosenoticias.com.br\/index.php\/2021\/03\/24\/celular-micro-ondas-laptop-radiacao-eletromagnetica-faz-mal-a-saude\/#primaryimage","url":"https:\/\/jornalfatosenoticias.com.br\/wp-content\/uploads\/2021\/03\/radiacao_celular-micro-ondas.jpg","contentUrl":"https:\/\/jornalfatosenoticias.com.br\/wp-content\/uploads\/2021\/03\/radiacao_celular-micro-ondas.jpg","width":1000,"height":625},{"@type":"BreadcrumbList","@id":"https:\/\/jornalfatosenoticias.com.br\/index.php\/2021\/03\/24\/celular-micro-ondas-laptop-radiacao-eletromagnetica-faz-mal-a-saude\/#breadcrumb","itemListElement":[{"@type":"ListItem","position":1,"name":"In\u00edcio","item":"https:\/\/jornalfatosenoticias.com.br\/"},{"@type":"ListItem","position":2,"name":"Celular, micro-ondas, laptop: radia\u00e7\u00e3o eletromagn\u00e9tica faz mal \u00e0 sa\u00fade?"}]},{"@type":"WebSite","@id":"https:\/\/jornalfatosenoticias.com.br\/#website","url":"https:\/\/jornalfatosenoticias.com.br\/","name":"Jornal Fatos e Not\u00edcias","description":"Not\u00edcias em geral","publisher":{"@id":"https:\/\/jornalfatosenoticias.com.br\/#organization"},"potentialAction":[{"@type":"SearchAction","target":{"@type":"EntryPoint","urlTemplate":"https:\/\/jornalfatosenoticias.com.br\/?s={search_term_string}"},"query-input":{"@type":"PropertyValueSpecification","valueRequired":true,"valueName":"search_term_string"}}],"inLanguage":"pt-BR"},{"@type":"Organization","@id":"https:\/\/jornalfatosenoticias.com.br\/#organization","name":"Jornal Fatos e Not\u00edcias","url":"https:\/\/jornalfatosenoticias.com.br\/","logo":{"@type":"ImageObject","inLanguage":"pt-BR","@id":"https:\/\/jornalfatosenoticias.com.br\/#\/schema\/logo\/image\/","url":"https:\/\/jornalfatosenoticias.com.br\/wp-content\/uploads\/2020\/02\/logo120.png","contentUrl":"https:\/\/jornalfatosenoticias.com.br\/wp-content\/uploads\/2020\/02\/logo120.png","width":1227,"height":120,"caption":"Jornal Fatos e Not\u00edcias"},"image":{"@id":"https:\/\/jornalfatosenoticias.com.br\/#\/schema\/logo\/image\/"}},{"@type":"Person","@id":"https:\/\/jornalfatosenoticias.com.br\/#\/schema\/person\/d63837fa13ac8666eb9e74e0985d6f81","name":"Luzimara Fernandes","image":{"@type":"ImageObject","inLanguage":"pt-BR","@id":"https:\/\/jornalfatosenoticias.com.br\/#\/schema\/person\/image\/","url":"https:\/\/jornalfatosenoticias.com.br\/wp-content\/uploads\/2025\/05\/EU_portal.jpg","contentUrl":"https:\/\/jornalfatosenoticias.com.br\/wp-content\/uploads\/2025\/05\/EU_portal.jpg","caption":"Luzimara Fernandes"},"description":"Jornalista MTB 2358-ES","sameAs":["https:\/\/jornalfatosenoticias.com.br"],"url":"https:\/\/jornalfatosenoticias.com.br\/index.php\/author\/luzimara\/"}]}},"cc_featured_image_caption":{"caption_text":"(Foto: iStock)","source_text":"","source_url":""},"jetpack_featured_media_url":"https:\/\/jornalfatosenoticias.com.br\/wp-content\/uploads\/2021\/03\/radiacao_celular-micro-ondas.jpg","_links":{"self":[{"href":"https:\/\/jornalfatosenoticias.com.br\/index.php\/wp-json\/wp\/v2\/posts\/16161","targetHints":{"allow":["GET"]}}],"collection":[{"href":"https:\/\/jornalfatosenoticias.com.br\/index.php\/wp-json\/wp\/v2\/posts"}],"about":[{"href":"https:\/\/jornalfatosenoticias.com.br\/index.php\/wp-json\/wp\/v2\/types\/post"}],"author":[{"embeddable":true,"href":"https:\/\/jornalfatosenoticias.com.br\/index.php\/wp-json\/wp\/v2\/users\/2"}],"replies":[{"embeddable":true,"href":"https:\/\/jornalfatosenoticias.com.br\/index.php\/wp-json\/wp\/v2\/comments?post=16161"}],"version-history":[{"count":0,"href":"https:\/\/jornalfatosenoticias.com.br\/index.php\/wp-json\/wp\/v2\/posts\/16161\/revisions"}],"wp:featuredmedia":[{"embeddable":true,"href":"https:\/\/jornalfatosenoticias.com.br\/index.php\/wp-json\/wp\/v2\/media\/16165"}],"wp:attachment":[{"href":"https:\/\/jornalfatosenoticias.com.br\/index.php\/wp-json\/wp\/v2\/media?parent=16161"}],"wp:term":[{"taxonomy":"category","embeddable":true,"href":"https:\/\/jornalfatosenoticias.com.br\/index.php\/wp-json\/wp\/v2\/categories?post=16161"},{"taxonomy":"post_tag","embeddable":true,"href":"https:\/\/jornalfatosenoticias.com.br\/index.php\/wp-json\/wp\/v2\/tags?post=16161"}],"curies":[{"name":"wp","href":"https:\/\/api.w.org\/{rel}","templated":true}]}}