{"id":16179,"date":"2021-03-24T11:41:22","date_gmt":"2021-03-24T14:41:22","guid":{"rendered":"https:\/\/jornalfatosenoticias.com.br\/?p=16179"},"modified":"2021-03-24T11:41:27","modified_gmt":"2021-03-24T14:41:27","slug":"forca-tarefa-da-agu-vai-atuar-por-mais-um-ano-em-defesa-da-amazonia","status":"publish","type":"post","link":"https:\/\/jornalfatosenoticias.com.br\/index.php\/2021\/03\/24\/forca-tarefa-da-agu-vai-atuar-por-mais-um-ano-em-defesa-da-amazonia\/","title":{"rendered":"For\u00e7a-tarefa da AGU vai atuar por mais um ano em defesa da Amaz\u00f4nia"},"content":{"rendered":"\n<h6 class=\"wp-block-heading\"><em>Prorroga\u00e7\u00e3o come\u00e7a a valer a partir desta quarta-feira<\/em><\/h6>\n\n\n\n<p>A For\u00e7a-Tarefa da Advocacia-Geral da Uni\u00e3o (AGU) em Defesa da Amaz\u00f4nia vai atuar por mais um ano em a\u00e7\u00f5es na defesa da regi\u00e3o. A portaria com a medida est\u00e1 publicada no <em><a href=\"https:\/\/www.in.gov.br\/en\/web\/dou\/-\/portaria-agu-n-105-de-23-de-marco-de-2021-310073568\" target=\"_blank\" rel=\"noreferrer noopener\"><strong>Di\u00e1rio Oficial da Uni\u00e3o<\/strong><\/a><\/em>\u00a0desta quarta-feira (24) e diz que prorroga\u00e7\u00e3o come\u00e7a a valer a partir de hoje.<br>A for\u00e7a-tarefa foi institu\u00edda em setembro de 2019 para atua\u00e7\u00e3o nas demandas judiciais que tenham por objeto a defesa de pol\u00edticas p\u00fablicas ambientais priorit\u00e1rias da Uni\u00e3o, do Ibama e ICMBio nos estados que integram a Amaz\u00f4nia Legal.<br>Na sua \u00faltima atua\u00e7\u00e3o, a for\u00e7a-tarefa ajuizou <a href=\"https:\/\/www.gov.br\/agu\/pt-br\/comunicacao\/noticias\/forca-tarefa-em-defesa-da-amazonia-da-agu-cobra-quase-r-400-milhoes-de-desmatadores-da-floresta-amazonica\" target=\"_blank\" rel=\"noreferrer noopener\"><strong>bloco de 28 a\u00e7\u00f5es civis p\u00fablicas na cobran\u00e7a de R$ 398,6 milh\u00f5es<\/strong><\/a> de desmatadores. Foi o quinto lote de processos ajuizados em Defesa da Amaz\u00f4nia da AGU contra infratores ambientais. A medida tem o objetivo de garantir a recupera\u00e7\u00e3o das \u00e1reas degradadas.<br>Essas a\u00e7\u00f5es tiveram como alvo 56 pessoas acusadas de desmatar 17,8 mil hectares de floresta nativa, nos estados do Amazonas, de Rond\u00f4nia, de Mato Grosso, do Par\u00e1, do Maranh\u00e3o e de Roraima. Os processos, em sua maioria, envolvem madeireiras e pessoas que transportaram, armazenaram e negociaram madeira ilegalmente, sem licen\u00e7a ambiental.<br>At\u00e9 o momento, a for\u00e7a-tarefa cobra o montante de R$ 3,11 bilh\u00f5es de infratores ambientais, para garantir a recupera\u00e7\u00e3o de 151,7 mil hectares da Amaz\u00f4nia Legal.<\/p>\n\n\n\n<p><strong><em>Fonte: <a href=\"https:\/\/agenciabrasil.ebc.com.br\/geral\/noticia\/2021-03\/forca-tarefa-da-agu-ficara-mais-um-ano-atuando-em-defesa-da-amazonia\">Ag\u00eancia Brasil<\/a><\/em><\/strong><\/p>\n","protected":false},"excerpt":{"rendered":"<p>Prorroga\u00e7\u00e3o come\u00e7a a valer a partir desta quarta-feira A For\u00e7a-Tarefa da Advocacia-Geral da Uni\u00e3o (AGU) em Defesa da Amaz\u00f4nia vai atuar por mais um ano em a\u00e7\u00f5es na defesa da regi\u00e3o. A portaria com a medida est\u00e1 publicada no Di\u00e1rio Oficial da Uni\u00e3o\u00a0desta quarta-feira (24) e diz que prorroga\u00e7\u00e3o come\u00e7a a valer a partir de [&hellip;]<\/p>\n","protected":false},"author":2,"featured_media":16180,"comment_status":"open","ping_status":"open","sticky":false,"template":"","format":"standard","meta":{"footnotes":""},"categories":[5],"tags":[8175,123,8176,8177,8178],"class_list":["post-16179","post","type-post","status-publish","format-standard","has-post-thumbnail","hentry","category-geral","tag-agu","tag-amazonia","tag-diario-oficial-da-uniao","tag-forca-tarefa","tag-infratores-ambientais"],"yoast_head":"<!-- This site is optimized with the Yoast SEO plugin v26.5 - https:\/\/yoast.com\/wordpress\/plugins\/seo\/ -->\n<title>For\u00e7a-tarefa da AGU vai atuar por mais um ano em defesa da Amaz\u00f4nia - Jornal Fatos e Not\u00edcias<\/title>\n<meta name=\"robots\" content=\"index, follow, max-snippet:-1, max-image-preview:large, max-video-preview:-1\" \/>\n<link rel=\"canonical\" href=\"https:\/\/jornalfatosenoticias.com.br\/index.php\/2021\/03\/24\/forca-tarefa-da-agu-vai-atuar-por-mais-um-ano-em-defesa-da-amazonia\/\" \/>\n<meta property=\"og:locale\" content=\"pt_BR\" \/>\n<meta property=\"og:type\" content=\"article\" \/>\n<meta property=\"og:title\" content=\"For\u00e7a-tarefa da AGU vai atuar por mais um ano em defesa da Amaz\u00f4nia - Jornal Fatos e Not\u00edcias\" \/>\n<meta property=\"og:description\" content=\"Prorroga\u00e7\u00e3o come\u00e7a a valer a partir desta quarta-feira A For\u00e7a-Tarefa da Advocacia-Geral da Uni\u00e3o (AGU) em Defesa da Amaz\u00f4nia vai atuar por mais um ano em a\u00e7\u00f5es na defesa da regi\u00e3o. A portaria com a medida est\u00e1 publicada no Di\u00e1rio Oficial da Uni\u00e3o\u00a0desta quarta-feira (24) e diz que prorroga\u00e7\u00e3o come\u00e7a a valer a partir de [&hellip;]\" \/>\n<meta property=\"og:url\" content=\"https:\/\/jornalfatosenoticias.com.br\/index.php\/2021\/03\/24\/forca-tarefa-da-agu-vai-atuar-por-mais-um-ano-em-defesa-da-amazonia\/\" \/>\n<meta property=\"og:site_name\" content=\"Jornal Fatos e Not\u00edcias\" \/>\n<meta property=\"article:published_time\" content=\"2021-03-24T14:41:22+00:00\" \/>\n<meta property=\"article:modified_time\" content=\"2021-03-24T14:41:27+00:00\" \/>\n<meta property=\"og:image\" content=\"https:\/\/jornalfatosenoticias.com.br\/wp-content\/uploads\/2021\/03\/floresta_amazonica_vista_de_cima.jpg\" \/>\n\t<meta property=\"og:image:width\" content=\"1000\" \/>\n\t<meta property=\"og:image:height\" content=\"598\" \/>\n\t<meta property=\"og:image:type\" content=\"image\/jpeg\" \/>\n<meta name=\"author\" content=\"Luzimara Fernandes\" \/>\n<meta name=\"twitter:card\" content=\"summary_large_image\" \/>\n<meta name=\"twitter:label1\" content=\"Escrito por\" \/>\n\t<meta name=\"twitter:data1\" content=\"Luzimara Fernandes\" \/>\n\t<meta name=\"twitter:label2\" content=\"Est. tempo de leitura\" \/>\n\t<meta name=\"twitter:data2\" content=\"1 minuto\" \/>\n<script type=\"application\/ld+json\" class=\"yoast-schema-graph\">{\"@context\":\"https:\/\/schema.org\",\"@graph\":[{\"@type\":\"Article\",\"@id\":\"https:\/\/jornalfatosenoticias.com.br\/index.php\/2021\/03\/24\/forca-tarefa-da-agu-vai-atuar-por-mais-um-ano-em-defesa-da-amazonia\/#article\",\"isPartOf\":{\"@id\":\"https:\/\/jornalfatosenoticias.com.br\/index.php\/2021\/03\/24\/forca-tarefa-da-agu-vai-atuar-por-mais-um-ano-em-defesa-da-amazonia\/\"},\"author\":{\"name\":\"Luzimara Fernandes\",\"@id\":\"https:\/\/jornalfatosenoticias.com.br\/#\/schema\/person\/d63837fa13ac8666eb9e74e0985d6f81\"},\"headline\":\"For\u00e7a-tarefa da AGU vai atuar por mais um ano em defesa da Amaz\u00f4nia\",\"datePublished\":\"2021-03-24T14:41:22+00:00\",\"dateModified\":\"2021-03-24T14:41:27+00:00\",\"mainEntityOfPage\":{\"@id\":\"https:\/\/jornalfatosenoticias.com.br\/index.php\/2021\/03\/24\/forca-tarefa-da-agu-vai-atuar-por-mais-um-ano-em-defesa-da-amazonia\/\"},\"wordCount\":266,\"commentCount\":0,\"publisher\":{\"@id\":\"https:\/\/jornalfatosenoticias.com.br\/#organization\"},\"image\":{\"@id\":\"https:\/\/jornalfatosenoticias.com.br\/index.php\/2021\/03\/24\/forca-tarefa-da-agu-vai-atuar-por-mais-um-ano-em-defesa-da-amazonia\/#primaryimage\"},\"thumbnailUrl\":\"https:\/\/jornalfatosenoticias.com.br\/wp-content\/uploads\/2021\/03\/floresta_amazonica_vista_de_cima.jpg\",\"keywords\":[\"AGU\",\"amaz\u00f4nia\",\"Di\u00e1rio Oficial da Uni\u00e3o\",\"for\u00e7a-tarefa\",\"infratores ambientais\"],\"articleSection\":[\"Geral\"],\"inLanguage\":\"pt-BR\",\"potentialAction\":[{\"@type\":\"CommentAction\",\"name\":\"Comment\",\"target\":[\"https:\/\/jornalfatosenoticias.com.br\/index.php\/2021\/03\/24\/forca-tarefa-da-agu-vai-atuar-por-mais-um-ano-em-defesa-da-amazonia\/#respond\"]}]},{\"@type\":\"WebPage\",\"@id\":\"https:\/\/jornalfatosenoticias.com.br\/index.php\/2021\/03\/24\/forca-tarefa-da-agu-vai-atuar-por-mais-um-ano-em-defesa-da-amazonia\/\",\"url\":\"https:\/\/jornalfatosenoticias.com.br\/index.php\/2021\/03\/24\/forca-tarefa-da-agu-vai-atuar-por-mais-um-ano-em-defesa-da-amazonia\/\",\"name\":\"For\u00e7a-tarefa da AGU vai atuar por mais um ano em defesa da Amaz\u00f4nia - Jornal Fatos e Not\u00edcias\",\"isPartOf\":{\"@id\":\"https:\/\/jornalfatosenoticias.com.br\/#website\"},\"primaryImageOfPage\":{\"@id\":\"https:\/\/jornalfatosenoticias.com.br\/index.php\/2021\/03\/24\/forca-tarefa-da-agu-vai-atuar-por-mais-um-ano-em-defesa-da-amazonia\/#primaryimage\"},\"image\":{\"@id\":\"https:\/\/jornalfatosenoticias.com.br\/index.php\/2021\/03\/24\/forca-tarefa-da-agu-vai-atuar-por-mais-um-ano-em-defesa-da-amazonia\/#primaryimage\"},\"thumbnailUrl\":\"https:\/\/jornalfatosenoticias.com.br\/wp-content\/uploads\/2021\/03\/floresta_amazonica_vista_de_cima.jpg\",\"datePublished\":\"2021-03-24T14:41:22+00:00\",\"dateModified\":\"2021-03-24T14:41:27+00:00\",\"breadcrumb\":{\"@id\":\"https:\/\/jornalfatosenoticias.com.br\/index.php\/2021\/03\/24\/forca-tarefa-da-agu-vai-atuar-por-mais-um-ano-em-defesa-da-amazonia\/#breadcrumb\"},\"inLanguage\":\"pt-BR\",\"potentialAction\":[{\"@type\":\"ReadAction\",\"target\":[\"https:\/\/jornalfatosenoticias.com.br\/index.php\/2021\/03\/24\/forca-tarefa-da-agu-vai-atuar-por-mais-um-ano-em-defesa-da-amazonia\/\"]}]},{\"@type\":\"ImageObject\",\"inLanguage\":\"pt-BR\",\"@id\":\"https:\/\/jornalfatosenoticias.com.br\/index.php\/2021\/03\/24\/forca-tarefa-da-agu-vai-atuar-por-mais-um-ano-em-defesa-da-amazonia\/#primaryimage\",\"url\":\"https:\/\/jornalfatosenoticias.com.br\/wp-content\/uploads\/2021\/03\/floresta_amazonica_vista_de_cima.jpg\",\"contentUrl\":\"https:\/\/jornalfatosenoticias.com.br\/wp-content\/uploads\/2021\/03\/floresta_amazonica_vista_de_cima.jpg\",\"width\":1000,\"height\":598},{\"@type\":\"BreadcrumbList\",\"@id\":\"https:\/\/jornalfatosenoticias.com.br\/index.php\/2021\/03\/24\/forca-tarefa-da-agu-vai-atuar-por-mais-um-ano-em-defesa-da-amazonia\/#breadcrumb\",\"itemListElement\":[{\"@type\":\"ListItem\",\"position\":1,\"name\":\"In\u00edcio\",\"item\":\"https:\/\/jornalfatosenoticias.com.br\/\"},{\"@type\":\"ListItem\",\"position\":2,\"name\":\"For\u00e7a-tarefa da AGU vai atuar por mais um ano em defesa da Amaz\u00f4nia\"}]},{\"@type\":\"WebSite\",\"@id\":\"https:\/\/jornalfatosenoticias.com.br\/#website\",\"url\":\"https:\/\/jornalfatosenoticias.com.br\/\",\"name\":\"Jornal Fatos e Not\u00edcias\",\"description\":\"Not\u00edcias em geral\",\"publisher\":{\"@id\":\"https:\/\/jornalfatosenoticias.com.br\/#organization\"},\"potentialAction\":[{\"@type\":\"SearchAction\",\"target\":{\"@type\":\"EntryPoint\",\"urlTemplate\":\"https:\/\/jornalfatosenoticias.com.br\/?s={search_term_string}\"},\"query-input\":{\"@type\":\"PropertyValueSpecification\",\"valueRequired\":true,\"valueName\":\"search_term_string\"}}],\"inLanguage\":\"pt-BR\"},{\"@type\":\"Organization\",\"@id\":\"https:\/\/jornalfatosenoticias.com.br\/#organization\",\"name\":\"Jornal Fatos e Not\u00edcias\",\"url\":\"https:\/\/jornalfatosenoticias.com.br\/\",\"logo\":{\"@type\":\"ImageObject\",\"inLanguage\":\"pt-BR\",\"@id\":\"https:\/\/jornalfatosenoticias.com.br\/#\/schema\/logo\/image\/\",\"url\":\"https:\/\/jornalfatosenoticias.com.br\/wp-content\/uploads\/2020\/02\/logo120.png\",\"contentUrl\":\"https:\/\/jornalfatosenoticias.com.br\/wp-content\/uploads\/2020\/02\/logo120.png\",\"width\":1227,\"height\":120,\"caption\":\"Jornal Fatos e Not\u00edcias\"},\"image\":{\"@id\":\"https:\/\/jornalfatosenoticias.com.br\/#\/schema\/logo\/image\/\"}},{\"@type\":\"Person\",\"@id\":\"https:\/\/jornalfatosenoticias.com.br\/#\/schema\/person\/d63837fa13ac8666eb9e74e0985d6f81\",\"name\":\"Luzimara Fernandes\",\"image\":{\"@type\":\"ImageObject\",\"inLanguage\":\"pt-BR\",\"@id\":\"https:\/\/jornalfatosenoticias.com.br\/#\/schema\/person\/image\/\",\"url\":\"https:\/\/jornalfatosenoticias.com.br\/wp-content\/uploads\/2025\/05\/EU_portal.jpg\",\"contentUrl\":\"https:\/\/jornalfatosenoticias.com.br\/wp-content\/uploads\/2025\/05\/EU_portal.jpg\",\"caption\":\"Luzimara Fernandes\"},\"description\":\"Jornalista MTB 2358-ES\",\"sameAs\":[\"https:\/\/jornalfatosenoticias.com.br\"],\"url\":\"https:\/\/jornalfatosenoticias.com.br\/index.php\/author\/luzimara\/\"}]}<\/script>\n<!-- \/ Yoast SEO plugin. -->","yoast_head_json":{"title":"For\u00e7a-tarefa da AGU vai atuar por mais um ano em defesa da Amaz\u00f4nia - Jornal Fatos e Not\u00edcias","robots":{"index":"index","follow":"follow","max-snippet":"max-snippet:-1","max-image-preview":"max-image-preview:large","max-video-preview":"max-video-preview:-1"},"canonical":"https:\/\/jornalfatosenoticias.com.br\/index.php\/2021\/03\/24\/forca-tarefa-da-agu-vai-atuar-por-mais-um-ano-em-defesa-da-amazonia\/","og_locale":"pt_BR","og_type":"article","og_title":"For\u00e7a-tarefa da AGU vai atuar por mais um ano em defesa da Amaz\u00f4nia - Jornal Fatos e Not\u00edcias","og_description":"Prorroga\u00e7\u00e3o come\u00e7a a valer a partir desta quarta-feira A For\u00e7a-Tarefa da Advocacia-Geral da Uni\u00e3o (AGU) em Defesa da Amaz\u00f4nia vai atuar por mais um ano em a\u00e7\u00f5es na defesa da regi\u00e3o. A portaria com a medida est\u00e1 publicada no Di\u00e1rio Oficial da Uni\u00e3o\u00a0desta quarta-feira (24) e diz que prorroga\u00e7\u00e3o come\u00e7a a valer a partir de [&hellip;]","og_url":"https:\/\/jornalfatosenoticias.com.br\/index.php\/2021\/03\/24\/forca-tarefa-da-agu-vai-atuar-por-mais-um-ano-em-defesa-da-amazonia\/","og_site_name":"Jornal Fatos e Not\u00edcias","article_published_time":"2021-03-24T14:41:22+00:00","article_modified_time":"2021-03-24T14:41:27+00:00","og_image":[{"width":1000,"height":598,"url":"https:\/\/jornalfatosenoticias.com.br\/wp-content\/uploads\/2021\/03\/floresta_amazonica_vista_de_cima.jpg","type":"image\/jpeg"}],"author":"Luzimara Fernandes","twitter_card":"summary_large_image","twitter_misc":{"Escrito por":"Luzimara Fernandes","Est. tempo de leitura":"1 minuto"},"schema":{"@context":"https:\/\/schema.org","@graph":[{"@type":"Article","@id":"https:\/\/jornalfatosenoticias.com.br\/index.php\/2021\/03\/24\/forca-tarefa-da-agu-vai-atuar-por-mais-um-ano-em-defesa-da-amazonia\/#article","isPartOf":{"@id":"https:\/\/jornalfatosenoticias.com.br\/index.php\/2021\/03\/24\/forca-tarefa-da-agu-vai-atuar-por-mais-um-ano-em-defesa-da-amazonia\/"},"author":{"name":"Luzimara Fernandes","@id":"https:\/\/jornalfatosenoticias.com.br\/#\/schema\/person\/d63837fa13ac8666eb9e74e0985d6f81"},"headline":"For\u00e7a-tarefa da AGU vai atuar por mais um ano em defesa da Amaz\u00f4nia","datePublished":"2021-03-24T14:41:22+00:00","dateModified":"2021-03-24T14:41:27+00:00","mainEntityOfPage":{"@id":"https:\/\/jornalfatosenoticias.com.br\/index.php\/2021\/03\/24\/forca-tarefa-da-agu-vai-atuar-por-mais-um-ano-em-defesa-da-amazonia\/"},"wordCount":266,"commentCount":0,"publisher":{"@id":"https:\/\/jornalfatosenoticias.com.br\/#organization"},"image":{"@id":"https:\/\/jornalfatosenoticias.com.br\/index.php\/2021\/03\/24\/forca-tarefa-da-agu-vai-atuar-por-mais-um-ano-em-defesa-da-amazonia\/#primaryimage"},"thumbnailUrl":"https:\/\/jornalfatosenoticias.com.br\/wp-content\/uploads\/2021\/03\/floresta_amazonica_vista_de_cima.jpg","keywords":["AGU","amaz\u00f4nia","Di\u00e1rio Oficial da Uni\u00e3o","for\u00e7a-tarefa","infratores ambientais"],"articleSection":["Geral"],"inLanguage":"pt-BR","potentialAction":[{"@type":"CommentAction","name":"Comment","target":["https:\/\/jornalfatosenoticias.com.br\/index.php\/2021\/03\/24\/forca-tarefa-da-agu-vai-atuar-por-mais-um-ano-em-defesa-da-amazonia\/#respond"]}]},{"@type":"WebPage","@id":"https:\/\/jornalfatosenoticias.com.br\/index.php\/2021\/03\/24\/forca-tarefa-da-agu-vai-atuar-por-mais-um-ano-em-defesa-da-amazonia\/","url":"https:\/\/jornalfatosenoticias.com.br\/index.php\/2021\/03\/24\/forca-tarefa-da-agu-vai-atuar-por-mais-um-ano-em-defesa-da-amazonia\/","name":"For\u00e7a-tarefa da AGU vai atuar por mais um ano em defesa da Amaz\u00f4nia - Jornal Fatos e Not\u00edcias","isPartOf":{"@id":"https:\/\/jornalfatosenoticias.com.br\/#website"},"primaryImageOfPage":{"@id":"https:\/\/jornalfatosenoticias.com.br\/index.php\/2021\/03\/24\/forca-tarefa-da-agu-vai-atuar-por-mais-um-ano-em-defesa-da-amazonia\/#primaryimage"},"image":{"@id":"https:\/\/jornalfatosenoticias.com.br\/index.php\/2021\/03\/24\/forca-tarefa-da-agu-vai-atuar-por-mais-um-ano-em-defesa-da-amazonia\/#primaryimage"},"thumbnailUrl":"https:\/\/jornalfatosenoticias.com.br\/wp-content\/uploads\/2021\/03\/floresta_amazonica_vista_de_cima.jpg","datePublished":"2021-03-24T14:41:22+00:00","dateModified":"2021-03-24T14:41:27+00:00","breadcrumb":{"@id":"https:\/\/jornalfatosenoticias.com.br\/index.php\/2021\/03\/24\/forca-tarefa-da-agu-vai-atuar-por-mais-um-ano-em-defesa-da-amazonia\/#breadcrumb"},"inLanguage":"pt-BR","potentialAction":[{"@type":"ReadAction","target":["https:\/\/jornalfatosenoticias.com.br\/index.php\/2021\/03\/24\/forca-tarefa-da-agu-vai-atuar-por-mais-um-ano-em-defesa-da-amazonia\/"]}]},{"@type":"ImageObject","inLanguage":"pt-BR","@id":"https:\/\/jornalfatosenoticias.com.br\/index.php\/2021\/03\/24\/forca-tarefa-da-agu-vai-atuar-por-mais-um-ano-em-defesa-da-amazonia\/#primaryimage","url":"https:\/\/jornalfatosenoticias.com.br\/wp-content\/uploads\/2021\/03\/floresta_amazonica_vista_de_cima.jpg","contentUrl":"https:\/\/jornalfatosenoticias.com.br\/wp-content\/uploads\/2021\/03\/floresta_amazonica_vista_de_cima.jpg","width":1000,"height":598},{"@type":"BreadcrumbList","@id":"https:\/\/jornalfatosenoticias.com.br\/index.php\/2021\/03\/24\/forca-tarefa-da-agu-vai-atuar-por-mais-um-ano-em-defesa-da-amazonia\/#breadcrumb","itemListElement":[{"@type":"ListItem","position":1,"name":"In\u00edcio","item":"https:\/\/jornalfatosenoticias.com.br\/"},{"@type":"ListItem","position":2,"name":"For\u00e7a-tarefa da AGU vai atuar por mais um ano em defesa da Amaz\u00f4nia"}]},{"@type":"WebSite","@id":"https:\/\/jornalfatosenoticias.com.br\/#website","url":"https:\/\/jornalfatosenoticias.com.br\/","name":"Jornal Fatos e Not\u00edcias","description":"Not\u00edcias em geral","publisher":{"@id":"https:\/\/jornalfatosenoticias.com.br\/#organization"},"potentialAction":[{"@type":"SearchAction","target":{"@type":"EntryPoint","urlTemplate":"https:\/\/jornalfatosenoticias.com.br\/?s={search_term_string}"},"query-input":{"@type":"PropertyValueSpecification","valueRequired":true,"valueName":"search_term_string"}}],"inLanguage":"pt-BR"},{"@type":"Organization","@id":"https:\/\/jornalfatosenoticias.com.br\/#organization","name":"Jornal Fatos e Not\u00edcias","url":"https:\/\/jornalfatosenoticias.com.br\/","logo":{"@type":"ImageObject","inLanguage":"pt-BR","@id":"https:\/\/jornalfatosenoticias.com.br\/#\/schema\/logo\/image\/","url":"https:\/\/jornalfatosenoticias.com.br\/wp-content\/uploads\/2020\/02\/logo120.png","contentUrl":"https:\/\/jornalfatosenoticias.com.br\/wp-content\/uploads\/2020\/02\/logo120.png","width":1227,"height":120,"caption":"Jornal Fatos e Not\u00edcias"},"image":{"@id":"https:\/\/jornalfatosenoticias.com.br\/#\/schema\/logo\/image\/"}},{"@type":"Person","@id":"https:\/\/jornalfatosenoticias.com.br\/#\/schema\/person\/d63837fa13ac8666eb9e74e0985d6f81","name":"Luzimara Fernandes","image":{"@type":"ImageObject","inLanguage":"pt-BR","@id":"https:\/\/jornalfatosenoticias.com.br\/#\/schema\/person\/image\/","url":"https:\/\/jornalfatosenoticias.com.br\/wp-content\/uploads\/2025\/05\/EU_portal.jpg","contentUrl":"https:\/\/jornalfatosenoticias.com.br\/wp-content\/uploads\/2025\/05\/EU_portal.jpg","caption":"Luzimara Fernandes"},"description":"Jornalista MTB 2358-ES","sameAs":["https:\/\/jornalfatosenoticias.com.br"],"url":"https:\/\/jornalfatosenoticias.com.br\/index.php\/author\/luzimara\/"}]}},"cc_featured_image_caption":{"caption_text":"(Foto: Divulga\u00e7\u00e3o\/TV Brasil)","source_text":"","source_url":""},"jetpack_featured_media_url":"https:\/\/jornalfatosenoticias.com.br\/wp-content\/uploads\/2021\/03\/floresta_amazonica_vista_de_cima.jpg","_links":{"self":[{"href":"https:\/\/jornalfatosenoticias.com.br\/index.php\/wp-json\/wp\/v2\/posts\/16179","targetHints":{"allow":["GET"]}}],"collection":[{"href":"https:\/\/jornalfatosenoticias.com.br\/index.php\/wp-json\/wp\/v2\/posts"}],"about":[{"href":"https:\/\/jornalfatosenoticias.com.br\/index.php\/wp-json\/wp\/v2\/types\/post"}],"author":[{"embeddable":true,"href":"https:\/\/jornalfatosenoticias.com.br\/index.php\/wp-json\/wp\/v2\/users\/2"}],"replies":[{"embeddable":true,"href":"https:\/\/jornalfatosenoticias.com.br\/index.php\/wp-json\/wp\/v2\/comments?post=16179"}],"version-history":[{"count":0,"href":"https:\/\/jornalfatosenoticias.com.br\/index.php\/wp-json\/wp\/v2\/posts\/16179\/revisions"}],"wp:featuredmedia":[{"embeddable":true,"href":"https:\/\/jornalfatosenoticias.com.br\/index.php\/wp-json\/wp\/v2\/media\/16180"}],"wp:attachment":[{"href":"https:\/\/jornalfatosenoticias.com.br\/index.php\/wp-json\/wp\/v2\/media?parent=16179"}],"wp:term":[{"taxonomy":"category","embeddable":true,"href":"https:\/\/jornalfatosenoticias.com.br\/index.php\/wp-json\/wp\/v2\/categories?post=16179"},{"taxonomy":"post_tag","embeddable":true,"href":"https:\/\/jornalfatosenoticias.com.br\/index.php\/wp-json\/wp\/v2\/tags?post=16179"}],"curies":[{"name":"wp","href":"https:\/\/api.w.org\/{rel}","templated":true}]}}