{"id":16204,"date":"2021-03-24T14:09:52","date_gmt":"2021-03-24T17:09:52","guid":{"rendered":"https:\/\/jornalfatosenoticias.com.br\/?p=16204"},"modified":"2021-03-24T14:09:58","modified_gmt":"2021-03-24T17:09:58","slug":"dia-mundial-de-combate-a-tuberculose-conheca-a-doenca","status":"publish","type":"post","link":"https:\/\/jornalfatosenoticias.com.br\/index.php\/2021\/03\/24\/dia-mundial-de-combate-a-tuberculose-conheca-a-doenca\/","title":{"rendered":"Dia Mundial de Combate \u00e0 Tuberculose: conhe\u00e7a a doen\u00e7a"},"content":{"rendered":"\n<h6 class=\"wp-block-heading\"><em>A tuberculose mata mais de quatro mil pessoas por ano no Brasil, mas tem cura. Fique atento!<\/em><\/h6>\n\n\n\n<p><strong>Hoje, dia 24 de mar\u00e7o, \u00e9 reconhecido como o Dia Mundial de Combate \u00e0 Tuberculose<\/strong>. A data foi criada em 1982 pela Organiza\u00e7\u00e3o Mundial da Sa\u00fade (OMS) em homenagem aos 100 anos da descoberta feita pelo m\u00e9dico Robert Koch do micro-organismo causador da tuberculose. O objetivo da data \u00e9 conscientizar a popula\u00e7\u00e3o mundial sobre a import\u00e2ncia da preven\u00e7\u00e3o da tuberculose.<br>Segundo o Minist\u00e9rio da Sa\u00fade, apesar de existir tratamento e cura para a doen\u00e7a, s\u00e3o notificados aproximadamente 70 mil novos casos e cerca de 4,5 mil mortes em decorr\u00eancia da tuberculose todo ano no Brasil.<\/p>\n\n\n\n<h4 class=\"wp-block-heading\">Entenda a doen\u00e7a e saiba como se prevenir a seguir<\/h4>\n\n\n\n<p><strong>O que \u00e9 a tuberculose?<br><\/strong>A tuberculose \u00e9 uma doen\u00e7a infecciosa e transmiss\u00edvel causada pelo Mycobacterium tuberculosis ou bacilo de Koch que afeta principalmente os pulm\u00f5es, mas pode atingir outras \u00e1reas do corpo, como os ossos.<br>A tuberculose pulmonar atrai mais aten\u00e7\u00e3o das entidades de sa\u00fade p\u00fablica pois, al\u00e9m de ser mais comum, \u00e9 a principal respons\u00e1vel pela transmiss\u00e3o da doen\u00e7a.<\/p>\n\n\n\n<h4 class=\"wp-block-heading\">Sintomas da doen\u00e7a<\/h4>\n\n\n\n<p>O principal sintoma da tuberculose \u00e9 a tosse persistente (seca ou com secre\u00e7\u00e3o). Por isso, toda pessoa com tosse por tr\u00eas semanas ou mais deve procurar um m\u00e9dico mesmo que n\u00e3o apresente outros sintomas, j\u00e1 que pode estar transmitindo a doen\u00e7a para as pessoas com quem convive.<\/p>\n\n\n\n<h4 class=\"wp-block-heading\">Os outros sintomas s\u00e3o<\/h4>\n\n\n\n<ul class=\"wp-block-list\"><li>cansa\u00e7o excessivo;<\/li><li>febre baixa, geralmente no per\u00edodo da tarde;<\/li><li>suor noturno;<\/li><li>falta de apetite e emagrecimento r\u00e1pido;<\/li><li>rouquid\u00e3o.<\/li><\/ul>\n\n\n\n<h4 class=\"wp-block-heading\">Formas de transmiss\u00e3o da tuberculose<\/h4>\n\n\n\n<p>A transmiss\u00e3o da tuberculose \u00e9 feita de pessoa para pessoa. O infectado expele pequenas got\u00edculas de saliva ao falar ou tossir que podem contaminar outro indiv\u00edduo.<br>Por\u00e9m, o Mycobacterium tuberculosis \u00e9 sens\u00edvel \u00e0 luz solar e a circula\u00e7\u00e3o de ar ajuda a dispersar as got\u00edculas infectantes. Dessa forma, ambientes ventilados e com luz solar diminuem o risco de transmiss\u00e3o.<\/p>\n\n\n\n<h4 class=\"wp-block-heading\">Preven\u00e7\u00e3o e tratamento<\/h4>\n\n\n\n<p>A principal forma de preven\u00e7\u00e3o da tuberculose em crian\u00e7as \u00e9 com a vacina BCG, que deve ser dada \u00e0s crian\u00e7as ao nascer ou at\u00e9 os quatro anos, onze meses e 29 dias de idade.<br>A vacina BCG protege os pequenos das formas mais graves da doen\u00e7a, como a tuberculose miliar e a men\u00edngea. A vacina \u00e9 ofertada gratuitamente no Sistema \u00danico de Sa\u00fade (SUS) nas unidades b\u00e1sicas de sa\u00fade e maternidades.<br>J\u00e1 para adolescentes e adultos, o ideal \u00e9, al\u00e9m de evitar ambientes fechados sem luz natural direta, obter o diagn\u00f3stico precoce e iniciar o tratamento o mais r\u00e1pido poss\u00edvel, pois com 15 dias de tratamento o indiv\u00edduo n\u00e3o transmite mais a doen\u00e7a.<br>Apesar disso, o tratamento deve ser feito por, no m\u00ednimo, seis meses, de acordo com a orienta\u00e7\u00e3o m\u00e9dica. Para n\u00e3o ter complica\u00e7\u00f5es futuras, mesmo com o paciente se sentindo bem, o tratamento s\u00f3 termina quando o m\u00e9dico confirmar a cura total.<\/p>\n\n\n\n<p><em><strong>Foto: <\/strong>Blog da Sa\u00fade\/Minist\u00e9rio da Sa\u00fade<\/em><\/p>\n\n\n\n<p><strong><em>Fonte: <a href=\"https:\/\/www.selecoes.com.br\/saude-bem-estar\/dia-mundial-de-combate-a-tuberculose-conheca-a-doenca\/?origem=terra\">Sele\u00e7\u00f5es<\/a><\/em><\/strong><\/p>\n","protected":false},"excerpt":{"rendered":"<p>A tuberculose mata mais de quatro mil pessoas por ano no Brasil, mas tem cura. Fique atento! Hoje, dia 24 de mar\u00e7o, \u00e9 reconhecido como o Dia Mundial de Combate \u00e0 Tuberculose. A data foi criada em 1982 pela Organiza\u00e7\u00e3o Mundial da Sa\u00fade (OMS) em homenagem aos 100 anos da descoberta feita pelo m\u00e9dico Robert [&hellip;]<\/p>\n","protected":false},"author":2,"featured_media":16205,"comment_status":"open","ping_status":"open","sticky":false,"template":"","format":"standard","meta":{"footnotes":""},"categories":[11],"tags":[8187,265,74,1120,1807],"class_list":["post-16204","post","type-post","status-publish","format-standard","has-post-thumbnail","hentry","category-saude","tag-dia-mundial-de-combate-a-tuberculose","tag-prevencao","tag-saude","tag-tratamento","tag-tuberculose"],"yoast_head":"<!-- This site is optimized with the Yoast SEO plugin v26.5 - https:\/\/yoast.com\/wordpress\/plugins\/seo\/ -->\n<title>Dia Mundial de Combate \u00e0 Tuberculose: conhe\u00e7a a doen\u00e7a - Jornal Fatos e Not\u00edcias<\/title>\n<meta name=\"robots\" content=\"index, follow, max-snippet:-1, max-image-preview:large, max-video-preview:-1\" \/>\n<link rel=\"canonical\" href=\"https:\/\/jornalfatosenoticias.com.br\/index.php\/2021\/03\/24\/dia-mundial-de-combate-a-tuberculose-conheca-a-doenca\/\" \/>\n<meta property=\"og:locale\" content=\"pt_BR\" \/>\n<meta property=\"og:type\" content=\"article\" \/>\n<meta property=\"og:title\" content=\"Dia Mundial de Combate \u00e0 Tuberculose: conhe\u00e7a a doen\u00e7a - Jornal Fatos e Not\u00edcias\" \/>\n<meta property=\"og:description\" content=\"A tuberculose mata mais de quatro mil pessoas por ano no Brasil, mas tem cura. Fique atento! Hoje, dia 24 de mar\u00e7o, \u00e9 reconhecido como o Dia Mundial de Combate \u00e0 Tuberculose. A data foi criada em 1982 pela Organiza\u00e7\u00e3o Mundial da Sa\u00fade (OMS) em homenagem aos 100 anos da descoberta feita pelo m\u00e9dico Robert [&hellip;]\" \/>\n<meta property=\"og:url\" content=\"https:\/\/jornalfatosenoticias.com.br\/index.php\/2021\/03\/24\/dia-mundial-de-combate-a-tuberculose-conheca-a-doenca\/\" \/>\n<meta property=\"og:site_name\" content=\"Jornal Fatos e Not\u00edcias\" \/>\n<meta property=\"article:published_time\" content=\"2021-03-24T17:09:52+00:00\" \/>\n<meta property=\"article:modified_time\" content=\"2021-03-24T17:09:58+00:00\" \/>\n<meta property=\"og:image\" content=\"https:\/\/jornalfatosenoticias.com.br\/wp-content\/uploads\/2021\/03\/DIA-MUNDIAL-DA-TUBERCULOSO.jpg\" \/>\n\t<meta property=\"og:image:width\" content=\"1000\" \/>\n\t<meta property=\"og:image:height\" content=\"500\" \/>\n\t<meta property=\"og:image:type\" content=\"image\/jpeg\" \/>\n<meta name=\"author\" content=\"Luzimara Fernandes\" \/>\n<meta name=\"twitter:card\" content=\"summary_large_image\" \/>\n<meta name=\"twitter:label1\" content=\"Escrito por\" \/>\n\t<meta name=\"twitter:data1\" content=\"Luzimara Fernandes\" \/>\n\t<meta name=\"twitter:label2\" content=\"Est. tempo de leitura\" \/>\n\t<meta name=\"twitter:data2\" content=\"3 minutos\" \/>\n<script type=\"application\/ld+json\" class=\"yoast-schema-graph\">{\"@context\":\"https:\/\/schema.org\",\"@graph\":[{\"@type\":\"Article\",\"@id\":\"https:\/\/jornalfatosenoticias.com.br\/index.php\/2021\/03\/24\/dia-mundial-de-combate-a-tuberculose-conheca-a-doenca\/#article\",\"isPartOf\":{\"@id\":\"https:\/\/jornalfatosenoticias.com.br\/index.php\/2021\/03\/24\/dia-mundial-de-combate-a-tuberculose-conheca-a-doenca\/\"},\"author\":{\"name\":\"Luzimara Fernandes\",\"@id\":\"https:\/\/jornalfatosenoticias.com.br\/#\/schema\/person\/d63837fa13ac8666eb9e74e0985d6f81\"},\"headline\":\"Dia Mundial de Combate \u00e0 Tuberculose: conhe\u00e7a a doen\u00e7a\",\"datePublished\":\"2021-03-24T17:09:52+00:00\",\"dateModified\":\"2021-03-24T17:09:58+00:00\",\"mainEntityOfPage\":{\"@id\":\"https:\/\/jornalfatosenoticias.com.br\/index.php\/2021\/03\/24\/dia-mundial-de-combate-a-tuberculose-conheca-a-doenca\/\"},\"wordCount\":544,\"commentCount\":0,\"publisher\":{\"@id\":\"https:\/\/jornalfatosenoticias.com.br\/#organization\"},\"image\":{\"@id\":\"https:\/\/jornalfatosenoticias.com.br\/index.php\/2021\/03\/24\/dia-mundial-de-combate-a-tuberculose-conheca-a-doenca\/#primaryimage\"},\"thumbnailUrl\":\"https:\/\/jornalfatosenoticias.com.br\/wp-content\/uploads\/2021\/03\/DIA-MUNDIAL-DA-TUBERCULOSO.jpg\",\"keywords\":[\"Dia Mundial de Combate \u00e0 Tuberculose\",\"preven\u00e7\u00e3o\",\"sa\u00fade\",\"tratamento\",\"tuberculose\"],\"articleSection\":[\"Sa\u00fade\"],\"inLanguage\":\"pt-BR\",\"potentialAction\":[{\"@type\":\"CommentAction\",\"name\":\"Comment\",\"target\":[\"https:\/\/jornalfatosenoticias.com.br\/index.php\/2021\/03\/24\/dia-mundial-de-combate-a-tuberculose-conheca-a-doenca\/#respond\"]}]},{\"@type\":\"WebPage\",\"@id\":\"https:\/\/jornalfatosenoticias.com.br\/index.php\/2021\/03\/24\/dia-mundial-de-combate-a-tuberculose-conheca-a-doenca\/\",\"url\":\"https:\/\/jornalfatosenoticias.com.br\/index.php\/2021\/03\/24\/dia-mundial-de-combate-a-tuberculose-conheca-a-doenca\/\",\"name\":\"Dia Mundial de Combate \u00e0 Tuberculose: conhe\u00e7a a doen\u00e7a - Jornal Fatos e Not\u00edcias\",\"isPartOf\":{\"@id\":\"https:\/\/jornalfatosenoticias.com.br\/#website\"},\"primaryImageOfPage\":{\"@id\":\"https:\/\/jornalfatosenoticias.com.br\/index.php\/2021\/03\/24\/dia-mundial-de-combate-a-tuberculose-conheca-a-doenca\/#primaryimage\"},\"image\":{\"@id\":\"https:\/\/jornalfatosenoticias.com.br\/index.php\/2021\/03\/24\/dia-mundial-de-combate-a-tuberculose-conheca-a-doenca\/#primaryimage\"},\"thumbnailUrl\":\"https:\/\/jornalfatosenoticias.com.br\/wp-content\/uploads\/2021\/03\/DIA-MUNDIAL-DA-TUBERCULOSO.jpg\",\"datePublished\":\"2021-03-24T17:09:52+00:00\",\"dateModified\":\"2021-03-24T17:09:58+00:00\",\"breadcrumb\":{\"@id\":\"https:\/\/jornalfatosenoticias.com.br\/index.php\/2021\/03\/24\/dia-mundial-de-combate-a-tuberculose-conheca-a-doenca\/#breadcrumb\"},\"inLanguage\":\"pt-BR\",\"potentialAction\":[{\"@type\":\"ReadAction\",\"target\":[\"https:\/\/jornalfatosenoticias.com.br\/index.php\/2021\/03\/24\/dia-mundial-de-combate-a-tuberculose-conheca-a-doenca\/\"]}]},{\"@type\":\"ImageObject\",\"inLanguage\":\"pt-BR\",\"@id\":\"https:\/\/jornalfatosenoticias.com.br\/index.php\/2021\/03\/24\/dia-mundial-de-combate-a-tuberculose-conheca-a-doenca\/#primaryimage\",\"url\":\"https:\/\/jornalfatosenoticias.com.br\/wp-content\/uploads\/2021\/03\/DIA-MUNDIAL-DA-TUBERCULOSO.jpg\",\"contentUrl\":\"https:\/\/jornalfatosenoticias.com.br\/wp-content\/uploads\/2021\/03\/DIA-MUNDIAL-DA-TUBERCULOSO.jpg\",\"width\":1000,\"height\":500},{\"@type\":\"BreadcrumbList\",\"@id\":\"https:\/\/jornalfatosenoticias.com.br\/index.php\/2021\/03\/24\/dia-mundial-de-combate-a-tuberculose-conheca-a-doenca\/#breadcrumb\",\"itemListElement\":[{\"@type\":\"ListItem\",\"position\":1,\"name\":\"In\u00edcio\",\"item\":\"https:\/\/jornalfatosenoticias.com.br\/\"},{\"@type\":\"ListItem\",\"position\":2,\"name\":\"Dia Mundial de Combate \u00e0 Tuberculose: conhe\u00e7a a doen\u00e7a\"}]},{\"@type\":\"WebSite\",\"@id\":\"https:\/\/jornalfatosenoticias.com.br\/#website\",\"url\":\"https:\/\/jornalfatosenoticias.com.br\/\",\"name\":\"Jornal Fatos e Not\u00edcias\",\"description\":\"Not\u00edcias em geral\",\"publisher\":{\"@id\":\"https:\/\/jornalfatosenoticias.com.br\/#organization\"},\"potentialAction\":[{\"@type\":\"SearchAction\",\"target\":{\"@type\":\"EntryPoint\",\"urlTemplate\":\"https:\/\/jornalfatosenoticias.com.br\/?s={search_term_string}\"},\"query-input\":{\"@type\":\"PropertyValueSpecification\",\"valueRequired\":true,\"valueName\":\"search_term_string\"}}],\"inLanguage\":\"pt-BR\"},{\"@type\":\"Organization\",\"@id\":\"https:\/\/jornalfatosenoticias.com.br\/#organization\",\"name\":\"Jornal Fatos e Not\u00edcias\",\"url\":\"https:\/\/jornalfatosenoticias.com.br\/\",\"logo\":{\"@type\":\"ImageObject\",\"inLanguage\":\"pt-BR\",\"@id\":\"https:\/\/jornalfatosenoticias.com.br\/#\/schema\/logo\/image\/\",\"url\":\"https:\/\/jornalfatosenoticias.com.br\/wp-content\/uploads\/2020\/02\/logo120.png\",\"contentUrl\":\"https:\/\/jornalfatosenoticias.com.br\/wp-content\/uploads\/2020\/02\/logo120.png\",\"width\":1227,\"height\":120,\"caption\":\"Jornal Fatos e Not\u00edcias\"},\"image\":{\"@id\":\"https:\/\/jornalfatosenoticias.com.br\/#\/schema\/logo\/image\/\"}},{\"@type\":\"Person\",\"@id\":\"https:\/\/jornalfatosenoticias.com.br\/#\/schema\/person\/d63837fa13ac8666eb9e74e0985d6f81\",\"name\":\"Luzimara Fernandes\",\"image\":{\"@type\":\"ImageObject\",\"inLanguage\":\"pt-BR\",\"@id\":\"https:\/\/jornalfatosenoticias.com.br\/#\/schema\/person\/image\/\",\"url\":\"https:\/\/jornalfatosenoticias.com.br\/wp-content\/uploads\/2025\/05\/EU_portal.jpg\",\"contentUrl\":\"https:\/\/jornalfatosenoticias.com.br\/wp-content\/uploads\/2025\/05\/EU_portal.jpg\",\"caption\":\"Luzimara Fernandes\"},\"description\":\"Jornalista MTB 2358-ES\",\"sameAs\":[\"https:\/\/jornalfatosenoticias.com.br\"],\"url\":\"https:\/\/jornalfatosenoticias.com.br\/index.php\/author\/luzimara\/\"}]}<\/script>\n<!-- \/ Yoast SEO plugin. -->","yoast_head_json":{"title":"Dia Mundial de Combate \u00e0 Tuberculose: conhe\u00e7a a doen\u00e7a - Jornal Fatos e Not\u00edcias","robots":{"index":"index","follow":"follow","max-snippet":"max-snippet:-1","max-image-preview":"max-image-preview:large","max-video-preview":"max-video-preview:-1"},"canonical":"https:\/\/jornalfatosenoticias.com.br\/index.php\/2021\/03\/24\/dia-mundial-de-combate-a-tuberculose-conheca-a-doenca\/","og_locale":"pt_BR","og_type":"article","og_title":"Dia Mundial de Combate \u00e0 Tuberculose: conhe\u00e7a a doen\u00e7a - Jornal Fatos e Not\u00edcias","og_description":"A tuberculose mata mais de quatro mil pessoas por ano no Brasil, mas tem cura. Fique atento! Hoje, dia 24 de mar\u00e7o, \u00e9 reconhecido como o Dia Mundial de Combate \u00e0 Tuberculose. A data foi criada em 1982 pela Organiza\u00e7\u00e3o Mundial da Sa\u00fade (OMS) em homenagem aos 100 anos da descoberta feita pelo m\u00e9dico Robert [&hellip;]","og_url":"https:\/\/jornalfatosenoticias.com.br\/index.php\/2021\/03\/24\/dia-mundial-de-combate-a-tuberculose-conheca-a-doenca\/","og_site_name":"Jornal Fatos e Not\u00edcias","article_published_time":"2021-03-24T17:09:52+00:00","article_modified_time":"2021-03-24T17:09:58+00:00","og_image":[{"width":1000,"height":500,"url":"https:\/\/jornalfatosenoticias.com.br\/wp-content\/uploads\/2021\/03\/DIA-MUNDIAL-DA-TUBERCULOSO.jpg","type":"image\/jpeg"}],"author":"Luzimara Fernandes","twitter_card":"summary_large_image","twitter_misc":{"Escrito por":"Luzimara Fernandes","Est. tempo de leitura":"3 minutos"},"schema":{"@context":"https:\/\/schema.org","@graph":[{"@type":"Article","@id":"https:\/\/jornalfatosenoticias.com.br\/index.php\/2021\/03\/24\/dia-mundial-de-combate-a-tuberculose-conheca-a-doenca\/#article","isPartOf":{"@id":"https:\/\/jornalfatosenoticias.com.br\/index.php\/2021\/03\/24\/dia-mundial-de-combate-a-tuberculose-conheca-a-doenca\/"},"author":{"name":"Luzimara Fernandes","@id":"https:\/\/jornalfatosenoticias.com.br\/#\/schema\/person\/d63837fa13ac8666eb9e74e0985d6f81"},"headline":"Dia Mundial de Combate \u00e0 Tuberculose: conhe\u00e7a a doen\u00e7a","datePublished":"2021-03-24T17:09:52+00:00","dateModified":"2021-03-24T17:09:58+00:00","mainEntityOfPage":{"@id":"https:\/\/jornalfatosenoticias.com.br\/index.php\/2021\/03\/24\/dia-mundial-de-combate-a-tuberculose-conheca-a-doenca\/"},"wordCount":544,"commentCount":0,"publisher":{"@id":"https:\/\/jornalfatosenoticias.com.br\/#organization"},"image":{"@id":"https:\/\/jornalfatosenoticias.com.br\/index.php\/2021\/03\/24\/dia-mundial-de-combate-a-tuberculose-conheca-a-doenca\/#primaryimage"},"thumbnailUrl":"https:\/\/jornalfatosenoticias.com.br\/wp-content\/uploads\/2021\/03\/DIA-MUNDIAL-DA-TUBERCULOSO.jpg","keywords":["Dia Mundial de Combate \u00e0 Tuberculose","preven\u00e7\u00e3o","sa\u00fade","tratamento","tuberculose"],"articleSection":["Sa\u00fade"],"inLanguage":"pt-BR","potentialAction":[{"@type":"CommentAction","name":"Comment","target":["https:\/\/jornalfatosenoticias.com.br\/index.php\/2021\/03\/24\/dia-mundial-de-combate-a-tuberculose-conheca-a-doenca\/#respond"]}]},{"@type":"WebPage","@id":"https:\/\/jornalfatosenoticias.com.br\/index.php\/2021\/03\/24\/dia-mundial-de-combate-a-tuberculose-conheca-a-doenca\/","url":"https:\/\/jornalfatosenoticias.com.br\/index.php\/2021\/03\/24\/dia-mundial-de-combate-a-tuberculose-conheca-a-doenca\/","name":"Dia Mundial de Combate \u00e0 Tuberculose: conhe\u00e7a a doen\u00e7a - Jornal Fatos e Not\u00edcias","isPartOf":{"@id":"https:\/\/jornalfatosenoticias.com.br\/#website"},"primaryImageOfPage":{"@id":"https:\/\/jornalfatosenoticias.com.br\/index.php\/2021\/03\/24\/dia-mundial-de-combate-a-tuberculose-conheca-a-doenca\/#primaryimage"},"image":{"@id":"https:\/\/jornalfatosenoticias.com.br\/index.php\/2021\/03\/24\/dia-mundial-de-combate-a-tuberculose-conheca-a-doenca\/#primaryimage"},"thumbnailUrl":"https:\/\/jornalfatosenoticias.com.br\/wp-content\/uploads\/2021\/03\/DIA-MUNDIAL-DA-TUBERCULOSO.jpg","datePublished":"2021-03-24T17:09:52+00:00","dateModified":"2021-03-24T17:09:58+00:00","breadcrumb":{"@id":"https:\/\/jornalfatosenoticias.com.br\/index.php\/2021\/03\/24\/dia-mundial-de-combate-a-tuberculose-conheca-a-doenca\/#breadcrumb"},"inLanguage":"pt-BR","potentialAction":[{"@type":"ReadAction","target":["https:\/\/jornalfatosenoticias.com.br\/index.php\/2021\/03\/24\/dia-mundial-de-combate-a-tuberculose-conheca-a-doenca\/"]}]},{"@type":"ImageObject","inLanguage":"pt-BR","@id":"https:\/\/jornalfatosenoticias.com.br\/index.php\/2021\/03\/24\/dia-mundial-de-combate-a-tuberculose-conheca-a-doenca\/#primaryimage","url":"https:\/\/jornalfatosenoticias.com.br\/wp-content\/uploads\/2021\/03\/DIA-MUNDIAL-DA-TUBERCULOSO.jpg","contentUrl":"https:\/\/jornalfatosenoticias.com.br\/wp-content\/uploads\/2021\/03\/DIA-MUNDIAL-DA-TUBERCULOSO.jpg","width":1000,"height":500},{"@type":"BreadcrumbList","@id":"https:\/\/jornalfatosenoticias.com.br\/index.php\/2021\/03\/24\/dia-mundial-de-combate-a-tuberculose-conheca-a-doenca\/#breadcrumb","itemListElement":[{"@type":"ListItem","position":1,"name":"In\u00edcio","item":"https:\/\/jornalfatosenoticias.com.br\/"},{"@type":"ListItem","position":2,"name":"Dia Mundial de Combate \u00e0 Tuberculose: conhe\u00e7a a doen\u00e7a"}]},{"@type":"WebSite","@id":"https:\/\/jornalfatosenoticias.com.br\/#website","url":"https:\/\/jornalfatosenoticias.com.br\/","name":"Jornal Fatos e Not\u00edcias","description":"Not\u00edcias em geral","publisher":{"@id":"https:\/\/jornalfatosenoticias.com.br\/#organization"},"potentialAction":[{"@type":"SearchAction","target":{"@type":"EntryPoint","urlTemplate":"https:\/\/jornalfatosenoticias.com.br\/?s={search_term_string}"},"query-input":{"@type":"PropertyValueSpecification","valueRequired":true,"valueName":"search_term_string"}}],"inLanguage":"pt-BR"},{"@type":"Organization","@id":"https:\/\/jornalfatosenoticias.com.br\/#organization","name":"Jornal Fatos e Not\u00edcias","url":"https:\/\/jornalfatosenoticias.com.br\/","logo":{"@type":"ImageObject","inLanguage":"pt-BR","@id":"https:\/\/jornalfatosenoticias.com.br\/#\/schema\/logo\/image\/","url":"https:\/\/jornalfatosenoticias.com.br\/wp-content\/uploads\/2020\/02\/logo120.png","contentUrl":"https:\/\/jornalfatosenoticias.com.br\/wp-content\/uploads\/2020\/02\/logo120.png","width":1227,"height":120,"caption":"Jornal Fatos e Not\u00edcias"},"image":{"@id":"https:\/\/jornalfatosenoticias.com.br\/#\/schema\/logo\/image\/"}},{"@type":"Person","@id":"https:\/\/jornalfatosenoticias.com.br\/#\/schema\/person\/d63837fa13ac8666eb9e74e0985d6f81","name":"Luzimara Fernandes","image":{"@type":"ImageObject","inLanguage":"pt-BR","@id":"https:\/\/jornalfatosenoticias.com.br\/#\/schema\/person\/image\/","url":"https:\/\/jornalfatosenoticias.com.br\/wp-content\/uploads\/2025\/05\/EU_portal.jpg","contentUrl":"https:\/\/jornalfatosenoticias.com.br\/wp-content\/uploads\/2025\/05\/EU_portal.jpg","caption":"Luzimara Fernandes"},"description":"Jornalista MTB 2358-ES","sameAs":["https:\/\/jornalfatosenoticias.com.br"],"url":"https:\/\/jornalfatosenoticias.com.br\/index.php\/author\/luzimara\/"}]}},"cc_featured_image_caption":{"caption_text":"","source_text":"","source_url":""},"jetpack_featured_media_url":"https:\/\/jornalfatosenoticias.com.br\/wp-content\/uploads\/2021\/03\/DIA-MUNDIAL-DA-TUBERCULOSO.jpg","_links":{"self":[{"href":"https:\/\/jornalfatosenoticias.com.br\/index.php\/wp-json\/wp\/v2\/posts\/16204","targetHints":{"allow":["GET"]}}],"collection":[{"href":"https:\/\/jornalfatosenoticias.com.br\/index.php\/wp-json\/wp\/v2\/posts"}],"about":[{"href":"https:\/\/jornalfatosenoticias.com.br\/index.php\/wp-json\/wp\/v2\/types\/post"}],"author":[{"embeddable":true,"href":"https:\/\/jornalfatosenoticias.com.br\/index.php\/wp-json\/wp\/v2\/users\/2"}],"replies":[{"embeddable":true,"href":"https:\/\/jornalfatosenoticias.com.br\/index.php\/wp-json\/wp\/v2\/comments?post=16204"}],"version-history":[{"count":0,"href":"https:\/\/jornalfatosenoticias.com.br\/index.php\/wp-json\/wp\/v2\/posts\/16204\/revisions"}],"wp:featuredmedia":[{"embeddable":true,"href":"https:\/\/jornalfatosenoticias.com.br\/index.php\/wp-json\/wp\/v2\/media\/16205"}],"wp:attachment":[{"href":"https:\/\/jornalfatosenoticias.com.br\/index.php\/wp-json\/wp\/v2\/media?parent=16204"}],"wp:term":[{"taxonomy":"category","embeddable":true,"href":"https:\/\/jornalfatosenoticias.com.br\/index.php\/wp-json\/wp\/v2\/categories?post=16204"},{"taxonomy":"post_tag","embeddable":true,"href":"https:\/\/jornalfatosenoticias.com.br\/index.php\/wp-json\/wp\/v2\/tags?post=16204"}],"curies":[{"name":"wp","href":"https:\/\/api.w.org\/{rel}","templated":true}]}}