{"id":16261,"date":"2021-03-26T09:01:51","date_gmt":"2021-03-26T12:01:51","guid":{"rendered":"https:\/\/jornalfatosenoticias.com.br\/?p=16261"},"modified":"2021-03-26T09:19:52","modified_gmt":"2021-03-26T12:19:52","slug":"butanvac-primeira-vacina-100-nacional-e-anunciada-pelo-butantan","status":"publish","type":"post","link":"https:\/\/jornalfatosenoticias.com.br\/index.php\/2021\/03\/26\/butanvac-primeira-vacina-100-nacional-e-anunciada-pelo-butantan\/","title":{"rendered":"Butanvac: primeira vacina 100% nacional \u00e9 anunciada pelo Butantan"},"content":{"rendered":"\n<p>O Instituto Butantan divulgou na noite desta quinta-feira (25) que pedir\u00e1 \u00e0 Ag\u00eancia Nacional de Vigil\u00e2ncia Sanit\u00e1ria (<a href=\"https:\/\/olhardigital.com.br\/2021\/03\/25\/videos\/vacina-em-dose-unica-janssen-entra-com-pedido-de-uso-emergencial-na-anvisa\/\" target=\"_blank\" rel=\"noreferrer noopener\">Anvisa<\/a>)\u00a0a autoriza\u00e7\u00e3o para in\u00edcio dos testes cl\u00ednicos em humanos da \u201cButanvac\u201d, candidata brasileira \u00e0\u00a0<a href=\"https:\/\/olhardigital.com.br\/2021\/03\/22\/medicina-e-saude\/uniao-quimica-nao-enviou-documentacao-completa-da-sputnik-v-diz-anvisa\/\" target=\"_blank\" rel=\"noreferrer noopener\">vacina contra covid<\/a>.<br>O pedido de autoriza\u00e7\u00e3o \u00e9 referente \u00e0s fases 1 e 2 de testes, o Butantan deve sugerir \u00e0 Anvisa que haja em torno de 1800 volunt\u00e1rios. Caso a vacina seja aprovada para testes de fase 3, outros nove mil indiv\u00edduos receber\u00e3o as doses para estipular sua efic\u00e1cia.<br>A Butanvac foi desenvolvida pelo Instituto Butantan em parceria com um cons\u00f3rcio internacional, do qual o \u00f3rg\u00e3o \u00e9 o principal produtor. Caso a candidata seja aprovada em todos os testes, o <a href=\"https:\/\/olhardigital.com.br\/tag\/instituto-butantan\/\" target=\"_blank\" rel=\"noreferrer noopener\">laborat\u00f3rio<\/a> afirma que poder\u00e1 produzir at\u00e9 40 milh\u00f5es de doses do imunizante at\u00e9 o final do ano.<br>Al\u00e9m desta vacina, o Brasil trabalha em pelo menos outros onze poss\u00edveis imunizantes em diferentes laborat\u00f3rios. No entanto, todos os outros ainda est\u00e3o em est\u00e1gios anteriores de ensaios cl\u00ednicos.<\/p>\n\n\n\n<h4 class=\"wp-block-heading\">Segunda gera\u00e7\u00e3o<\/h4>\n\n\n\n<p>Caso atinja graus aceit\u00e1veis de efic\u00e1cia, a Butanvac ser\u00e1 uma das primeiras vacinas do que o diretor do instituto, <a href=\"https:\/\/olhardigital.com.br\/2021\/03\/10\/medicina-e-saude\/imunizacao-contra-a-covid-19-precisara-ser-periodica-afirma-dimas-covas\/\" target=\"_blank\" rel=\"noreferrer noopener\">Dimas Covas<\/a>, chamou de \u201csegunda gera\u00e7\u00e3o de vacina contra a covid-19\u2033.<br>Segundo ele, estes imunizantes podem ser desenvolvidos e testados mais r\u00e1pido que as primeiras vacinas por j\u00e1 existir um know-how dos laborat\u00f3rios.<\/p>\n\n\n\n<figure class=\"wp-block-image size-large\"><img loading=\"lazy\" decoding=\"async\" width=\"1000\" height=\"225\" src=\"https:\/\/jornalfatosenoticias.com.br\/wp-content\/uploads\/2021\/03\/Vacina-Covid-19-Brasil.jpg\" alt=\"\" class=\"wp-image-16262\" srcset=\"https:\/\/jornalfatosenoticias.com.br\/wp-content\/uploads\/2021\/03\/Vacina-Covid-19-Brasil.jpg 1000w, https:\/\/jornalfatosenoticias.com.br\/wp-content\/uploads\/2021\/03\/Vacina-Covid-19-Brasil-300x68.jpg 300w, https:\/\/jornalfatosenoticias.com.br\/wp-content\/uploads\/2021\/03\/Vacina-Covid-19-Brasil-768x173.jpg 768w\" sizes=\"auto, (max-width: 1000px) 100vw, 1000px\" \/><figcaption><em>Pedido deve ser feito \u00e0 Anvisa j\u00e1 nesta sexta-feira (26) (Foto: Reprodu\u00e7\u00e3o\/Olhar Digital)<\/em><\/figcaption><\/figure>\n\n\n\n<h4 class=\"wp-block-heading\">Coronavac e outras candidatas<\/h4>\n\n\n\n<p>Atualmente, o Instituto Butantan trabalha no envase da vacina Cronavac, desenvolvida pelo laborat\u00f3rio chin\u00eas Sinovac e com insumos importados da China. Mesmo com os planos de ter sua pr\u00f3pria vacina, o instituto paulista n\u00e3o deve o cronograma referente a este imunizante.<br>Entre os outros projetos de vacinas brasileiras, est\u00e3o outros tr\u00eas que tamb\u00e9m s\u00e3o desenvolvidos no Butantan, dois deles em parceria com a Universidade de S\u00e3o Paulo (USP) e um terceiro em conjunto com a Universidade Federal de Minas Gerais (UFMG).<br>A USP tamb\u00e9m trabalha em outros tr\u00eas projetos atrav\u00e9s do seu Instituto de Ci\u00eancias biom\u00e9dicas (ICB) e em um quarto no Instituto do Cora\u00e7\u00e3o (Incor).<br>O Instituto Bio-Manguinhos, ligado \u00e0 funda\u00e7\u00e3o Oswaldo Cruz (Fiocruz), do Rio de Janeiro, trabalha em duas candidatas. Por fim, a Universidade Federal do Paran\u00e1 (UFPR) tamb\u00e9m trabalha em pesquisas para um imunizante.<\/p>\n\n\n\n<p><strong><em>Fonte: <a href=\"https:\/\/olhardigital.com.br\/2021\/03\/26\/coronavirus\/butanvac-vacina-brasileira-esta-pronta-para-testes\/\">Olhar Digital<\/a><\/em><\/strong><\/p>\n","protected":false},"excerpt":{"rendered":"<p>O Instituto Butantan divulgou na noite desta quinta-feira (25) que pedir\u00e1 \u00e0 Ag\u00eancia Nacional de Vigil\u00e2ncia Sanit\u00e1ria (Anvisa)\u00a0a autoriza\u00e7\u00e3o para in\u00edcio dos testes cl\u00ednicos em humanos da \u201cButanvac\u201d, candidata brasileira \u00e0\u00a0vacina contra covid.O pedido de autoriza\u00e7\u00e3o \u00e9 referente \u00e0s fases 1 e 2 de testes, o Butantan deve sugerir \u00e0 Anvisa que haja em torno [&hellip;]<\/p>\n","protected":false},"author":2,"featured_media":16263,"comment_status":"open","ping_status":"open","sticky":false,"template":"","format":"standard","meta":{"footnotes":""},"categories":[11],"tags":[597,8214,2365,8215],"class_list":["post-16261","post","type-post","status-publish","format-standard","has-post-thumbnail","hentry","category-saude","tag-brasil","tag-butanvac","tag-instituto-butantan","tag-vacina-covid-19"],"yoast_head":"<!-- This site is optimized with the Yoast SEO plugin v26.5 - https:\/\/yoast.com\/wordpress\/plugins\/seo\/ -->\n<title>Butanvac: primeira vacina 100% nacional \u00e9 anunciada pelo Butantan - Jornal Fatos e Not\u00edcias<\/title>\n<meta name=\"robots\" content=\"index, follow, max-snippet:-1, max-image-preview:large, max-video-preview:-1\" \/>\n<link rel=\"canonical\" href=\"https:\/\/jornalfatosenoticias.com.br\/index.php\/2021\/03\/26\/butanvac-primeira-vacina-100-nacional-e-anunciada-pelo-butantan\/\" \/>\n<meta property=\"og:locale\" content=\"pt_BR\" \/>\n<meta property=\"og:type\" content=\"article\" \/>\n<meta property=\"og:title\" content=\"Butanvac: primeira vacina 100% nacional \u00e9 anunciada pelo Butantan - Jornal Fatos e Not\u00edcias\" \/>\n<meta property=\"og:description\" content=\"O Instituto Butantan divulgou na noite desta quinta-feira (25) que pedir\u00e1 \u00e0 Ag\u00eancia Nacional de Vigil\u00e2ncia Sanit\u00e1ria (Anvisa)\u00a0a autoriza\u00e7\u00e3o para in\u00edcio dos testes cl\u00ednicos em humanos da \u201cButanvac\u201d, candidata brasileira \u00e0\u00a0vacina contra covid.O pedido de autoriza\u00e7\u00e3o \u00e9 referente \u00e0s fases 1 e 2 de testes, o Butantan deve sugerir \u00e0 Anvisa que haja em torno [&hellip;]\" \/>\n<meta property=\"og:url\" content=\"https:\/\/jornalfatosenoticias.com.br\/index.php\/2021\/03\/26\/butanvac-primeira-vacina-100-nacional-e-anunciada-pelo-butantan\/\" \/>\n<meta property=\"og:site_name\" content=\"Jornal Fatos e Not\u00edcias\" \/>\n<meta property=\"article:published_time\" content=\"2021-03-26T12:01:51+00:00\" \/>\n<meta property=\"article:modified_time\" content=\"2021-03-26T12:19:52+00:00\" \/>\n<meta property=\"og:image\" content=\"https:\/\/jornalfatosenoticias.com.br\/wp-content\/uploads\/2021\/03\/Butanvac_Leonidas-Santana_Shutterstock.jpg\" \/>\n\t<meta property=\"og:image:width\" content=\"1000\" \/>\n\t<meta property=\"og:image:height\" content=\"667\" \/>\n\t<meta property=\"og:image:type\" content=\"image\/jpeg\" \/>\n<meta name=\"author\" content=\"Luzimara Fernandes\" \/>\n<meta name=\"twitter:card\" content=\"summary_large_image\" \/>\n<meta name=\"twitter:label1\" content=\"Escrito por\" \/>\n\t<meta name=\"twitter:data1\" content=\"Luzimara Fernandes\" \/>\n\t<meta name=\"twitter:label2\" content=\"Est. tempo de leitura\" \/>\n\t<meta name=\"twitter:data2\" content=\"2 minutos\" \/>\n<script type=\"application\/ld+json\" class=\"yoast-schema-graph\">{\"@context\":\"https:\/\/schema.org\",\"@graph\":[{\"@type\":\"Article\",\"@id\":\"https:\/\/jornalfatosenoticias.com.br\/index.php\/2021\/03\/26\/butanvac-primeira-vacina-100-nacional-e-anunciada-pelo-butantan\/#article\",\"isPartOf\":{\"@id\":\"https:\/\/jornalfatosenoticias.com.br\/index.php\/2021\/03\/26\/butanvac-primeira-vacina-100-nacional-e-anunciada-pelo-butantan\/\"},\"author\":{\"name\":\"Luzimara Fernandes\",\"@id\":\"https:\/\/jornalfatosenoticias.com.br\/#\/schema\/person\/d63837fa13ac8666eb9e74e0985d6f81\"},\"headline\":\"Butanvac: primeira vacina 100% nacional \u00e9 anunciada pelo Butantan\",\"datePublished\":\"2021-03-26T12:01:51+00:00\",\"dateModified\":\"2021-03-26T12:19:52+00:00\",\"mainEntityOfPage\":{\"@id\":\"https:\/\/jornalfatosenoticias.com.br\/index.php\/2021\/03\/26\/butanvac-primeira-vacina-100-nacional-e-anunciada-pelo-butantan\/\"},\"wordCount\":410,\"commentCount\":0,\"publisher\":{\"@id\":\"https:\/\/jornalfatosenoticias.com.br\/#organization\"},\"image\":{\"@id\":\"https:\/\/jornalfatosenoticias.com.br\/index.php\/2021\/03\/26\/butanvac-primeira-vacina-100-nacional-e-anunciada-pelo-butantan\/#primaryimage\"},\"thumbnailUrl\":\"https:\/\/jornalfatosenoticias.com.br\/wp-content\/uploads\/2021\/03\/Butanvac_Leonidas-Santana_Shutterstock.jpg\",\"keywords\":[\"Brasil\",\"Butanvac\",\"Instituto Butantan\",\"vacina covid-19\"],\"articleSection\":[\"Sa\u00fade\"],\"inLanguage\":\"pt-BR\",\"potentialAction\":[{\"@type\":\"CommentAction\",\"name\":\"Comment\",\"target\":[\"https:\/\/jornalfatosenoticias.com.br\/index.php\/2021\/03\/26\/butanvac-primeira-vacina-100-nacional-e-anunciada-pelo-butantan\/#respond\"]}]},{\"@type\":\"WebPage\",\"@id\":\"https:\/\/jornalfatosenoticias.com.br\/index.php\/2021\/03\/26\/butanvac-primeira-vacina-100-nacional-e-anunciada-pelo-butantan\/\",\"url\":\"https:\/\/jornalfatosenoticias.com.br\/index.php\/2021\/03\/26\/butanvac-primeira-vacina-100-nacional-e-anunciada-pelo-butantan\/\",\"name\":\"Butanvac: primeira vacina 100% nacional \u00e9 anunciada pelo Butantan - Jornal Fatos e Not\u00edcias\",\"isPartOf\":{\"@id\":\"https:\/\/jornalfatosenoticias.com.br\/#website\"},\"primaryImageOfPage\":{\"@id\":\"https:\/\/jornalfatosenoticias.com.br\/index.php\/2021\/03\/26\/butanvac-primeira-vacina-100-nacional-e-anunciada-pelo-butantan\/#primaryimage\"},\"image\":{\"@id\":\"https:\/\/jornalfatosenoticias.com.br\/index.php\/2021\/03\/26\/butanvac-primeira-vacina-100-nacional-e-anunciada-pelo-butantan\/#primaryimage\"},\"thumbnailUrl\":\"https:\/\/jornalfatosenoticias.com.br\/wp-content\/uploads\/2021\/03\/Butanvac_Leonidas-Santana_Shutterstock.jpg\",\"datePublished\":\"2021-03-26T12:01:51+00:00\",\"dateModified\":\"2021-03-26T12:19:52+00:00\",\"breadcrumb\":{\"@id\":\"https:\/\/jornalfatosenoticias.com.br\/index.php\/2021\/03\/26\/butanvac-primeira-vacina-100-nacional-e-anunciada-pelo-butantan\/#breadcrumb\"},\"inLanguage\":\"pt-BR\",\"potentialAction\":[{\"@type\":\"ReadAction\",\"target\":[\"https:\/\/jornalfatosenoticias.com.br\/index.php\/2021\/03\/26\/butanvac-primeira-vacina-100-nacional-e-anunciada-pelo-butantan\/\"]}]},{\"@type\":\"ImageObject\",\"inLanguage\":\"pt-BR\",\"@id\":\"https:\/\/jornalfatosenoticias.com.br\/index.php\/2021\/03\/26\/butanvac-primeira-vacina-100-nacional-e-anunciada-pelo-butantan\/#primaryimage\",\"url\":\"https:\/\/jornalfatosenoticias.com.br\/wp-content\/uploads\/2021\/03\/Butanvac_Leonidas-Santana_Shutterstock.jpg\",\"contentUrl\":\"https:\/\/jornalfatosenoticias.com.br\/wp-content\/uploads\/2021\/03\/Butanvac_Leonidas-Santana_Shutterstock.jpg\",\"width\":1000,\"height\":667},{\"@type\":\"BreadcrumbList\",\"@id\":\"https:\/\/jornalfatosenoticias.com.br\/index.php\/2021\/03\/26\/butanvac-primeira-vacina-100-nacional-e-anunciada-pelo-butantan\/#breadcrumb\",\"itemListElement\":[{\"@type\":\"ListItem\",\"position\":1,\"name\":\"In\u00edcio\",\"item\":\"https:\/\/jornalfatosenoticias.com.br\/\"},{\"@type\":\"ListItem\",\"position\":2,\"name\":\"Butanvac: primeira vacina 100% nacional \u00e9 anunciada pelo Butantan\"}]},{\"@type\":\"WebSite\",\"@id\":\"https:\/\/jornalfatosenoticias.com.br\/#website\",\"url\":\"https:\/\/jornalfatosenoticias.com.br\/\",\"name\":\"Jornal Fatos e Not\u00edcias\",\"description\":\"Not\u00edcias em geral\",\"publisher\":{\"@id\":\"https:\/\/jornalfatosenoticias.com.br\/#organization\"},\"potentialAction\":[{\"@type\":\"SearchAction\",\"target\":{\"@type\":\"EntryPoint\",\"urlTemplate\":\"https:\/\/jornalfatosenoticias.com.br\/?s={search_term_string}\"},\"query-input\":{\"@type\":\"PropertyValueSpecification\",\"valueRequired\":true,\"valueName\":\"search_term_string\"}}],\"inLanguage\":\"pt-BR\"},{\"@type\":\"Organization\",\"@id\":\"https:\/\/jornalfatosenoticias.com.br\/#organization\",\"name\":\"Jornal Fatos e Not\u00edcias\",\"url\":\"https:\/\/jornalfatosenoticias.com.br\/\",\"logo\":{\"@type\":\"ImageObject\",\"inLanguage\":\"pt-BR\",\"@id\":\"https:\/\/jornalfatosenoticias.com.br\/#\/schema\/logo\/image\/\",\"url\":\"https:\/\/jornalfatosenoticias.com.br\/wp-content\/uploads\/2020\/02\/logo120.png\",\"contentUrl\":\"https:\/\/jornalfatosenoticias.com.br\/wp-content\/uploads\/2020\/02\/logo120.png\",\"width\":1227,\"height\":120,\"caption\":\"Jornal Fatos e Not\u00edcias\"},\"image\":{\"@id\":\"https:\/\/jornalfatosenoticias.com.br\/#\/schema\/logo\/image\/\"}},{\"@type\":\"Person\",\"@id\":\"https:\/\/jornalfatosenoticias.com.br\/#\/schema\/person\/d63837fa13ac8666eb9e74e0985d6f81\",\"name\":\"Luzimara Fernandes\",\"image\":{\"@type\":\"ImageObject\",\"inLanguage\":\"pt-BR\",\"@id\":\"https:\/\/jornalfatosenoticias.com.br\/#\/schema\/person\/image\/\",\"url\":\"https:\/\/jornalfatosenoticias.com.br\/wp-content\/uploads\/2025\/05\/EU_portal.jpg\",\"contentUrl\":\"https:\/\/jornalfatosenoticias.com.br\/wp-content\/uploads\/2025\/05\/EU_portal.jpg\",\"caption\":\"Luzimara Fernandes\"},\"description\":\"Jornalista MTB 2358-ES\",\"sameAs\":[\"https:\/\/jornalfatosenoticias.com.br\"],\"url\":\"https:\/\/jornalfatosenoticias.com.br\/index.php\/author\/luzimara\/\"}]}<\/script>\n<!-- \/ Yoast SEO plugin. -->","yoast_head_json":{"title":"Butanvac: primeira vacina 100% nacional \u00e9 anunciada pelo Butantan - Jornal Fatos e Not\u00edcias","robots":{"index":"index","follow":"follow","max-snippet":"max-snippet:-1","max-image-preview":"max-image-preview:large","max-video-preview":"max-video-preview:-1"},"canonical":"https:\/\/jornalfatosenoticias.com.br\/index.php\/2021\/03\/26\/butanvac-primeira-vacina-100-nacional-e-anunciada-pelo-butantan\/","og_locale":"pt_BR","og_type":"article","og_title":"Butanvac: primeira vacina 100% nacional \u00e9 anunciada pelo Butantan - Jornal Fatos e Not\u00edcias","og_description":"O Instituto Butantan divulgou na noite desta quinta-feira (25) que pedir\u00e1 \u00e0 Ag\u00eancia Nacional de Vigil\u00e2ncia Sanit\u00e1ria (Anvisa)\u00a0a autoriza\u00e7\u00e3o para in\u00edcio dos testes cl\u00ednicos em humanos da \u201cButanvac\u201d, candidata brasileira \u00e0\u00a0vacina contra covid.O pedido de autoriza\u00e7\u00e3o \u00e9 referente \u00e0s fases 1 e 2 de testes, o Butantan deve sugerir \u00e0 Anvisa que haja em torno [&hellip;]","og_url":"https:\/\/jornalfatosenoticias.com.br\/index.php\/2021\/03\/26\/butanvac-primeira-vacina-100-nacional-e-anunciada-pelo-butantan\/","og_site_name":"Jornal Fatos e Not\u00edcias","article_published_time":"2021-03-26T12:01:51+00:00","article_modified_time":"2021-03-26T12:19:52+00:00","og_image":[{"width":1000,"height":667,"url":"https:\/\/jornalfatosenoticias.com.br\/wp-content\/uploads\/2021\/03\/Butanvac_Leonidas-Santana_Shutterstock.jpg","type":"image\/jpeg"}],"author":"Luzimara Fernandes","twitter_card":"summary_large_image","twitter_misc":{"Escrito por":"Luzimara Fernandes","Est. tempo de leitura":"2 minutos"},"schema":{"@context":"https:\/\/schema.org","@graph":[{"@type":"Article","@id":"https:\/\/jornalfatosenoticias.com.br\/index.php\/2021\/03\/26\/butanvac-primeira-vacina-100-nacional-e-anunciada-pelo-butantan\/#article","isPartOf":{"@id":"https:\/\/jornalfatosenoticias.com.br\/index.php\/2021\/03\/26\/butanvac-primeira-vacina-100-nacional-e-anunciada-pelo-butantan\/"},"author":{"name":"Luzimara Fernandes","@id":"https:\/\/jornalfatosenoticias.com.br\/#\/schema\/person\/d63837fa13ac8666eb9e74e0985d6f81"},"headline":"Butanvac: primeira vacina 100% nacional \u00e9 anunciada pelo Butantan","datePublished":"2021-03-26T12:01:51+00:00","dateModified":"2021-03-26T12:19:52+00:00","mainEntityOfPage":{"@id":"https:\/\/jornalfatosenoticias.com.br\/index.php\/2021\/03\/26\/butanvac-primeira-vacina-100-nacional-e-anunciada-pelo-butantan\/"},"wordCount":410,"commentCount":0,"publisher":{"@id":"https:\/\/jornalfatosenoticias.com.br\/#organization"},"image":{"@id":"https:\/\/jornalfatosenoticias.com.br\/index.php\/2021\/03\/26\/butanvac-primeira-vacina-100-nacional-e-anunciada-pelo-butantan\/#primaryimage"},"thumbnailUrl":"https:\/\/jornalfatosenoticias.com.br\/wp-content\/uploads\/2021\/03\/Butanvac_Leonidas-Santana_Shutterstock.jpg","keywords":["Brasil","Butanvac","Instituto Butantan","vacina covid-19"],"articleSection":["Sa\u00fade"],"inLanguage":"pt-BR","potentialAction":[{"@type":"CommentAction","name":"Comment","target":["https:\/\/jornalfatosenoticias.com.br\/index.php\/2021\/03\/26\/butanvac-primeira-vacina-100-nacional-e-anunciada-pelo-butantan\/#respond"]}]},{"@type":"WebPage","@id":"https:\/\/jornalfatosenoticias.com.br\/index.php\/2021\/03\/26\/butanvac-primeira-vacina-100-nacional-e-anunciada-pelo-butantan\/","url":"https:\/\/jornalfatosenoticias.com.br\/index.php\/2021\/03\/26\/butanvac-primeira-vacina-100-nacional-e-anunciada-pelo-butantan\/","name":"Butanvac: primeira vacina 100% nacional \u00e9 anunciada pelo Butantan - Jornal Fatos e Not\u00edcias","isPartOf":{"@id":"https:\/\/jornalfatosenoticias.com.br\/#website"},"primaryImageOfPage":{"@id":"https:\/\/jornalfatosenoticias.com.br\/index.php\/2021\/03\/26\/butanvac-primeira-vacina-100-nacional-e-anunciada-pelo-butantan\/#primaryimage"},"image":{"@id":"https:\/\/jornalfatosenoticias.com.br\/index.php\/2021\/03\/26\/butanvac-primeira-vacina-100-nacional-e-anunciada-pelo-butantan\/#primaryimage"},"thumbnailUrl":"https:\/\/jornalfatosenoticias.com.br\/wp-content\/uploads\/2021\/03\/Butanvac_Leonidas-Santana_Shutterstock.jpg","datePublished":"2021-03-26T12:01:51+00:00","dateModified":"2021-03-26T12:19:52+00:00","breadcrumb":{"@id":"https:\/\/jornalfatosenoticias.com.br\/index.php\/2021\/03\/26\/butanvac-primeira-vacina-100-nacional-e-anunciada-pelo-butantan\/#breadcrumb"},"inLanguage":"pt-BR","potentialAction":[{"@type":"ReadAction","target":["https:\/\/jornalfatosenoticias.com.br\/index.php\/2021\/03\/26\/butanvac-primeira-vacina-100-nacional-e-anunciada-pelo-butantan\/"]}]},{"@type":"ImageObject","inLanguage":"pt-BR","@id":"https:\/\/jornalfatosenoticias.com.br\/index.php\/2021\/03\/26\/butanvac-primeira-vacina-100-nacional-e-anunciada-pelo-butantan\/#primaryimage","url":"https:\/\/jornalfatosenoticias.com.br\/wp-content\/uploads\/2021\/03\/Butanvac_Leonidas-Santana_Shutterstock.jpg","contentUrl":"https:\/\/jornalfatosenoticias.com.br\/wp-content\/uploads\/2021\/03\/Butanvac_Leonidas-Santana_Shutterstock.jpg","width":1000,"height":667},{"@type":"BreadcrumbList","@id":"https:\/\/jornalfatosenoticias.com.br\/index.php\/2021\/03\/26\/butanvac-primeira-vacina-100-nacional-e-anunciada-pelo-butantan\/#breadcrumb","itemListElement":[{"@type":"ListItem","position":1,"name":"In\u00edcio","item":"https:\/\/jornalfatosenoticias.com.br\/"},{"@type":"ListItem","position":2,"name":"Butanvac: primeira vacina 100% nacional \u00e9 anunciada pelo Butantan"}]},{"@type":"WebSite","@id":"https:\/\/jornalfatosenoticias.com.br\/#website","url":"https:\/\/jornalfatosenoticias.com.br\/","name":"Jornal Fatos e Not\u00edcias","description":"Not\u00edcias em geral","publisher":{"@id":"https:\/\/jornalfatosenoticias.com.br\/#organization"},"potentialAction":[{"@type":"SearchAction","target":{"@type":"EntryPoint","urlTemplate":"https:\/\/jornalfatosenoticias.com.br\/?s={search_term_string}"},"query-input":{"@type":"PropertyValueSpecification","valueRequired":true,"valueName":"search_term_string"}}],"inLanguage":"pt-BR"},{"@type":"Organization","@id":"https:\/\/jornalfatosenoticias.com.br\/#organization","name":"Jornal Fatos e Not\u00edcias","url":"https:\/\/jornalfatosenoticias.com.br\/","logo":{"@type":"ImageObject","inLanguage":"pt-BR","@id":"https:\/\/jornalfatosenoticias.com.br\/#\/schema\/logo\/image\/","url":"https:\/\/jornalfatosenoticias.com.br\/wp-content\/uploads\/2020\/02\/logo120.png","contentUrl":"https:\/\/jornalfatosenoticias.com.br\/wp-content\/uploads\/2020\/02\/logo120.png","width":1227,"height":120,"caption":"Jornal Fatos e Not\u00edcias"},"image":{"@id":"https:\/\/jornalfatosenoticias.com.br\/#\/schema\/logo\/image\/"}},{"@type":"Person","@id":"https:\/\/jornalfatosenoticias.com.br\/#\/schema\/person\/d63837fa13ac8666eb9e74e0985d6f81","name":"Luzimara Fernandes","image":{"@type":"ImageObject","inLanguage":"pt-BR","@id":"https:\/\/jornalfatosenoticias.com.br\/#\/schema\/person\/image\/","url":"https:\/\/jornalfatosenoticias.com.br\/wp-content\/uploads\/2025\/05\/EU_portal.jpg","contentUrl":"https:\/\/jornalfatosenoticias.com.br\/wp-content\/uploads\/2025\/05\/EU_portal.jpg","caption":"Luzimara Fernandes"},"description":"Jornalista MTB 2358-ES","sameAs":["https:\/\/jornalfatosenoticias.com.br"],"url":"https:\/\/jornalfatosenoticias.com.br\/index.php\/author\/luzimara\/"}]}},"cc_featured_image_caption":{"caption_text":" (Le\u00f4nidas Santana\/Shutterstock)","source_text":"","source_url":""},"jetpack_featured_media_url":"https:\/\/jornalfatosenoticias.com.br\/wp-content\/uploads\/2021\/03\/Butanvac_Leonidas-Santana_Shutterstock.jpg","_links":{"self":[{"href":"https:\/\/jornalfatosenoticias.com.br\/index.php\/wp-json\/wp\/v2\/posts\/16261","targetHints":{"allow":["GET"]}}],"collection":[{"href":"https:\/\/jornalfatosenoticias.com.br\/index.php\/wp-json\/wp\/v2\/posts"}],"about":[{"href":"https:\/\/jornalfatosenoticias.com.br\/index.php\/wp-json\/wp\/v2\/types\/post"}],"author":[{"embeddable":true,"href":"https:\/\/jornalfatosenoticias.com.br\/index.php\/wp-json\/wp\/v2\/users\/2"}],"replies":[{"embeddable":true,"href":"https:\/\/jornalfatosenoticias.com.br\/index.php\/wp-json\/wp\/v2\/comments?post=16261"}],"version-history":[{"count":0,"href":"https:\/\/jornalfatosenoticias.com.br\/index.php\/wp-json\/wp\/v2\/posts\/16261\/revisions"}],"wp:featuredmedia":[{"embeddable":true,"href":"https:\/\/jornalfatosenoticias.com.br\/index.php\/wp-json\/wp\/v2\/media\/16263"}],"wp:attachment":[{"href":"https:\/\/jornalfatosenoticias.com.br\/index.php\/wp-json\/wp\/v2\/media?parent=16261"}],"wp:term":[{"taxonomy":"category","embeddable":true,"href":"https:\/\/jornalfatosenoticias.com.br\/index.php\/wp-json\/wp\/v2\/categories?post=16261"},{"taxonomy":"post_tag","embeddable":true,"href":"https:\/\/jornalfatosenoticias.com.br\/index.php\/wp-json\/wp\/v2\/tags?post=16261"}],"curies":[{"name":"wp","href":"https:\/\/api.w.org\/{rel}","templated":true}]}}