{"id":16269,"date":"2021-03-26T09:28:20","date_gmt":"2021-03-26T12:28:20","guid":{"rendered":"https:\/\/jornalfatosenoticias.com.br\/?p=16269"},"modified":"2021-03-26T09:28:21","modified_gmt":"2021-03-26T12:28:21","slug":"35-milhoes-de-brasileiros-vivem-sem-agua-tratada-aponta-ranking","status":"publish","type":"post","link":"https:\/\/jornalfatosenoticias.com.br\/index.php\/2021\/03\/26\/35-milhoes-de-brasileiros-vivem-sem-agua-tratada-aponta-ranking\/","title":{"rendered":"35 milh\u00f5es de brasileiros vivem sem \u00e1gua tratada, aponta ranking"},"content":{"rendered":"\n<h6 class=\"wp-block-heading\"><em>Al\u00e9m disso, cerca de 100 milh\u00f5es n\u00e3o t\u00eam acesso \u00e0 coleta de esgotos<\/em><\/h6>\n\n\n\n<p>O Instituto Trata Brasil, em parceria com a GO Associados, publicou seu novo Ranking do Saneamento. Baseado nas 100 maiores cidades do Brasil e com dados do Sistema Nacional de Informa\u00e7\u00f5es sobre Saneamento (SNIS) de 2019, a publica\u00e7\u00e3o anual avalia os indicadores de acesso \u00e0 \u00e1gua pot\u00e1vel, coleta e tratamento dos esgotos nos cem maiores munic\u00edpios do Pa\u00eds.<br>O novo ranking confirma que o Pa\u00eds mant\u00e9m sem servi\u00e7os de \u00e1gua tratada quase 35 milh\u00f5es de habitantes, sendo 5,5 milh\u00f5es nas 100 maiores cidades (popula\u00e7\u00e3o da Noruega). Temos aproximadamente 100 milh\u00f5es de pessoas sem acesso \u00e0 coleta de esgotos, sendo 21,7 milh\u00f5es nesses maiores munic\u00edpios (popula\u00e7\u00e3o do Chile). O Brasil ainda n\u00e3o trata metade dos esgotos que gera (49%), o que representa jogar na natureza, todos os dias, 5,3 mil piscinas ol\u00edmpicas de esgotos sem tratamento. Nas 100 maiores cidades, em 2019, descartou-se um volume correspondente a 1,8 mil piscinas ol\u00edmpicas di\u00e1rias.<br>Esses grandes munic\u00edpios possuem indicadores melhores do que a m\u00e9dia nacional e, em 2019, investiram, juntos, 50% de tudo o que Pa\u00eds colocou na infraestrutura de \u00e1gua e esgoto. Fazendo uma compara\u00e7\u00e3o dos indicadores, entre 2012 e 2019, a popula\u00e7\u00e3o com acesso \u00e0 rede de \u00e1gua no Pa\u00eds evoluiu timidamente (de 82,7% com acesso para 83,7%), assim como nas 100 maiores cidades (de 93,45% com acesso para 93,51%). Em sete anos de compara\u00e7\u00e3o, o Pa\u00eds saiu de 48,3% da popula\u00e7\u00e3o com rede de esgoto (2012) para 54,1% em 2019, enquanto nos 100 maiores munic\u00edpios foi de 69,39% para 74,47%. O Pa\u00eds tratava, em 2012, 38,7% do esgoto gerado e foi para 49,1% em 2019, enquanto nos maiores munic\u00edpios o \u00edndice passou de 48,8% para 62,17%.<\/p>\n\n\n\n<figure class=\"wp-block-image size-large is-resized\"><img loading=\"lazy\" decoding=\"async\" src=\"https:\/\/jornalfatosenoticias.com.br\/wp-content\/uploads\/2021\/03\/brasileiros-sem-agua-tratada_tabela1.jpg\" alt=\"\" class=\"wp-image-16270\" width=\"706\" height=\"459\" srcset=\"https:\/\/jornalfatosenoticias.com.br\/wp-content\/uploads\/2021\/03\/brasileiros-sem-agua-tratada_tabela1.jpg 900w, https:\/\/jornalfatosenoticias.com.br\/wp-content\/uploads\/2021\/03\/brasileiros-sem-agua-tratada_tabela1-300x195.jpg 300w, https:\/\/jornalfatosenoticias.com.br\/wp-content\/uploads\/2021\/03\/brasileiros-sem-agua-tratada_tabela1-768x500.jpg 768w\" sizes=\"auto, (max-width: 706px) 100vw, 706px\" \/><figcaption><em>Tabela 01 \u2013 Principais indicadores de saneamento entre 2012 e 2019 (Brasil e 100 maiores cidades)<\/em><\/figcaption><\/figure>\n\n\n\n<figure class=\"wp-block-image size-large\"><img loading=\"lazy\" decoding=\"async\" width=\"900\" height=\"352\" src=\"https:\/\/jornalfatosenoticias.com.br\/wp-content\/uploads\/2021\/03\/brasileiros-sem-agua-tratada_tabela2.jpg\" alt=\"\" class=\"wp-image-16271\" srcset=\"https:\/\/jornalfatosenoticias.com.br\/wp-content\/uploads\/2021\/03\/brasileiros-sem-agua-tratada_tabela2.jpg 900w, https:\/\/jornalfatosenoticias.com.br\/wp-content\/uploads\/2021\/03\/brasileiros-sem-agua-tratada_tabela2-300x117.jpg 300w, https:\/\/jornalfatosenoticias.com.br\/wp-content\/uploads\/2021\/03\/brasileiros-sem-agua-tratada_tabela2-768x300.jpg 768w\" sizes=\"auto, (max-width: 900px) 100vw, 900px\" \/><figcaption><em>Tabela 02 \u2013 N\u00fameros gerais do Ranking do Saneamento com base nas 100 maiores cidades<\/em><\/figcaption><\/figure>\n\n\n\n<h4 class=\"wp-block-heading\">Ranking do Saneamento<\/h4>\n\n\n\n<p>Olhando a coloca\u00e7\u00e3o das cidades no Ranking, Santos (SP) manteve a 1\u00aa posi\u00e7\u00e3o, obtida j\u00e1 no Ranking 2020, seguido de Maring\u00e1 (PR), Uberl\u00e2ndia (MG), Franca (SP), Limeira (SP) e Cascavel (PR). J\u00e1 entre as piores cidades, pela primeira vez, Macap\u00e1 (AP) obteve a pior nota, seguida de outros munic\u00edpios que sempre ficam entre os \u00faltimos, tais como Porto Velho (RO), Ananindeua (PA), S\u00e3o Jo\u00e3o de Meriti (RJ), Bel\u00e9m (PA) e Santar\u00e9m (PA). O Ranking completo est\u00e1 no <a href=\"http:\/\/www.tratabrasil.org.br\/\" target=\"_blank\" rel=\"noreferrer noopener\">site do Trata Brasil<\/a>.<br>\u201cVimos com preocupa\u00e7\u00e3o que os munic\u00edpios mais bem colocados se mant\u00eam entre os que mais investem, enquanto as cidades que mais precisam evoluir persistem com baixos investimentos em \u00e1gua e esgotos. Se nada mudar, ampliaremos a no\u00e7\u00e3o de termos dois \u2018Brasis\u2019 \u2026 o dos com e o dos sem saneamento\u201d, afirma \u00c9dison Carlos, presidente-executivo do Instituto Trata Brasil.<br>Entre as capitais, pela primeira vez S\u00e3o Paulo-SP aparece como a mais bem colocada (8\u00aa), seguida de Palmas-TO (13\u00aa), Curitiba-PR (16\u00aa), Goi\u00e2nia-GO (18\u00aa) e Bras\u00edlia-DF (20\u00aa). Gesner Oliveira, s\u00f3cio da GO Associados, pontua a preocupa\u00e7\u00e3o ao ver capitais nas \u00faltimas posi\u00e7\u00f5es. \u201cVer cidades desse porte com indicadores baixos em saneamento \u00e9 ruim, mas quando temos capitais, como Macap\u00e1, Porto Velho, Bel\u00e9m e Rio Branco nas \u00faltimas posi\u00e7\u00f5es, o cen\u00e1rio \u00e9 muito pior, pois s\u00e3o refer\u00eancias em seus estados\u201d.<\/p>\n\n\n\n<figure class=\"wp-block-image size-large\"><img loading=\"lazy\" decoding=\"async\" width=\"1000\" height=\"960\" src=\"https:\/\/jornalfatosenoticias.com.br\/wp-content\/uploads\/2021\/03\/Rankingdo-Saneamento-brasileiros-sem-agua-tratada.jpg\" alt=\"\" class=\"wp-image-16272\" srcset=\"https:\/\/jornalfatosenoticias.com.br\/wp-content\/uploads\/2021\/03\/Rankingdo-Saneamento-brasileiros-sem-agua-tratada.jpg 1000w, https:\/\/jornalfatosenoticias.com.br\/wp-content\/uploads\/2021\/03\/Rankingdo-Saneamento-brasileiros-sem-agua-tratada-300x288.jpg 300w, https:\/\/jornalfatosenoticias.com.br\/wp-content\/uploads\/2021\/03\/Rankingdo-Saneamento-brasileiros-sem-agua-tratada-768x737.jpg 768w\" sizes=\"auto, (max-width: 1000px) 100vw, 1000px\" \/><\/figure>\n\n\n\n<h4 class=\"wp-block-heading\">Desafios do Novo Marco Legal do Saneamento<\/h4>\n\n\n\n<p>Aprovado em junho de 2020 pelo Congresso Nacional e depois sancionado pela Presid\u00eancia da Rep\u00fablica, o Novo Marco Legal do Saneamento traz novos desafios para o setor com objetivo de acelerar a expans\u00e3o dos servi\u00e7os de \u00e1gua e esgotos pelo Pa\u00eds. Assim como nas metas no Plano Nacional de Saneamento B\u00e1sico (PLANSAB), promulgado em 2013, a Lei Federal 14.026\/2020 coloca para 2033 o prazo para cumprimento de metas: acesso \u00e0 \u00e1gua tratada para 99% da popula\u00e7\u00e3o brasileira e coleta e tratamento dos esgotos para 90%. Transforma a Ag\u00eancia Nacional de \u00c1gua (ANA), que agora passa se chamar Ag\u00eancia Nacional de \u00c1gua e Saneamento B\u00e1sico, na criadora de metas nacionais de refer\u00eancia para a regula\u00e7\u00e3o dos servi\u00e7os. Uma forma de dar uniformidade de an\u00e1lise \u00e0s mais de 60 ag\u00eancias existentes.<\/p>\n\n\n\n<p><strong><em>Fonte: <a href=\"https:\/\/ciclovivo.com.br\/planeta\/desenvolvimento\/35-milhoes-brasileiros-agua-tratada-ranking\/#:~:text=No%20Dia%20Mundial%20da%20%C3%81gua,seu%20novo%20Ranking%20do%20Saneamento.&amp;text=O%20novo%20ranking%20confirma%20que,da%20Noruega)%20%E2%80%93%20Tabela%202.\">CicloVivo<\/a><\/em><\/strong><\/p>\n","protected":false},"excerpt":{"rendered":"<p>Al\u00e9m disso, cerca de 100 milh\u00f5es n\u00e3o t\u00eam acesso \u00e0 coleta de esgotos O Instituto Trata Brasil, em parceria com a GO Associados, publicou seu novo Ranking do Saneamento. Baseado nas 100 maiores cidades do Brasil e com dados do Sistema Nacional de Informa\u00e7\u00f5es sobre Saneamento (SNIS) de 2019, a publica\u00e7\u00e3o anual avalia os indicadores [&hellip;]<\/p>\n","protected":false},"author":2,"featured_media":16273,"comment_status":"open","ping_status":"open","sticky":false,"template":"","format":"standard","meta":{"footnotes":""},"categories":[5],"tags":[8218,8217,8219,3927,4938,1166],"class_list":["post-16269","post","type-post","status-publish","format-standard","has-post-thumbnail","hentry","category-geral","tag-agua-tratada","tag-ana","tag-coleta-de-esgoto","tag-esgoto","tag-ranking","tag-saneamento-basico"],"yoast_head":"<!-- This site is optimized with the Yoast SEO plugin v26.5 - https:\/\/yoast.com\/wordpress\/plugins\/seo\/ -->\n<title>35 milh\u00f5es de brasileiros vivem sem \u00e1gua tratada, aponta ranking - Jornal Fatos e Not\u00edcias<\/title>\n<meta name=\"robots\" content=\"index, follow, max-snippet:-1, max-image-preview:large, max-video-preview:-1\" \/>\n<link rel=\"canonical\" href=\"https:\/\/jornalfatosenoticias.com.br\/index.php\/2021\/03\/26\/35-milhoes-de-brasileiros-vivem-sem-agua-tratada-aponta-ranking\/\" \/>\n<meta property=\"og:locale\" content=\"pt_BR\" \/>\n<meta property=\"og:type\" content=\"article\" \/>\n<meta property=\"og:title\" content=\"35 milh\u00f5es de brasileiros vivem sem \u00e1gua tratada, aponta ranking - Jornal Fatos e Not\u00edcias\" \/>\n<meta property=\"og:description\" content=\"Al\u00e9m disso, cerca de 100 milh\u00f5es n\u00e3o t\u00eam acesso \u00e0 coleta de esgotos O Instituto Trata Brasil, em parceria com a GO Associados, publicou seu novo Ranking do Saneamento. Baseado nas 100 maiores cidades do Brasil e com dados do Sistema Nacional de Informa\u00e7\u00f5es sobre Saneamento (SNIS) de 2019, a publica\u00e7\u00e3o anual avalia os indicadores [&hellip;]\" \/>\n<meta property=\"og:url\" content=\"https:\/\/jornalfatosenoticias.com.br\/index.php\/2021\/03\/26\/35-milhoes-de-brasileiros-vivem-sem-agua-tratada-aponta-ranking\/\" \/>\n<meta property=\"og:site_name\" content=\"Jornal Fatos e Not\u00edcias\" \/>\n<meta property=\"article:published_time\" content=\"2021-03-26T12:28:20+00:00\" \/>\n<meta property=\"article:modified_time\" content=\"2021-03-26T12:28:21+00:00\" \/>\n<meta property=\"og:image\" content=\"https:\/\/jornalfatosenoticias.com.br\/wp-content\/uploads\/2021\/03\/brasileiros-sem-agua-tratada_iStock.jpg\" \/>\n\t<meta property=\"og:image:width\" content=\"1000\" \/>\n\t<meta property=\"og:image:height\" content=\"667\" \/>\n\t<meta property=\"og:image:type\" content=\"image\/jpeg\" \/>\n<meta name=\"author\" content=\"Luzimara Fernandes\" \/>\n<meta name=\"twitter:card\" content=\"summary_large_image\" \/>\n<meta name=\"twitter:label1\" content=\"Escrito por\" \/>\n\t<meta name=\"twitter:data1\" content=\"Luzimara Fernandes\" \/>\n\t<meta name=\"twitter:label2\" content=\"Est. tempo de leitura\" \/>\n\t<meta name=\"twitter:data2\" content=\"3 minutos\" \/>\n<script type=\"application\/ld+json\" class=\"yoast-schema-graph\">{\"@context\":\"https:\/\/schema.org\",\"@graph\":[{\"@type\":\"Article\",\"@id\":\"https:\/\/jornalfatosenoticias.com.br\/index.php\/2021\/03\/26\/35-milhoes-de-brasileiros-vivem-sem-agua-tratada-aponta-ranking\/#article\",\"isPartOf\":{\"@id\":\"https:\/\/jornalfatosenoticias.com.br\/index.php\/2021\/03\/26\/35-milhoes-de-brasileiros-vivem-sem-agua-tratada-aponta-ranking\/\"},\"author\":{\"name\":\"Luzimara Fernandes\",\"@id\":\"https:\/\/jornalfatosenoticias.com.br\/#\/schema\/person\/d63837fa13ac8666eb9e74e0985d6f81\"},\"headline\":\"35 milh\u00f5es de brasileiros vivem sem \u00e1gua tratada, aponta ranking\",\"datePublished\":\"2021-03-26T12:28:20+00:00\",\"dateModified\":\"2021-03-26T12:28:21+00:00\",\"mainEntityOfPage\":{\"@id\":\"https:\/\/jornalfatosenoticias.com.br\/index.php\/2021\/03\/26\/35-milhoes-de-brasileiros-vivem-sem-agua-tratada-aponta-ranking\/\"},\"wordCount\":697,\"commentCount\":0,\"publisher\":{\"@id\":\"https:\/\/jornalfatosenoticias.com.br\/#organization\"},\"image\":{\"@id\":\"https:\/\/jornalfatosenoticias.com.br\/index.php\/2021\/03\/26\/35-milhoes-de-brasileiros-vivem-sem-agua-tratada-aponta-ranking\/#primaryimage\"},\"thumbnailUrl\":\"https:\/\/jornalfatosenoticias.com.br\/wp-content\/uploads\/2021\/03\/brasileiros-sem-agua-tratada_iStock.jpg\",\"keywords\":[\"\u00e1gua tratada\",\"ANA\",\"coleta de esgoto\",\"esgoto\",\"ranking\",\"saneamento b\u00e1sico\"],\"articleSection\":[\"Geral\"],\"inLanguage\":\"pt-BR\",\"potentialAction\":[{\"@type\":\"CommentAction\",\"name\":\"Comment\",\"target\":[\"https:\/\/jornalfatosenoticias.com.br\/index.php\/2021\/03\/26\/35-milhoes-de-brasileiros-vivem-sem-agua-tratada-aponta-ranking\/#respond\"]}]},{\"@type\":\"WebPage\",\"@id\":\"https:\/\/jornalfatosenoticias.com.br\/index.php\/2021\/03\/26\/35-milhoes-de-brasileiros-vivem-sem-agua-tratada-aponta-ranking\/\",\"url\":\"https:\/\/jornalfatosenoticias.com.br\/index.php\/2021\/03\/26\/35-milhoes-de-brasileiros-vivem-sem-agua-tratada-aponta-ranking\/\",\"name\":\"35 milh\u00f5es de brasileiros vivem sem \u00e1gua tratada, aponta ranking - Jornal Fatos e Not\u00edcias\",\"isPartOf\":{\"@id\":\"https:\/\/jornalfatosenoticias.com.br\/#website\"},\"primaryImageOfPage\":{\"@id\":\"https:\/\/jornalfatosenoticias.com.br\/index.php\/2021\/03\/26\/35-milhoes-de-brasileiros-vivem-sem-agua-tratada-aponta-ranking\/#primaryimage\"},\"image\":{\"@id\":\"https:\/\/jornalfatosenoticias.com.br\/index.php\/2021\/03\/26\/35-milhoes-de-brasileiros-vivem-sem-agua-tratada-aponta-ranking\/#primaryimage\"},\"thumbnailUrl\":\"https:\/\/jornalfatosenoticias.com.br\/wp-content\/uploads\/2021\/03\/brasileiros-sem-agua-tratada_iStock.jpg\",\"datePublished\":\"2021-03-26T12:28:20+00:00\",\"dateModified\":\"2021-03-26T12:28:21+00:00\",\"breadcrumb\":{\"@id\":\"https:\/\/jornalfatosenoticias.com.br\/index.php\/2021\/03\/26\/35-milhoes-de-brasileiros-vivem-sem-agua-tratada-aponta-ranking\/#breadcrumb\"},\"inLanguage\":\"pt-BR\",\"potentialAction\":[{\"@type\":\"ReadAction\",\"target\":[\"https:\/\/jornalfatosenoticias.com.br\/index.php\/2021\/03\/26\/35-milhoes-de-brasileiros-vivem-sem-agua-tratada-aponta-ranking\/\"]}]},{\"@type\":\"ImageObject\",\"inLanguage\":\"pt-BR\",\"@id\":\"https:\/\/jornalfatosenoticias.com.br\/index.php\/2021\/03\/26\/35-milhoes-de-brasileiros-vivem-sem-agua-tratada-aponta-ranking\/#primaryimage\",\"url\":\"https:\/\/jornalfatosenoticias.com.br\/wp-content\/uploads\/2021\/03\/brasileiros-sem-agua-tratada_iStock.jpg\",\"contentUrl\":\"https:\/\/jornalfatosenoticias.com.br\/wp-content\/uploads\/2021\/03\/brasileiros-sem-agua-tratada_iStock.jpg\",\"width\":1000,\"height\":667},{\"@type\":\"BreadcrumbList\",\"@id\":\"https:\/\/jornalfatosenoticias.com.br\/index.php\/2021\/03\/26\/35-milhoes-de-brasileiros-vivem-sem-agua-tratada-aponta-ranking\/#breadcrumb\",\"itemListElement\":[{\"@type\":\"ListItem\",\"position\":1,\"name\":\"In\u00edcio\",\"item\":\"https:\/\/jornalfatosenoticias.com.br\/\"},{\"@type\":\"ListItem\",\"position\":2,\"name\":\"35 milh\u00f5es de brasileiros vivem sem \u00e1gua tratada, aponta ranking\"}]},{\"@type\":\"WebSite\",\"@id\":\"https:\/\/jornalfatosenoticias.com.br\/#website\",\"url\":\"https:\/\/jornalfatosenoticias.com.br\/\",\"name\":\"Jornal Fatos e Not\u00edcias\",\"description\":\"Not\u00edcias em geral\",\"publisher\":{\"@id\":\"https:\/\/jornalfatosenoticias.com.br\/#organization\"},\"potentialAction\":[{\"@type\":\"SearchAction\",\"target\":{\"@type\":\"EntryPoint\",\"urlTemplate\":\"https:\/\/jornalfatosenoticias.com.br\/?s={search_term_string}\"},\"query-input\":{\"@type\":\"PropertyValueSpecification\",\"valueRequired\":true,\"valueName\":\"search_term_string\"}}],\"inLanguage\":\"pt-BR\"},{\"@type\":\"Organization\",\"@id\":\"https:\/\/jornalfatosenoticias.com.br\/#organization\",\"name\":\"Jornal Fatos e Not\u00edcias\",\"url\":\"https:\/\/jornalfatosenoticias.com.br\/\",\"logo\":{\"@type\":\"ImageObject\",\"inLanguage\":\"pt-BR\",\"@id\":\"https:\/\/jornalfatosenoticias.com.br\/#\/schema\/logo\/image\/\",\"url\":\"https:\/\/jornalfatosenoticias.com.br\/wp-content\/uploads\/2020\/02\/logo120.png\",\"contentUrl\":\"https:\/\/jornalfatosenoticias.com.br\/wp-content\/uploads\/2020\/02\/logo120.png\",\"width\":1227,\"height\":120,\"caption\":\"Jornal Fatos e Not\u00edcias\"},\"image\":{\"@id\":\"https:\/\/jornalfatosenoticias.com.br\/#\/schema\/logo\/image\/\"}},{\"@type\":\"Person\",\"@id\":\"https:\/\/jornalfatosenoticias.com.br\/#\/schema\/person\/d63837fa13ac8666eb9e74e0985d6f81\",\"name\":\"Luzimara Fernandes\",\"image\":{\"@type\":\"ImageObject\",\"inLanguage\":\"pt-BR\",\"@id\":\"https:\/\/jornalfatosenoticias.com.br\/#\/schema\/person\/image\/\",\"url\":\"https:\/\/jornalfatosenoticias.com.br\/wp-content\/uploads\/2025\/05\/EU_portal.jpg\",\"contentUrl\":\"https:\/\/jornalfatosenoticias.com.br\/wp-content\/uploads\/2025\/05\/EU_portal.jpg\",\"caption\":\"Luzimara Fernandes\"},\"description\":\"Jornalista MTB 2358-ES\",\"sameAs\":[\"https:\/\/jornalfatosenoticias.com.br\"],\"url\":\"https:\/\/jornalfatosenoticias.com.br\/index.php\/author\/luzimara\/\"}]}<\/script>\n<!-- \/ Yoast SEO plugin. -->","yoast_head_json":{"title":"35 milh\u00f5es de brasileiros vivem sem \u00e1gua tratada, aponta ranking - Jornal Fatos e Not\u00edcias","robots":{"index":"index","follow":"follow","max-snippet":"max-snippet:-1","max-image-preview":"max-image-preview:large","max-video-preview":"max-video-preview:-1"},"canonical":"https:\/\/jornalfatosenoticias.com.br\/index.php\/2021\/03\/26\/35-milhoes-de-brasileiros-vivem-sem-agua-tratada-aponta-ranking\/","og_locale":"pt_BR","og_type":"article","og_title":"35 milh\u00f5es de brasileiros vivem sem \u00e1gua tratada, aponta ranking - Jornal Fatos e Not\u00edcias","og_description":"Al\u00e9m disso, cerca de 100 milh\u00f5es n\u00e3o t\u00eam acesso \u00e0 coleta de esgotos O Instituto Trata Brasil, em parceria com a GO Associados, publicou seu novo Ranking do Saneamento. Baseado nas 100 maiores cidades do Brasil e com dados do Sistema Nacional de Informa\u00e7\u00f5es sobre Saneamento (SNIS) de 2019, a publica\u00e7\u00e3o anual avalia os indicadores [&hellip;]","og_url":"https:\/\/jornalfatosenoticias.com.br\/index.php\/2021\/03\/26\/35-milhoes-de-brasileiros-vivem-sem-agua-tratada-aponta-ranking\/","og_site_name":"Jornal Fatos e Not\u00edcias","article_published_time":"2021-03-26T12:28:20+00:00","article_modified_time":"2021-03-26T12:28:21+00:00","og_image":[{"width":1000,"height":667,"url":"https:\/\/jornalfatosenoticias.com.br\/wp-content\/uploads\/2021\/03\/brasileiros-sem-agua-tratada_iStock.jpg","type":"image\/jpeg"}],"author":"Luzimara Fernandes","twitter_card":"summary_large_image","twitter_misc":{"Escrito por":"Luzimara Fernandes","Est. tempo de leitura":"3 minutos"},"schema":{"@context":"https:\/\/schema.org","@graph":[{"@type":"Article","@id":"https:\/\/jornalfatosenoticias.com.br\/index.php\/2021\/03\/26\/35-milhoes-de-brasileiros-vivem-sem-agua-tratada-aponta-ranking\/#article","isPartOf":{"@id":"https:\/\/jornalfatosenoticias.com.br\/index.php\/2021\/03\/26\/35-milhoes-de-brasileiros-vivem-sem-agua-tratada-aponta-ranking\/"},"author":{"name":"Luzimara Fernandes","@id":"https:\/\/jornalfatosenoticias.com.br\/#\/schema\/person\/d63837fa13ac8666eb9e74e0985d6f81"},"headline":"35 milh\u00f5es de brasileiros vivem sem \u00e1gua tratada, aponta ranking","datePublished":"2021-03-26T12:28:20+00:00","dateModified":"2021-03-26T12:28:21+00:00","mainEntityOfPage":{"@id":"https:\/\/jornalfatosenoticias.com.br\/index.php\/2021\/03\/26\/35-milhoes-de-brasileiros-vivem-sem-agua-tratada-aponta-ranking\/"},"wordCount":697,"commentCount":0,"publisher":{"@id":"https:\/\/jornalfatosenoticias.com.br\/#organization"},"image":{"@id":"https:\/\/jornalfatosenoticias.com.br\/index.php\/2021\/03\/26\/35-milhoes-de-brasileiros-vivem-sem-agua-tratada-aponta-ranking\/#primaryimage"},"thumbnailUrl":"https:\/\/jornalfatosenoticias.com.br\/wp-content\/uploads\/2021\/03\/brasileiros-sem-agua-tratada_iStock.jpg","keywords":["\u00e1gua tratada","ANA","coleta de esgoto","esgoto","ranking","saneamento b\u00e1sico"],"articleSection":["Geral"],"inLanguage":"pt-BR","potentialAction":[{"@type":"CommentAction","name":"Comment","target":["https:\/\/jornalfatosenoticias.com.br\/index.php\/2021\/03\/26\/35-milhoes-de-brasileiros-vivem-sem-agua-tratada-aponta-ranking\/#respond"]}]},{"@type":"WebPage","@id":"https:\/\/jornalfatosenoticias.com.br\/index.php\/2021\/03\/26\/35-milhoes-de-brasileiros-vivem-sem-agua-tratada-aponta-ranking\/","url":"https:\/\/jornalfatosenoticias.com.br\/index.php\/2021\/03\/26\/35-milhoes-de-brasileiros-vivem-sem-agua-tratada-aponta-ranking\/","name":"35 milh\u00f5es de brasileiros vivem sem \u00e1gua tratada, aponta ranking - Jornal Fatos e Not\u00edcias","isPartOf":{"@id":"https:\/\/jornalfatosenoticias.com.br\/#website"},"primaryImageOfPage":{"@id":"https:\/\/jornalfatosenoticias.com.br\/index.php\/2021\/03\/26\/35-milhoes-de-brasileiros-vivem-sem-agua-tratada-aponta-ranking\/#primaryimage"},"image":{"@id":"https:\/\/jornalfatosenoticias.com.br\/index.php\/2021\/03\/26\/35-milhoes-de-brasileiros-vivem-sem-agua-tratada-aponta-ranking\/#primaryimage"},"thumbnailUrl":"https:\/\/jornalfatosenoticias.com.br\/wp-content\/uploads\/2021\/03\/brasileiros-sem-agua-tratada_iStock.jpg","datePublished":"2021-03-26T12:28:20+00:00","dateModified":"2021-03-26T12:28:21+00:00","breadcrumb":{"@id":"https:\/\/jornalfatosenoticias.com.br\/index.php\/2021\/03\/26\/35-milhoes-de-brasileiros-vivem-sem-agua-tratada-aponta-ranking\/#breadcrumb"},"inLanguage":"pt-BR","potentialAction":[{"@type":"ReadAction","target":["https:\/\/jornalfatosenoticias.com.br\/index.php\/2021\/03\/26\/35-milhoes-de-brasileiros-vivem-sem-agua-tratada-aponta-ranking\/"]}]},{"@type":"ImageObject","inLanguage":"pt-BR","@id":"https:\/\/jornalfatosenoticias.com.br\/index.php\/2021\/03\/26\/35-milhoes-de-brasileiros-vivem-sem-agua-tratada-aponta-ranking\/#primaryimage","url":"https:\/\/jornalfatosenoticias.com.br\/wp-content\/uploads\/2021\/03\/brasileiros-sem-agua-tratada_iStock.jpg","contentUrl":"https:\/\/jornalfatosenoticias.com.br\/wp-content\/uploads\/2021\/03\/brasileiros-sem-agua-tratada_iStock.jpg","width":1000,"height":667},{"@type":"BreadcrumbList","@id":"https:\/\/jornalfatosenoticias.com.br\/index.php\/2021\/03\/26\/35-milhoes-de-brasileiros-vivem-sem-agua-tratada-aponta-ranking\/#breadcrumb","itemListElement":[{"@type":"ListItem","position":1,"name":"In\u00edcio","item":"https:\/\/jornalfatosenoticias.com.br\/"},{"@type":"ListItem","position":2,"name":"35 milh\u00f5es de brasileiros vivem sem \u00e1gua tratada, aponta ranking"}]},{"@type":"WebSite","@id":"https:\/\/jornalfatosenoticias.com.br\/#website","url":"https:\/\/jornalfatosenoticias.com.br\/","name":"Jornal Fatos e Not\u00edcias","description":"Not\u00edcias em geral","publisher":{"@id":"https:\/\/jornalfatosenoticias.com.br\/#organization"},"potentialAction":[{"@type":"SearchAction","target":{"@type":"EntryPoint","urlTemplate":"https:\/\/jornalfatosenoticias.com.br\/?s={search_term_string}"},"query-input":{"@type":"PropertyValueSpecification","valueRequired":true,"valueName":"search_term_string"}}],"inLanguage":"pt-BR"},{"@type":"Organization","@id":"https:\/\/jornalfatosenoticias.com.br\/#organization","name":"Jornal Fatos e Not\u00edcias","url":"https:\/\/jornalfatosenoticias.com.br\/","logo":{"@type":"ImageObject","inLanguage":"pt-BR","@id":"https:\/\/jornalfatosenoticias.com.br\/#\/schema\/logo\/image\/","url":"https:\/\/jornalfatosenoticias.com.br\/wp-content\/uploads\/2020\/02\/logo120.png","contentUrl":"https:\/\/jornalfatosenoticias.com.br\/wp-content\/uploads\/2020\/02\/logo120.png","width":1227,"height":120,"caption":"Jornal Fatos e Not\u00edcias"},"image":{"@id":"https:\/\/jornalfatosenoticias.com.br\/#\/schema\/logo\/image\/"}},{"@type":"Person","@id":"https:\/\/jornalfatosenoticias.com.br\/#\/schema\/person\/d63837fa13ac8666eb9e74e0985d6f81","name":"Luzimara Fernandes","image":{"@type":"ImageObject","inLanguage":"pt-BR","@id":"https:\/\/jornalfatosenoticias.com.br\/#\/schema\/person\/image\/","url":"https:\/\/jornalfatosenoticias.com.br\/wp-content\/uploads\/2025\/05\/EU_portal.jpg","contentUrl":"https:\/\/jornalfatosenoticias.com.br\/wp-content\/uploads\/2025\/05\/EU_portal.jpg","caption":"Luzimara Fernandes"},"description":"Jornalista MTB 2358-ES","sameAs":["https:\/\/jornalfatosenoticias.com.br"],"url":"https:\/\/jornalfatosenoticias.com.br\/index.php\/author\/luzimara\/"}]}},"cc_featured_image_caption":{"caption_text":"(Foto: iStock) ","source_text":"","source_url":""},"jetpack_featured_media_url":"https:\/\/jornalfatosenoticias.com.br\/wp-content\/uploads\/2021\/03\/brasileiros-sem-agua-tratada_iStock.jpg","_links":{"self":[{"href":"https:\/\/jornalfatosenoticias.com.br\/index.php\/wp-json\/wp\/v2\/posts\/16269","targetHints":{"allow":["GET"]}}],"collection":[{"href":"https:\/\/jornalfatosenoticias.com.br\/index.php\/wp-json\/wp\/v2\/posts"}],"about":[{"href":"https:\/\/jornalfatosenoticias.com.br\/index.php\/wp-json\/wp\/v2\/types\/post"}],"author":[{"embeddable":true,"href":"https:\/\/jornalfatosenoticias.com.br\/index.php\/wp-json\/wp\/v2\/users\/2"}],"replies":[{"embeddable":true,"href":"https:\/\/jornalfatosenoticias.com.br\/index.php\/wp-json\/wp\/v2\/comments?post=16269"}],"version-history":[{"count":0,"href":"https:\/\/jornalfatosenoticias.com.br\/index.php\/wp-json\/wp\/v2\/posts\/16269\/revisions"}],"wp:featuredmedia":[{"embeddable":true,"href":"https:\/\/jornalfatosenoticias.com.br\/index.php\/wp-json\/wp\/v2\/media\/16273"}],"wp:attachment":[{"href":"https:\/\/jornalfatosenoticias.com.br\/index.php\/wp-json\/wp\/v2\/media?parent=16269"}],"wp:term":[{"taxonomy":"category","embeddable":true,"href":"https:\/\/jornalfatosenoticias.com.br\/index.php\/wp-json\/wp\/v2\/categories?post=16269"},{"taxonomy":"post_tag","embeddable":true,"href":"https:\/\/jornalfatosenoticias.com.br\/index.php\/wp-json\/wp\/v2\/tags?post=16269"}],"curies":[{"name":"wp","href":"https:\/\/api.w.org\/{rel}","templated":true}]}}