{"id":1628,"date":"2020-03-02T12:46:23","date_gmt":"2020-03-02T15:46:23","guid":{"rendered":"https:\/\/jornalfatosenoticias.com.br\/?p=1628"},"modified":"2020-03-02T12:46:29","modified_gmt":"2020-03-02T15:46:29","slug":"lagarto-papa-vento-narigudo-conheca-o-curioso-animal-que-chama-a-atencao-pelo-nariz-avantajado","status":"publish","type":"post","link":"https:\/\/jornalfatosenoticias.com.br\/index.php\/2020\/03\/02\/lagarto-papa-vento-narigudo-conheca-o-curioso-animal-que-chama-a-atencao-pelo-nariz-avantajado\/","title":{"rendered":"Lagarto papa-vento-narigudo: conhe\u00e7a o curioso animal que chama a aten\u00e7\u00e3o pelo &#8216;nariz&#8217; avantajado"},"content":{"rendered":"\n<h6 class=\"wp-block-heading\"><em>O lagarto papa-vento-narigudo, esp\u00e9cie Anolis phyllorhinus, \u00e9 a \u00fanica esp\u00e9cie do g\u00eanero com essa caracter\u00edstica que ocorre no Brasil, mais especificamente na Amaz\u00f4nia Central<\/em><\/h6>\n\n\n\n<p>Os lagartos do g\u00eanero Anolis s\u00e3o conhecidos popularmente como papa-vento, e est\u00e3o distribu\u00eddos desde a Am\u00e9rica do Norte at\u00e9 a Am\u00e9rica do Sul, sendo encontrados nas florestas tropicais e subtropicais. Esse grupo de lagartos \u00e9 bastante diverso, ou seja, existem muitas esp\u00e9cies dentro do grupo, sendo hoje reconhecidas mais de 400 esp\u00e9cies.<br>\nS\u00e3o animais arbor\u00edcolas bastante carism\u00e1ticos e que possuem uma caracter\u00edstica em comum, os machos apresentam um \u201cpapo\u201d na regi\u00e3o do pesco\u00e7o que eles inflam para impressionar as f\u00eameas. As cores presentes nos papos mudam de esp\u00e9cie para esp\u00e9cie e, al\u00e9m da fun\u00e7\u00e3o de atrair a f\u00eamea, servem para que elas reconhe\u00e7am os machos das suas esp\u00e9cies. S\u00f3 que algumas esp\u00e9cies desse grupo acharam que s\u00f3 o papo (olha a\u00ed um trocadilho) n\u00e3o era o suficiente para atrair a f\u00eamea e desenvolveram caracter\u00edsticas mais marcantes. \u00c9 o caso da esp\u00e9cie Anolis phyllorhinus, o papa-vento-narigudo.<br>\nEsse curioso lagartinho \u00e9 end\u00eamico do Brasil, ou seja, s\u00f3 ocorre no nosso Pa\u00eds, sendo encontrado na floresta da regi\u00e3o da Amaz\u00f4nia Central, ocorrendo desde a margem direita do Rio Madeira at\u00e9 a margem esquerda do Rio Tapaj\u00f3s. O papa-vento-narigudo \u00e9 facilmente reconhecido pela presen\u00e7a de um avantajado \u201cnariz\u201d nos machos que, na realidade, \u00e9 um ap\u00eandice nasal, ou seja, uma parte acess\u00f3ria, que fica na frente do focinho. O \u201cnarig\u00e3o\u201d nessa esp\u00e9cie, est\u00e1 possivelmente relacionado ao reconhecimento sexual. Dessa forma, indiv\u00edduos da mesma esp\u00e9cie podem reconhecer quem s\u00e3o os machos e quem s\u00e3o as f\u00eameas, j\u00e1 que elas n\u00e3o apresentam essa estrutura nasal t\u00e3o protuberante.<br>\nEsse belo animal vive nas florestas prim\u00e1rias, ou seja, florestas preservadas e que n\u00e3o sofreram nenhum tipo de impacto humano, de terra firme (que nunca alagam), onde pode ser encontrado em atividade durante o dia, desde o solo at\u00e9 o dossel de \u00e1rvores altas e grandes. Durante o dia, esses animais ficam se alimentando de pequenos invertebrados.<\/p>\n\n\n\n<figure class=\"wp-block-image size-large\"><img loading=\"lazy\" decoding=\"async\" width=\"980\" height=\"751\" src=\"https:\/\/jornalfatosenoticias.com.br\/wp-content\/uploads\/2020\/03\/lagarto-papa-vento-narigudo2.jpg\" alt=\"\" class=\"wp-image-1629\" srcset=\"https:\/\/jornalfatosenoticias.com.br\/wp-content\/uploads\/2020\/03\/lagarto-papa-vento-narigudo2.jpg 980w, https:\/\/jornalfatosenoticias.com.br\/wp-content\/uploads\/2020\/03\/lagarto-papa-vento-narigudo2-300x230.jpg 300w, https:\/\/jornalfatosenoticias.com.br\/wp-content\/uploads\/2020\/03\/lagarto-papa-vento-narigudo2-768x589.jpg 768w\" sizes=\"auto, (max-width: 980px) 100vw, 980px\" \/><figcaption><em>Os lagartos machos do g\u00eanero Anolis apresentam como caracter\u00edstica um \u201cpapo\u201d que utilizam para atrair e impressionar as f\u00eameas (Foto: Roberto Langstroth\/Divulga\u00e7\u00e3o)<\/em><\/figcaption><\/figure>\n\n\n\n<p>Pouco se sabe sobre esses animais, pois eles raramente s\u00e3o vistos na natureza e desde a sua descoberta, h\u00e1 68 anos, at\u00e9 hoje s\u00e3o reconhecidos apenas 15 registros da ocorr\u00eancia desses animais, sendo o \u00faltimo registro, feito por pesquisadores do Instituto Nacional de Pesquisas da Amaz\u00f4nia \u2013 Inpa. Essa falta de conhecimento de quest\u00f5es b\u00e1sicas sobre esses animais como onde vivem, do que se alimentam, como se reproduzem e quais fatores s\u00e3o cruciais para a sua sobraviv\u00eancia, acaba fazendo com que eles n\u00e3o sejam avaliados quanto ao seu estado de conserva\u00e7\u00e3o pela IUCN, org\u00e3o internacional respons\u00e1vel por dizer se uma esp\u00e9cie est\u00e1 ou n\u00e3o amea\u00e7ada de extin\u00e7\u00e3o. Isso dificulta estabelecer medidas de conserva\u00e7\u00e3o para esse lagartinho t\u00e3o \u00fanico, que pode est\u00e1 amea\u00e7ado, devido ao desmatamento das florestas prim\u00e1rias, que vem aumentando descontroladamente na Amaz\u00f4nia e, consequentemente, a perda de habitat para essa esp\u00e9cie t\u00e3o \u00fanica do nosso Pa\u00eds!<br>\nEspero que tenham gostado de conhecer um pouco mais sobre os Anolis phyllorhinus, esse simp\u00e1tico narigudo!<\/p>\n\n\n\n<p><strong><em>Fonte: <a href=\"http:\/\/portalamazonia.com\/opiniao\/luciana-frazao\/lagarto-papa-vento-narigudo-conheca-o-curioso-animal-que-chama-a-atencao-pelo-nariz-avantajado\">Portal Amaz\u00f4nia<\/a><\/em><\/strong><\/p>\n","protected":false},"excerpt":{"rendered":"<p>O lagarto papa-vento-narigudo, esp\u00e9cie Anolis phyllorhinus, \u00e9 a \u00fanica esp\u00e9cie do g\u00eanero com essa caracter\u00edstica que ocorre no Brasil, mais especificamente na Amaz\u00f4nia Central Os lagartos do g\u00eanero Anolis s\u00e3o conhecidos popularmente como papa-vento, e est\u00e3o distribu\u00eddos desde a Am\u00e9rica do Norte at\u00e9 a Am\u00e9rica do Sul, sendo encontrados nas florestas tropicais e subtropicais. Esse [&hellip;]<\/p>\n","protected":false},"author":2,"featured_media":1630,"comment_status":"open","ping_status":"open","sticky":false,"template":"","format":"standard","meta":{"footnotes":""},"categories":[5],"tags":[218,219,217,216,215],"class_list":["post-1628","post","type-post","status-publish","format-standard","has-post-thumbnail","hentry","category-geral","tag-ameacado","tag-extincao","tag-inpa","tag-iucn","tag-lagarto"],"yoast_head":"<!-- This site is optimized with the Yoast SEO plugin v26.5 - https:\/\/yoast.com\/wordpress\/plugins\/seo\/ -->\n<title>Lagarto papa-vento-narigudo: conhe\u00e7a o curioso animal que chama a aten\u00e7\u00e3o pelo &#039;nariz&#039; avantajado - Jornal Fatos e Not\u00edcias<\/title>\n<meta name=\"robots\" content=\"index, follow, max-snippet:-1, max-image-preview:large, max-video-preview:-1\" \/>\n<link rel=\"canonical\" href=\"https:\/\/jornalfatosenoticias.com.br\/index.php\/2020\/03\/02\/lagarto-papa-vento-narigudo-conheca-o-curioso-animal-que-chama-a-atencao-pelo-nariz-avantajado\/\" \/>\n<meta property=\"og:locale\" content=\"pt_BR\" \/>\n<meta property=\"og:type\" content=\"article\" \/>\n<meta property=\"og:title\" content=\"Lagarto papa-vento-narigudo: conhe\u00e7a o curioso animal que chama a aten\u00e7\u00e3o pelo &#039;nariz&#039; avantajado - Jornal Fatos e Not\u00edcias\" \/>\n<meta property=\"og:description\" content=\"O lagarto papa-vento-narigudo, esp\u00e9cie Anolis phyllorhinus, \u00e9 a \u00fanica esp\u00e9cie do g\u00eanero com essa caracter\u00edstica que ocorre no Brasil, mais especificamente na Amaz\u00f4nia Central Os lagartos do g\u00eanero Anolis s\u00e3o conhecidos popularmente como papa-vento, e est\u00e3o distribu\u00eddos desde a Am\u00e9rica do Norte at\u00e9 a Am\u00e9rica do Sul, sendo encontrados nas florestas tropicais e subtropicais. Esse [&hellip;]\" \/>\n<meta property=\"og:url\" content=\"https:\/\/jornalfatosenoticias.com.br\/index.php\/2020\/03\/02\/lagarto-papa-vento-narigudo-conheca-o-curioso-animal-que-chama-a-atencao-pelo-nariz-avantajado\/\" \/>\n<meta property=\"og:site_name\" content=\"Jornal Fatos e Not\u00edcias\" \/>\n<meta property=\"article:published_time\" content=\"2020-03-02T15:46:23+00:00\" \/>\n<meta property=\"article:modified_time\" content=\"2020-03-02T15:46:29+00:00\" \/>\n<meta property=\"og:image\" content=\"https:\/\/jornalfatosenoticias.com.br\/wp-content\/uploads\/2020\/03\/lagarto-papa-vento-narigudo.jpg\" \/>\n\t<meta property=\"og:image:width\" content=\"980\" \/>\n\t<meta property=\"og:image:height\" content=\"710\" \/>\n\t<meta property=\"og:image:type\" content=\"image\/jpeg\" \/>\n<meta name=\"author\" content=\"Luzimara Fernandes\" \/>\n<meta name=\"twitter:card\" content=\"summary_large_image\" \/>\n<meta name=\"twitter:label1\" content=\"Escrito por\" \/>\n\t<meta name=\"twitter:data1\" content=\"Luzimara Fernandes\" \/>\n\t<meta name=\"twitter:label2\" content=\"Est. tempo de leitura\" \/>\n\t<meta name=\"twitter:data2\" content=\"3 minutos\" \/>\n<script type=\"application\/ld+json\" class=\"yoast-schema-graph\">{\"@context\":\"https:\/\/schema.org\",\"@graph\":[{\"@type\":\"Article\",\"@id\":\"https:\/\/jornalfatosenoticias.com.br\/index.php\/2020\/03\/02\/lagarto-papa-vento-narigudo-conheca-o-curioso-animal-que-chama-a-atencao-pelo-nariz-avantajado\/#article\",\"isPartOf\":{\"@id\":\"https:\/\/jornalfatosenoticias.com.br\/index.php\/2020\/03\/02\/lagarto-papa-vento-narigudo-conheca-o-curioso-animal-que-chama-a-atencao-pelo-nariz-avantajado\/\"},\"author\":{\"name\":\"Luzimara Fernandes\",\"@id\":\"https:\/\/jornalfatosenoticias.com.br\/#\/schema\/person\/d63837fa13ac8666eb9e74e0985d6f81\"},\"headline\":\"Lagarto papa-vento-narigudo: conhe\u00e7a o curioso animal que chama a aten\u00e7\u00e3o pelo &#8216;nariz&#8217; avantajado\",\"datePublished\":\"2020-03-02T15:46:23+00:00\",\"dateModified\":\"2020-03-02T15:46:29+00:00\",\"mainEntityOfPage\":{\"@id\":\"https:\/\/jornalfatosenoticias.com.br\/index.php\/2020\/03\/02\/lagarto-papa-vento-narigudo-conheca-o-curioso-animal-que-chama-a-atencao-pelo-nariz-avantajado\/\"},\"wordCount\":608,\"commentCount\":0,\"publisher\":{\"@id\":\"https:\/\/jornalfatosenoticias.com.br\/#organization\"},\"image\":{\"@id\":\"https:\/\/jornalfatosenoticias.com.br\/index.php\/2020\/03\/02\/lagarto-papa-vento-narigudo-conheca-o-curioso-animal-que-chama-a-atencao-pelo-nariz-avantajado\/#primaryimage\"},\"thumbnailUrl\":\"https:\/\/jornalfatosenoticias.com.br\/wp-content\/uploads\/2020\/03\/lagarto-papa-vento-narigudo.jpg\",\"keywords\":[\"amea\u00e7ado\",\"extin\u00e7\u00e3o\",\"Inpa\",\"IUCN\",\"lagarto\"],\"articleSection\":[\"Geral\"],\"inLanguage\":\"pt-BR\",\"potentialAction\":[{\"@type\":\"CommentAction\",\"name\":\"Comment\",\"target\":[\"https:\/\/jornalfatosenoticias.com.br\/index.php\/2020\/03\/02\/lagarto-papa-vento-narigudo-conheca-o-curioso-animal-que-chama-a-atencao-pelo-nariz-avantajado\/#respond\"]}]},{\"@type\":\"WebPage\",\"@id\":\"https:\/\/jornalfatosenoticias.com.br\/index.php\/2020\/03\/02\/lagarto-papa-vento-narigudo-conheca-o-curioso-animal-que-chama-a-atencao-pelo-nariz-avantajado\/\",\"url\":\"https:\/\/jornalfatosenoticias.com.br\/index.php\/2020\/03\/02\/lagarto-papa-vento-narigudo-conheca-o-curioso-animal-que-chama-a-atencao-pelo-nariz-avantajado\/\",\"name\":\"Lagarto papa-vento-narigudo: conhe\u00e7a o curioso animal que chama a aten\u00e7\u00e3o pelo 'nariz' avantajado - Jornal Fatos e Not\u00edcias\",\"isPartOf\":{\"@id\":\"https:\/\/jornalfatosenoticias.com.br\/#website\"},\"primaryImageOfPage\":{\"@id\":\"https:\/\/jornalfatosenoticias.com.br\/index.php\/2020\/03\/02\/lagarto-papa-vento-narigudo-conheca-o-curioso-animal-que-chama-a-atencao-pelo-nariz-avantajado\/#primaryimage\"},\"image\":{\"@id\":\"https:\/\/jornalfatosenoticias.com.br\/index.php\/2020\/03\/02\/lagarto-papa-vento-narigudo-conheca-o-curioso-animal-que-chama-a-atencao-pelo-nariz-avantajado\/#primaryimage\"},\"thumbnailUrl\":\"https:\/\/jornalfatosenoticias.com.br\/wp-content\/uploads\/2020\/03\/lagarto-papa-vento-narigudo.jpg\",\"datePublished\":\"2020-03-02T15:46:23+00:00\",\"dateModified\":\"2020-03-02T15:46:29+00:00\",\"breadcrumb\":{\"@id\":\"https:\/\/jornalfatosenoticias.com.br\/index.php\/2020\/03\/02\/lagarto-papa-vento-narigudo-conheca-o-curioso-animal-que-chama-a-atencao-pelo-nariz-avantajado\/#breadcrumb\"},\"inLanguage\":\"pt-BR\",\"potentialAction\":[{\"@type\":\"ReadAction\",\"target\":[\"https:\/\/jornalfatosenoticias.com.br\/index.php\/2020\/03\/02\/lagarto-papa-vento-narigudo-conheca-o-curioso-animal-que-chama-a-atencao-pelo-nariz-avantajado\/\"]}]},{\"@type\":\"ImageObject\",\"inLanguage\":\"pt-BR\",\"@id\":\"https:\/\/jornalfatosenoticias.com.br\/index.php\/2020\/03\/02\/lagarto-papa-vento-narigudo-conheca-o-curioso-animal-que-chama-a-atencao-pelo-nariz-avantajado\/#primaryimage\",\"url\":\"https:\/\/jornalfatosenoticias.com.br\/wp-content\/uploads\/2020\/03\/lagarto-papa-vento-narigudo.jpg\",\"contentUrl\":\"https:\/\/jornalfatosenoticias.com.br\/wp-content\/uploads\/2020\/03\/lagarto-papa-vento-narigudo.jpg\",\"width\":980,\"height\":710},{\"@type\":\"BreadcrumbList\",\"@id\":\"https:\/\/jornalfatosenoticias.com.br\/index.php\/2020\/03\/02\/lagarto-papa-vento-narigudo-conheca-o-curioso-animal-que-chama-a-atencao-pelo-nariz-avantajado\/#breadcrumb\",\"itemListElement\":[{\"@type\":\"ListItem\",\"position\":1,\"name\":\"In\u00edcio\",\"item\":\"https:\/\/jornalfatosenoticias.com.br\/\"},{\"@type\":\"ListItem\",\"position\":2,\"name\":\"Lagarto papa-vento-narigudo: conhe\u00e7a o curioso animal que chama a aten\u00e7\u00e3o pelo &#8216;nariz&#8217; avantajado\"}]},{\"@type\":\"WebSite\",\"@id\":\"https:\/\/jornalfatosenoticias.com.br\/#website\",\"url\":\"https:\/\/jornalfatosenoticias.com.br\/\",\"name\":\"Jornal Fatos e Not\u00edcias\",\"description\":\"Not\u00edcias em geral\",\"publisher\":{\"@id\":\"https:\/\/jornalfatosenoticias.com.br\/#organization\"},\"potentialAction\":[{\"@type\":\"SearchAction\",\"target\":{\"@type\":\"EntryPoint\",\"urlTemplate\":\"https:\/\/jornalfatosenoticias.com.br\/?s={search_term_string}\"},\"query-input\":{\"@type\":\"PropertyValueSpecification\",\"valueRequired\":true,\"valueName\":\"search_term_string\"}}],\"inLanguage\":\"pt-BR\"},{\"@type\":\"Organization\",\"@id\":\"https:\/\/jornalfatosenoticias.com.br\/#organization\",\"name\":\"Jornal Fatos e Not\u00edcias\",\"url\":\"https:\/\/jornalfatosenoticias.com.br\/\",\"logo\":{\"@type\":\"ImageObject\",\"inLanguage\":\"pt-BR\",\"@id\":\"https:\/\/jornalfatosenoticias.com.br\/#\/schema\/logo\/image\/\",\"url\":\"https:\/\/jornalfatosenoticias.com.br\/wp-content\/uploads\/2020\/02\/logo120.png\",\"contentUrl\":\"https:\/\/jornalfatosenoticias.com.br\/wp-content\/uploads\/2020\/02\/logo120.png\",\"width\":1227,\"height\":120,\"caption\":\"Jornal Fatos e Not\u00edcias\"},\"image\":{\"@id\":\"https:\/\/jornalfatosenoticias.com.br\/#\/schema\/logo\/image\/\"}},{\"@type\":\"Person\",\"@id\":\"https:\/\/jornalfatosenoticias.com.br\/#\/schema\/person\/d63837fa13ac8666eb9e74e0985d6f81\",\"name\":\"Luzimara Fernandes\",\"image\":{\"@type\":\"ImageObject\",\"inLanguage\":\"pt-BR\",\"@id\":\"https:\/\/jornalfatosenoticias.com.br\/#\/schema\/person\/image\/\",\"url\":\"https:\/\/jornalfatosenoticias.com.br\/wp-content\/uploads\/2025\/05\/EU_portal.jpg\",\"contentUrl\":\"https:\/\/jornalfatosenoticias.com.br\/wp-content\/uploads\/2025\/05\/EU_portal.jpg\",\"caption\":\"Luzimara Fernandes\"},\"description\":\"Jornalista MTB 2358-ES\",\"sameAs\":[\"https:\/\/jornalfatosenoticias.com.br\"],\"url\":\"https:\/\/jornalfatosenoticias.com.br\/index.php\/author\/luzimara\/\"}]}<\/script>\n<!-- \/ Yoast SEO plugin. -->","yoast_head_json":{"title":"Lagarto papa-vento-narigudo: conhe\u00e7a o curioso animal que chama a aten\u00e7\u00e3o pelo 'nariz' avantajado - Jornal Fatos e Not\u00edcias","robots":{"index":"index","follow":"follow","max-snippet":"max-snippet:-1","max-image-preview":"max-image-preview:large","max-video-preview":"max-video-preview:-1"},"canonical":"https:\/\/jornalfatosenoticias.com.br\/index.php\/2020\/03\/02\/lagarto-papa-vento-narigudo-conheca-o-curioso-animal-que-chama-a-atencao-pelo-nariz-avantajado\/","og_locale":"pt_BR","og_type":"article","og_title":"Lagarto papa-vento-narigudo: conhe\u00e7a o curioso animal que chama a aten\u00e7\u00e3o pelo 'nariz' avantajado - Jornal Fatos e Not\u00edcias","og_description":"O lagarto papa-vento-narigudo, esp\u00e9cie Anolis phyllorhinus, \u00e9 a \u00fanica esp\u00e9cie do g\u00eanero com essa caracter\u00edstica que ocorre no Brasil, mais especificamente na Amaz\u00f4nia Central Os lagartos do g\u00eanero Anolis s\u00e3o conhecidos popularmente como papa-vento, e est\u00e3o distribu\u00eddos desde a Am\u00e9rica do Norte at\u00e9 a Am\u00e9rica do Sul, sendo encontrados nas florestas tropicais e subtropicais. Esse [&hellip;]","og_url":"https:\/\/jornalfatosenoticias.com.br\/index.php\/2020\/03\/02\/lagarto-papa-vento-narigudo-conheca-o-curioso-animal-que-chama-a-atencao-pelo-nariz-avantajado\/","og_site_name":"Jornal Fatos e Not\u00edcias","article_published_time":"2020-03-02T15:46:23+00:00","article_modified_time":"2020-03-02T15:46:29+00:00","og_image":[{"width":980,"height":710,"url":"https:\/\/jornalfatosenoticias.com.br\/wp-content\/uploads\/2020\/03\/lagarto-papa-vento-narigudo.jpg","type":"image\/jpeg"}],"author":"Luzimara Fernandes","twitter_card":"summary_large_image","twitter_misc":{"Escrito por":"Luzimara Fernandes","Est. tempo de leitura":"3 minutos"},"schema":{"@context":"https:\/\/schema.org","@graph":[{"@type":"Article","@id":"https:\/\/jornalfatosenoticias.com.br\/index.php\/2020\/03\/02\/lagarto-papa-vento-narigudo-conheca-o-curioso-animal-que-chama-a-atencao-pelo-nariz-avantajado\/#article","isPartOf":{"@id":"https:\/\/jornalfatosenoticias.com.br\/index.php\/2020\/03\/02\/lagarto-papa-vento-narigudo-conheca-o-curioso-animal-que-chama-a-atencao-pelo-nariz-avantajado\/"},"author":{"name":"Luzimara Fernandes","@id":"https:\/\/jornalfatosenoticias.com.br\/#\/schema\/person\/d63837fa13ac8666eb9e74e0985d6f81"},"headline":"Lagarto papa-vento-narigudo: conhe\u00e7a o curioso animal que chama a aten\u00e7\u00e3o pelo &#8216;nariz&#8217; avantajado","datePublished":"2020-03-02T15:46:23+00:00","dateModified":"2020-03-02T15:46:29+00:00","mainEntityOfPage":{"@id":"https:\/\/jornalfatosenoticias.com.br\/index.php\/2020\/03\/02\/lagarto-papa-vento-narigudo-conheca-o-curioso-animal-que-chama-a-atencao-pelo-nariz-avantajado\/"},"wordCount":608,"commentCount":0,"publisher":{"@id":"https:\/\/jornalfatosenoticias.com.br\/#organization"},"image":{"@id":"https:\/\/jornalfatosenoticias.com.br\/index.php\/2020\/03\/02\/lagarto-papa-vento-narigudo-conheca-o-curioso-animal-que-chama-a-atencao-pelo-nariz-avantajado\/#primaryimage"},"thumbnailUrl":"https:\/\/jornalfatosenoticias.com.br\/wp-content\/uploads\/2020\/03\/lagarto-papa-vento-narigudo.jpg","keywords":["amea\u00e7ado","extin\u00e7\u00e3o","Inpa","IUCN","lagarto"],"articleSection":["Geral"],"inLanguage":"pt-BR","potentialAction":[{"@type":"CommentAction","name":"Comment","target":["https:\/\/jornalfatosenoticias.com.br\/index.php\/2020\/03\/02\/lagarto-papa-vento-narigudo-conheca-o-curioso-animal-que-chama-a-atencao-pelo-nariz-avantajado\/#respond"]}]},{"@type":"WebPage","@id":"https:\/\/jornalfatosenoticias.com.br\/index.php\/2020\/03\/02\/lagarto-papa-vento-narigudo-conheca-o-curioso-animal-que-chama-a-atencao-pelo-nariz-avantajado\/","url":"https:\/\/jornalfatosenoticias.com.br\/index.php\/2020\/03\/02\/lagarto-papa-vento-narigudo-conheca-o-curioso-animal-que-chama-a-atencao-pelo-nariz-avantajado\/","name":"Lagarto papa-vento-narigudo: conhe\u00e7a o curioso animal que chama a aten\u00e7\u00e3o pelo 'nariz' avantajado - Jornal Fatos e Not\u00edcias","isPartOf":{"@id":"https:\/\/jornalfatosenoticias.com.br\/#website"},"primaryImageOfPage":{"@id":"https:\/\/jornalfatosenoticias.com.br\/index.php\/2020\/03\/02\/lagarto-papa-vento-narigudo-conheca-o-curioso-animal-que-chama-a-atencao-pelo-nariz-avantajado\/#primaryimage"},"image":{"@id":"https:\/\/jornalfatosenoticias.com.br\/index.php\/2020\/03\/02\/lagarto-papa-vento-narigudo-conheca-o-curioso-animal-que-chama-a-atencao-pelo-nariz-avantajado\/#primaryimage"},"thumbnailUrl":"https:\/\/jornalfatosenoticias.com.br\/wp-content\/uploads\/2020\/03\/lagarto-papa-vento-narigudo.jpg","datePublished":"2020-03-02T15:46:23+00:00","dateModified":"2020-03-02T15:46:29+00:00","breadcrumb":{"@id":"https:\/\/jornalfatosenoticias.com.br\/index.php\/2020\/03\/02\/lagarto-papa-vento-narigudo-conheca-o-curioso-animal-que-chama-a-atencao-pelo-nariz-avantajado\/#breadcrumb"},"inLanguage":"pt-BR","potentialAction":[{"@type":"ReadAction","target":["https:\/\/jornalfatosenoticias.com.br\/index.php\/2020\/03\/02\/lagarto-papa-vento-narigudo-conheca-o-curioso-animal-que-chama-a-atencao-pelo-nariz-avantajado\/"]}]},{"@type":"ImageObject","inLanguage":"pt-BR","@id":"https:\/\/jornalfatosenoticias.com.br\/index.php\/2020\/03\/02\/lagarto-papa-vento-narigudo-conheca-o-curioso-animal-que-chama-a-atencao-pelo-nariz-avantajado\/#primaryimage","url":"https:\/\/jornalfatosenoticias.com.br\/wp-content\/uploads\/2020\/03\/lagarto-papa-vento-narigudo.jpg","contentUrl":"https:\/\/jornalfatosenoticias.com.br\/wp-content\/uploads\/2020\/03\/lagarto-papa-vento-narigudo.jpg","width":980,"height":710},{"@type":"BreadcrumbList","@id":"https:\/\/jornalfatosenoticias.com.br\/index.php\/2020\/03\/02\/lagarto-papa-vento-narigudo-conheca-o-curioso-animal-que-chama-a-atencao-pelo-nariz-avantajado\/#breadcrumb","itemListElement":[{"@type":"ListItem","position":1,"name":"In\u00edcio","item":"https:\/\/jornalfatosenoticias.com.br\/"},{"@type":"ListItem","position":2,"name":"Lagarto papa-vento-narigudo: conhe\u00e7a o curioso animal que chama a aten\u00e7\u00e3o pelo &#8216;nariz&#8217; avantajado"}]},{"@type":"WebSite","@id":"https:\/\/jornalfatosenoticias.com.br\/#website","url":"https:\/\/jornalfatosenoticias.com.br\/","name":"Jornal Fatos e Not\u00edcias","description":"Not\u00edcias em geral","publisher":{"@id":"https:\/\/jornalfatosenoticias.com.br\/#organization"},"potentialAction":[{"@type":"SearchAction","target":{"@type":"EntryPoint","urlTemplate":"https:\/\/jornalfatosenoticias.com.br\/?s={search_term_string}"},"query-input":{"@type":"PropertyValueSpecification","valueRequired":true,"valueName":"search_term_string"}}],"inLanguage":"pt-BR"},{"@type":"Organization","@id":"https:\/\/jornalfatosenoticias.com.br\/#organization","name":"Jornal Fatos e Not\u00edcias","url":"https:\/\/jornalfatosenoticias.com.br\/","logo":{"@type":"ImageObject","inLanguage":"pt-BR","@id":"https:\/\/jornalfatosenoticias.com.br\/#\/schema\/logo\/image\/","url":"https:\/\/jornalfatosenoticias.com.br\/wp-content\/uploads\/2020\/02\/logo120.png","contentUrl":"https:\/\/jornalfatosenoticias.com.br\/wp-content\/uploads\/2020\/02\/logo120.png","width":1227,"height":120,"caption":"Jornal Fatos e Not\u00edcias"},"image":{"@id":"https:\/\/jornalfatosenoticias.com.br\/#\/schema\/logo\/image\/"}},{"@type":"Person","@id":"https:\/\/jornalfatosenoticias.com.br\/#\/schema\/person\/d63837fa13ac8666eb9e74e0985d6f81","name":"Luzimara Fernandes","image":{"@type":"ImageObject","inLanguage":"pt-BR","@id":"https:\/\/jornalfatosenoticias.com.br\/#\/schema\/person\/image\/","url":"https:\/\/jornalfatosenoticias.com.br\/wp-content\/uploads\/2025\/05\/EU_portal.jpg","contentUrl":"https:\/\/jornalfatosenoticias.com.br\/wp-content\/uploads\/2025\/05\/EU_portal.jpg","caption":"Luzimara Fernandes"},"description":"Jornalista MTB 2358-ES","sameAs":["https:\/\/jornalfatosenoticias.com.br"],"url":"https:\/\/jornalfatosenoticias.com.br\/index.php\/author\/luzimara\/"}]}},"cc_featured_image_caption":{"caption_text":"O lagarto papa-vento narigudo, Anolis phyllorhinus, com seu ap\u00eandice nasal (Foto: Shutterstock)","source_text":"","source_url":""},"jetpack_featured_media_url":"https:\/\/jornalfatosenoticias.com.br\/wp-content\/uploads\/2020\/03\/lagarto-papa-vento-narigudo.jpg","_links":{"self":[{"href":"https:\/\/jornalfatosenoticias.com.br\/index.php\/wp-json\/wp\/v2\/posts\/1628","targetHints":{"allow":["GET"]}}],"collection":[{"href":"https:\/\/jornalfatosenoticias.com.br\/index.php\/wp-json\/wp\/v2\/posts"}],"about":[{"href":"https:\/\/jornalfatosenoticias.com.br\/index.php\/wp-json\/wp\/v2\/types\/post"}],"author":[{"embeddable":true,"href":"https:\/\/jornalfatosenoticias.com.br\/index.php\/wp-json\/wp\/v2\/users\/2"}],"replies":[{"embeddable":true,"href":"https:\/\/jornalfatosenoticias.com.br\/index.php\/wp-json\/wp\/v2\/comments?post=1628"}],"version-history":[{"count":0,"href":"https:\/\/jornalfatosenoticias.com.br\/index.php\/wp-json\/wp\/v2\/posts\/1628\/revisions"}],"wp:featuredmedia":[{"embeddable":true,"href":"https:\/\/jornalfatosenoticias.com.br\/index.php\/wp-json\/wp\/v2\/media\/1630"}],"wp:attachment":[{"href":"https:\/\/jornalfatosenoticias.com.br\/index.php\/wp-json\/wp\/v2\/media?parent=1628"}],"wp:term":[{"taxonomy":"category","embeddable":true,"href":"https:\/\/jornalfatosenoticias.com.br\/index.php\/wp-json\/wp\/v2\/categories?post=1628"},{"taxonomy":"post_tag","embeddable":true,"href":"https:\/\/jornalfatosenoticias.com.br\/index.php\/wp-json\/wp\/v2\/tags?post=1628"}],"curies":[{"name":"wp","href":"https:\/\/api.w.org\/{rel}","templated":true}]}}