{"id":16358,"date":"2021-03-29T12:04:43","date_gmt":"2021-03-29T15:04:43","guid":{"rendered":"https:\/\/jornalfatosenoticias.com.br\/?p=16358"},"modified":"2021-03-29T12:05:57","modified_gmt":"2021-03-29T15:05:57","slug":"desafio-turismo-responsavel-termina-no-dia-15-de-abril","status":"publish","type":"post","link":"https:\/\/jornalfatosenoticias.com.br\/index.php\/2021\/03\/29\/desafio-turismo-responsavel-termina-no-dia-15-de-abril\/","title":{"rendered":"Desafio &#8220;Turismo Respons\u00e1vel&#8221; termina no dia 15 de abril"},"content":{"rendered":"\n<p>Em decorr\u00eancia das medidas restritivas do risco extremo para o enfrentamento da covid -19 no Esp\u00edrito Santo, a Secretaria de Turismo (Setur) estender\u00e1 o prazo para finaliza\u00e7\u00e3o do desafio \u201cTurismo Respons\u00e1vel\u201d para o dia 15 de abril. No Esp\u00edrito Santo, hoje, s\u00e3o 561 selos emitidos, a maioria da Regi\u00e3o Metropolitana, sendo meios de hospedagem e ag\u00eancias de viagens os de maior ades\u00e3o.<br>O selo \u201cTurismo Respons\u00e1vel\u201d sinaliza para os turistas que o empreendimento adotou as normas de preven\u00e7\u00e3o \u00e0 covid-19. A proposta do desafio \u00e9 que o munic\u00edpio que conseguir mobilizar o maior n\u00famero de empreendimentos para aderir ao selo, receber\u00e1 como pr\u00eamio a edi\u00e7\u00e3o de um e-book sobre o destino tur\u00edstico e um kit pesquisa, coordenado pelo Observat\u00f3rio de Turismo da Setur.<br>Para ades\u00e3o ao selo, como para todas as a\u00e7\u00f5es disponibilizadas para o setor de turismo \u00e9 pr\u00e9 requisito estar regular no Sistema de Cadastro de Pessoas F\u00edsicas e Jur\u00eddicas (Cadastur), inclusive para acesso \u00e0s linhas de cr\u00e9dito disponibilizadas pelo governo do Estado em decorr\u00eancia das medidas restritivas para enfrentamento da covid -19.<\/p>\n\n\n\n<blockquote class=\"wp-block-quote is-layout-flow wp-block-quote-is-layout-flow\"><p>\u201cTemos, hoje, no Esp\u00edrito Santo 2.300 cadastros em um universo de sete mil empreendimentos. Precisamos ampliar este n\u00famero. Al\u00e9m das linhas de cr\u00e9dito, quem est\u00e1 no Cadastur tem acesso a todas as pol\u00edticas p\u00fablicas para o segmento, capacita\u00e7\u00f5es, qualifica\u00e7\u00f5es entre outras a\u00e7\u00f5es\u201d, explica a secret\u00e1ria de Estado de Turismo, Lenise Loureiro.<\/p><\/blockquote>\n\n\n\n<p>O cadastro no Cadastur como ao selo \u00e9 feito exclusivamente pela internet por meio dos sites <a href=\"http:\/\/www.cadastur.turismo.gov.br\/\">www.cadastur.turismo.gov.br<\/a>&nbsp;e&nbsp;<a href=\"http:\/\/www.turismo.gov.br\/seloresponsavel\/\">www.turismo.gov.br\/seloresponsavel<\/a>.<\/p>\n\n\n\n<p><strong>Selo \u2014<\/strong> O selo \u201cTurismo Respons\u00e1vel\u201d sinaliza que o empreendimento est\u00e1 cumprindo os protocolos sanit\u00e1rios elaborados pelas institui\u00e7\u00f5es representativas das 15 atividades que comp\u00f5em a cadeia produtiva do turismo e aprovados pela Anvisa.<br>Estas regras est\u00e3o listadas no site <a href=\"http:\/\/www.turismo.gov.br\/seloresponsavel\/\">www.turismo.gov.br\/seloresponsavel<\/a><br>e explicadas uma a uma por meio de v\u00eddeo, facilitando a compreens\u00e3o de todos.<br>Para qualquer informa\u00e7\u00e3o, os interessados podem procurar a Ger\u00eancia de Gest\u00e3o de Turismo (Gestur) pelo telefone (27) 3636-8010 ou (27) 98868.0469 e pelo e-mail: <a href=\"mailto:cadastro@turismo.es.gov.br\">cadastro@turismo.es.gov.br<\/a>.<\/p>\n\n\n\n<p><strong><em>Fonte: <a href=\"https:\/\/setur.es.gov.br\/Not%C3%ADcia\/desafio-turismo-responsavel-termina-no-dia-15-de-abril\">Setur-ES<\/a><\/em><\/strong><\/p>\n","protected":false},"excerpt":{"rendered":"<p>Em decorr\u00eancia das medidas restritivas do risco extremo para o enfrentamento da covid -19 no Esp\u00edrito Santo, a Secretaria de Turismo (Setur) estender\u00e1 o prazo para finaliza\u00e7\u00e3o do desafio \u201cTurismo Respons\u00e1vel\u201d para o dia 15 de abril. No Esp\u00edrito Santo, hoje, s\u00e3o 561 selos emitidos, a maioria da Regi\u00e3o Metropolitana, sendo meios de hospedagem e [&hellip;]<\/p>\n","protected":false},"author":2,"featured_media":16359,"comment_status":"open","ping_status":"open","sticky":false,"template":"","format":"standard","meta":{"footnotes":""},"categories":[746],"tags":[8250,6393,5833],"class_list":["post-16358","post","type-post","status-publish","format-standard","has-post-thumbnail","hentry","category-turismo","tag-cadastur","tag-selo","tag-selo-turismo-responsavel"],"yoast_head":"<!-- This site is optimized with the Yoast SEO plugin v26.5 - https:\/\/yoast.com\/wordpress\/plugins\/seo\/ -->\n<title>Desafio &quot;Turismo Respons\u00e1vel&quot; termina no dia 15 de abril - Jornal Fatos e Not\u00edcias<\/title>\n<meta name=\"robots\" content=\"index, follow, max-snippet:-1, max-image-preview:large, max-video-preview:-1\" \/>\n<link rel=\"canonical\" href=\"https:\/\/jornalfatosenoticias.com.br\/index.php\/2021\/03\/29\/desafio-turismo-responsavel-termina-no-dia-15-de-abril\/\" \/>\n<meta property=\"og:locale\" content=\"pt_BR\" \/>\n<meta property=\"og:type\" content=\"article\" \/>\n<meta property=\"og:title\" content=\"Desafio &quot;Turismo Respons\u00e1vel&quot; termina no dia 15 de abril - Jornal Fatos e Not\u00edcias\" \/>\n<meta property=\"og:description\" content=\"Em decorr\u00eancia das medidas restritivas do risco extremo para o enfrentamento da covid -19 no Esp\u00edrito Santo, a Secretaria de Turismo (Setur) estender\u00e1 o prazo para finaliza\u00e7\u00e3o do desafio \u201cTurismo Respons\u00e1vel\u201d para o dia 15 de abril. No Esp\u00edrito Santo, hoje, s\u00e3o 561 selos emitidos, a maioria da Regi\u00e3o Metropolitana, sendo meios de hospedagem e [&hellip;]\" \/>\n<meta property=\"og:url\" content=\"https:\/\/jornalfatosenoticias.com.br\/index.php\/2021\/03\/29\/desafio-turismo-responsavel-termina-no-dia-15-de-abril\/\" \/>\n<meta property=\"og:site_name\" content=\"Jornal Fatos e Not\u00edcias\" \/>\n<meta property=\"article:published_time\" content=\"2021-03-29T15:04:43+00:00\" \/>\n<meta property=\"article:modified_time\" content=\"2021-03-29T15:05:57+00:00\" \/>\n<meta property=\"og:image\" content=\"https:\/\/jornalfatosenoticias.com.br\/wp-content\/uploads\/2021\/03\/selo-turismo-responsavel.jpg\" \/>\n\t<meta property=\"og:image:width\" content=\"1000\" \/>\n\t<meta property=\"og:image:height\" content=\"522\" \/>\n\t<meta property=\"og:image:type\" content=\"image\/jpeg\" \/>\n<meta name=\"author\" content=\"Luzimara Fernandes\" \/>\n<meta name=\"twitter:card\" content=\"summary_large_image\" \/>\n<meta name=\"twitter:label1\" content=\"Escrito por\" \/>\n\t<meta name=\"twitter:data1\" content=\"Luzimara Fernandes\" \/>\n\t<meta name=\"twitter:label2\" content=\"Est. tempo de leitura\" \/>\n\t<meta name=\"twitter:data2\" content=\"2 minutos\" \/>\n<script type=\"application\/ld+json\" class=\"yoast-schema-graph\">{\"@context\":\"https:\/\/schema.org\",\"@graph\":[{\"@type\":\"Article\",\"@id\":\"https:\/\/jornalfatosenoticias.com.br\/index.php\/2021\/03\/29\/desafio-turismo-responsavel-termina-no-dia-15-de-abril\/#article\",\"isPartOf\":{\"@id\":\"https:\/\/jornalfatosenoticias.com.br\/index.php\/2021\/03\/29\/desafio-turismo-responsavel-termina-no-dia-15-de-abril\/\"},\"author\":{\"name\":\"Luzimara Fernandes\",\"@id\":\"https:\/\/jornalfatosenoticias.com.br\/#\/schema\/person\/d63837fa13ac8666eb9e74e0985d6f81\"},\"headline\":\"Desafio &#8220;Turismo Respons\u00e1vel&#8221; termina no dia 15 de abril\",\"datePublished\":\"2021-03-29T15:04:43+00:00\",\"dateModified\":\"2021-03-29T15:05:57+00:00\",\"mainEntityOfPage\":{\"@id\":\"https:\/\/jornalfatosenoticias.com.br\/index.php\/2021\/03\/29\/desafio-turismo-responsavel-termina-no-dia-15-de-abril\/\"},\"wordCount\":384,\"commentCount\":0,\"publisher\":{\"@id\":\"https:\/\/jornalfatosenoticias.com.br\/#organization\"},\"image\":{\"@id\":\"https:\/\/jornalfatosenoticias.com.br\/index.php\/2021\/03\/29\/desafio-turismo-responsavel-termina-no-dia-15-de-abril\/#primaryimage\"},\"thumbnailUrl\":\"https:\/\/jornalfatosenoticias.com.br\/wp-content\/uploads\/2021\/03\/selo-turismo-responsavel.jpg\",\"keywords\":[\"Cadastur\",\"selo\",\"selo Turismo Respons\u00e1vel\"],\"articleSection\":[\"Turismo\"],\"inLanguage\":\"pt-BR\",\"potentialAction\":[{\"@type\":\"CommentAction\",\"name\":\"Comment\",\"target\":[\"https:\/\/jornalfatosenoticias.com.br\/index.php\/2021\/03\/29\/desafio-turismo-responsavel-termina-no-dia-15-de-abril\/#respond\"]}]},{\"@type\":\"WebPage\",\"@id\":\"https:\/\/jornalfatosenoticias.com.br\/index.php\/2021\/03\/29\/desafio-turismo-responsavel-termina-no-dia-15-de-abril\/\",\"url\":\"https:\/\/jornalfatosenoticias.com.br\/index.php\/2021\/03\/29\/desafio-turismo-responsavel-termina-no-dia-15-de-abril\/\",\"name\":\"Desafio \\\"Turismo Respons\u00e1vel\\\" termina no dia 15 de abril - Jornal Fatos e Not\u00edcias\",\"isPartOf\":{\"@id\":\"https:\/\/jornalfatosenoticias.com.br\/#website\"},\"primaryImageOfPage\":{\"@id\":\"https:\/\/jornalfatosenoticias.com.br\/index.php\/2021\/03\/29\/desafio-turismo-responsavel-termina-no-dia-15-de-abril\/#primaryimage\"},\"image\":{\"@id\":\"https:\/\/jornalfatosenoticias.com.br\/index.php\/2021\/03\/29\/desafio-turismo-responsavel-termina-no-dia-15-de-abril\/#primaryimage\"},\"thumbnailUrl\":\"https:\/\/jornalfatosenoticias.com.br\/wp-content\/uploads\/2021\/03\/selo-turismo-responsavel.jpg\",\"datePublished\":\"2021-03-29T15:04:43+00:00\",\"dateModified\":\"2021-03-29T15:05:57+00:00\",\"breadcrumb\":{\"@id\":\"https:\/\/jornalfatosenoticias.com.br\/index.php\/2021\/03\/29\/desafio-turismo-responsavel-termina-no-dia-15-de-abril\/#breadcrumb\"},\"inLanguage\":\"pt-BR\",\"potentialAction\":[{\"@type\":\"ReadAction\",\"target\":[\"https:\/\/jornalfatosenoticias.com.br\/index.php\/2021\/03\/29\/desafio-turismo-responsavel-termina-no-dia-15-de-abril\/\"]}]},{\"@type\":\"ImageObject\",\"inLanguage\":\"pt-BR\",\"@id\":\"https:\/\/jornalfatosenoticias.com.br\/index.php\/2021\/03\/29\/desafio-turismo-responsavel-termina-no-dia-15-de-abril\/#primaryimage\",\"url\":\"https:\/\/jornalfatosenoticias.com.br\/wp-content\/uploads\/2021\/03\/selo-turismo-responsavel.jpg\",\"contentUrl\":\"https:\/\/jornalfatosenoticias.com.br\/wp-content\/uploads\/2021\/03\/selo-turismo-responsavel.jpg\",\"width\":1000,\"height\":522},{\"@type\":\"BreadcrumbList\",\"@id\":\"https:\/\/jornalfatosenoticias.com.br\/index.php\/2021\/03\/29\/desafio-turismo-responsavel-termina-no-dia-15-de-abril\/#breadcrumb\",\"itemListElement\":[{\"@type\":\"ListItem\",\"position\":1,\"name\":\"In\u00edcio\",\"item\":\"https:\/\/jornalfatosenoticias.com.br\/\"},{\"@type\":\"ListItem\",\"position\":2,\"name\":\"Desafio &#8220;Turismo Respons\u00e1vel&#8221; termina no dia 15 de abril\"}]},{\"@type\":\"WebSite\",\"@id\":\"https:\/\/jornalfatosenoticias.com.br\/#website\",\"url\":\"https:\/\/jornalfatosenoticias.com.br\/\",\"name\":\"Jornal Fatos e Not\u00edcias\",\"description\":\"Not\u00edcias em geral\",\"publisher\":{\"@id\":\"https:\/\/jornalfatosenoticias.com.br\/#organization\"},\"potentialAction\":[{\"@type\":\"SearchAction\",\"target\":{\"@type\":\"EntryPoint\",\"urlTemplate\":\"https:\/\/jornalfatosenoticias.com.br\/?s={search_term_string}\"},\"query-input\":{\"@type\":\"PropertyValueSpecification\",\"valueRequired\":true,\"valueName\":\"search_term_string\"}}],\"inLanguage\":\"pt-BR\"},{\"@type\":\"Organization\",\"@id\":\"https:\/\/jornalfatosenoticias.com.br\/#organization\",\"name\":\"Jornal Fatos e Not\u00edcias\",\"url\":\"https:\/\/jornalfatosenoticias.com.br\/\",\"logo\":{\"@type\":\"ImageObject\",\"inLanguage\":\"pt-BR\",\"@id\":\"https:\/\/jornalfatosenoticias.com.br\/#\/schema\/logo\/image\/\",\"url\":\"https:\/\/jornalfatosenoticias.com.br\/wp-content\/uploads\/2020\/02\/logo120.png\",\"contentUrl\":\"https:\/\/jornalfatosenoticias.com.br\/wp-content\/uploads\/2020\/02\/logo120.png\",\"width\":1227,\"height\":120,\"caption\":\"Jornal Fatos e Not\u00edcias\"},\"image\":{\"@id\":\"https:\/\/jornalfatosenoticias.com.br\/#\/schema\/logo\/image\/\"}},{\"@type\":\"Person\",\"@id\":\"https:\/\/jornalfatosenoticias.com.br\/#\/schema\/person\/d63837fa13ac8666eb9e74e0985d6f81\",\"name\":\"Luzimara Fernandes\",\"image\":{\"@type\":\"ImageObject\",\"inLanguage\":\"pt-BR\",\"@id\":\"https:\/\/jornalfatosenoticias.com.br\/#\/schema\/person\/image\/\",\"url\":\"https:\/\/jornalfatosenoticias.com.br\/wp-content\/uploads\/2025\/05\/EU_portal.jpg\",\"contentUrl\":\"https:\/\/jornalfatosenoticias.com.br\/wp-content\/uploads\/2025\/05\/EU_portal.jpg\",\"caption\":\"Luzimara Fernandes\"},\"description\":\"Jornalista MTB 2358-ES\",\"sameAs\":[\"https:\/\/jornalfatosenoticias.com.br\"],\"url\":\"https:\/\/jornalfatosenoticias.com.br\/index.php\/author\/luzimara\/\"}]}<\/script>\n<!-- \/ Yoast SEO plugin. -->","yoast_head_json":{"title":"Desafio \"Turismo Respons\u00e1vel\" termina no dia 15 de abril - Jornal Fatos e Not\u00edcias","robots":{"index":"index","follow":"follow","max-snippet":"max-snippet:-1","max-image-preview":"max-image-preview:large","max-video-preview":"max-video-preview:-1"},"canonical":"https:\/\/jornalfatosenoticias.com.br\/index.php\/2021\/03\/29\/desafio-turismo-responsavel-termina-no-dia-15-de-abril\/","og_locale":"pt_BR","og_type":"article","og_title":"Desafio \"Turismo Respons\u00e1vel\" termina no dia 15 de abril - Jornal Fatos e Not\u00edcias","og_description":"Em decorr\u00eancia das medidas restritivas do risco extremo para o enfrentamento da covid -19 no Esp\u00edrito Santo, a Secretaria de Turismo (Setur) estender\u00e1 o prazo para finaliza\u00e7\u00e3o do desafio \u201cTurismo Respons\u00e1vel\u201d para o dia 15 de abril. No Esp\u00edrito Santo, hoje, s\u00e3o 561 selos emitidos, a maioria da Regi\u00e3o Metropolitana, sendo meios de hospedagem e [&hellip;]","og_url":"https:\/\/jornalfatosenoticias.com.br\/index.php\/2021\/03\/29\/desafio-turismo-responsavel-termina-no-dia-15-de-abril\/","og_site_name":"Jornal Fatos e Not\u00edcias","article_published_time":"2021-03-29T15:04:43+00:00","article_modified_time":"2021-03-29T15:05:57+00:00","og_image":[{"width":1000,"height":522,"url":"https:\/\/jornalfatosenoticias.com.br\/wp-content\/uploads\/2021\/03\/selo-turismo-responsavel.jpg","type":"image\/jpeg"}],"author":"Luzimara Fernandes","twitter_card":"summary_large_image","twitter_misc":{"Escrito por":"Luzimara Fernandes","Est. tempo de leitura":"2 minutos"},"schema":{"@context":"https:\/\/schema.org","@graph":[{"@type":"Article","@id":"https:\/\/jornalfatosenoticias.com.br\/index.php\/2021\/03\/29\/desafio-turismo-responsavel-termina-no-dia-15-de-abril\/#article","isPartOf":{"@id":"https:\/\/jornalfatosenoticias.com.br\/index.php\/2021\/03\/29\/desafio-turismo-responsavel-termina-no-dia-15-de-abril\/"},"author":{"name":"Luzimara Fernandes","@id":"https:\/\/jornalfatosenoticias.com.br\/#\/schema\/person\/d63837fa13ac8666eb9e74e0985d6f81"},"headline":"Desafio &#8220;Turismo Respons\u00e1vel&#8221; termina no dia 15 de abril","datePublished":"2021-03-29T15:04:43+00:00","dateModified":"2021-03-29T15:05:57+00:00","mainEntityOfPage":{"@id":"https:\/\/jornalfatosenoticias.com.br\/index.php\/2021\/03\/29\/desafio-turismo-responsavel-termina-no-dia-15-de-abril\/"},"wordCount":384,"commentCount":0,"publisher":{"@id":"https:\/\/jornalfatosenoticias.com.br\/#organization"},"image":{"@id":"https:\/\/jornalfatosenoticias.com.br\/index.php\/2021\/03\/29\/desafio-turismo-responsavel-termina-no-dia-15-de-abril\/#primaryimage"},"thumbnailUrl":"https:\/\/jornalfatosenoticias.com.br\/wp-content\/uploads\/2021\/03\/selo-turismo-responsavel.jpg","keywords":["Cadastur","selo","selo Turismo Respons\u00e1vel"],"articleSection":["Turismo"],"inLanguage":"pt-BR","potentialAction":[{"@type":"CommentAction","name":"Comment","target":["https:\/\/jornalfatosenoticias.com.br\/index.php\/2021\/03\/29\/desafio-turismo-responsavel-termina-no-dia-15-de-abril\/#respond"]}]},{"@type":"WebPage","@id":"https:\/\/jornalfatosenoticias.com.br\/index.php\/2021\/03\/29\/desafio-turismo-responsavel-termina-no-dia-15-de-abril\/","url":"https:\/\/jornalfatosenoticias.com.br\/index.php\/2021\/03\/29\/desafio-turismo-responsavel-termina-no-dia-15-de-abril\/","name":"Desafio \"Turismo Respons\u00e1vel\" termina no dia 15 de abril - Jornal Fatos e Not\u00edcias","isPartOf":{"@id":"https:\/\/jornalfatosenoticias.com.br\/#website"},"primaryImageOfPage":{"@id":"https:\/\/jornalfatosenoticias.com.br\/index.php\/2021\/03\/29\/desafio-turismo-responsavel-termina-no-dia-15-de-abril\/#primaryimage"},"image":{"@id":"https:\/\/jornalfatosenoticias.com.br\/index.php\/2021\/03\/29\/desafio-turismo-responsavel-termina-no-dia-15-de-abril\/#primaryimage"},"thumbnailUrl":"https:\/\/jornalfatosenoticias.com.br\/wp-content\/uploads\/2021\/03\/selo-turismo-responsavel.jpg","datePublished":"2021-03-29T15:04:43+00:00","dateModified":"2021-03-29T15:05:57+00:00","breadcrumb":{"@id":"https:\/\/jornalfatosenoticias.com.br\/index.php\/2021\/03\/29\/desafio-turismo-responsavel-termina-no-dia-15-de-abril\/#breadcrumb"},"inLanguage":"pt-BR","potentialAction":[{"@type":"ReadAction","target":["https:\/\/jornalfatosenoticias.com.br\/index.php\/2021\/03\/29\/desafio-turismo-responsavel-termina-no-dia-15-de-abril\/"]}]},{"@type":"ImageObject","inLanguage":"pt-BR","@id":"https:\/\/jornalfatosenoticias.com.br\/index.php\/2021\/03\/29\/desafio-turismo-responsavel-termina-no-dia-15-de-abril\/#primaryimage","url":"https:\/\/jornalfatosenoticias.com.br\/wp-content\/uploads\/2021\/03\/selo-turismo-responsavel.jpg","contentUrl":"https:\/\/jornalfatosenoticias.com.br\/wp-content\/uploads\/2021\/03\/selo-turismo-responsavel.jpg","width":1000,"height":522},{"@type":"BreadcrumbList","@id":"https:\/\/jornalfatosenoticias.com.br\/index.php\/2021\/03\/29\/desafio-turismo-responsavel-termina-no-dia-15-de-abril\/#breadcrumb","itemListElement":[{"@type":"ListItem","position":1,"name":"In\u00edcio","item":"https:\/\/jornalfatosenoticias.com.br\/"},{"@type":"ListItem","position":2,"name":"Desafio &#8220;Turismo Respons\u00e1vel&#8221; termina no dia 15 de abril"}]},{"@type":"WebSite","@id":"https:\/\/jornalfatosenoticias.com.br\/#website","url":"https:\/\/jornalfatosenoticias.com.br\/","name":"Jornal Fatos e Not\u00edcias","description":"Not\u00edcias em geral","publisher":{"@id":"https:\/\/jornalfatosenoticias.com.br\/#organization"},"potentialAction":[{"@type":"SearchAction","target":{"@type":"EntryPoint","urlTemplate":"https:\/\/jornalfatosenoticias.com.br\/?s={search_term_string}"},"query-input":{"@type":"PropertyValueSpecification","valueRequired":true,"valueName":"search_term_string"}}],"inLanguage":"pt-BR"},{"@type":"Organization","@id":"https:\/\/jornalfatosenoticias.com.br\/#organization","name":"Jornal Fatos e Not\u00edcias","url":"https:\/\/jornalfatosenoticias.com.br\/","logo":{"@type":"ImageObject","inLanguage":"pt-BR","@id":"https:\/\/jornalfatosenoticias.com.br\/#\/schema\/logo\/image\/","url":"https:\/\/jornalfatosenoticias.com.br\/wp-content\/uploads\/2020\/02\/logo120.png","contentUrl":"https:\/\/jornalfatosenoticias.com.br\/wp-content\/uploads\/2020\/02\/logo120.png","width":1227,"height":120,"caption":"Jornal Fatos e Not\u00edcias"},"image":{"@id":"https:\/\/jornalfatosenoticias.com.br\/#\/schema\/logo\/image\/"}},{"@type":"Person","@id":"https:\/\/jornalfatosenoticias.com.br\/#\/schema\/person\/d63837fa13ac8666eb9e74e0985d6f81","name":"Luzimara Fernandes","image":{"@type":"ImageObject","inLanguage":"pt-BR","@id":"https:\/\/jornalfatosenoticias.com.br\/#\/schema\/person\/image\/","url":"https:\/\/jornalfatosenoticias.com.br\/wp-content\/uploads\/2025\/05\/EU_portal.jpg","contentUrl":"https:\/\/jornalfatosenoticias.com.br\/wp-content\/uploads\/2025\/05\/EU_portal.jpg","caption":"Luzimara Fernandes"},"description":"Jornalista MTB 2358-ES","sameAs":["https:\/\/jornalfatosenoticias.com.br"],"url":"https:\/\/jornalfatosenoticias.com.br\/index.php\/author\/luzimara\/"}]}},"cc_featured_image_caption":{"caption_text":"(Foto: Ascom\/Setur-ES)","source_text":"","source_url":""},"jetpack_featured_media_url":"https:\/\/jornalfatosenoticias.com.br\/wp-content\/uploads\/2021\/03\/selo-turismo-responsavel.jpg","_links":{"self":[{"href":"https:\/\/jornalfatosenoticias.com.br\/index.php\/wp-json\/wp\/v2\/posts\/16358","targetHints":{"allow":["GET"]}}],"collection":[{"href":"https:\/\/jornalfatosenoticias.com.br\/index.php\/wp-json\/wp\/v2\/posts"}],"about":[{"href":"https:\/\/jornalfatosenoticias.com.br\/index.php\/wp-json\/wp\/v2\/types\/post"}],"author":[{"embeddable":true,"href":"https:\/\/jornalfatosenoticias.com.br\/index.php\/wp-json\/wp\/v2\/users\/2"}],"replies":[{"embeddable":true,"href":"https:\/\/jornalfatosenoticias.com.br\/index.php\/wp-json\/wp\/v2\/comments?post=16358"}],"version-history":[{"count":0,"href":"https:\/\/jornalfatosenoticias.com.br\/index.php\/wp-json\/wp\/v2\/posts\/16358\/revisions"}],"wp:featuredmedia":[{"embeddable":true,"href":"https:\/\/jornalfatosenoticias.com.br\/index.php\/wp-json\/wp\/v2\/media\/16359"}],"wp:attachment":[{"href":"https:\/\/jornalfatosenoticias.com.br\/index.php\/wp-json\/wp\/v2\/media?parent=16358"}],"wp:term":[{"taxonomy":"category","embeddable":true,"href":"https:\/\/jornalfatosenoticias.com.br\/index.php\/wp-json\/wp\/v2\/categories?post=16358"},{"taxonomy":"post_tag","embeddable":true,"href":"https:\/\/jornalfatosenoticias.com.br\/index.php\/wp-json\/wp\/v2\/tags?post=16358"}],"curies":[{"name":"wp","href":"https:\/\/api.w.org\/{rel}","templated":true}]}}