{"id":16362,"date":"2021-03-29T12:12:06","date_gmt":"2021-03-29T15:12:06","guid":{"rendered":"https:\/\/jornalfatosenoticias.com.br\/?p=16362"},"modified":"2021-03-29T12:12:10","modified_gmt":"2021-03-29T15:12:10","slug":"sedu-entregara-cestas-basicas-a-alunos-da-rede-estadual","status":"publish","type":"post","link":"https:\/\/jornalfatosenoticias.com.br\/index.php\/2021\/03\/29\/sedu-entregara-cestas-basicas-a-alunos-da-rede-estadual\/","title":{"rendered":"Sedu entregar\u00e1 cestas b\u00e1sicas a alunos da Rede Estadual"},"content":{"rendered":"\n<p>O governo do Estado, por meio da Secretaria da Educa\u00e7\u00e3o (Sedu), publicou, no Di\u00e1rio Oficial do Estado, desta segunda-feira (29), a Portaria N\u00ba 076-R, que disp\u00f5e sobre as regras sobre a libera\u00e7\u00e3o de cestas b\u00e1sicas para os alunos da Rede Estadual de Educa\u00e7\u00e3o, durante o per\u00edodo da quarentena, em virtude da suspens\u00e3o das aulas presenciais. O investimento ser\u00e1 de mais de R$ 11,5 milh\u00f5es e beneficiar\u00e1 cerca de 115.558 alunos, inscritos no Cad\u00danico. O benef\u00edcio equivale ao per\u00edodo de 18 de mar\u00e7o a 16 de abril, totalizando 20 dias \u00fateis.<br>O valor ser\u00e1 repassado aos Conselhos de Escola por meio do Programa Estadual de Gest\u00e3o Financeira Escolar (Progefe). As escolas ficar\u00e3o respons\u00e1veis em comprar os g\u00eaneros aliment\u00edcios, contatar as fam\u00edlias e realizar a entrega.<br>O secret\u00e1rio de Estado da Educa\u00e7\u00e3o, V\u00edtor de \u00c2ngelo, destacou os pr\u00f3ximos passos para a efetiva\u00e7\u00e3o da a\u00e7\u00e3o.<\/p>\n\n\n\n<blockquote class=\"wp-block-quote is-layout-flow wp-block-quote-is-layout-flow\"><p>\u201cVamos distribuir mais cestas b\u00e1sicas, correspondentes aos dias de suspens\u00e3o das aulas presenciais. Ainda precisamos de mais alguns dias para que o recurso seja liberado, chegue \u00e0s escolas e, por fim, seja entregue \u00e0s fam\u00edlias\u201d, afirmou.<\/p><\/blockquote>\n\n\n\n<p><a href=\"https:\/\/sedu.es.gov.br\/Media\/sedu\/pdf%20e%20Arquivos\/MINUTA%20DA%20PORTARIA%20076-R%20-%20CUSTEIO%20-%20G%C3%8ANEROS%20ALIMENT%C3%8DCIOS%20CORONAV%C3%8DRUS%20MAR%C3%87O.pdf\">Portaria n\u00ba 076-R<\/a><\/p>\n\n\n\n<p><strong><em>Fonte: <a href=\"https:\/\/sedu.es.gov.br\/Not%C3%ADcia\/sedu-entregara-cestas-basicas-a-alunos-da-rede-estadual-2\">Sedu-ES<\/a><\/em><\/strong><\/p>\n","protected":false},"excerpt":{"rendered":"<p>O governo do Estado, por meio da Secretaria da Educa\u00e7\u00e3o (Sedu), publicou, no Di\u00e1rio Oficial do Estado, desta segunda-feira (29), a Portaria N\u00ba 076-R, que disp\u00f5e sobre as regras sobre a libera\u00e7\u00e3o de cestas b\u00e1sicas para os alunos da Rede Estadual de Educa\u00e7\u00e3o, durante o per\u00edodo da quarentena, em virtude da suspens\u00e3o das aulas presenciais. [&hellip;]<\/p>\n","protected":false},"author":2,"featured_media":16363,"comment_status":"open","ping_status":"open","sticky":false,"template":"","format":"standard","meta":{"footnotes":""},"categories":[7],"tags":[8251,345,409,8252],"class_list":["post-16362","post","type-post","status-publish","format-standard","has-post-thumbnail","hentry","category-educacao","tag-cestas-basicas","tag-educacao","tag-sedu","tag-suspensao-aulas"],"yoast_head":"<!-- This site is optimized with the Yoast SEO plugin v26.5 - https:\/\/yoast.com\/wordpress\/plugins\/seo\/ -->\n<title>Sedu entregar\u00e1 cestas b\u00e1sicas a alunos da Rede Estadual - Jornal Fatos e Not\u00edcias<\/title>\n<meta name=\"robots\" content=\"index, follow, max-snippet:-1, max-image-preview:large, max-video-preview:-1\" \/>\n<link rel=\"canonical\" href=\"https:\/\/jornalfatosenoticias.com.br\/index.php\/2021\/03\/29\/sedu-entregara-cestas-basicas-a-alunos-da-rede-estadual\/\" \/>\n<meta property=\"og:locale\" content=\"pt_BR\" \/>\n<meta property=\"og:type\" content=\"article\" \/>\n<meta property=\"og:title\" content=\"Sedu entregar\u00e1 cestas b\u00e1sicas a alunos da Rede Estadual - Jornal Fatos e Not\u00edcias\" \/>\n<meta property=\"og:description\" content=\"O governo do Estado, por meio da Secretaria da Educa\u00e7\u00e3o (Sedu), publicou, no Di\u00e1rio Oficial do Estado, desta segunda-feira (29), a Portaria N\u00ba 076-R, que disp\u00f5e sobre as regras sobre a libera\u00e7\u00e3o de cestas b\u00e1sicas para os alunos da Rede Estadual de Educa\u00e7\u00e3o, durante o per\u00edodo da quarentena, em virtude da suspens\u00e3o das aulas presenciais. [&hellip;]\" \/>\n<meta property=\"og:url\" content=\"https:\/\/jornalfatosenoticias.com.br\/index.php\/2021\/03\/29\/sedu-entregara-cestas-basicas-a-alunos-da-rede-estadual\/\" \/>\n<meta property=\"og:site_name\" content=\"Jornal Fatos e Not\u00edcias\" \/>\n<meta property=\"article:published_time\" content=\"2021-03-29T15:12:06+00:00\" \/>\n<meta property=\"article:modified_time\" content=\"2021-03-29T15:12:10+00:00\" \/>\n<meta property=\"og:image\" content=\"https:\/\/jornalfatosenoticias.com.br\/wp-content\/uploads\/2021\/03\/CESTAS-BASICAS_SEDU.jpeg\" \/>\n\t<meta property=\"og:image:width\" content=\"1000\" \/>\n\t<meta property=\"og:image:height\" content=\"664\" \/>\n\t<meta property=\"og:image:type\" content=\"image\/jpeg\" \/>\n<meta name=\"author\" content=\"Luzimara Fernandes\" \/>\n<meta name=\"twitter:card\" content=\"summary_large_image\" \/>\n<meta name=\"twitter:label1\" content=\"Escrito por\" \/>\n\t<meta name=\"twitter:data1\" content=\"Luzimara Fernandes\" \/>\n\t<meta name=\"twitter:label2\" content=\"Est. tempo de leitura\" \/>\n\t<meta name=\"twitter:data2\" content=\"1 minuto\" \/>\n<script type=\"application\/ld+json\" class=\"yoast-schema-graph\">{\"@context\":\"https:\/\/schema.org\",\"@graph\":[{\"@type\":\"Article\",\"@id\":\"https:\/\/jornalfatosenoticias.com.br\/index.php\/2021\/03\/29\/sedu-entregara-cestas-basicas-a-alunos-da-rede-estadual\/#article\",\"isPartOf\":{\"@id\":\"https:\/\/jornalfatosenoticias.com.br\/index.php\/2021\/03\/29\/sedu-entregara-cestas-basicas-a-alunos-da-rede-estadual\/\"},\"author\":{\"name\":\"Luzimara Fernandes\",\"@id\":\"https:\/\/jornalfatosenoticias.com.br\/#\/schema\/person\/d63837fa13ac8666eb9e74e0985d6f81\"},\"headline\":\"Sedu entregar\u00e1 cestas b\u00e1sicas a alunos da Rede Estadual\",\"datePublished\":\"2021-03-29T15:12:06+00:00\",\"dateModified\":\"2021-03-29T15:12:10+00:00\",\"mainEntityOfPage\":{\"@id\":\"https:\/\/jornalfatosenoticias.com.br\/index.php\/2021\/03\/29\/sedu-entregara-cestas-basicas-a-alunos-da-rede-estadual\/\"},\"wordCount\":215,\"commentCount\":0,\"publisher\":{\"@id\":\"https:\/\/jornalfatosenoticias.com.br\/#organization\"},\"image\":{\"@id\":\"https:\/\/jornalfatosenoticias.com.br\/index.php\/2021\/03\/29\/sedu-entregara-cestas-basicas-a-alunos-da-rede-estadual\/#primaryimage\"},\"thumbnailUrl\":\"https:\/\/jornalfatosenoticias.com.br\/wp-content\/uploads\/2021\/03\/CESTAS-BASICAS_SEDU.jpeg\",\"keywords\":[\"cestas b\u00e1sicas\",\"educa\u00e7\u00e3o\",\"Sedu\",\"suspens\u00e3o aulas\"],\"articleSection\":[\"Educa\u00e7\u00e3o\"],\"inLanguage\":\"pt-BR\",\"potentialAction\":[{\"@type\":\"CommentAction\",\"name\":\"Comment\",\"target\":[\"https:\/\/jornalfatosenoticias.com.br\/index.php\/2021\/03\/29\/sedu-entregara-cestas-basicas-a-alunos-da-rede-estadual\/#respond\"]}]},{\"@type\":\"WebPage\",\"@id\":\"https:\/\/jornalfatosenoticias.com.br\/index.php\/2021\/03\/29\/sedu-entregara-cestas-basicas-a-alunos-da-rede-estadual\/\",\"url\":\"https:\/\/jornalfatosenoticias.com.br\/index.php\/2021\/03\/29\/sedu-entregara-cestas-basicas-a-alunos-da-rede-estadual\/\",\"name\":\"Sedu entregar\u00e1 cestas b\u00e1sicas a alunos da Rede Estadual - Jornal Fatos e Not\u00edcias\",\"isPartOf\":{\"@id\":\"https:\/\/jornalfatosenoticias.com.br\/#website\"},\"primaryImageOfPage\":{\"@id\":\"https:\/\/jornalfatosenoticias.com.br\/index.php\/2021\/03\/29\/sedu-entregara-cestas-basicas-a-alunos-da-rede-estadual\/#primaryimage\"},\"image\":{\"@id\":\"https:\/\/jornalfatosenoticias.com.br\/index.php\/2021\/03\/29\/sedu-entregara-cestas-basicas-a-alunos-da-rede-estadual\/#primaryimage\"},\"thumbnailUrl\":\"https:\/\/jornalfatosenoticias.com.br\/wp-content\/uploads\/2021\/03\/CESTAS-BASICAS_SEDU.jpeg\",\"datePublished\":\"2021-03-29T15:12:06+00:00\",\"dateModified\":\"2021-03-29T15:12:10+00:00\",\"breadcrumb\":{\"@id\":\"https:\/\/jornalfatosenoticias.com.br\/index.php\/2021\/03\/29\/sedu-entregara-cestas-basicas-a-alunos-da-rede-estadual\/#breadcrumb\"},\"inLanguage\":\"pt-BR\",\"potentialAction\":[{\"@type\":\"ReadAction\",\"target\":[\"https:\/\/jornalfatosenoticias.com.br\/index.php\/2021\/03\/29\/sedu-entregara-cestas-basicas-a-alunos-da-rede-estadual\/\"]}]},{\"@type\":\"ImageObject\",\"inLanguage\":\"pt-BR\",\"@id\":\"https:\/\/jornalfatosenoticias.com.br\/index.php\/2021\/03\/29\/sedu-entregara-cestas-basicas-a-alunos-da-rede-estadual\/#primaryimage\",\"url\":\"https:\/\/jornalfatosenoticias.com.br\/wp-content\/uploads\/2021\/03\/CESTAS-BASICAS_SEDU.jpeg\",\"contentUrl\":\"https:\/\/jornalfatosenoticias.com.br\/wp-content\/uploads\/2021\/03\/CESTAS-BASICAS_SEDU.jpeg\",\"width\":1000,\"height\":664},{\"@type\":\"BreadcrumbList\",\"@id\":\"https:\/\/jornalfatosenoticias.com.br\/index.php\/2021\/03\/29\/sedu-entregara-cestas-basicas-a-alunos-da-rede-estadual\/#breadcrumb\",\"itemListElement\":[{\"@type\":\"ListItem\",\"position\":1,\"name\":\"In\u00edcio\",\"item\":\"https:\/\/jornalfatosenoticias.com.br\/\"},{\"@type\":\"ListItem\",\"position\":2,\"name\":\"Sedu entregar\u00e1 cestas b\u00e1sicas a alunos da Rede Estadual\"}]},{\"@type\":\"WebSite\",\"@id\":\"https:\/\/jornalfatosenoticias.com.br\/#website\",\"url\":\"https:\/\/jornalfatosenoticias.com.br\/\",\"name\":\"Jornal Fatos e Not\u00edcias\",\"description\":\"Not\u00edcias em geral\",\"publisher\":{\"@id\":\"https:\/\/jornalfatosenoticias.com.br\/#organization\"},\"potentialAction\":[{\"@type\":\"SearchAction\",\"target\":{\"@type\":\"EntryPoint\",\"urlTemplate\":\"https:\/\/jornalfatosenoticias.com.br\/?s={search_term_string}\"},\"query-input\":{\"@type\":\"PropertyValueSpecification\",\"valueRequired\":true,\"valueName\":\"search_term_string\"}}],\"inLanguage\":\"pt-BR\"},{\"@type\":\"Organization\",\"@id\":\"https:\/\/jornalfatosenoticias.com.br\/#organization\",\"name\":\"Jornal Fatos e Not\u00edcias\",\"url\":\"https:\/\/jornalfatosenoticias.com.br\/\",\"logo\":{\"@type\":\"ImageObject\",\"inLanguage\":\"pt-BR\",\"@id\":\"https:\/\/jornalfatosenoticias.com.br\/#\/schema\/logo\/image\/\",\"url\":\"https:\/\/jornalfatosenoticias.com.br\/wp-content\/uploads\/2020\/02\/logo120.png\",\"contentUrl\":\"https:\/\/jornalfatosenoticias.com.br\/wp-content\/uploads\/2020\/02\/logo120.png\",\"width\":1227,\"height\":120,\"caption\":\"Jornal Fatos e Not\u00edcias\"},\"image\":{\"@id\":\"https:\/\/jornalfatosenoticias.com.br\/#\/schema\/logo\/image\/\"}},{\"@type\":\"Person\",\"@id\":\"https:\/\/jornalfatosenoticias.com.br\/#\/schema\/person\/d63837fa13ac8666eb9e74e0985d6f81\",\"name\":\"Luzimara Fernandes\",\"image\":{\"@type\":\"ImageObject\",\"inLanguage\":\"pt-BR\",\"@id\":\"https:\/\/jornalfatosenoticias.com.br\/#\/schema\/person\/image\/\",\"url\":\"https:\/\/jornalfatosenoticias.com.br\/wp-content\/uploads\/2025\/05\/EU_portal.jpg\",\"contentUrl\":\"https:\/\/jornalfatosenoticias.com.br\/wp-content\/uploads\/2025\/05\/EU_portal.jpg\",\"caption\":\"Luzimara Fernandes\"},\"description\":\"Jornalista MTB 2358-ES\",\"sameAs\":[\"https:\/\/jornalfatosenoticias.com.br\"],\"url\":\"https:\/\/jornalfatosenoticias.com.br\/index.php\/author\/luzimara\/\"}]}<\/script>\n<!-- \/ Yoast SEO plugin. -->","yoast_head_json":{"title":"Sedu entregar\u00e1 cestas b\u00e1sicas a alunos da Rede Estadual - Jornal Fatos e Not\u00edcias","robots":{"index":"index","follow":"follow","max-snippet":"max-snippet:-1","max-image-preview":"max-image-preview:large","max-video-preview":"max-video-preview:-1"},"canonical":"https:\/\/jornalfatosenoticias.com.br\/index.php\/2021\/03\/29\/sedu-entregara-cestas-basicas-a-alunos-da-rede-estadual\/","og_locale":"pt_BR","og_type":"article","og_title":"Sedu entregar\u00e1 cestas b\u00e1sicas a alunos da Rede Estadual - Jornal Fatos e Not\u00edcias","og_description":"O governo do Estado, por meio da Secretaria da Educa\u00e7\u00e3o (Sedu), publicou, no Di\u00e1rio Oficial do Estado, desta segunda-feira (29), a Portaria N\u00ba 076-R, que disp\u00f5e sobre as regras sobre a libera\u00e7\u00e3o de cestas b\u00e1sicas para os alunos da Rede Estadual de Educa\u00e7\u00e3o, durante o per\u00edodo da quarentena, em virtude da suspens\u00e3o das aulas presenciais. [&hellip;]","og_url":"https:\/\/jornalfatosenoticias.com.br\/index.php\/2021\/03\/29\/sedu-entregara-cestas-basicas-a-alunos-da-rede-estadual\/","og_site_name":"Jornal Fatos e Not\u00edcias","article_published_time":"2021-03-29T15:12:06+00:00","article_modified_time":"2021-03-29T15:12:10+00:00","og_image":[{"width":1000,"height":664,"url":"https:\/\/jornalfatosenoticias.com.br\/wp-content\/uploads\/2021\/03\/CESTAS-BASICAS_SEDU.jpeg","type":"image\/jpeg"}],"author":"Luzimara Fernandes","twitter_card":"summary_large_image","twitter_misc":{"Escrito por":"Luzimara Fernandes","Est. tempo de leitura":"1 minuto"},"schema":{"@context":"https:\/\/schema.org","@graph":[{"@type":"Article","@id":"https:\/\/jornalfatosenoticias.com.br\/index.php\/2021\/03\/29\/sedu-entregara-cestas-basicas-a-alunos-da-rede-estadual\/#article","isPartOf":{"@id":"https:\/\/jornalfatosenoticias.com.br\/index.php\/2021\/03\/29\/sedu-entregara-cestas-basicas-a-alunos-da-rede-estadual\/"},"author":{"name":"Luzimara Fernandes","@id":"https:\/\/jornalfatosenoticias.com.br\/#\/schema\/person\/d63837fa13ac8666eb9e74e0985d6f81"},"headline":"Sedu entregar\u00e1 cestas b\u00e1sicas a alunos da Rede Estadual","datePublished":"2021-03-29T15:12:06+00:00","dateModified":"2021-03-29T15:12:10+00:00","mainEntityOfPage":{"@id":"https:\/\/jornalfatosenoticias.com.br\/index.php\/2021\/03\/29\/sedu-entregara-cestas-basicas-a-alunos-da-rede-estadual\/"},"wordCount":215,"commentCount":0,"publisher":{"@id":"https:\/\/jornalfatosenoticias.com.br\/#organization"},"image":{"@id":"https:\/\/jornalfatosenoticias.com.br\/index.php\/2021\/03\/29\/sedu-entregara-cestas-basicas-a-alunos-da-rede-estadual\/#primaryimage"},"thumbnailUrl":"https:\/\/jornalfatosenoticias.com.br\/wp-content\/uploads\/2021\/03\/CESTAS-BASICAS_SEDU.jpeg","keywords":["cestas b\u00e1sicas","educa\u00e7\u00e3o","Sedu","suspens\u00e3o aulas"],"articleSection":["Educa\u00e7\u00e3o"],"inLanguage":"pt-BR","potentialAction":[{"@type":"CommentAction","name":"Comment","target":["https:\/\/jornalfatosenoticias.com.br\/index.php\/2021\/03\/29\/sedu-entregara-cestas-basicas-a-alunos-da-rede-estadual\/#respond"]}]},{"@type":"WebPage","@id":"https:\/\/jornalfatosenoticias.com.br\/index.php\/2021\/03\/29\/sedu-entregara-cestas-basicas-a-alunos-da-rede-estadual\/","url":"https:\/\/jornalfatosenoticias.com.br\/index.php\/2021\/03\/29\/sedu-entregara-cestas-basicas-a-alunos-da-rede-estadual\/","name":"Sedu entregar\u00e1 cestas b\u00e1sicas a alunos da Rede Estadual - Jornal Fatos e Not\u00edcias","isPartOf":{"@id":"https:\/\/jornalfatosenoticias.com.br\/#website"},"primaryImageOfPage":{"@id":"https:\/\/jornalfatosenoticias.com.br\/index.php\/2021\/03\/29\/sedu-entregara-cestas-basicas-a-alunos-da-rede-estadual\/#primaryimage"},"image":{"@id":"https:\/\/jornalfatosenoticias.com.br\/index.php\/2021\/03\/29\/sedu-entregara-cestas-basicas-a-alunos-da-rede-estadual\/#primaryimage"},"thumbnailUrl":"https:\/\/jornalfatosenoticias.com.br\/wp-content\/uploads\/2021\/03\/CESTAS-BASICAS_SEDU.jpeg","datePublished":"2021-03-29T15:12:06+00:00","dateModified":"2021-03-29T15:12:10+00:00","breadcrumb":{"@id":"https:\/\/jornalfatosenoticias.com.br\/index.php\/2021\/03\/29\/sedu-entregara-cestas-basicas-a-alunos-da-rede-estadual\/#breadcrumb"},"inLanguage":"pt-BR","potentialAction":[{"@type":"ReadAction","target":["https:\/\/jornalfatosenoticias.com.br\/index.php\/2021\/03\/29\/sedu-entregara-cestas-basicas-a-alunos-da-rede-estadual\/"]}]},{"@type":"ImageObject","inLanguage":"pt-BR","@id":"https:\/\/jornalfatosenoticias.com.br\/index.php\/2021\/03\/29\/sedu-entregara-cestas-basicas-a-alunos-da-rede-estadual\/#primaryimage","url":"https:\/\/jornalfatosenoticias.com.br\/wp-content\/uploads\/2021\/03\/CESTAS-BASICAS_SEDU.jpeg","contentUrl":"https:\/\/jornalfatosenoticias.com.br\/wp-content\/uploads\/2021\/03\/CESTAS-BASICAS_SEDU.jpeg","width":1000,"height":664},{"@type":"BreadcrumbList","@id":"https:\/\/jornalfatosenoticias.com.br\/index.php\/2021\/03\/29\/sedu-entregara-cestas-basicas-a-alunos-da-rede-estadual\/#breadcrumb","itemListElement":[{"@type":"ListItem","position":1,"name":"In\u00edcio","item":"https:\/\/jornalfatosenoticias.com.br\/"},{"@type":"ListItem","position":2,"name":"Sedu entregar\u00e1 cestas b\u00e1sicas a alunos da Rede Estadual"}]},{"@type":"WebSite","@id":"https:\/\/jornalfatosenoticias.com.br\/#website","url":"https:\/\/jornalfatosenoticias.com.br\/","name":"Jornal Fatos e Not\u00edcias","description":"Not\u00edcias em geral","publisher":{"@id":"https:\/\/jornalfatosenoticias.com.br\/#organization"},"potentialAction":[{"@type":"SearchAction","target":{"@type":"EntryPoint","urlTemplate":"https:\/\/jornalfatosenoticias.com.br\/?s={search_term_string}"},"query-input":{"@type":"PropertyValueSpecification","valueRequired":true,"valueName":"search_term_string"}}],"inLanguage":"pt-BR"},{"@type":"Organization","@id":"https:\/\/jornalfatosenoticias.com.br\/#organization","name":"Jornal Fatos e Not\u00edcias","url":"https:\/\/jornalfatosenoticias.com.br\/","logo":{"@type":"ImageObject","inLanguage":"pt-BR","@id":"https:\/\/jornalfatosenoticias.com.br\/#\/schema\/logo\/image\/","url":"https:\/\/jornalfatosenoticias.com.br\/wp-content\/uploads\/2020\/02\/logo120.png","contentUrl":"https:\/\/jornalfatosenoticias.com.br\/wp-content\/uploads\/2020\/02\/logo120.png","width":1227,"height":120,"caption":"Jornal Fatos e Not\u00edcias"},"image":{"@id":"https:\/\/jornalfatosenoticias.com.br\/#\/schema\/logo\/image\/"}},{"@type":"Person","@id":"https:\/\/jornalfatosenoticias.com.br\/#\/schema\/person\/d63837fa13ac8666eb9e74e0985d6f81","name":"Luzimara Fernandes","image":{"@type":"ImageObject","inLanguage":"pt-BR","@id":"https:\/\/jornalfatosenoticias.com.br\/#\/schema\/person\/image\/","url":"https:\/\/jornalfatosenoticias.com.br\/wp-content\/uploads\/2025\/05\/EU_portal.jpg","contentUrl":"https:\/\/jornalfatosenoticias.com.br\/wp-content\/uploads\/2025\/05\/EU_portal.jpg","caption":"Luzimara Fernandes"},"description":"Jornalista MTB 2358-ES","sameAs":["https:\/\/jornalfatosenoticias.com.br"],"url":"https:\/\/jornalfatosenoticias.com.br\/index.php\/author\/luzimara\/"}]}},"cc_featured_image_caption":{"caption_text":"(Foto: Ascom\/Sedu-ES)","source_text":"","source_url":""},"jetpack_featured_media_url":"https:\/\/jornalfatosenoticias.com.br\/wp-content\/uploads\/2021\/03\/CESTAS-BASICAS_SEDU.jpeg","_links":{"self":[{"href":"https:\/\/jornalfatosenoticias.com.br\/index.php\/wp-json\/wp\/v2\/posts\/16362","targetHints":{"allow":["GET"]}}],"collection":[{"href":"https:\/\/jornalfatosenoticias.com.br\/index.php\/wp-json\/wp\/v2\/posts"}],"about":[{"href":"https:\/\/jornalfatosenoticias.com.br\/index.php\/wp-json\/wp\/v2\/types\/post"}],"author":[{"embeddable":true,"href":"https:\/\/jornalfatosenoticias.com.br\/index.php\/wp-json\/wp\/v2\/users\/2"}],"replies":[{"embeddable":true,"href":"https:\/\/jornalfatosenoticias.com.br\/index.php\/wp-json\/wp\/v2\/comments?post=16362"}],"version-history":[{"count":0,"href":"https:\/\/jornalfatosenoticias.com.br\/index.php\/wp-json\/wp\/v2\/posts\/16362\/revisions"}],"wp:featuredmedia":[{"embeddable":true,"href":"https:\/\/jornalfatosenoticias.com.br\/index.php\/wp-json\/wp\/v2\/media\/16363"}],"wp:attachment":[{"href":"https:\/\/jornalfatosenoticias.com.br\/index.php\/wp-json\/wp\/v2\/media?parent=16362"}],"wp:term":[{"taxonomy":"category","embeddable":true,"href":"https:\/\/jornalfatosenoticias.com.br\/index.php\/wp-json\/wp\/v2\/categories?post=16362"},{"taxonomy":"post_tag","embeddable":true,"href":"https:\/\/jornalfatosenoticias.com.br\/index.php\/wp-json\/wp\/v2\/tags?post=16362"}],"curies":[{"name":"wp","href":"https:\/\/api.w.org\/{rel}","templated":true}]}}