{"id":16392,"date":"2021-03-30T17:37:38","date_gmt":"2021-03-30T20:37:38","guid":{"rendered":"https:\/\/jornalfatosenoticias.com.br\/?p=16392"},"modified":"2021-03-30T17:37:44","modified_gmt":"2021-03-30T20:37:44","slug":"elefantes-africanos-estao-mais-proximos-da-extincao-revela-relatorio","status":"publish","type":"post","link":"https:\/\/jornalfatosenoticias.com.br\/index.php\/2021\/03\/30\/elefantes-africanos-estao-mais-proximos-da-extincao-revela-relatorio\/","title":{"rendered":"Elefantes-africanos est\u00e3o mais pr\u00f3ximos da extin\u00e7\u00e3o, revela relat\u00f3rio"},"content":{"rendered":"\n<p>O <a href=\"https:\/\/www.hypeness.com.br\/2020\/01\/elefante-cego-danca-sempre-que-pianista-toca-sua-musica-favorita\/\" rel=\"noreferrer noopener\" target=\"_blank\">elefante<\/a>-africano est\u00e1\u00a0<a href=\"https:\/\/www.hypeness.com.br\/2020\/10\/2-a-cada-5-especies-de-plantas-no-mundo-estao-em-risco-de-extincao\/\" rel=\"noreferrer noopener\" target=\"_blank\">\u00e0 beira da extin\u00e7\u00e3o<\/a>: essa \u00e9 a conclus\u00e3o do relat\u00f3rio publicado recentemente pela Uni\u00e3o Internacional para a Conserva\u00e7\u00e3o da Natureza (IUCN, em ingl\u00eas) e estabelecido a partir de uma nova contagem do animal no\u00a0<a href=\"https:\/\/www.hypeness.com.br\/2020\/10\/continente-africano-nao-se-resume-a-miseria-e-a-pobreza-e-essa-thread-e-um-lindo-lembrete-disso\/\" rel=\"noreferrer noopener\" target=\"_blank\">continente<\/a>. Se em levantamentos anteriores os elefantes encontrados eram considerados de uma \u00fanica esp\u00e9cie, a nova contagem separa o animal em dois tipos diferentes \u2013 e ambos est\u00e3o\u00a0<a href=\"https:\/\/www.hypeness.com.br\/2019\/10\/essas-fotos-tem-o-mesmo-numero-de-pixels-que-sobreviventes-destas-especies-em-extincao\/\" rel=\"noreferrer noopener\" target=\"_blank\">severamente amea\u00e7ados de desaparecer da natureza<\/a>.<br>Enquanto os elefantes-da-savana (Loxodonta africana, em sua nomenclatura cient\u00edfica) viram sua popula\u00e7\u00e3o reduzir em 60% nos \u00faltimos 50 anos \u2014 e ser classificada como uma esp\u00e9cie \u201cem perigo\u201d \u2014 os elefantes-da-floresta (Loxodonta cyclotis), menores e comumente encontrados na selva da <a href=\"https:\/\/www.hypeness.com.br\/2018\/04\/a-enorme-fenda-que-pode-separar-a-africa-em-duas\/\" rel=\"noreferrer noopener\" target=\"_blank\">\u00c1frica Central e Ocidental<\/a>,\u00a0<strong>desapareceram em cerca de 86%<\/strong>\u00a0ao longo do mesmo per\u00edodo, e se encontram na lista vermelha, entre as esp\u00e9cies mais amea\u00e7adas. Segundo a estimativa, no in\u00edcio dos\u00a0<a href=\"https:\/\/www.hypeness.com.br\/2020\/08\/as-mil-facetas-dos-eua-na-decada-de-70-registradas-nas-incriveis-fotos-pb-de-jim-hair\/\" rel=\"noreferrer noopener\" target=\"_blank\">anos 1970<\/a>\u00a0existiam cerca de 1,5 milh\u00e3o de elefantes por toda\u00a0<a href=\"https:\/\/www.hypeness.com.br\/2020\/10\/cine-africa-grandes-filmes-africanos-online-e-de-graca-em-mostra-virtual\/\" rel=\"noreferrer noopener\" target=\"_blank\">\u00c1frica<\/a>: em 2016 esse n\u00famero havia ca\u00eddo para 415 mil. 86% da popula\u00e7\u00e3o dos elefantes-da-floresta desapareceu nos \u00faltimos 50 anos.<br>Tal queda se acentuou especialmente a partir de 2008, por conta de um aumento sens\u00edvel na <a href=\"https:\/\/www.hypeness.com.br\/2021\/03\/cacadores-causam-revolta-por-morte-de-216-lobos-em-60-horas\/\" rel=\"noreferrer noopener\" target=\"_blank\">ca\u00e7a ao animal<\/a>, a fim de retirar e vender seu marfim: o pico de tal pr\u00e1tica se deu em 2011, mas a amea\u00e7a segue at\u00e9 hoje.\u00a0<a href=\"https:\/\/www.hypeness.com.br\/2019\/07\/elefante-reage-a-invasao-de-espaco-na-africa-do-sul-e-motorista-foge-de-marcha-a-re\/\" rel=\"noreferrer noopener\" target=\"_blank\">A invas\u00e3o e destrui\u00e7\u00e3o de seu habitat<\/a>\u00a0\u00e9 outra amea\u00e7a crescente:\u00a0<strong>atualmente os elefantes ocupam somente 25% de seu territ\u00f3rio original<\/strong>\u00a0no\u00a0<a href=\"https:\/\/www.hypeness.com.br\/2017\/09\/fotografo-usa-sua-arte-para-mudar-a-percepcao-que-as-pessoas-tem-da-africa\/\" rel=\"noreferrer noopener\" target=\"_blank\">continente africano<\/a>, em queda que acompanha o ritmo do desaparecimento do maior animal terrestre do planeta.<\/p>\n\n\n\n<div class=\"wp-block-jetpack-slideshow aligncenter\" data-effect=\"slide\"><div class=\"wp-block-jetpack-slideshow_container swiper-container\"><ul class=\"wp-block-jetpack-slideshow_swiper-wrapper swiper-wrapper\"><li class=\"wp-block-jetpack-slideshow_slide swiper-slide\"><figure><img loading=\"lazy\" decoding=\"async\" width=\"1000\" height=\"667\" alt=\"\" class=\"wp-block-jetpack-slideshow_image wp-image-16393\" data-id=\"16393\" src=\"https:\/\/jornalfatosenoticias.com.br\/wp-content\/uploads\/2021\/03\/elefanta-e-filhote.jpg\" srcset=\"https:\/\/jornalfatosenoticias.com.br\/wp-content\/uploads\/2021\/03\/elefanta-e-filhote.jpg 1000w, https:\/\/jornalfatosenoticias.com.br\/wp-content\/uploads\/2021\/03\/elefanta-e-filhote-300x200.jpg 300w, https:\/\/jornalfatosenoticias.com.br\/wp-content\/uploads\/2021\/03\/elefanta-e-filhote-768x512.jpg 768w\" sizes=\"auto, (max-width: 1000px) 100vw, 1000px\" \/><figcaption class=\"wp-block-jetpack-slideshow_caption gallery-caption\">86% da popula\u00e7\u00e3o dos elefantes-da-floresta desapareceu nos \u00faltimos 50 anos (Foto: Getty Images) <\/figcaption><\/figure><\/li><li class=\"wp-block-jetpack-slideshow_slide swiper-slide\"><figure><img loading=\"lazy\" decoding=\"async\" width=\"628\" height=\"417\" alt=\"\" class=\"wp-block-jetpack-slideshow_image wp-image-16394\" data-id=\"16394\" src=\"https:\/\/jornalfatosenoticias.com.br\/wp-content\/uploads\/2021\/03\/ELEFANTE.jpg\" srcset=\"https:\/\/jornalfatosenoticias.com.br\/wp-content\/uploads\/2021\/03\/ELEFANTE.jpg 628w, https:\/\/jornalfatosenoticias.com.br\/wp-content\/uploads\/2021\/03\/ELEFANTE-300x199.jpg 300w\" sizes=\"auto, (max-width: 628px) 100vw, 628px\" \/><figcaption class=\"wp-block-jetpack-slideshow_caption gallery-caption\">Loxodonta cyclotis, ou elefante-da-floresta, em parque da Rep\u00fablica Centro-Africana (Foto: Getty Images) <\/figcaption><\/figure><\/li><li class=\"wp-block-jetpack-slideshow_slide swiper-slide\"><figure><img loading=\"lazy\" decoding=\"async\" width=\"1000\" height=\"599\" alt=\"\" class=\"wp-block-jetpack-slideshow_image wp-image-16395\" data-id=\"16395\" src=\"https:\/\/jornalfatosenoticias.com.br\/wp-content\/uploads\/2021\/03\/ELEFANTES.jpg\" srcset=\"https:\/\/jornalfatosenoticias.com.br\/wp-content\/uploads\/2021\/03\/ELEFANTES.jpg 1000w, https:\/\/jornalfatosenoticias.com.br\/wp-content\/uploads\/2021\/03\/ELEFANTES-300x180.jpg 300w, https:\/\/jornalfatosenoticias.com.br\/wp-content\/uploads\/2021\/03\/ELEFANTES-768x460.jpg 768w\" sizes=\"auto, (max-width: 1000px) 100vw, 1000px\" \/><figcaption class=\"wp-block-jetpack-slideshow_caption gallery-caption\"> Um grupo de elefantes-da-savana em com o Monte Kilimanjaro, no Qu\u00eania, ao fundo (Foto: Getty Images) <\/figcaption><\/figure><\/li><\/ul><a class=\"wp-block-jetpack-slideshow_button-prev swiper-button-prev swiper-button-white\" role=\"button\"><\/a><a class=\"wp-block-jetpack-slideshow_button-next swiper-button-next swiper-button-white\" role=\"button\"><\/a><a aria-label=\"Pause Slideshow\" class=\"wp-block-jetpack-slideshow_button-pause\" role=\"button\"><\/a><div class=\"wp-block-jetpack-slideshow_pagination swiper-pagination swiper-pagination-white\"><\/div><\/div><\/div>\n\n\n\n<h4 class=\"wp-block-heading\">Venda de marfim financia o terrorismo<\/h4>\n\n\n\n<p>Segundo Lee White, ministro da \u00c1gua e Florestas do Gab\u00e3o, um dos pa\u00edses que mais concentra popula\u00e7\u00f5es de elefante no mundo, o marfim retirado ilegalmente dos animais \u00e9 quase todo revendido para a <a href=\"https:\/\/www.hypeness.com.br\/2020\/07\/nigeria-sera-potencia-e-brasil-caira-de-235-para-135-milhoes-de-habitantes-ao-final-do-seculo\/\" rel=\"noreferrer noopener\" target=\"_blank\">Nig\u00e9ria<\/a>, e\u00a0<strong>ajuda a financiar o Boko Haram, bra\u00e7o do\u00a0<a href=\"https:\/\/www.hypeness.com.br\/2018\/12\/professora-organiza-resgate-de-aluno-em-regiao-dominada-pelo-estado-islamico\/\" rel=\"noreferrer noopener\" target=\"_blank\">Estado Isl\u00e2mico<\/a>\u00a0que atua na \u00c1frica Ocidental<\/strong>, principalmente na Nig\u00e9ria, em Chade e nos\u00a0<a href=\"https:\/\/www.hypeness.com.br\/2018\/06\/a-luta-contra-a-fifa-e-o-dia-em-que-camaroes-botou-o-futebol-para-dancar\/\" rel=\"noreferrer noopener\" target=\"_blank\">Camar\u00f5es<\/a>. \u201cPor isso, esta \u00e9 mesmo uma guerra transfronteiri\u00e7a contra o crime organizado e at\u00e9 contra o terrorismo\u201d, afirma White.<br>\u201cTransformamos bi\u00f3logos em guerreiros, transform\u00e1mos pessoas que se juntaram para observar os elefantes e trabalhar na natureza, nos parques nacionais, em soldados que foram para a guerra para garantir a sobreviv\u00eancia dos elefantes\u201d, diz o ministro, elencando algumas medidas de conserva\u00e7\u00e3o tomadas no pa\u00eds, como a <a href=\"https:\/\/www.hypeness.com.br\/2016\/02\/brasil-tera-primeira-reserva-de-protecao-de-elefantes-da-america-latina-para-abrigar-vitimas-de-maus-tratos\/\" rel=\"noreferrer noopener\" target=\"_blank\">cria\u00e7\u00e3o de reservas e santu\u00e1rios<\/a>, vem trazendo bons resultados.<br>\u201cPrecisamos acabar urgentemente com a ca\u00e7a e garantir que <a href=\"https:\/\/www.hypeness.com.br\/2016\/02\/fotografo-cria-serie-poderosa-com-retratos-de-animais-em-tamanho-real-nos-seus-habitats-agora-destruidos\/\" rel=\"noreferrer noopener\" target=\"_blank\">habitat<\/a>\u00a0seja suficiente para que os elefantes da floresta e da\u00a0<a href=\"https:\/\/www.hypeness.com.br\/2014\/06\/fotografo-capta-a-beleza-do-nascer-e-do-por-do-sol-na-savana-africana\/\" rel=\"noreferrer noopener\" target=\"_blank\">savana<\/a> sejam conservados\u201d, afirmou Bruno Oberle, diretor-geral da IUCN.<\/p>\n\n\n\n<div class=\"wp-block-jetpack-slideshow aligncenter\" data-effect=\"slide\"><div class=\"wp-block-jetpack-slideshow_container swiper-container\"><ul class=\"wp-block-jetpack-slideshow_swiper-wrapper swiper-wrapper\"><li class=\"wp-block-jetpack-slideshow_slide swiper-slide\"><figure><img loading=\"lazy\" decoding=\"async\" width=\"1000\" height=\"633\" alt=\"\" class=\"wp-block-jetpack-slideshow_image wp-image-16396\" data-id=\"16396\" src=\"https:\/\/jornalfatosenoticias.com.br\/wp-content\/uploads\/2021\/03\/elefante-arvore-ao-fundo.jpg\" srcset=\"https:\/\/jornalfatosenoticias.com.br\/wp-content\/uploads\/2021\/03\/elefante-arvore-ao-fundo.jpg 1000w, https:\/\/jornalfatosenoticias.com.br\/wp-content\/uploads\/2021\/03\/elefante-arvore-ao-fundo-300x190.jpg 300w, https:\/\/jornalfatosenoticias.com.br\/wp-content\/uploads\/2021\/03\/elefante-arvore-ao-fundo-768x486.jpg 768w\" sizes=\"auto, (max-width: 1000px) 100vw, 1000px\" \/><figcaption class=\"wp-block-jetpack-slideshow_caption gallery-caption\">A destrui\u00e7\u00e3o do habitat do animal \u00e9 outra amea\u00e7a determinante (Foto: Getty Images)<\/figcaption><\/figure><\/li><li class=\"wp-block-jetpack-slideshow_slide swiper-slide\"><figure><img loading=\"lazy\" decoding=\"async\" width=\"1000\" height=\"684\" alt=\"\" class=\"wp-block-jetpack-slideshow_image wp-image-16397\" data-id=\"16397\" src=\"https:\/\/jornalfatosenoticias.com.br\/wp-content\/uploads\/2021\/03\/manada-elefantes.jpg\" srcset=\"https:\/\/jornalfatosenoticias.com.br\/wp-content\/uploads\/2021\/03\/manada-elefantes.jpg 1000w, https:\/\/jornalfatosenoticias.com.br\/wp-content\/uploads\/2021\/03\/manada-elefantes-300x205.jpg 300w, https:\/\/jornalfatosenoticias.com.br\/wp-content\/uploads\/2021\/03\/manada-elefantes-768x525.jpg 768w\" sizes=\"auto, (max-width: 1000px) 100vw, 1000px\" \/><figcaption class=\"wp-block-jetpack-slideshow_caption gallery-caption\">A ca\u00e7a para venda de marfim amea\u00e7a o animal e financia o grupo terrorista Boko Haram (Foto: Getty Images)<\/figcaption><\/figure><\/li><\/ul><a class=\"wp-block-jetpack-slideshow_button-prev swiper-button-prev swiper-button-white\" role=\"button\"><\/a><a class=\"wp-block-jetpack-slideshow_button-next swiper-button-next swiper-button-white\" role=\"button\"><\/a><a aria-label=\"Pause Slideshow\" class=\"wp-block-jetpack-slideshow_button-pause\" role=\"button\"><\/a><div class=\"wp-block-jetpack-slideshow_pagination swiper-pagination swiper-pagination-white\"><\/div><\/div><\/div>\n\n\n\n<p><strong><em>Fonte: <a href=\"https:\/\/www.msn.com\/pt-br\/noticias\/meio-ambiente\/elefantes-africanos-est%c3%a3o-mais-pr%c3%b3ximos-da-extin%c3%a7%c3%a3o-revela-relat%c3%b3rio\/ar-BB1f5dCm\">MSN Not\u00edcias<\/a><\/em><\/strong><\/p>\n","protected":false},"excerpt":{"rendered":"<p>O elefante-africano est\u00e1\u00a0\u00e0 beira da extin\u00e7\u00e3o: essa \u00e9 a conclus\u00e3o do relat\u00f3rio publicado recentemente pela Uni\u00e3o Internacional para a Conserva\u00e7\u00e3o da Natureza (IUCN, em ingl\u00eas) e estabelecido a partir de uma nova contagem do animal no\u00a0continente. Se em levantamentos anteriores os elefantes encontrados eram considerados de uma \u00fanica esp\u00e9cie, a nova contagem separa o animal [&hellip;]<\/p>\n","protected":false},"author":2,"featured_media":16396,"comment_status":"open","ping_status":"open","sticky":false,"template":"","format":"standard","meta":{"footnotes":""},"categories":[8],"tags":[182,3016,204,8263,5236],"class_list":["post-16392","post","type-post","status-publish","format-standard","has-post-thumbnail","hentry","category-meio-ambiente","tag-africa","tag-ameaca-de-extincao","tag-elefantes","tag-elefantes-africanos","tag-savana"],"yoast_head":"<!-- This site is optimized with the Yoast SEO plugin v26.5 - https:\/\/yoast.com\/wordpress\/plugins\/seo\/ -->\n<title>Elefantes-africanos est\u00e3o mais pr\u00f3ximos da extin\u00e7\u00e3o, revela relat\u00f3rio - Jornal Fatos e Not\u00edcias<\/title>\n<meta name=\"robots\" content=\"index, follow, max-snippet:-1, max-image-preview:large, max-video-preview:-1\" \/>\n<link rel=\"canonical\" href=\"https:\/\/jornalfatosenoticias.com.br\/index.php\/2021\/03\/30\/elefantes-africanos-estao-mais-proximos-da-extincao-revela-relatorio\/\" \/>\n<meta property=\"og:locale\" content=\"pt_BR\" \/>\n<meta property=\"og:type\" content=\"article\" \/>\n<meta property=\"og:title\" content=\"Elefantes-africanos est\u00e3o mais pr\u00f3ximos da extin\u00e7\u00e3o, revela relat\u00f3rio - Jornal Fatos e Not\u00edcias\" \/>\n<meta property=\"og:description\" content=\"O elefante-africano est\u00e1\u00a0\u00e0 beira da extin\u00e7\u00e3o: essa \u00e9 a conclus\u00e3o do relat\u00f3rio publicado recentemente pela Uni\u00e3o Internacional para a Conserva\u00e7\u00e3o da Natureza (IUCN, em ingl\u00eas) e estabelecido a partir de uma nova contagem do animal no\u00a0continente. Se em levantamentos anteriores os elefantes encontrados eram considerados de uma \u00fanica esp\u00e9cie, a nova contagem separa o animal [&hellip;]\" \/>\n<meta property=\"og:url\" content=\"https:\/\/jornalfatosenoticias.com.br\/index.php\/2021\/03\/30\/elefantes-africanos-estao-mais-proximos-da-extincao-revela-relatorio\/\" \/>\n<meta property=\"og:site_name\" content=\"Jornal Fatos e Not\u00edcias\" \/>\n<meta property=\"article:published_time\" content=\"2021-03-30T20:37:38+00:00\" \/>\n<meta property=\"article:modified_time\" content=\"2021-03-30T20:37:44+00:00\" \/>\n<meta property=\"og:image\" content=\"https:\/\/jornalfatosenoticias.com.br\/wp-content\/uploads\/2021\/03\/elefante-arvore-ao-fundo.jpg\" \/>\n\t<meta property=\"og:image:width\" content=\"1000\" \/>\n\t<meta property=\"og:image:height\" content=\"633\" \/>\n\t<meta property=\"og:image:type\" content=\"image\/jpeg\" \/>\n<meta name=\"author\" content=\"Luzimara Fernandes\" \/>\n<meta name=\"twitter:card\" content=\"summary_large_image\" \/>\n<meta name=\"twitter:label1\" content=\"Escrito por\" \/>\n\t<meta name=\"twitter:data1\" content=\"Luzimara Fernandes\" \/>\n\t<meta name=\"twitter:label2\" content=\"Est. tempo de leitura\" \/>\n\t<meta name=\"twitter:data2\" content=\"3 minutos\" \/>\n<script type=\"application\/ld+json\" class=\"yoast-schema-graph\">{\"@context\":\"https:\/\/schema.org\",\"@graph\":[{\"@type\":\"Article\",\"@id\":\"https:\/\/jornalfatosenoticias.com.br\/index.php\/2021\/03\/30\/elefantes-africanos-estao-mais-proximos-da-extincao-revela-relatorio\/#article\",\"isPartOf\":{\"@id\":\"https:\/\/jornalfatosenoticias.com.br\/index.php\/2021\/03\/30\/elefantes-africanos-estao-mais-proximos-da-extincao-revela-relatorio\/\"},\"author\":{\"name\":\"Luzimara Fernandes\",\"@id\":\"https:\/\/jornalfatosenoticias.com.br\/#\/schema\/person\/d63837fa13ac8666eb9e74e0985d6f81\"},\"headline\":\"Elefantes-africanos est\u00e3o mais pr\u00f3ximos da extin\u00e7\u00e3o, revela relat\u00f3rio\",\"datePublished\":\"2021-03-30T20:37:38+00:00\",\"dateModified\":\"2021-03-30T20:37:44+00:00\",\"mainEntityOfPage\":{\"@id\":\"https:\/\/jornalfatosenoticias.com.br\/index.php\/2021\/03\/30\/elefantes-africanos-estao-mais-proximos-da-extincao-revela-relatorio\/\"},\"wordCount\":538,\"commentCount\":0,\"publisher\":{\"@id\":\"https:\/\/jornalfatosenoticias.com.br\/#organization\"},\"image\":{\"@id\":\"https:\/\/jornalfatosenoticias.com.br\/index.php\/2021\/03\/30\/elefantes-africanos-estao-mais-proximos-da-extincao-revela-relatorio\/#primaryimage\"},\"thumbnailUrl\":\"https:\/\/jornalfatosenoticias.com.br\/wp-content\/uploads\/2021\/03\/elefante-arvore-ao-fundo.jpg\",\"keywords\":[\"\u00e1frica\",\"amea\u00e7a de extin\u00e7\u00e3o\",\"elefantes\",\"elefantes-africanos\",\"savana\"],\"articleSection\":[\"Meio ambiente\"],\"inLanguage\":\"pt-BR\",\"potentialAction\":[{\"@type\":\"CommentAction\",\"name\":\"Comment\",\"target\":[\"https:\/\/jornalfatosenoticias.com.br\/index.php\/2021\/03\/30\/elefantes-africanos-estao-mais-proximos-da-extincao-revela-relatorio\/#respond\"]}]},{\"@type\":\"WebPage\",\"@id\":\"https:\/\/jornalfatosenoticias.com.br\/index.php\/2021\/03\/30\/elefantes-africanos-estao-mais-proximos-da-extincao-revela-relatorio\/\",\"url\":\"https:\/\/jornalfatosenoticias.com.br\/index.php\/2021\/03\/30\/elefantes-africanos-estao-mais-proximos-da-extincao-revela-relatorio\/\",\"name\":\"Elefantes-africanos est\u00e3o mais pr\u00f3ximos da extin\u00e7\u00e3o, revela relat\u00f3rio - Jornal Fatos e Not\u00edcias\",\"isPartOf\":{\"@id\":\"https:\/\/jornalfatosenoticias.com.br\/#website\"},\"primaryImageOfPage\":{\"@id\":\"https:\/\/jornalfatosenoticias.com.br\/index.php\/2021\/03\/30\/elefantes-africanos-estao-mais-proximos-da-extincao-revela-relatorio\/#primaryimage\"},\"image\":{\"@id\":\"https:\/\/jornalfatosenoticias.com.br\/index.php\/2021\/03\/30\/elefantes-africanos-estao-mais-proximos-da-extincao-revela-relatorio\/#primaryimage\"},\"thumbnailUrl\":\"https:\/\/jornalfatosenoticias.com.br\/wp-content\/uploads\/2021\/03\/elefante-arvore-ao-fundo.jpg\",\"datePublished\":\"2021-03-30T20:37:38+00:00\",\"dateModified\":\"2021-03-30T20:37:44+00:00\",\"breadcrumb\":{\"@id\":\"https:\/\/jornalfatosenoticias.com.br\/index.php\/2021\/03\/30\/elefantes-africanos-estao-mais-proximos-da-extincao-revela-relatorio\/#breadcrumb\"},\"inLanguage\":\"pt-BR\",\"potentialAction\":[{\"@type\":\"ReadAction\",\"target\":[\"https:\/\/jornalfatosenoticias.com.br\/index.php\/2021\/03\/30\/elefantes-africanos-estao-mais-proximos-da-extincao-revela-relatorio\/\"]}]},{\"@type\":\"ImageObject\",\"inLanguage\":\"pt-BR\",\"@id\":\"https:\/\/jornalfatosenoticias.com.br\/index.php\/2021\/03\/30\/elefantes-africanos-estao-mais-proximos-da-extincao-revela-relatorio\/#primaryimage\",\"url\":\"https:\/\/jornalfatosenoticias.com.br\/wp-content\/uploads\/2021\/03\/elefante-arvore-ao-fundo.jpg\",\"contentUrl\":\"https:\/\/jornalfatosenoticias.com.br\/wp-content\/uploads\/2021\/03\/elefante-arvore-ao-fundo.jpg\",\"width\":1000,\"height\":633,\"caption\":\"A destrui\u00e7\u00e3o do habitat do animal \u00e9 outra amea\u00e7a determinante (Foto: Getty Images)\"},{\"@type\":\"BreadcrumbList\",\"@id\":\"https:\/\/jornalfatosenoticias.com.br\/index.php\/2021\/03\/30\/elefantes-africanos-estao-mais-proximos-da-extincao-revela-relatorio\/#breadcrumb\",\"itemListElement\":[{\"@type\":\"ListItem\",\"position\":1,\"name\":\"In\u00edcio\",\"item\":\"https:\/\/jornalfatosenoticias.com.br\/\"},{\"@type\":\"ListItem\",\"position\":2,\"name\":\"Elefantes-africanos est\u00e3o mais pr\u00f3ximos da extin\u00e7\u00e3o, revela relat\u00f3rio\"}]},{\"@type\":\"WebSite\",\"@id\":\"https:\/\/jornalfatosenoticias.com.br\/#website\",\"url\":\"https:\/\/jornalfatosenoticias.com.br\/\",\"name\":\"Jornal Fatos e Not\u00edcias\",\"description\":\"Not\u00edcias em geral\",\"publisher\":{\"@id\":\"https:\/\/jornalfatosenoticias.com.br\/#organization\"},\"potentialAction\":[{\"@type\":\"SearchAction\",\"target\":{\"@type\":\"EntryPoint\",\"urlTemplate\":\"https:\/\/jornalfatosenoticias.com.br\/?s={search_term_string}\"},\"query-input\":{\"@type\":\"PropertyValueSpecification\",\"valueRequired\":true,\"valueName\":\"search_term_string\"}}],\"inLanguage\":\"pt-BR\"},{\"@type\":\"Organization\",\"@id\":\"https:\/\/jornalfatosenoticias.com.br\/#organization\",\"name\":\"Jornal Fatos e Not\u00edcias\",\"url\":\"https:\/\/jornalfatosenoticias.com.br\/\",\"logo\":{\"@type\":\"ImageObject\",\"inLanguage\":\"pt-BR\",\"@id\":\"https:\/\/jornalfatosenoticias.com.br\/#\/schema\/logo\/image\/\",\"url\":\"https:\/\/jornalfatosenoticias.com.br\/wp-content\/uploads\/2020\/02\/logo120.png\",\"contentUrl\":\"https:\/\/jornalfatosenoticias.com.br\/wp-content\/uploads\/2020\/02\/logo120.png\",\"width\":1227,\"height\":120,\"caption\":\"Jornal Fatos e Not\u00edcias\"},\"image\":{\"@id\":\"https:\/\/jornalfatosenoticias.com.br\/#\/schema\/logo\/image\/\"}},{\"@type\":\"Person\",\"@id\":\"https:\/\/jornalfatosenoticias.com.br\/#\/schema\/person\/d63837fa13ac8666eb9e74e0985d6f81\",\"name\":\"Luzimara Fernandes\",\"image\":{\"@type\":\"ImageObject\",\"inLanguage\":\"pt-BR\",\"@id\":\"https:\/\/jornalfatosenoticias.com.br\/#\/schema\/person\/image\/\",\"url\":\"https:\/\/jornalfatosenoticias.com.br\/wp-content\/uploads\/2025\/05\/EU_portal.jpg\",\"contentUrl\":\"https:\/\/jornalfatosenoticias.com.br\/wp-content\/uploads\/2025\/05\/EU_portal.jpg\",\"caption\":\"Luzimara Fernandes\"},\"description\":\"Jornalista MTB 2358-ES\",\"sameAs\":[\"https:\/\/jornalfatosenoticias.com.br\"],\"url\":\"https:\/\/jornalfatosenoticias.com.br\/index.php\/author\/luzimara\/\"}]}<\/script>\n<!-- \/ Yoast SEO plugin. -->","yoast_head_json":{"title":"Elefantes-africanos est\u00e3o mais pr\u00f3ximos da extin\u00e7\u00e3o, revela relat\u00f3rio - Jornal Fatos e Not\u00edcias","robots":{"index":"index","follow":"follow","max-snippet":"max-snippet:-1","max-image-preview":"max-image-preview:large","max-video-preview":"max-video-preview:-1"},"canonical":"https:\/\/jornalfatosenoticias.com.br\/index.php\/2021\/03\/30\/elefantes-africanos-estao-mais-proximos-da-extincao-revela-relatorio\/","og_locale":"pt_BR","og_type":"article","og_title":"Elefantes-africanos est\u00e3o mais pr\u00f3ximos da extin\u00e7\u00e3o, revela relat\u00f3rio - Jornal Fatos e Not\u00edcias","og_description":"O elefante-africano est\u00e1\u00a0\u00e0 beira da extin\u00e7\u00e3o: essa \u00e9 a conclus\u00e3o do relat\u00f3rio publicado recentemente pela Uni\u00e3o Internacional para a Conserva\u00e7\u00e3o da Natureza (IUCN, em ingl\u00eas) e estabelecido a partir de uma nova contagem do animal no\u00a0continente. Se em levantamentos anteriores os elefantes encontrados eram considerados de uma \u00fanica esp\u00e9cie, a nova contagem separa o animal [&hellip;]","og_url":"https:\/\/jornalfatosenoticias.com.br\/index.php\/2021\/03\/30\/elefantes-africanos-estao-mais-proximos-da-extincao-revela-relatorio\/","og_site_name":"Jornal Fatos e Not\u00edcias","article_published_time":"2021-03-30T20:37:38+00:00","article_modified_time":"2021-03-30T20:37:44+00:00","og_image":[{"width":1000,"height":633,"url":"https:\/\/jornalfatosenoticias.com.br\/wp-content\/uploads\/2021\/03\/elefante-arvore-ao-fundo.jpg","type":"image\/jpeg"}],"author":"Luzimara Fernandes","twitter_card":"summary_large_image","twitter_misc":{"Escrito por":"Luzimara Fernandes","Est. tempo de leitura":"3 minutos"},"schema":{"@context":"https:\/\/schema.org","@graph":[{"@type":"Article","@id":"https:\/\/jornalfatosenoticias.com.br\/index.php\/2021\/03\/30\/elefantes-africanos-estao-mais-proximos-da-extincao-revela-relatorio\/#article","isPartOf":{"@id":"https:\/\/jornalfatosenoticias.com.br\/index.php\/2021\/03\/30\/elefantes-africanos-estao-mais-proximos-da-extincao-revela-relatorio\/"},"author":{"name":"Luzimara Fernandes","@id":"https:\/\/jornalfatosenoticias.com.br\/#\/schema\/person\/d63837fa13ac8666eb9e74e0985d6f81"},"headline":"Elefantes-africanos est\u00e3o mais pr\u00f3ximos da extin\u00e7\u00e3o, revela relat\u00f3rio","datePublished":"2021-03-30T20:37:38+00:00","dateModified":"2021-03-30T20:37:44+00:00","mainEntityOfPage":{"@id":"https:\/\/jornalfatosenoticias.com.br\/index.php\/2021\/03\/30\/elefantes-africanos-estao-mais-proximos-da-extincao-revela-relatorio\/"},"wordCount":538,"commentCount":0,"publisher":{"@id":"https:\/\/jornalfatosenoticias.com.br\/#organization"},"image":{"@id":"https:\/\/jornalfatosenoticias.com.br\/index.php\/2021\/03\/30\/elefantes-africanos-estao-mais-proximos-da-extincao-revela-relatorio\/#primaryimage"},"thumbnailUrl":"https:\/\/jornalfatosenoticias.com.br\/wp-content\/uploads\/2021\/03\/elefante-arvore-ao-fundo.jpg","keywords":["\u00e1frica","amea\u00e7a de extin\u00e7\u00e3o","elefantes","elefantes-africanos","savana"],"articleSection":["Meio ambiente"],"inLanguage":"pt-BR","potentialAction":[{"@type":"CommentAction","name":"Comment","target":["https:\/\/jornalfatosenoticias.com.br\/index.php\/2021\/03\/30\/elefantes-africanos-estao-mais-proximos-da-extincao-revela-relatorio\/#respond"]}]},{"@type":"WebPage","@id":"https:\/\/jornalfatosenoticias.com.br\/index.php\/2021\/03\/30\/elefantes-africanos-estao-mais-proximos-da-extincao-revela-relatorio\/","url":"https:\/\/jornalfatosenoticias.com.br\/index.php\/2021\/03\/30\/elefantes-africanos-estao-mais-proximos-da-extincao-revela-relatorio\/","name":"Elefantes-africanos est\u00e3o mais pr\u00f3ximos da extin\u00e7\u00e3o, revela relat\u00f3rio - Jornal Fatos e Not\u00edcias","isPartOf":{"@id":"https:\/\/jornalfatosenoticias.com.br\/#website"},"primaryImageOfPage":{"@id":"https:\/\/jornalfatosenoticias.com.br\/index.php\/2021\/03\/30\/elefantes-africanos-estao-mais-proximos-da-extincao-revela-relatorio\/#primaryimage"},"image":{"@id":"https:\/\/jornalfatosenoticias.com.br\/index.php\/2021\/03\/30\/elefantes-africanos-estao-mais-proximos-da-extincao-revela-relatorio\/#primaryimage"},"thumbnailUrl":"https:\/\/jornalfatosenoticias.com.br\/wp-content\/uploads\/2021\/03\/elefante-arvore-ao-fundo.jpg","datePublished":"2021-03-30T20:37:38+00:00","dateModified":"2021-03-30T20:37:44+00:00","breadcrumb":{"@id":"https:\/\/jornalfatosenoticias.com.br\/index.php\/2021\/03\/30\/elefantes-africanos-estao-mais-proximos-da-extincao-revela-relatorio\/#breadcrumb"},"inLanguage":"pt-BR","potentialAction":[{"@type":"ReadAction","target":["https:\/\/jornalfatosenoticias.com.br\/index.php\/2021\/03\/30\/elefantes-africanos-estao-mais-proximos-da-extincao-revela-relatorio\/"]}]},{"@type":"ImageObject","inLanguage":"pt-BR","@id":"https:\/\/jornalfatosenoticias.com.br\/index.php\/2021\/03\/30\/elefantes-africanos-estao-mais-proximos-da-extincao-revela-relatorio\/#primaryimage","url":"https:\/\/jornalfatosenoticias.com.br\/wp-content\/uploads\/2021\/03\/elefante-arvore-ao-fundo.jpg","contentUrl":"https:\/\/jornalfatosenoticias.com.br\/wp-content\/uploads\/2021\/03\/elefante-arvore-ao-fundo.jpg","width":1000,"height":633,"caption":"A destrui\u00e7\u00e3o do habitat do animal \u00e9 outra amea\u00e7a determinante (Foto: Getty Images)"},{"@type":"BreadcrumbList","@id":"https:\/\/jornalfatosenoticias.com.br\/index.php\/2021\/03\/30\/elefantes-africanos-estao-mais-proximos-da-extincao-revela-relatorio\/#breadcrumb","itemListElement":[{"@type":"ListItem","position":1,"name":"In\u00edcio","item":"https:\/\/jornalfatosenoticias.com.br\/"},{"@type":"ListItem","position":2,"name":"Elefantes-africanos est\u00e3o mais pr\u00f3ximos da extin\u00e7\u00e3o, revela relat\u00f3rio"}]},{"@type":"WebSite","@id":"https:\/\/jornalfatosenoticias.com.br\/#website","url":"https:\/\/jornalfatosenoticias.com.br\/","name":"Jornal Fatos e Not\u00edcias","description":"Not\u00edcias em geral","publisher":{"@id":"https:\/\/jornalfatosenoticias.com.br\/#organization"},"potentialAction":[{"@type":"SearchAction","target":{"@type":"EntryPoint","urlTemplate":"https:\/\/jornalfatosenoticias.com.br\/?s={search_term_string}"},"query-input":{"@type":"PropertyValueSpecification","valueRequired":true,"valueName":"search_term_string"}}],"inLanguage":"pt-BR"},{"@type":"Organization","@id":"https:\/\/jornalfatosenoticias.com.br\/#organization","name":"Jornal Fatos e Not\u00edcias","url":"https:\/\/jornalfatosenoticias.com.br\/","logo":{"@type":"ImageObject","inLanguage":"pt-BR","@id":"https:\/\/jornalfatosenoticias.com.br\/#\/schema\/logo\/image\/","url":"https:\/\/jornalfatosenoticias.com.br\/wp-content\/uploads\/2020\/02\/logo120.png","contentUrl":"https:\/\/jornalfatosenoticias.com.br\/wp-content\/uploads\/2020\/02\/logo120.png","width":1227,"height":120,"caption":"Jornal Fatos e Not\u00edcias"},"image":{"@id":"https:\/\/jornalfatosenoticias.com.br\/#\/schema\/logo\/image\/"}},{"@type":"Person","@id":"https:\/\/jornalfatosenoticias.com.br\/#\/schema\/person\/d63837fa13ac8666eb9e74e0985d6f81","name":"Luzimara Fernandes","image":{"@type":"ImageObject","inLanguage":"pt-BR","@id":"https:\/\/jornalfatosenoticias.com.br\/#\/schema\/person\/image\/","url":"https:\/\/jornalfatosenoticias.com.br\/wp-content\/uploads\/2025\/05\/EU_portal.jpg","contentUrl":"https:\/\/jornalfatosenoticias.com.br\/wp-content\/uploads\/2025\/05\/EU_portal.jpg","caption":"Luzimara Fernandes"},"description":"Jornalista MTB 2358-ES","sameAs":["https:\/\/jornalfatosenoticias.com.br"],"url":"https:\/\/jornalfatosenoticias.com.br\/index.php\/author\/luzimara\/"}]}},"cc_featured_image_caption":{"caption_text":"(Foto: Getty Images)","source_text":"","source_url":""},"jetpack_featured_media_url":"https:\/\/jornalfatosenoticias.com.br\/wp-content\/uploads\/2021\/03\/elefante-arvore-ao-fundo.jpg","_links":{"self":[{"href":"https:\/\/jornalfatosenoticias.com.br\/index.php\/wp-json\/wp\/v2\/posts\/16392","targetHints":{"allow":["GET"]}}],"collection":[{"href":"https:\/\/jornalfatosenoticias.com.br\/index.php\/wp-json\/wp\/v2\/posts"}],"about":[{"href":"https:\/\/jornalfatosenoticias.com.br\/index.php\/wp-json\/wp\/v2\/types\/post"}],"author":[{"embeddable":true,"href":"https:\/\/jornalfatosenoticias.com.br\/index.php\/wp-json\/wp\/v2\/users\/2"}],"replies":[{"embeddable":true,"href":"https:\/\/jornalfatosenoticias.com.br\/index.php\/wp-json\/wp\/v2\/comments?post=16392"}],"version-history":[{"count":0,"href":"https:\/\/jornalfatosenoticias.com.br\/index.php\/wp-json\/wp\/v2\/posts\/16392\/revisions"}],"wp:featuredmedia":[{"embeddable":true,"href":"https:\/\/jornalfatosenoticias.com.br\/index.php\/wp-json\/wp\/v2\/media\/16396"}],"wp:attachment":[{"href":"https:\/\/jornalfatosenoticias.com.br\/index.php\/wp-json\/wp\/v2\/media?parent=16392"}],"wp:term":[{"taxonomy":"category","embeddable":true,"href":"https:\/\/jornalfatosenoticias.com.br\/index.php\/wp-json\/wp\/v2\/categories?post=16392"},{"taxonomy":"post_tag","embeddable":true,"href":"https:\/\/jornalfatosenoticias.com.br\/index.php\/wp-json\/wp\/v2\/tags?post=16392"}],"curies":[{"name":"wp","href":"https:\/\/api.w.org\/{rel}","templated":true}]}}