{"id":16399,"date":"2021-03-30T17:40:03","date_gmt":"2021-03-30T20:40:03","guid":{"rendered":"https:\/\/jornalfatosenoticias.com.br\/?p=16399"},"modified":"2021-03-30T17:40:07","modified_gmt":"2021-03-30T20:40:07","slug":"festival-e-tudo-verdade-vai-exibir-69-documentarios-de-graca-na-internet","status":"publish","type":"post","link":"https:\/\/jornalfatosenoticias.com.br\/index.php\/2021\/03\/30\/festival-e-tudo-verdade-vai-exibir-69-documentarios-de-graca-na-internet\/","title":{"rendered":"Festival \u00c9 Tudo Verdade vai exibir 69 document\u00e1rios de gra\u00e7a na internet"},"content":{"rendered":"\n<p>O festival \u00c9 Tudo Verdade, principal mostra de document\u00e1rios da Am\u00e9rica Latina, divulgou a sele\u00e7\u00e3o de filmes para sua edi\u00e7\u00e3o de 2021. Como tem acontecido com outros eventos, por conta da covid-19, a realiza\u00e7\u00e3o ser\u00e1 inteiramente on-line e gratuita.<br>Ao todo, 69 t\u00edtulos de 23 pa\u00edses foram selecionados, com destaques para &#8220;A \u00daltima Floresta&#8221;, trabalho de Luiz Bolognesi exibido no Festival de Berlim sobre uma tribo que tenta manter seus costumes, &#8220;Alvorada&#8221;, em que Anna Muylaert e L\u00f4 Politi fazem mais um registro do Impeachment da ex-presidente Dilma Rousseff, e o americano &#8220;MLK\/FBI&#8221;, filme de Sam Pollard sobre a embara\u00e7osa investiga\u00e7\u00e3o do FBI sobre Martin Luther King Jr.<br>Al\u00e9m disso, a abertura ter\u00e1 a premi\u00e8re de &#8220;Fuga&#8221; (Flee), do dinamarqu\u00eas Jonas Poher Rasmussen, premiado em janeiro passado como Melhor Document\u00e1rio Internacional do Festival de Sundance. Entre os eventos paralelos \u00e0 competi\u00e7\u00e3o, haver\u00e1 ainda uma mostra em celebra\u00e7\u00e3o ao centen\u00e1rio do diretor franc\u00eas Chris Marker e homenagens ao cineasta Ruy Guerra e ao cantor Caetano Veloso com programa\u00e7\u00f5es especiais.<br>O festival \u00c9 Tudo Verdade 2021 acontece entre os dias 8 e 18 de abril, e exibir\u00e1 sua cerim\u00f4nia de premia\u00e7\u00e3o \u00e0s 17h do \u00faltimo dia, no canal da organiza\u00e7\u00e3o no YouTube que, ali\u00e1s, ser\u00e1 um dos endere\u00e7os para acompanhar a programa\u00e7\u00e3o do evento e os filmes tamb\u00e9m ser\u00e3o distribu\u00eddos nas plataformas digitais Looke, Ita\u00fa Cultural, Sesc em Casa e Spcine Play, al\u00e9m de ganhar transmiss\u00e3o na TV pelo Canal Brasil.<br>Para mais informa\u00e7\u00f5es e o restante da programa\u00e7\u00e3o, veja o site oficial do festival (http:\/\/etudoverdade.com.br\/).<\/p>\n\n\n\n<p><em><strong>Foto: <\/strong>Divulga\u00e7\u00e3o\/Gullane\/Pipoca Moderna<\/em><\/p>\n\n\n\n<p><strong><em>Fonte: <a href=\"https:\/\/www.terra.com.br\/diversao\/cinema\/festival-e-tudo-verdade-vai-exibir-69-documentarios-de-graca-na-internet,b4d14ea63bc09e23db9e3ee84b94a876dfvwfxjj.html\">Terra<\/a><\/em><\/strong><\/p>\n","protected":false},"excerpt":{"rendered":"<p>O festival \u00c9 Tudo Verdade, principal mostra de document\u00e1rios da Am\u00e9rica Latina, divulgou a sele\u00e7\u00e3o de filmes para sua edi\u00e7\u00e3o de 2021. Como tem acontecido com outros eventos, por conta da covid-19, a realiza\u00e7\u00e3o ser\u00e1 inteiramente on-line e gratuita.Ao todo, 69 t\u00edtulos de 23 pa\u00edses foram selecionados, com destaques para &#8220;A \u00daltima Floresta&#8221;, trabalho de [&hellip;]<\/p>\n","protected":false},"author":2,"featured_media":16400,"comment_status":"open","ping_status":"open","sticky":false,"template":"","format":"standard","meta":{"footnotes":""},"categories":[4],"tags":[2095,8265,8264],"class_list":["post-16399","post","type-post","status-publish","format-standard","has-post-thumbnail","hentry","category-cultura","tag-documentarios","tag-documentarios-da-america-latina","tag-festival-e-tudo-verdade"],"yoast_head":"<!-- This site is optimized with the Yoast SEO plugin v26.5 - https:\/\/yoast.com\/wordpress\/plugins\/seo\/ -->\n<title>Festival \u00c9 Tudo Verdade vai exibir 69 document\u00e1rios de gra\u00e7a na internet - Jornal Fatos e Not\u00edcias<\/title>\n<meta name=\"robots\" content=\"index, follow, max-snippet:-1, max-image-preview:large, max-video-preview:-1\" \/>\n<link rel=\"canonical\" href=\"https:\/\/jornalfatosenoticias.com.br\/index.php\/2021\/03\/30\/festival-e-tudo-verdade-vai-exibir-69-documentarios-de-graca-na-internet\/\" \/>\n<meta property=\"og:locale\" content=\"pt_BR\" \/>\n<meta property=\"og:type\" content=\"article\" \/>\n<meta property=\"og:title\" content=\"Festival \u00c9 Tudo Verdade vai exibir 69 document\u00e1rios de gra\u00e7a na internet - Jornal Fatos e Not\u00edcias\" \/>\n<meta property=\"og:description\" content=\"O festival \u00c9 Tudo Verdade, principal mostra de document\u00e1rios da Am\u00e9rica Latina, divulgou a sele\u00e7\u00e3o de filmes para sua edi\u00e7\u00e3o de 2021. Como tem acontecido com outros eventos, por conta da covid-19, a realiza\u00e7\u00e3o ser\u00e1 inteiramente on-line e gratuita.Ao todo, 69 t\u00edtulos de 23 pa\u00edses foram selecionados, com destaques para &#8220;A \u00daltima Floresta&#8221;, trabalho de [&hellip;]\" \/>\n<meta property=\"og:url\" content=\"https:\/\/jornalfatosenoticias.com.br\/index.php\/2021\/03\/30\/festival-e-tudo-verdade-vai-exibir-69-documentarios-de-graca-na-internet\/\" \/>\n<meta property=\"og:site_name\" content=\"Jornal Fatos e Not\u00edcias\" \/>\n<meta property=\"article:published_time\" content=\"2021-03-30T20:40:03+00:00\" \/>\n<meta property=\"article:modified_time\" content=\"2021-03-30T20:40:07+00:00\" \/>\n<meta property=\"og:image\" content=\"https:\/\/jornalfatosenoticias.com.br\/wp-content\/uploads\/2021\/03\/a-ultima-floresta_festival-e-tudo-verdade.jpg\" \/>\n\t<meta property=\"og:image:width\" content=\"1200\" \/>\n\t<meta property=\"og:image:height\" content=\"800\" \/>\n\t<meta property=\"og:image:type\" content=\"image\/jpeg\" \/>\n<meta name=\"author\" content=\"Luzimara Fernandes\" \/>\n<meta name=\"twitter:card\" content=\"summary_large_image\" \/>\n<meta name=\"twitter:label1\" content=\"Escrito por\" \/>\n\t<meta name=\"twitter:data1\" content=\"Luzimara Fernandes\" \/>\n\t<meta name=\"twitter:label2\" content=\"Est. tempo de leitura\" \/>\n\t<meta name=\"twitter:data2\" content=\"1 minuto\" \/>\n<script type=\"application\/ld+json\" class=\"yoast-schema-graph\">{\"@context\":\"https:\/\/schema.org\",\"@graph\":[{\"@type\":\"Article\",\"@id\":\"https:\/\/jornalfatosenoticias.com.br\/index.php\/2021\/03\/30\/festival-e-tudo-verdade-vai-exibir-69-documentarios-de-graca-na-internet\/#article\",\"isPartOf\":{\"@id\":\"https:\/\/jornalfatosenoticias.com.br\/index.php\/2021\/03\/30\/festival-e-tudo-verdade-vai-exibir-69-documentarios-de-graca-na-internet\/\"},\"author\":{\"name\":\"Luzimara Fernandes\",\"@id\":\"https:\/\/jornalfatosenoticias.com.br\/#\/schema\/person\/d63837fa13ac8666eb9e74e0985d6f81\"},\"headline\":\"Festival \u00c9 Tudo Verdade vai exibir 69 document\u00e1rios de gra\u00e7a na internet\",\"datePublished\":\"2021-03-30T20:40:03+00:00\",\"dateModified\":\"2021-03-30T20:40:07+00:00\",\"mainEntityOfPage\":{\"@id\":\"https:\/\/jornalfatosenoticias.com.br\/index.php\/2021\/03\/30\/festival-e-tudo-verdade-vai-exibir-69-documentarios-de-graca-na-internet\/\"},\"wordCount\":300,\"commentCount\":0,\"publisher\":{\"@id\":\"https:\/\/jornalfatosenoticias.com.br\/#organization\"},\"image\":{\"@id\":\"https:\/\/jornalfatosenoticias.com.br\/index.php\/2021\/03\/30\/festival-e-tudo-verdade-vai-exibir-69-documentarios-de-graca-na-internet\/#primaryimage\"},\"thumbnailUrl\":\"https:\/\/jornalfatosenoticias.com.br\/wp-content\/uploads\/2021\/03\/a-ultima-floresta_festival-e-tudo-verdade.jpg\",\"keywords\":[\"document\u00e1rios\",\"document\u00e1rios da Am\u00e9rica Latina\",\"festival \u00c9 Tudo Verdade\"],\"articleSection\":[\"Cultura\"],\"inLanguage\":\"pt-BR\",\"potentialAction\":[{\"@type\":\"CommentAction\",\"name\":\"Comment\",\"target\":[\"https:\/\/jornalfatosenoticias.com.br\/index.php\/2021\/03\/30\/festival-e-tudo-verdade-vai-exibir-69-documentarios-de-graca-na-internet\/#respond\"]}]},{\"@type\":\"WebPage\",\"@id\":\"https:\/\/jornalfatosenoticias.com.br\/index.php\/2021\/03\/30\/festival-e-tudo-verdade-vai-exibir-69-documentarios-de-graca-na-internet\/\",\"url\":\"https:\/\/jornalfatosenoticias.com.br\/index.php\/2021\/03\/30\/festival-e-tudo-verdade-vai-exibir-69-documentarios-de-graca-na-internet\/\",\"name\":\"Festival \u00c9 Tudo Verdade vai exibir 69 document\u00e1rios de gra\u00e7a na internet - Jornal Fatos e Not\u00edcias\",\"isPartOf\":{\"@id\":\"https:\/\/jornalfatosenoticias.com.br\/#website\"},\"primaryImageOfPage\":{\"@id\":\"https:\/\/jornalfatosenoticias.com.br\/index.php\/2021\/03\/30\/festival-e-tudo-verdade-vai-exibir-69-documentarios-de-graca-na-internet\/#primaryimage\"},\"image\":{\"@id\":\"https:\/\/jornalfatosenoticias.com.br\/index.php\/2021\/03\/30\/festival-e-tudo-verdade-vai-exibir-69-documentarios-de-graca-na-internet\/#primaryimage\"},\"thumbnailUrl\":\"https:\/\/jornalfatosenoticias.com.br\/wp-content\/uploads\/2021\/03\/a-ultima-floresta_festival-e-tudo-verdade.jpg\",\"datePublished\":\"2021-03-30T20:40:03+00:00\",\"dateModified\":\"2021-03-30T20:40:07+00:00\",\"breadcrumb\":{\"@id\":\"https:\/\/jornalfatosenoticias.com.br\/index.php\/2021\/03\/30\/festival-e-tudo-verdade-vai-exibir-69-documentarios-de-graca-na-internet\/#breadcrumb\"},\"inLanguage\":\"pt-BR\",\"potentialAction\":[{\"@type\":\"ReadAction\",\"target\":[\"https:\/\/jornalfatosenoticias.com.br\/index.php\/2021\/03\/30\/festival-e-tudo-verdade-vai-exibir-69-documentarios-de-graca-na-internet\/\"]}]},{\"@type\":\"ImageObject\",\"inLanguage\":\"pt-BR\",\"@id\":\"https:\/\/jornalfatosenoticias.com.br\/index.php\/2021\/03\/30\/festival-e-tudo-verdade-vai-exibir-69-documentarios-de-graca-na-internet\/#primaryimage\",\"url\":\"https:\/\/jornalfatosenoticias.com.br\/wp-content\/uploads\/2021\/03\/a-ultima-floresta_festival-e-tudo-verdade.jpg\",\"contentUrl\":\"https:\/\/jornalfatosenoticias.com.br\/wp-content\/uploads\/2021\/03\/a-ultima-floresta_festival-e-tudo-verdade.jpg\",\"width\":1200,\"height\":800},{\"@type\":\"BreadcrumbList\",\"@id\":\"https:\/\/jornalfatosenoticias.com.br\/index.php\/2021\/03\/30\/festival-e-tudo-verdade-vai-exibir-69-documentarios-de-graca-na-internet\/#breadcrumb\",\"itemListElement\":[{\"@type\":\"ListItem\",\"position\":1,\"name\":\"In\u00edcio\",\"item\":\"https:\/\/jornalfatosenoticias.com.br\/\"},{\"@type\":\"ListItem\",\"position\":2,\"name\":\"Festival \u00c9 Tudo Verdade vai exibir 69 document\u00e1rios de gra\u00e7a na internet\"}]},{\"@type\":\"WebSite\",\"@id\":\"https:\/\/jornalfatosenoticias.com.br\/#website\",\"url\":\"https:\/\/jornalfatosenoticias.com.br\/\",\"name\":\"Jornal Fatos e Not\u00edcias\",\"description\":\"Not\u00edcias em geral\",\"publisher\":{\"@id\":\"https:\/\/jornalfatosenoticias.com.br\/#organization\"},\"potentialAction\":[{\"@type\":\"SearchAction\",\"target\":{\"@type\":\"EntryPoint\",\"urlTemplate\":\"https:\/\/jornalfatosenoticias.com.br\/?s={search_term_string}\"},\"query-input\":{\"@type\":\"PropertyValueSpecification\",\"valueRequired\":true,\"valueName\":\"search_term_string\"}}],\"inLanguage\":\"pt-BR\"},{\"@type\":\"Organization\",\"@id\":\"https:\/\/jornalfatosenoticias.com.br\/#organization\",\"name\":\"Jornal Fatos e Not\u00edcias\",\"url\":\"https:\/\/jornalfatosenoticias.com.br\/\",\"logo\":{\"@type\":\"ImageObject\",\"inLanguage\":\"pt-BR\",\"@id\":\"https:\/\/jornalfatosenoticias.com.br\/#\/schema\/logo\/image\/\",\"url\":\"https:\/\/jornalfatosenoticias.com.br\/wp-content\/uploads\/2020\/02\/logo120.png\",\"contentUrl\":\"https:\/\/jornalfatosenoticias.com.br\/wp-content\/uploads\/2020\/02\/logo120.png\",\"width\":1227,\"height\":120,\"caption\":\"Jornal Fatos e Not\u00edcias\"},\"image\":{\"@id\":\"https:\/\/jornalfatosenoticias.com.br\/#\/schema\/logo\/image\/\"}},{\"@type\":\"Person\",\"@id\":\"https:\/\/jornalfatosenoticias.com.br\/#\/schema\/person\/d63837fa13ac8666eb9e74e0985d6f81\",\"name\":\"Luzimara Fernandes\",\"image\":{\"@type\":\"ImageObject\",\"inLanguage\":\"pt-BR\",\"@id\":\"https:\/\/jornalfatosenoticias.com.br\/#\/schema\/person\/image\/\",\"url\":\"https:\/\/jornalfatosenoticias.com.br\/wp-content\/uploads\/2025\/05\/EU_portal.jpg\",\"contentUrl\":\"https:\/\/jornalfatosenoticias.com.br\/wp-content\/uploads\/2025\/05\/EU_portal.jpg\",\"caption\":\"Luzimara Fernandes\"},\"description\":\"Jornalista MTB 2358-ES\",\"sameAs\":[\"https:\/\/jornalfatosenoticias.com.br\"],\"url\":\"https:\/\/jornalfatosenoticias.com.br\/index.php\/author\/luzimara\/\"}]}<\/script>\n<!-- \/ Yoast SEO plugin. -->","yoast_head_json":{"title":"Festival \u00c9 Tudo Verdade vai exibir 69 document\u00e1rios de gra\u00e7a na internet - Jornal Fatos e Not\u00edcias","robots":{"index":"index","follow":"follow","max-snippet":"max-snippet:-1","max-image-preview":"max-image-preview:large","max-video-preview":"max-video-preview:-1"},"canonical":"https:\/\/jornalfatosenoticias.com.br\/index.php\/2021\/03\/30\/festival-e-tudo-verdade-vai-exibir-69-documentarios-de-graca-na-internet\/","og_locale":"pt_BR","og_type":"article","og_title":"Festival \u00c9 Tudo Verdade vai exibir 69 document\u00e1rios de gra\u00e7a na internet - Jornal Fatos e Not\u00edcias","og_description":"O festival \u00c9 Tudo Verdade, principal mostra de document\u00e1rios da Am\u00e9rica Latina, divulgou a sele\u00e7\u00e3o de filmes para sua edi\u00e7\u00e3o de 2021. Como tem acontecido com outros eventos, por conta da covid-19, a realiza\u00e7\u00e3o ser\u00e1 inteiramente on-line e gratuita.Ao todo, 69 t\u00edtulos de 23 pa\u00edses foram selecionados, com destaques para &#8220;A \u00daltima Floresta&#8221;, trabalho de [&hellip;]","og_url":"https:\/\/jornalfatosenoticias.com.br\/index.php\/2021\/03\/30\/festival-e-tudo-verdade-vai-exibir-69-documentarios-de-graca-na-internet\/","og_site_name":"Jornal Fatos e Not\u00edcias","article_published_time":"2021-03-30T20:40:03+00:00","article_modified_time":"2021-03-30T20:40:07+00:00","og_image":[{"width":1200,"height":800,"url":"https:\/\/jornalfatosenoticias.com.br\/wp-content\/uploads\/2021\/03\/a-ultima-floresta_festival-e-tudo-verdade.jpg","type":"image\/jpeg"}],"author":"Luzimara Fernandes","twitter_card":"summary_large_image","twitter_misc":{"Escrito por":"Luzimara Fernandes","Est. tempo de leitura":"1 minuto"},"schema":{"@context":"https:\/\/schema.org","@graph":[{"@type":"Article","@id":"https:\/\/jornalfatosenoticias.com.br\/index.php\/2021\/03\/30\/festival-e-tudo-verdade-vai-exibir-69-documentarios-de-graca-na-internet\/#article","isPartOf":{"@id":"https:\/\/jornalfatosenoticias.com.br\/index.php\/2021\/03\/30\/festival-e-tudo-verdade-vai-exibir-69-documentarios-de-graca-na-internet\/"},"author":{"name":"Luzimara Fernandes","@id":"https:\/\/jornalfatosenoticias.com.br\/#\/schema\/person\/d63837fa13ac8666eb9e74e0985d6f81"},"headline":"Festival \u00c9 Tudo Verdade vai exibir 69 document\u00e1rios de gra\u00e7a na internet","datePublished":"2021-03-30T20:40:03+00:00","dateModified":"2021-03-30T20:40:07+00:00","mainEntityOfPage":{"@id":"https:\/\/jornalfatosenoticias.com.br\/index.php\/2021\/03\/30\/festival-e-tudo-verdade-vai-exibir-69-documentarios-de-graca-na-internet\/"},"wordCount":300,"commentCount":0,"publisher":{"@id":"https:\/\/jornalfatosenoticias.com.br\/#organization"},"image":{"@id":"https:\/\/jornalfatosenoticias.com.br\/index.php\/2021\/03\/30\/festival-e-tudo-verdade-vai-exibir-69-documentarios-de-graca-na-internet\/#primaryimage"},"thumbnailUrl":"https:\/\/jornalfatosenoticias.com.br\/wp-content\/uploads\/2021\/03\/a-ultima-floresta_festival-e-tudo-verdade.jpg","keywords":["document\u00e1rios","document\u00e1rios da Am\u00e9rica Latina","festival \u00c9 Tudo Verdade"],"articleSection":["Cultura"],"inLanguage":"pt-BR","potentialAction":[{"@type":"CommentAction","name":"Comment","target":["https:\/\/jornalfatosenoticias.com.br\/index.php\/2021\/03\/30\/festival-e-tudo-verdade-vai-exibir-69-documentarios-de-graca-na-internet\/#respond"]}]},{"@type":"WebPage","@id":"https:\/\/jornalfatosenoticias.com.br\/index.php\/2021\/03\/30\/festival-e-tudo-verdade-vai-exibir-69-documentarios-de-graca-na-internet\/","url":"https:\/\/jornalfatosenoticias.com.br\/index.php\/2021\/03\/30\/festival-e-tudo-verdade-vai-exibir-69-documentarios-de-graca-na-internet\/","name":"Festival \u00c9 Tudo Verdade vai exibir 69 document\u00e1rios de gra\u00e7a na internet - Jornal Fatos e Not\u00edcias","isPartOf":{"@id":"https:\/\/jornalfatosenoticias.com.br\/#website"},"primaryImageOfPage":{"@id":"https:\/\/jornalfatosenoticias.com.br\/index.php\/2021\/03\/30\/festival-e-tudo-verdade-vai-exibir-69-documentarios-de-graca-na-internet\/#primaryimage"},"image":{"@id":"https:\/\/jornalfatosenoticias.com.br\/index.php\/2021\/03\/30\/festival-e-tudo-verdade-vai-exibir-69-documentarios-de-graca-na-internet\/#primaryimage"},"thumbnailUrl":"https:\/\/jornalfatosenoticias.com.br\/wp-content\/uploads\/2021\/03\/a-ultima-floresta_festival-e-tudo-verdade.jpg","datePublished":"2021-03-30T20:40:03+00:00","dateModified":"2021-03-30T20:40:07+00:00","breadcrumb":{"@id":"https:\/\/jornalfatosenoticias.com.br\/index.php\/2021\/03\/30\/festival-e-tudo-verdade-vai-exibir-69-documentarios-de-graca-na-internet\/#breadcrumb"},"inLanguage":"pt-BR","potentialAction":[{"@type":"ReadAction","target":["https:\/\/jornalfatosenoticias.com.br\/index.php\/2021\/03\/30\/festival-e-tudo-verdade-vai-exibir-69-documentarios-de-graca-na-internet\/"]}]},{"@type":"ImageObject","inLanguage":"pt-BR","@id":"https:\/\/jornalfatosenoticias.com.br\/index.php\/2021\/03\/30\/festival-e-tudo-verdade-vai-exibir-69-documentarios-de-graca-na-internet\/#primaryimage","url":"https:\/\/jornalfatosenoticias.com.br\/wp-content\/uploads\/2021\/03\/a-ultima-floresta_festival-e-tudo-verdade.jpg","contentUrl":"https:\/\/jornalfatosenoticias.com.br\/wp-content\/uploads\/2021\/03\/a-ultima-floresta_festival-e-tudo-verdade.jpg","width":1200,"height":800},{"@type":"BreadcrumbList","@id":"https:\/\/jornalfatosenoticias.com.br\/index.php\/2021\/03\/30\/festival-e-tudo-verdade-vai-exibir-69-documentarios-de-graca-na-internet\/#breadcrumb","itemListElement":[{"@type":"ListItem","position":1,"name":"In\u00edcio","item":"https:\/\/jornalfatosenoticias.com.br\/"},{"@type":"ListItem","position":2,"name":"Festival \u00c9 Tudo Verdade vai exibir 69 document\u00e1rios de gra\u00e7a na internet"}]},{"@type":"WebSite","@id":"https:\/\/jornalfatosenoticias.com.br\/#website","url":"https:\/\/jornalfatosenoticias.com.br\/","name":"Jornal Fatos e Not\u00edcias","description":"Not\u00edcias em geral","publisher":{"@id":"https:\/\/jornalfatosenoticias.com.br\/#organization"},"potentialAction":[{"@type":"SearchAction","target":{"@type":"EntryPoint","urlTemplate":"https:\/\/jornalfatosenoticias.com.br\/?s={search_term_string}"},"query-input":{"@type":"PropertyValueSpecification","valueRequired":true,"valueName":"search_term_string"}}],"inLanguage":"pt-BR"},{"@type":"Organization","@id":"https:\/\/jornalfatosenoticias.com.br\/#organization","name":"Jornal Fatos e Not\u00edcias","url":"https:\/\/jornalfatosenoticias.com.br\/","logo":{"@type":"ImageObject","inLanguage":"pt-BR","@id":"https:\/\/jornalfatosenoticias.com.br\/#\/schema\/logo\/image\/","url":"https:\/\/jornalfatosenoticias.com.br\/wp-content\/uploads\/2020\/02\/logo120.png","contentUrl":"https:\/\/jornalfatosenoticias.com.br\/wp-content\/uploads\/2020\/02\/logo120.png","width":1227,"height":120,"caption":"Jornal Fatos e Not\u00edcias"},"image":{"@id":"https:\/\/jornalfatosenoticias.com.br\/#\/schema\/logo\/image\/"}},{"@type":"Person","@id":"https:\/\/jornalfatosenoticias.com.br\/#\/schema\/person\/d63837fa13ac8666eb9e74e0985d6f81","name":"Luzimara Fernandes","image":{"@type":"ImageObject","inLanguage":"pt-BR","@id":"https:\/\/jornalfatosenoticias.com.br\/#\/schema\/person\/image\/","url":"https:\/\/jornalfatosenoticias.com.br\/wp-content\/uploads\/2025\/05\/EU_portal.jpg","contentUrl":"https:\/\/jornalfatosenoticias.com.br\/wp-content\/uploads\/2025\/05\/EU_portal.jpg","caption":"Luzimara Fernandes"},"description":"Jornalista MTB 2358-ES","sameAs":["https:\/\/jornalfatosenoticias.com.br"],"url":"https:\/\/jornalfatosenoticias.com.br\/index.php\/author\/luzimara\/"}]}},"cc_featured_image_caption":{"caption_text":"","source_text":"","source_url":""},"jetpack_featured_media_url":"https:\/\/jornalfatosenoticias.com.br\/wp-content\/uploads\/2021\/03\/a-ultima-floresta_festival-e-tudo-verdade.jpg","_links":{"self":[{"href":"https:\/\/jornalfatosenoticias.com.br\/index.php\/wp-json\/wp\/v2\/posts\/16399","targetHints":{"allow":["GET"]}}],"collection":[{"href":"https:\/\/jornalfatosenoticias.com.br\/index.php\/wp-json\/wp\/v2\/posts"}],"about":[{"href":"https:\/\/jornalfatosenoticias.com.br\/index.php\/wp-json\/wp\/v2\/types\/post"}],"author":[{"embeddable":true,"href":"https:\/\/jornalfatosenoticias.com.br\/index.php\/wp-json\/wp\/v2\/users\/2"}],"replies":[{"embeddable":true,"href":"https:\/\/jornalfatosenoticias.com.br\/index.php\/wp-json\/wp\/v2\/comments?post=16399"}],"version-history":[{"count":0,"href":"https:\/\/jornalfatosenoticias.com.br\/index.php\/wp-json\/wp\/v2\/posts\/16399\/revisions"}],"wp:featuredmedia":[{"embeddable":true,"href":"https:\/\/jornalfatosenoticias.com.br\/index.php\/wp-json\/wp\/v2\/media\/16400"}],"wp:attachment":[{"href":"https:\/\/jornalfatosenoticias.com.br\/index.php\/wp-json\/wp\/v2\/media?parent=16399"}],"wp:term":[{"taxonomy":"category","embeddable":true,"href":"https:\/\/jornalfatosenoticias.com.br\/index.php\/wp-json\/wp\/v2\/categories?post=16399"},{"taxonomy":"post_tag","embeddable":true,"href":"https:\/\/jornalfatosenoticias.com.br\/index.php\/wp-json\/wp\/v2\/tags?post=16399"}],"curies":[{"name":"wp","href":"https:\/\/api.w.org\/{rel}","templated":true}]}}