{"id":16424,"date":"2021-03-30T18:06:37","date_gmt":"2021-03-30T21:06:37","guid":{"rendered":"https:\/\/jornalfatosenoticias.com.br\/?p=16424"},"modified":"2021-03-30T18:06:44","modified_gmt":"2021-03-30T21:06:44","slug":"chegada-do-outono-aumenta-o-risco-de-doencas-respiratorias","status":"publish","type":"post","link":"https:\/\/jornalfatosenoticias.com.br\/index.php\/2021\/03\/30\/chegada-do-outono-aumenta-o-risco-de-doencas-respiratorias\/","title":{"rendered":"Chegada do outono aumenta o risco de doen\u00e7as respirat\u00f3rias"},"content":{"rendered":"\n<h6 class=\"wp-block-heading\"><em>Com sintomas parecidos com os da covid-19, doen\u00e7as respirat\u00f3rias tendem a aumentar com a chegada do outono. Veja como se cuidar!<\/em><\/h6>\n\n\n\n<p>No \u00faltimo dia 20, vivemos a chegada do outono no hemisf\u00e9rio sul. Nessa \u00e9poca, em que ocorre a transi\u00e7\u00e3o do per\u00edodo chuvoso para o seco, a umidade do ar e a temperatura come\u00e7am a diminuir. Com isso, aumenta a concentra\u00e7\u00e3o de poluentes na atmosfera. Isso favorece o aparecimento de doen\u00e7as respirat\u00f3rias, como explica Jefferson Pitelli, otorrinolaringologista do Hospital Anchieta de Bras\u00edlia.<br>&#8220;A grande concentra\u00e7\u00e3o de poluentes na atmosfera, bem como a concentra\u00e7\u00e3o de pessoas em locais pouco ventilados, predisp\u00f5e ao aparecimento de doen\u00e7as respirat\u00f3rias. As mais comuns s\u00e3o gripes, resfriados, bronquite, asma, rinites e sinusites&#8221;, pontua.<br>Muitos dos sintomas dessas doen\u00e7as, comuns com a chegada do outono, se parecem com as da covid-19. Esse \u00e9 outro motivo para redobrar os cuidados, mesmo estando mais tempo dentro de casa, como aponta o m\u00e9dico.<br>&#8220;Estamos passando mais tempo em nossas casas, isso faz com que ocorra a diminui\u00e7\u00e3o da dissemina\u00e7\u00e3o de v\u00edrus e bact\u00e9rias entre as pessoas. Os adultos fazem home office, as crian\u00e7as n\u00e3o v\u00e3o \u00e0 escola, o uso de m\u00e1scaras e \u00e1lcool em gel no dia a dia tornam-se respons\u00e1veis pela diminui\u00e7\u00e3o dos casos de doen\u00e7as respirat\u00f3rias comuns na chegada do outono. Contudo, vivemos em um momento at\u00edpico, onde os casos de covid-19 n\u00e3o param de subir, elevando, assim, os \u00edndices gerais de doen\u00e7as do aparelho respirat\u00f3rio. Mesmo passando mais tempo em casa, doen\u00e7as al\u00e9rgicas como rinites e bronquites podem acometer os indiv\u00edduos, pois dependem apenas de agente al\u00e9rgeno para desencadear os sintomas. Mas, algumas medidas simples podem ajudar a diminuir a incid\u00eancia, como: manter a casa sempre arejada, evitar tapetes e cortinas, trocar roupas de cama com frequ\u00eancia e, quando lav\u00e1-las deixar, ao sol para secar&#8221;, afirma.<\/p>\n\n\n\n<h4 class=\"wp-block-heading\">Reforce os cuidados com a chegada do outono<\/h4>\n\n\n\n<p>Por fim, Jefferson Pitelli refor\u00e7a a import\u00e2ncia de manter os cuidados pela chegada do outono. Segundo ele, o menor n\u00famero de poluentes no ar n\u00e3o pode ser desculpa para se descuidar. &#8220;Com a diminui\u00e7\u00e3o dos ve\u00edculos nas ruas, diminui\u00e7\u00e3o no funcionamento de empresas e f\u00e1bricas, h\u00e1 uma tend\u00eancia de queda nos poluentes no ar. No entanto, somente esses fatores n\u00e3o s\u00e3o respons\u00e1veis pela diminui\u00e7\u00e3o das doen\u00e7as respirat\u00f3rias, tendo em vista que v\u00edrus e bact\u00e9rias tamb\u00e9m s\u00e3o transmitidos nos contatos entre os indiv\u00edduos. Dessa forma, a melhor maneira de se proteger \u00e9 usando m\u00e1scaras, \u00e1lcool em gel e evitando aglomera\u00e7\u00f5es&#8221;, complementa.<\/p>\n\n\n\n<p><em><strong>Fonte: <a href=\"https:\/\/www.terra.com.br\/vida-e-estilo\/saude\/bem-estar\/chegada-do-outono-aumenta-o-risco-de-doencas-respiratorias,1f82807ca1f2d313d9c200159a379168z9v23o7r.html\">Terra<\/a><\/strong><\/em><\/p>\n","protected":false},"excerpt":{"rendered":"<p>Com sintomas parecidos com os da covid-19, doen\u00e7as respirat\u00f3rias tendem a aumentar com a chegada do outono. Veja como se cuidar! No \u00faltimo dia 20, vivemos a chegada do outono no hemisf\u00e9rio sul. Nessa \u00e9poca, em que ocorre a transi\u00e7\u00e3o do per\u00edodo chuvoso para o seco, a umidade do ar e a temperatura come\u00e7am a [&hellip;]<\/p>\n","protected":false},"author":2,"featured_media":16425,"comment_status":"open","ping_status":"open","sticky":false,"template":"","format":"standard","meta":{"footnotes":""},"categories":[42],"tags":[235,8274,915,2618,8271,2619,8272,717,8273],"class_list":["post-16424","post","type-post","status-publish","format-standard","has-post-thumbnail","hentry","category-bem-estar","tag-asma","tag-bronquite","tag-doencas-respiratorias","tag-gripes","tag-outono","tag-resfriados","tag-rinites","tag-sintomas","tag-sinusites"],"yoast_head":"<!-- This site is optimized with the Yoast SEO plugin v26.5 - https:\/\/yoast.com\/wordpress\/plugins\/seo\/ -->\n<title>Chegada do outono aumenta o risco de doen\u00e7as respirat\u00f3rias - Jornal Fatos e Not\u00edcias<\/title>\n<meta name=\"robots\" content=\"index, follow, max-snippet:-1, max-image-preview:large, max-video-preview:-1\" \/>\n<link rel=\"canonical\" href=\"https:\/\/jornalfatosenoticias.com.br\/index.php\/2021\/03\/30\/chegada-do-outono-aumenta-o-risco-de-doencas-respiratorias\/\" \/>\n<meta property=\"og:locale\" content=\"pt_BR\" \/>\n<meta property=\"og:type\" content=\"article\" \/>\n<meta property=\"og:title\" content=\"Chegada do outono aumenta o risco de doen\u00e7as respirat\u00f3rias - Jornal Fatos e Not\u00edcias\" \/>\n<meta property=\"og:description\" content=\"Com sintomas parecidos com os da covid-19, doen\u00e7as respirat\u00f3rias tendem a aumentar com a chegada do outono. Veja como se cuidar! No \u00faltimo dia 20, vivemos a chegada do outono no hemisf\u00e9rio sul. Nessa \u00e9poca, em que ocorre a transi\u00e7\u00e3o do per\u00edodo chuvoso para o seco, a umidade do ar e a temperatura come\u00e7am a [&hellip;]\" \/>\n<meta property=\"og:url\" content=\"https:\/\/jornalfatosenoticias.com.br\/index.php\/2021\/03\/30\/chegada-do-outono-aumenta-o-risco-de-doencas-respiratorias\/\" \/>\n<meta property=\"og:site_name\" content=\"Jornal Fatos e Not\u00edcias\" \/>\n<meta property=\"article:published_time\" content=\"2021-03-30T21:06:37+00:00\" \/>\n<meta property=\"article:modified_time\" content=\"2021-03-30T21:06:44+00:00\" \/>\n<meta property=\"og:image\" content=\"https:\/\/jornalfatosenoticias.com.br\/wp-content\/uploads\/2021\/03\/doencas-respiratorias.jpg\" \/>\n\t<meta property=\"og:image:width\" content=\"1000\" \/>\n\t<meta property=\"og:image:height\" content=\"666\" \/>\n\t<meta property=\"og:image:type\" content=\"image\/jpeg\" \/>\n<meta name=\"author\" content=\"Luzimara Fernandes\" \/>\n<meta name=\"twitter:card\" content=\"summary_large_image\" \/>\n<meta name=\"twitter:label1\" content=\"Escrito por\" \/>\n\t<meta name=\"twitter:data1\" content=\"Luzimara Fernandes\" \/>\n\t<meta name=\"twitter:label2\" content=\"Est. tempo de leitura\" \/>\n\t<meta name=\"twitter:data2\" content=\"2 minutos\" \/>\n<script type=\"application\/ld+json\" class=\"yoast-schema-graph\">{\"@context\":\"https:\/\/schema.org\",\"@graph\":[{\"@type\":\"Article\",\"@id\":\"https:\/\/jornalfatosenoticias.com.br\/index.php\/2021\/03\/30\/chegada-do-outono-aumenta-o-risco-de-doencas-respiratorias\/#article\",\"isPartOf\":{\"@id\":\"https:\/\/jornalfatosenoticias.com.br\/index.php\/2021\/03\/30\/chegada-do-outono-aumenta-o-risco-de-doencas-respiratorias\/\"},\"author\":{\"name\":\"Luzimara Fernandes\",\"@id\":\"https:\/\/jornalfatosenoticias.com.br\/#\/schema\/person\/d63837fa13ac8666eb9e74e0985d6f81\"},\"headline\":\"Chegada do outono aumenta o risco de doen\u00e7as respirat\u00f3rias\",\"datePublished\":\"2021-03-30T21:06:37+00:00\",\"dateModified\":\"2021-03-30T21:06:44+00:00\",\"mainEntityOfPage\":{\"@id\":\"https:\/\/jornalfatosenoticias.com.br\/index.php\/2021\/03\/30\/chegada-do-outono-aumenta-o-risco-de-doencas-respiratorias\/\"},\"wordCount\":479,\"commentCount\":0,\"publisher\":{\"@id\":\"https:\/\/jornalfatosenoticias.com.br\/#organization\"},\"image\":{\"@id\":\"https:\/\/jornalfatosenoticias.com.br\/index.php\/2021\/03\/30\/chegada-do-outono-aumenta-o-risco-de-doencas-respiratorias\/#primaryimage\"},\"thumbnailUrl\":\"https:\/\/jornalfatosenoticias.com.br\/wp-content\/uploads\/2021\/03\/doencas-respiratorias.jpg\",\"keywords\":[\"asma\",\"bronquite\",\"doen\u00e7as respirat\u00f3rias\",\"gripes\",\"outono\",\"resfriados\",\"rinites\",\"sintomas\",\"sinusites\"],\"articleSection\":[\"Bem-estar\"],\"inLanguage\":\"pt-BR\",\"potentialAction\":[{\"@type\":\"CommentAction\",\"name\":\"Comment\",\"target\":[\"https:\/\/jornalfatosenoticias.com.br\/index.php\/2021\/03\/30\/chegada-do-outono-aumenta-o-risco-de-doencas-respiratorias\/#respond\"]}]},{\"@type\":\"WebPage\",\"@id\":\"https:\/\/jornalfatosenoticias.com.br\/index.php\/2021\/03\/30\/chegada-do-outono-aumenta-o-risco-de-doencas-respiratorias\/\",\"url\":\"https:\/\/jornalfatosenoticias.com.br\/index.php\/2021\/03\/30\/chegada-do-outono-aumenta-o-risco-de-doencas-respiratorias\/\",\"name\":\"Chegada do outono aumenta o risco de doen\u00e7as respirat\u00f3rias - Jornal Fatos e Not\u00edcias\",\"isPartOf\":{\"@id\":\"https:\/\/jornalfatosenoticias.com.br\/#website\"},\"primaryImageOfPage\":{\"@id\":\"https:\/\/jornalfatosenoticias.com.br\/index.php\/2021\/03\/30\/chegada-do-outono-aumenta-o-risco-de-doencas-respiratorias\/#primaryimage\"},\"image\":{\"@id\":\"https:\/\/jornalfatosenoticias.com.br\/index.php\/2021\/03\/30\/chegada-do-outono-aumenta-o-risco-de-doencas-respiratorias\/#primaryimage\"},\"thumbnailUrl\":\"https:\/\/jornalfatosenoticias.com.br\/wp-content\/uploads\/2021\/03\/doencas-respiratorias.jpg\",\"datePublished\":\"2021-03-30T21:06:37+00:00\",\"dateModified\":\"2021-03-30T21:06:44+00:00\",\"breadcrumb\":{\"@id\":\"https:\/\/jornalfatosenoticias.com.br\/index.php\/2021\/03\/30\/chegada-do-outono-aumenta-o-risco-de-doencas-respiratorias\/#breadcrumb\"},\"inLanguage\":\"pt-BR\",\"potentialAction\":[{\"@type\":\"ReadAction\",\"target\":[\"https:\/\/jornalfatosenoticias.com.br\/index.php\/2021\/03\/30\/chegada-do-outono-aumenta-o-risco-de-doencas-respiratorias\/\"]}]},{\"@type\":\"ImageObject\",\"inLanguage\":\"pt-BR\",\"@id\":\"https:\/\/jornalfatosenoticias.com.br\/index.php\/2021\/03\/30\/chegada-do-outono-aumenta-o-risco-de-doencas-respiratorias\/#primaryimage\",\"url\":\"https:\/\/jornalfatosenoticias.com.br\/wp-content\/uploads\/2021\/03\/doencas-respiratorias.jpg\",\"contentUrl\":\"https:\/\/jornalfatosenoticias.com.br\/wp-content\/uploads\/2021\/03\/doencas-respiratorias.jpg\",\"width\":1000,\"height\":666},{\"@type\":\"BreadcrumbList\",\"@id\":\"https:\/\/jornalfatosenoticias.com.br\/index.php\/2021\/03\/30\/chegada-do-outono-aumenta-o-risco-de-doencas-respiratorias\/#breadcrumb\",\"itemListElement\":[{\"@type\":\"ListItem\",\"position\":1,\"name\":\"In\u00edcio\",\"item\":\"https:\/\/jornalfatosenoticias.com.br\/\"},{\"@type\":\"ListItem\",\"position\":2,\"name\":\"Chegada do outono aumenta o risco de doen\u00e7as respirat\u00f3rias\"}]},{\"@type\":\"WebSite\",\"@id\":\"https:\/\/jornalfatosenoticias.com.br\/#website\",\"url\":\"https:\/\/jornalfatosenoticias.com.br\/\",\"name\":\"Jornal Fatos e Not\u00edcias\",\"description\":\"Not\u00edcias em geral\",\"publisher\":{\"@id\":\"https:\/\/jornalfatosenoticias.com.br\/#organization\"},\"potentialAction\":[{\"@type\":\"SearchAction\",\"target\":{\"@type\":\"EntryPoint\",\"urlTemplate\":\"https:\/\/jornalfatosenoticias.com.br\/?s={search_term_string}\"},\"query-input\":{\"@type\":\"PropertyValueSpecification\",\"valueRequired\":true,\"valueName\":\"search_term_string\"}}],\"inLanguage\":\"pt-BR\"},{\"@type\":\"Organization\",\"@id\":\"https:\/\/jornalfatosenoticias.com.br\/#organization\",\"name\":\"Jornal Fatos e Not\u00edcias\",\"url\":\"https:\/\/jornalfatosenoticias.com.br\/\",\"logo\":{\"@type\":\"ImageObject\",\"inLanguage\":\"pt-BR\",\"@id\":\"https:\/\/jornalfatosenoticias.com.br\/#\/schema\/logo\/image\/\",\"url\":\"https:\/\/jornalfatosenoticias.com.br\/wp-content\/uploads\/2020\/02\/logo120.png\",\"contentUrl\":\"https:\/\/jornalfatosenoticias.com.br\/wp-content\/uploads\/2020\/02\/logo120.png\",\"width\":1227,\"height\":120,\"caption\":\"Jornal Fatos e Not\u00edcias\"},\"image\":{\"@id\":\"https:\/\/jornalfatosenoticias.com.br\/#\/schema\/logo\/image\/\"}},{\"@type\":\"Person\",\"@id\":\"https:\/\/jornalfatosenoticias.com.br\/#\/schema\/person\/d63837fa13ac8666eb9e74e0985d6f81\",\"name\":\"Luzimara Fernandes\",\"image\":{\"@type\":\"ImageObject\",\"inLanguage\":\"pt-BR\",\"@id\":\"https:\/\/jornalfatosenoticias.com.br\/#\/schema\/person\/image\/\",\"url\":\"https:\/\/jornalfatosenoticias.com.br\/wp-content\/uploads\/2025\/05\/EU_portal.jpg\",\"contentUrl\":\"https:\/\/jornalfatosenoticias.com.br\/wp-content\/uploads\/2025\/05\/EU_portal.jpg\",\"caption\":\"Luzimara Fernandes\"},\"description\":\"Jornalista MTB 2358-ES\",\"sameAs\":[\"https:\/\/jornalfatosenoticias.com.br\"],\"url\":\"https:\/\/jornalfatosenoticias.com.br\/index.php\/author\/luzimara\/\"}]}<\/script>\n<!-- \/ Yoast SEO plugin. -->","yoast_head_json":{"title":"Chegada do outono aumenta o risco de doen\u00e7as respirat\u00f3rias - Jornal Fatos e Not\u00edcias","robots":{"index":"index","follow":"follow","max-snippet":"max-snippet:-1","max-image-preview":"max-image-preview:large","max-video-preview":"max-video-preview:-1"},"canonical":"https:\/\/jornalfatosenoticias.com.br\/index.php\/2021\/03\/30\/chegada-do-outono-aumenta-o-risco-de-doencas-respiratorias\/","og_locale":"pt_BR","og_type":"article","og_title":"Chegada do outono aumenta o risco de doen\u00e7as respirat\u00f3rias - Jornal Fatos e Not\u00edcias","og_description":"Com sintomas parecidos com os da covid-19, doen\u00e7as respirat\u00f3rias tendem a aumentar com a chegada do outono. Veja como se cuidar! No \u00faltimo dia 20, vivemos a chegada do outono no hemisf\u00e9rio sul. Nessa \u00e9poca, em que ocorre a transi\u00e7\u00e3o do per\u00edodo chuvoso para o seco, a umidade do ar e a temperatura come\u00e7am a [&hellip;]","og_url":"https:\/\/jornalfatosenoticias.com.br\/index.php\/2021\/03\/30\/chegada-do-outono-aumenta-o-risco-de-doencas-respiratorias\/","og_site_name":"Jornal Fatos e Not\u00edcias","article_published_time":"2021-03-30T21:06:37+00:00","article_modified_time":"2021-03-30T21:06:44+00:00","og_image":[{"width":1000,"height":666,"url":"https:\/\/jornalfatosenoticias.com.br\/wp-content\/uploads\/2021\/03\/doencas-respiratorias.jpg","type":"image\/jpeg"}],"author":"Luzimara Fernandes","twitter_card":"summary_large_image","twitter_misc":{"Escrito por":"Luzimara Fernandes","Est. tempo de leitura":"2 minutos"},"schema":{"@context":"https:\/\/schema.org","@graph":[{"@type":"Article","@id":"https:\/\/jornalfatosenoticias.com.br\/index.php\/2021\/03\/30\/chegada-do-outono-aumenta-o-risco-de-doencas-respiratorias\/#article","isPartOf":{"@id":"https:\/\/jornalfatosenoticias.com.br\/index.php\/2021\/03\/30\/chegada-do-outono-aumenta-o-risco-de-doencas-respiratorias\/"},"author":{"name":"Luzimara Fernandes","@id":"https:\/\/jornalfatosenoticias.com.br\/#\/schema\/person\/d63837fa13ac8666eb9e74e0985d6f81"},"headline":"Chegada do outono aumenta o risco de doen\u00e7as respirat\u00f3rias","datePublished":"2021-03-30T21:06:37+00:00","dateModified":"2021-03-30T21:06:44+00:00","mainEntityOfPage":{"@id":"https:\/\/jornalfatosenoticias.com.br\/index.php\/2021\/03\/30\/chegada-do-outono-aumenta-o-risco-de-doencas-respiratorias\/"},"wordCount":479,"commentCount":0,"publisher":{"@id":"https:\/\/jornalfatosenoticias.com.br\/#organization"},"image":{"@id":"https:\/\/jornalfatosenoticias.com.br\/index.php\/2021\/03\/30\/chegada-do-outono-aumenta-o-risco-de-doencas-respiratorias\/#primaryimage"},"thumbnailUrl":"https:\/\/jornalfatosenoticias.com.br\/wp-content\/uploads\/2021\/03\/doencas-respiratorias.jpg","keywords":["asma","bronquite","doen\u00e7as respirat\u00f3rias","gripes","outono","resfriados","rinites","sintomas","sinusites"],"articleSection":["Bem-estar"],"inLanguage":"pt-BR","potentialAction":[{"@type":"CommentAction","name":"Comment","target":["https:\/\/jornalfatosenoticias.com.br\/index.php\/2021\/03\/30\/chegada-do-outono-aumenta-o-risco-de-doencas-respiratorias\/#respond"]}]},{"@type":"WebPage","@id":"https:\/\/jornalfatosenoticias.com.br\/index.php\/2021\/03\/30\/chegada-do-outono-aumenta-o-risco-de-doencas-respiratorias\/","url":"https:\/\/jornalfatosenoticias.com.br\/index.php\/2021\/03\/30\/chegada-do-outono-aumenta-o-risco-de-doencas-respiratorias\/","name":"Chegada do outono aumenta o risco de doen\u00e7as respirat\u00f3rias - Jornal Fatos e Not\u00edcias","isPartOf":{"@id":"https:\/\/jornalfatosenoticias.com.br\/#website"},"primaryImageOfPage":{"@id":"https:\/\/jornalfatosenoticias.com.br\/index.php\/2021\/03\/30\/chegada-do-outono-aumenta-o-risco-de-doencas-respiratorias\/#primaryimage"},"image":{"@id":"https:\/\/jornalfatosenoticias.com.br\/index.php\/2021\/03\/30\/chegada-do-outono-aumenta-o-risco-de-doencas-respiratorias\/#primaryimage"},"thumbnailUrl":"https:\/\/jornalfatosenoticias.com.br\/wp-content\/uploads\/2021\/03\/doencas-respiratorias.jpg","datePublished":"2021-03-30T21:06:37+00:00","dateModified":"2021-03-30T21:06:44+00:00","breadcrumb":{"@id":"https:\/\/jornalfatosenoticias.com.br\/index.php\/2021\/03\/30\/chegada-do-outono-aumenta-o-risco-de-doencas-respiratorias\/#breadcrumb"},"inLanguage":"pt-BR","potentialAction":[{"@type":"ReadAction","target":["https:\/\/jornalfatosenoticias.com.br\/index.php\/2021\/03\/30\/chegada-do-outono-aumenta-o-risco-de-doencas-respiratorias\/"]}]},{"@type":"ImageObject","inLanguage":"pt-BR","@id":"https:\/\/jornalfatosenoticias.com.br\/index.php\/2021\/03\/30\/chegada-do-outono-aumenta-o-risco-de-doencas-respiratorias\/#primaryimage","url":"https:\/\/jornalfatosenoticias.com.br\/wp-content\/uploads\/2021\/03\/doencas-respiratorias.jpg","contentUrl":"https:\/\/jornalfatosenoticias.com.br\/wp-content\/uploads\/2021\/03\/doencas-respiratorias.jpg","width":1000,"height":666},{"@type":"BreadcrumbList","@id":"https:\/\/jornalfatosenoticias.com.br\/index.php\/2021\/03\/30\/chegada-do-outono-aumenta-o-risco-de-doencas-respiratorias\/#breadcrumb","itemListElement":[{"@type":"ListItem","position":1,"name":"In\u00edcio","item":"https:\/\/jornalfatosenoticias.com.br\/"},{"@type":"ListItem","position":2,"name":"Chegada do outono aumenta o risco de doen\u00e7as respirat\u00f3rias"}]},{"@type":"WebSite","@id":"https:\/\/jornalfatosenoticias.com.br\/#website","url":"https:\/\/jornalfatosenoticias.com.br\/","name":"Jornal Fatos e Not\u00edcias","description":"Not\u00edcias em geral","publisher":{"@id":"https:\/\/jornalfatosenoticias.com.br\/#organization"},"potentialAction":[{"@type":"SearchAction","target":{"@type":"EntryPoint","urlTemplate":"https:\/\/jornalfatosenoticias.com.br\/?s={search_term_string}"},"query-input":{"@type":"PropertyValueSpecification","valueRequired":true,"valueName":"search_term_string"}}],"inLanguage":"pt-BR"},{"@type":"Organization","@id":"https:\/\/jornalfatosenoticias.com.br\/#organization","name":"Jornal Fatos e Not\u00edcias","url":"https:\/\/jornalfatosenoticias.com.br\/","logo":{"@type":"ImageObject","inLanguage":"pt-BR","@id":"https:\/\/jornalfatosenoticias.com.br\/#\/schema\/logo\/image\/","url":"https:\/\/jornalfatosenoticias.com.br\/wp-content\/uploads\/2020\/02\/logo120.png","contentUrl":"https:\/\/jornalfatosenoticias.com.br\/wp-content\/uploads\/2020\/02\/logo120.png","width":1227,"height":120,"caption":"Jornal Fatos e Not\u00edcias"},"image":{"@id":"https:\/\/jornalfatosenoticias.com.br\/#\/schema\/logo\/image\/"}},{"@type":"Person","@id":"https:\/\/jornalfatosenoticias.com.br\/#\/schema\/person\/d63837fa13ac8666eb9e74e0985d6f81","name":"Luzimara Fernandes","image":{"@type":"ImageObject","inLanguage":"pt-BR","@id":"https:\/\/jornalfatosenoticias.com.br\/#\/schema\/person\/image\/","url":"https:\/\/jornalfatosenoticias.com.br\/wp-content\/uploads\/2025\/05\/EU_portal.jpg","contentUrl":"https:\/\/jornalfatosenoticias.com.br\/wp-content\/uploads\/2025\/05\/EU_portal.jpg","caption":"Luzimara Fernandes"},"description":"Jornalista MTB 2358-ES","sameAs":["https:\/\/jornalfatosenoticias.com.br"],"url":"https:\/\/jornalfatosenoticias.com.br\/index.php\/author\/luzimara\/"}]}},"cc_featured_image_caption":{"caption_text":"(Foto: Shutterstock\/Sport Life) ","source_text":"","source_url":""},"jetpack_featured_media_url":"https:\/\/jornalfatosenoticias.com.br\/wp-content\/uploads\/2021\/03\/doencas-respiratorias.jpg","_links":{"self":[{"href":"https:\/\/jornalfatosenoticias.com.br\/index.php\/wp-json\/wp\/v2\/posts\/16424","targetHints":{"allow":["GET"]}}],"collection":[{"href":"https:\/\/jornalfatosenoticias.com.br\/index.php\/wp-json\/wp\/v2\/posts"}],"about":[{"href":"https:\/\/jornalfatosenoticias.com.br\/index.php\/wp-json\/wp\/v2\/types\/post"}],"author":[{"embeddable":true,"href":"https:\/\/jornalfatosenoticias.com.br\/index.php\/wp-json\/wp\/v2\/users\/2"}],"replies":[{"embeddable":true,"href":"https:\/\/jornalfatosenoticias.com.br\/index.php\/wp-json\/wp\/v2\/comments?post=16424"}],"version-history":[{"count":0,"href":"https:\/\/jornalfatosenoticias.com.br\/index.php\/wp-json\/wp\/v2\/posts\/16424\/revisions"}],"wp:featuredmedia":[{"embeddable":true,"href":"https:\/\/jornalfatosenoticias.com.br\/index.php\/wp-json\/wp\/v2\/media\/16425"}],"wp:attachment":[{"href":"https:\/\/jornalfatosenoticias.com.br\/index.php\/wp-json\/wp\/v2\/media?parent=16424"}],"wp:term":[{"taxonomy":"category","embeddable":true,"href":"https:\/\/jornalfatosenoticias.com.br\/index.php\/wp-json\/wp\/v2\/categories?post=16424"},{"taxonomy":"post_tag","embeddable":true,"href":"https:\/\/jornalfatosenoticias.com.br\/index.php\/wp-json\/wp\/v2\/tags?post=16424"}],"curies":[{"name":"wp","href":"https:\/\/api.w.org\/{rel}","templated":true}]}}