{"id":16427,"date":"2021-03-30T18:14:56","date_gmt":"2021-03-30T21:14:56","guid":{"rendered":"https:\/\/jornalfatosenoticias.com.br\/?p=16427"},"modified":"2021-03-30T18:15:01","modified_gmt":"2021-03-30T21:15:01","slug":"estudo-da-nasa-mostra-que-a-terra-hoje-esta-mais-verde-do-que-ha-20-anos","status":"publish","type":"post","link":"https:\/\/jornalfatosenoticias.com.br\/index.php\/2021\/03\/30\/estudo-da-nasa-mostra-que-a-terra-hoje-esta-mais-verde-do-que-ha-20-anos\/","title":{"rendered":"Estudo da Nasa mostra que a Terra hoje est\u00e1 mais verde do que h\u00e1 20 anos"},"content":{"rendered":"\n<p>A a\u00e7\u00e3o humana acelerou significativamente o <strong>aquecimento global.<\/strong> Isso \u00e9 cada vez mais evidente, devido aos <a href=\"https:\/\/www.vix.com\/es\/ciencia\/224222\/descubrieron-una-nueva-isla-en-la-antartida-pero-todo-fue-culpa-del-cambio-climatico?utm_campaign=InternalLink&amp;utm_medium=Article&amp;utm_source=Site\" target=\"_blank\" rel=\"noreferrer noopener\">fen\u00f4menos ambientais<\/a> impressionantes dos \u00faltimos anos, como as geadas hist\u00f3ricas em Chicago em 2019 ou os inc\u00eandios florestais na Austr\u00e1lia, por exemplo.<br>Apesar de tudo, ainda existem boas not\u00edcias relacionadas ao meio ambiente. De acordo com <a href=\"https:\/\/www.nature.com\/articles\/s41893-019-0220-7#auth-1\" target=\"_blank\" rel=\"noreferrer noopener\">um estudo da Nasa<\/a>, liderado pelo m\u00e9dico da Universidade de Chicago, Chi Chen, a Terra atualmente est\u00e1 mais verde do que h\u00e1 20 anos.<br>Com ajuda de ferramentas da ag\u00eancia espacial, a equipe de Chen descobriu que, entre 2000 e 2019, a quantidade de espa\u00e7os verdes cresceu 5%, ou seja, um aumento de tr\u00eas milh\u00f5es de quil\u00f4metros quadrados.<br>O estudo explica que o reflorestamento no mundo teve o maior aumento nas \u00faltimas d\u00e9cadas, mas ainda \u00e9 necess\u00e1rio um grande esfor\u00e7o de todos os pa\u00edses, j\u00e1 que apenas duas na\u00e7\u00f5es foram as que registraram um ter\u00e7o do aumento: China e \u00cdndia.<br>Depois de analisar as imagens obtidas ao longo de 20 anos, a equipe descobriu que gradualmente mais \u00e1reas com \u00e1rvores apareciam, com um crescimento que ultrapassava 2,3% por d\u00e9cada. De acordo com o estudo, os demais pa\u00edses que contribu\u00edram com a\u00e7\u00f5es de reflorestamento e que apresentaram aumento de \u00e1reas verdes s\u00e3o: as na\u00e7\u00f5es da Uni\u00e3o Europeia (6%), Canad\u00e1 (5%), R\u00fassia (3%), Austr\u00e1lia (3%), Estados Unidos (2,5%) e M\u00e9xico (2,4%). <\/p>\n\n\n\n<figure class=\"wp-block-image size-large\"><img loading=\"lazy\" decoding=\"async\" width=\"1000\" height=\"523\" src=\"https:\/\/jornalfatosenoticias.com.br\/wp-content\/uploads\/2021\/03\/terra-mais-verde2.jpg\" alt=\"\" class=\"wp-image-16428\" srcset=\"https:\/\/jornalfatosenoticias.com.br\/wp-content\/uploads\/2021\/03\/terra-mais-verde2.jpg 1000w, https:\/\/jornalfatosenoticias.com.br\/wp-content\/uploads\/2021\/03\/terra-mais-verde2-300x157.jpg 300w, https:\/\/jornalfatosenoticias.com.br\/wp-content\/uploads\/2021\/03\/terra-mais-verde2-768x402.jpg 768w\" sizes=\"auto, (max-width: 1000px) 100vw, 1000px\" \/><figcaption><em>(Foto: Steve Kazemir\/Shutterstock)<\/em><\/figcaption><\/figure>\n\n\n\n<p>J\u00e1 os locais com maior perda de \u00e1reas verdes foram Brasil, Rep\u00fablica Democr\u00e1tica do Congo e Indon\u00e9sia. Segundo a <a href=\"https:\/\/sustainabilitycommunity.springernature.com\/users\/207148-chi-chen\/posts\/43908-china-and-india-lead-in-greening-of-the-world-through-land-use-management\" target=\"_blank\" rel=\"noreferrer noopener\">Nasa<\/a>, a raz\u00e3o de a China ter um maior n\u00famero de \u00e1reas verdes \u00e9 que o governo promove um grande sistema de reflorestamento para mitigar a polui\u00e7\u00e3o. Outro fator \u00e9 grande quantidade de territ\u00f3rio cedido \u00e0 agricultura de autoconsumo (55% do total \u00e1reas). A \u00cdndia tamb\u00e9m aumentou os espa\u00e7os verdes em seu territ\u00f3rio devido \u00e0 agricultura de autoconsumo. O que n\u00e3o surpreende, dado o grande n\u00famero de pessoas que vivem em seu territ\u00f3rio.<\/p>\n\n\n\n<p><em><strong>Fonte: <a href=\"https:\/\/www.msn.com\/pt-br\/noticias\/meio-ambiente\/estudo-da-nasa-mostra-que-a-terra-hoje-est%c3%a1-mais-verde-do-que-h%c3%a1-20-anos\/ar-BB1f5qsZ\">MSN Not\u00edcias<\/a><\/strong><\/em><\/p>\n","protected":false},"excerpt":{"rendered":"<p>A a\u00e7\u00e3o humana acelerou significativamente o aquecimento global. Isso \u00e9 cada vez mais evidente, devido aos fen\u00f4menos ambientais impressionantes dos \u00faltimos anos, como as geadas hist\u00f3ricas em Chicago em 2019 ou os inc\u00eandios florestais na Austr\u00e1lia, por exemplo.Apesar de tudo, ainda existem boas not\u00edcias relacionadas ao meio ambiente. De acordo com um estudo da Nasa, [&hellip;]<\/p>\n","protected":false},"author":2,"featured_media":16429,"comment_status":"open","ping_status":"open","sticky":false,"template":"","format":"standard","meta":{"footnotes":""},"categories":[8],"tags":[362,714,8275,164,94,1644],"class_list":["post-16427","post","type-post","status-publish","format-standard","has-post-thumbnail","hentry","category-meio-ambiente","tag-aquecimento-global","tag-estudo","tag-fenomenos-ambientais","tag-nasa","tag-terra","tag-verde"],"yoast_head":"<!-- This site is optimized with the Yoast SEO plugin v26.5 - https:\/\/yoast.com\/wordpress\/plugins\/seo\/ -->\n<title>Estudo da Nasa mostra que a Terra hoje est\u00e1 mais verde do que h\u00e1 20 anos - Jornal Fatos e Not\u00edcias<\/title>\n<meta name=\"robots\" content=\"index, follow, max-snippet:-1, max-image-preview:large, max-video-preview:-1\" \/>\n<link rel=\"canonical\" href=\"https:\/\/jornalfatosenoticias.com.br\/index.php\/2021\/03\/30\/estudo-da-nasa-mostra-que-a-terra-hoje-esta-mais-verde-do-que-ha-20-anos\/\" \/>\n<meta property=\"og:locale\" content=\"pt_BR\" \/>\n<meta property=\"og:type\" content=\"article\" \/>\n<meta property=\"og:title\" content=\"Estudo da Nasa mostra que a Terra hoje est\u00e1 mais verde do que h\u00e1 20 anos - Jornal Fatos e Not\u00edcias\" \/>\n<meta property=\"og:description\" content=\"A a\u00e7\u00e3o humana acelerou significativamente o aquecimento global. Isso \u00e9 cada vez mais evidente, devido aos fen\u00f4menos ambientais impressionantes dos \u00faltimos anos, como as geadas hist\u00f3ricas em Chicago em 2019 ou os inc\u00eandios florestais na Austr\u00e1lia, por exemplo.Apesar de tudo, ainda existem boas not\u00edcias relacionadas ao meio ambiente. De acordo com um estudo da Nasa, [&hellip;]\" \/>\n<meta property=\"og:url\" content=\"https:\/\/jornalfatosenoticias.com.br\/index.php\/2021\/03\/30\/estudo-da-nasa-mostra-que-a-terra-hoje-esta-mais-verde-do-que-ha-20-anos\/\" \/>\n<meta property=\"og:site_name\" content=\"Jornal Fatos e Not\u00edcias\" \/>\n<meta property=\"article:published_time\" content=\"2021-03-30T21:14:56+00:00\" \/>\n<meta property=\"article:modified_time\" content=\"2021-03-30T21:15:01+00:00\" \/>\n<meta property=\"og:image\" content=\"https:\/\/jornalfatosenoticias.com.br\/wp-content\/uploads\/2021\/03\/terra-mais-verde.jpg\" \/>\n\t<meta property=\"og:image:width\" content=\"1000\" \/>\n\t<meta property=\"og:image:height\" content=\"523\" \/>\n\t<meta property=\"og:image:type\" content=\"image\/jpeg\" \/>\n<meta name=\"author\" content=\"Luzimara Fernandes\" \/>\n<meta name=\"twitter:card\" content=\"summary_large_image\" \/>\n<meta name=\"twitter:label1\" content=\"Escrito por\" \/>\n\t<meta name=\"twitter:data1\" content=\"Luzimara Fernandes\" \/>\n\t<meta name=\"twitter:label2\" content=\"Est. tempo de leitura\" \/>\n\t<meta name=\"twitter:data2\" content=\"2 minutos\" \/>\n<script type=\"application\/ld+json\" class=\"yoast-schema-graph\">{\"@context\":\"https:\/\/schema.org\",\"@graph\":[{\"@type\":\"Article\",\"@id\":\"https:\/\/jornalfatosenoticias.com.br\/index.php\/2021\/03\/30\/estudo-da-nasa-mostra-que-a-terra-hoje-esta-mais-verde-do-que-ha-20-anos\/#article\",\"isPartOf\":{\"@id\":\"https:\/\/jornalfatosenoticias.com.br\/index.php\/2021\/03\/30\/estudo-da-nasa-mostra-que-a-terra-hoje-esta-mais-verde-do-que-ha-20-anos\/\"},\"author\":{\"name\":\"Luzimara Fernandes\",\"@id\":\"https:\/\/jornalfatosenoticias.com.br\/#\/schema\/person\/d63837fa13ac8666eb9e74e0985d6f81\"},\"headline\":\"Estudo da Nasa mostra que a Terra hoje est\u00e1 mais verde do que h\u00e1 20 anos\",\"datePublished\":\"2021-03-30T21:14:56+00:00\",\"dateModified\":\"2021-03-30T21:15:01+00:00\",\"mainEntityOfPage\":{\"@id\":\"https:\/\/jornalfatosenoticias.com.br\/index.php\/2021\/03\/30\/estudo-da-nasa-mostra-que-a-terra-hoje-esta-mais-verde-do-que-ha-20-anos\/\"},\"wordCount\":357,\"commentCount\":0,\"publisher\":{\"@id\":\"https:\/\/jornalfatosenoticias.com.br\/#organization\"},\"image\":{\"@id\":\"https:\/\/jornalfatosenoticias.com.br\/index.php\/2021\/03\/30\/estudo-da-nasa-mostra-que-a-terra-hoje-esta-mais-verde-do-que-ha-20-anos\/#primaryimage\"},\"thumbnailUrl\":\"https:\/\/jornalfatosenoticias.com.br\/wp-content\/uploads\/2021\/03\/terra-mais-verde.jpg\",\"keywords\":[\"aquecimento global\",\"Estudo\",\"fen\u00f4menos ambientais\",\"Nasa\",\"Terra\",\"verde\"],\"articleSection\":[\"Meio ambiente\"],\"inLanguage\":\"pt-BR\",\"potentialAction\":[{\"@type\":\"CommentAction\",\"name\":\"Comment\",\"target\":[\"https:\/\/jornalfatosenoticias.com.br\/index.php\/2021\/03\/30\/estudo-da-nasa-mostra-que-a-terra-hoje-esta-mais-verde-do-que-ha-20-anos\/#respond\"]}]},{\"@type\":\"WebPage\",\"@id\":\"https:\/\/jornalfatosenoticias.com.br\/index.php\/2021\/03\/30\/estudo-da-nasa-mostra-que-a-terra-hoje-esta-mais-verde-do-que-ha-20-anos\/\",\"url\":\"https:\/\/jornalfatosenoticias.com.br\/index.php\/2021\/03\/30\/estudo-da-nasa-mostra-que-a-terra-hoje-esta-mais-verde-do-que-ha-20-anos\/\",\"name\":\"Estudo da Nasa mostra que a Terra hoje est\u00e1 mais verde do que h\u00e1 20 anos - Jornal Fatos e Not\u00edcias\",\"isPartOf\":{\"@id\":\"https:\/\/jornalfatosenoticias.com.br\/#website\"},\"primaryImageOfPage\":{\"@id\":\"https:\/\/jornalfatosenoticias.com.br\/index.php\/2021\/03\/30\/estudo-da-nasa-mostra-que-a-terra-hoje-esta-mais-verde-do-que-ha-20-anos\/#primaryimage\"},\"image\":{\"@id\":\"https:\/\/jornalfatosenoticias.com.br\/index.php\/2021\/03\/30\/estudo-da-nasa-mostra-que-a-terra-hoje-esta-mais-verde-do-que-ha-20-anos\/#primaryimage\"},\"thumbnailUrl\":\"https:\/\/jornalfatosenoticias.com.br\/wp-content\/uploads\/2021\/03\/terra-mais-verde.jpg\",\"datePublished\":\"2021-03-30T21:14:56+00:00\",\"dateModified\":\"2021-03-30T21:15:01+00:00\",\"breadcrumb\":{\"@id\":\"https:\/\/jornalfatosenoticias.com.br\/index.php\/2021\/03\/30\/estudo-da-nasa-mostra-que-a-terra-hoje-esta-mais-verde-do-que-ha-20-anos\/#breadcrumb\"},\"inLanguage\":\"pt-BR\",\"potentialAction\":[{\"@type\":\"ReadAction\",\"target\":[\"https:\/\/jornalfatosenoticias.com.br\/index.php\/2021\/03\/30\/estudo-da-nasa-mostra-que-a-terra-hoje-esta-mais-verde-do-que-ha-20-anos\/\"]}]},{\"@type\":\"ImageObject\",\"inLanguage\":\"pt-BR\",\"@id\":\"https:\/\/jornalfatosenoticias.com.br\/index.php\/2021\/03\/30\/estudo-da-nasa-mostra-que-a-terra-hoje-esta-mais-verde-do-que-ha-20-anos\/#primaryimage\",\"url\":\"https:\/\/jornalfatosenoticias.com.br\/wp-content\/uploads\/2021\/03\/terra-mais-verde.jpg\",\"contentUrl\":\"https:\/\/jornalfatosenoticias.com.br\/wp-content\/uploads\/2021\/03\/terra-mais-verde.jpg\",\"width\":1000,\"height\":523},{\"@type\":\"BreadcrumbList\",\"@id\":\"https:\/\/jornalfatosenoticias.com.br\/index.php\/2021\/03\/30\/estudo-da-nasa-mostra-que-a-terra-hoje-esta-mais-verde-do-que-ha-20-anos\/#breadcrumb\",\"itemListElement\":[{\"@type\":\"ListItem\",\"position\":1,\"name\":\"In\u00edcio\",\"item\":\"https:\/\/jornalfatosenoticias.com.br\/\"},{\"@type\":\"ListItem\",\"position\":2,\"name\":\"Estudo da Nasa mostra que a Terra hoje est\u00e1 mais verde do que h\u00e1 20 anos\"}]},{\"@type\":\"WebSite\",\"@id\":\"https:\/\/jornalfatosenoticias.com.br\/#website\",\"url\":\"https:\/\/jornalfatosenoticias.com.br\/\",\"name\":\"Jornal Fatos e Not\u00edcias\",\"description\":\"Not\u00edcias em geral\",\"publisher\":{\"@id\":\"https:\/\/jornalfatosenoticias.com.br\/#organization\"},\"potentialAction\":[{\"@type\":\"SearchAction\",\"target\":{\"@type\":\"EntryPoint\",\"urlTemplate\":\"https:\/\/jornalfatosenoticias.com.br\/?s={search_term_string}\"},\"query-input\":{\"@type\":\"PropertyValueSpecification\",\"valueRequired\":true,\"valueName\":\"search_term_string\"}}],\"inLanguage\":\"pt-BR\"},{\"@type\":\"Organization\",\"@id\":\"https:\/\/jornalfatosenoticias.com.br\/#organization\",\"name\":\"Jornal Fatos e Not\u00edcias\",\"url\":\"https:\/\/jornalfatosenoticias.com.br\/\",\"logo\":{\"@type\":\"ImageObject\",\"inLanguage\":\"pt-BR\",\"@id\":\"https:\/\/jornalfatosenoticias.com.br\/#\/schema\/logo\/image\/\",\"url\":\"https:\/\/jornalfatosenoticias.com.br\/wp-content\/uploads\/2020\/02\/logo120.png\",\"contentUrl\":\"https:\/\/jornalfatosenoticias.com.br\/wp-content\/uploads\/2020\/02\/logo120.png\",\"width\":1227,\"height\":120,\"caption\":\"Jornal Fatos e Not\u00edcias\"},\"image\":{\"@id\":\"https:\/\/jornalfatosenoticias.com.br\/#\/schema\/logo\/image\/\"}},{\"@type\":\"Person\",\"@id\":\"https:\/\/jornalfatosenoticias.com.br\/#\/schema\/person\/d63837fa13ac8666eb9e74e0985d6f81\",\"name\":\"Luzimara Fernandes\",\"image\":{\"@type\":\"ImageObject\",\"inLanguage\":\"pt-BR\",\"@id\":\"https:\/\/jornalfatosenoticias.com.br\/#\/schema\/person\/image\/\",\"url\":\"https:\/\/jornalfatosenoticias.com.br\/wp-content\/uploads\/2025\/05\/EU_portal.jpg\",\"contentUrl\":\"https:\/\/jornalfatosenoticias.com.br\/wp-content\/uploads\/2025\/05\/EU_portal.jpg\",\"caption\":\"Luzimara Fernandes\"},\"description\":\"Jornalista MTB 2358-ES\",\"sameAs\":[\"https:\/\/jornalfatosenoticias.com.br\"],\"url\":\"https:\/\/jornalfatosenoticias.com.br\/index.php\/author\/luzimara\/\"}]}<\/script>\n<!-- \/ Yoast SEO plugin. -->","yoast_head_json":{"title":"Estudo da Nasa mostra que a Terra hoje est\u00e1 mais verde do que h\u00e1 20 anos - Jornal Fatos e Not\u00edcias","robots":{"index":"index","follow":"follow","max-snippet":"max-snippet:-1","max-image-preview":"max-image-preview:large","max-video-preview":"max-video-preview:-1"},"canonical":"https:\/\/jornalfatosenoticias.com.br\/index.php\/2021\/03\/30\/estudo-da-nasa-mostra-que-a-terra-hoje-esta-mais-verde-do-que-ha-20-anos\/","og_locale":"pt_BR","og_type":"article","og_title":"Estudo da Nasa mostra que a Terra hoje est\u00e1 mais verde do que h\u00e1 20 anos - Jornal Fatos e Not\u00edcias","og_description":"A a\u00e7\u00e3o humana acelerou significativamente o aquecimento global. Isso \u00e9 cada vez mais evidente, devido aos fen\u00f4menos ambientais impressionantes dos \u00faltimos anos, como as geadas hist\u00f3ricas em Chicago em 2019 ou os inc\u00eandios florestais na Austr\u00e1lia, por exemplo.Apesar de tudo, ainda existem boas not\u00edcias relacionadas ao meio ambiente. De acordo com um estudo da Nasa, [&hellip;]","og_url":"https:\/\/jornalfatosenoticias.com.br\/index.php\/2021\/03\/30\/estudo-da-nasa-mostra-que-a-terra-hoje-esta-mais-verde-do-que-ha-20-anos\/","og_site_name":"Jornal Fatos e Not\u00edcias","article_published_time":"2021-03-30T21:14:56+00:00","article_modified_time":"2021-03-30T21:15:01+00:00","og_image":[{"width":1000,"height":523,"url":"https:\/\/jornalfatosenoticias.com.br\/wp-content\/uploads\/2021\/03\/terra-mais-verde.jpg","type":"image\/jpeg"}],"author":"Luzimara Fernandes","twitter_card":"summary_large_image","twitter_misc":{"Escrito por":"Luzimara Fernandes","Est. tempo de leitura":"2 minutos"},"schema":{"@context":"https:\/\/schema.org","@graph":[{"@type":"Article","@id":"https:\/\/jornalfatosenoticias.com.br\/index.php\/2021\/03\/30\/estudo-da-nasa-mostra-que-a-terra-hoje-esta-mais-verde-do-que-ha-20-anos\/#article","isPartOf":{"@id":"https:\/\/jornalfatosenoticias.com.br\/index.php\/2021\/03\/30\/estudo-da-nasa-mostra-que-a-terra-hoje-esta-mais-verde-do-que-ha-20-anos\/"},"author":{"name":"Luzimara Fernandes","@id":"https:\/\/jornalfatosenoticias.com.br\/#\/schema\/person\/d63837fa13ac8666eb9e74e0985d6f81"},"headline":"Estudo da Nasa mostra que a Terra hoje est\u00e1 mais verde do que h\u00e1 20 anos","datePublished":"2021-03-30T21:14:56+00:00","dateModified":"2021-03-30T21:15:01+00:00","mainEntityOfPage":{"@id":"https:\/\/jornalfatosenoticias.com.br\/index.php\/2021\/03\/30\/estudo-da-nasa-mostra-que-a-terra-hoje-esta-mais-verde-do-que-ha-20-anos\/"},"wordCount":357,"commentCount":0,"publisher":{"@id":"https:\/\/jornalfatosenoticias.com.br\/#organization"},"image":{"@id":"https:\/\/jornalfatosenoticias.com.br\/index.php\/2021\/03\/30\/estudo-da-nasa-mostra-que-a-terra-hoje-esta-mais-verde-do-que-ha-20-anos\/#primaryimage"},"thumbnailUrl":"https:\/\/jornalfatosenoticias.com.br\/wp-content\/uploads\/2021\/03\/terra-mais-verde.jpg","keywords":["aquecimento global","Estudo","fen\u00f4menos ambientais","Nasa","Terra","verde"],"articleSection":["Meio ambiente"],"inLanguage":"pt-BR","potentialAction":[{"@type":"CommentAction","name":"Comment","target":["https:\/\/jornalfatosenoticias.com.br\/index.php\/2021\/03\/30\/estudo-da-nasa-mostra-que-a-terra-hoje-esta-mais-verde-do-que-ha-20-anos\/#respond"]}]},{"@type":"WebPage","@id":"https:\/\/jornalfatosenoticias.com.br\/index.php\/2021\/03\/30\/estudo-da-nasa-mostra-que-a-terra-hoje-esta-mais-verde-do-que-ha-20-anos\/","url":"https:\/\/jornalfatosenoticias.com.br\/index.php\/2021\/03\/30\/estudo-da-nasa-mostra-que-a-terra-hoje-esta-mais-verde-do-que-ha-20-anos\/","name":"Estudo da Nasa mostra que a Terra hoje est\u00e1 mais verde do que h\u00e1 20 anos - Jornal Fatos e Not\u00edcias","isPartOf":{"@id":"https:\/\/jornalfatosenoticias.com.br\/#website"},"primaryImageOfPage":{"@id":"https:\/\/jornalfatosenoticias.com.br\/index.php\/2021\/03\/30\/estudo-da-nasa-mostra-que-a-terra-hoje-esta-mais-verde-do-que-ha-20-anos\/#primaryimage"},"image":{"@id":"https:\/\/jornalfatosenoticias.com.br\/index.php\/2021\/03\/30\/estudo-da-nasa-mostra-que-a-terra-hoje-esta-mais-verde-do-que-ha-20-anos\/#primaryimage"},"thumbnailUrl":"https:\/\/jornalfatosenoticias.com.br\/wp-content\/uploads\/2021\/03\/terra-mais-verde.jpg","datePublished":"2021-03-30T21:14:56+00:00","dateModified":"2021-03-30T21:15:01+00:00","breadcrumb":{"@id":"https:\/\/jornalfatosenoticias.com.br\/index.php\/2021\/03\/30\/estudo-da-nasa-mostra-que-a-terra-hoje-esta-mais-verde-do-que-ha-20-anos\/#breadcrumb"},"inLanguage":"pt-BR","potentialAction":[{"@type":"ReadAction","target":["https:\/\/jornalfatosenoticias.com.br\/index.php\/2021\/03\/30\/estudo-da-nasa-mostra-que-a-terra-hoje-esta-mais-verde-do-que-ha-20-anos\/"]}]},{"@type":"ImageObject","inLanguage":"pt-BR","@id":"https:\/\/jornalfatosenoticias.com.br\/index.php\/2021\/03\/30\/estudo-da-nasa-mostra-que-a-terra-hoje-esta-mais-verde-do-que-ha-20-anos\/#primaryimage","url":"https:\/\/jornalfatosenoticias.com.br\/wp-content\/uploads\/2021\/03\/terra-mais-verde.jpg","contentUrl":"https:\/\/jornalfatosenoticias.com.br\/wp-content\/uploads\/2021\/03\/terra-mais-verde.jpg","width":1000,"height":523},{"@type":"BreadcrumbList","@id":"https:\/\/jornalfatosenoticias.com.br\/index.php\/2021\/03\/30\/estudo-da-nasa-mostra-que-a-terra-hoje-esta-mais-verde-do-que-ha-20-anos\/#breadcrumb","itemListElement":[{"@type":"ListItem","position":1,"name":"In\u00edcio","item":"https:\/\/jornalfatosenoticias.com.br\/"},{"@type":"ListItem","position":2,"name":"Estudo da Nasa mostra que a Terra hoje est\u00e1 mais verde do que h\u00e1 20 anos"}]},{"@type":"WebSite","@id":"https:\/\/jornalfatosenoticias.com.br\/#website","url":"https:\/\/jornalfatosenoticias.com.br\/","name":"Jornal Fatos e Not\u00edcias","description":"Not\u00edcias em geral","publisher":{"@id":"https:\/\/jornalfatosenoticias.com.br\/#organization"},"potentialAction":[{"@type":"SearchAction","target":{"@type":"EntryPoint","urlTemplate":"https:\/\/jornalfatosenoticias.com.br\/?s={search_term_string}"},"query-input":{"@type":"PropertyValueSpecification","valueRequired":true,"valueName":"search_term_string"}}],"inLanguage":"pt-BR"},{"@type":"Organization","@id":"https:\/\/jornalfatosenoticias.com.br\/#organization","name":"Jornal Fatos e Not\u00edcias","url":"https:\/\/jornalfatosenoticias.com.br\/","logo":{"@type":"ImageObject","inLanguage":"pt-BR","@id":"https:\/\/jornalfatosenoticias.com.br\/#\/schema\/logo\/image\/","url":"https:\/\/jornalfatosenoticias.com.br\/wp-content\/uploads\/2020\/02\/logo120.png","contentUrl":"https:\/\/jornalfatosenoticias.com.br\/wp-content\/uploads\/2020\/02\/logo120.png","width":1227,"height":120,"caption":"Jornal Fatos e Not\u00edcias"},"image":{"@id":"https:\/\/jornalfatosenoticias.com.br\/#\/schema\/logo\/image\/"}},{"@type":"Person","@id":"https:\/\/jornalfatosenoticias.com.br\/#\/schema\/person\/d63837fa13ac8666eb9e74e0985d6f81","name":"Luzimara Fernandes","image":{"@type":"ImageObject","inLanguage":"pt-BR","@id":"https:\/\/jornalfatosenoticias.com.br\/#\/schema\/person\/image\/","url":"https:\/\/jornalfatosenoticias.com.br\/wp-content\/uploads\/2025\/05\/EU_portal.jpg","contentUrl":"https:\/\/jornalfatosenoticias.com.br\/wp-content\/uploads\/2025\/05\/EU_portal.jpg","caption":"Luzimara Fernandes"},"description":"Jornalista MTB 2358-ES","sameAs":["https:\/\/jornalfatosenoticias.com.br"],"url":"https:\/\/jornalfatosenoticias.com.br\/index.php\/author\/luzimara\/"}]}},"cc_featured_image_caption":{"caption_text":"(Foto: Nastco\/iStock) ","source_text":"","source_url":""},"jetpack_featured_media_url":"https:\/\/jornalfatosenoticias.com.br\/wp-content\/uploads\/2021\/03\/terra-mais-verde.jpg","_links":{"self":[{"href":"https:\/\/jornalfatosenoticias.com.br\/index.php\/wp-json\/wp\/v2\/posts\/16427","targetHints":{"allow":["GET"]}}],"collection":[{"href":"https:\/\/jornalfatosenoticias.com.br\/index.php\/wp-json\/wp\/v2\/posts"}],"about":[{"href":"https:\/\/jornalfatosenoticias.com.br\/index.php\/wp-json\/wp\/v2\/types\/post"}],"author":[{"embeddable":true,"href":"https:\/\/jornalfatosenoticias.com.br\/index.php\/wp-json\/wp\/v2\/users\/2"}],"replies":[{"embeddable":true,"href":"https:\/\/jornalfatosenoticias.com.br\/index.php\/wp-json\/wp\/v2\/comments?post=16427"}],"version-history":[{"count":0,"href":"https:\/\/jornalfatosenoticias.com.br\/index.php\/wp-json\/wp\/v2\/posts\/16427\/revisions"}],"wp:featuredmedia":[{"embeddable":true,"href":"https:\/\/jornalfatosenoticias.com.br\/index.php\/wp-json\/wp\/v2\/media\/16429"}],"wp:attachment":[{"href":"https:\/\/jornalfatosenoticias.com.br\/index.php\/wp-json\/wp\/v2\/media?parent=16427"}],"wp:term":[{"taxonomy":"category","embeddable":true,"href":"https:\/\/jornalfatosenoticias.com.br\/index.php\/wp-json\/wp\/v2\/categories?post=16427"},{"taxonomy":"post_tag","embeddable":true,"href":"https:\/\/jornalfatosenoticias.com.br\/index.php\/wp-json\/wp\/v2\/tags?post=16427"}],"curies":[{"name":"wp","href":"https:\/\/api.w.org\/{rel}","templated":true}]}}