{"id":16487,"date":"2021-03-31T14:54:33","date_gmt":"2021-03-31T17:54:33","guid":{"rendered":"https:\/\/jornalfatosenoticias.com.br\/?p=16487"},"modified":"2021-03-31T14:54:37","modified_gmt":"2021-03-31T17:54:37","slug":"economistas-defendem-acao-urgente-contra-mudancas-climaticas","status":"publish","type":"post","link":"https:\/\/jornalfatosenoticias.com.br\/index.php\/2021\/03\/31\/economistas-defendem-acao-urgente-contra-mudancas-climaticas\/","title":{"rendered":"Economistas defendem a\u00e7\u00e3o urgente contra mudan\u00e7as clim\u00e1ticas"},"content":{"rendered":"\n<p><em>Pesquisa global com mais de 730 economistas conclui que os benef\u00edcios de agir sobre o clima superam de longe os custos<\/em><\/p>\n\n\n\n<p>Os custos do aquecimento global chegar\u00e3o a trilh\u00f5es de d\u00f3lares por ano em breve e devem superar de longe os custos da redu\u00e7\u00e3o r\u00e1pida das emiss\u00f5es. Esta \u00e9 a opini\u00e3o da maioria dos economistas com conhecimento em mudan\u00e7as clim\u00e1ticas, de acordo com uma nova pesquisa internacional, conduzida pelo Institute for Policy Integrity da NYU School of Law.<br>A maior parte dos respondentes tamb\u00e9m acredita que a crise clim\u00e1tica agravar\u00e1 a desigualdade dentro dos pa\u00edses, assim como entre os pa\u00edses.<br>A pesquisa do Instituto sobre a economia da mudan\u00e7a clim\u00e1tica foi enviada a todos os economistas que publicaram alguma pesquisa relacionada ao clima nas revistas acad\u00eamicas mais conceituadas da \u00e1rea; 738 responderam no que \u00e9 provavelmente a maior pesquisa de todos os tempos sobre a opini\u00e3o dos economistas sobre a mudan\u00e7a clim\u00e1tica.<\/p>\n\n\n\n<p><strong>A\u00e7\u00e3o r\u00e1pida e dr\u00e1stica<br><\/strong>\u201cOs economistas apoiam esmagadoramente a r\u00e1pida redu\u00e7\u00e3o de emiss\u00f5es, e est\u00e3o otimistas quanto ao fato de que os principais custos tecnol\u00f3gicos continuam a cair\u201d, disse Derek Sylvan, diretor de estrat\u00e9gia do Instituto e coautor da pesquisa. \u201cH\u00e1 um claro consenso entre estes especialistas de que o status quo parece muito mais caro do que uma grande transi\u00e7\u00e3o de energia\u201d.<\/p>\n\n\n\n<figure class=\"wp-block-image size-large\"><img loading=\"lazy\" decoding=\"async\" width=\"1000\" height=\"571\" src=\"https:\/\/jornalfatosenoticias.com.br\/wp-content\/uploads\/2021\/03\/mudancas-climaticas2_Pixabay.jpg\" alt=\"\" class=\"wp-image-16488\" srcset=\"https:\/\/jornalfatosenoticias.com.br\/wp-content\/uploads\/2021\/03\/mudancas-climaticas2_Pixabay.jpg 1000w, https:\/\/jornalfatosenoticias.com.br\/wp-content\/uploads\/2021\/03\/mudancas-climaticas2_Pixabay-300x171.jpg 300w, https:\/\/jornalfatosenoticias.com.br\/wp-content\/uploads\/2021\/03\/mudancas-climaticas2_Pixabay-768x439.jpg 768w\" sizes=\"auto, (max-width: 1000px) 100vw, 1000px\" \/><figcaption><em>Consequ\u00eancias das mudan\u00e7as clim\u00e1ticas, como ciclones e enchentes, representam um custo bilion\u00e1rio muito maior do que o investimento em medidas de combate e preven\u00e7\u00e3o (Foto: Pixabay)<\/em><\/figcaption><\/figure>\n\n\n\n<p>As preocupa\u00e7\u00f5es dos economistas sobre os custos da mudan\u00e7a clim\u00e1tica aumentaram desde a \u00faltima vez em que o Instituto realizou uma pesquisa em 2015.<br>Quase tr\u00eas quartos (74%) desses economistas dizem que se justifica uma a\u00e7\u00e3o \u201cimediata e dr\u00e1stica\u201d para reduzir as emiss\u00f5es, em compara\u00e7\u00e3o com 50% em 2015. A grande maioria (98%) acredita que agora \u00e9 necess\u00e1ria uma a\u00e7\u00e3o dr\u00e1stica ou \u201calguma a\u00e7\u00e3o\u201d.<\/p>\n\n\n\n<blockquote class=\"wp-block-quote is-layout-flow wp-block-quote-is-layout-flow\"><p>\u201cAs pessoas que passam suas carreiras estudando economia est\u00e3o de acordo em que a mudan\u00e7a clim\u00e1tica ser\u00e1 cara, potencialmente devastadora. Estas descobertas mostram um caso econ\u00f4mico claro para uma a\u00e7\u00e3o clim\u00e1tica urgente\u201d, diz Peter Howard, diretor de Economia do Institute for Policy Integrity da NYU School of Law<\/p><\/blockquote>\n\n\n\n<p><strong>Agir rapidamente custa menos<br><\/strong>Os custos s\u00e3o frequentemente citados como um motivo para atrasar ou evitar uma a\u00e7\u00e3o forte sobre a mudan\u00e7a clim\u00e1tica, como o afastamento dos combust\u00edveis f\u00f3sseis. Mas a maior parte das estimativas se baseiam em modelos econ\u00f4micos que t\u00eam sido criticados por muitos economistas por n\u00e3o darem conta dos impactos totais da mudan\u00e7a clim\u00e1tica.<br>A administra\u00e7\u00e3o Biden, por exemplo, est\u00e1 atualmente conduzindo uma revis\u00e3o do modelo de impacto clim\u00e1tico usado pelo governo dos Estados Unidos.<br>A pesquisa sugere que os economistas est\u00e3o formando consenso sobre as proje\u00e7\u00f5es que apontam que os danos econ\u00f4micos gerados pela mudan\u00e7a clim\u00e1tica atingir\u00e3o US$ 1,7 trilh\u00e3o por ano at\u00e9 2025, e aproximadamente US$ 30 trilh\u00f5es por ano (5% do PIB ou mais) at\u00e9 2075 na maioria dos cen\u00e1rios.<br>Para 76% dos entrevistados, a mudan\u00e7a clim\u00e1tica vai prejudicar n\u00e3o apenas a produ\u00e7\u00e3o econ\u00f4mica em anos espec\u00edficos, mas tamb\u00e9m a taxa de crescimento da economia global \u2014 o que significa um amortecimento permanente de nossas perspectivas se n\u00e3o agirmos rapidamente para reduzir as emiss\u00f5es.<br>Em contraste, o custo da redu\u00e7\u00e3o de emiss\u00f5es caiu rapidamente \u00e0 medida que o pre\u00e7o da gera\u00e7\u00e3o de energia solar e e\u00f3lica caiu, e 65% dos economistas esperam padr\u00f5es semelhantes de redu\u00e7\u00e3o de custos para outras tecnologias limpas.<\/p>\n\n\n\n<p><strong>Desigualdade<br><\/strong>Uma conclus\u00e3o chave da pesquisa \u00e9 que se espera que a mudan\u00e7a clim\u00e1tica aumente a desigualdade entre os pa\u00edses, assim como dentro dos pa\u00edses.<br>Os pa\u00edses em desenvolvimento t\u00eam menos recursos financeiros para lidar com os efeitos da mudan\u00e7a clim\u00e1tica, e as pesquisas existentes sugerem que eles tamb\u00e9m est\u00e3o desproporcionalmente expostos aos efeitos mais severos de uma atmosfera mais quente.<\/p>\n\n\n\n<figure class=\"wp-block-image size-large\"><img loading=\"lazy\" decoding=\"async\" width=\"1000\" height=\"668\" src=\"https:\/\/jornalfatosenoticias.com.br\/wp-content\/uploads\/2021\/03\/mudancas-climaticas3_iStock.jpg\" alt=\"\" class=\"wp-image-16489\" srcset=\"https:\/\/jornalfatosenoticias.com.br\/wp-content\/uploads\/2021\/03\/mudancas-climaticas3_iStock.jpg 1000w, https:\/\/jornalfatosenoticias.com.br\/wp-content\/uploads\/2021\/03\/mudancas-climaticas3_iStock-300x200.jpg 300w, https:\/\/jornalfatosenoticias.com.br\/wp-content\/uploads\/2021\/03\/mudancas-climaticas3_iStock-768x513.jpg 768w\" sizes=\"auto, (max-width: 1000px) 100vw, 1000px\" \/><figcaption><em>Desertifica\u00e7\u00e3o, degrada\u00e7\u00e3o da terra e seca s\u00e3o grandes amea\u00e7as que afetam milh\u00f5es de pessoas em todo o mundo (Foto: iStock)<\/em><\/figcaption><\/figure>\n\n\n\n<p>Entre os participantes, 89% acreditam que a desigualdade global \u00e9 prov\u00e1vel ou muito prov\u00e1vel de aumentar devido aos efeitos da mudan\u00e7a clim\u00e1tica. Al\u00e9m disso, 70% dos entrevistados acham que a mudan\u00e7a clim\u00e1tica aumentar\u00e1 a desigualdade na maioria dos pa\u00edses \u2014 aumentando a dist\u00e2ncia entre o ter\u00e7o mais pobre e o ter\u00e7o mais rico das popula\u00e7\u00f5es nacionais.<\/p>\n\n\n\n<p><strong>Apoio \u00e0s emiss\u00f5es l\u00edquidas-zero<br><\/strong>Dois ter\u00e7os dos entrevistados concordaram que os benef\u00edcios de atingir emiss\u00f5es l\u00edquidas zero at\u00e9 meados do s\u00e9culo provavelmente superar\u00e3o os custos, com apenas 12% de discord\u00e2ncia. Esta meta ambiciosa de atingir o n\u00edvel zero l\u00edquido corresponde aos objetivos do Acordo de Paris, que procura limitar os aumentos de temperatura de 1,5\u00b0C a 2\u00b0C.<\/p>\n\n\n\n<p><strong><em>Fonte: <a href=\"https:\/\/ciclovivo.com.br\/planeta\/crise-climatica\/economistas-defendem-acao-urgente-contra-mudancas-climaticas\/\">CicloVivo<\/a><\/em><\/strong><\/p>\n","protected":false},"excerpt":{"rendered":"<p>Pesquisa global com mais de 730 economistas conclui que os benef\u00edcios de agir sobre o clima superam de longe os custos Os custos do aquecimento global chegar\u00e3o a trilh\u00f5es de d\u00f3lares por ano em breve e devem superar de longe os custos da redu\u00e7\u00e3o r\u00e1pida das emiss\u00f5es. Esta \u00e9 a opini\u00e3o da maioria dos economistas [&hellip;]<\/p>\n","protected":false},"author":2,"featured_media":16490,"comment_status":"open","ping_status":"open","sticky":false,"template":"","format":"standard","meta":{"footnotes":""},"categories":[8],"tags":[362,360,8304],"class_list":["post-16487","post","type-post","status-publish","format-standard","has-post-thumbnail","hentry","category-meio-ambiente","tag-aquecimento-global","tag-mudancas-climaticas","tag-tecnologias-limpas"],"yoast_head":"<!-- This site is optimized with the Yoast SEO plugin v26.5 - https:\/\/yoast.com\/wordpress\/plugins\/seo\/ -->\n<title>Economistas defendem a\u00e7\u00e3o urgente contra mudan\u00e7as clim\u00e1ticas - Jornal Fatos e Not\u00edcias<\/title>\n<meta name=\"robots\" content=\"index, follow, max-snippet:-1, max-image-preview:large, max-video-preview:-1\" \/>\n<link rel=\"canonical\" href=\"https:\/\/jornalfatosenoticias.com.br\/index.php\/2021\/03\/31\/economistas-defendem-acao-urgente-contra-mudancas-climaticas\/\" \/>\n<meta property=\"og:locale\" content=\"pt_BR\" \/>\n<meta property=\"og:type\" content=\"article\" \/>\n<meta property=\"og:title\" content=\"Economistas defendem a\u00e7\u00e3o urgente contra mudan\u00e7as clim\u00e1ticas - Jornal Fatos e Not\u00edcias\" \/>\n<meta property=\"og:description\" content=\"Pesquisa global com mais de 730 economistas conclui que os benef\u00edcios de agir sobre o clima superam de longe os custos Os custos do aquecimento global chegar\u00e3o a trilh\u00f5es de d\u00f3lares por ano em breve e devem superar de longe os custos da redu\u00e7\u00e3o r\u00e1pida das emiss\u00f5es. Esta \u00e9 a opini\u00e3o da maioria dos economistas [&hellip;]\" \/>\n<meta property=\"og:url\" content=\"https:\/\/jornalfatosenoticias.com.br\/index.php\/2021\/03\/31\/economistas-defendem-acao-urgente-contra-mudancas-climaticas\/\" \/>\n<meta property=\"og:site_name\" content=\"Jornal Fatos e Not\u00edcias\" \/>\n<meta property=\"article:published_time\" content=\"2021-03-31T17:54:33+00:00\" \/>\n<meta property=\"article:modified_time\" content=\"2021-03-31T17:54:37+00:00\" \/>\n<meta property=\"og:image\" content=\"https:\/\/jornalfatosenoticias.com.br\/wp-content\/uploads\/2021\/03\/ciclone-pixabay.jpg\" \/>\n\t<meta property=\"og:image:width\" content=\"1000\" \/>\n\t<meta property=\"og:image:height\" content=\"666\" \/>\n\t<meta property=\"og:image:type\" content=\"image\/jpeg\" \/>\n<meta name=\"author\" content=\"Luzimara Fernandes\" \/>\n<meta name=\"twitter:card\" content=\"summary_large_image\" \/>\n<meta name=\"twitter:label1\" content=\"Escrito por\" \/>\n\t<meta name=\"twitter:data1\" content=\"Luzimara Fernandes\" \/>\n\t<meta name=\"twitter:label2\" content=\"Est. tempo de leitura\" \/>\n\t<meta name=\"twitter:data2\" content=\"4 minutos\" \/>\n<script type=\"application\/ld+json\" class=\"yoast-schema-graph\">{\"@context\":\"https:\/\/schema.org\",\"@graph\":[{\"@type\":\"Article\",\"@id\":\"https:\/\/jornalfatosenoticias.com.br\/index.php\/2021\/03\/31\/economistas-defendem-acao-urgente-contra-mudancas-climaticas\/#article\",\"isPartOf\":{\"@id\":\"https:\/\/jornalfatosenoticias.com.br\/index.php\/2021\/03\/31\/economistas-defendem-acao-urgente-contra-mudancas-climaticas\/\"},\"author\":{\"name\":\"Luzimara Fernandes\",\"@id\":\"https:\/\/jornalfatosenoticias.com.br\/#\/schema\/person\/d63837fa13ac8666eb9e74e0985d6f81\"},\"headline\":\"Economistas defendem a\u00e7\u00e3o urgente contra mudan\u00e7as clim\u00e1ticas\",\"datePublished\":\"2021-03-31T17:54:33+00:00\",\"dateModified\":\"2021-03-31T17:54:37+00:00\",\"mainEntityOfPage\":{\"@id\":\"https:\/\/jornalfatosenoticias.com.br\/index.php\/2021\/03\/31\/economistas-defendem-acao-urgente-contra-mudancas-climaticas\/\"},\"wordCount\":873,\"commentCount\":0,\"publisher\":{\"@id\":\"https:\/\/jornalfatosenoticias.com.br\/#organization\"},\"image\":{\"@id\":\"https:\/\/jornalfatosenoticias.com.br\/index.php\/2021\/03\/31\/economistas-defendem-acao-urgente-contra-mudancas-climaticas\/#primaryimage\"},\"thumbnailUrl\":\"https:\/\/jornalfatosenoticias.com.br\/wp-content\/uploads\/2021\/03\/ciclone-pixabay.jpg\",\"keywords\":[\"aquecimento global\",\"mudan\u00e7as clim\u00e1ticas\",\"tecnologias limpas\"],\"articleSection\":[\"Meio ambiente\"],\"inLanguage\":\"pt-BR\",\"potentialAction\":[{\"@type\":\"CommentAction\",\"name\":\"Comment\",\"target\":[\"https:\/\/jornalfatosenoticias.com.br\/index.php\/2021\/03\/31\/economistas-defendem-acao-urgente-contra-mudancas-climaticas\/#respond\"]}]},{\"@type\":\"WebPage\",\"@id\":\"https:\/\/jornalfatosenoticias.com.br\/index.php\/2021\/03\/31\/economistas-defendem-acao-urgente-contra-mudancas-climaticas\/\",\"url\":\"https:\/\/jornalfatosenoticias.com.br\/index.php\/2021\/03\/31\/economistas-defendem-acao-urgente-contra-mudancas-climaticas\/\",\"name\":\"Economistas defendem a\u00e7\u00e3o urgente contra mudan\u00e7as clim\u00e1ticas - Jornal Fatos e Not\u00edcias\",\"isPartOf\":{\"@id\":\"https:\/\/jornalfatosenoticias.com.br\/#website\"},\"primaryImageOfPage\":{\"@id\":\"https:\/\/jornalfatosenoticias.com.br\/index.php\/2021\/03\/31\/economistas-defendem-acao-urgente-contra-mudancas-climaticas\/#primaryimage\"},\"image\":{\"@id\":\"https:\/\/jornalfatosenoticias.com.br\/index.php\/2021\/03\/31\/economistas-defendem-acao-urgente-contra-mudancas-climaticas\/#primaryimage\"},\"thumbnailUrl\":\"https:\/\/jornalfatosenoticias.com.br\/wp-content\/uploads\/2021\/03\/ciclone-pixabay.jpg\",\"datePublished\":\"2021-03-31T17:54:33+00:00\",\"dateModified\":\"2021-03-31T17:54:37+00:00\",\"breadcrumb\":{\"@id\":\"https:\/\/jornalfatosenoticias.com.br\/index.php\/2021\/03\/31\/economistas-defendem-acao-urgente-contra-mudancas-climaticas\/#breadcrumb\"},\"inLanguage\":\"pt-BR\",\"potentialAction\":[{\"@type\":\"ReadAction\",\"target\":[\"https:\/\/jornalfatosenoticias.com.br\/index.php\/2021\/03\/31\/economistas-defendem-acao-urgente-contra-mudancas-climaticas\/\"]}]},{\"@type\":\"ImageObject\",\"inLanguage\":\"pt-BR\",\"@id\":\"https:\/\/jornalfatosenoticias.com.br\/index.php\/2021\/03\/31\/economistas-defendem-acao-urgente-contra-mudancas-climaticas\/#primaryimage\",\"url\":\"https:\/\/jornalfatosenoticias.com.br\/wp-content\/uploads\/2021\/03\/ciclone-pixabay.jpg\",\"contentUrl\":\"https:\/\/jornalfatosenoticias.com.br\/wp-content\/uploads\/2021\/03\/ciclone-pixabay.jpg\",\"width\":1000,\"height\":666},{\"@type\":\"BreadcrumbList\",\"@id\":\"https:\/\/jornalfatosenoticias.com.br\/index.php\/2021\/03\/31\/economistas-defendem-acao-urgente-contra-mudancas-climaticas\/#breadcrumb\",\"itemListElement\":[{\"@type\":\"ListItem\",\"position\":1,\"name\":\"In\u00edcio\",\"item\":\"https:\/\/jornalfatosenoticias.com.br\/\"},{\"@type\":\"ListItem\",\"position\":2,\"name\":\"Economistas defendem a\u00e7\u00e3o urgente contra mudan\u00e7as clim\u00e1ticas\"}]},{\"@type\":\"WebSite\",\"@id\":\"https:\/\/jornalfatosenoticias.com.br\/#website\",\"url\":\"https:\/\/jornalfatosenoticias.com.br\/\",\"name\":\"Jornal Fatos e Not\u00edcias\",\"description\":\"Not\u00edcias em geral\",\"publisher\":{\"@id\":\"https:\/\/jornalfatosenoticias.com.br\/#organization\"},\"potentialAction\":[{\"@type\":\"SearchAction\",\"target\":{\"@type\":\"EntryPoint\",\"urlTemplate\":\"https:\/\/jornalfatosenoticias.com.br\/?s={search_term_string}\"},\"query-input\":{\"@type\":\"PropertyValueSpecification\",\"valueRequired\":true,\"valueName\":\"search_term_string\"}}],\"inLanguage\":\"pt-BR\"},{\"@type\":\"Organization\",\"@id\":\"https:\/\/jornalfatosenoticias.com.br\/#organization\",\"name\":\"Jornal Fatos e Not\u00edcias\",\"url\":\"https:\/\/jornalfatosenoticias.com.br\/\",\"logo\":{\"@type\":\"ImageObject\",\"inLanguage\":\"pt-BR\",\"@id\":\"https:\/\/jornalfatosenoticias.com.br\/#\/schema\/logo\/image\/\",\"url\":\"https:\/\/jornalfatosenoticias.com.br\/wp-content\/uploads\/2020\/02\/logo120.png\",\"contentUrl\":\"https:\/\/jornalfatosenoticias.com.br\/wp-content\/uploads\/2020\/02\/logo120.png\",\"width\":1227,\"height\":120,\"caption\":\"Jornal Fatos e Not\u00edcias\"},\"image\":{\"@id\":\"https:\/\/jornalfatosenoticias.com.br\/#\/schema\/logo\/image\/\"}},{\"@type\":\"Person\",\"@id\":\"https:\/\/jornalfatosenoticias.com.br\/#\/schema\/person\/d63837fa13ac8666eb9e74e0985d6f81\",\"name\":\"Luzimara Fernandes\",\"image\":{\"@type\":\"ImageObject\",\"inLanguage\":\"pt-BR\",\"@id\":\"https:\/\/jornalfatosenoticias.com.br\/#\/schema\/person\/image\/\",\"url\":\"https:\/\/jornalfatosenoticias.com.br\/wp-content\/uploads\/2025\/05\/EU_portal.jpg\",\"contentUrl\":\"https:\/\/jornalfatosenoticias.com.br\/wp-content\/uploads\/2025\/05\/EU_portal.jpg\",\"caption\":\"Luzimara Fernandes\"},\"description\":\"Jornalista MTB 2358-ES\",\"sameAs\":[\"https:\/\/jornalfatosenoticias.com.br\"],\"url\":\"https:\/\/jornalfatosenoticias.com.br\/index.php\/author\/luzimara\/\"}]}<\/script>\n<!-- \/ Yoast SEO plugin. -->","yoast_head_json":{"title":"Economistas defendem a\u00e7\u00e3o urgente contra mudan\u00e7as clim\u00e1ticas - Jornal Fatos e Not\u00edcias","robots":{"index":"index","follow":"follow","max-snippet":"max-snippet:-1","max-image-preview":"max-image-preview:large","max-video-preview":"max-video-preview:-1"},"canonical":"https:\/\/jornalfatosenoticias.com.br\/index.php\/2021\/03\/31\/economistas-defendem-acao-urgente-contra-mudancas-climaticas\/","og_locale":"pt_BR","og_type":"article","og_title":"Economistas defendem a\u00e7\u00e3o urgente contra mudan\u00e7as clim\u00e1ticas - Jornal Fatos e Not\u00edcias","og_description":"Pesquisa global com mais de 730 economistas conclui que os benef\u00edcios de agir sobre o clima superam de longe os custos Os custos do aquecimento global chegar\u00e3o a trilh\u00f5es de d\u00f3lares por ano em breve e devem superar de longe os custos da redu\u00e7\u00e3o r\u00e1pida das emiss\u00f5es. Esta \u00e9 a opini\u00e3o da maioria dos economistas [&hellip;]","og_url":"https:\/\/jornalfatosenoticias.com.br\/index.php\/2021\/03\/31\/economistas-defendem-acao-urgente-contra-mudancas-climaticas\/","og_site_name":"Jornal Fatos e Not\u00edcias","article_published_time":"2021-03-31T17:54:33+00:00","article_modified_time":"2021-03-31T17:54:37+00:00","og_image":[{"width":1000,"height":666,"url":"https:\/\/jornalfatosenoticias.com.br\/wp-content\/uploads\/2021\/03\/ciclone-pixabay.jpg","type":"image\/jpeg"}],"author":"Luzimara Fernandes","twitter_card":"summary_large_image","twitter_misc":{"Escrito por":"Luzimara Fernandes","Est. tempo de leitura":"4 minutos"},"schema":{"@context":"https:\/\/schema.org","@graph":[{"@type":"Article","@id":"https:\/\/jornalfatosenoticias.com.br\/index.php\/2021\/03\/31\/economistas-defendem-acao-urgente-contra-mudancas-climaticas\/#article","isPartOf":{"@id":"https:\/\/jornalfatosenoticias.com.br\/index.php\/2021\/03\/31\/economistas-defendem-acao-urgente-contra-mudancas-climaticas\/"},"author":{"name":"Luzimara Fernandes","@id":"https:\/\/jornalfatosenoticias.com.br\/#\/schema\/person\/d63837fa13ac8666eb9e74e0985d6f81"},"headline":"Economistas defendem a\u00e7\u00e3o urgente contra mudan\u00e7as clim\u00e1ticas","datePublished":"2021-03-31T17:54:33+00:00","dateModified":"2021-03-31T17:54:37+00:00","mainEntityOfPage":{"@id":"https:\/\/jornalfatosenoticias.com.br\/index.php\/2021\/03\/31\/economistas-defendem-acao-urgente-contra-mudancas-climaticas\/"},"wordCount":873,"commentCount":0,"publisher":{"@id":"https:\/\/jornalfatosenoticias.com.br\/#organization"},"image":{"@id":"https:\/\/jornalfatosenoticias.com.br\/index.php\/2021\/03\/31\/economistas-defendem-acao-urgente-contra-mudancas-climaticas\/#primaryimage"},"thumbnailUrl":"https:\/\/jornalfatosenoticias.com.br\/wp-content\/uploads\/2021\/03\/ciclone-pixabay.jpg","keywords":["aquecimento global","mudan\u00e7as clim\u00e1ticas","tecnologias limpas"],"articleSection":["Meio ambiente"],"inLanguage":"pt-BR","potentialAction":[{"@type":"CommentAction","name":"Comment","target":["https:\/\/jornalfatosenoticias.com.br\/index.php\/2021\/03\/31\/economistas-defendem-acao-urgente-contra-mudancas-climaticas\/#respond"]}]},{"@type":"WebPage","@id":"https:\/\/jornalfatosenoticias.com.br\/index.php\/2021\/03\/31\/economistas-defendem-acao-urgente-contra-mudancas-climaticas\/","url":"https:\/\/jornalfatosenoticias.com.br\/index.php\/2021\/03\/31\/economistas-defendem-acao-urgente-contra-mudancas-climaticas\/","name":"Economistas defendem a\u00e7\u00e3o urgente contra mudan\u00e7as clim\u00e1ticas - Jornal Fatos e Not\u00edcias","isPartOf":{"@id":"https:\/\/jornalfatosenoticias.com.br\/#website"},"primaryImageOfPage":{"@id":"https:\/\/jornalfatosenoticias.com.br\/index.php\/2021\/03\/31\/economistas-defendem-acao-urgente-contra-mudancas-climaticas\/#primaryimage"},"image":{"@id":"https:\/\/jornalfatosenoticias.com.br\/index.php\/2021\/03\/31\/economistas-defendem-acao-urgente-contra-mudancas-climaticas\/#primaryimage"},"thumbnailUrl":"https:\/\/jornalfatosenoticias.com.br\/wp-content\/uploads\/2021\/03\/ciclone-pixabay.jpg","datePublished":"2021-03-31T17:54:33+00:00","dateModified":"2021-03-31T17:54:37+00:00","breadcrumb":{"@id":"https:\/\/jornalfatosenoticias.com.br\/index.php\/2021\/03\/31\/economistas-defendem-acao-urgente-contra-mudancas-climaticas\/#breadcrumb"},"inLanguage":"pt-BR","potentialAction":[{"@type":"ReadAction","target":["https:\/\/jornalfatosenoticias.com.br\/index.php\/2021\/03\/31\/economistas-defendem-acao-urgente-contra-mudancas-climaticas\/"]}]},{"@type":"ImageObject","inLanguage":"pt-BR","@id":"https:\/\/jornalfatosenoticias.com.br\/index.php\/2021\/03\/31\/economistas-defendem-acao-urgente-contra-mudancas-climaticas\/#primaryimage","url":"https:\/\/jornalfatosenoticias.com.br\/wp-content\/uploads\/2021\/03\/ciclone-pixabay.jpg","contentUrl":"https:\/\/jornalfatosenoticias.com.br\/wp-content\/uploads\/2021\/03\/ciclone-pixabay.jpg","width":1000,"height":666},{"@type":"BreadcrumbList","@id":"https:\/\/jornalfatosenoticias.com.br\/index.php\/2021\/03\/31\/economistas-defendem-acao-urgente-contra-mudancas-climaticas\/#breadcrumb","itemListElement":[{"@type":"ListItem","position":1,"name":"In\u00edcio","item":"https:\/\/jornalfatosenoticias.com.br\/"},{"@type":"ListItem","position":2,"name":"Economistas defendem a\u00e7\u00e3o urgente contra mudan\u00e7as clim\u00e1ticas"}]},{"@type":"WebSite","@id":"https:\/\/jornalfatosenoticias.com.br\/#website","url":"https:\/\/jornalfatosenoticias.com.br\/","name":"Jornal Fatos e Not\u00edcias","description":"Not\u00edcias em geral","publisher":{"@id":"https:\/\/jornalfatosenoticias.com.br\/#organization"},"potentialAction":[{"@type":"SearchAction","target":{"@type":"EntryPoint","urlTemplate":"https:\/\/jornalfatosenoticias.com.br\/?s={search_term_string}"},"query-input":{"@type":"PropertyValueSpecification","valueRequired":true,"valueName":"search_term_string"}}],"inLanguage":"pt-BR"},{"@type":"Organization","@id":"https:\/\/jornalfatosenoticias.com.br\/#organization","name":"Jornal Fatos e Not\u00edcias","url":"https:\/\/jornalfatosenoticias.com.br\/","logo":{"@type":"ImageObject","inLanguage":"pt-BR","@id":"https:\/\/jornalfatosenoticias.com.br\/#\/schema\/logo\/image\/","url":"https:\/\/jornalfatosenoticias.com.br\/wp-content\/uploads\/2020\/02\/logo120.png","contentUrl":"https:\/\/jornalfatosenoticias.com.br\/wp-content\/uploads\/2020\/02\/logo120.png","width":1227,"height":120,"caption":"Jornal Fatos e Not\u00edcias"},"image":{"@id":"https:\/\/jornalfatosenoticias.com.br\/#\/schema\/logo\/image\/"}},{"@type":"Person","@id":"https:\/\/jornalfatosenoticias.com.br\/#\/schema\/person\/d63837fa13ac8666eb9e74e0985d6f81","name":"Luzimara Fernandes","image":{"@type":"ImageObject","inLanguage":"pt-BR","@id":"https:\/\/jornalfatosenoticias.com.br\/#\/schema\/person\/image\/","url":"https:\/\/jornalfatosenoticias.com.br\/wp-content\/uploads\/2025\/05\/EU_portal.jpg","contentUrl":"https:\/\/jornalfatosenoticias.com.br\/wp-content\/uploads\/2025\/05\/EU_portal.jpg","caption":"Luzimara Fernandes"},"description":"Jornalista MTB 2358-ES","sameAs":["https:\/\/jornalfatosenoticias.com.br"],"url":"https:\/\/jornalfatosenoticias.com.br\/index.php\/author\/luzimara\/"}]}},"cc_featured_image_caption":{"caption_text":"Ciclone (Foto: Pixabay)\r\n","source_text":"","source_url":""},"jetpack_featured_media_url":"https:\/\/jornalfatosenoticias.com.br\/wp-content\/uploads\/2021\/03\/ciclone-pixabay.jpg","_links":{"self":[{"href":"https:\/\/jornalfatosenoticias.com.br\/index.php\/wp-json\/wp\/v2\/posts\/16487","targetHints":{"allow":["GET"]}}],"collection":[{"href":"https:\/\/jornalfatosenoticias.com.br\/index.php\/wp-json\/wp\/v2\/posts"}],"about":[{"href":"https:\/\/jornalfatosenoticias.com.br\/index.php\/wp-json\/wp\/v2\/types\/post"}],"author":[{"embeddable":true,"href":"https:\/\/jornalfatosenoticias.com.br\/index.php\/wp-json\/wp\/v2\/users\/2"}],"replies":[{"embeddable":true,"href":"https:\/\/jornalfatosenoticias.com.br\/index.php\/wp-json\/wp\/v2\/comments?post=16487"}],"version-history":[{"count":0,"href":"https:\/\/jornalfatosenoticias.com.br\/index.php\/wp-json\/wp\/v2\/posts\/16487\/revisions"}],"wp:featuredmedia":[{"embeddable":true,"href":"https:\/\/jornalfatosenoticias.com.br\/index.php\/wp-json\/wp\/v2\/media\/16490"}],"wp:attachment":[{"href":"https:\/\/jornalfatosenoticias.com.br\/index.php\/wp-json\/wp\/v2\/media?parent=16487"}],"wp:term":[{"taxonomy":"category","embeddable":true,"href":"https:\/\/jornalfatosenoticias.com.br\/index.php\/wp-json\/wp\/v2\/categories?post=16487"},{"taxonomy":"post_tag","embeddable":true,"href":"https:\/\/jornalfatosenoticias.com.br\/index.php\/wp-json\/wp\/v2\/tags?post=16487"}],"curies":[{"name":"wp","href":"https:\/\/api.w.org\/{rel}","templated":true}]}}