{"id":16509,"date":"2021-03-31T16:51:44","date_gmt":"2021-03-31T19:51:44","guid":{"rendered":"https:\/\/jornalfatosenoticias.com.br\/?p=16509"},"modified":"2021-03-31T16:54:08","modified_gmt":"2021-03-31T19:54:08","slug":"samba-e-a-influencia-de-africa-no-ritmo-favorito-do-brasil","status":"publish","type":"post","link":"https:\/\/jornalfatosenoticias.com.br\/index.php\/2021\/03\/31\/samba-e-a-influencia-de-africa-no-ritmo-favorito-do-brasil\/","title":{"rendered":"Samba e a influ\u00eancia da \u00c1frica no ritmo favorito do Brasil"},"content":{"rendered":"\n<p>O Brasil \u00e9 o pa\u00eds com mais descendentes africanos fora da <a href=\"https:\/\/www.hypeness.com.br\/2020\/12\/pais-dogon-e-a-importancia-do-mali-na-origem-da-vida-e-criacao-do-mundo\/\" target=\"_blank\" rel=\"noreferrer noopener\">\u00c1frica<\/a>. De acordo com o Instituto Brasileiro de Geografia e Estat\u00edstica (IBGE), 54% da popula\u00e7\u00e3o \u00e9 afrodescendente. Assim como temos muitas palavras de&nbsp;<a href=\"https:\/\/www.hypeness.com.br\/2019\/02\/heranca-africana-critica-social-e-feminismo-conheca-o-carnaval-de-40-dias-do-uruguai\/\" target=\"_blank\" rel=\"noreferrer noopener\">origem africana<\/a>&nbsp;na nossa l\u00edngua portuguesa, o pr\u00f3prio&nbsp;<a href=\"https:\/\/www.hypeness.com.br\/2019\/05\/beth-carvalho-era-o-samba-de-corpo-e-de-alma-e-nos-lembrou-o-melhor-brasil-possivel\/\" target=\"_blank\" rel=\"noreferrer noopener\">samba<\/a>, uma institui\u00e7\u00e3o local, tem influ\u00eancia da \u00c1frica.<br>Com 54 pa\u00edses, o continente africano \u00e9 rico e diverso em sua cultura composta por ideias, costumes, leis, cren\u00e7as e conhecimentos. Colonizados assim como n\u00f3s, os africanos receberam diversas influ\u00eancias de seus invasores.<br>Mas calma! O samba, sim, nasceu no Brasil. Mas seu nome deriva da palavra africana \u201csemba\u201d, um dos estilos musicais mais populares de Angola e que em kimbundo, uma das l\u00ednguas do pa\u00eds, significa umbigada. Numa tradu\u00e7\u00e3o livre, a palavra representa \u201co corpo do homem que entra em contato com o corpo da mulher ao n\u00edvel do barriga\u201d.<\/p>\n\n\n\n<figure class=\"wp-block-image size-large\"><img loading=\"lazy\" decoding=\"async\" width=\"1000\" height=\"750\" src=\"https:\/\/jornalfatosenoticias.com.br\/wp-content\/uploads\/2021\/03\/batuque-SEMBA-foto-johann-moritz-rugendas.jpeg\" alt=\"\" class=\"wp-image-16510\" srcset=\"https:\/\/jornalfatosenoticias.com.br\/wp-content\/uploads\/2021\/03\/batuque-SEMBA-foto-johann-moritz-rugendas.jpeg 1000w, https:\/\/jornalfatosenoticias.com.br\/wp-content\/uploads\/2021\/03\/batuque-SEMBA-foto-johann-moritz-rugendas-300x225.jpeg 300w, https:\/\/jornalfatosenoticias.com.br\/wp-content\/uploads\/2021\/03\/batuque-SEMBA-foto-johann-moritz-rugendas-768x576.jpeg 768w\" sizes=\"auto, (max-width: 1000px) 100vw, 1000px\" \/><figcaption><em>Roda de Semba (Foto: Johann Moritz Rugendas)<\/em><\/figcaption><\/figure>\n\n\n\n<p>O g\u00eanero de m\u00fasica e de dan\u00e7a tradicional Semba se tornou muito popular nos anos 50, mas existe um consenso sobre a data de sua cria\u00e7\u00e3o.<br>\u201cUma das poss\u00edveis origens, segundo Nei Lopes, seria a etnia quioco, na qual samba significa cabriolar, brincar, divertir-se como cabrito. H\u00e1 quem diga que vem do banto semba, como o significado de umbigo ou cora\u00e7\u00e3o. Parecia aplicar-se a dan\u00e7as nupciais de Angola caracterizadas pela umbigada, em uma esp\u00e9cie de ritual de fertilidade. Na Bahia surge a modalidade samba de roda, em que homens tocam e s\u00f3 as mulheres dan\u00e7am, uma de cada vez. H\u00e1 outras vers\u00f5es, menos r\u00edgidas, em que um casal ocupa o centro da roda, escreveu Marcos Alvito, na Revista de hist\u00f3ria da Biblioteca Nacional.<br>A chegada dos ritmos africanos ao Brasil come\u00e7ou pela Bahia, maior porta de entrada dessa popula\u00e7\u00e3o. Trouxeram consigo estilos musicais como batuque, maxixe, chula, entre outros nomes, simbolizava a dan\u00e7a.<br>No Rio de Janeiro, o samba encontrou terreno f\u00e9rtil para nascer e se desenvolver. Capital do Brasil col\u00f4nia, as terras cariocas receberam as umbigadas com nada menos que o Carnaval.<\/p>\n\n\n\n<figure class=\"wp-block-embed-youtube wp-block-embed is-type-video is-provider-youtube wp-embed-aspect-4-3 wp-has-aspect-ratio\"><div class=\"wp-block-embed__wrapper\">\n<iframe loading=\"lazy\" title=\"Samba de Roda do Rec\u00f4ncavo Baiano\" width=\"660\" height=\"495\" src=\"https:\/\/www.youtube.com\/embed\/z42pA3xaegk?start=2&#038;feature=oembed\" frameborder=\"0\" allow=\"accelerometer; autoplay; clipboard-write; encrypted-media; gyroscope; picture-in-picture; web-share\" referrerpolicy=\"strict-origin-when-cross-origin\" allowfullscreen><\/iframe>\n<\/div><\/figure>\n\n\n\n<p>Na virada do s\u00e9culo XX, o samba j\u00e1 era o g\u00eanero musical popular mais tocado e escutado nos sub\u00farbios e, depois da especula\u00e7\u00e3o imobili\u00e1ria, nos morros cariocas.<br>As primeiras can\u00e7\u00f5es desse encontro foram marchinhas de compositores como Pixinguinha (1897-1973) e Donga (1890-1974) com seu famoso grupo Caxang\u00e1, al\u00e9m de trabalhos solos de ambos, Jo\u00e3o da Baiana(1887-1974), filho da baiana Tia Perciliana, que gravou o samba \u201cBatuque na cozinha\u201d, entre outros. Tivemos ainda Chiquinha Gonzaga, que marcou a hist\u00f3ria da m\u00fasica escrevendo hinos carnavalescos entoados at\u00e9 hoje como \u201c\u00d4 Abre Alas\u201d.<\/p>\n\n\n\n<figure class=\"wp-block-embed-youtube wp-block-embed is-type-video is-provider-youtube wp-embed-aspect-4-3 wp-has-aspect-ratio\"><div class=\"wp-block-embed__wrapper\">\n<iframe loading=\"lazy\" title=\"Pixinguinha e a Velha Guarda do Samba (1954) - &quot;Patr\u00e3o, prenda seu gado&quot;\" width=\"660\" height=\"495\" src=\"https:\/\/www.youtube.com\/embed\/Tncit_DMh88?feature=oembed\" frameborder=\"0\" allow=\"accelerometer; autoplay; clipboard-write; encrypted-media; gyroscope; picture-in-picture; web-share\" referrerpolicy=\"strict-origin-when-cross-origin\" allowfullscreen><\/iframe>\n<\/div><\/figure>\n\n\n\n<figure class=\"wp-block-embed-youtube wp-block-embed is-type-video is-provider-youtube wp-embed-aspect-4-3 wp-has-aspect-ratio\"><div class=\"wp-block-embed__wrapper\">\n<iframe loading=\"lazy\" title=\"Donga, Pixinguinha e Jo\u00e3o da Baiana - Patr\u00e3o prenda seu gado (1955)\" width=\"660\" height=\"495\" src=\"https:\/\/www.youtube.com\/embed\/XVS7wZR6DGQ?feature=oembed\" frameborder=\"0\" allow=\"accelerometer; autoplay; clipboard-write; encrypted-media; gyroscope; picture-in-picture; web-share\" referrerpolicy=\"strict-origin-when-cross-origin\" allowfullscreen><\/iframe>\n<\/div><\/figure>\n\n\n\n<p>Com o passar do tempo, as marchinhas foram substitu\u00eddas pelos sambas-enredo e, depois, ganhando toques modernosos com a introdu\u00e7\u00e3o de instrumentos como o surdo e a cu\u00edca, que nos pareceriam mais familiares ao samba que ouvimos hoje em dia.<\/p>\n\n\n\n<figure class=\"wp-block-embed-youtube wp-block-embed is-type-video is-provider-youtube wp-embed-aspect-4-3 wp-has-aspect-ratio\"><div class=\"wp-block-embed__wrapper\">\n<iframe loading=\"lazy\" title=\"V\u00e2nia e Beth Carvalho com Nelson Cavaquinho (1977)\" width=\"660\" height=\"495\" src=\"https:\/\/www.youtube.com\/embed\/hIeKe-GoX2g?feature=oembed\" frameborder=\"0\" allow=\"accelerometer; autoplay; clipboard-write; encrypted-media; gyroscope; picture-in-picture; web-share\" referrerpolicy=\"strict-origin-when-cross-origin\" allowfullscreen><\/iframe>\n<\/div><\/figure>\n\n\n\n<figure class=\"wp-block-embed-youtube wp-block-embed is-type-video is-provider-youtube wp-embed-aspect-4-3 wp-has-aspect-ratio\"><div class=\"wp-block-embed__wrapper\">\n<iframe loading=\"lazy\" title=\"Martinho da Vila - &quot;Quem pode, pode&quot; - &quot;Volta pro morro&quot;\" width=\"660\" height=\"495\" src=\"https:\/\/www.youtube.com\/embed\/c5B25cecrBs?feature=oembed\" frameborder=\"0\" allow=\"accelerometer; autoplay; clipboard-write; encrypted-media; gyroscope; picture-in-picture; web-share\" referrerpolicy=\"strict-origin-when-cross-origin\" allowfullscreen><\/iframe>\n<\/div><\/figure>\n\n\n\n<p><strong><em>Fonte: <a href=\"https:\/\/www.hypeness.com.br\/2021\/03\/samba-e-a-influencia-de-africa-no-ritmo-favorito-do-brasil\/\">Hypeness<\/a><\/em><\/strong><\/p>\n","protected":false},"excerpt":{"rendered":"<p>O Brasil \u00e9 o pa\u00eds com mais descendentes africanos fora da \u00c1frica. De acordo com o Instituto Brasileiro de Geografia e Estat\u00edstica (IBGE), 54% da popula\u00e7\u00e3o \u00e9 afrodescendente. Assim como temos muitas palavras de&nbsp;origem africana&nbsp;na nossa l\u00edngua portuguesa, o pr\u00f3prio&nbsp;samba, uma institui\u00e7\u00e3o local, tem influ\u00eancia da \u00c1frica.Com 54 pa\u00edses, o continente africano \u00e9 rico e [&hellip;]<\/p>\n","protected":false},"author":2,"featured_media":16511,"comment_status":"open","ping_status":"open","sticky":false,"template":"","format":"standard","meta":{"footnotes":""},"categories":[4],"tags":[182,8310,597,8311,249,103,289,7307,8312],"class_list":["post-16509","post","type-post","status-publish","format-standard","has-post-thumbnail","hentry","category-cultura","tag-africa","tag-africana","tag-brasil","tag-dona-ivone-lara","tag-historia","tag-musica","tag-rio-de-janeiro","tag-ritmo","tag-samba"],"yoast_head":"<!-- This site is optimized with the Yoast SEO plugin v26.5 - https:\/\/yoast.com\/wordpress\/plugins\/seo\/ -->\n<title>Samba e a influ\u00eancia da \u00c1frica no ritmo favorito do Brasil - Jornal Fatos e Not\u00edcias<\/title>\n<meta name=\"robots\" content=\"index, follow, max-snippet:-1, max-image-preview:large, max-video-preview:-1\" \/>\n<link rel=\"canonical\" href=\"https:\/\/jornalfatosenoticias.com.br\/index.php\/2021\/03\/31\/samba-e-a-influencia-de-africa-no-ritmo-favorito-do-brasil\/\" \/>\n<meta property=\"og:locale\" content=\"pt_BR\" \/>\n<meta property=\"og:type\" content=\"article\" \/>\n<meta property=\"og:title\" content=\"Samba e a influ\u00eancia da \u00c1frica no ritmo favorito do Brasil - Jornal Fatos e Not\u00edcias\" \/>\n<meta property=\"og:description\" content=\"O Brasil \u00e9 o pa\u00eds com mais descendentes africanos fora da \u00c1frica. De acordo com o Instituto Brasileiro de Geografia e Estat\u00edstica (IBGE), 54% da popula\u00e7\u00e3o \u00e9 afrodescendente. Assim como temos muitas palavras de&nbsp;origem africana&nbsp;na nossa l\u00edngua portuguesa, o pr\u00f3prio&nbsp;samba, uma institui\u00e7\u00e3o local, tem influ\u00eancia da \u00c1frica.Com 54 pa\u00edses, o continente africano \u00e9 rico e [&hellip;]\" \/>\n<meta property=\"og:url\" content=\"https:\/\/jornalfatosenoticias.com.br\/index.php\/2021\/03\/31\/samba-e-a-influencia-de-africa-no-ritmo-favorito-do-brasil\/\" \/>\n<meta property=\"og:site_name\" content=\"Jornal Fatos e Not\u00edcias\" \/>\n<meta property=\"article:published_time\" content=\"2021-03-31T19:51:44+00:00\" \/>\n<meta property=\"article:modified_time\" content=\"2021-03-31T19:54:08+00:00\" \/>\n<meta property=\"og:image\" content=\"https:\/\/jornalfatosenoticias.com.br\/wp-content\/uploads\/2021\/03\/Pixinguinha_samba.jpeg\" \/>\n\t<meta property=\"og:image:width\" content=\"1000\" \/>\n\t<meta property=\"og:image:height\" content=\"618\" \/>\n\t<meta property=\"og:image:type\" content=\"image\/jpeg\" \/>\n<meta name=\"author\" content=\"Luzimara Fernandes\" \/>\n<meta name=\"twitter:card\" content=\"summary_large_image\" \/>\n<meta name=\"twitter:label1\" content=\"Escrito por\" \/>\n\t<meta name=\"twitter:data1\" content=\"Luzimara Fernandes\" \/>\n\t<meta name=\"twitter:label2\" content=\"Est. tempo de leitura\" \/>\n\t<meta name=\"twitter:data2\" content=\"3 minutos\" \/>\n<script type=\"application\/ld+json\" class=\"yoast-schema-graph\">{\"@context\":\"https:\/\/schema.org\",\"@graph\":[{\"@type\":\"Article\",\"@id\":\"https:\/\/jornalfatosenoticias.com.br\/index.php\/2021\/03\/31\/samba-e-a-influencia-de-africa-no-ritmo-favorito-do-brasil\/#article\",\"isPartOf\":{\"@id\":\"https:\/\/jornalfatosenoticias.com.br\/index.php\/2021\/03\/31\/samba-e-a-influencia-de-africa-no-ritmo-favorito-do-brasil\/\"},\"author\":{\"name\":\"Luzimara Fernandes\",\"@id\":\"https:\/\/jornalfatosenoticias.com.br\/#\/schema\/person\/d63837fa13ac8666eb9e74e0985d6f81\"},\"headline\":\"Samba e a influ\u00eancia da \u00c1frica no ritmo favorito do Brasil\",\"datePublished\":\"2021-03-31T19:51:44+00:00\",\"dateModified\":\"2021-03-31T19:54:08+00:00\",\"mainEntityOfPage\":{\"@id\":\"https:\/\/jornalfatosenoticias.com.br\/index.php\/2021\/03\/31\/samba-e-a-influencia-de-africa-no-ritmo-favorito-do-brasil\/\"},\"wordCount\":582,\"commentCount\":0,\"publisher\":{\"@id\":\"https:\/\/jornalfatosenoticias.com.br\/#organization\"},\"image\":{\"@id\":\"https:\/\/jornalfatosenoticias.com.br\/index.php\/2021\/03\/31\/samba-e-a-influencia-de-africa-no-ritmo-favorito-do-brasil\/#primaryimage\"},\"thumbnailUrl\":\"https:\/\/jornalfatosenoticias.com.br\/wp-content\/uploads\/2021\/03\/Pixinguinha_samba.jpeg\",\"keywords\":[\"\u00e1frica\",\"africana\",\"Brasil\",\"Dona Ivone Lara\",\"hist\u00f3ria\",\"m\u00fasica\",\"Rio de Janeiro\",\"ritmo\",\"samba\"],\"articleSection\":[\"Cultura\"],\"inLanguage\":\"pt-BR\",\"potentialAction\":[{\"@type\":\"CommentAction\",\"name\":\"Comment\",\"target\":[\"https:\/\/jornalfatosenoticias.com.br\/index.php\/2021\/03\/31\/samba-e-a-influencia-de-africa-no-ritmo-favorito-do-brasil\/#respond\"]}]},{\"@type\":\"WebPage\",\"@id\":\"https:\/\/jornalfatosenoticias.com.br\/index.php\/2021\/03\/31\/samba-e-a-influencia-de-africa-no-ritmo-favorito-do-brasil\/\",\"url\":\"https:\/\/jornalfatosenoticias.com.br\/index.php\/2021\/03\/31\/samba-e-a-influencia-de-africa-no-ritmo-favorito-do-brasil\/\",\"name\":\"Samba e a influ\u00eancia da \u00c1frica no ritmo favorito do Brasil - Jornal Fatos e Not\u00edcias\",\"isPartOf\":{\"@id\":\"https:\/\/jornalfatosenoticias.com.br\/#website\"},\"primaryImageOfPage\":{\"@id\":\"https:\/\/jornalfatosenoticias.com.br\/index.php\/2021\/03\/31\/samba-e-a-influencia-de-africa-no-ritmo-favorito-do-brasil\/#primaryimage\"},\"image\":{\"@id\":\"https:\/\/jornalfatosenoticias.com.br\/index.php\/2021\/03\/31\/samba-e-a-influencia-de-africa-no-ritmo-favorito-do-brasil\/#primaryimage\"},\"thumbnailUrl\":\"https:\/\/jornalfatosenoticias.com.br\/wp-content\/uploads\/2021\/03\/Pixinguinha_samba.jpeg\",\"datePublished\":\"2021-03-31T19:51:44+00:00\",\"dateModified\":\"2021-03-31T19:54:08+00:00\",\"breadcrumb\":{\"@id\":\"https:\/\/jornalfatosenoticias.com.br\/index.php\/2021\/03\/31\/samba-e-a-influencia-de-africa-no-ritmo-favorito-do-brasil\/#breadcrumb\"},\"inLanguage\":\"pt-BR\",\"potentialAction\":[{\"@type\":\"ReadAction\",\"target\":[\"https:\/\/jornalfatosenoticias.com.br\/index.php\/2021\/03\/31\/samba-e-a-influencia-de-africa-no-ritmo-favorito-do-brasil\/\"]}]},{\"@type\":\"ImageObject\",\"inLanguage\":\"pt-BR\",\"@id\":\"https:\/\/jornalfatosenoticias.com.br\/index.php\/2021\/03\/31\/samba-e-a-influencia-de-africa-no-ritmo-favorito-do-brasil\/#primaryimage\",\"url\":\"https:\/\/jornalfatosenoticias.com.br\/wp-content\/uploads\/2021\/03\/Pixinguinha_samba.jpeg\",\"contentUrl\":\"https:\/\/jornalfatosenoticias.com.br\/wp-content\/uploads\/2021\/03\/Pixinguinha_samba.jpeg\",\"width\":1000,\"height\":618},{\"@type\":\"BreadcrumbList\",\"@id\":\"https:\/\/jornalfatosenoticias.com.br\/index.php\/2021\/03\/31\/samba-e-a-influencia-de-africa-no-ritmo-favorito-do-brasil\/#breadcrumb\",\"itemListElement\":[{\"@type\":\"ListItem\",\"position\":1,\"name\":\"In\u00edcio\",\"item\":\"https:\/\/jornalfatosenoticias.com.br\/\"},{\"@type\":\"ListItem\",\"position\":2,\"name\":\"Samba e a influ\u00eancia da \u00c1frica no ritmo favorito do Brasil\"}]},{\"@type\":\"WebSite\",\"@id\":\"https:\/\/jornalfatosenoticias.com.br\/#website\",\"url\":\"https:\/\/jornalfatosenoticias.com.br\/\",\"name\":\"Jornal Fatos e Not\u00edcias\",\"description\":\"Not\u00edcias em geral\",\"publisher\":{\"@id\":\"https:\/\/jornalfatosenoticias.com.br\/#organization\"},\"potentialAction\":[{\"@type\":\"SearchAction\",\"target\":{\"@type\":\"EntryPoint\",\"urlTemplate\":\"https:\/\/jornalfatosenoticias.com.br\/?s={search_term_string}\"},\"query-input\":{\"@type\":\"PropertyValueSpecification\",\"valueRequired\":true,\"valueName\":\"search_term_string\"}}],\"inLanguage\":\"pt-BR\"},{\"@type\":\"Organization\",\"@id\":\"https:\/\/jornalfatosenoticias.com.br\/#organization\",\"name\":\"Jornal Fatos e Not\u00edcias\",\"url\":\"https:\/\/jornalfatosenoticias.com.br\/\",\"logo\":{\"@type\":\"ImageObject\",\"inLanguage\":\"pt-BR\",\"@id\":\"https:\/\/jornalfatosenoticias.com.br\/#\/schema\/logo\/image\/\",\"url\":\"https:\/\/jornalfatosenoticias.com.br\/wp-content\/uploads\/2020\/02\/logo120.png\",\"contentUrl\":\"https:\/\/jornalfatosenoticias.com.br\/wp-content\/uploads\/2020\/02\/logo120.png\",\"width\":1227,\"height\":120,\"caption\":\"Jornal Fatos e Not\u00edcias\"},\"image\":{\"@id\":\"https:\/\/jornalfatosenoticias.com.br\/#\/schema\/logo\/image\/\"}},{\"@type\":\"Person\",\"@id\":\"https:\/\/jornalfatosenoticias.com.br\/#\/schema\/person\/d63837fa13ac8666eb9e74e0985d6f81\",\"name\":\"Luzimara Fernandes\",\"image\":{\"@type\":\"ImageObject\",\"inLanguage\":\"pt-BR\",\"@id\":\"https:\/\/jornalfatosenoticias.com.br\/#\/schema\/person\/image\/\",\"url\":\"https:\/\/jornalfatosenoticias.com.br\/wp-content\/uploads\/2025\/05\/EU_portal.jpg\",\"contentUrl\":\"https:\/\/jornalfatosenoticias.com.br\/wp-content\/uploads\/2025\/05\/EU_portal.jpg\",\"caption\":\"Luzimara Fernandes\"},\"description\":\"Jornalista MTB 2358-ES\",\"sameAs\":[\"https:\/\/jornalfatosenoticias.com.br\"],\"url\":\"https:\/\/jornalfatosenoticias.com.br\/index.php\/author\/luzimara\/\"}]}<\/script>\n<!-- \/ Yoast SEO plugin. -->","yoast_head_json":{"title":"Samba e a influ\u00eancia da \u00c1frica no ritmo favorito do Brasil - Jornal Fatos e Not\u00edcias","robots":{"index":"index","follow":"follow","max-snippet":"max-snippet:-1","max-image-preview":"max-image-preview:large","max-video-preview":"max-video-preview:-1"},"canonical":"https:\/\/jornalfatosenoticias.com.br\/index.php\/2021\/03\/31\/samba-e-a-influencia-de-africa-no-ritmo-favorito-do-brasil\/","og_locale":"pt_BR","og_type":"article","og_title":"Samba e a influ\u00eancia da \u00c1frica no ritmo favorito do Brasil - Jornal Fatos e Not\u00edcias","og_description":"O Brasil \u00e9 o pa\u00eds com mais descendentes africanos fora da \u00c1frica. De acordo com o Instituto Brasileiro de Geografia e Estat\u00edstica (IBGE), 54% da popula\u00e7\u00e3o \u00e9 afrodescendente. Assim como temos muitas palavras de&nbsp;origem africana&nbsp;na nossa l\u00edngua portuguesa, o pr\u00f3prio&nbsp;samba, uma institui\u00e7\u00e3o local, tem influ\u00eancia da \u00c1frica.Com 54 pa\u00edses, o continente africano \u00e9 rico e [&hellip;]","og_url":"https:\/\/jornalfatosenoticias.com.br\/index.php\/2021\/03\/31\/samba-e-a-influencia-de-africa-no-ritmo-favorito-do-brasil\/","og_site_name":"Jornal Fatos e Not\u00edcias","article_published_time":"2021-03-31T19:51:44+00:00","article_modified_time":"2021-03-31T19:54:08+00:00","og_image":[{"width":1000,"height":618,"url":"https:\/\/jornalfatosenoticias.com.br\/wp-content\/uploads\/2021\/03\/Pixinguinha_samba.jpeg","type":"image\/jpeg"}],"author":"Luzimara Fernandes","twitter_card":"summary_large_image","twitter_misc":{"Escrito por":"Luzimara Fernandes","Est. tempo de leitura":"3 minutos"},"schema":{"@context":"https:\/\/schema.org","@graph":[{"@type":"Article","@id":"https:\/\/jornalfatosenoticias.com.br\/index.php\/2021\/03\/31\/samba-e-a-influencia-de-africa-no-ritmo-favorito-do-brasil\/#article","isPartOf":{"@id":"https:\/\/jornalfatosenoticias.com.br\/index.php\/2021\/03\/31\/samba-e-a-influencia-de-africa-no-ritmo-favorito-do-brasil\/"},"author":{"name":"Luzimara Fernandes","@id":"https:\/\/jornalfatosenoticias.com.br\/#\/schema\/person\/d63837fa13ac8666eb9e74e0985d6f81"},"headline":"Samba e a influ\u00eancia da \u00c1frica no ritmo favorito do Brasil","datePublished":"2021-03-31T19:51:44+00:00","dateModified":"2021-03-31T19:54:08+00:00","mainEntityOfPage":{"@id":"https:\/\/jornalfatosenoticias.com.br\/index.php\/2021\/03\/31\/samba-e-a-influencia-de-africa-no-ritmo-favorito-do-brasil\/"},"wordCount":582,"commentCount":0,"publisher":{"@id":"https:\/\/jornalfatosenoticias.com.br\/#organization"},"image":{"@id":"https:\/\/jornalfatosenoticias.com.br\/index.php\/2021\/03\/31\/samba-e-a-influencia-de-africa-no-ritmo-favorito-do-brasil\/#primaryimage"},"thumbnailUrl":"https:\/\/jornalfatosenoticias.com.br\/wp-content\/uploads\/2021\/03\/Pixinguinha_samba.jpeg","keywords":["\u00e1frica","africana","Brasil","Dona Ivone Lara","hist\u00f3ria","m\u00fasica","Rio de Janeiro","ritmo","samba"],"articleSection":["Cultura"],"inLanguage":"pt-BR","potentialAction":[{"@type":"CommentAction","name":"Comment","target":["https:\/\/jornalfatosenoticias.com.br\/index.php\/2021\/03\/31\/samba-e-a-influencia-de-africa-no-ritmo-favorito-do-brasil\/#respond"]}]},{"@type":"WebPage","@id":"https:\/\/jornalfatosenoticias.com.br\/index.php\/2021\/03\/31\/samba-e-a-influencia-de-africa-no-ritmo-favorito-do-brasil\/","url":"https:\/\/jornalfatosenoticias.com.br\/index.php\/2021\/03\/31\/samba-e-a-influencia-de-africa-no-ritmo-favorito-do-brasil\/","name":"Samba e a influ\u00eancia da \u00c1frica no ritmo favorito do Brasil - Jornal Fatos e Not\u00edcias","isPartOf":{"@id":"https:\/\/jornalfatosenoticias.com.br\/#website"},"primaryImageOfPage":{"@id":"https:\/\/jornalfatosenoticias.com.br\/index.php\/2021\/03\/31\/samba-e-a-influencia-de-africa-no-ritmo-favorito-do-brasil\/#primaryimage"},"image":{"@id":"https:\/\/jornalfatosenoticias.com.br\/index.php\/2021\/03\/31\/samba-e-a-influencia-de-africa-no-ritmo-favorito-do-brasil\/#primaryimage"},"thumbnailUrl":"https:\/\/jornalfatosenoticias.com.br\/wp-content\/uploads\/2021\/03\/Pixinguinha_samba.jpeg","datePublished":"2021-03-31T19:51:44+00:00","dateModified":"2021-03-31T19:54:08+00:00","breadcrumb":{"@id":"https:\/\/jornalfatosenoticias.com.br\/index.php\/2021\/03\/31\/samba-e-a-influencia-de-africa-no-ritmo-favorito-do-brasil\/#breadcrumb"},"inLanguage":"pt-BR","potentialAction":[{"@type":"ReadAction","target":["https:\/\/jornalfatosenoticias.com.br\/index.php\/2021\/03\/31\/samba-e-a-influencia-de-africa-no-ritmo-favorito-do-brasil\/"]}]},{"@type":"ImageObject","inLanguage":"pt-BR","@id":"https:\/\/jornalfatosenoticias.com.br\/index.php\/2021\/03\/31\/samba-e-a-influencia-de-africa-no-ritmo-favorito-do-brasil\/#primaryimage","url":"https:\/\/jornalfatosenoticias.com.br\/wp-content\/uploads\/2021\/03\/Pixinguinha_samba.jpeg","contentUrl":"https:\/\/jornalfatosenoticias.com.br\/wp-content\/uploads\/2021\/03\/Pixinguinha_samba.jpeg","width":1000,"height":618},{"@type":"BreadcrumbList","@id":"https:\/\/jornalfatosenoticias.com.br\/index.php\/2021\/03\/31\/samba-e-a-influencia-de-africa-no-ritmo-favorito-do-brasil\/#breadcrumb","itemListElement":[{"@type":"ListItem","position":1,"name":"In\u00edcio","item":"https:\/\/jornalfatosenoticias.com.br\/"},{"@type":"ListItem","position":2,"name":"Samba e a influ\u00eancia da \u00c1frica no ritmo favorito do Brasil"}]},{"@type":"WebSite","@id":"https:\/\/jornalfatosenoticias.com.br\/#website","url":"https:\/\/jornalfatosenoticias.com.br\/","name":"Jornal Fatos e Not\u00edcias","description":"Not\u00edcias em geral","publisher":{"@id":"https:\/\/jornalfatosenoticias.com.br\/#organization"},"potentialAction":[{"@type":"SearchAction","target":{"@type":"EntryPoint","urlTemplate":"https:\/\/jornalfatosenoticias.com.br\/?s={search_term_string}"},"query-input":{"@type":"PropertyValueSpecification","valueRequired":true,"valueName":"search_term_string"}}],"inLanguage":"pt-BR"},{"@type":"Organization","@id":"https:\/\/jornalfatosenoticias.com.br\/#organization","name":"Jornal Fatos e Not\u00edcias","url":"https:\/\/jornalfatosenoticias.com.br\/","logo":{"@type":"ImageObject","inLanguage":"pt-BR","@id":"https:\/\/jornalfatosenoticias.com.br\/#\/schema\/logo\/image\/","url":"https:\/\/jornalfatosenoticias.com.br\/wp-content\/uploads\/2020\/02\/logo120.png","contentUrl":"https:\/\/jornalfatosenoticias.com.br\/wp-content\/uploads\/2020\/02\/logo120.png","width":1227,"height":120,"caption":"Jornal Fatos e Not\u00edcias"},"image":{"@id":"https:\/\/jornalfatosenoticias.com.br\/#\/schema\/logo\/image\/"}},{"@type":"Person","@id":"https:\/\/jornalfatosenoticias.com.br\/#\/schema\/person\/d63837fa13ac8666eb9e74e0985d6f81","name":"Luzimara Fernandes","image":{"@type":"ImageObject","inLanguage":"pt-BR","@id":"https:\/\/jornalfatosenoticias.com.br\/#\/schema\/person\/image\/","url":"https:\/\/jornalfatosenoticias.com.br\/wp-content\/uploads\/2025\/05\/EU_portal.jpg","contentUrl":"https:\/\/jornalfatosenoticias.com.br\/wp-content\/uploads\/2025\/05\/EU_portal.jpg","caption":"Luzimara Fernandes"},"description":"Jornalista MTB 2358-ES","sameAs":["https:\/\/jornalfatosenoticias.com.br"],"url":"https:\/\/jornalfatosenoticias.com.br\/index.php\/author\/luzimara\/"}]}},"cc_featured_image_caption":{"caption_text":"Pixinguinha (Foto: Folhapress)","source_text":"","source_url":""},"jetpack_featured_media_url":"https:\/\/jornalfatosenoticias.com.br\/wp-content\/uploads\/2021\/03\/Pixinguinha_samba.jpeg","_links":{"self":[{"href":"https:\/\/jornalfatosenoticias.com.br\/index.php\/wp-json\/wp\/v2\/posts\/16509","targetHints":{"allow":["GET"]}}],"collection":[{"href":"https:\/\/jornalfatosenoticias.com.br\/index.php\/wp-json\/wp\/v2\/posts"}],"about":[{"href":"https:\/\/jornalfatosenoticias.com.br\/index.php\/wp-json\/wp\/v2\/types\/post"}],"author":[{"embeddable":true,"href":"https:\/\/jornalfatosenoticias.com.br\/index.php\/wp-json\/wp\/v2\/users\/2"}],"replies":[{"embeddable":true,"href":"https:\/\/jornalfatosenoticias.com.br\/index.php\/wp-json\/wp\/v2\/comments?post=16509"}],"version-history":[{"count":0,"href":"https:\/\/jornalfatosenoticias.com.br\/index.php\/wp-json\/wp\/v2\/posts\/16509\/revisions"}],"wp:featuredmedia":[{"embeddable":true,"href":"https:\/\/jornalfatosenoticias.com.br\/index.php\/wp-json\/wp\/v2\/media\/16511"}],"wp:attachment":[{"href":"https:\/\/jornalfatosenoticias.com.br\/index.php\/wp-json\/wp\/v2\/media?parent=16509"}],"wp:term":[{"taxonomy":"category","embeddable":true,"href":"https:\/\/jornalfatosenoticias.com.br\/index.php\/wp-json\/wp\/v2\/categories?post=16509"},{"taxonomy":"post_tag","embeddable":true,"href":"https:\/\/jornalfatosenoticias.com.br\/index.php\/wp-json\/wp\/v2\/tags?post=16509"}],"curies":[{"name":"wp","href":"https:\/\/api.w.org\/{rel}","templated":true}]}}