{"id":16539,"date":"2021-04-01T20:15:07","date_gmt":"2021-04-01T23:15:07","guid":{"rendered":"https:\/\/jornalfatosenoticias.com.br\/?p=16539"},"modified":"2021-04-01T20:15:11","modified_gmt":"2021-04-01T23:15:11","slug":"familias-capixabas-sao-obrigadas-a-cortar-gastos-para-sobreviver-na-pandemia","status":"publish","type":"post","link":"https:\/\/jornalfatosenoticias.com.br\/index.php\/2021\/04\/01\/familias-capixabas-sao-obrigadas-a-cortar-gastos-para-sobreviver-na-pandemia\/","title":{"rendered":"Fam\u00edlias capixabas s\u00e3o obrigadas a cortar gastos para sobreviver na pandemia"},"content":{"rendered":"\n<p><em>Com o aumento do pre\u00e7o do g\u00e1s de cozinha e de alimentos essenciais, uma das alternativas \u00e9 a substitui\u00e7\u00e3o dos alimentos mais caros para um mais barato, e a redu\u00e7\u00e3o do preparo de refei\u00e7\u00f5es, como forma de economizar o g\u00e1s<\/em><\/p>\n\n\n\n<p><em><strong>Texto: <\/strong>Felipe Bretas<\/em><\/p>\n\n\n\n<p>Fam\u00edlias capixabas est\u00e3o sofrendo diariamente com o aumento do pre\u00e7o dos alimentos essenciais e do g\u00e1s de cozinha. Durante os \u00faltimos doze meses de pandemia os alimentos tiveram reajuste de 15%, segundo dados divulgados pelo Instituto Brasileiro de Geografia e Estat\u00edstica (IBGE), em mar\u00e7o de 2021.<br>A dona Luzia Gomes da Silva, 51, moradora do bairro Jardim Camburi, tem quatro filhos e uma neta, que trabalha vendendo comida e doces, produzidos em sua pr\u00f3pria casa, conta que sente na pele ao efeitos do aumento dos pre\u00e7os.<br>\u201cN\u00f3s tivemos que cortar gastos dentro de casa para sobreviver, estamos comprando s\u00f3 o b\u00e1sico e o necess\u00e1rio para comer e, como forma de economizar o g\u00e1s, reduzimos o n\u00famero de preparo de refei\u00e7\u00f5es no dia a dia\u201d, contou.<br>\u201cTia luzia\u201d, forma como \u00e9 conhecida no bairro onde mora h\u00e1 mais de vinte anos, diz ainda que precisou parar de vender algumas comidas por conta do alto pre\u00e7o do g\u00e1s e dos produtos no mercado. \u201cDevido \u00e0 pandemia, as vendas diminu\u00edram bastante, o pre\u00e7o do g\u00e1s aumentou, dos produtos, por conta disso precisei parar de fazer algumas comidas e aumentar o pre\u00e7o das que ainda consigo vender\u201d, desabafou.<br>Dona luzia espera vender mais doces no final de semana de P\u00e1scoa, per\u00edodo em que as vendas de chocolate e doces crescem em todo o Pa\u00eds. Quem tiver interesse em comprar doces e salgados para ajudar dona Luzia, pode encontr\u00e1-la atrav\u00e9s de suas redes sociais com o nome @docesgomes_tl.<\/p>\n\n\n\n<div class=\"wp-block-jetpack-slideshow aligncenter\" data-effect=\"slide\"><div class=\"wp-block-jetpack-slideshow_container swiper-container\"><ul class=\"wp-block-jetpack-slideshow_swiper-wrapper swiper-wrapper\"><li class=\"wp-block-jetpack-slideshow_slide swiper-slide\"><figure><img loading=\"lazy\" decoding=\"async\" width=\"1000\" height=\"625\" alt=\"\" class=\"wp-block-jetpack-slideshow_image wp-image-16540\" data-id=\"16540\" src=\"https:\/\/jornalfatosenoticias.com.br\/wp-content\/uploads\/2021\/04\/aumento-dos-precos-dos-alimentos.jpg\" srcset=\"https:\/\/jornalfatosenoticias.com.br\/wp-content\/uploads\/2021\/04\/aumento-dos-precos-dos-alimentos.jpg 1000w, https:\/\/jornalfatosenoticias.com.br\/wp-content\/uploads\/2021\/04\/aumento-dos-precos-dos-alimentos-300x188.jpg 300w, https:\/\/jornalfatosenoticias.com.br\/wp-content\/uploads\/2021\/04\/aumento-dos-precos-dos-alimentos-768x480.jpg 768w, https:\/\/jornalfatosenoticias.com.br\/wp-content\/uploads\/2021\/04\/aumento-dos-precos-dos-alimentos-350x220.jpg 350w\" sizes=\"auto, (max-width: 1000px) 100vw, 1000px\" \/><figcaption class=\"wp-block-jetpack-slideshow_caption gallery-caption\">Aumento dos alimentos (Foto: Shutterstock)<\/figcaption><\/figure><\/li><li class=\"wp-block-jetpack-slideshow_slide swiper-slide\"><figure><img loading=\"lazy\" decoding=\"async\" width=\"1000\" height=\"563\" alt=\"\" class=\"wp-block-jetpack-slideshow_image wp-image-16541\" data-id=\"16541\" src=\"https:\/\/jornalfatosenoticias.com.br\/wp-content\/uploads\/2021\/04\/destaque-gas-de-cozinha.jpg\" srcset=\"https:\/\/jornalfatosenoticias.com.br\/wp-content\/uploads\/2021\/04\/destaque-gas-de-cozinha.jpg 1000w, https:\/\/jornalfatosenoticias.com.br\/wp-content\/uploads\/2021\/04\/destaque-gas-de-cozinha-300x169.jpg 300w, https:\/\/jornalfatosenoticias.com.br\/wp-content\/uploads\/2021\/04\/destaque-gas-de-cozinha-768x432.jpg 768w\" sizes=\"auto, (max-width: 1000px) 100vw, 1000px\" \/><figcaption class=\"wp-block-jetpack-slideshow_caption gallery-caption\">G\u00e1s de cozinha (Foto: Reprodu\u00e7\u00e3o) <\/figcaption><\/figure><\/li><\/ul><a class=\"wp-block-jetpack-slideshow_button-prev swiper-button-prev swiper-button-white\" role=\"button\"><\/a><a class=\"wp-block-jetpack-slideshow_button-next swiper-button-next swiper-button-white\" role=\"button\"><\/a><a aria-label=\"Pause Slideshow\" class=\"wp-block-jetpack-slideshow_button-pause\" role=\"button\"><\/a><div class=\"wp-block-jetpack-slideshow_pagination swiper-pagination swiper-pagination-white\"><\/div><\/div><\/div>\n\n\n\n<p>Mesmo quem n\u00e3o sobrevive com a venda de comida encontra dificuldade na hora de realizar a compra do m\u00eas no supermercado. Maria Aparecida, 54, m\u00e3e solo, servidora p\u00fablica, diz que se surpreendeu com o pre\u00e7o dos produtos, principalmente do g\u00e1s de cozinha.<br>\u201cO pre\u00e7o do g\u00e1s est\u00e1 absurdo, s\u00f3 aumenta. Antes conseguia comprar a R$ 70. Fui obrigada a reduzir a quantidade de produtos na hora de fazer as compras de casa, o \u00f3leo, que antes custava R$ 3,45, agora encontrei por R$ 7,50\u201d, reclamou.<br>Entre os grupos de alimentos pesquisados pelo IBGE, as maiores altas ocorrem em cerais, leguminosas, oleoginosas, carnes, ra\u00edzes e tub\u00e9rculos. A alta \u00e9 explicada pelo mercado atrav\u00e9s do aumento da demanda internacional e desvaloriza\u00e7\u00e3o do real frente a moedas como euro e d\u00f3lar, atrelados tamb\u00e9m ao grande consumo da popula\u00e7\u00e3o brasileira que, por conta da pandemia, tem se alimentado mais em casa, o que contribui para o aumento, inclusive do uso do g\u00e1s de cozinha.<\/p>\n\n\n\n<div class=\"wp-block-image\"><figure class=\"alignleft size-large is-resized\"><img loading=\"lazy\" decoding=\"async\" src=\"https:\/\/jornalfatosenoticias.com.br\/wp-content\/uploads\/2021\/04\/Felipe-Bretas_portal.jpg\" alt=\"\" class=\"wp-image-16543\" width=\"164\" height=\"197\" srcset=\"https:\/\/jornalfatosenoticias.com.br\/wp-content\/uploads\/2021\/04\/Felipe-Bretas_portal.jpg 601w, https:\/\/jornalfatosenoticias.com.br\/wp-content\/uploads\/2021\/04\/Felipe-Bretas_portal-249x300.jpg 249w\" sizes=\"auto, (max-width: 164px) 100vw, 164px\" \/><figcaption><strong><em>Felipe Bretas<\/em><\/strong><\/figcaption><\/figure><\/div>\n\n\n\n<p><\/p>\n\n\n\n<p><\/p>\n\n\n\n<p><\/p>\n\n\n\n<p><\/p>\n","protected":false},"excerpt":{"rendered":"<p>Com o aumento do pre\u00e7o do g\u00e1s de cozinha e de alimentos essenciais, uma das alternativas \u00e9 a substitui\u00e7\u00e3o dos alimentos mais caros para um mais barato, e a redu\u00e7\u00e3o do preparo de refei\u00e7\u00f5es, como forma de economizar o g\u00e1s Texto: Felipe Bretas Fam\u00edlias capixabas est\u00e3o sofrendo diariamente com o aumento do pre\u00e7o dos alimentos [&hellip;]<\/p>\n","protected":false},"author":2,"featured_media":16544,"comment_status":"open","ping_status":"open","sticky":false,"template":"","format":"standard","meta":{"footnotes":""},"categories":[9],"tags":[8322,8320,8321,330],"class_list":["post-16539","post","type-post","status-publish","format-standard","has-post-thumbnail","hentry","category-economia","tag-alternativas-economicas","tag-aumento-do-gas","tag-aumento-dos-alimentos","tag-pandemia"],"yoast_head":"<!-- This site is optimized with the Yoast SEO plugin v26.5 - https:\/\/yoast.com\/wordpress\/plugins\/seo\/ -->\n<title>Fam\u00edlias capixabas s\u00e3o obrigadas a cortar gastos para sobreviver na pandemia - Jornal Fatos e Not\u00edcias<\/title>\n<meta name=\"robots\" content=\"index, follow, max-snippet:-1, max-image-preview:large, max-video-preview:-1\" \/>\n<link rel=\"canonical\" href=\"https:\/\/jornalfatosenoticias.com.br\/index.php\/2021\/04\/01\/familias-capixabas-sao-obrigadas-a-cortar-gastos-para-sobreviver-na-pandemia\/\" \/>\n<meta property=\"og:locale\" content=\"pt_BR\" \/>\n<meta property=\"og:type\" content=\"article\" \/>\n<meta property=\"og:title\" content=\"Fam\u00edlias capixabas s\u00e3o obrigadas a cortar gastos para sobreviver na pandemia - Jornal Fatos e Not\u00edcias\" \/>\n<meta property=\"og:description\" content=\"Com o aumento do pre\u00e7o do g\u00e1s de cozinha e de alimentos essenciais, uma das alternativas \u00e9 a substitui\u00e7\u00e3o dos alimentos mais caros para um mais barato, e a redu\u00e7\u00e3o do preparo de refei\u00e7\u00f5es, como forma de economizar o g\u00e1s Texto: Felipe Bretas Fam\u00edlias capixabas est\u00e3o sofrendo diariamente com o aumento do pre\u00e7o dos alimentos [&hellip;]\" \/>\n<meta property=\"og:url\" content=\"https:\/\/jornalfatosenoticias.com.br\/index.php\/2021\/04\/01\/familias-capixabas-sao-obrigadas-a-cortar-gastos-para-sobreviver-na-pandemia\/\" \/>\n<meta property=\"og:site_name\" content=\"Jornal Fatos e Not\u00edcias\" \/>\n<meta property=\"article:published_time\" content=\"2021-04-01T23:15:07+00:00\" \/>\n<meta property=\"article:modified_time\" content=\"2021-04-01T23:15:11+00:00\" \/>\n<meta property=\"og:image\" content=\"https:\/\/jornalfatosenoticias.com.br\/wp-content\/uploads\/2021\/04\/tia-luzia-2.jpg\" \/>\n\t<meta property=\"og:image:width\" content=\"824\" \/>\n\t<meta property=\"og:image:height\" content=\"841\" \/>\n\t<meta property=\"og:image:type\" content=\"image\/jpeg\" \/>\n<meta name=\"author\" content=\"Luzimara Fernandes\" \/>\n<meta name=\"twitter:card\" content=\"summary_large_image\" \/>\n<meta name=\"twitter:label1\" content=\"Escrito por\" \/>\n\t<meta name=\"twitter:data1\" content=\"Luzimara Fernandes\" \/>\n\t<meta name=\"twitter:label2\" content=\"Est. tempo de leitura\" \/>\n\t<meta name=\"twitter:data2\" content=\"2 minutos\" \/>\n<script type=\"application\/ld+json\" class=\"yoast-schema-graph\">{\"@context\":\"https:\/\/schema.org\",\"@graph\":[{\"@type\":\"Article\",\"@id\":\"https:\/\/jornalfatosenoticias.com.br\/index.php\/2021\/04\/01\/familias-capixabas-sao-obrigadas-a-cortar-gastos-para-sobreviver-na-pandemia\/#article\",\"isPartOf\":{\"@id\":\"https:\/\/jornalfatosenoticias.com.br\/index.php\/2021\/04\/01\/familias-capixabas-sao-obrigadas-a-cortar-gastos-para-sobreviver-na-pandemia\/\"},\"author\":{\"name\":\"Luzimara Fernandes\",\"@id\":\"https:\/\/jornalfatosenoticias.com.br\/#\/schema\/person\/d63837fa13ac8666eb9e74e0985d6f81\"},\"headline\":\"Fam\u00edlias capixabas s\u00e3o obrigadas a cortar gastos para sobreviver na pandemia\",\"datePublished\":\"2021-04-01T23:15:07+00:00\",\"dateModified\":\"2021-04-01T23:15:11+00:00\",\"mainEntityOfPage\":{\"@id\":\"https:\/\/jornalfatosenoticias.com.br\/index.php\/2021\/04\/01\/familias-capixabas-sao-obrigadas-a-cortar-gastos-para-sobreviver-na-pandemia\/\"},\"wordCount\":510,\"commentCount\":0,\"publisher\":{\"@id\":\"https:\/\/jornalfatosenoticias.com.br\/#organization\"},\"image\":{\"@id\":\"https:\/\/jornalfatosenoticias.com.br\/index.php\/2021\/04\/01\/familias-capixabas-sao-obrigadas-a-cortar-gastos-para-sobreviver-na-pandemia\/#primaryimage\"},\"thumbnailUrl\":\"https:\/\/jornalfatosenoticias.com.br\/wp-content\/uploads\/2021\/04\/tia-luzia-2.jpg\",\"keywords\":[\"alternativas econ\u00f4micas\",\"aumento do g\u00e1s\",\"aumento dos alimentos\",\"pandemia\"],\"articleSection\":[\"Economia\"],\"inLanguage\":\"pt-BR\",\"potentialAction\":[{\"@type\":\"CommentAction\",\"name\":\"Comment\",\"target\":[\"https:\/\/jornalfatosenoticias.com.br\/index.php\/2021\/04\/01\/familias-capixabas-sao-obrigadas-a-cortar-gastos-para-sobreviver-na-pandemia\/#respond\"]}]},{\"@type\":\"WebPage\",\"@id\":\"https:\/\/jornalfatosenoticias.com.br\/index.php\/2021\/04\/01\/familias-capixabas-sao-obrigadas-a-cortar-gastos-para-sobreviver-na-pandemia\/\",\"url\":\"https:\/\/jornalfatosenoticias.com.br\/index.php\/2021\/04\/01\/familias-capixabas-sao-obrigadas-a-cortar-gastos-para-sobreviver-na-pandemia\/\",\"name\":\"Fam\u00edlias capixabas s\u00e3o obrigadas a cortar gastos para sobreviver na pandemia - Jornal Fatos e Not\u00edcias\",\"isPartOf\":{\"@id\":\"https:\/\/jornalfatosenoticias.com.br\/#website\"},\"primaryImageOfPage\":{\"@id\":\"https:\/\/jornalfatosenoticias.com.br\/index.php\/2021\/04\/01\/familias-capixabas-sao-obrigadas-a-cortar-gastos-para-sobreviver-na-pandemia\/#primaryimage\"},\"image\":{\"@id\":\"https:\/\/jornalfatosenoticias.com.br\/index.php\/2021\/04\/01\/familias-capixabas-sao-obrigadas-a-cortar-gastos-para-sobreviver-na-pandemia\/#primaryimage\"},\"thumbnailUrl\":\"https:\/\/jornalfatosenoticias.com.br\/wp-content\/uploads\/2021\/04\/tia-luzia-2.jpg\",\"datePublished\":\"2021-04-01T23:15:07+00:00\",\"dateModified\":\"2021-04-01T23:15:11+00:00\",\"breadcrumb\":{\"@id\":\"https:\/\/jornalfatosenoticias.com.br\/index.php\/2021\/04\/01\/familias-capixabas-sao-obrigadas-a-cortar-gastos-para-sobreviver-na-pandemia\/#breadcrumb\"},\"inLanguage\":\"pt-BR\",\"potentialAction\":[{\"@type\":\"ReadAction\",\"target\":[\"https:\/\/jornalfatosenoticias.com.br\/index.php\/2021\/04\/01\/familias-capixabas-sao-obrigadas-a-cortar-gastos-para-sobreviver-na-pandemia\/\"]}]},{\"@type\":\"ImageObject\",\"inLanguage\":\"pt-BR\",\"@id\":\"https:\/\/jornalfatosenoticias.com.br\/index.php\/2021\/04\/01\/familias-capixabas-sao-obrigadas-a-cortar-gastos-para-sobreviver-na-pandemia\/#primaryimage\",\"url\":\"https:\/\/jornalfatosenoticias.com.br\/wp-content\/uploads\/2021\/04\/tia-luzia-2.jpg\",\"contentUrl\":\"https:\/\/jornalfatosenoticias.com.br\/wp-content\/uploads\/2021\/04\/tia-luzia-2.jpg\",\"width\":824,\"height\":841},{\"@type\":\"BreadcrumbList\",\"@id\":\"https:\/\/jornalfatosenoticias.com.br\/index.php\/2021\/04\/01\/familias-capixabas-sao-obrigadas-a-cortar-gastos-para-sobreviver-na-pandemia\/#breadcrumb\",\"itemListElement\":[{\"@type\":\"ListItem\",\"position\":1,\"name\":\"In\u00edcio\",\"item\":\"https:\/\/jornalfatosenoticias.com.br\/\"},{\"@type\":\"ListItem\",\"position\":2,\"name\":\"Fam\u00edlias capixabas s\u00e3o obrigadas a cortar gastos para sobreviver na pandemia\"}]},{\"@type\":\"WebSite\",\"@id\":\"https:\/\/jornalfatosenoticias.com.br\/#website\",\"url\":\"https:\/\/jornalfatosenoticias.com.br\/\",\"name\":\"Jornal Fatos e Not\u00edcias\",\"description\":\"Not\u00edcias em geral\",\"publisher\":{\"@id\":\"https:\/\/jornalfatosenoticias.com.br\/#organization\"},\"potentialAction\":[{\"@type\":\"SearchAction\",\"target\":{\"@type\":\"EntryPoint\",\"urlTemplate\":\"https:\/\/jornalfatosenoticias.com.br\/?s={search_term_string}\"},\"query-input\":{\"@type\":\"PropertyValueSpecification\",\"valueRequired\":true,\"valueName\":\"search_term_string\"}}],\"inLanguage\":\"pt-BR\"},{\"@type\":\"Organization\",\"@id\":\"https:\/\/jornalfatosenoticias.com.br\/#organization\",\"name\":\"Jornal Fatos e Not\u00edcias\",\"url\":\"https:\/\/jornalfatosenoticias.com.br\/\",\"logo\":{\"@type\":\"ImageObject\",\"inLanguage\":\"pt-BR\",\"@id\":\"https:\/\/jornalfatosenoticias.com.br\/#\/schema\/logo\/image\/\",\"url\":\"https:\/\/jornalfatosenoticias.com.br\/wp-content\/uploads\/2020\/02\/logo120.png\",\"contentUrl\":\"https:\/\/jornalfatosenoticias.com.br\/wp-content\/uploads\/2020\/02\/logo120.png\",\"width\":1227,\"height\":120,\"caption\":\"Jornal Fatos e Not\u00edcias\"},\"image\":{\"@id\":\"https:\/\/jornalfatosenoticias.com.br\/#\/schema\/logo\/image\/\"}},{\"@type\":\"Person\",\"@id\":\"https:\/\/jornalfatosenoticias.com.br\/#\/schema\/person\/d63837fa13ac8666eb9e74e0985d6f81\",\"name\":\"Luzimara Fernandes\",\"image\":{\"@type\":\"ImageObject\",\"inLanguage\":\"pt-BR\",\"@id\":\"https:\/\/jornalfatosenoticias.com.br\/#\/schema\/person\/image\/\",\"url\":\"https:\/\/jornalfatosenoticias.com.br\/wp-content\/uploads\/2025\/05\/EU_portal.jpg\",\"contentUrl\":\"https:\/\/jornalfatosenoticias.com.br\/wp-content\/uploads\/2025\/05\/EU_portal.jpg\",\"caption\":\"Luzimara Fernandes\"},\"description\":\"Jornalista MTB 2358-ES\",\"sameAs\":[\"https:\/\/jornalfatosenoticias.com.br\"],\"url\":\"https:\/\/jornalfatosenoticias.com.br\/index.php\/author\/luzimara\/\"}]}<\/script>\n<!-- \/ Yoast SEO plugin. -->","yoast_head_json":{"title":"Fam\u00edlias capixabas s\u00e3o obrigadas a cortar gastos para sobreviver na pandemia - Jornal Fatos e Not\u00edcias","robots":{"index":"index","follow":"follow","max-snippet":"max-snippet:-1","max-image-preview":"max-image-preview:large","max-video-preview":"max-video-preview:-1"},"canonical":"https:\/\/jornalfatosenoticias.com.br\/index.php\/2021\/04\/01\/familias-capixabas-sao-obrigadas-a-cortar-gastos-para-sobreviver-na-pandemia\/","og_locale":"pt_BR","og_type":"article","og_title":"Fam\u00edlias capixabas s\u00e3o obrigadas a cortar gastos para sobreviver na pandemia - Jornal Fatos e Not\u00edcias","og_description":"Com o aumento do pre\u00e7o do g\u00e1s de cozinha e de alimentos essenciais, uma das alternativas \u00e9 a substitui\u00e7\u00e3o dos alimentos mais caros para um mais barato, e a redu\u00e7\u00e3o do preparo de refei\u00e7\u00f5es, como forma de economizar o g\u00e1s Texto: Felipe Bretas Fam\u00edlias capixabas est\u00e3o sofrendo diariamente com o aumento do pre\u00e7o dos alimentos [&hellip;]","og_url":"https:\/\/jornalfatosenoticias.com.br\/index.php\/2021\/04\/01\/familias-capixabas-sao-obrigadas-a-cortar-gastos-para-sobreviver-na-pandemia\/","og_site_name":"Jornal Fatos e Not\u00edcias","article_published_time":"2021-04-01T23:15:07+00:00","article_modified_time":"2021-04-01T23:15:11+00:00","og_image":[{"width":824,"height":841,"url":"https:\/\/jornalfatosenoticias.com.br\/wp-content\/uploads\/2021\/04\/tia-luzia-2.jpg","type":"image\/jpeg"}],"author":"Luzimara Fernandes","twitter_card":"summary_large_image","twitter_misc":{"Escrito por":"Luzimara Fernandes","Est. tempo de leitura":"2 minutos"},"schema":{"@context":"https:\/\/schema.org","@graph":[{"@type":"Article","@id":"https:\/\/jornalfatosenoticias.com.br\/index.php\/2021\/04\/01\/familias-capixabas-sao-obrigadas-a-cortar-gastos-para-sobreviver-na-pandemia\/#article","isPartOf":{"@id":"https:\/\/jornalfatosenoticias.com.br\/index.php\/2021\/04\/01\/familias-capixabas-sao-obrigadas-a-cortar-gastos-para-sobreviver-na-pandemia\/"},"author":{"name":"Luzimara Fernandes","@id":"https:\/\/jornalfatosenoticias.com.br\/#\/schema\/person\/d63837fa13ac8666eb9e74e0985d6f81"},"headline":"Fam\u00edlias capixabas s\u00e3o obrigadas a cortar gastos para sobreviver na pandemia","datePublished":"2021-04-01T23:15:07+00:00","dateModified":"2021-04-01T23:15:11+00:00","mainEntityOfPage":{"@id":"https:\/\/jornalfatosenoticias.com.br\/index.php\/2021\/04\/01\/familias-capixabas-sao-obrigadas-a-cortar-gastos-para-sobreviver-na-pandemia\/"},"wordCount":510,"commentCount":0,"publisher":{"@id":"https:\/\/jornalfatosenoticias.com.br\/#organization"},"image":{"@id":"https:\/\/jornalfatosenoticias.com.br\/index.php\/2021\/04\/01\/familias-capixabas-sao-obrigadas-a-cortar-gastos-para-sobreviver-na-pandemia\/#primaryimage"},"thumbnailUrl":"https:\/\/jornalfatosenoticias.com.br\/wp-content\/uploads\/2021\/04\/tia-luzia-2.jpg","keywords":["alternativas econ\u00f4micas","aumento do g\u00e1s","aumento dos alimentos","pandemia"],"articleSection":["Economia"],"inLanguage":"pt-BR","potentialAction":[{"@type":"CommentAction","name":"Comment","target":["https:\/\/jornalfatosenoticias.com.br\/index.php\/2021\/04\/01\/familias-capixabas-sao-obrigadas-a-cortar-gastos-para-sobreviver-na-pandemia\/#respond"]}]},{"@type":"WebPage","@id":"https:\/\/jornalfatosenoticias.com.br\/index.php\/2021\/04\/01\/familias-capixabas-sao-obrigadas-a-cortar-gastos-para-sobreviver-na-pandemia\/","url":"https:\/\/jornalfatosenoticias.com.br\/index.php\/2021\/04\/01\/familias-capixabas-sao-obrigadas-a-cortar-gastos-para-sobreviver-na-pandemia\/","name":"Fam\u00edlias capixabas s\u00e3o obrigadas a cortar gastos para sobreviver na pandemia - Jornal Fatos e Not\u00edcias","isPartOf":{"@id":"https:\/\/jornalfatosenoticias.com.br\/#website"},"primaryImageOfPage":{"@id":"https:\/\/jornalfatosenoticias.com.br\/index.php\/2021\/04\/01\/familias-capixabas-sao-obrigadas-a-cortar-gastos-para-sobreviver-na-pandemia\/#primaryimage"},"image":{"@id":"https:\/\/jornalfatosenoticias.com.br\/index.php\/2021\/04\/01\/familias-capixabas-sao-obrigadas-a-cortar-gastos-para-sobreviver-na-pandemia\/#primaryimage"},"thumbnailUrl":"https:\/\/jornalfatosenoticias.com.br\/wp-content\/uploads\/2021\/04\/tia-luzia-2.jpg","datePublished":"2021-04-01T23:15:07+00:00","dateModified":"2021-04-01T23:15:11+00:00","breadcrumb":{"@id":"https:\/\/jornalfatosenoticias.com.br\/index.php\/2021\/04\/01\/familias-capixabas-sao-obrigadas-a-cortar-gastos-para-sobreviver-na-pandemia\/#breadcrumb"},"inLanguage":"pt-BR","potentialAction":[{"@type":"ReadAction","target":["https:\/\/jornalfatosenoticias.com.br\/index.php\/2021\/04\/01\/familias-capixabas-sao-obrigadas-a-cortar-gastos-para-sobreviver-na-pandemia\/"]}]},{"@type":"ImageObject","inLanguage":"pt-BR","@id":"https:\/\/jornalfatosenoticias.com.br\/index.php\/2021\/04\/01\/familias-capixabas-sao-obrigadas-a-cortar-gastos-para-sobreviver-na-pandemia\/#primaryimage","url":"https:\/\/jornalfatosenoticias.com.br\/wp-content\/uploads\/2021\/04\/tia-luzia-2.jpg","contentUrl":"https:\/\/jornalfatosenoticias.com.br\/wp-content\/uploads\/2021\/04\/tia-luzia-2.jpg","width":824,"height":841},{"@type":"BreadcrumbList","@id":"https:\/\/jornalfatosenoticias.com.br\/index.php\/2021\/04\/01\/familias-capixabas-sao-obrigadas-a-cortar-gastos-para-sobreviver-na-pandemia\/#breadcrumb","itemListElement":[{"@type":"ListItem","position":1,"name":"In\u00edcio","item":"https:\/\/jornalfatosenoticias.com.br\/"},{"@type":"ListItem","position":2,"name":"Fam\u00edlias capixabas s\u00e3o obrigadas a cortar gastos para sobreviver na pandemia"}]},{"@type":"WebSite","@id":"https:\/\/jornalfatosenoticias.com.br\/#website","url":"https:\/\/jornalfatosenoticias.com.br\/","name":"Jornal Fatos e Not\u00edcias","description":"Not\u00edcias em geral","publisher":{"@id":"https:\/\/jornalfatosenoticias.com.br\/#organization"},"potentialAction":[{"@type":"SearchAction","target":{"@type":"EntryPoint","urlTemplate":"https:\/\/jornalfatosenoticias.com.br\/?s={search_term_string}"},"query-input":{"@type":"PropertyValueSpecification","valueRequired":true,"valueName":"search_term_string"}}],"inLanguage":"pt-BR"},{"@type":"Organization","@id":"https:\/\/jornalfatosenoticias.com.br\/#organization","name":"Jornal Fatos e Not\u00edcias","url":"https:\/\/jornalfatosenoticias.com.br\/","logo":{"@type":"ImageObject","inLanguage":"pt-BR","@id":"https:\/\/jornalfatosenoticias.com.br\/#\/schema\/logo\/image\/","url":"https:\/\/jornalfatosenoticias.com.br\/wp-content\/uploads\/2020\/02\/logo120.png","contentUrl":"https:\/\/jornalfatosenoticias.com.br\/wp-content\/uploads\/2020\/02\/logo120.png","width":1227,"height":120,"caption":"Jornal Fatos e Not\u00edcias"},"image":{"@id":"https:\/\/jornalfatosenoticias.com.br\/#\/schema\/logo\/image\/"}},{"@type":"Person","@id":"https:\/\/jornalfatosenoticias.com.br\/#\/schema\/person\/d63837fa13ac8666eb9e74e0985d6f81","name":"Luzimara Fernandes","image":{"@type":"ImageObject","inLanguage":"pt-BR","@id":"https:\/\/jornalfatosenoticias.com.br\/#\/schema\/person\/image\/","url":"https:\/\/jornalfatosenoticias.com.br\/wp-content\/uploads\/2025\/05\/EU_portal.jpg","contentUrl":"https:\/\/jornalfatosenoticias.com.br\/wp-content\/uploads\/2025\/05\/EU_portal.jpg","caption":"Luzimara Fernandes"},"description":"Jornalista MTB 2358-ES","sameAs":["https:\/\/jornalfatosenoticias.com.br"],"url":"https:\/\/jornalfatosenoticias.com.br\/index.php\/author\/luzimara\/"}]}},"cc_featured_image_caption":{"caption_text":"Tia Luzia (Foto: Acervo pessoal) ","source_text":"","source_url":""},"jetpack_featured_media_url":"https:\/\/jornalfatosenoticias.com.br\/wp-content\/uploads\/2021\/04\/tia-luzia-2.jpg","_links":{"self":[{"href":"https:\/\/jornalfatosenoticias.com.br\/index.php\/wp-json\/wp\/v2\/posts\/16539","targetHints":{"allow":["GET"]}}],"collection":[{"href":"https:\/\/jornalfatosenoticias.com.br\/index.php\/wp-json\/wp\/v2\/posts"}],"about":[{"href":"https:\/\/jornalfatosenoticias.com.br\/index.php\/wp-json\/wp\/v2\/types\/post"}],"author":[{"embeddable":true,"href":"https:\/\/jornalfatosenoticias.com.br\/index.php\/wp-json\/wp\/v2\/users\/2"}],"replies":[{"embeddable":true,"href":"https:\/\/jornalfatosenoticias.com.br\/index.php\/wp-json\/wp\/v2\/comments?post=16539"}],"version-history":[{"count":0,"href":"https:\/\/jornalfatosenoticias.com.br\/index.php\/wp-json\/wp\/v2\/posts\/16539\/revisions"}],"wp:featuredmedia":[{"embeddable":true,"href":"https:\/\/jornalfatosenoticias.com.br\/index.php\/wp-json\/wp\/v2\/media\/16544"}],"wp:attachment":[{"href":"https:\/\/jornalfatosenoticias.com.br\/index.php\/wp-json\/wp\/v2\/media?parent=16539"}],"wp:term":[{"taxonomy":"category","embeddable":true,"href":"https:\/\/jornalfatosenoticias.com.br\/index.php\/wp-json\/wp\/v2\/categories?post=16539"},{"taxonomy":"post_tag","embeddable":true,"href":"https:\/\/jornalfatosenoticias.com.br\/index.php\/wp-json\/wp\/v2\/tags?post=16539"}],"curies":[{"name":"wp","href":"https:\/\/api.w.org\/{rel}","templated":true}]}}