{"id":16567,"date":"2021-04-01T20:40:36","date_gmt":"2021-04-01T23:40:36","guid":{"rendered":"https:\/\/jornalfatosenoticias.com.br\/?p=16567"},"modified":"2021-04-01T20:40:37","modified_gmt":"2021-04-01T23:40:37","slug":"destruicao-de-florestas-tropicais-cresceu-12-em-2020","status":"publish","type":"post","link":"https:\/\/jornalfatosenoticias.com.br\/index.php\/2021\/04\/01\/destruicao-de-florestas-tropicais-cresceu-12-em-2020\/","title":{"rendered":"Destrui\u00e7\u00e3o de florestas tropicais cresceu 12% em 2020"},"content":{"rendered":"\n<p>A \u00e1rea destru\u00edda em florestas tropicais virgens no mundo aumentou 12% em 2020, apesar da crise econ\u00f4mica provocada pela pandemia do novo coronav\u00edrus, segundo relat\u00f3rio divulgado nesta quarta-feira (31) pelo servi\u00e7o de monitoramento Global Forest Watch (GFW).<br>Segundo a plataforma, 4,2 milh\u00f5es de hectares desse tipo de ecossistema desapareceram no ano passado, o equivalente ao territ\u00f3rio dos Pa\u00edses Baixos. Em n\u00fameros absolutos, a maior perda foi registrada no Brasil, com 1,7 milh\u00e3o de hectares queimados ou desmatados \u2014 o Pa\u00eds abriga a maior parte da Amaz\u00f4nia, principal floresta tropical do planeta.<br>&#8220;O Brasil, que tinha alcan\u00e7ado uma grande redu\u00e7\u00e3o no desmatamento da Amaz\u00f4nia, agora est\u00e1 vendo esse sucesso se perder, e isso \u00e9 de partir o cora\u00e7\u00e3o&#8221;, disse Frances Seymour, do Instituto de Recursos Mundiais, que est\u00e1 por tr\u00e1s do relat\u00f3rio.<br>Em seguida aparecem a Rep\u00fablica Democr\u00e1tica do Congo (490 mil hectares) e a Bol\u00edvia (300 mil hectares).<br>De acordo com o GFW, a ind\u00fastria madeireira \u00e9 a principal causa de destrui\u00e7\u00e3o de florestas virgens na Am\u00e9rica Latina e no Sudeste Asi\u00e1tico, enquanto na \u00c1frica a agricultura \u00e9 o fator preponderante. No entanto, pesquisadores tamb\u00e9m apontaram calor extremo e seca como motivos de grandes inc\u00eandios florestais na Austr\u00e1lia, na Sib\u00e9ria e na Amaz\u00f4nia.<br>Ainda segundo o Global Forest Watch, a destrui\u00e7\u00e3o de florestas virgens provocou em 2020 a emiss\u00e3o de 2,64 bilh\u00f5es de toneladas de CO2, g\u00e1s causador do efeito estufa, o equivalente \u00e0 polui\u00e7\u00e3o gerada por 570 milh\u00f5es de autom\u00f3veis em um ano.<br>O estudo tamb\u00e9m apontou que a pandemia pode ter tido um efeito negativo sobre as florestas, com o aumento de cultivos ilegais devido \u00e0 redu\u00e7\u00e3o das prote\u00e7\u00f5es ambientais e o retorno de grandes quantidades de pessoas a \u00e1reas rurais.<br>No entanto, o GWF diz que a trajet\u00f3ria de destrui\u00e7\u00e3o de florestas virgens \u00e9 anterior \u00e0 pandemia e alerta que o pior ainda &#8220;pode estar por vir&#8221;, caso os pa\u00edses reduzam as prote\u00e7\u00f5es ambientais para acelerar o crescimento econ\u00f4mico.<\/p>\n\n\n\n<p><strong><em>Fonte: <a href=\"https:\/\/www.msn.com\/pt-br\/noticias\/meio-ambiente\/destrui%c3%a7%c3%a3o-de-florestas-tropicais-cresceu-12percent-em-2020-diz-ong\/ar-BB1fak0M\">MSN Not\u00edcias<\/a><\/em><\/strong><\/p>\n","protected":false},"excerpt":{"rendered":"<p>A \u00e1rea destru\u00edda em florestas tropicais virgens no mundo aumentou 12% em 2020, apesar da crise econ\u00f4mica provocada pela pandemia do novo coronav\u00edrus, segundo relat\u00f3rio divulgado nesta quarta-feira (31) pelo servi\u00e7o de monitoramento Global Forest Watch (GFW).Segundo a plataforma, 4,2 milh\u00f5es de hectares desse tipo de ecossistema desapareceram no ano passado, o equivalente ao territ\u00f3rio [&hellip;]<\/p>\n","protected":false},"author":2,"featured_media":16568,"comment_status":"open","ping_status":"open","sticky":false,"template":"","format":"standard","meta":{"footnotes":""},"categories":[8],"tags":[1844,1631,8331,423],"class_list":["post-16567","post","type-post","status-publish","format-standard","has-post-thumbnail","hentry","category-meio-ambiente","tag-desmatamento","tag-ecossistema","tag-florestas-destruidas","tag-florestas-tropicais"],"yoast_head":"<!-- This site is optimized with the Yoast SEO plugin v26.5 - https:\/\/yoast.com\/wordpress\/plugins\/seo\/ -->\n<title>Destrui\u00e7\u00e3o de florestas tropicais cresceu 12% em 2020 - Jornal Fatos e Not\u00edcias<\/title>\n<meta name=\"robots\" content=\"index, follow, max-snippet:-1, max-image-preview:large, max-video-preview:-1\" \/>\n<link rel=\"canonical\" href=\"https:\/\/jornalfatosenoticias.com.br\/index.php\/2021\/04\/01\/destruicao-de-florestas-tropicais-cresceu-12-em-2020\/\" \/>\n<meta property=\"og:locale\" content=\"pt_BR\" \/>\n<meta property=\"og:type\" content=\"article\" \/>\n<meta property=\"og:title\" content=\"Destrui\u00e7\u00e3o de florestas tropicais cresceu 12% em 2020 - Jornal Fatos e Not\u00edcias\" \/>\n<meta property=\"og:description\" content=\"A \u00e1rea destru\u00edda em florestas tropicais virgens no mundo aumentou 12% em 2020, apesar da crise econ\u00f4mica provocada pela pandemia do novo coronav\u00edrus, segundo relat\u00f3rio divulgado nesta quarta-feira (31) pelo servi\u00e7o de monitoramento Global Forest Watch (GFW).Segundo a plataforma, 4,2 milh\u00f5es de hectares desse tipo de ecossistema desapareceram no ano passado, o equivalente ao territ\u00f3rio [&hellip;]\" \/>\n<meta property=\"og:url\" content=\"https:\/\/jornalfatosenoticias.com.br\/index.php\/2021\/04\/01\/destruicao-de-florestas-tropicais-cresceu-12-em-2020\/\" \/>\n<meta property=\"og:site_name\" content=\"Jornal Fatos e Not\u00edcias\" \/>\n<meta property=\"article:published_time\" content=\"2021-04-01T23:40:36+00:00\" \/>\n<meta property=\"article:modified_time\" content=\"2021-04-01T23:40:37+00:00\" \/>\n<meta property=\"og:image\" content=\"https:\/\/jornalfatosenoticias.com.br\/wp-content\/uploads\/2021\/04\/DESTRUICAO-DE-FLORESTAS-TROPICAIS.jpg\" \/>\n\t<meta property=\"og:image:width\" content=\"1000\" \/>\n\t<meta property=\"og:image:height\" content=\"570\" \/>\n\t<meta property=\"og:image:type\" content=\"image\/jpeg\" \/>\n<meta name=\"author\" content=\"Luzimara Fernandes\" \/>\n<meta name=\"twitter:card\" content=\"summary_large_image\" \/>\n<meta name=\"twitter:label1\" content=\"Escrito por\" \/>\n\t<meta name=\"twitter:data1\" content=\"Luzimara Fernandes\" \/>\n\t<meta name=\"twitter:label2\" content=\"Est. tempo de leitura\" \/>\n\t<meta name=\"twitter:data2\" content=\"2 minutos\" \/>\n<script type=\"application\/ld+json\" class=\"yoast-schema-graph\">{\"@context\":\"https:\/\/schema.org\",\"@graph\":[{\"@type\":\"Article\",\"@id\":\"https:\/\/jornalfatosenoticias.com.br\/index.php\/2021\/04\/01\/destruicao-de-florestas-tropicais-cresceu-12-em-2020\/#article\",\"isPartOf\":{\"@id\":\"https:\/\/jornalfatosenoticias.com.br\/index.php\/2021\/04\/01\/destruicao-de-florestas-tropicais-cresceu-12-em-2020\/\"},\"author\":{\"name\":\"Luzimara Fernandes\",\"@id\":\"https:\/\/jornalfatosenoticias.com.br\/#\/schema\/person\/d63837fa13ac8666eb9e74e0985d6f81\"},\"headline\":\"Destrui\u00e7\u00e3o de florestas tropicais cresceu 12% em 2020\",\"datePublished\":\"2021-04-01T23:40:36+00:00\",\"dateModified\":\"2021-04-01T23:40:37+00:00\",\"mainEntityOfPage\":{\"@id\":\"https:\/\/jornalfatosenoticias.com.br\/index.php\/2021\/04\/01\/destruicao-de-florestas-tropicais-cresceu-12-em-2020\/\"},\"wordCount\":360,\"commentCount\":0,\"publisher\":{\"@id\":\"https:\/\/jornalfatosenoticias.com.br\/#organization\"},\"image\":{\"@id\":\"https:\/\/jornalfatosenoticias.com.br\/index.php\/2021\/04\/01\/destruicao-de-florestas-tropicais-cresceu-12-em-2020\/#primaryimage\"},\"thumbnailUrl\":\"https:\/\/jornalfatosenoticias.com.br\/wp-content\/uploads\/2021\/04\/DESTRUICAO-DE-FLORESTAS-TROPICAIS.jpg\",\"keywords\":[\"desmatamento\",\"ecossistema\",\"florestas destru\u00eddas\",\"florestas tropicais\"],\"articleSection\":[\"Meio ambiente\"],\"inLanguage\":\"pt-BR\",\"potentialAction\":[{\"@type\":\"CommentAction\",\"name\":\"Comment\",\"target\":[\"https:\/\/jornalfatosenoticias.com.br\/index.php\/2021\/04\/01\/destruicao-de-florestas-tropicais-cresceu-12-em-2020\/#respond\"]}]},{\"@type\":\"WebPage\",\"@id\":\"https:\/\/jornalfatosenoticias.com.br\/index.php\/2021\/04\/01\/destruicao-de-florestas-tropicais-cresceu-12-em-2020\/\",\"url\":\"https:\/\/jornalfatosenoticias.com.br\/index.php\/2021\/04\/01\/destruicao-de-florestas-tropicais-cresceu-12-em-2020\/\",\"name\":\"Destrui\u00e7\u00e3o de florestas tropicais cresceu 12% em 2020 - Jornal Fatos e Not\u00edcias\",\"isPartOf\":{\"@id\":\"https:\/\/jornalfatosenoticias.com.br\/#website\"},\"primaryImageOfPage\":{\"@id\":\"https:\/\/jornalfatosenoticias.com.br\/index.php\/2021\/04\/01\/destruicao-de-florestas-tropicais-cresceu-12-em-2020\/#primaryimage\"},\"image\":{\"@id\":\"https:\/\/jornalfatosenoticias.com.br\/index.php\/2021\/04\/01\/destruicao-de-florestas-tropicais-cresceu-12-em-2020\/#primaryimage\"},\"thumbnailUrl\":\"https:\/\/jornalfatosenoticias.com.br\/wp-content\/uploads\/2021\/04\/DESTRUICAO-DE-FLORESTAS-TROPICAIS.jpg\",\"datePublished\":\"2021-04-01T23:40:36+00:00\",\"dateModified\":\"2021-04-01T23:40:37+00:00\",\"breadcrumb\":{\"@id\":\"https:\/\/jornalfatosenoticias.com.br\/index.php\/2021\/04\/01\/destruicao-de-florestas-tropicais-cresceu-12-em-2020\/#breadcrumb\"},\"inLanguage\":\"pt-BR\",\"potentialAction\":[{\"@type\":\"ReadAction\",\"target\":[\"https:\/\/jornalfatosenoticias.com.br\/index.php\/2021\/04\/01\/destruicao-de-florestas-tropicais-cresceu-12-em-2020\/\"]}]},{\"@type\":\"ImageObject\",\"inLanguage\":\"pt-BR\",\"@id\":\"https:\/\/jornalfatosenoticias.com.br\/index.php\/2021\/04\/01\/destruicao-de-florestas-tropicais-cresceu-12-em-2020\/#primaryimage\",\"url\":\"https:\/\/jornalfatosenoticias.com.br\/wp-content\/uploads\/2021\/04\/DESTRUICAO-DE-FLORESTAS-TROPICAIS.jpg\",\"contentUrl\":\"https:\/\/jornalfatosenoticias.com.br\/wp-content\/uploads\/2021\/04\/DESTRUICAO-DE-FLORESTAS-TROPICAIS.jpg\",\"width\":1000,\"height\":570},{\"@type\":\"BreadcrumbList\",\"@id\":\"https:\/\/jornalfatosenoticias.com.br\/index.php\/2021\/04\/01\/destruicao-de-florestas-tropicais-cresceu-12-em-2020\/#breadcrumb\",\"itemListElement\":[{\"@type\":\"ListItem\",\"position\":1,\"name\":\"In\u00edcio\",\"item\":\"https:\/\/jornalfatosenoticias.com.br\/\"},{\"@type\":\"ListItem\",\"position\":2,\"name\":\"Destrui\u00e7\u00e3o de florestas tropicais cresceu 12% em 2020\"}]},{\"@type\":\"WebSite\",\"@id\":\"https:\/\/jornalfatosenoticias.com.br\/#website\",\"url\":\"https:\/\/jornalfatosenoticias.com.br\/\",\"name\":\"Jornal Fatos e Not\u00edcias\",\"description\":\"Not\u00edcias em geral\",\"publisher\":{\"@id\":\"https:\/\/jornalfatosenoticias.com.br\/#organization\"},\"potentialAction\":[{\"@type\":\"SearchAction\",\"target\":{\"@type\":\"EntryPoint\",\"urlTemplate\":\"https:\/\/jornalfatosenoticias.com.br\/?s={search_term_string}\"},\"query-input\":{\"@type\":\"PropertyValueSpecification\",\"valueRequired\":true,\"valueName\":\"search_term_string\"}}],\"inLanguage\":\"pt-BR\"},{\"@type\":\"Organization\",\"@id\":\"https:\/\/jornalfatosenoticias.com.br\/#organization\",\"name\":\"Jornal Fatos e Not\u00edcias\",\"url\":\"https:\/\/jornalfatosenoticias.com.br\/\",\"logo\":{\"@type\":\"ImageObject\",\"inLanguage\":\"pt-BR\",\"@id\":\"https:\/\/jornalfatosenoticias.com.br\/#\/schema\/logo\/image\/\",\"url\":\"https:\/\/jornalfatosenoticias.com.br\/wp-content\/uploads\/2020\/02\/logo120.png\",\"contentUrl\":\"https:\/\/jornalfatosenoticias.com.br\/wp-content\/uploads\/2020\/02\/logo120.png\",\"width\":1227,\"height\":120,\"caption\":\"Jornal Fatos e Not\u00edcias\"},\"image\":{\"@id\":\"https:\/\/jornalfatosenoticias.com.br\/#\/schema\/logo\/image\/\"}},{\"@type\":\"Person\",\"@id\":\"https:\/\/jornalfatosenoticias.com.br\/#\/schema\/person\/d63837fa13ac8666eb9e74e0985d6f81\",\"name\":\"Luzimara Fernandes\",\"image\":{\"@type\":\"ImageObject\",\"inLanguage\":\"pt-BR\",\"@id\":\"https:\/\/jornalfatosenoticias.com.br\/#\/schema\/person\/image\/\",\"url\":\"https:\/\/jornalfatosenoticias.com.br\/wp-content\/uploads\/2025\/05\/EU_portal.jpg\",\"contentUrl\":\"https:\/\/jornalfatosenoticias.com.br\/wp-content\/uploads\/2025\/05\/EU_portal.jpg\",\"caption\":\"Luzimara Fernandes\"},\"description\":\"Jornalista MTB 2358-ES\",\"sameAs\":[\"https:\/\/jornalfatosenoticias.com.br\"],\"url\":\"https:\/\/jornalfatosenoticias.com.br\/index.php\/author\/luzimara\/\"}]}<\/script>\n<!-- \/ Yoast SEO plugin. -->","yoast_head_json":{"title":"Destrui\u00e7\u00e3o de florestas tropicais cresceu 12% em 2020 - Jornal Fatos e Not\u00edcias","robots":{"index":"index","follow":"follow","max-snippet":"max-snippet:-1","max-image-preview":"max-image-preview:large","max-video-preview":"max-video-preview:-1"},"canonical":"https:\/\/jornalfatosenoticias.com.br\/index.php\/2021\/04\/01\/destruicao-de-florestas-tropicais-cresceu-12-em-2020\/","og_locale":"pt_BR","og_type":"article","og_title":"Destrui\u00e7\u00e3o de florestas tropicais cresceu 12% em 2020 - Jornal Fatos e Not\u00edcias","og_description":"A \u00e1rea destru\u00edda em florestas tropicais virgens no mundo aumentou 12% em 2020, apesar da crise econ\u00f4mica provocada pela pandemia do novo coronav\u00edrus, segundo relat\u00f3rio divulgado nesta quarta-feira (31) pelo servi\u00e7o de monitoramento Global Forest Watch (GFW).Segundo a plataforma, 4,2 milh\u00f5es de hectares desse tipo de ecossistema desapareceram no ano passado, o equivalente ao territ\u00f3rio [&hellip;]","og_url":"https:\/\/jornalfatosenoticias.com.br\/index.php\/2021\/04\/01\/destruicao-de-florestas-tropicais-cresceu-12-em-2020\/","og_site_name":"Jornal Fatos e Not\u00edcias","article_published_time":"2021-04-01T23:40:36+00:00","article_modified_time":"2021-04-01T23:40:37+00:00","og_image":[{"width":1000,"height":570,"url":"https:\/\/jornalfatosenoticias.com.br\/wp-content\/uploads\/2021\/04\/DESTRUICAO-DE-FLORESTAS-TROPICAIS.jpg","type":"image\/jpeg"}],"author":"Luzimara Fernandes","twitter_card":"summary_large_image","twitter_misc":{"Escrito por":"Luzimara Fernandes","Est. tempo de leitura":"2 minutos"},"schema":{"@context":"https:\/\/schema.org","@graph":[{"@type":"Article","@id":"https:\/\/jornalfatosenoticias.com.br\/index.php\/2021\/04\/01\/destruicao-de-florestas-tropicais-cresceu-12-em-2020\/#article","isPartOf":{"@id":"https:\/\/jornalfatosenoticias.com.br\/index.php\/2021\/04\/01\/destruicao-de-florestas-tropicais-cresceu-12-em-2020\/"},"author":{"name":"Luzimara Fernandes","@id":"https:\/\/jornalfatosenoticias.com.br\/#\/schema\/person\/d63837fa13ac8666eb9e74e0985d6f81"},"headline":"Destrui\u00e7\u00e3o de florestas tropicais cresceu 12% em 2020","datePublished":"2021-04-01T23:40:36+00:00","dateModified":"2021-04-01T23:40:37+00:00","mainEntityOfPage":{"@id":"https:\/\/jornalfatosenoticias.com.br\/index.php\/2021\/04\/01\/destruicao-de-florestas-tropicais-cresceu-12-em-2020\/"},"wordCount":360,"commentCount":0,"publisher":{"@id":"https:\/\/jornalfatosenoticias.com.br\/#organization"},"image":{"@id":"https:\/\/jornalfatosenoticias.com.br\/index.php\/2021\/04\/01\/destruicao-de-florestas-tropicais-cresceu-12-em-2020\/#primaryimage"},"thumbnailUrl":"https:\/\/jornalfatosenoticias.com.br\/wp-content\/uploads\/2021\/04\/DESTRUICAO-DE-FLORESTAS-TROPICAIS.jpg","keywords":["desmatamento","ecossistema","florestas destru\u00eddas","florestas tropicais"],"articleSection":["Meio ambiente"],"inLanguage":"pt-BR","potentialAction":[{"@type":"CommentAction","name":"Comment","target":["https:\/\/jornalfatosenoticias.com.br\/index.php\/2021\/04\/01\/destruicao-de-florestas-tropicais-cresceu-12-em-2020\/#respond"]}]},{"@type":"WebPage","@id":"https:\/\/jornalfatosenoticias.com.br\/index.php\/2021\/04\/01\/destruicao-de-florestas-tropicais-cresceu-12-em-2020\/","url":"https:\/\/jornalfatosenoticias.com.br\/index.php\/2021\/04\/01\/destruicao-de-florestas-tropicais-cresceu-12-em-2020\/","name":"Destrui\u00e7\u00e3o de florestas tropicais cresceu 12% em 2020 - Jornal Fatos e Not\u00edcias","isPartOf":{"@id":"https:\/\/jornalfatosenoticias.com.br\/#website"},"primaryImageOfPage":{"@id":"https:\/\/jornalfatosenoticias.com.br\/index.php\/2021\/04\/01\/destruicao-de-florestas-tropicais-cresceu-12-em-2020\/#primaryimage"},"image":{"@id":"https:\/\/jornalfatosenoticias.com.br\/index.php\/2021\/04\/01\/destruicao-de-florestas-tropicais-cresceu-12-em-2020\/#primaryimage"},"thumbnailUrl":"https:\/\/jornalfatosenoticias.com.br\/wp-content\/uploads\/2021\/04\/DESTRUICAO-DE-FLORESTAS-TROPICAIS.jpg","datePublished":"2021-04-01T23:40:36+00:00","dateModified":"2021-04-01T23:40:37+00:00","breadcrumb":{"@id":"https:\/\/jornalfatosenoticias.com.br\/index.php\/2021\/04\/01\/destruicao-de-florestas-tropicais-cresceu-12-em-2020\/#breadcrumb"},"inLanguage":"pt-BR","potentialAction":[{"@type":"ReadAction","target":["https:\/\/jornalfatosenoticias.com.br\/index.php\/2021\/04\/01\/destruicao-de-florestas-tropicais-cresceu-12-em-2020\/"]}]},{"@type":"ImageObject","inLanguage":"pt-BR","@id":"https:\/\/jornalfatosenoticias.com.br\/index.php\/2021\/04\/01\/destruicao-de-florestas-tropicais-cresceu-12-em-2020\/#primaryimage","url":"https:\/\/jornalfatosenoticias.com.br\/wp-content\/uploads\/2021\/04\/DESTRUICAO-DE-FLORESTAS-TROPICAIS.jpg","contentUrl":"https:\/\/jornalfatosenoticias.com.br\/wp-content\/uploads\/2021\/04\/DESTRUICAO-DE-FLORESTAS-TROPICAIS.jpg","width":1000,"height":570},{"@type":"BreadcrumbList","@id":"https:\/\/jornalfatosenoticias.com.br\/index.php\/2021\/04\/01\/destruicao-de-florestas-tropicais-cresceu-12-em-2020\/#breadcrumb","itemListElement":[{"@type":"ListItem","position":1,"name":"In\u00edcio","item":"https:\/\/jornalfatosenoticias.com.br\/"},{"@type":"ListItem","position":2,"name":"Destrui\u00e7\u00e3o de florestas tropicais cresceu 12% em 2020"}]},{"@type":"WebSite","@id":"https:\/\/jornalfatosenoticias.com.br\/#website","url":"https:\/\/jornalfatosenoticias.com.br\/","name":"Jornal Fatos e Not\u00edcias","description":"Not\u00edcias em geral","publisher":{"@id":"https:\/\/jornalfatosenoticias.com.br\/#organization"},"potentialAction":[{"@type":"SearchAction","target":{"@type":"EntryPoint","urlTemplate":"https:\/\/jornalfatosenoticias.com.br\/?s={search_term_string}"},"query-input":{"@type":"PropertyValueSpecification","valueRequired":true,"valueName":"search_term_string"}}],"inLanguage":"pt-BR"},{"@type":"Organization","@id":"https:\/\/jornalfatosenoticias.com.br\/#organization","name":"Jornal Fatos e Not\u00edcias","url":"https:\/\/jornalfatosenoticias.com.br\/","logo":{"@type":"ImageObject","inLanguage":"pt-BR","@id":"https:\/\/jornalfatosenoticias.com.br\/#\/schema\/logo\/image\/","url":"https:\/\/jornalfatosenoticias.com.br\/wp-content\/uploads\/2020\/02\/logo120.png","contentUrl":"https:\/\/jornalfatosenoticias.com.br\/wp-content\/uploads\/2020\/02\/logo120.png","width":1227,"height":120,"caption":"Jornal Fatos e Not\u00edcias"},"image":{"@id":"https:\/\/jornalfatosenoticias.com.br\/#\/schema\/logo\/image\/"}},{"@type":"Person","@id":"https:\/\/jornalfatosenoticias.com.br\/#\/schema\/person\/d63837fa13ac8666eb9e74e0985d6f81","name":"Luzimara Fernandes","image":{"@type":"ImageObject","inLanguage":"pt-BR","@id":"https:\/\/jornalfatosenoticias.com.br\/#\/schema\/person\/image\/","url":"https:\/\/jornalfatosenoticias.com.br\/wp-content\/uploads\/2025\/05\/EU_portal.jpg","contentUrl":"https:\/\/jornalfatosenoticias.com.br\/wp-content\/uploads\/2025\/05\/EU_portal.jpg","caption":"Luzimara Fernandes"},"description":"Jornalista MTB 2358-ES","sameAs":["https:\/\/jornalfatosenoticias.com.br"],"url":"https:\/\/jornalfatosenoticias.com.br\/index.php\/author\/luzimara\/"}]}},"cc_featured_image_caption":{"caption_text":"(Foto: Ansa Brasil) ","source_text":"","source_url":""},"jetpack_featured_media_url":"https:\/\/jornalfatosenoticias.com.br\/wp-content\/uploads\/2021\/04\/DESTRUICAO-DE-FLORESTAS-TROPICAIS.jpg","_links":{"self":[{"href":"https:\/\/jornalfatosenoticias.com.br\/index.php\/wp-json\/wp\/v2\/posts\/16567","targetHints":{"allow":["GET"]}}],"collection":[{"href":"https:\/\/jornalfatosenoticias.com.br\/index.php\/wp-json\/wp\/v2\/posts"}],"about":[{"href":"https:\/\/jornalfatosenoticias.com.br\/index.php\/wp-json\/wp\/v2\/types\/post"}],"author":[{"embeddable":true,"href":"https:\/\/jornalfatosenoticias.com.br\/index.php\/wp-json\/wp\/v2\/users\/2"}],"replies":[{"embeddable":true,"href":"https:\/\/jornalfatosenoticias.com.br\/index.php\/wp-json\/wp\/v2\/comments?post=16567"}],"version-history":[{"count":0,"href":"https:\/\/jornalfatosenoticias.com.br\/index.php\/wp-json\/wp\/v2\/posts\/16567\/revisions"}],"wp:featuredmedia":[{"embeddable":true,"href":"https:\/\/jornalfatosenoticias.com.br\/index.php\/wp-json\/wp\/v2\/media\/16568"}],"wp:attachment":[{"href":"https:\/\/jornalfatosenoticias.com.br\/index.php\/wp-json\/wp\/v2\/media?parent=16567"}],"wp:term":[{"taxonomy":"category","embeddable":true,"href":"https:\/\/jornalfatosenoticias.com.br\/index.php\/wp-json\/wp\/v2\/categories?post=16567"},{"taxonomy":"post_tag","embeddable":true,"href":"https:\/\/jornalfatosenoticias.com.br\/index.php\/wp-json\/wp\/v2\/tags?post=16567"}],"curies":[{"name":"wp","href":"https:\/\/api.w.org\/{rel}","templated":true}]}}