{"id":16574,"date":"2021-04-01T20:50:27","date_gmt":"2021-04-01T23:50:27","guid":{"rendered":"https:\/\/jornalfatosenoticias.com.br\/?p=16574"},"modified":"2021-04-01T20:50:31","modified_gmt":"2021-04-01T23:50:31","slug":"senado-aprova-pec-que-inclui-agua-potavel-como-direito-fundamental","status":"publish","type":"post","link":"https:\/\/jornalfatosenoticias.com.br\/index.php\/2021\/04\/01\/senado-aprova-pec-que-inclui-agua-potavel-como-direito-fundamental\/","title":{"rendered":"Senado aprova PEC que inclui \u00e1gua pot\u00e1vel como direito fundamental"},"content":{"rendered":"\n<p><em>Proposta segue para a C\u00e2mara dos Deputados<\/em><\/p>\n\n\n\n<p>O Senado aprovou nesta quarta-feira (31) uma proposta de emenda \u00e0 Constitui\u00e7\u00e3o (PEC) que inclui, na Constitui\u00e7\u00e3o Federal, o acesso \u00e0 \u00e1gua pot\u00e1vel entre os direitos e garantias fundamentais. A proposta quer garantir que o fornecimento de \u00e1gua pot\u00e1vel a fatias mais carentes da sociedade n\u00e3o seja preterido em favor de interesses econ\u00f4micos.<br>No entendimento do autor do projeto, o ent\u00e3o senador Jorge Viana, o acesso \u00e0 \u00e1gua pot\u00e1vel n\u00e3o \u00e9 reconhecido como um direito fundamental e, muitas vezes, a \u00e1gua \u00e9 considerada como bem econ\u00f4mico, o que exclui do seu acesso parcelas vulner\u00e1veis da popula\u00e7\u00e3o. A PEC \u00e9 de 2018, \u00faltimo ano de Viana como senador.<br>A proposta cria garantias jur\u00eddicas ao acesso universal da \u00e1gua e foi aprovado no Senado ap\u00f3s a aprova\u00e7\u00e3o, em junho de 2020, do Marco Legal do Saneamento B\u00e1sico. O texto sobre saneamento b\u00e1sico foi <strong><a href=\"https:\/\/agenciabrasil.ebc.com.br\/politica\/noticia\/2020-07\/governo-sanciona-novo-marco-legal-do-saneamento\" target=\"_blank\" rel=\"noreferrer noopener\">sancionado pelo presidente<\/a><\/strong> da Rep\u00fablica no m\u00eas seguinte e regulamentado em dezembro.<br>O Marco Legal do Saneamento B\u00e1sico torna regra a realiza\u00e7\u00e3o de licita\u00e7\u00f5es para contrata\u00e7\u00e3o de companhias de \u00e1gua e esgoto. Pelo novo modelo, a iniciativa privada passar\u00e1 a disputar as concorr\u00eancias em igualdade de condi\u00e7\u00f5es com as estatais locais, atualmente dominantes no setor.<br>\u201cEssa medida [a MP] tamb\u00e9m \u00e9 fundamental para se contrapor \u00e0 tend\u00eancia de privatiza\u00e7\u00e3o ou de eleva\u00e7\u00e3o do custo da \u00e1gua verificada em diversos pa\u00edses, dificultando seu acesso exatamente para as popula\u00e7\u00f5es economicamente mais vulner\u00e1veis\u201d, disse o relator do projeto, Jaques Wagner (PT-BA). Agora, a proposta segue para a C\u00e2mara dos Deputados.<\/p>\n\n\n\n<p><strong><em>Fonte: <a href=\"https:\/\/agenciabrasil.ebc.com.br\/politica\/noticia\/2021-03\/senado-aprova-pec-que-inclui-agua-potavel-como-direito-fundamental\">Ag\u00eancia Brasil<\/a><\/em><\/strong><\/p>\n","protected":false},"excerpt":{"rendered":"<p>Proposta segue para a C\u00e2mara dos Deputados O Senado aprovou nesta quarta-feira (31) uma proposta de emenda \u00e0 Constitui\u00e7\u00e3o (PEC) que inclui, na Constitui\u00e7\u00e3o Federal, o acesso \u00e0 \u00e1gua pot\u00e1vel entre os direitos e garantias fundamentais. A proposta quer garantir que o fornecimento de \u00e1gua pot\u00e1vel a fatias mais carentes da sociedade n\u00e3o seja preterido [&hellip;]<\/p>\n","protected":false},"author":2,"featured_media":16575,"comment_status":"open","ping_status":"open","sticky":false,"template":"","format":"standard","meta":{"footnotes":""},"categories":[5],"tags":[451,8334,8333,486],"class_list":["post-16574","post","type-post","status-publish","format-standard","has-post-thumbnail","hentry","category-geral","tag-agua","tag-marco-legal-do-saneamento-basico","tag-pec-da-agua","tag-senado"],"yoast_head":"<!-- This site is optimized with the Yoast SEO plugin v26.5 - https:\/\/yoast.com\/wordpress\/plugins\/seo\/ -->\n<title>Senado aprova PEC que inclui \u00e1gua pot\u00e1vel como direito fundamental - Jornal Fatos e Not\u00edcias<\/title>\n<meta name=\"robots\" content=\"index, follow, max-snippet:-1, max-image-preview:large, max-video-preview:-1\" \/>\n<link rel=\"canonical\" href=\"https:\/\/jornalfatosenoticias.com.br\/index.php\/2021\/04\/01\/senado-aprova-pec-que-inclui-agua-potavel-como-direito-fundamental\/\" \/>\n<meta property=\"og:locale\" content=\"pt_BR\" \/>\n<meta property=\"og:type\" content=\"article\" \/>\n<meta property=\"og:title\" content=\"Senado aprova PEC que inclui \u00e1gua pot\u00e1vel como direito fundamental - Jornal Fatos e Not\u00edcias\" \/>\n<meta property=\"og:description\" content=\"Proposta segue para a C\u00e2mara dos Deputados O Senado aprovou nesta quarta-feira (31) uma proposta de emenda \u00e0 Constitui\u00e7\u00e3o (PEC) que inclui, na Constitui\u00e7\u00e3o Federal, o acesso \u00e0 \u00e1gua pot\u00e1vel entre os direitos e garantias fundamentais. A proposta quer garantir que o fornecimento de \u00e1gua pot\u00e1vel a fatias mais carentes da sociedade n\u00e3o seja preterido [&hellip;]\" \/>\n<meta property=\"og:url\" content=\"https:\/\/jornalfatosenoticias.com.br\/index.php\/2021\/04\/01\/senado-aprova-pec-que-inclui-agua-potavel-como-direito-fundamental\/\" \/>\n<meta property=\"og:site_name\" content=\"Jornal Fatos e Not\u00edcias\" \/>\n<meta property=\"article:published_time\" content=\"2021-04-01T23:50:27+00:00\" \/>\n<meta property=\"article:modified_time\" content=\"2021-04-01T23:50:31+00:00\" \/>\n<meta property=\"og:image\" content=\"https:\/\/jornalfatosenoticias.com.br\/wp-content\/uploads\/2021\/04\/agua-potavel.jpg\" \/>\n\t<meta property=\"og:image:width\" content=\"1000\" \/>\n\t<meta property=\"og:image:height\" content=\"598\" \/>\n\t<meta property=\"og:image:type\" content=\"image\/jpeg\" \/>\n<meta name=\"author\" content=\"Luzimara Fernandes\" \/>\n<meta name=\"twitter:card\" content=\"summary_large_image\" \/>\n<meta name=\"twitter:label1\" content=\"Escrito por\" \/>\n\t<meta name=\"twitter:data1\" content=\"Luzimara Fernandes\" \/>\n\t<meta name=\"twitter:label2\" content=\"Est. tempo de leitura\" \/>\n\t<meta name=\"twitter:data2\" content=\"1 minuto\" \/>\n<script type=\"application\/ld+json\" class=\"yoast-schema-graph\">{\"@context\":\"https:\/\/schema.org\",\"@graph\":[{\"@type\":\"Article\",\"@id\":\"https:\/\/jornalfatosenoticias.com.br\/index.php\/2021\/04\/01\/senado-aprova-pec-que-inclui-agua-potavel-como-direito-fundamental\/#article\",\"isPartOf\":{\"@id\":\"https:\/\/jornalfatosenoticias.com.br\/index.php\/2021\/04\/01\/senado-aprova-pec-que-inclui-agua-potavel-como-direito-fundamental\/\"},\"author\":{\"name\":\"Luzimara Fernandes\",\"@id\":\"https:\/\/jornalfatosenoticias.com.br\/#\/schema\/person\/d63837fa13ac8666eb9e74e0985d6f81\"},\"headline\":\"Senado aprova PEC que inclui \u00e1gua pot\u00e1vel como direito fundamental\",\"datePublished\":\"2021-04-01T23:50:27+00:00\",\"dateModified\":\"2021-04-01T23:50:31+00:00\",\"mainEntityOfPage\":{\"@id\":\"https:\/\/jornalfatosenoticias.com.br\/index.php\/2021\/04\/01\/senado-aprova-pec-que-inclui-agua-potavel-como-direito-fundamental\/\"},\"wordCount\":293,\"commentCount\":0,\"publisher\":{\"@id\":\"https:\/\/jornalfatosenoticias.com.br\/#organization\"},\"image\":{\"@id\":\"https:\/\/jornalfatosenoticias.com.br\/index.php\/2021\/04\/01\/senado-aprova-pec-que-inclui-agua-potavel-como-direito-fundamental\/#primaryimage\"},\"thumbnailUrl\":\"https:\/\/jornalfatosenoticias.com.br\/wp-content\/uploads\/2021\/04\/agua-potavel.jpg\",\"keywords\":[\"\u00e1gua\",\"Marco Legal do Saneamento B\u00e1sico\",\"PEC da \u00c1gua\",\"Senado\"],\"articleSection\":[\"Geral\"],\"inLanguage\":\"pt-BR\",\"potentialAction\":[{\"@type\":\"CommentAction\",\"name\":\"Comment\",\"target\":[\"https:\/\/jornalfatosenoticias.com.br\/index.php\/2021\/04\/01\/senado-aprova-pec-que-inclui-agua-potavel-como-direito-fundamental\/#respond\"]}]},{\"@type\":\"WebPage\",\"@id\":\"https:\/\/jornalfatosenoticias.com.br\/index.php\/2021\/04\/01\/senado-aprova-pec-que-inclui-agua-potavel-como-direito-fundamental\/\",\"url\":\"https:\/\/jornalfatosenoticias.com.br\/index.php\/2021\/04\/01\/senado-aprova-pec-que-inclui-agua-potavel-como-direito-fundamental\/\",\"name\":\"Senado aprova PEC que inclui \u00e1gua pot\u00e1vel como direito fundamental - Jornal Fatos e Not\u00edcias\",\"isPartOf\":{\"@id\":\"https:\/\/jornalfatosenoticias.com.br\/#website\"},\"primaryImageOfPage\":{\"@id\":\"https:\/\/jornalfatosenoticias.com.br\/index.php\/2021\/04\/01\/senado-aprova-pec-que-inclui-agua-potavel-como-direito-fundamental\/#primaryimage\"},\"image\":{\"@id\":\"https:\/\/jornalfatosenoticias.com.br\/index.php\/2021\/04\/01\/senado-aprova-pec-que-inclui-agua-potavel-como-direito-fundamental\/#primaryimage\"},\"thumbnailUrl\":\"https:\/\/jornalfatosenoticias.com.br\/wp-content\/uploads\/2021\/04\/agua-potavel.jpg\",\"datePublished\":\"2021-04-01T23:50:27+00:00\",\"dateModified\":\"2021-04-01T23:50:31+00:00\",\"breadcrumb\":{\"@id\":\"https:\/\/jornalfatosenoticias.com.br\/index.php\/2021\/04\/01\/senado-aprova-pec-que-inclui-agua-potavel-como-direito-fundamental\/#breadcrumb\"},\"inLanguage\":\"pt-BR\",\"potentialAction\":[{\"@type\":\"ReadAction\",\"target\":[\"https:\/\/jornalfatosenoticias.com.br\/index.php\/2021\/04\/01\/senado-aprova-pec-que-inclui-agua-potavel-como-direito-fundamental\/\"]}]},{\"@type\":\"ImageObject\",\"inLanguage\":\"pt-BR\",\"@id\":\"https:\/\/jornalfatosenoticias.com.br\/index.php\/2021\/04\/01\/senado-aprova-pec-que-inclui-agua-potavel-como-direito-fundamental\/#primaryimage\",\"url\":\"https:\/\/jornalfatosenoticias.com.br\/wp-content\/uploads\/2021\/04\/agua-potavel.jpg\",\"contentUrl\":\"https:\/\/jornalfatosenoticias.com.br\/wp-content\/uploads\/2021\/04\/agua-potavel.jpg\",\"width\":1000,\"height\":598,\"caption\":\"BIE; racionamento; \u00e1gua; despedr\u00edcio; escassez; reservat\u00f3rio; falta d'\u00e1gua Mais infos: https:\/\/www12.senado.gov.br\/noticias\/materias\/2014\/07\/21\/com-risco-de-escassez-de-agua-parlamentares-propoem-combate-ao-desperdicio\"},{\"@type\":\"BreadcrumbList\",\"@id\":\"https:\/\/jornalfatosenoticias.com.br\/index.php\/2021\/04\/01\/senado-aprova-pec-que-inclui-agua-potavel-como-direito-fundamental\/#breadcrumb\",\"itemListElement\":[{\"@type\":\"ListItem\",\"position\":1,\"name\":\"In\u00edcio\",\"item\":\"https:\/\/jornalfatosenoticias.com.br\/\"},{\"@type\":\"ListItem\",\"position\":2,\"name\":\"Senado aprova PEC que inclui \u00e1gua pot\u00e1vel como direito fundamental\"}]},{\"@type\":\"WebSite\",\"@id\":\"https:\/\/jornalfatosenoticias.com.br\/#website\",\"url\":\"https:\/\/jornalfatosenoticias.com.br\/\",\"name\":\"Jornal Fatos e Not\u00edcias\",\"description\":\"Not\u00edcias em geral\",\"publisher\":{\"@id\":\"https:\/\/jornalfatosenoticias.com.br\/#organization\"},\"potentialAction\":[{\"@type\":\"SearchAction\",\"target\":{\"@type\":\"EntryPoint\",\"urlTemplate\":\"https:\/\/jornalfatosenoticias.com.br\/?s={search_term_string}\"},\"query-input\":{\"@type\":\"PropertyValueSpecification\",\"valueRequired\":true,\"valueName\":\"search_term_string\"}}],\"inLanguage\":\"pt-BR\"},{\"@type\":\"Organization\",\"@id\":\"https:\/\/jornalfatosenoticias.com.br\/#organization\",\"name\":\"Jornal Fatos e Not\u00edcias\",\"url\":\"https:\/\/jornalfatosenoticias.com.br\/\",\"logo\":{\"@type\":\"ImageObject\",\"inLanguage\":\"pt-BR\",\"@id\":\"https:\/\/jornalfatosenoticias.com.br\/#\/schema\/logo\/image\/\",\"url\":\"https:\/\/jornalfatosenoticias.com.br\/wp-content\/uploads\/2020\/02\/logo120.png\",\"contentUrl\":\"https:\/\/jornalfatosenoticias.com.br\/wp-content\/uploads\/2020\/02\/logo120.png\",\"width\":1227,\"height\":120,\"caption\":\"Jornal Fatos e Not\u00edcias\"},\"image\":{\"@id\":\"https:\/\/jornalfatosenoticias.com.br\/#\/schema\/logo\/image\/\"}},{\"@type\":\"Person\",\"@id\":\"https:\/\/jornalfatosenoticias.com.br\/#\/schema\/person\/d63837fa13ac8666eb9e74e0985d6f81\",\"name\":\"Luzimara Fernandes\",\"image\":{\"@type\":\"ImageObject\",\"inLanguage\":\"pt-BR\",\"@id\":\"https:\/\/jornalfatosenoticias.com.br\/#\/schema\/person\/image\/\",\"url\":\"https:\/\/jornalfatosenoticias.com.br\/wp-content\/uploads\/2025\/05\/EU_portal.jpg\",\"contentUrl\":\"https:\/\/jornalfatosenoticias.com.br\/wp-content\/uploads\/2025\/05\/EU_portal.jpg\",\"caption\":\"Luzimara Fernandes\"},\"description\":\"Jornalista MTB 2358-ES\",\"sameAs\":[\"https:\/\/jornalfatosenoticias.com.br\"],\"url\":\"https:\/\/jornalfatosenoticias.com.br\/index.php\/author\/luzimara\/\"}]}<\/script>\n<!-- \/ Yoast SEO plugin. -->","yoast_head_json":{"title":"Senado aprova PEC que inclui \u00e1gua pot\u00e1vel como direito fundamental - Jornal Fatos e Not\u00edcias","robots":{"index":"index","follow":"follow","max-snippet":"max-snippet:-1","max-image-preview":"max-image-preview:large","max-video-preview":"max-video-preview:-1"},"canonical":"https:\/\/jornalfatosenoticias.com.br\/index.php\/2021\/04\/01\/senado-aprova-pec-que-inclui-agua-potavel-como-direito-fundamental\/","og_locale":"pt_BR","og_type":"article","og_title":"Senado aprova PEC que inclui \u00e1gua pot\u00e1vel como direito fundamental - Jornal Fatos e Not\u00edcias","og_description":"Proposta segue para a C\u00e2mara dos Deputados O Senado aprovou nesta quarta-feira (31) uma proposta de emenda \u00e0 Constitui\u00e7\u00e3o (PEC) que inclui, na Constitui\u00e7\u00e3o Federal, o acesso \u00e0 \u00e1gua pot\u00e1vel entre os direitos e garantias fundamentais. A proposta quer garantir que o fornecimento de \u00e1gua pot\u00e1vel a fatias mais carentes da sociedade n\u00e3o seja preterido [&hellip;]","og_url":"https:\/\/jornalfatosenoticias.com.br\/index.php\/2021\/04\/01\/senado-aprova-pec-que-inclui-agua-potavel-como-direito-fundamental\/","og_site_name":"Jornal Fatos e Not\u00edcias","article_published_time":"2021-04-01T23:50:27+00:00","article_modified_time":"2021-04-01T23:50:31+00:00","og_image":[{"width":1000,"height":598,"url":"https:\/\/jornalfatosenoticias.com.br\/wp-content\/uploads\/2021\/04\/agua-potavel.jpg","type":"image\/jpeg"}],"author":"Luzimara Fernandes","twitter_card":"summary_large_image","twitter_misc":{"Escrito por":"Luzimara Fernandes","Est. tempo de leitura":"1 minuto"},"schema":{"@context":"https:\/\/schema.org","@graph":[{"@type":"Article","@id":"https:\/\/jornalfatosenoticias.com.br\/index.php\/2021\/04\/01\/senado-aprova-pec-que-inclui-agua-potavel-como-direito-fundamental\/#article","isPartOf":{"@id":"https:\/\/jornalfatosenoticias.com.br\/index.php\/2021\/04\/01\/senado-aprova-pec-que-inclui-agua-potavel-como-direito-fundamental\/"},"author":{"name":"Luzimara Fernandes","@id":"https:\/\/jornalfatosenoticias.com.br\/#\/schema\/person\/d63837fa13ac8666eb9e74e0985d6f81"},"headline":"Senado aprova PEC que inclui \u00e1gua pot\u00e1vel como direito fundamental","datePublished":"2021-04-01T23:50:27+00:00","dateModified":"2021-04-01T23:50:31+00:00","mainEntityOfPage":{"@id":"https:\/\/jornalfatosenoticias.com.br\/index.php\/2021\/04\/01\/senado-aprova-pec-que-inclui-agua-potavel-como-direito-fundamental\/"},"wordCount":293,"commentCount":0,"publisher":{"@id":"https:\/\/jornalfatosenoticias.com.br\/#organization"},"image":{"@id":"https:\/\/jornalfatosenoticias.com.br\/index.php\/2021\/04\/01\/senado-aprova-pec-que-inclui-agua-potavel-como-direito-fundamental\/#primaryimage"},"thumbnailUrl":"https:\/\/jornalfatosenoticias.com.br\/wp-content\/uploads\/2021\/04\/agua-potavel.jpg","keywords":["\u00e1gua","Marco Legal do Saneamento B\u00e1sico","PEC da \u00c1gua","Senado"],"articleSection":["Geral"],"inLanguage":"pt-BR","potentialAction":[{"@type":"CommentAction","name":"Comment","target":["https:\/\/jornalfatosenoticias.com.br\/index.php\/2021\/04\/01\/senado-aprova-pec-que-inclui-agua-potavel-como-direito-fundamental\/#respond"]}]},{"@type":"WebPage","@id":"https:\/\/jornalfatosenoticias.com.br\/index.php\/2021\/04\/01\/senado-aprova-pec-que-inclui-agua-potavel-como-direito-fundamental\/","url":"https:\/\/jornalfatosenoticias.com.br\/index.php\/2021\/04\/01\/senado-aprova-pec-que-inclui-agua-potavel-como-direito-fundamental\/","name":"Senado aprova PEC que inclui \u00e1gua pot\u00e1vel como direito fundamental - Jornal Fatos e Not\u00edcias","isPartOf":{"@id":"https:\/\/jornalfatosenoticias.com.br\/#website"},"primaryImageOfPage":{"@id":"https:\/\/jornalfatosenoticias.com.br\/index.php\/2021\/04\/01\/senado-aprova-pec-que-inclui-agua-potavel-como-direito-fundamental\/#primaryimage"},"image":{"@id":"https:\/\/jornalfatosenoticias.com.br\/index.php\/2021\/04\/01\/senado-aprova-pec-que-inclui-agua-potavel-como-direito-fundamental\/#primaryimage"},"thumbnailUrl":"https:\/\/jornalfatosenoticias.com.br\/wp-content\/uploads\/2021\/04\/agua-potavel.jpg","datePublished":"2021-04-01T23:50:27+00:00","dateModified":"2021-04-01T23:50:31+00:00","breadcrumb":{"@id":"https:\/\/jornalfatosenoticias.com.br\/index.php\/2021\/04\/01\/senado-aprova-pec-que-inclui-agua-potavel-como-direito-fundamental\/#breadcrumb"},"inLanguage":"pt-BR","potentialAction":[{"@type":"ReadAction","target":["https:\/\/jornalfatosenoticias.com.br\/index.php\/2021\/04\/01\/senado-aprova-pec-que-inclui-agua-potavel-como-direito-fundamental\/"]}]},{"@type":"ImageObject","inLanguage":"pt-BR","@id":"https:\/\/jornalfatosenoticias.com.br\/index.php\/2021\/04\/01\/senado-aprova-pec-que-inclui-agua-potavel-como-direito-fundamental\/#primaryimage","url":"https:\/\/jornalfatosenoticias.com.br\/wp-content\/uploads\/2021\/04\/agua-potavel.jpg","contentUrl":"https:\/\/jornalfatosenoticias.com.br\/wp-content\/uploads\/2021\/04\/agua-potavel.jpg","width":1000,"height":598,"caption":"BIE; racionamento; \u00e1gua; despedr\u00edcio; escassez; reservat\u00f3rio; falta d'\u00e1gua Mais infos: https:\/\/www12.senado.gov.br\/noticias\/materias\/2014\/07\/21\/com-risco-de-escassez-de-agua-parlamentares-propoem-combate-ao-desperdicio"},{"@type":"BreadcrumbList","@id":"https:\/\/jornalfatosenoticias.com.br\/index.php\/2021\/04\/01\/senado-aprova-pec-que-inclui-agua-potavel-como-direito-fundamental\/#breadcrumb","itemListElement":[{"@type":"ListItem","position":1,"name":"In\u00edcio","item":"https:\/\/jornalfatosenoticias.com.br\/"},{"@type":"ListItem","position":2,"name":"Senado aprova PEC que inclui \u00e1gua pot\u00e1vel como direito fundamental"}]},{"@type":"WebSite","@id":"https:\/\/jornalfatosenoticias.com.br\/#website","url":"https:\/\/jornalfatosenoticias.com.br\/","name":"Jornal Fatos e Not\u00edcias","description":"Not\u00edcias em geral","publisher":{"@id":"https:\/\/jornalfatosenoticias.com.br\/#organization"},"potentialAction":[{"@type":"SearchAction","target":{"@type":"EntryPoint","urlTemplate":"https:\/\/jornalfatosenoticias.com.br\/?s={search_term_string}"},"query-input":{"@type":"PropertyValueSpecification","valueRequired":true,"valueName":"search_term_string"}}],"inLanguage":"pt-BR"},{"@type":"Organization","@id":"https:\/\/jornalfatosenoticias.com.br\/#organization","name":"Jornal Fatos e Not\u00edcias","url":"https:\/\/jornalfatosenoticias.com.br\/","logo":{"@type":"ImageObject","inLanguage":"pt-BR","@id":"https:\/\/jornalfatosenoticias.com.br\/#\/schema\/logo\/image\/","url":"https:\/\/jornalfatosenoticias.com.br\/wp-content\/uploads\/2020\/02\/logo120.png","contentUrl":"https:\/\/jornalfatosenoticias.com.br\/wp-content\/uploads\/2020\/02\/logo120.png","width":1227,"height":120,"caption":"Jornal Fatos e Not\u00edcias"},"image":{"@id":"https:\/\/jornalfatosenoticias.com.br\/#\/schema\/logo\/image\/"}},{"@type":"Person","@id":"https:\/\/jornalfatosenoticias.com.br\/#\/schema\/person\/d63837fa13ac8666eb9e74e0985d6f81","name":"Luzimara Fernandes","image":{"@type":"ImageObject","inLanguage":"pt-BR","@id":"https:\/\/jornalfatosenoticias.com.br\/#\/schema\/person\/image\/","url":"https:\/\/jornalfatosenoticias.com.br\/wp-content\/uploads\/2025\/05\/EU_portal.jpg","contentUrl":"https:\/\/jornalfatosenoticias.com.br\/wp-content\/uploads\/2025\/05\/EU_portal.jpg","caption":"Luzimara Fernandes"},"description":"Jornalista MTB 2358-ES","sameAs":["https:\/\/jornalfatosenoticias.com.br"],"url":"https:\/\/jornalfatosenoticias.com.br\/index.php\/author\/luzimara\/"}]}},"cc_featured_image_caption":{"caption_text":"(Pedro Fran\u00e7a\/Ag\u00eancia Senado) ","source_text":"","source_url":""},"jetpack_featured_media_url":"https:\/\/jornalfatosenoticias.com.br\/wp-content\/uploads\/2021\/04\/agua-potavel.jpg","_links":{"self":[{"href":"https:\/\/jornalfatosenoticias.com.br\/index.php\/wp-json\/wp\/v2\/posts\/16574","targetHints":{"allow":["GET"]}}],"collection":[{"href":"https:\/\/jornalfatosenoticias.com.br\/index.php\/wp-json\/wp\/v2\/posts"}],"about":[{"href":"https:\/\/jornalfatosenoticias.com.br\/index.php\/wp-json\/wp\/v2\/types\/post"}],"author":[{"embeddable":true,"href":"https:\/\/jornalfatosenoticias.com.br\/index.php\/wp-json\/wp\/v2\/users\/2"}],"replies":[{"embeddable":true,"href":"https:\/\/jornalfatosenoticias.com.br\/index.php\/wp-json\/wp\/v2\/comments?post=16574"}],"version-history":[{"count":0,"href":"https:\/\/jornalfatosenoticias.com.br\/index.php\/wp-json\/wp\/v2\/posts\/16574\/revisions"}],"wp:featuredmedia":[{"embeddable":true,"href":"https:\/\/jornalfatosenoticias.com.br\/index.php\/wp-json\/wp\/v2\/media\/16575"}],"wp:attachment":[{"href":"https:\/\/jornalfatosenoticias.com.br\/index.php\/wp-json\/wp\/v2\/media?parent=16574"}],"wp:term":[{"taxonomy":"category","embeddable":true,"href":"https:\/\/jornalfatosenoticias.com.br\/index.php\/wp-json\/wp\/v2\/categories?post=16574"},{"taxonomy":"post_tag","embeddable":true,"href":"https:\/\/jornalfatosenoticias.com.br\/index.php\/wp-json\/wp\/v2\/tags?post=16574"}],"curies":[{"name":"wp","href":"https:\/\/api.w.org\/{rel}","templated":true}]}}