{"id":16577,"date":"2021-04-01T20:53:07","date_gmt":"2021-04-01T23:53:07","guid":{"rendered":"https:\/\/jornalfatosenoticias.com.br\/?p=16577"},"modified":"2021-04-01T20:53:08","modified_gmt":"2021-04-01T23:53:08","slug":"vereador-da-serra-propoe-criacao-de-farmacia-municipal-de-manipulacao","status":"publish","type":"post","link":"https:\/\/jornalfatosenoticias.com.br\/index.php\/2021\/04\/01\/vereador-da-serra-propoe-criacao-de-farmacia-municipal-de-manipulacao\/","title":{"rendered":"Vereador da Serra prop\u00f5e cria\u00e7\u00e3o de Farm\u00e1cia Municipal de Manipula\u00e7\u00e3o"},"content":{"rendered":"\n<p>Suprir a demanda por medicamentos nas Unidades B\u00e1sicas de Sa\u00fade do munic\u00edpio da Serra e facilitar o seu acesso \u00e0 popula\u00e7\u00e3o. \u00c9 o que prop\u00f5e o vereador Professor Alex Bulh\u00f5es (PMN) ao apresentar, na C\u00e2mara, o Projeto Indicativo 76\/2021. A proposta autoriza a Prefeitura a implantar a Farm\u00e1cia Municipal de Manipula\u00e7\u00e3o.<br>\u201cSegundo dados do Conselho Regional de Farm\u00e1cia de S\u00e3o Paulo (CRF-SP), os medicamentos manipulados s\u00e3o 50% mais baratos do que os industrializados e apresentam as mesmas qualidades. E al\u00e9m do baixo custo para o usu\u00e1rio, ainda podemos citar como vantagens a seguran\u00e7a, a disponibilidade no mercado, a individualiza\u00e7\u00e3o das doses \u2014 o que evita desperd\u00edcios \u2014 e a facilidade na confec\u00e7\u00e3o dos medicamentos\u201d, completa o Alex Bulh\u00f5es.<\/p>\n","protected":false},"excerpt":{"rendered":"<p>Suprir a demanda por medicamentos nas Unidades B\u00e1sicas de Sa\u00fade do munic\u00edpio da Serra e facilitar o seu acesso \u00e0 popula\u00e7\u00e3o. \u00c9 o que prop\u00f5e o vereador Professor Alex Bulh\u00f5es (PMN) ao apresentar, na C\u00e2mara, o Projeto Indicativo 76\/2021. A proposta autoriza a Prefeitura a implantar a Farm\u00e1cia Municipal de Manipula\u00e7\u00e3o.\u201cSegundo dados do Conselho Regional [&hellip;]<\/p>\n","protected":false},"author":3,"featured_media":16578,"comment_status":"open","ping_status":"open","sticky":false,"template":"","format":"standard","meta":{"footnotes":""},"categories":[10],"tags":[8336,5315,8335,910,6956],"class_list":["post-16577","post","type-post","status-publish","format-standard","has-post-thumbnail","hentry","category-politica","tag-alex-bulhoes","tag-criacao","tag-farmacia-municipal-de-manipulacaol","tag-serra","tag-vereador"],"yoast_head":"<!-- This site is optimized with the Yoast SEO plugin v26.5 - https:\/\/yoast.com\/wordpress\/plugins\/seo\/ -->\n<title>Vereador da Serra prop\u00f5e cria\u00e7\u00e3o de Farm\u00e1cia Municipal de Manipula\u00e7\u00e3o - Jornal Fatos e Not\u00edcias<\/title>\n<meta name=\"robots\" content=\"index, follow, max-snippet:-1, max-image-preview:large, max-video-preview:-1\" \/>\n<link rel=\"canonical\" href=\"https:\/\/jornalfatosenoticias.com.br\/index.php\/2021\/04\/01\/vereador-da-serra-propoe-criacao-de-farmacia-municipal-de-manipulacao\/\" \/>\n<meta property=\"og:locale\" content=\"pt_BR\" \/>\n<meta property=\"og:type\" content=\"article\" \/>\n<meta property=\"og:title\" content=\"Vereador da Serra prop\u00f5e cria\u00e7\u00e3o de Farm\u00e1cia Municipal de Manipula\u00e7\u00e3o - Jornal Fatos e Not\u00edcias\" \/>\n<meta property=\"og:description\" content=\"Suprir a demanda por medicamentos nas Unidades B\u00e1sicas de Sa\u00fade do munic\u00edpio da Serra e facilitar o seu acesso \u00e0 popula\u00e7\u00e3o. \u00c9 o que prop\u00f5e o vereador Professor Alex Bulh\u00f5es (PMN) ao apresentar, na C\u00e2mara, o Projeto Indicativo 76\/2021. A proposta autoriza a Prefeitura a implantar a Farm\u00e1cia Municipal de Manipula\u00e7\u00e3o.\u201cSegundo dados do Conselho Regional [&hellip;]\" \/>\n<meta property=\"og:url\" content=\"https:\/\/jornalfatosenoticias.com.br\/index.php\/2021\/04\/01\/vereador-da-serra-propoe-criacao-de-farmacia-municipal-de-manipulacao\/\" \/>\n<meta property=\"og:site_name\" content=\"Jornal Fatos e Not\u00edcias\" \/>\n<meta property=\"article:published_time\" content=\"2021-04-01T23:53:07+00:00\" \/>\n<meta property=\"article:modified_time\" content=\"2021-04-01T23:53:08+00:00\" \/>\n<meta property=\"og:image\" content=\"https:\/\/jornalfatosenoticias.com.br\/wp-content\/uploads\/2021\/04\/Alex-Bulhoes-415.jpg\" \/>\n\t<meta property=\"og:image:width\" content=\"1000\" \/>\n\t<meta property=\"og:image:height\" content=\"676\" \/>\n\t<meta property=\"og:image:type\" content=\"image\/jpeg\" \/>\n<meta name=\"author\" content=\"Haroldo Filho\" \/>\n<meta name=\"twitter:card\" content=\"summary_large_image\" \/>\n<meta name=\"twitter:label1\" content=\"Escrito por\" \/>\n\t<meta name=\"twitter:data1\" content=\"Haroldo Filho\" \/>\n\t<meta name=\"twitter:label2\" content=\"Est. tempo de leitura\" \/>\n\t<meta name=\"twitter:data2\" content=\"1 minuto\" \/>\n<script type=\"application\/ld+json\" class=\"yoast-schema-graph\">{\"@context\":\"https:\/\/schema.org\",\"@graph\":[{\"@type\":\"Article\",\"@id\":\"https:\/\/jornalfatosenoticias.com.br\/index.php\/2021\/04\/01\/vereador-da-serra-propoe-criacao-de-farmacia-municipal-de-manipulacao\/#article\",\"isPartOf\":{\"@id\":\"https:\/\/jornalfatosenoticias.com.br\/index.php\/2021\/04\/01\/vereador-da-serra-propoe-criacao-de-farmacia-municipal-de-manipulacao\/\"},\"author\":{\"name\":\"Haroldo Filho\",\"@id\":\"https:\/\/jornalfatosenoticias.com.br\/#\/schema\/person\/05c46cc25b42a5c27e004fb0fa6b4965\"},\"headline\":\"Vereador da Serra prop\u00f5e cria\u00e7\u00e3o de Farm\u00e1cia Municipal de Manipula\u00e7\u00e3o\",\"datePublished\":\"2021-04-01T23:53:07+00:00\",\"dateModified\":\"2021-04-01T23:53:08+00:00\",\"mainEntityOfPage\":{\"@id\":\"https:\/\/jornalfatosenoticias.com.br\/index.php\/2021\/04\/01\/vereador-da-serra-propoe-criacao-de-farmacia-municipal-de-manipulacao\/\"},\"wordCount\":145,\"commentCount\":0,\"publisher\":{\"@id\":\"https:\/\/jornalfatosenoticias.com.br\/#organization\"},\"image\":{\"@id\":\"https:\/\/jornalfatosenoticias.com.br\/index.php\/2021\/04\/01\/vereador-da-serra-propoe-criacao-de-farmacia-municipal-de-manipulacao\/#primaryimage\"},\"thumbnailUrl\":\"https:\/\/jornalfatosenoticias.com.br\/wp-content\/uploads\/2021\/04\/Alex-Bulhoes-415.jpg\",\"keywords\":[\"Alex Bulh\u00f5es\",\"cria\u00e7\u00e3o\",\"farm\u00e1cia municipal de manipula\u00e7\u00e3ol\",\"Serra\",\"vereador\"],\"articleSection\":[\"Pol\u00edtica\"],\"inLanguage\":\"pt-BR\",\"potentialAction\":[{\"@type\":\"CommentAction\",\"name\":\"Comment\",\"target\":[\"https:\/\/jornalfatosenoticias.com.br\/index.php\/2021\/04\/01\/vereador-da-serra-propoe-criacao-de-farmacia-municipal-de-manipulacao\/#respond\"]}]},{\"@type\":\"WebPage\",\"@id\":\"https:\/\/jornalfatosenoticias.com.br\/index.php\/2021\/04\/01\/vereador-da-serra-propoe-criacao-de-farmacia-municipal-de-manipulacao\/\",\"url\":\"https:\/\/jornalfatosenoticias.com.br\/index.php\/2021\/04\/01\/vereador-da-serra-propoe-criacao-de-farmacia-municipal-de-manipulacao\/\",\"name\":\"Vereador da Serra prop\u00f5e cria\u00e7\u00e3o de Farm\u00e1cia Municipal de Manipula\u00e7\u00e3o - Jornal Fatos e Not\u00edcias\",\"isPartOf\":{\"@id\":\"https:\/\/jornalfatosenoticias.com.br\/#website\"},\"primaryImageOfPage\":{\"@id\":\"https:\/\/jornalfatosenoticias.com.br\/index.php\/2021\/04\/01\/vereador-da-serra-propoe-criacao-de-farmacia-municipal-de-manipulacao\/#primaryimage\"},\"image\":{\"@id\":\"https:\/\/jornalfatosenoticias.com.br\/index.php\/2021\/04\/01\/vereador-da-serra-propoe-criacao-de-farmacia-municipal-de-manipulacao\/#primaryimage\"},\"thumbnailUrl\":\"https:\/\/jornalfatosenoticias.com.br\/wp-content\/uploads\/2021\/04\/Alex-Bulhoes-415.jpg\",\"datePublished\":\"2021-04-01T23:53:07+00:00\",\"dateModified\":\"2021-04-01T23:53:08+00:00\",\"breadcrumb\":{\"@id\":\"https:\/\/jornalfatosenoticias.com.br\/index.php\/2021\/04\/01\/vereador-da-serra-propoe-criacao-de-farmacia-municipal-de-manipulacao\/#breadcrumb\"},\"inLanguage\":\"pt-BR\",\"potentialAction\":[{\"@type\":\"ReadAction\",\"target\":[\"https:\/\/jornalfatosenoticias.com.br\/index.php\/2021\/04\/01\/vereador-da-serra-propoe-criacao-de-farmacia-municipal-de-manipulacao\/\"]}]},{\"@type\":\"ImageObject\",\"inLanguage\":\"pt-BR\",\"@id\":\"https:\/\/jornalfatosenoticias.com.br\/index.php\/2021\/04\/01\/vereador-da-serra-propoe-criacao-de-farmacia-municipal-de-manipulacao\/#primaryimage\",\"url\":\"https:\/\/jornalfatosenoticias.com.br\/wp-content\/uploads\/2021\/04\/Alex-Bulhoes-415.jpg\",\"contentUrl\":\"https:\/\/jornalfatosenoticias.com.br\/wp-content\/uploads\/2021\/04\/Alex-Bulhoes-415.jpg\",\"width\":1000,\"height\":676},{\"@type\":\"BreadcrumbList\",\"@id\":\"https:\/\/jornalfatosenoticias.com.br\/index.php\/2021\/04\/01\/vereador-da-serra-propoe-criacao-de-farmacia-municipal-de-manipulacao\/#breadcrumb\",\"itemListElement\":[{\"@type\":\"ListItem\",\"position\":1,\"name\":\"In\u00edcio\",\"item\":\"https:\/\/jornalfatosenoticias.com.br\/\"},{\"@type\":\"ListItem\",\"position\":2,\"name\":\"Vereador da Serra prop\u00f5e cria\u00e7\u00e3o de Farm\u00e1cia Municipal de Manipula\u00e7\u00e3o\"}]},{\"@type\":\"WebSite\",\"@id\":\"https:\/\/jornalfatosenoticias.com.br\/#website\",\"url\":\"https:\/\/jornalfatosenoticias.com.br\/\",\"name\":\"Jornal Fatos e Not\u00edcias\",\"description\":\"Not\u00edcias em geral\",\"publisher\":{\"@id\":\"https:\/\/jornalfatosenoticias.com.br\/#organization\"},\"potentialAction\":[{\"@type\":\"SearchAction\",\"target\":{\"@type\":\"EntryPoint\",\"urlTemplate\":\"https:\/\/jornalfatosenoticias.com.br\/?s={search_term_string}\"},\"query-input\":{\"@type\":\"PropertyValueSpecification\",\"valueRequired\":true,\"valueName\":\"search_term_string\"}}],\"inLanguage\":\"pt-BR\"},{\"@type\":\"Organization\",\"@id\":\"https:\/\/jornalfatosenoticias.com.br\/#organization\",\"name\":\"Jornal Fatos e Not\u00edcias\",\"url\":\"https:\/\/jornalfatosenoticias.com.br\/\",\"logo\":{\"@type\":\"ImageObject\",\"inLanguage\":\"pt-BR\",\"@id\":\"https:\/\/jornalfatosenoticias.com.br\/#\/schema\/logo\/image\/\",\"url\":\"https:\/\/jornalfatosenoticias.com.br\/wp-content\/uploads\/2020\/02\/logo120.png\",\"contentUrl\":\"https:\/\/jornalfatosenoticias.com.br\/wp-content\/uploads\/2020\/02\/logo120.png\",\"width\":1227,\"height\":120,\"caption\":\"Jornal Fatos e Not\u00edcias\"},\"image\":{\"@id\":\"https:\/\/jornalfatosenoticias.com.br\/#\/schema\/logo\/image\/\"}},{\"@type\":\"Person\",\"@id\":\"https:\/\/jornalfatosenoticias.com.br\/#\/schema\/person\/05c46cc25b42a5c27e004fb0fa6b4965\",\"name\":\"Haroldo Filho\",\"image\":{\"@type\":\"ImageObject\",\"inLanguage\":\"pt-BR\",\"@id\":\"https:\/\/jornalfatosenoticias.com.br\/#\/schema\/person\/image\/\",\"url\":\"https:\/\/jornalfatosenoticias.com.br\/wp-content\/uploads\/2025\/08\/WhatsApp-Image-2025-08-18-at-15.30.28-150x150.jpeg\",\"contentUrl\":\"https:\/\/jornalfatosenoticias.com.br\/wp-content\/uploads\/2025\/08\/WhatsApp-Image-2025-08-18-at-15.30.28-150x150.jpeg\",\"caption\":\"Haroldo Filho\"},\"description\":\"Jornalista \u2013 DRT: 0003818\/ES Coordenador-geral da ONG Educar para Crescer\",\"url\":\"https:\/\/jornalfatosenoticias.com.br\/index.php\/author\/haroldo\/\"}]}<\/script>\n<!-- \/ Yoast SEO plugin. -->","yoast_head_json":{"title":"Vereador da Serra prop\u00f5e cria\u00e7\u00e3o de Farm\u00e1cia Municipal de Manipula\u00e7\u00e3o - Jornal Fatos e Not\u00edcias","robots":{"index":"index","follow":"follow","max-snippet":"max-snippet:-1","max-image-preview":"max-image-preview:large","max-video-preview":"max-video-preview:-1"},"canonical":"https:\/\/jornalfatosenoticias.com.br\/index.php\/2021\/04\/01\/vereador-da-serra-propoe-criacao-de-farmacia-municipal-de-manipulacao\/","og_locale":"pt_BR","og_type":"article","og_title":"Vereador da Serra prop\u00f5e cria\u00e7\u00e3o de Farm\u00e1cia Municipal de Manipula\u00e7\u00e3o - Jornal Fatos e Not\u00edcias","og_description":"Suprir a demanda por medicamentos nas Unidades B\u00e1sicas de Sa\u00fade do munic\u00edpio da Serra e facilitar o seu acesso \u00e0 popula\u00e7\u00e3o. \u00c9 o que prop\u00f5e o vereador Professor Alex Bulh\u00f5es (PMN) ao apresentar, na C\u00e2mara, o Projeto Indicativo 76\/2021. A proposta autoriza a Prefeitura a implantar a Farm\u00e1cia Municipal de Manipula\u00e7\u00e3o.\u201cSegundo dados do Conselho Regional [&hellip;]","og_url":"https:\/\/jornalfatosenoticias.com.br\/index.php\/2021\/04\/01\/vereador-da-serra-propoe-criacao-de-farmacia-municipal-de-manipulacao\/","og_site_name":"Jornal Fatos e Not\u00edcias","article_published_time":"2021-04-01T23:53:07+00:00","article_modified_time":"2021-04-01T23:53:08+00:00","og_image":[{"width":1000,"height":676,"url":"https:\/\/jornalfatosenoticias.com.br\/wp-content\/uploads\/2021\/04\/Alex-Bulhoes-415.jpg","type":"image\/jpeg"}],"author":"Haroldo Filho","twitter_card":"summary_large_image","twitter_misc":{"Escrito por":"Haroldo Filho","Est. tempo de leitura":"1 minuto"},"schema":{"@context":"https:\/\/schema.org","@graph":[{"@type":"Article","@id":"https:\/\/jornalfatosenoticias.com.br\/index.php\/2021\/04\/01\/vereador-da-serra-propoe-criacao-de-farmacia-municipal-de-manipulacao\/#article","isPartOf":{"@id":"https:\/\/jornalfatosenoticias.com.br\/index.php\/2021\/04\/01\/vereador-da-serra-propoe-criacao-de-farmacia-municipal-de-manipulacao\/"},"author":{"name":"Haroldo Filho","@id":"https:\/\/jornalfatosenoticias.com.br\/#\/schema\/person\/05c46cc25b42a5c27e004fb0fa6b4965"},"headline":"Vereador da Serra prop\u00f5e cria\u00e7\u00e3o de Farm\u00e1cia Municipal de Manipula\u00e7\u00e3o","datePublished":"2021-04-01T23:53:07+00:00","dateModified":"2021-04-01T23:53:08+00:00","mainEntityOfPage":{"@id":"https:\/\/jornalfatosenoticias.com.br\/index.php\/2021\/04\/01\/vereador-da-serra-propoe-criacao-de-farmacia-municipal-de-manipulacao\/"},"wordCount":145,"commentCount":0,"publisher":{"@id":"https:\/\/jornalfatosenoticias.com.br\/#organization"},"image":{"@id":"https:\/\/jornalfatosenoticias.com.br\/index.php\/2021\/04\/01\/vereador-da-serra-propoe-criacao-de-farmacia-municipal-de-manipulacao\/#primaryimage"},"thumbnailUrl":"https:\/\/jornalfatosenoticias.com.br\/wp-content\/uploads\/2021\/04\/Alex-Bulhoes-415.jpg","keywords":["Alex Bulh\u00f5es","cria\u00e7\u00e3o","farm\u00e1cia municipal de manipula\u00e7\u00e3ol","Serra","vereador"],"articleSection":["Pol\u00edtica"],"inLanguage":"pt-BR","potentialAction":[{"@type":"CommentAction","name":"Comment","target":["https:\/\/jornalfatosenoticias.com.br\/index.php\/2021\/04\/01\/vereador-da-serra-propoe-criacao-de-farmacia-municipal-de-manipulacao\/#respond"]}]},{"@type":"WebPage","@id":"https:\/\/jornalfatosenoticias.com.br\/index.php\/2021\/04\/01\/vereador-da-serra-propoe-criacao-de-farmacia-municipal-de-manipulacao\/","url":"https:\/\/jornalfatosenoticias.com.br\/index.php\/2021\/04\/01\/vereador-da-serra-propoe-criacao-de-farmacia-municipal-de-manipulacao\/","name":"Vereador da Serra prop\u00f5e cria\u00e7\u00e3o de Farm\u00e1cia Municipal de Manipula\u00e7\u00e3o - Jornal Fatos e Not\u00edcias","isPartOf":{"@id":"https:\/\/jornalfatosenoticias.com.br\/#website"},"primaryImageOfPage":{"@id":"https:\/\/jornalfatosenoticias.com.br\/index.php\/2021\/04\/01\/vereador-da-serra-propoe-criacao-de-farmacia-municipal-de-manipulacao\/#primaryimage"},"image":{"@id":"https:\/\/jornalfatosenoticias.com.br\/index.php\/2021\/04\/01\/vereador-da-serra-propoe-criacao-de-farmacia-municipal-de-manipulacao\/#primaryimage"},"thumbnailUrl":"https:\/\/jornalfatosenoticias.com.br\/wp-content\/uploads\/2021\/04\/Alex-Bulhoes-415.jpg","datePublished":"2021-04-01T23:53:07+00:00","dateModified":"2021-04-01T23:53:08+00:00","breadcrumb":{"@id":"https:\/\/jornalfatosenoticias.com.br\/index.php\/2021\/04\/01\/vereador-da-serra-propoe-criacao-de-farmacia-municipal-de-manipulacao\/#breadcrumb"},"inLanguage":"pt-BR","potentialAction":[{"@type":"ReadAction","target":["https:\/\/jornalfatosenoticias.com.br\/index.php\/2021\/04\/01\/vereador-da-serra-propoe-criacao-de-farmacia-municipal-de-manipulacao\/"]}]},{"@type":"ImageObject","inLanguage":"pt-BR","@id":"https:\/\/jornalfatosenoticias.com.br\/index.php\/2021\/04\/01\/vereador-da-serra-propoe-criacao-de-farmacia-municipal-de-manipulacao\/#primaryimage","url":"https:\/\/jornalfatosenoticias.com.br\/wp-content\/uploads\/2021\/04\/Alex-Bulhoes-415.jpg","contentUrl":"https:\/\/jornalfatosenoticias.com.br\/wp-content\/uploads\/2021\/04\/Alex-Bulhoes-415.jpg","width":1000,"height":676},{"@type":"BreadcrumbList","@id":"https:\/\/jornalfatosenoticias.com.br\/index.php\/2021\/04\/01\/vereador-da-serra-propoe-criacao-de-farmacia-municipal-de-manipulacao\/#breadcrumb","itemListElement":[{"@type":"ListItem","position":1,"name":"In\u00edcio","item":"https:\/\/jornalfatosenoticias.com.br\/"},{"@type":"ListItem","position":2,"name":"Vereador da Serra prop\u00f5e cria\u00e7\u00e3o de Farm\u00e1cia Municipal de Manipula\u00e7\u00e3o"}]},{"@type":"WebSite","@id":"https:\/\/jornalfatosenoticias.com.br\/#website","url":"https:\/\/jornalfatosenoticias.com.br\/","name":"Jornal Fatos e Not\u00edcias","description":"Not\u00edcias em geral","publisher":{"@id":"https:\/\/jornalfatosenoticias.com.br\/#organization"},"potentialAction":[{"@type":"SearchAction","target":{"@type":"EntryPoint","urlTemplate":"https:\/\/jornalfatosenoticias.com.br\/?s={search_term_string}"},"query-input":{"@type":"PropertyValueSpecification","valueRequired":true,"valueName":"search_term_string"}}],"inLanguage":"pt-BR"},{"@type":"Organization","@id":"https:\/\/jornalfatosenoticias.com.br\/#organization","name":"Jornal Fatos e Not\u00edcias","url":"https:\/\/jornalfatosenoticias.com.br\/","logo":{"@type":"ImageObject","inLanguage":"pt-BR","@id":"https:\/\/jornalfatosenoticias.com.br\/#\/schema\/logo\/image\/","url":"https:\/\/jornalfatosenoticias.com.br\/wp-content\/uploads\/2020\/02\/logo120.png","contentUrl":"https:\/\/jornalfatosenoticias.com.br\/wp-content\/uploads\/2020\/02\/logo120.png","width":1227,"height":120,"caption":"Jornal Fatos e Not\u00edcias"},"image":{"@id":"https:\/\/jornalfatosenoticias.com.br\/#\/schema\/logo\/image\/"}},{"@type":"Person","@id":"https:\/\/jornalfatosenoticias.com.br\/#\/schema\/person\/05c46cc25b42a5c27e004fb0fa6b4965","name":"Haroldo Filho","image":{"@type":"ImageObject","inLanguage":"pt-BR","@id":"https:\/\/jornalfatosenoticias.com.br\/#\/schema\/person\/image\/","url":"https:\/\/jornalfatosenoticias.com.br\/wp-content\/uploads\/2025\/08\/WhatsApp-Image-2025-08-18-at-15.30.28-150x150.jpeg","contentUrl":"https:\/\/jornalfatosenoticias.com.br\/wp-content\/uploads\/2025\/08\/WhatsApp-Image-2025-08-18-at-15.30.28-150x150.jpeg","caption":"Haroldo Filho"},"description":"Jornalista \u2013 DRT: 0003818\/ES Coordenador-geral da ONG Educar para Crescer","url":"https:\/\/jornalfatosenoticias.com.br\/index.php\/author\/haroldo\/"}]}},"cc_featured_image_caption":{"caption_text":"(Foto: Sobramfa)","source_text":"","source_url":""},"jetpack_featured_media_url":"https:\/\/jornalfatosenoticias.com.br\/wp-content\/uploads\/2021\/04\/Alex-Bulhoes-415.jpg","_links":{"self":[{"href":"https:\/\/jornalfatosenoticias.com.br\/index.php\/wp-json\/wp\/v2\/posts\/16577","targetHints":{"allow":["GET"]}}],"collection":[{"href":"https:\/\/jornalfatosenoticias.com.br\/index.php\/wp-json\/wp\/v2\/posts"}],"about":[{"href":"https:\/\/jornalfatosenoticias.com.br\/index.php\/wp-json\/wp\/v2\/types\/post"}],"author":[{"embeddable":true,"href":"https:\/\/jornalfatosenoticias.com.br\/index.php\/wp-json\/wp\/v2\/users\/3"}],"replies":[{"embeddable":true,"href":"https:\/\/jornalfatosenoticias.com.br\/index.php\/wp-json\/wp\/v2\/comments?post=16577"}],"version-history":[{"count":0,"href":"https:\/\/jornalfatosenoticias.com.br\/index.php\/wp-json\/wp\/v2\/posts\/16577\/revisions"}],"wp:featuredmedia":[{"embeddable":true,"href":"https:\/\/jornalfatosenoticias.com.br\/index.php\/wp-json\/wp\/v2\/media\/16578"}],"wp:attachment":[{"href":"https:\/\/jornalfatosenoticias.com.br\/index.php\/wp-json\/wp\/v2\/media?parent=16577"}],"wp:term":[{"taxonomy":"category","embeddable":true,"href":"https:\/\/jornalfatosenoticias.com.br\/index.php\/wp-json\/wp\/v2\/categories?post=16577"},{"taxonomy":"post_tag","embeddable":true,"href":"https:\/\/jornalfatosenoticias.com.br\/index.php\/wp-json\/wp\/v2\/tags?post=16577"}],"curies":[{"name":"wp","href":"https:\/\/api.w.org\/{rel}","templated":true}]}}