{"id":16580,"date":"2021-04-02T14:04:36","date_gmt":"2021-04-02T17:04:36","guid":{"rendered":"https:\/\/jornalfatosenoticias.com.br\/?p=16580"},"modified":"2021-04-02T14:04:41","modified_gmt":"2021-04-02T17:04:41","slug":"variabilidade-do-sono-causa-mau-humor-e-pode-provocar-depressao","status":"publish","type":"post","link":"https:\/\/jornalfatosenoticias.com.br\/index.php\/2021\/04\/02\/variabilidade-do-sono-causa-mau-humor-e-pode-provocar-depressao\/","title":{"rendered":"Variabilidade do sono causa mau humor e pode provocar depress\u00e3o"},"content":{"rendered":"\n<p>\u00c9 sabido que o sono irregular pode desencadear problemas cardiovasculares, mas n\u00e3o \u00e9 apenas o corpo que sente os efeitos das noites mal dormidas. Um estudo da Universidade de Michigan, publicado no Digital Medicine, aponta que a variabilidade di\u00e1ria nos par\u00e2metros do sono gera um risco de desenvolvimento de depress\u00e3o no futuro.<br>A pesquisa utilizou dados de medi\u00e7\u00f5es diretas do sono e do humor de mais de 2.100 internos (estudantes dos dois \u00faltimos anos de medicina) em in\u00edcio de carreira durante um ano. Como tinham intensas jornadas de trabalho, os hor\u00e1rios come\u00e7aram a ficar desregulados e o mau humor foi uma das evid\u00eancias em quem dormia tarde ou acordava muito cedo.<br>Os dados para o estudo foram coletados por meio de dispositivos usados nos pulsos. Al\u00e9m disso, eles relatavam diariamente o seu humor em um aplicativo de smartphone e faziam testes trimestrais para detectar sinais de depress\u00e3o. Aqueles cujos dispositivos mostraram ter hor\u00e1rios de sono vari\u00e1veis, assim como os profissionais que regularmente ficavam acordados at\u00e9 tarde ou dormiam menos horas, eram mais propensos a pontuar mais alto em question\u00e1rios padronizados de sintomas de depress\u00e3o e ter avalia\u00e7\u00f5es de humor di\u00e1rias mais baixas.<br>&#8220;A tecnologia avan\u00e7ada nos permite estudar os fatores comportamentais e fisiol\u00f3gicos da sa\u00fade mental, incluindo o sono, em uma escala muito maior e com mais precis\u00e3o do que antes, abrindo um campo empolgante para explora\u00e7\u00e3o&#8221;, disse Yu Fang, principal autor do novo artigo. &#8220;Nossas descobertas visam n\u00e3o apenas orientar a autogest\u00e3o sobre os h\u00e1bitos de sono, mas tamb\u00e9m informar as estruturas de programa\u00e7\u00e3o institucional&#8221;.<br>A equipe observa que o grupo relativamente jovem de pessoas no estudo \u2014 com idade m\u00e9dia de 27 anos e estudantes de medicina \u2014 n\u00e3o \u00e9 representativo da popula\u00e7\u00e3o em geral. No entanto, como todos eles experimentam cargas de trabalho e cronogramas semelhantes, s\u00e3o um bom grupo para testar hip\u00f3teses.<\/p>\n\n\n\n<p><strong><em>Fonte: <a href=\"https:\/\/www.uol.com.br\/vivabem\/noticias\/redacao\/2021\/03\/21\/variabilidade-do-sono-causa-mau-humor-e-pode-provocar-depressao.htm\">UOL<\/a><\/em><\/strong><\/p>\n","protected":false},"excerpt":{"rendered":"<p>\u00c9 sabido que o sono irregular pode desencadear problemas cardiovasculares, mas n\u00e3o \u00e9 apenas o corpo que sente os efeitos das noites mal dormidas. Um estudo da Universidade de Michigan, publicado no Digital Medicine, aponta que a variabilidade di\u00e1ria nos par\u00e2metros do sono gera um risco de desenvolvimento de depress\u00e3o no futuro.A pesquisa utilizou dados [&hellip;]<\/p>\n","protected":false},"author":2,"featured_media":16581,"comment_status":"open","ping_status":"open","sticky":false,"template":"","format":"standard","meta":{"footnotes":""},"categories":[11],"tags":[8337,2305,6672,115,1138],"class_list":["post-16580","post","type-post","status-publish","format-standard","has-post-thumbnail","hentry","category-saude","tag-depressap","tag-humor","tag-mau-humor","tag-pesquisa","tag-sono"],"yoast_head":"<!-- This site is optimized with the Yoast SEO plugin v26.5 - https:\/\/yoast.com\/wordpress\/plugins\/seo\/ -->\n<title>Variabilidade do sono causa mau humor e pode provocar depress\u00e3o - Jornal Fatos e Not\u00edcias<\/title>\n<meta name=\"robots\" content=\"index, follow, max-snippet:-1, max-image-preview:large, max-video-preview:-1\" \/>\n<link rel=\"canonical\" href=\"https:\/\/jornalfatosenoticias.com.br\/index.php\/2021\/04\/02\/variabilidade-do-sono-causa-mau-humor-e-pode-provocar-depressao\/\" \/>\n<meta property=\"og:locale\" content=\"pt_BR\" \/>\n<meta property=\"og:type\" content=\"article\" \/>\n<meta property=\"og:title\" content=\"Variabilidade do sono causa mau humor e pode provocar depress\u00e3o - Jornal Fatos e Not\u00edcias\" \/>\n<meta property=\"og:description\" content=\"\u00c9 sabido que o sono irregular pode desencadear problemas cardiovasculares, mas n\u00e3o \u00e9 apenas o corpo que sente os efeitos das noites mal dormidas. Um estudo da Universidade de Michigan, publicado no Digital Medicine, aponta que a variabilidade di\u00e1ria nos par\u00e2metros do sono gera um risco de desenvolvimento de depress\u00e3o no futuro.A pesquisa utilizou dados [&hellip;]\" \/>\n<meta property=\"og:url\" content=\"https:\/\/jornalfatosenoticias.com.br\/index.php\/2021\/04\/02\/variabilidade-do-sono-causa-mau-humor-e-pode-provocar-depressao\/\" \/>\n<meta property=\"og:site_name\" content=\"Jornal Fatos e Not\u00edcias\" \/>\n<meta property=\"article:published_time\" content=\"2021-04-02T17:04:36+00:00\" \/>\n<meta property=\"article:modified_time\" content=\"2021-04-02T17:04:41+00:00\" \/>\n<meta property=\"og:image\" content=\"https:\/\/jornalfatosenoticias.com.br\/wp-content\/uploads\/2021\/04\/insonia.jpg\" \/>\n\t<meta property=\"og:image:width\" content=\"1000\" \/>\n\t<meta property=\"og:image:height\" content=\"750\" \/>\n\t<meta property=\"og:image:type\" content=\"image\/jpeg\" \/>\n<meta name=\"author\" content=\"Luzimara Fernandes\" \/>\n<meta name=\"twitter:card\" content=\"summary_large_image\" \/>\n<meta name=\"twitter:label1\" content=\"Escrito por\" \/>\n\t<meta name=\"twitter:data1\" content=\"Luzimara Fernandes\" \/>\n\t<meta name=\"twitter:label2\" content=\"Est. tempo de leitura\" \/>\n\t<meta name=\"twitter:data2\" content=\"2 minutos\" \/>\n<script type=\"application\/ld+json\" class=\"yoast-schema-graph\">{\"@context\":\"https:\/\/schema.org\",\"@graph\":[{\"@type\":\"Article\",\"@id\":\"https:\/\/jornalfatosenoticias.com.br\/index.php\/2021\/04\/02\/variabilidade-do-sono-causa-mau-humor-e-pode-provocar-depressao\/#article\",\"isPartOf\":{\"@id\":\"https:\/\/jornalfatosenoticias.com.br\/index.php\/2021\/04\/02\/variabilidade-do-sono-causa-mau-humor-e-pode-provocar-depressao\/\"},\"author\":{\"name\":\"Luzimara Fernandes\",\"@id\":\"https:\/\/jornalfatosenoticias.com.br\/#\/schema\/person\/d63837fa13ac8666eb9e74e0985d6f81\"},\"headline\":\"Variabilidade do sono causa mau humor e pode provocar depress\u00e3o\",\"datePublished\":\"2021-04-02T17:04:36+00:00\",\"dateModified\":\"2021-04-02T17:04:41+00:00\",\"mainEntityOfPage\":{\"@id\":\"https:\/\/jornalfatosenoticias.com.br\/index.php\/2021\/04\/02\/variabilidade-do-sono-causa-mau-humor-e-pode-provocar-depressao\/\"},\"wordCount\":344,\"commentCount\":0,\"publisher\":{\"@id\":\"https:\/\/jornalfatosenoticias.com.br\/#organization\"},\"image\":{\"@id\":\"https:\/\/jornalfatosenoticias.com.br\/index.php\/2021\/04\/02\/variabilidade-do-sono-causa-mau-humor-e-pode-provocar-depressao\/#primaryimage\"},\"thumbnailUrl\":\"https:\/\/jornalfatosenoticias.com.br\/wp-content\/uploads\/2021\/04\/insonia.jpg\",\"keywords\":[\"depress\u00e3p\",\"humor\",\"mau humor\",\"pesquisa\",\"sono\"],\"articleSection\":[\"Sa\u00fade\"],\"inLanguage\":\"pt-BR\",\"potentialAction\":[{\"@type\":\"CommentAction\",\"name\":\"Comment\",\"target\":[\"https:\/\/jornalfatosenoticias.com.br\/index.php\/2021\/04\/02\/variabilidade-do-sono-causa-mau-humor-e-pode-provocar-depressao\/#respond\"]}]},{\"@type\":\"WebPage\",\"@id\":\"https:\/\/jornalfatosenoticias.com.br\/index.php\/2021\/04\/02\/variabilidade-do-sono-causa-mau-humor-e-pode-provocar-depressao\/\",\"url\":\"https:\/\/jornalfatosenoticias.com.br\/index.php\/2021\/04\/02\/variabilidade-do-sono-causa-mau-humor-e-pode-provocar-depressao\/\",\"name\":\"Variabilidade do sono causa mau humor e pode provocar depress\u00e3o - Jornal Fatos e Not\u00edcias\",\"isPartOf\":{\"@id\":\"https:\/\/jornalfatosenoticias.com.br\/#website\"},\"primaryImageOfPage\":{\"@id\":\"https:\/\/jornalfatosenoticias.com.br\/index.php\/2021\/04\/02\/variabilidade-do-sono-causa-mau-humor-e-pode-provocar-depressao\/#primaryimage\"},\"image\":{\"@id\":\"https:\/\/jornalfatosenoticias.com.br\/index.php\/2021\/04\/02\/variabilidade-do-sono-causa-mau-humor-e-pode-provocar-depressao\/#primaryimage\"},\"thumbnailUrl\":\"https:\/\/jornalfatosenoticias.com.br\/wp-content\/uploads\/2021\/04\/insonia.jpg\",\"datePublished\":\"2021-04-02T17:04:36+00:00\",\"dateModified\":\"2021-04-02T17:04:41+00:00\",\"breadcrumb\":{\"@id\":\"https:\/\/jornalfatosenoticias.com.br\/index.php\/2021\/04\/02\/variabilidade-do-sono-causa-mau-humor-e-pode-provocar-depressao\/#breadcrumb\"},\"inLanguage\":\"pt-BR\",\"potentialAction\":[{\"@type\":\"ReadAction\",\"target\":[\"https:\/\/jornalfatosenoticias.com.br\/index.php\/2021\/04\/02\/variabilidade-do-sono-causa-mau-humor-e-pode-provocar-depressao\/\"]}]},{\"@type\":\"ImageObject\",\"inLanguage\":\"pt-BR\",\"@id\":\"https:\/\/jornalfatosenoticias.com.br\/index.php\/2021\/04\/02\/variabilidade-do-sono-causa-mau-humor-e-pode-provocar-depressao\/#primaryimage\",\"url\":\"https:\/\/jornalfatosenoticias.com.br\/wp-content\/uploads\/2021\/04\/insonia.jpg\",\"contentUrl\":\"https:\/\/jornalfatosenoticias.com.br\/wp-content\/uploads\/2021\/04\/insonia.jpg\",\"width\":1000,\"height\":750},{\"@type\":\"BreadcrumbList\",\"@id\":\"https:\/\/jornalfatosenoticias.com.br\/index.php\/2021\/04\/02\/variabilidade-do-sono-causa-mau-humor-e-pode-provocar-depressao\/#breadcrumb\",\"itemListElement\":[{\"@type\":\"ListItem\",\"position\":1,\"name\":\"In\u00edcio\",\"item\":\"https:\/\/jornalfatosenoticias.com.br\/\"},{\"@type\":\"ListItem\",\"position\":2,\"name\":\"Variabilidade do sono causa mau humor e pode provocar depress\u00e3o\"}]},{\"@type\":\"WebSite\",\"@id\":\"https:\/\/jornalfatosenoticias.com.br\/#website\",\"url\":\"https:\/\/jornalfatosenoticias.com.br\/\",\"name\":\"Jornal Fatos e Not\u00edcias\",\"description\":\"Not\u00edcias em geral\",\"publisher\":{\"@id\":\"https:\/\/jornalfatosenoticias.com.br\/#organization\"},\"potentialAction\":[{\"@type\":\"SearchAction\",\"target\":{\"@type\":\"EntryPoint\",\"urlTemplate\":\"https:\/\/jornalfatosenoticias.com.br\/?s={search_term_string}\"},\"query-input\":{\"@type\":\"PropertyValueSpecification\",\"valueRequired\":true,\"valueName\":\"search_term_string\"}}],\"inLanguage\":\"pt-BR\"},{\"@type\":\"Organization\",\"@id\":\"https:\/\/jornalfatosenoticias.com.br\/#organization\",\"name\":\"Jornal Fatos e Not\u00edcias\",\"url\":\"https:\/\/jornalfatosenoticias.com.br\/\",\"logo\":{\"@type\":\"ImageObject\",\"inLanguage\":\"pt-BR\",\"@id\":\"https:\/\/jornalfatosenoticias.com.br\/#\/schema\/logo\/image\/\",\"url\":\"https:\/\/jornalfatosenoticias.com.br\/wp-content\/uploads\/2020\/02\/logo120.png\",\"contentUrl\":\"https:\/\/jornalfatosenoticias.com.br\/wp-content\/uploads\/2020\/02\/logo120.png\",\"width\":1227,\"height\":120,\"caption\":\"Jornal Fatos e Not\u00edcias\"},\"image\":{\"@id\":\"https:\/\/jornalfatosenoticias.com.br\/#\/schema\/logo\/image\/\"}},{\"@type\":\"Person\",\"@id\":\"https:\/\/jornalfatosenoticias.com.br\/#\/schema\/person\/d63837fa13ac8666eb9e74e0985d6f81\",\"name\":\"Luzimara Fernandes\",\"image\":{\"@type\":\"ImageObject\",\"inLanguage\":\"pt-BR\",\"@id\":\"https:\/\/jornalfatosenoticias.com.br\/#\/schema\/person\/image\/\",\"url\":\"https:\/\/jornalfatosenoticias.com.br\/wp-content\/uploads\/2025\/05\/EU_portal.jpg\",\"contentUrl\":\"https:\/\/jornalfatosenoticias.com.br\/wp-content\/uploads\/2025\/05\/EU_portal.jpg\",\"caption\":\"Luzimara Fernandes\"},\"description\":\"Jornalista MTB 2358-ES\",\"sameAs\":[\"https:\/\/jornalfatosenoticias.com.br\"],\"url\":\"https:\/\/jornalfatosenoticias.com.br\/index.php\/author\/luzimara\/\"}]}<\/script>\n<!-- \/ Yoast SEO plugin. -->","yoast_head_json":{"title":"Variabilidade do sono causa mau humor e pode provocar depress\u00e3o - Jornal Fatos e Not\u00edcias","robots":{"index":"index","follow":"follow","max-snippet":"max-snippet:-1","max-image-preview":"max-image-preview:large","max-video-preview":"max-video-preview:-1"},"canonical":"https:\/\/jornalfatosenoticias.com.br\/index.php\/2021\/04\/02\/variabilidade-do-sono-causa-mau-humor-e-pode-provocar-depressao\/","og_locale":"pt_BR","og_type":"article","og_title":"Variabilidade do sono causa mau humor e pode provocar depress\u00e3o - Jornal Fatos e Not\u00edcias","og_description":"\u00c9 sabido que o sono irregular pode desencadear problemas cardiovasculares, mas n\u00e3o \u00e9 apenas o corpo que sente os efeitos das noites mal dormidas. Um estudo da Universidade de Michigan, publicado no Digital Medicine, aponta que a variabilidade di\u00e1ria nos par\u00e2metros do sono gera um risco de desenvolvimento de depress\u00e3o no futuro.A pesquisa utilizou dados [&hellip;]","og_url":"https:\/\/jornalfatosenoticias.com.br\/index.php\/2021\/04\/02\/variabilidade-do-sono-causa-mau-humor-e-pode-provocar-depressao\/","og_site_name":"Jornal Fatos e Not\u00edcias","article_published_time":"2021-04-02T17:04:36+00:00","article_modified_time":"2021-04-02T17:04:41+00:00","og_image":[{"width":1000,"height":750,"url":"https:\/\/jornalfatosenoticias.com.br\/wp-content\/uploads\/2021\/04\/insonia.jpg","type":"image\/jpeg"}],"author":"Luzimara Fernandes","twitter_card":"summary_large_image","twitter_misc":{"Escrito por":"Luzimara Fernandes","Est. tempo de leitura":"2 minutos"},"schema":{"@context":"https:\/\/schema.org","@graph":[{"@type":"Article","@id":"https:\/\/jornalfatosenoticias.com.br\/index.php\/2021\/04\/02\/variabilidade-do-sono-causa-mau-humor-e-pode-provocar-depressao\/#article","isPartOf":{"@id":"https:\/\/jornalfatosenoticias.com.br\/index.php\/2021\/04\/02\/variabilidade-do-sono-causa-mau-humor-e-pode-provocar-depressao\/"},"author":{"name":"Luzimara Fernandes","@id":"https:\/\/jornalfatosenoticias.com.br\/#\/schema\/person\/d63837fa13ac8666eb9e74e0985d6f81"},"headline":"Variabilidade do sono causa mau humor e pode provocar depress\u00e3o","datePublished":"2021-04-02T17:04:36+00:00","dateModified":"2021-04-02T17:04:41+00:00","mainEntityOfPage":{"@id":"https:\/\/jornalfatosenoticias.com.br\/index.php\/2021\/04\/02\/variabilidade-do-sono-causa-mau-humor-e-pode-provocar-depressao\/"},"wordCount":344,"commentCount":0,"publisher":{"@id":"https:\/\/jornalfatosenoticias.com.br\/#organization"},"image":{"@id":"https:\/\/jornalfatosenoticias.com.br\/index.php\/2021\/04\/02\/variabilidade-do-sono-causa-mau-humor-e-pode-provocar-depressao\/#primaryimage"},"thumbnailUrl":"https:\/\/jornalfatosenoticias.com.br\/wp-content\/uploads\/2021\/04\/insonia.jpg","keywords":["depress\u00e3p","humor","mau humor","pesquisa","sono"],"articleSection":["Sa\u00fade"],"inLanguage":"pt-BR","potentialAction":[{"@type":"CommentAction","name":"Comment","target":["https:\/\/jornalfatosenoticias.com.br\/index.php\/2021\/04\/02\/variabilidade-do-sono-causa-mau-humor-e-pode-provocar-depressao\/#respond"]}]},{"@type":"WebPage","@id":"https:\/\/jornalfatosenoticias.com.br\/index.php\/2021\/04\/02\/variabilidade-do-sono-causa-mau-humor-e-pode-provocar-depressao\/","url":"https:\/\/jornalfatosenoticias.com.br\/index.php\/2021\/04\/02\/variabilidade-do-sono-causa-mau-humor-e-pode-provocar-depressao\/","name":"Variabilidade do sono causa mau humor e pode provocar depress\u00e3o - Jornal Fatos e Not\u00edcias","isPartOf":{"@id":"https:\/\/jornalfatosenoticias.com.br\/#website"},"primaryImageOfPage":{"@id":"https:\/\/jornalfatosenoticias.com.br\/index.php\/2021\/04\/02\/variabilidade-do-sono-causa-mau-humor-e-pode-provocar-depressao\/#primaryimage"},"image":{"@id":"https:\/\/jornalfatosenoticias.com.br\/index.php\/2021\/04\/02\/variabilidade-do-sono-causa-mau-humor-e-pode-provocar-depressao\/#primaryimage"},"thumbnailUrl":"https:\/\/jornalfatosenoticias.com.br\/wp-content\/uploads\/2021\/04\/insonia.jpg","datePublished":"2021-04-02T17:04:36+00:00","dateModified":"2021-04-02T17:04:41+00:00","breadcrumb":{"@id":"https:\/\/jornalfatosenoticias.com.br\/index.php\/2021\/04\/02\/variabilidade-do-sono-causa-mau-humor-e-pode-provocar-depressao\/#breadcrumb"},"inLanguage":"pt-BR","potentialAction":[{"@type":"ReadAction","target":["https:\/\/jornalfatosenoticias.com.br\/index.php\/2021\/04\/02\/variabilidade-do-sono-causa-mau-humor-e-pode-provocar-depressao\/"]}]},{"@type":"ImageObject","inLanguage":"pt-BR","@id":"https:\/\/jornalfatosenoticias.com.br\/index.php\/2021\/04\/02\/variabilidade-do-sono-causa-mau-humor-e-pode-provocar-depressao\/#primaryimage","url":"https:\/\/jornalfatosenoticias.com.br\/wp-content\/uploads\/2021\/04\/insonia.jpg","contentUrl":"https:\/\/jornalfatosenoticias.com.br\/wp-content\/uploads\/2021\/04\/insonia.jpg","width":1000,"height":750},{"@type":"BreadcrumbList","@id":"https:\/\/jornalfatosenoticias.com.br\/index.php\/2021\/04\/02\/variabilidade-do-sono-causa-mau-humor-e-pode-provocar-depressao\/#breadcrumb","itemListElement":[{"@type":"ListItem","position":1,"name":"In\u00edcio","item":"https:\/\/jornalfatosenoticias.com.br\/"},{"@type":"ListItem","position":2,"name":"Variabilidade do sono causa mau humor e pode provocar depress\u00e3o"}]},{"@type":"WebSite","@id":"https:\/\/jornalfatosenoticias.com.br\/#website","url":"https:\/\/jornalfatosenoticias.com.br\/","name":"Jornal Fatos e Not\u00edcias","description":"Not\u00edcias em geral","publisher":{"@id":"https:\/\/jornalfatosenoticias.com.br\/#organization"},"potentialAction":[{"@type":"SearchAction","target":{"@type":"EntryPoint","urlTemplate":"https:\/\/jornalfatosenoticias.com.br\/?s={search_term_string}"},"query-input":{"@type":"PropertyValueSpecification","valueRequired":true,"valueName":"search_term_string"}}],"inLanguage":"pt-BR"},{"@type":"Organization","@id":"https:\/\/jornalfatosenoticias.com.br\/#organization","name":"Jornal Fatos e Not\u00edcias","url":"https:\/\/jornalfatosenoticias.com.br\/","logo":{"@type":"ImageObject","inLanguage":"pt-BR","@id":"https:\/\/jornalfatosenoticias.com.br\/#\/schema\/logo\/image\/","url":"https:\/\/jornalfatosenoticias.com.br\/wp-content\/uploads\/2020\/02\/logo120.png","contentUrl":"https:\/\/jornalfatosenoticias.com.br\/wp-content\/uploads\/2020\/02\/logo120.png","width":1227,"height":120,"caption":"Jornal Fatos e Not\u00edcias"},"image":{"@id":"https:\/\/jornalfatosenoticias.com.br\/#\/schema\/logo\/image\/"}},{"@type":"Person","@id":"https:\/\/jornalfatosenoticias.com.br\/#\/schema\/person\/d63837fa13ac8666eb9e74e0985d6f81","name":"Luzimara Fernandes","image":{"@type":"ImageObject","inLanguage":"pt-BR","@id":"https:\/\/jornalfatosenoticias.com.br\/#\/schema\/person\/image\/","url":"https:\/\/jornalfatosenoticias.com.br\/wp-content\/uploads\/2025\/05\/EU_portal.jpg","contentUrl":"https:\/\/jornalfatosenoticias.com.br\/wp-content\/uploads\/2025\/05\/EU_portal.jpg","caption":"Luzimara Fernandes"},"description":"Jornalista MTB 2358-ES","sameAs":["https:\/\/jornalfatosenoticias.com.br"],"url":"https:\/\/jornalfatosenoticias.com.br\/index.php\/author\/luzimara\/"}]}},"cc_featured_image_caption":{"caption_text":"(Foto: iStock) ","source_text":"","source_url":""},"jetpack_featured_media_url":"https:\/\/jornalfatosenoticias.com.br\/wp-content\/uploads\/2021\/04\/insonia.jpg","_links":{"self":[{"href":"https:\/\/jornalfatosenoticias.com.br\/index.php\/wp-json\/wp\/v2\/posts\/16580","targetHints":{"allow":["GET"]}}],"collection":[{"href":"https:\/\/jornalfatosenoticias.com.br\/index.php\/wp-json\/wp\/v2\/posts"}],"about":[{"href":"https:\/\/jornalfatosenoticias.com.br\/index.php\/wp-json\/wp\/v2\/types\/post"}],"author":[{"embeddable":true,"href":"https:\/\/jornalfatosenoticias.com.br\/index.php\/wp-json\/wp\/v2\/users\/2"}],"replies":[{"embeddable":true,"href":"https:\/\/jornalfatosenoticias.com.br\/index.php\/wp-json\/wp\/v2\/comments?post=16580"}],"version-history":[{"count":0,"href":"https:\/\/jornalfatosenoticias.com.br\/index.php\/wp-json\/wp\/v2\/posts\/16580\/revisions"}],"wp:featuredmedia":[{"embeddable":true,"href":"https:\/\/jornalfatosenoticias.com.br\/index.php\/wp-json\/wp\/v2\/media\/16581"}],"wp:attachment":[{"href":"https:\/\/jornalfatosenoticias.com.br\/index.php\/wp-json\/wp\/v2\/media?parent=16580"}],"wp:term":[{"taxonomy":"category","embeddable":true,"href":"https:\/\/jornalfatosenoticias.com.br\/index.php\/wp-json\/wp\/v2\/categories?post=16580"},{"taxonomy":"post_tag","embeddable":true,"href":"https:\/\/jornalfatosenoticias.com.br\/index.php\/wp-json\/wp\/v2\/tags?post=16580"}],"curies":[{"name":"wp","href":"https:\/\/api.w.org\/{rel}","templated":true}]}}