{"id":16628,"date":"2021-04-05T14:45:48","date_gmt":"2021-04-05T17:45:48","guid":{"rendered":"https:\/\/jornalfatosenoticias.com.br\/?p=16628"},"modified":"2021-04-05T14:45:50","modified_gmt":"2021-04-05T17:45:50","slug":"unicef-fechamento-de-escolas-na-pandemia-fez-brasil-regredir-duas-decadas","status":"publish","type":"post","link":"https:\/\/jornalfatosenoticias.com.br\/index.php\/2021\/04\/05\/unicef-fechamento-de-escolas-na-pandemia-fez-brasil-regredir-duas-decadas\/","title":{"rendered":"Unicef: Fechamento de escolas na pandemia fez Brasil regredir duas d\u00e9cadas"},"content":{"rendered":"\n<p><em>Brasil foi um dos pa\u00edses onde as escolas ficaram fechadas por mais tempo e, ainda hoje, 18 estados mant\u00eam o ensino apenas de maneira remota<\/em><\/p>\n\n\n\n<p>Uma das primeiras medidas tomadas por governos de todo o mundo no come\u00e7o da pandemia de covid-19, em mar\u00e7o de 2020, foi o fechamento das escolas. Ap\u00f3s um ano, em 73 pa\u00edses os alunos ainda est\u00e3o fisicamente longe das salas de aula. O Brasil foi um dos pa\u00edses onde as escolas ficaram fechadas por mais tempo e, ainda hoje, 18 estados mant\u00eam o ensino apenas de maneira remota, enquanto os outros tentam equilibrar uma forma h\u00edbrida entre o presencial e o ensino a dist\u00e2ncia.<br>&#8220;Isso tem um impacto muito profundo para crian\u00e7as e adolescentes&#8221;, diz Florence Bauer, representante do Unicef no Brasil. Ela lembra que apesar de n\u00e3o ser a faixa et\u00e1ria mais afetada pela doen\u00e7a \u00e9 a que mais sofre com os efeitos indiretos da covid-19.<\/p>\n\n\n\n<blockquote class=\"wp-block-quote is-layout-flow wp-block-quote-is-layout-flow\"><p>&#8220;Antes da pandemia, 1,3 milh\u00e3o de crian\u00e7as e adolescentes em idade escolar j\u00e1 estavam fora da escola no Brasil. Com a pandemia, os dados mostram uma evas\u00e3o de aproximadamente quatro milh\u00f5es de meninos e meninas, ou seja, um total de mais cinco milh\u00f5es de crian\u00e7as e adolescentes desvinculados da escola, que n\u00e3o est\u00e3o participando de maneira regular&#8221;, diz a especialista citando dados da Pesquisa Nacional por Amostra de Domic\u00edlios (PNAD) de 2020.<\/p><\/blockquote>\n\n\n\n<p>O risco, de acordo com Bauer, \u00e9 que os n\u00fameros da evas\u00e3o escolar n\u00e3o mudem com o fim da pandemia e a reabertura das institui\u00e7\u00f5es, j\u00e1 que, uma vez desvinculadas, as crian\u00e7as acabam se envolvendo em atividades de trabalho infantil, o que dificulta o retorno.<\/p>\n\n\n\n<blockquote class=\"wp-block-quote is-layout-flow wp-block-quote-is-layout-flow\"><p>&#8220;Isso est\u00e1 nos levando para tr\u00e1s. J\u00e1 calculamos que isso nos fez regredir duas d\u00e9cadas em n\u00famero de crian\u00e7as e adolescentes desvinculados da escola&#8221;, afirma.<\/p><\/blockquote>\n\n\n\n<p>Bauer defende que a educa\u00e7\u00e3o remota funciona como uma sa\u00edda em per\u00edodos de pico \u2014 como o enfrentado pelo Brasil atualmente \u2014 mas n\u00e3o substitui a presencial. &#8220;O que essa crise mostra \u00e9 como a educa\u00e7\u00e3o presencial \u00e9 fundamental&#8221;, defende, lembrando os meios limitados que dificultam a educa\u00e7\u00e3o a dist\u00e2ncia no Brasil.<\/p>\n\n\n\n<blockquote class=\"wp-block-quote is-layout-flow wp-block-quote-is-layout-flow\"><p>&#8220;Tem a barreira da falta de acesso \u00e0 internet, da falta de equipamentos, da falta de privacidade&#8221;, diz.<\/p><\/blockquote>\n\n\n\n<h4 class=\"wp-block-heading\">Atividade essencial<\/h4>\n\n\n\n<p>Uma proposta das deputadas Adriana Ventura (Novo-SP), Paula Belmonte (Cidadania-DF) e Aline Sleutjes (PSL-PR) para colocar a educa\u00e7\u00e3o entre os servi\u00e7os essenciais durante a quarentena est\u00e1 em tramita\u00e7\u00e3o na C\u00e2mara dos deputados. O governador de S\u00e3o Paulo, Jo\u00e3o Doria (PSDB), se adiantou e assinou em mar\u00e7o um decreto no mesmo sentido, para a retomada das aulas presenciais, o que acabou gerando press\u00e3o para a reabertura das escolas em um momento cr\u00edtico da pandemia.<br>Para Bauer, a educa\u00e7\u00e3o tem que ser realmente considerada como uma atividade essencial. &#8220;Por isso dizemos que as escolas devem ser as \u00faltimas a fechar e as primeiras a reabrir&#8221;, afirma. Um pico como o que atravessamos justificaria o fechamento das escolas.<\/p>\n\n\n\n<blockquote class=\"wp-block-quote is-layout-flow wp-block-quote-is-layout-flow\"><p>&#8220;Voc\u00ea pode fechar uma vez que todas as medidas foram tomadas. Fecham-se os transportes, as praias, escrit\u00f3rios, restaurantes, bares, e todo o resto. Se tudo isso n\u00e3o der certo, ent\u00e3o talvez seja necess\u00e1rio suspender por um per\u00edodo as atividades presenciais&#8221;, explica.<\/p><\/blockquote>\n\n\n\n<p>N\u00e3o foi o caso no Brasil, onde, durante o ano passado e come\u00e7o deste ano, a maioria dos estados abriu m\u00e3o de confinamentos r\u00edgidos, mas manteve os alunos longe das salas de aula. A expectativa era de uma volta gradual a partir de janeiro, mas o agravamento da pandemia e a lentid\u00e3o na vacina\u00e7\u00e3o impediram a reabertura das escolas.<\/p>\n\n\n\n<h4 class=\"wp-block-heading\">Protocolo<\/h4>\n\n\n\n<p>Bauer tamb\u00e9m sublinha que reabrir as escolas requer o cumprimento de medidas que garantam seguran\u00e7a. &#8220;As escolas devem funcionar com protocolos que incluem distanciamento f\u00edsico, ventila\u00e7\u00e3o, lavagem de m\u00e3os, uso de m\u00e1scaras em todos os momentos. Estas medidas devem ser adaptadas \u00e0 realidade local e \u00e0 situa\u00e7\u00e3o epidemiol\u00f3gica&#8221;.<br>Para isso, a coordena\u00e7\u00e3o e o di\u00e1logo entre professores, alunos, fam\u00edlias e os outros adultos que trabalham na escola e as autoridades de sa\u00fade e educa\u00e7\u00e3o do munic\u00edpio \u00e9 fundamental.<\/p>\n\n\n\n<blockquote class=\"wp-block-quote is-layout-flow wp-block-quote-is-layout-flow\"><p>&#8220;Para sentar juntos e decidir quais s\u00e3o as melhores op\u00e7\u00f5es, adaptadas \u00e0 realidade do lugar&#8221;, explica.<\/p><\/blockquote>\n\n\n\n<p>Todos os pa\u00edses do mundo, em algum momento, fecharam suas institui\u00e7\u00f5es de ensino. Mas a Am\u00e9rica Latina foi a regi\u00e3o com o per\u00edodo mais longo de fechamento. &#8220;A m\u00e9dia no mundo, segundo dados de janeiro, \u00e9 de duas semanas; na Am\u00e9rica Latina essa m\u00e9dia \u00e9 de 30 semanas&#8221;, afirma.<\/p>\n\n\n\n<p><strong><em>Fonte: <a href=\"https:\/\/educacao.uol.com.br\/noticias\/2021\/04\/05\/fechamento-de-escolas-pandemia-fez-brasil-regredir-duas-decadas-diz-unicef.htm\">UOL<\/a><\/em><\/strong><\/p>\n","protected":false},"excerpt":{"rendered":"<p>Brasil foi um dos pa\u00edses onde as escolas ficaram fechadas por mais tempo e, ainda hoje, 18 estados mant\u00eam o ensino apenas de maneira remota Uma das primeiras medidas tomadas por governos de todo o mundo no come\u00e7o da pandemia de covid-19, em mar\u00e7o de 2020, foi o fechamento das escolas. Ap\u00f3s um ano, em [&hellip;]<\/p>\n","protected":false},"author":2,"featured_media":16629,"comment_status":"open","ping_status":"open","sticky":false,"template":"","format":"standard","meta":{"footnotes":""},"categories":[7],"tags":[5112,3413,8360,330,8359],"class_list":["post-16628","post","type-post","status-publish","format-standard","has-post-thumbnail","hentry","category-educacao","tag-ensino-remoto","tag-fechamento-de-escolas","tag-inatividade","tag-pandemia","tag-prejuizo-aos-estudantes"],"yoast_head":"<!-- This site is optimized with the Yoast SEO plugin v26.5 - https:\/\/yoast.com\/wordpress\/plugins\/seo\/ -->\n<title>Unicef: Fechamento de escolas na pandemia fez Brasil regredir duas d\u00e9cadas - Jornal Fatos e Not\u00edcias<\/title>\n<meta name=\"robots\" content=\"index, follow, max-snippet:-1, max-image-preview:large, max-video-preview:-1\" \/>\n<link rel=\"canonical\" href=\"https:\/\/jornalfatosenoticias.com.br\/index.php\/2021\/04\/05\/unicef-fechamento-de-escolas-na-pandemia-fez-brasil-regredir-duas-decadas\/\" \/>\n<meta property=\"og:locale\" content=\"pt_BR\" \/>\n<meta property=\"og:type\" content=\"article\" \/>\n<meta property=\"og:title\" content=\"Unicef: Fechamento de escolas na pandemia fez Brasil regredir duas d\u00e9cadas - Jornal Fatos e Not\u00edcias\" \/>\n<meta property=\"og:description\" content=\"Brasil foi um dos pa\u00edses onde as escolas ficaram fechadas por mais tempo e, ainda hoje, 18 estados mant\u00eam o ensino apenas de maneira remota Uma das primeiras medidas tomadas por governos de todo o mundo no come\u00e7o da pandemia de covid-19, em mar\u00e7o de 2020, foi o fechamento das escolas. Ap\u00f3s um ano, em [&hellip;]\" \/>\n<meta property=\"og:url\" content=\"https:\/\/jornalfatosenoticias.com.br\/index.php\/2021\/04\/05\/unicef-fechamento-de-escolas-na-pandemia-fez-brasil-regredir-duas-decadas\/\" \/>\n<meta property=\"og:site_name\" content=\"Jornal Fatos e Not\u00edcias\" \/>\n<meta property=\"article:published_time\" content=\"2021-04-05T17:45:48+00:00\" \/>\n<meta property=\"article:modified_time\" content=\"2021-04-05T17:45:50+00:00\" \/>\n<meta property=\"og:image\" content=\"https:\/\/jornalfatosenoticias.com.br\/wp-content\/uploads\/2021\/04\/sala-de-aula-educacao-sao-paulo.jpg\" \/>\n\t<meta property=\"og:image:width\" content=\"1000\" \/>\n\t<meta property=\"og:image:height\" content=\"562\" \/>\n\t<meta property=\"og:image:type\" content=\"image\/jpeg\" \/>\n<meta name=\"author\" content=\"Luzimara Fernandes\" \/>\n<meta name=\"twitter:card\" content=\"summary_large_image\" \/>\n<meta name=\"twitter:label1\" content=\"Escrito por\" \/>\n\t<meta name=\"twitter:data1\" content=\"Luzimara Fernandes\" \/>\n\t<meta name=\"twitter:label2\" content=\"Est. tempo de leitura\" \/>\n\t<meta name=\"twitter:data2\" content=\"4 minutos\" \/>\n<script type=\"application\/ld+json\" class=\"yoast-schema-graph\">{\"@context\":\"https:\/\/schema.org\",\"@graph\":[{\"@type\":\"Article\",\"@id\":\"https:\/\/jornalfatosenoticias.com.br\/index.php\/2021\/04\/05\/unicef-fechamento-de-escolas-na-pandemia-fez-brasil-regredir-duas-decadas\/#article\",\"isPartOf\":{\"@id\":\"https:\/\/jornalfatosenoticias.com.br\/index.php\/2021\/04\/05\/unicef-fechamento-de-escolas-na-pandemia-fez-brasil-regredir-duas-decadas\/\"},\"author\":{\"name\":\"Luzimara Fernandes\",\"@id\":\"https:\/\/jornalfatosenoticias.com.br\/#\/schema\/person\/d63837fa13ac8666eb9e74e0985d6f81\"},\"headline\":\"Unicef: Fechamento de escolas na pandemia fez Brasil regredir duas d\u00e9cadas\",\"datePublished\":\"2021-04-05T17:45:48+00:00\",\"dateModified\":\"2021-04-05T17:45:50+00:00\",\"mainEntityOfPage\":{\"@id\":\"https:\/\/jornalfatosenoticias.com.br\/index.php\/2021\/04\/05\/unicef-fechamento-de-escolas-na-pandemia-fez-brasil-regredir-duas-decadas\/\"},\"wordCount\":804,\"commentCount\":0,\"publisher\":{\"@id\":\"https:\/\/jornalfatosenoticias.com.br\/#organization\"},\"image\":{\"@id\":\"https:\/\/jornalfatosenoticias.com.br\/index.php\/2021\/04\/05\/unicef-fechamento-de-escolas-na-pandemia-fez-brasil-regredir-duas-decadas\/#primaryimage\"},\"thumbnailUrl\":\"https:\/\/jornalfatosenoticias.com.br\/wp-content\/uploads\/2021\/04\/sala-de-aula-educacao-sao-paulo.jpg\",\"keywords\":[\"ensino remoto\",\"fechamento de escolas\",\"inatividade\",\"pandemia\",\"preju\u00edzo aos estudantes\"],\"articleSection\":[\"Educa\u00e7\u00e3o\"],\"inLanguage\":\"pt-BR\",\"potentialAction\":[{\"@type\":\"CommentAction\",\"name\":\"Comment\",\"target\":[\"https:\/\/jornalfatosenoticias.com.br\/index.php\/2021\/04\/05\/unicef-fechamento-de-escolas-na-pandemia-fez-brasil-regredir-duas-decadas\/#respond\"]}]},{\"@type\":\"WebPage\",\"@id\":\"https:\/\/jornalfatosenoticias.com.br\/index.php\/2021\/04\/05\/unicef-fechamento-de-escolas-na-pandemia-fez-brasil-regredir-duas-decadas\/\",\"url\":\"https:\/\/jornalfatosenoticias.com.br\/index.php\/2021\/04\/05\/unicef-fechamento-de-escolas-na-pandemia-fez-brasil-regredir-duas-decadas\/\",\"name\":\"Unicef: Fechamento de escolas na pandemia fez Brasil regredir duas d\u00e9cadas - Jornal Fatos e Not\u00edcias\",\"isPartOf\":{\"@id\":\"https:\/\/jornalfatosenoticias.com.br\/#website\"},\"primaryImageOfPage\":{\"@id\":\"https:\/\/jornalfatosenoticias.com.br\/index.php\/2021\/04\/05\/unicef-fechamento-de-escolas-na-pandemia-fez-brasil-regredir-duas-decadas\/#primaryimage\"},\"image\":{\"@id\":\"https:\/\/jornalfatosenoticias.com.br\/index.php\/2021\/04\/05\/unicef-fechamento-de-escolas-na-pandemia-fez-brasil-regredir-duas-decadas\/#primaryimage\"},\"thumbnailUrl\":\"https:\/\/jornalfatosenoticias.com.br\/wp-content\/uploads\/2021\/04\/sala-de-aula-educacao-sao-paulo.jpg\",\"datePublished\":\"2021-04-05T17:45:48+00:00\",\"dateModified\":\"2021-04-05T17:45:50+00:00\",\"breadcrumb\":{\"@id\":\"https:\/\/jornalfatosenoticias.com.br\/index.php\/2021\/04\/05\/unicef-fechamento-de-escolas-na-pandemia-fez-brasil-regredir-duas-decadas\/#breadcrumb\"},\"inLanguage\":\"pt-BR\",\"potentialAction\":[{\"@type\":\"ReadAction\",\"target\":[\"https:\/\/jornalfatosenoticias.com.br\/index.php\/2021\/04\/05\/unicef-fechamento-de-escolas-na-pandemia-fez-brasil-regredir-duas-decadas\/\"]}]},{\"@type\":\"ImageObject\",\"inLanguage\":\"pt-BR\",\"@id\":\"https:\/\/jornalfatosenoticias.com.br\/index.php\/2021\/04\/05\/unicef-fechamento-de-escolas-na-pandemia-fez-brasil-regredir-duas-decadas\/#primaryimage\",\"url\":\"https:\/\/jornalfatosenoticias.com.br\/wp-content\/uploads\/2021\/04\/sala-de-aula-educacao-sao-paulo.jpg\",\"contentUrl\":\"https:\/\/jornalfatosenoticias.com.br\/wp-content\/uploads\/2021\/04\/sala-de-aula-educacao-sao-paulo.jpg\",\"width\":1000,\"height\":562},{\"@type\":\"BreadcrumbList\",\"@id\":\"https:\/\/jornalfatosenoticias.com.br\/index.php\/2021\/04\/05\/unicef-fechamento-de-escolas-na-pandemia-fez-brasil-regredir-duas-decadas\/#breadcrumb\",\"itemListElement\":[{\"@type\":\"ListItem\",\"position\":1,\"name\":\"In\u00edcio\",\"item\":\"https:\/\/jornalfatosenoticias.com.br\/\"},{\"@type\":\"ListItem\",\"position\":2,\"name\":\"Unicef: Fechamento de escolas na pandemia fez Brasil regredir duas d\u00e9cadas\"}]},{\"@type\":\"WebSite\",\"@id\":\"https:\/\/jornalfatosenoticias.com.br\/#website\",\"url\":\"https:\/\/jornalfatosenoticias.com.br\/\",\"name\":\"Jornal Fatos e Not\u00edcias\",\"description\":\"Not\u00edcias em geral\",\"publisher\":{\"@id\":\"https:\/\/jornalfatosenoticias.com.br\/#organization\"},\"potentialAction\":[{\"@type\":\"SearchAction\",\"target\":{\"@type\":\"EntryPoint\",\"urlTemplate\":\"https:\/\/jornalfatosenoticias.com.br\/?s={search_term_string}\"},\"query-input\":{\"@type\":\"PropertyValueSpecification\",\"valueRequired\":true,\"valueName\":\"search_term_string\"}}],\"inLanguage\":\"pt-BR\"},{\"@type\":\"Organization\",\"@id\":\"https:\/\/jornalfatosenoticias.com.br\/#organization\",\"name\":\"Jornal Fatos e Not\u00edcias\",\"url\":\"https:\/\/jornalfatosenoticias.com.br\/\",\"logo\":{\"@type\":\"ImageObject\",\"inLanguage\":\"pt-BR\",\"@id\":\"https:\/\/jornalfatosenoticias.com.br\/#\/schema\/logo\/image\/\",\"url\":\"https:\/\/jornalfatosenoticias.com.br\/wp-content\/uploads\/2020\/02\/logo120.png\",\"contentUrl\":\"https:\/\/jornalfatosenoticias.com.br\/wp-content\/uploads\/2020\/02\/logo120.png\",\"width\":1227,\"height\":120,\"caption\":\"Jornal Fatos e Not\u00edcias\"},\"image\":{\"@id\":\"https:\/\/jornalfatosenoticias.com.br\/#\/schema\/logo\/image\/\"}},{\"@type\":\"Person\",\"@id\":\"https:\/\/jornalfatosenoticias.com.br\/#\/schema\/person\/d63837fa13ac8666eb9e74e0985d6f81\",\"name\":\"Luzimara Fernandes\",\"image\":{\"@type\":\"ImageObject\",\"inLanguage\":\"pt-BR\",\"@id\":\"https:\/\/jornalfatosenoticias.com.br\/#\/schema\/person\/image\/\",\"url\":\"https:\/\/jornalfatosenoticias.com.br\/wp-content\/uploads\/2025\/05\/EU_portal.jpg\",\"contentUrl\":\"https:\/\/jornalfatosenoticias.com.br\/wp-content\/uploads\/2025\/05\/EU_portal.jpg\",\"caption\":\"Luzimara Fernandes\"},\"description\":\"Jornalista MTB 2358-ES\",\"sameAs\":[\"https:\/\/jornalfatosenoticias.com.br\"],\"url\":\"https:\/\/jornalfatosenoticias.com.br\/index.php\/author\/luzimara\/\"}]}<\/script>\n<!-- \/ Yoast SEO plugin. -->","yoast_head_json":{"title":"Unicef: Fechamento de escolas na pandemia fez Brasil regredir duas d\u00e9cadas - Jornal Fatos e Not\u00edcias","robots":{"index":"index","follow":"follow","max-snippet":"max-snippet:-1","max-image-preview":"max-image-preview:large","max-video-preview":"max-video-preview:-1"},"canonical":"https:\/\/jornalfatosenoticias.com.br\/index.php\/2021\/04\/05\/unicef-fechamento-de-escolas-na-pandemia-fez-brasil-regredir-duas-decadas\/","og_locale":"pt_BR","og_type":"article","og_title":"Unicef: Fechamento de escolas na pandemia fez Brasil regredir duas d\u00e9cadas - Jornal Fatos e Not\u00edcias","og_description":"Brasil foi um dos pa\u00edses onde as escolas ficaram fechadas por mais tempo e, ainda hoje, 18 estados mant\u00eam o ensino apenas de maneira remota Uma das primeiras medidas tomadas por governos de todo o mundo no come\u00e7o da pandemia de covid-19, em mar\u00e7o de 2020, foi o fechamento das escolas. Ap\u00f3s um ano, em [&hellip;]","og_url":"https:\/\/jornalfatosenoticias.com.br\/index.php\/2021\/04\/05\/unicef-fechamento-de-escolas-na-pandemia-fez-brasil-regredir-duas-decadas\/","og_site_name":"Jornal Fatos e Not\u00edcias","article_published_time":"2021-04-05T17:45:48+00:00","article_modified_time":"2021-04-05T17:45:50+00:00","og_image":[{"width":1000,"height":562,"url":"https:\/\/jornalfatosenoticias.com.br\/wp-content\/uploads\/2021\/04\/sala-de-aula-educacao-sao-paulo.jpg","type":"image\/jpeg"}],"author":"Luzimara Fernandes","twitter_card":"summary_large_image","twitter_misc":{"Escrito por":"Luzimara Fernandes","Est. tempo de leitura":"4 minutos"},"schema":{"@context":"https:\/\/schema.org","@graph":[{"@type":"Article","@id":"https:\/\/jornalfatosenoticias.com.br\/index.php\/2021\/04\/05\/unicef-fechamento-de-escolas-na-pandemia-fez-brasil-regredir-duas-decadas\/#article","isPartOf":{"@id":"https:\/\/jornalfatosenoticias.com.br\/index.php\/2021\/04\/05\/unicef-fechamento-de-escolas-na-pandemia-fez-brasil-regredir-duas-decadas\/"},"author":{"name":"Luzimara Fernandes","@id":"https:\/\/jornalfatosenoticias.com.br\/#\/schema\/person\/d63837fa13ac8666eb9e74e0985d6f81"},"headline":"Unicef: Fechamento de escolas na pandemia fez Brasil regredir duas d\u00e9cadas","datePublished":"2021-04-05T17:45:48+00:00","dateModified":"2021-04-05T17:45:50+00:00","mainEntityOfPage":{"@id":"https:\/\/jornalfatosenoticias.com.br\/index.php\/2021\/04\/05\/unicef-fechamento-de-escolas-na-pandemia-fez-brasil-regredir-duas-decadas\/"},"wordCount":804,"commentCount":0,"publisher":{"@id":"https:\/\/jornalfatosenoticias.com.br\/#organization"},"image":{"@id":"https:\/\/jornalfatosenoticias.com.br\/index.php\/2021\/04\/05\/unicef-fechamento-de-escolas-na-pandemia-fez-brasil-regredir-duas-decadas\/#primaryimage"},"thumbnailUrl":"https:\/\/jornalfatosenoticias.com.br\/wp-content\/uploads\/2021\/04\/sala-de-aula-educacao-sao-paulo.jpg","keywords":["ensino remoto","fechamento de escolas","inatividade","pandemia","preju\u00edzo aos estudantes"],"articleSection":["Educa\u00e7\u00e3o"],"inLanguage":"pt-BR","potentialAction":[{"@type":"CommentAction","name":"Comment","target":["https:\/\/jornalfatosenoticias.com.br\/index.php\/2021\/04\/05\/unicef-fechamento-de-escolas-na-pandemia-fez-brasil-regredir-duas-decadas\/#respond"]}]},{"@type":"WebPage","@id":"https:\/\/jornalfatosenoticias.com.br\/index.php\/2021\/04\/05\/unicef-fechamento-de-escolas-na-pandemia-fez-brasil-regredir-duas-decadas\/","url":"https:\/\/jornalfatosenoticias.com.br\/index.php\/2021\/04\/05\/unicef-fechamento-de-escolas-na-pandemia-fez-brasil-regredir-duas-decadas\/","name":"Unicef: Fechamento de escolas na pandemia fez Brasil regredir duas d\u00e9cadas - Jornal Fatos e Not\u00edcias","isPartOf":{"@id":"https:\/\/jornalfatosenoticias.com.br\/#website"},"primaryImageOfPage":{"@id":"https:\/\/jornalfatosenoticias.com.br\/index.php\/2021\/04\/05\/unicef-fechamento-de-escolas-na-pandemia-fez-brasil-regredir-duas-decadas\/#primaryimage"},"image":{"@id":"https:\/\/jornalfatosenoticias.com.br\/index.php\/2021\/04\/05\/unicef-fechamento-de-escolas-na-pandemia-fez-brasil-regredir-duas-decadas\/#primaryimage"},"thumbnailUrl":"https:\/\/jornalfatosenoticias.com.br\/wp-content\/uploads\/2021\/04\/sala-de-aula-educacao-sao-paulo.jpg","datePublished":"2021-04-05T17:45:48+00:00","dateModified":"2021-04-05T17:45:50+00:00","breadcrumb":{"@id":"https:\/\/jornalfatosenoticias.com.br\/index.php\/2021\/04\/05\/unicef-fechamento-de-escolas-na-pandemia-fez-brasil-regredir-duas-decadas\/#breadcrumb"},"inLanguage":"pt-BR","potentialAction":[{"@type":"ReadAction","target":["https:\/\/jornalfatosenoticias.com.br\/index.php\/2021\/04\/05\/unicef-fechamento-de-escolas-na-pandemia-fez-brasil-regredir-duas-decadas\/"]}]},{"@type":"ImageObject","inLanguage":"pt-BR","@id":"https:\/\/jornalfatosenoticias.com.br\/index.php\/2021\/04\/05\/unicef-fechamento-de-escolas-na-pandemia-fez-brasil-regredir-duas-decadas\/#primaryimage","url":"https:\/\/jornalfatosenoticias.com.br\/wp-content\/uploads\/2021\/04\/sala-de-aula-educacao-sao-paulo.jpg","contentUrl":"https:\/\/jornalfatosenoticias.com.br\/wp-content\/uploads\/2021\/04\/sala-de-aula-educacao-sao-paulo.jpg","width":1000,"height":562},{"@type":"BreadcrumbList","@id":"https:\/\/jornalfatosenoticias.com.br\/index.php\/2021\/04\/05\/unicef-fechamento-de-escolas-na-pandemia-fez-brasil-regredir-duas-decadas\/#breadcrumb","itemListElement":[{"@type":"ListItem","position":1,"name":"In\u00edcio","item":"https:\/\/jornalfatosenoticias.com.br\/"},{"@type":"ListItem","position":2,"name":"Unicef: Fechamento de escolas na pandemia fez Brasil regredir duas d\u00e9cadas"}]},{"@type":"WebSite","@id":"https:\/\/jornalfatosenoticias.com.br\/#website","url":"https:\/\/jornalfatosenoticias.com.br\/","name":"Jornal Fatos e Not\u00edcias","description":"Not\u00edcias em geral","publisher":{"@id":"https:\/\/jornalfatosenoticias.com.br\/#organization"},"potentialAction":[{"@type":"SearchAction","target":{"@type":"EntryPoint","urlTemplate":"https:\/\/jornalfatosenoticias.com.br\/?s={search_term_string}"},"query-input":{"@type":"PropertyValueSpecification","valueRequired":true,"valueName":"search_term_string"}}],"inLanguage":"pt-BR"},{"@type":"Organization","@id":"https:\/\/jornalfatosenoticias.com.br\/#organization","name":"Jornal Fatos e Not\u00edcias","url":"https:\/\/jornalfatosenoticias.com.br\/","logo":{"@type":"ImageObject","inLanguage":"pt-BR","@id":"https:\/\/jornalfatosenoticias.com.br\/#\/schema\/logo\/image\/","url":"https:\/\/jornalfatosenoticias.com.br\/wp-content\/uploads\/2020\/02\/logo120.png","contentUrl":"https:\/\/jornalfatosenoticias.com.br\/wp-content\/uploads\/2020\/02\/logo120.png","width":1227,"height":120,"caption":"Jornal Fatos e Not\u00edcias"},"image":{"@id":"https:\/\/jornalfatosenoticias.com.br\/#\/schema\/logo\/image\/"}},{"@type":"Person","@id":"https:\/\/jornalfatosenoticias.com.br\/#\/schema\/person\/d63837fa13ac8666eb9e74e0985d6f81","name":"Luzimara Fernandes","image":{"@type":"ImageObject","inLanguage":"pt-BR","@id":"https:\/\/jornalfatosenoticias.com.br\/#\/schema\/person\/image\/","url":"https:\/\/jornalfatosenoticias.com.br\/wp-content\/uploads\/2025\/05\/EU_portal.jpg","contentUrl":"https:\/\/jornalfatosenoticias.com.br\/wp-content\/uploads\/2025\/05\/EU_portal.jpg","caption":"Luzimara Fernandes"},"description":"Jornalista MTB 2358-ES","sameAs":["https:\/\/jornalfatosenoticias.com.br"],"url":"https:\/\/jornalfatosenoticias.com.br\/index.php\/author\/luzimara\/"}]}},"cc_featured_image_caption":{"caption_text":"(Miguel Schincariol\/Getty Images)","source_text":"","source_url":""},"jetpack_featured_media_url":"https:\/\/jornalfatosenoticias.com.br\/wp-content\/uploads\/2021\/04\/sala-de-aula-educacao-sao-paulo.jpg","_links":{"self":[{"href":"https:\/\/jornalfatosenoticias.com.br\/index.php\/wp-json\/wp\/v2\/posts\/16628","targetHints":{"allow":["GET"]}}],"collection":[{"href":"https:\/\/jornalfatosenoticias.com.br\/index.php\/wp-json\/wp\/v2\/posts"}],"about":[{"href":"https:\/\/jornalfatosenoticias.com.br\/index.php\/wp-json\/wp\/v2\/types\/post"}],"author":[{"embeddable":true,"href":"https:\/\/jornalfatosenoticias.com.br\/index.php\/wp-json\/wp\/v2\/users\/2"}],"replies":[{"embeddable":true,"href":"https:\/\/jornalfatosenoticias.com.br\/index.php\/wp-json\/wp\/v2\/comments?post=16628"}],"version-history":[{"count":0,"href":"https:\/\/jornalfatosenoticias.com.br\/index.php\/wp-json\/wp\/v2\/posts\/16628\/revisions"}],"wp:featuredmedia":[{"embeddable":true,"href":"https:\/\/jornalfatosenoticias.com.br\/index.php\/wp-json\/wp\/v2\/media\/16629"}],"wp:attachment":[{"href":"https:\/\/jornalfatosenoticias.com.br\/index.php\/wp-json\/wp\/v2\/media?parent=16628"}],"wp:term":[{"taxonomy":"category","embeddable":true,"href":"https:\/\/jornalfatosenoticias.com.br\/index.php\/wp-json\/wp\/v2\/categories?post=16628"},{"taxonomy":"post_tag","embeddable":true,"href":"https:\/\/jornalfatosenoticias.com.br\/index.php\/wp-json\/wp\/v2\/tags?post=16628"}],"curies":[{"name":"wp","href":"https:\/\/api.w.org\/{rel}","templated":true}]}}