{"id":16679,"date":"2021-04-06T17:48:53","date_gmt":"2021-04-06T20:48:53","guid":{"rendered":"https:\/\/jornalfatosenoticias.com.br\/?p=16679"},"modified":"2021-04-06T17:48:58","modified_gmt":"2021-04-06T20:48:58","slug":"cesan-e-ambiental-serra-ate-quando-a-populacao-arcara-com-os-pessimos-servicos-prestados","status":"publish","type":"post","link":"https:\/\/jornalfatosenoticias.com.br\/index.php\/2021\/04\/06\/cesan-e-ambiental-serra-ate-quando-a-populacao-arcara-com-os-pessimos-servicos-prestados\/","title":{"rendered":"Cesan e Ambiental Serra, at\u00e9 quando a popula\u00e7\u00e3o arcar\u00e1 com os p\u00e9ssimos servi\u00e7os prestados?"},"content":{"rendered":"\n<p>O vereador Anderson Muniz (Podemos) cobra cumprimento do Contrato firmado entre a Companhia Esp\u00edrito-Santense de Saneamento (Cesan) e a PPP Concession\u00e1ria de Saneamento Serra Ambiental S\/A com o munic\u00edpio da Serra. Desde janeiro, o vereador vem realizando v\u00e1rias den\u00fancias na C\u00e2mara referentes ao p\u00e9ssimo servi\u00e7o pela concession\u00e1ria.<br>Em uma dessas fiscaliza\u00e7\u00f5es, Anderson identificou v\u00e1rios pontos de lan\u00e7amento de efluentes na Lagoa do Ba\u00fa, onde ocorreu recentemente o epis\u00f3dio da mortandade de peixes. Neste per\u00edodo, ele solicitou \u00e0 Ambiental Serra S\/A, explica\u00e7\u00f5es a respeito do tratamento de efluentes na cidade e criou o projeto de lei que obriga a Cesan e a Ambiental Serra S\/A a instalarem um servi\u00e7o tecnol\u00f3gico de monitoramento por telemetria.<br>O vereador tem se mostrado incans\u00e1vel na fiscaliza\u00e7\u00e3o e, \u00e0 medida em que se aprofunda, realiza novas descobertas de lan\u00e7amento de esgoto in natura, poluindo recursos h\u00eddricos e reservas naturais da cidade como a Zona de preserva\u00e7\u00e3o Ambiental (ZPA) Cintur\u00e3o Verde, em Cidade Continental, que vem recebendo efluentes derivados de caixas de esgoto extravasadas.<br>Anderson manifesta sua indigna\u00e7\u00e3o em rela\u00e7\u00e3o aos fatos descobertos por ele na presta\u00e7\u00e3o de servi\u00e7os da Cesan e da Ambiental Serra S\/A, pois acha um absurdo devido \u00e0 cobran\u00e7a das taxas de servi\u00e7os do morador serrano, \u201cque n\u00e3o merece pagar por um servi\u00e7o de p\u00e9ssima qualidade\u201d.<br>Como tem sido recorrente nas edi\u00e7\u00f5es do Fatos &amp; Not\u00edcias, no in\u00edcio do ano, as concession\u00e1rias foram denunciadas pelo secret\u00e1rio de Meio Ambiente do munic\u00edpio, Cl\u00e1udio Denicoli, que, em entrevistas, disse que a tecnologia utilizada no tratamento do esgoto pela Cesan \u00e9 obsoleto e ultrapassado e que a empresa cobra 80% de taxa de esgoto sobre o valor de consumo da \u00e1gua, ou seja, taxa de retorno, sem prestar o servi\u00e7o adequado.<\/p>\n\n\n\n<figure class=\"wp-block-image size-large\"><img loading=\"lazy\" decoding=\"async\" width=\"600\" height=\"600\" src=\"https:\/\/jornalfatosenoticias.com.br\/wp-content\/uploads\/2021\/04\/Cesan-e-ambiental-416.jpg\" alt=\"\" class=\"wp-image-16681\" srcset=\"https:\/\/jornalfatosenoticias.com.br\/wp-content\/uploads\/2021\/04\/Cesan-e-ambiental-416.jpg 600w, https:\/\/jornalfatosenoticias.com.br\/wp-content\/uploads\/2021\/04\/Cesan-e-ambiental-416-300x300.jpg 300w, https:\/\/jornalfatosenoticias.com.br\/wp-content\/uploads\/2021\/04\/Cesan-e-ambiental-416-150x150.jpg 150w\" sizes=\"auto, (max-width: 600px) 100vw, 600px\" \/><\/figure>\n\n\n\n<p>Relembre a entrevista pelo link: <a href=\"https:\/\/jornalfatosenoticias.com.br\/index.php\/2021\/01\/26\/a-cesan-e-os-mananciais-da-serra-parte-1\/\">https:\/\/jornalfatosenoticias.com.br\/index.php\/2021\/01\/26\/a-cesan-e-os-mananciais-da-serra-parte-1\/.<\/a><\/p>\n","protected":false},"excerpt":{"rendered":"<p>O vereador Anderson Muniz (Podemos) cobra cumprimento do Contrato firmado entre a Companhia Esp\u00edrito-Santense de Saneamento (Cesan) e a PPP Concession\u00e1ria de Saneamento Serra Ambiental S\/A com o munic\u00edpio da Serra. Desde janeiro, o vereador vem realizando v\u00e1rias den\u00fancias na C\u00e2mara referentes ao p\u00e9ssimo servi\u00e7o pela concession\u00e1ria.Em uma dessas fiscaliza\u00e7\u00f5es, Anderson identificou v\u00e1rios pontos de [&hellip;]<\/p>\n","protected":false},"author":3,"featured_media":16680,"comment_status":"open","ping_status":"open","sticky":false,"template":"","format":"standard","meta":{"footnotes":""},"categories":[10],"tags":[2135,3927,8387],"class_list":["post-16679","post","type-post","status-publish","format-standard","has-post-thumbnail","hentry","category-politica","tag-cesan","tag-esgoto","tag-serra-ambiental"],"yoast_head":"<!-- This site is optimized with the Yoast SEO plugin v26.5 - https:\/\/yoast.com\/wordpress\/plugins\/seo\/ -->\n<title>Cesan e Ambiental Serra, at\u00e9 quando a popula\u00e7\u00e3o arcar\u00e1 com os p\u00e9ssimos servi\u00e7os prestados? - Jornal Fatos e Not\u00edcias<\/title>\n<meta name=\"robots\" content=\"index, follow, max-snippet:-1, max-image-preview:large, max-video-preview:-1\" \/>\n<link rel=\"canonical\" href=\"https:\/\/jornalfatosenoticias.com.br\/index.php\/2021\/04\/06\/cesan-e-ambiental-serra-ate-quando-a-populacao-arcara-com-os-pessimos-servicos-prestados\/\" \/>\n<meta property=\"og:locale\" content=\"pt_BR\" \/>\n<meta property=\"og:type\" content=\"article\" \/>\n<meta property=\"og:title\" content=\"Cesan e Ambiental Serra, at\u00e9 quando a popula\u00e7\u00e3o arcar\u00e1 com os p\u00e9ssimos servi\u00e7os prestados? - Jornal Fatos e Not\u00edcias\" \/>\n<meta property=\"og:description\" content=\"O vereador Anderson Muniz (Podemos) cobra cumprimento do Contrato firmado entre a Companhia Esp\u00edrito-Santense de Saneamento (Cesan) e a PPP Concession\u00e1ria de Saneamento Serra Ambiental S\/A com o munic\u00edpio da Serra. Desde janeiro, o vereador vem realizando v\u00e1rias den\u00fancias na C\u00e2mara referentes ao p\u00e9ssimo servi\u00e7o pela concession\u00e1ria.Em uma dessas fiscaliza\u00e7\u00f5es, Anderson identificou v\u00e1rios pontos de [&hellip;]\" \/>\n<meta property=\"og:url\" content=\"https:\/\/jornalfatosenoticias.com.br\/index.php\/2021\/04\/06\/cesan-e-ambiental-serra-ate-quando-a-populacao-arcara-com-os-pessimos-servicos-prestados\/\" \/>\n<meta property=\"og:site_name\" content=\"Jornal Fatos e Not\u00edcias\" \/>\n<meta property=\"article:published_time\" content=\"2021-04-06T20:48:53+00:00\" \/>\n<meta property=\"article:modified_time\" content=\"2021-04-06T20:48:58+00:00\" \/>\n<meta property=\"og:image\" content=\"https:\/\/jornalfatosenoticias.com.br\/wp-content\/uploads\/2021\/04\/Anderson-Muniz-416.jpg\" \/>\n\t<meta property=\"og:image:width\" content=\"1000\" \/>\n\t<meta property=\"og:image:height\" content=\"985\" \/>\n\t<meta property=\"og:image:type\" content=\"image\/jpeg\" \/>\n<meta name=\"author\" content=\"Haroldo Filho\" \/>\n<meta name=\"twitter:card\" content=\"summary_large_image\" \/>\n<meta name=\"twitter:label1\" content=\"Escrito por\" \/>\n\t<meta name=\"twitter:data1\" content=\"Haroldo Filho\" \/>\n\t<meta name=\"twitter:label2\" content=\"Est. tempo de leitura\" \/>\n\t<meta name=\"twitter:data2\" content=\"2 minutos\" \/>\n<script type=\"application\/ld+json\" class=\"yoast-schema-graph\">{\"@context\":\"https:\/\/schema.org\",\"@graph\":[{\"@type\":\"Article\",\"@id\":\"https:\/\/jornalfatosenoticias.com.br\/index.php\/2021\/04\/06\/cesan-e-ambiental-serra-ate-quando-a-populacao-arcara-com-os-pessimos-servicos-prestados\/#article\",\"isPartOf\":{\"@id\":\"https:\/\/jornalfatosenoticias.com.br\/index.php\/2021\/04\/06\/cesan-e-ambiental-serra-ate-quando-a-populacao-arcara-com-os-pessimos-servicos-prestados\/\"},\"author\":{\"name\":\"Haroldo Filho\",\"@id\":\"https:\/\/jornalfatosenoticias.com.br\/#\/schema\/person\/05c46cc25b42a5c27e004fb0fa6b4965\"},\"headline\":\"Cesan e Ambiental Serra, at\u00e9 quando a popula\u00e7\u00e3o arcar\u00e1 com os p\u00e9ssimos servi\u00e7os prestados?\",\"datePublished\":\"2021-04-06T20:48:53+00:00\",\"dateModified\":\"2021-04-06T20:48:58+00:00\",\"mainEntityOfPage\":{\"@id\":\"https:\/\/jornalfatosenoticias.com.br\/index.php\/2021\/04\/06\/cesan-e-ambiental-serra-ate-quando-a-populacao-arcara-com-os-pessimos-servicos-prestados\/\"},\"wordCount\":353,\"commentCount\":0,\"publisher\":{\"@id\":\"https:\/\/jornalfatosenoticias.com.br\/#organization\"},\"image\":{\"@id\":\"https:\/\/jornalfatosenoticias.com.br\/index.php\/2021\/04\/06\/cesan-e-ambiental-serra-ate-quando-a-populacao-arcara-com-os-pessimos-servicos-prestados\/#primaryimage\"},\"thumbnailUrl\":\"https:\/\/jornalfatosenoticias.com.br\/wp-content\/uploads\/2021\/04\/Anderson-Muniz-416.jpg\",\"keywords\":[\"Cesan\",\"esgoto\",\"Serra Ambiental\"],\"articleSection\":[\"Pol\u00edtica\"],\"inLanguage\":\"pt-BR\",\"potentialAction\":[{\"@type\":\"CommentAction\",\"name\":\"Comment\",\"target\":[\"https:\/\/jornalfatosenoticias.com.br\/index.php\/2021\/04\/06\/cesan-e-ambiental-serra-ate-quando-a-populacao-arcara-com-os-pessimos-servicos-prestados\/#respond\"]}]},{\"@type\":\"WebPage\",\"@id\":\"https:\/\/jornalfatosenoticias.com.br\/index.php\/2021\/04\/06\/cesan-e-ambiental-serra-ate-quando-a-populacao-arcara-com-os-pessimos-servicos-prestados\/\",\"url\":\"https:\/\/jornalfatosenoticias.com.br\/index.php\/2021\/04\/06\/cesan-e-ambiental-serra-ate-quando-a-populacao-arcara-com-os-pessimos-servicos-prestados\/\",\"name\":\"Cesan e Ambiental Serra, at\u00e9 quando a popula\u00e7\u00e3o arcar\u00e1 com os p\u00e9ssimos servi\u00e7os prestados? - Jornal Fatos e Not\u00edcias\",\"isPartOf\":{\"@id\":\"https:\/\/jornalfatosenoticias.com.br\/#website\"},\"primaryImageOfPage\":{\"@id\":\"https:\/\/jornalfatosenoticias.com.br\/index.php\/2021\/04\/06\/cesan-e-ambiental-serra-ate-quando-a-populacao-arcara-com-os-pessimos-servicos-prestados\/#primaryimage\"},\"image\":{\"@id\":\"https:\/\/jornalfatosenoticias.com.br\/index.php\/2021\/04\/06\/cesan-e-ambiental-serra-ate-quando-a-populacao-arcara-com-os-pessimos-servicos-prestados\/#primaryimage\"},\"thumbnailUrl\":\"https:\/\/jornalfatosenoticias.com.br\/wp-content\/uploads\/2021\/04\/Anderson-Muniz-416.jpg\",\"datePublished\":\"2021-04-06T20:48:53+00:00\",\"dateModified\":\"2021-04-06T20:48:58+00:00\",\"breadcrumb\":{\"@id\":\"https:\/\/jornalfatosenoticias.com.br\/index.php\/2021\/04\/06\/cesan-e-ambiental-serra-ate-quando-a-populacao-arcara-com-os-pessimos-servicos-prestados\/#breadcrumb\"},\"inLanguage\":\"pt-BR\",\"potentialAction\":[{\"@type\":\"ReadAction\",\"target\":[\"https:\/\/jornalfatosenoticias.com.br\/index.php\/2021\/04\/06\/cesan-e-ambiental-serra-ate-quando-a-populacao-arcara-com-os-pessimos-servicos-prestados\/\"]}]},{\"@type\":\"ImageObject\",\"inLanguage\":\"pt-BR\",\"@id\":\"https:\/\/jornalfatosenoticias.com.br\/index.php\/2021\/04\/06\/cesan-e-ambiental-serra-ate-quando-a-populacao-arcara-com-os-pessimos-servicos-prestados\/#primaryimage\",\"url\":\"https:\/\/jornalfatosenoticias.com.br\/wp-content\/uploads\/2021\/04\/Anderson-Muniz-416.jpg\",\"contentUrl\":\"https:\/\/jornalfatosenoticias.com.br\/wp-content\/uploads\/2021\/04\/Anderson-Muniz-416.jpg\",\"width\":1000,\"height\":985},{\"@type\":\"BreadcrumbList\",\"@id\":\"https:\/\/jornalfatosenoticias.com.br\/index.php\/2021\/04\/06\/cesan-e-ambiental-serra-ate-quando-a-populacao-arcara-com-os-pessimos-servicos-prestados\/#breadcrumb\",\"itemListElement\":[{\"@type\":\"ListItem\",\"position\":1,\"name\":\"In\u00edcio\",\"item\":\"https:\/\/jornalfatosenoticias.com.br\/\"},{\"@type\":\"ListItem\",\"position\":2,\"name\":\"Cesan e Ambiental Serra, at\u00e9 quando a popula\u00e7\u00e3o arcar\u00e1 com os p\u00e9ssimos servi\u00e7os prestados?\"}]},{\"@type\":\"WebSite\",\"@id\":\"https:\/\/jornalfatosenoticias.com.br\/#website\",\"url\":\"https:\/\/jornalfatosenoticias.com.br\/\",\"name\":\"Jornal Fatos e Not\u00edcias\",\"description\":\"Not\u00edcias em geral\",\"publisher\":{\"@id\":\"https:\/\/jornalfatosenoticias.com.br\/#organization\"},\"potentialAction\":[{\"@type\":\"SearchAction\",\"target\":{\"@type\":\"EntryPoint\",\"urlTemplate\":\"https:\/\/jornalfatosenoticias.com.br\/?s={search_term_string}\"},\"query-input\":{\"@type\":\"PropertyValueSpecification\",\"valueRequired\":true,\"valueName\":\"search_term_string\"}}],\"inLanguage\":\"pt-BR\"},{\"@type\":\"Organization\",\"@id\":\"https:\/\/jornalfatosenoticias.com.br\/#organization\",\"name\":\"Jornal Fatos e Not\u00edcias\",\"url\":\"https:\/\/jornalfatosenoticias.com.br\/\",\"logo\":{\"@type\":\"ImageObject\",\"inLanguage\":\"pt-BR\",\"@id\":\"https:\/\/jornalfatosenoticias.com.br\/#\/schema\/logo\/image\/\",\"url\":\"https:\/\/jornalfatosenoticias.com.br\/wp-content\/uploads\/2020\/02\/logo120.png\",\"contentUrl\":\"https:\/\/jornalfatosenoticias.com.br\/wp-content\/uploads\/2020\/02\/logo120.png\",\"width\":1227,\"height\":120,\"caption\":\"Jornal Fatos e Not\u00edcias\"},\"image\":{\"@id\":\"https:\/\/jornalfatosenoticias.com.br\/#\/schema\/logo\/image\/\"}},{\"@type\":\"Person\",\"@id\":\"https:\/\/jornalfatosenoticias.com.br\/#\/schema\/person\/05c46cc25b42a5c27e004fb0fa6b4965\",\"name\":\"Haroldo Filho\",\"image\":{\"@type\":\"ImageObject\",\"inLanguage\":\"pt-BR\",\"@id\":\"https:\/\/jornalfatosenoticias.com.br\/#\/schema\/person\/image\/\",\"url\":\"https:\/\/jornalfatosenoticias.com.br\/wp-content\/uploads\/2025\/08\/WhatsApp-Image-2025-08-18-at-15.30.28-150x150.jpeg\",\"contentUrl\":\"https:\/\/jornalfatosenoticias.com.br\/wp-content\/uploads\/2025\/08\/WhatsApp-Image-2025-08-18-at-15.30.28-150x150.jpeg\",\"caption\":\"Haroldo Filho\"},\"description\":\"Jornalista \u2013 DRT: 0003818\/ES Coordenador-geral da ONG Educar para Crescer\",\"url\":\"https:\/\/jornalfatosenoticias.com.br\/index.php\/author\/haroldo\/\"}]}<\/script>\n<!-- \/ Yoast SEO plugin. -->","yoast_head_json":{"title":"Cesan e Ambiental Serra, at\u00e9 quando a popula\u00e7\u00e3o arcar\u00e1 com os p\u00e9ssimos servi\u00e7os prestados? - Jornal Fatos e Not\u00edcias","robots":{"index":"index","follow":"follow","max-snippet":"max-snippet:-1","max-image-preview":"max-image-preview:large","max-video-preview":"max-video-preview:-1"},"canonical":"https:\/\/jornalfatosenoticias.com.br\/index.php\/2021\/04\/06\/cesan-e-ambiental-serra-ate-quando-a-populacao-arcara-com-os-pessimos-servicos-prestados\/","og_locale":"pt_BR","og_type":"article","og_title":"Cesan e Ambiental Serra, at\u00e9 quando a popula\u00e7\u00e3o arcar\u00e1 com os p\u00e9ssimos servi\u00e7os prestados? - Jornal Fatos e Not\u00edcias","og_description":"O vereador Anderson Muniz (Podemos) cobra cumprimento do Contrato firmado entre a Companhia Esp\u00edrito-Santense de Saneamento (Cesan) e a PPP Concession\u00e1ria de Saneamento Serra Ambiental S\/A com o munic\u00edpio da Serra. Desde janeiro, o vereador vem realizando v\u00e1rias den\u00fancias na C\u00e2mara referentes ao p\u00e9ssimo servi\u00e7o pela concession\u00e1ria.Em uma dessas fiscaliza\u00e7\u00f5es, Anderson identificou v\u00e1rios pontos de [&hellip;]","og_url":"https:\/\/jornalfatosenoticias.com.br\/index.php\/2021\/04\/06\/cesan-e-ambiental-serra-ate-quando-a-populacao-arcara-com-os-pessimos-servicos-prestados\/","og_site_name":"Jornal Fatos e Not\u00edcias","article_published_time":"2021-04-06T20:48:53+00:00","article_modified_time":"2021-04-06T20:48:58+00:00","og_image":[{"width":1000,"height":985,"url":"https:\/\/jornalfatosenoticias.com.br\/wp-content\/uploads\/2021\/04\/Anderson-Muniz-416.jpg","type":"image\/jpeg"}],"author":"Haroldo Filho","twitter_card":"summary_large_image","twitter_misc":{"Escrito por":"Haroldo Filho","Est. tempo de leitura":"2 minutos"},"schema":{"@context":"https:\/\/schema.org","@graph":[{"@type":"Article","@id":"https:\/\/jornalfatosenoticias.com.br\/index.php\/2021\/04\/06\/cesan-e-ambiental-serra-ate-quando-a-populacao-arcara-com-os-pessimos-servicos-prestados\/#article","isPartOf":{"@id":"https:\/\/jornalfatosenoticias.com.br\/index.php\/2021\/04\/06\/cesan-e-ambiental-serra-ate-quando-a-populacao-arcara-com-os-pessimos-servicos-prestados\/"},"author":{"name":"Haroldo Filho","@id":"https:\/\/jornalfatosenoticias.com.br\/#\/schema\/person\/05c46cc25b42a5c27e004fb0fa6b4965"},"headline":"Cesan e Ambiental Serra, at\u00e9 quando a popula\u00e7\u00e3o arcar\u00e1 com os p\u00e9ssimos servi\u00e7os prestados?","datePublished":"2021-04-06T20:48:53+00:00","dateModified":"2021-04-06T20:48:58+00:00","mainEntityOfPage":{"@id":"https:\/\/jornalfatosenoticias.com.br\/index.php\/2021\/04\/06\/cesan-e-ambiental-serra-ate-quando-a-populacao-arcara-com-os-pessimos-servicos-prestados\/"},"wordCount":353,"commentCount":0,"publisher":{"@id":"https:\/\/jornalfatosenoticias.com.br\/#organization"},"image":{"@id":"https:\/\/jornalfatosenoticias.com.br\/index.php\/2021\/04\/06\/cesan-e-ambiental-serra-ate-quando-a-populacao-arcara-com-os-pessimos-servicos-prestados\/#primaryimage"},"thumbnailUrl":"https:\/\/jornalfatosenoticias.com.br\/wp-content\/uploads\/2021\/04\/Anderson-Muniz-416.jpg","keywords":["Cesan","esgoto","Serra Ambiental"],"articleSection":["Pol\u00edtica"],"inLanguage":"pt-BR","potentialAction":[{"@type":"CommentAction","name":"Comment","target":["https:\/\/jornalfatosenoticias.com.br\/index.php\/2021\/04\/06\/cesan-e-ambiental-serra-ate-quando-a-populacao-arcara-com-os-pessimos-servicos-prestados\/#respond"]}]},{"@type":"WebPage","@id":"https:\/\/jornalfatosenoticias.com.br\/index.php\/2021\/04\/06\/cesan-e-ambiental-serra-ate-quando-a-populacao-arcara-com-os-pessimos-servicos-prestados\/","url":"https:\/\/jornalfatosenoticias.com.br\/index.php\/2021\/04\/06\/cesan-e-ambiental-serra-ate-quando-a-populacao-arcara-com-os-pessimos-servicos-prestados\/","name":"Cesan e Ambiental Serra, at\u00e9 quando a popula\u00e7\u00e3o arcar\u00e1 com os p\u00e9ssimos servi\u00e7os prestados? - Jornal Fatos e Not\u00edcias","isPartOf":{"@id":"https:\/\/jornalfatosenoticias.com.br\/#website"},"primaryImageOfPage":{"@id":"https:\/\/jornalfatosenoticias.com.br\/index.php\/2021\/04\/06\/cesan-e-ambiental-serra-ate-quando-a-populacao-arcara-com-os-pessimos-servicos-prestados\/#primaryimage"},"image":{"@id":"https:\/\/jornalfatosenoticias.com.br\/index.php\/2021\/04\/06\/cesan-e-ambiental-serra-ate-quando-a-populacao-arcara-com-os-pessimos-servicos-prestados\/#primaryimage"},"thumbnailUrl":"https:\/\/jornalfatosenoticias.com.br\/wp-content\/uploads\/2021\/04\/Anderson-Muniz-416.jpg","datePublished":"2021-04-06T20:48:53+00:00","dateModified":"2021-04-06T20:48:58+00:00","breadcrumb":{"@id":"https:\/\/jornalfatosenoticias.com.br\/index.php\/2021\/04\/06\/cesan-e-ambiental-serra-ate-quando-a-populacao-arcara-com-os-pessimos-servicos-prestados\/#breadcrumb"},"inLanguage":"pt-BR","potentialAction":[{"@type":"ReadAction","target":["https:\/\/jornalfatosenoticias.com.br\/index.php\/2021\/04\/06\/cesan-e-ambiental-serra-ate-quando-a-populacao-arcara-com-os-pessimos-servicos-prestados\/"]}]},{"@type":"ImageObject","inLanguage":"pt-BR","@id":"https:\/\/jornalfatosenoticias.com.br\/index.php\/2021\/04\/06\/cesan-e-ambiental-serra-ate-quando-a-populacao-arcara-com-os-pessimos-servicos-prestados\/#primaryimage","url":"https:\/\/jornalfatosenoticias.com.br\/wp-content\/uploads\/2021\/04\/Anderson-Muniz-416.jpg","contentUrl":"https:\/\/jornalfatosenoticias.com.br\/wp-content\/uploads\/2021\/04\/Anderson-Muniz-416.jpg","width":1000,"height":985},{"@type":"BreadcrumbList","@id":"https:\/\/jornalfatosenoticias.com.br\/index.php\/2021\/04\/06\/cesan-e-ambiental-serra-ate-quando-a-populacao-arcara-com-os-pessimos-servicos-prestados\/#breadcrumb","itemListElement":[{"@type":"ListItem","position":1,"name":"In\u00edcio","item":"https:\/\/jornalfatosenoticias.com.br\/"},{"@type":"ListItem","position":2,"name":"Cesan e Ambiental Serra, at\u00e9 quando a popula\u00e7\u00e3o arcar\u00e1 com os p\u00e9ssimos servi\u00e7os prestados?"}]},{"@type":"WebSite","@id":"https:\/\/jornalfatosenoticias.com.br\/#website","url":"https:\/\/jornalfatosenoticias.com.br\/","name":"Jornal Fatos e Not\u00edcias","description":"Not\u00edcias em geral","publisher":{"@id":"https:\/\/jornalfatosenoticias.com.br\/#organization"},"potentialAction":[{"@type":"SearchAction","target":{"@type":"EntryPoint","urlTemplate":"https:\/\/jornalfatosenoticias.com.br\/?s={search_term_string}"},"query-input":{"@type":"PropertyValueSpecification","valueRequired":true,"valueName":"search_term_string"}}],"inLanguage":"pt-BR"},{"@type":"Organization","@id":"https:\/\/jornalfatosenoticias.com.br\/#organization","name":"Jornal Fatos e Not\u00edcias","url":"https:\/\/jornalfatosenoticias.com.br\/","logo":{"@type":"ImageObject","inLanguage":"pt-BR","@id":"https:\/\/jornalfatosenoticias.com.br\/#\/schema\/logo\/image\/","url":"https:\/\/jornalfatosenoticias.com.br\/wp-content\/uploads\/2020\/02\/logo120.png","contentUrl":"https:\/\/jornalfatosenoticias.com.br\/wp-content\/uploads\/2020\/02\/logo120.png","width":1227,"height":120,"caption":"Jornal Fatos e Not\u00edcias"},"image":{"@id":"https:\/\/jornalfatosenoticias.com.br\/#\/schema\/logo\/image\/"}},{"@type":"Person","@id":"https:\/\/jornalfatosenoticias.com.br\/#\/schema\/person\/05c46cc25b42a5c27e004fb0fa6b4965","name":"Haroldo Filho","image":{"@type":"ImageObject","inLanguage":"pt-BR","@id":"https:\/\/jornalfatosenoticias.com.br\/#\/schema\/person\/image\/","url":"https:\/\/jornalfatosenoticias.com.br\/wp-content\/uploads\/2025\/08\/WhatsApp-Image-2025-08-18-at-15.30.28-150x150.jpeg","contentUrl":"https:\/\/jornalfatosenoticias.com.br\/wp-content\/uploads\/2025\/08\/WhatsApp-Image-2025-08-18-at-15.30.28-150x150.jpeg","caption":"Haroldo Filho"},"description":"Jornalista \u2013 DRT: 0003818\/ES Coordenador-geral da ONG Educar para Crescer","url":"https:\/\/jornalfatosenoticias.com.br\/index.php\/author\/haroldo\/"}]}},"cc_featured_image_caption":{"caption_text":" (Assessoria de Comunica\u00e7\u00e3o)","source_text":"","source_url":""},"jetpack_featured_media_url":"https:\/\/jornalfatosenoticias.com.br\/wp-content\/uploads\/2021\/04\/Anderson-Muniz-416.jpg","_links":{"self":[{"href":"https:\/\/jornalfatosenoticias.com.br\/index.php\/wp-json\/wp\/v2\/posts\/16679","targetHints":{"allow":["GET"]}}],"collection":[{"href":"https:\/\/jornalfatosenoticias.com.br\/index.php\/wp-json\/wp\/v2\/posts"}],"about":[{"href":"https:\/\/jornalfatosenoticias.com.br\/index.php\/wp-json\/wp\/v2\/types\/post"}],"author":[{"embeddable":true,"href":"https:\/\/jornalfatosenoticias.com.br\/index.php\/wp-json\/wp\/v2\/users\/3"}],"replies":[{"embeddable":true,"href":"https:\/\/jornalfatosenoticias.com.br\/index.php\/wp-json\/wp\/v2\/comments?post=16679"}],"version-history":[{"count":0,"href":"https:\/\/jornalfatosenoticias.com.br\/index.php\/wp-json\/wp\/v2\/posts\/16679\/revisions"}],"wp:featuredmedia":[{"embeddable":true,"href":"https:\/\/jornalfatosenoticias.com.br\/index.php\/wp-json\/wp\/v2\/media\/16680"}],"wp:attachment":[{"href":"https:\/\/jornalfatosenoticias.com.br\/index.php\/wp-json\/wp\/v2\/media?parent=16679"}],"wp:term":[{"taxonomy":"category","embeddable":true,"href":"https:\/\/jornalfatosenoticias.com.br\/index.php\/wp-json\/wp\/v2\/categories?post=16679"},{"taxonomy":"post_tag","embeddable":true,"href":"https:\/\/jornalfatosenoticias.com.br\/index.php\/wp-json\/wp\/v2\/tags?post=16679"}],"curies":[{"name":"wp","href":"https:\/\/api.w.org\/{rel}","templated":true}]}}