{"id":16688,"date":"2021-04-06T18:00:41","date_gmt":"2021-04-06T21:00:41","guid":{"rendered":"https:\/\/jornalfatosenoticias.com.br\/?p=16688"},"modified":"2021-04-06T18:00:43","modified_gmt":"2021-04-06T21:00:43","slug":"mulheres-tiebele-decoram-casas-de-barro-em-burkina-faso","status":"publish","type":"post","link":"https:\/\/jornalfatosenoticias.com.br\/index.php\/2021\/04\/06\/mulheres-tiebele-decoram-casas-de-barro-em-burkina-faso\/","title":{"rendered":"Mulheres Ti\u00e9b\u00e9l\u00e9 decoram casas de barro em Burkina Faso"},"content":{"rendered":"\n<p><em>Casas ricamente decoradas s\u00e3o constru\u00eddas com barro, palha e madeira e ajudam a proteger moradores do calor e invas\u00f5es<\/em><\/p>\n\n\n\n<p>Burkina Faso \u00e9 um pa\u00eds extremamente pobre da \u00c1frica Ocidental e, em contraste com a situa\u00e7\u00e3o econ\u00f4mica, tem uma cultura forte e muito rica. Prova disso est\u00e1 na pequena vila Ti\u00e9b\u00e9l\u00e9, perto da fronteira com Gana.<br>Ti\u00e9b\u00e9l\u00e9 \u00e9 a morada do povo Kassena ou Gourounsi, conhecido pela impressionante arquitetura tradicional, com casas de barro que chamam a aten\u00e7\u00e3o pelas paredes decoradas pelas mulheres da comunidade, desde o s\u00e9culo XVI.<\/p>\n\n\n\n<figure class=\"wp-block-image size-large\"><img loading=\"lazy\" decoding=\"async\" width=\"1000\" height=\"666\" src=\"https:\/\/jornalfatosenoticias.com.br\/wp-content\/uploads\/2021\/04\/casa-de-barro-2.jpg\" alt=\"\" class=\"wp-image-16689\" srcset=\"https:\/\/jornalfatosenoticias.com.br\/wp-content\/uploads\/2021\/04\/casa-de-barro-2.jpg 1000w, https:\/\/jornalfatosenoticias.com.br\/wp-content\/uploads\/2021\/04\/casa-de-barro-2-300x200.jpg 300w, https:\/\/jornalfatosenoticias.com.br\/wp-content\/uploads\/2021\/04\/casa-de-barro-2-768x511.jpg 768w\" sizes=\"auto, (max-width: 1000px) 100vw, 1000px\" \/><figcaption><em>(Foto: Rita Willaert)<\/em><\/figcaption><\/figure>\n\n\n\n<p>As mat\u00e9rias-primas usadas na constru\u00e7\u00e3o das casas s\u00e3o encontradas no pr\u00f3prio local: terra, madeira e palha. Originalmente a terra era misturada com \u00e1gua e esterco de vaca e ganhava uma consist\u00eancia ideal para que fosse moldada em paredes quase verticais. Hoje, os Gourounsi constroem suas paredes de barro e esterco de vaca, usando tamb\u00e9m funda\u00e7\u00f5es apoiadas em grandes pedras.<br>As paredes das casas s\u00e3o grossas, com cerca de 30 cm de espessura e n\u00e3o existem janelas, a n\u00e3o ser uma ou duas pequenas aberturas para a entrada de luz. Isso se d\u00e1 ao fato de que o foco dos construtores est\u00e1 em se protegerem do sol e do calor e tamb\u00e9m de poss\u00edveis inimigos e invas\u00f5es.<\/p>\n\n\n\n<figure class=\"wp-block-image size-large\"><img loading=\"lazy\" decoding=\"async\" width=\"1000\" height=\"666\" src=\"https:\/\/jornalfatosenoticias.com.br\/wp-content\/uploads\/2021\/04\/casa-de-barro-3.jpg\" alt=\"\" class=\"wp-image-16690\" srcset=\"https:\/\/jornalfatosenoticias.com.br\/wp-content\/uploads\/2021\/04\/casa-de-barro-3.jpg 1000w, https:\/\/jornalfatosenoticias.com.br\/wp-content\/uploads\/2021\/04\/casa-de-barro-3-300x200.jpg 300w, https:\/\/jornalfatosenoticias.com.br\/wp-content\/uploads\/2021\/04\/casa-de-barro-3-768x511.jpg 768w\" sizes=\"auto, (max-width: 1000px) 100vw, 1000px\" \/><figcaption><em>(Foto: Rita Willaert)<\/em><\/figcaption><\/figure>\n\n\n\n<p>O que d\u00e1 uma identidade \u00fanica \u00e0s casas \u00e9 o que acontece depois que a estrutura est\u00e1 em p\u00e9: a pintura cheia de detalhes feita com lama colorida e giz branco pelas mulheres.<br>Os desenhos e s\u00edmbolos v\u00eam da religi\u00e3o e tradi\u00e7\u00f5es dos Gourounsi. Depois de pintadas, as paredes s\u00e3o finalizadas com capricho usando pedras para polir cada cor separadamente para que n\u00e3o desbotem. Para finalizar, um verniz feito \u00e0 base de vagens de n\u00e9r\u00e9, \u00e1rvore de alfarroba africana, \u00e9 aplicado em toda a superf\u00edcie.<\/p>\n\n\n\n<figure class=\"wp-block-image size-large\"><img loading=\"lazy\" decoding=\"async\" width=\"1000\" height=\"708\" src=\"https:\/\/jornalfatosenoticias.com.br\/wp-content\/uploads\/2021\/04\/casa-de-barro-4.jpg\" alt=\"\" class=\"wp-image-16691\" srcset=\"https:\/\/jornalfatosenoticias.com.br\/wp-content\/uploads\/2021\/04\/casa-de-barro-4.jpg 1000w, https:\/\/jornalfatosenoticias.com.br\/wp-content\/uploads\/2021\/04\/casa-de-barro-4-300x212.jpg 300w, https:\/\/jornalfatosenoticias.com.br\/wp-content\/uploads\/2021\/04\/casa-de-barro-4-768x544.jpg 768w\" sizes=\"auto, (max-width: 1000px) 100vw, 1000px\" \/><figcaption><em>(Foto: Rita Willaert)<\/em><\/figcaption><\/figure>\n\n\n\n<p>Al\u00e9m de decorar as casas, este processo ajuda a proteger as paredes, sendo realizado antes da esta\u00e7\u00e3o chuvosa. Gra\u00e7as \u00e0s mat\u00e9rias-primas, \u00e0 compacta\u00e7\u00e3o e ao revestimento das paredes com verniz, as casa se tornam mais resistentes \u00e0 chuvas e ajudam a proteger seus moradores do calor e de poss\u00edveis invas\u00f5es por muito tempo.<\/p>\n\n\n\n<p><strong><em>Fonte:<a href=\"https:\/\/ciclovivo.com.br\/arq-urb\/arquitetura\/mulheres-tiebele-decoram-casas-de-barro-em-burkina-faso\/\"> CicloVivo<\/a><\/em><\/strong><\/p>\n","protected":false},"excerpt":{"rendered":"<p>Casas ricamente decoradas s\u00e3o constru\u00eddas com barro, palha e madeira e ajudam a proteger moradores do calor e invas\u00f5es Burkina Faso \u00e9 um pa\u00eds extremamente pobre da \u00c1frica Ocidental e, em contraste com a situa\u00e7\u00e3o econ\u00f4mica, tem uma cultura forte e muito rica. Prova disso est\u00e1 na pequena vila Ti\u00e9b\u00e9l\u00e9, perto da fronteira com Gana.Ti\u00e9b\u00e9l\u00e9 [&hellip;]<\/p>\n","protected":false},"author":2,"featured_media":16692,"comment_status":"open","ping_status":"open","sticky":false,"template":"","format":"standard","meta":{"footnotes":""},"categories":[41],"tags":[8388,8389,8391,8390,2188,8392],"class_list":["post-16688","post","type-post","status-publish","format-standard","has-post-thumbnail","hentry","category-internacional","tag-burkina-faso","tag-casas-de-barro","tag-casas-de-madeira","tag-casas-de-palha","tag-decoracao","tag-mulheres-tiebele"],"yoast_head":"<!-- This site is optimized with the Yoast SEO plugin v26.5 - https:\/\/yoast.com\/wordpress\/plugins\/seo\/ -->\n<title>Mulheres Ti\u00e9b\u00e9l\u00e9 decoram casas de barro em Burkina Faso - Jornal Fatos e Not\u00edcias<\/title>\n<meta name=\"robots\" content=\"index, follow, max-snippet:-1, max-image-preview:large, max-video-preview:-1\" \/>\n<link rel=\"canonical\" href=\"https:\/\/jornalfatosenoticias.com.br\/index.php\/2021\/04\/06\/mulheres-tiebele-decoram-casas-de-barro-em-burkina-faso\/\" \/>\n<meta property=\"og:locale\" content=\"pt_BR\" \/>\n<meta property=\"og:type\" content=\"article\" \/>\n<meta property=\"og:title\" content=\"Mulheres Ti\u00e9b\u00e9l\u00e9 decoram casas de barro em Burkina Faso - Jornal Fatos e Not\u00edcias\" \/>\n<meta property=\"og:description\" content=\"Casas ricamente decoradas s\u00e3o constru\u00eddas com barro, palha e madeira e ajudam a proteger moradores do calor e invas\u00f5es Burkina Faso \u00e9 um pa\u00eds extremamente pobre da \u00c1frica Ocidental e, em contraste com a situa\u00e7\u00e3o econ\u00f4mica, tem uma cultura forte e muito rica. Prova disso est\u00e1 na pequena vila Ti\u00e9b\u00e9l\u00e9, perto da fronteira com Gana.Ti\u00e9b\u00e9l\u00e9 [&hellip;]\" \/>\n<meta property=\"og:url\" content=\"https:\/\/jornalfatosenoticias.com.br\/index.php\/2021\/04\/06\/mulheres-tiebele-decoram-casas-de-barro-em-burkina-faso\/\" \/>\n<meta property=\"og:site_name\" content=\"Jornal Fatos e Not\u00edcias\" \/>\n<meta property=\"article:published_time\" content=\"2021-04-06T21:00:41+00:00\" \/>\n<meta property=\"article:modified_time\" content=\"2021-04-06T21:00:43+00:00\" \/>\n<meta property=\"og:image\" content=\"https:\/\/jornalfatosenoticias.com.br\/wp-content\/uploads\/2021\/04\/casa-de-barro-burqkina-faso1.jpg\" \/>\n\t<meta property=\"og:image:width\" content=\"1000\" \/>\n\t<meta property=\"og:image:height\" content=\"666\" \/>\n\t<meta property=\"og:image:type\" content=\"image\/jpeg\" \/>\n<meta name=\"author\" content=\"Luzimara Fernandes\" \/>\n<meta name=\"twitter:card\" content=\"summary_large_image\" \/>\n<meta name=\"twitter:label1\" content=\"Escrito por\" \/>\n\t<meta name=\"twitter:data1\" content=\"Luzimara Fernandes\" \/>\n\t<meta name=\"twitter:label2\" content=\"Est. tempo de leitura\" \/>\n\t<meta name=\"twitter:data2\" content=\"2 minutos\" \/>\n<script type=\"application\/ld+json\" class=\"yoast-schema-graph\">{\"@context\":\"https:\/\/schema.org\",\"@graph\":[{\"@type\":\"Article\",\"@id\":\"https:\/\/jornalfatosenoticias.com.br\/index.php\/2021\/04\/06\/mulheres-tiebele-decoram-casas-de-barro-em-burkina-faso\/#article\",\"isPartOf\":{\"@id\":\"https:\/\/jornalfatosenoticias.com.br\/index.php\/2021\/04\/06\/mulheres-tiebele-decoram-casas-de-barro-em-burkina-faso\/\"},\"author\":{\"name\":\"Luzimara Fernandes\",\"@id\":\"https:\/\/jornalfatosenoticias.com.br\/#\/schema\/person\/d63837fa13ac8666eb9e74e0985d6f81\"},\"headline\":\"Mulheres Ti\u00e9b\u00e9l\u00e9 decoram casas de barro em Burkina Faso\",\"datePublished\":\"2021-04-06T21:00:41+00:00\",\"dateModified\":\"2021-04-06T21:00:43+00:00\",\"mainEntityOfPage\":{\"@id\":\"https:\/\/jornalfatosenoticias.com.br\/index.php\/2021\/04\/06\/mulheres-tiebele-decoram-casas-de-barro-em-burkina-faso\/\"},\"wordCount\":396,\"commentCount\":0,\"publisher\":{\"@id\":\"https:\/\/jornalfatosenoticias.com.br\/#organization\"},\"image\":{\"@id\":\"https:\/\/jornalfatosenoticias.com.br\/index.php\/2021\/04\/06\/mulheres-tiebele-decoram-casas-de-barro-em-burkina-faso\/#primaryimage\"},\"thumbnailUrl\":\"https:\/\/jornalfatosenoticias.com.br\/wp-content\/uploads\/2021\/04\/casa-de-barro-burqkina-faso1.jpg\",\"keywords\":[\"Burkina Faso\",\"casas de barro\",\"casas de madeira\",\"casas de palha\",\"decora\u00e7\u00e3o\",\"mulheres Ti\u00e9b\u00e9l\u00e9\"],\"articleSection\":[\"Internacional\"],\"inLanguage\":\"pt-BR\",\"potentialAction\":[{\"@type\":\"CommentAction\",\"name\":\"Comment\",\"target\":[\"https:\/\/jornalfatosenoticias.com.br\/index.php\/2021\/04\/06\/mulheres-tiebele-decoram-casas-de-barro-em-burkina-faso\/#respond\"]}]},{\"@type\":\"WebPage\",\"@id\":\"https:\/\/jornalfatosenoticias.com.br\/index.php\/2021\/04\/06\/mulheres-tiebele-decoram-casas-de-barro-em-burkina-faso\/\",\"url\":\"https:\/\/jornalfatosenoticias.com.br\/index.php\/2021\/04\/06\/mulheres-tiebele-decoram-casas-de-barro-em-burkina-faso\/\",\"name\":\"Mulheres Ti\u00e9b\u00e9l\u00e9 decoram casas de barro em Burkina Faso - Jornal Fatos e Not\u00edcias\",\"isPartOf\":{\"@id\":\"https:\/\/jornalfatosenoticias.com.br\/#website\"},\"primaryImageOfPage\":{\"@id\":\"https:\/\/jornalfatosenoticias.com.br\/index.php\/2021\/04\/06\/mulheres-tiebele-decoram-casas-de-barro-em-burkina-faso\/#primaryimage\"},\"image\":{\"@id\":\"https:\/\/jornalfatosenoticias.com.br\/index.php\/2021\/04\/06\/mulheres-tiebele-decoram-casas-de-barro-em-burkina-faso\/#primaryimage\"},\"thumbnailUrl\":\"https:\/\/jornalfatosenoticias.com.br\/wp-content\/uploads\/2021\/04\/casa-de-barro-burqkina-faso1.jpg\",\"datePublished\":\"2021-04-06T21:00:41+00:00\",\"dateModified\":\"2021-04-06T21:00:43+00:00\",\"breadcrumb\":{\"@id\":\"https:\/\/jornalfatosenoticias.com.br\/index.php\/2021\/04\/06\/mulheres-tiebele-decoram-casas-de-barro-em-burkina-faso\/#breadcrumb\"},\"inLanguage\":\"pt-BR\",\"potentialAction\":[{\"@type\":\"ReadAction\",\"target\":[\"https:\/\/jornalfatosenoticias.com.br\/index.php\/2021\/04\/06\/mulheres-tiebele-decoram-casas-de-barro-em-burkina-faso\/\"]}]},{\"@type\":\"ImageObject\",\"inLanguage\":\"pt-BR\",\"@id\":\"https:\/\/jornalfatosenoticias.com.br\/index.php\/2021\/04\/06\/mulheres-tiebele-decoram-casas-de-barro-em-burkina-faso\/#primaryimage\",\"url\":\"https:\/\/jornalfatosenoticias.com.br\/wp-content\/uploads\/2021\/04\/casa-de-barro-burqkina-faso1.jpg\",\"contentUrl\":\"https:\/\/jornalfatosenoticias.com.br\/wp-content\/uploads\/2021\/04\/casa-de-barro-burqkina-faso1.jpg\",\"width\":1000,\"height\":666},{\"@type\":\"BreadcrumbList\",\"@id\":\"https:\/\/jornalfatosenoticias.com.br\/index.php\/2021\/04\/06\/mulheres-tiebele-decoram-casas-de-barro-em-burkina-faso\/#breadcrumb\",\"itemListElement\":[{\"@type\":\"ListItem\",\"position\":1,\"name\":\"In\u00edcio\",\"item\":\"https:\/\/jornalfatosenoticias.com.br\/\"},{\"@type\":\"ListItem\",\"position\":2,\"name\":\"Mulheres Ti\u00e9b\u00e9l\u00e9 decoram casas de barro em Burkina Faso\"}]},{\"@type\":\"WebSite\",\"@id\":\"https:\/\/jornalfatosenoticias.com.br\/#website\",\"url\":\"https:\/\/jornalfatosenoticias.com.br\/\",\"name\":\"Jornal Fatos e Not\u00edcias\",\"description\":\"Not\u00edcias em geral\",\"publisher\":{\"@id\":\"https:\/\/jornalfatosenoticias.com.br\/#organization\"},\"potentialAction\":[{\"@type\":\"SearchAction\",\"target\":{\"@type\":\"EntryPoint\",\"urlTemplate\":\"https:\/\/jornalfatosenoticias.com.br\/?s={search_term_string}\"},\"query-input\":{\"@type\":\"PropertyValueSpecification\",\"valueRequired\":true,\"valueName\":\"search_term_string\"}}],\"inLanguage\":\"pt-BR\"},{\"@type\":\"Organization\",\"@id\":\"https:\/\/jornalfatosenoticias.com.br\/#organization\",\"name\":\"Jornal Fatos e Not\u00edcias\",\"url\":\"https:\/\/jornalfatosenoticias.com.br\/\",\"logo\":{\"@type\":\"ImageObject\",\"inLanguage\":\"pt-BR\",\"@id\":\"https:\/\/jornalfatosenoticias.com.br\/#\/schema\/logo\/image\/\",\"url\":\"https:\/\/jornalfatosenoticias.com.br\/wp-content\/uploads\/2020\/02\/logo120.png\",\"contentUrl\":\"https:\/\/jornalfatosenoticias.com.br\/wp-content\/uploads\/2020\/02\/logo120.png\",\"width\":1227,\"height\":120,\"caption\":\"Jornal Fatos e Not\u00edcias\"},\"image\":{\"@id\":\"https:\/\/jornalfatosenoticias.com.br\/#\/schema\/logo\/image\/\"}},{\"@type\":\"Person\",\"@id\":\"https:\/\/jornalfatosenoticias.com.br\/#\/schema\/person\/d63837fa13ac8666eb9e74e0985d6f81\",\"name\":\"Luzimara Fernandes\",\"image\":{\"@type\":\"ImageObject\",\"inLanguage\":\"pt-BR\",\"@id\":\"https:\/\/jornalfatosenoticias.com.br\/#\/schema\/person\/image\/\",\"url\":\"https:\/\/jornalfatosenoticias.com.br\/wp-content\/uploads\/2025\/05\/EU_portal.jpg\",\"contentUrl\":\"https:\/\/jornalfatosenoticias.com.br\/wp-content\/uploads\/2025\/05\/EU_portal.jpg\",\"caption\":\"Luzimara Fernandes\"},\"description\":\"Jornalista MTB 2358-ES\",\"sameAs\":[\"https:\/\/jornalfatosenoticias.com.br\"],\"url\":\"https:\/\/jornalfatosenoticias.com.br\/index.php\/author\/luzimara\/\"}]}<\/script>\n<!-- \/ Yoast SEO plugin. -->","yoast_head_json":{"title":"Mulheres Ti\u00e9b\u00e9l\u00e9 decoram casas de barro em Burkina Faso - Jornal Fatos e Not\u00edcias","robots":{"index":"index","follow":"follow","max-snippet":"max-snippet:-1","max-image-preview":"max-image-preview:large","max-video-preview":"max-video-preview:-1"},"canonical":"https:\/\/jornalfatosenoticias.com.br\/index.php\/2021\/04\/06\/mulheres-tiebele-decoram-casas-de-barro-em-burkina-faso\/","og_locale":"pt_BR","og_type":"article","og_title":"Mulheres Ti\u00e9b\u00e9l\u00e9 decoram casas de barro em Burkina Faso - Jornal Fatos e Not\u00edcias","og_description":"Casas ricamente decoradas s\u00e3o constru\u00eddas com barro, palha e madeira e ajudam a proteger moradores do calor e invas\u00f5es Burkina Faso \u00e9 um pa\u00eds extremamente pobre da \u00c1frica Ocidental e, em contraste com a situa\u00e7\u00e3o econ\u00f4mica, tem uma cultura forte e muito rica. Prova disso est\u00e1 na pequena vila Ti\u00e9b\u00e9l\u00e9, perto da fronteira com Gana.Ti\u00e9b\u00e9l\u00e9 [&hellip;]","og_url":"https:\/\/jornalfatosenoticias.com.br\/index.php\/2021\/04\/06\/mulheres-tiebele-decoram-casas-de-barro-em-burkina-faso\/","og_site_name":"Jornal Fatos e Not\u00edcias","article_published_time":"2021-04-06T21:00:41+00:00","article_modified_time":"2021-04-06T21:00:43+00:00","og_image":[{"width":1000,"height":666,"url":"https:\/\/jornalfatosenoticias.com.br\/wp-content\/uploads\/2021\/04\/casa-de-barro-burqkina-faso1.jpg","type":"image\/jpeg"}],"author":"Luzimara Fernandes","twitter_card":"summary_large_image","twitter_misc":{"Escrito por":"Luzimara Fernandes","Est. tempo de leitura":"2 minutos"},"schema":{"@context":"https:\/\/schema.org","@graph":[{"@type":"Article","@id":"https:\/\/jornalfatosenoticias.com.br\/index.php\/2021\/04\/06\/mulheres-tiebele-decoram-casas-de-barro-em-burkina-faso\/#article","isPartOf":{"@id":"https:\/\/jornalfatosenoticias.com.br\/index.php\/2021\/04\/06\/mulheres-tiebele-decoram-casas-de-barro-em-burkina-faso\/"},"author":{"name":"Luzimara Fernandes","@id":"https:\/\/jornalfatosenoticias.com.br\/#\/schema\/person\/d63837fa13ac8666eb9e74e0985d6f81"},"headline":"Mulheres Ti\u00e9b\u00e9l\u00e9 decoram casas de barro em Burkina Faso","datePublished":"2021-04-06T21:00:41+00:00","dateModified":"2021-04-06T21:00:43+00:00","mainEntityOfPage":{"@id":"https:\/\/jornalfatosenoticias.com.br\/index.php\/2021\/04\/06\/mulheres-tiebele-decoram-casas-de-barro-em-burkina-faso\/"},"wordCount":396,"commentCount":0,"publisher":{"@id":"https:\/\/jornalfatosenoticias.com.br\/#organization"},"image":{"@id":"https:\/\/jornalfatosenoticias.com.br\/index.php\/2021\/04\/06\/mulheres-tiebele-decoram-casas-de-barro-em-burkina-faso\/#primaryimage"},"thumbnailUrl":"https:\/\/jornalfatosenoticias.com.br\/wp-content\/uploads\/2021\/04\/casa-de-barro-burqkina-faso1.jpg","keywords":["Burkina Faso","casas de barro","casas de madeira","casas de palha","decora\u00e7\u00e3o","mulheres Ti\u00e9b\u00e9l\u00e9"],"articleSection":["Internacional"],"inLanguage":"pt-BR","potentialAction":[{"@type":"CommentAction","name":"Comment","target":["https:\/\/jornalfatosenoticias.com.br\/index.php\/2021\/04\/06\/mulheres-tiebele-decoram-casas-de-barro-em-burkina-faso\/#respond"]}]},{"@type":"WebPage","@id":"https:\/\/jornalfatosenoticias.com.br\/index.php\/2021\/04\/06\/mulheres-tiebele-decoram-casas-de-barro-em-burkina-faso\/","url":"https:\/\/jornalfatosenoticias.com.br\/index.php\/2021\/04\/06\/mulheres-tiebele-decoram-casas-de-barro-em-burkina-faso\/","name":"Mulheres Ti\u00e9b\u00e9l\u00e9 decoram casas de barro em Burkina Faso - Jornal Fatos e Not\u00edcias","isPartOf":{"@id":"https:\/\/jornalfatosenoticias.com.br\/#website"},"primaryImageOfPage":{"@id":"https:\/\/jornalfatosenoticias.com.br\/index.php\/2021\/04\/06\/mulheres-tiebele-decoram-casas-de-barro-em-burkina-faso\/#primaryimage"},"image":{"@id":"https:\/\/jornalfatosenoticias.com.br\/index.php\/2021\/04\/06\/mulheres-tiebele-decoram-casas-de-barro-em-burkina-faso\/#primaryimage"},"thumbnailUrl":"https:\/\/jornalfatosenoticias.com.br\/wp-content\/uploads\/2021\/04\/casa-de-barro-burqkina-faso1.jpg","datePublished":"2021-04-06T21:00:41+00:00","dateModified":"2021-04-06T21:00:43+00:00","breadcrumb":{"@id":"https:\/\/jornalfatosenoticias.com.br\/index.php\/2021\/04\/06\/mulheres-tiebele-decoram-casas-de-barro-em-burkina-faso\/#breadcrumb"},"inLanguage":"pt-BR","potentialAction":[{"@type":"ReadAction","target":["https:\/\/jornalfatosenoticias.com.br\/index.php\/2021\/04\/06\/mulheres-tiebele-decoram-casas-de-barro-em-burkina-faso\/"]}]},{"@type":"ImageObject","inLanguage":"pt-BR","@id":"https:\/\/jornalfatosenoticias.com.br\/index.php\/2021\/04\/06\/mulheres-tiebele-decoram-casas-de-barro-em-burkina-faso\/#primaryimage","url":"https:\/\/jornalfatosenoticias.com.br\/wp-content\/uploads\/2021\/04\/casa-de-barro-burqkina-faso1.jpg","contentUrl":"https:\/\/jornalfatosenoticias.com.br\/wp-content\/uploads\/2021\/04\/casa-de-barro-burqkina-faso1.jpg","width":1000,"height":666},{"@type":"BreadcrumbList","@id":"https:\/\/jornalfatosenoticias.com.br\/index.php\/2021\/04\/06\/mulheres-tiebele-decoram-casas-de-barro-em-burkina-faso\/#breadcrumb","itemListElement":[{"@type":"ListItem","position":1,"name":"In\u00edcio","item":"https:\/\/jornalfatosenoticias.com.br\/"},{"@type":"ListItem","position":2,"name":"Mulheres Ti\u00e9b\u00e9l\u00e9 decoram casas de barro em Burkina Faso"}]},{"@type":"WebSite","@id":"https:\/\/jornalfatosenoticias.com.br\/#website","url":"https:\/\/jornalfatosenoticias.com.br\/","name":"Jornal Fatos e Not\u00edcias","description":"Not\u00edcias em geral","publisher":{"@id":"https:\/\/jornalfatosenoticias.com.br\/#organization"},"potentialAction":[{"@type":"SearchAction","target":{"@type":"EntryPoint","urlTemplate":"https:\/\/jornalfatosenoticias.com.br\/?s={search_term_string}"},"query-input":{"@type":"PropertyValueSpecification","valueRequired":true,"valueName":"search_term_string"}}],"inLanguage":"pt-BR"},{"@type":"Organization","@id":"https:\/\/jornalfatosenoticias.com.br\/#organization","name":"Jornal Fatos e Not\u00edcias","url":"https:\/\/jornalfatosenoticias.com.br\/","logo":{"@type":"ImageObject","inLanguage":"pt-BR","@id":"https:\/\/jornalfatosenoticias.com.br\/#\/schema\/logo\/image\/","url":"https:\/\/jornalfatosenoticias.com.br\/wp-content\/uploads\/2020\/02\/logo120.png","contentUrl":"https:\/\/jornalfatosenoticias.com.br\/wp-content\/uploads\/2020\/02\/logo120.png","width":1227,"height":120,"caption":"Jornal Fatos e Not\u00edcias"},"image":{"@id":"https:\/\/jornalfatosenoticias.com.br\/#\/schema\/logo\/image\/"}},{"@type":"Person","@id":"https:\/\/jornalfatosenoticias.com.br\/#\/schema\/person\/d63837fa13ac8666eb9e74e0985d6f81","name":"Luzimara Fernandes","image":{"@type":"ImageObject","inLanguage":"pt-BR","@id":"https:\/\/jornalfatosenoticias.com.br\/#\/schema\/person\/image\/","url":"https:\/\/jornalfatosenoticias.com.br\/wp-content\/uploads\/2025\/05\/EU_portal.jpg","contentUrl":"https:\/\/jornalfatosenoticias.com.br\/wp-content\/uploads\/2025\/05\/EU_portal.jpg","caption":"Luzimara Fernandes"},"description":"Jornalista MTB 2358-ES","sameAs":["https:\/\/jornalfatosenoticias.com.br"],"url":"https:\/\/jornalfatosenoticias.com.br\/index.php\/author\/luzimara\/"}]}},"cc_featured_image_caption":{"caption_text":"(Foto: Rita Willaert) ","source_text":"","source_url":""},"jetpack_featured_media_url":"https:\/\/jornalfatosenoticias.com.br\/wp-content\/uploads\/2021\/04\/casa-de-barro-burqkina-faso1.jpg","_links":{"self":[{"href":"https:\/\/jornalfatosenoticias.com.br\/index.php\/wp-json\/wp\/v2\/posts\/16688","targetHints":{"allow":["GET"]}}],"collection":[{"href":"https:\/\/jornalfatosenoticias.com.br\/index.php\/wp-json\/wp\/v2\/posts"}],"about":[{"href":"https:\/\/jornalfatosenoticias.com.br\/index.php\/wp-json\/wp\/v2\/types\/post"}],"author":[{"embeddable":true,"href":"https:\/\/jornalfatosenoticias.com.br\/index.php\/wp-json\/wp\/v2\/users\/2"}],"replies":[{"embeddable":true,"href":"https:\/\/jornalfatosenoticias.com.br\/index.php\/wp-json\/wp\/v2\/comments?post=16688"}],"version-history":[{"count":0,"href":"https:\/\/jornalfatosenoticias.com.br\/index.php\/wp-json\/wp\/v2\/posts\/16688\/revisions"}],"wp:featuredmedia":[{"embeddable":true,"href":"https:\/\/jornalfatosenoticias.com.br\/index.php\/wp-json\/wp\/v2\/media\/16692"}],"wp:attachment":[{"href":"https:\/\/jornalfatosenoticias.com.br\/index.php\/wp-json\/wp\/v2\/media?parent=16688"}],"wp:term":[{"taxonomy":"category","embeddable":true,"href":"https:\/\/jornalfatosenoticias.com.br\/index.php\/wp-json\/wp\/v2\/categories?post=16688"},{"taxonomy":"post_tag","embeddable":true,"href":"https:\/\/jornalfatosenoticias.com.br\/index.php\/wp-json\/wp\/v2\/tags?post=16688"}],"curies":[{"name":"wp","href":"https:\/\/api.w.org\/{rel}","templated":true}]}}