{"id":16701,"date":"2021-04-06T18:13:14","date_gmt":"2021-04-06T21:13:14","guid":{"rendered":"https:\/\/jornalfatosenoticias.com.br\/?p=16701"},"modified":"2021-04-06T18:13:18","modified_gmt":"2021-04-06T21:13:18","slug":"projeto-de-amparo-aos-pequenos-empreendedores-da-serra","status":"publish","type":"post","link":"https:\/\/jornalfatosenoticias.com.br\/index.php\/2021\/04\/06\/projeto-de-amparo-aos-pequenos-empreendedores-da-serra\/","title":{"rendered":"Projeto de amparo aos pequenos empreendedores da Serra"},"content":{"rendered":"\n<p>Vereadores protocolaram, em 19 de mar\u00e7o deste ano, o Projeto Indicativo de Lei n\u00ba 65, de autoria da vereadora Raphaela Moraes (Rede), que visa amenizar os impactos econ\u00f4micos dos microempreendedores, dos Empreendedores Individuais, Feirantes, Taxista e Permission\u00e1rios do munic\u00edpio e popula\u00e7\u00e3o da linha da pobreza e extrema pobreza.<br>Segundo ela, o projeto prop\u00f5e complementar as a\u00e7\u00f5es de pol\u00edticas p\u00fablicas e sociais em raz\u00e3o da grande crise de sa\u00fade, ocasionada pela pandemia da covid-19, que provoca impactos econ\u00f4micos severos de curto prazo com o colapso parcial ou total da produ\u00e7\u00e3o dos pequenos empres\u00e1rios.<br>Justifica ainda que, a poss\u00edvel destrui\u00e7\u00e3o de empregos, fal\u00eancia em massa das pequenas empresas e a piora nas condi\u00e7\u00f5es financeiras da economia podem fazer com que o choque tempor\u00e1rio tenha consequ\u00eancias permanentes.<br>Coautores: Igor Elson, Anderson Muniz, Prof. Rurdiney, Dr. Willian Miranda e Rodrigo Ca\u00e7ulo.<\/p>\n\n\n\n<figure class=\"wp-block-image size-large\"><img loading=\"lazy\" decoding=\"async\" width=\"1000\" height=\"666\" src=\"https:\/\/jornalfatosenoticias.com.br\/wp-content\/uploads\/2021\/04\/Feirantes-416.jpg\" alt=\"\" class=\"wp-image-16702\" srcset=\"https:\/\/jornalfatosenoticias.com.br\/wp-content\/uploads\/2021\/04\/Feirantes-416.jpg 1000w, https:\/\/jornalfatosenoticias.com.br\/wp-content\/uploads\/2021\/04\/Feirantes-416-300x200.jpg 300w, https:\/\/jornalfatosenoticias.com.br\/wp-content\/uploads\/2021\/04\/Feirantes-416-768x511.jpg 768w\" sizes=\"auto, (max-width: 1000px) 100vw, 1000px\" \/><figcaption><em>Projeto vai atender empreendedores como feirantes (Foto: Blog Sansuy)<\/em><\/figcaption><\/figure>\n\n\n\n<p><em><strong>Foto de capa: <\/strong>Site da vereadora<\/em><\/p>\n","protected":false},"excerpt":{"rendered":"<p>Vereadores protocolaram, em 19 de mar\u00e7o deste ano, o Projeto Indicativo de Lei n\u00ba 65, de autoria da vereadora Raphaela Moraes (Rede), que visa amenizar os impactos econ\u00f4micos dos microempreendedores, dos Empreendedores Individuais, Feirantes, Taxista e Permission\u00e1rios do munic\u00edpio e popula\u00e7\u00e3o da linha da pobreza e extrema pobreza.Segundo ela, o projeto prop\u00f5e complementar as a\u00e7\u00f5es [&hellip;]<\/p>\n","protected":false},"author":3,"featured_media":16703,"comment_status":"open","ping_status":"open","sticky":false,"template":"","format":"standard","meta":{"footnotes":""},"categories":[10],"tags":[4360,1890,8396,910],"class_list":["post-16701","post","type-post","status-publish","format-standard","has-post-thumbnail","hentry","category-politica","tag-empreendedorismo","tag-feirantes","tag-projeto-de-amparo-aos-pequenos-empreendedores","tag-serra"],"yoast_head":"<!-- This site is optimized with the Yoast SEO plugin v26.5 - https:\/\/yoast.com\/wordpress\/plugins\/seo\/ -->\n<title>Projeto de amparo aos pequenos empreendedores da Serra - Jornal Fatos e Not\u00edcias<\/title>\n<meta name=\"robots\" content=\"index, follow, max-snippet:-1, max-image-preview:large, max-video-preview:-1\" \/>\n<link rel=\"canonical\" href=\"https:\/\/jornalfatosenoticias.com.br\/index.php\/2021\/04\/06\/projeto-de-amparo-aos-pequenos-empreendedores-da-serra\/\" \/>\n<meta property=\"og:locale\" content=\"pt_BR\" \/>\n<meta property=\"og:type\" content=\"article\" \/>\n<meta property=\"og:title\" content=\"Projeto de amparo aos pequenos empreendedores da Serra - Jornal Fatos e Not\u00edcias\" \/>\n<meta property=\"og:description\" content=\"Vereadores protocolaram, em 19 de mar\u00e7o deste ano, o Projeto Indicativo de Lei n\u00ba 65, de autoria da vereadora Raphaela Moraes (Rede), que visa amenizar os impactos econ\u00f4micos dos microempreendedores, dos Empreendedores Individuais, Feirantes, Taxista e Permission\u00e1rios do munic\u00edpio e popula\u00e7\u00e3o da linha da pobreza e extrema pobreza.Segundo ela, o projeto prop\u00f5e complementar as a\u00e7\u00f5es [&hellip;]\" \/>\n<meta property=\"og:url\" content=\"https:\/\/jornalfatosenoticias.com.br\/index.php\/2021\/04\/06\/projeto-de-amparo-aos-pequenos-empreendedores-da-serra\/\" \/>\n<meta property=\"og:site_name\" content=\"Jornal Fatos e Not\u00edcias\" \/>\n<meta property=\"article:published_time\" content=\"2021-04-06T21:13:14+00:00\" \/>\n<meta property=\"article:modified_time\" content=\"2021-04-06T21:13:18+00:00\" \/>\n<meta property=\"og:image\" content=\"https:\/\/jornalfatosenoticias.com.br\/wp-content\/uploads\/2021\/04\/Raphaela-416-CCC.jpg\" \/>\n\t<meta property=\"og:image:width\" content=\"1000\" \/>\n\t<meta property=\"og:image:height\" content=\"683\" \/>\n\t<meta property=\"og:image:type\" content=\"image\/jpeg\" \/>\n<meta name=\"author\" content=\"Haroldo Filho\" \/>\n<meta name=\"twitter:card\" content=\"summary_large_image\" \/>\n<meta name=\"twitter:label1\" content=\"Escrito por\" \/>\n\t<meta name=\"twitter:data1\" content=\"Haroldo Filho\" \/>\n\t<meta name=\"twitter:label2\" content=\"Est. tempo de leitura\" \/>\n\t<meta name=\"twitter:data2\" content=\"1 minuto\" \/>\n<script type=\"application\/ld+json\" class=\"yoast-schema-graph\">{\"@context\":\"https:\/\/schema.org\",\"@graph\":[{\"@type\":\"Article\",\"@id\":\"https:\/\/jornalfatosenoticias.com.br\/index.php\/2021\/04\/06\/projeto-de-amparo-aos-pequenos-empreendedores-da-serra\/#article\",\"isPartOf\":{\"@id\":\"https:\/\/jornalfatosenoticias.com.br\/index.php\/2021\/04\/06\/projeto-de-amparo-aos-pequenos-empreendedores-da-serra\/\"},\"author\":{\"name\":\"Haroldo Filho\",\"@id\":\"https:\/\/jornalfatosenoticias.com.br\/#\/schema\/person\/05c46cc25b42a5c27e004fb0fa6b4965\"},\"headline\":\"Projeto de amparo aos pequenos empreendedores da Serra\",\"datePublished\":\"2021-04-06T21:13:14+00:00\",\"dateModified\":\"2021-04-06T21:13:18+00:00\",\"mainEntityOfPage\":{\"@id\":\"https:\/\/jornalfatosenoticias.com.br\/index.php\/2021\/04\/06\/projeto-de-amparo-aos-pequenos-empreendedores-da-serra\/\"},\"wordCount\":179,\"commentCount\":0,\"publisher\":{\"@id\":\"https:\/\/jornalfatosenoticias.com.br\/#organization\"},\"image\":{\"@id\":\"https:\/\/jornalfatosenoticias.com.br\/index.php\/2021\/04\/06\/projeto-de-amparo-aos-pequenos-empreendedores-da-serra\/#primaryimage\"},\"thumbnailUrl\":\"https:\/\/jornalfatosenoticias.com.br\/wp-content\/uploads\/2021\/04\/Raphaela-416-CCC.jpg\",\"keywords\":[\"empreendedorismo\",\"feirantes\",\"projeto de amparo aos pequenos empreendedores\",\"Serra\"],\"articleSection\":[\"Pol\u00edtica\"],\"inLanguage\":\"pt-BR\",\"potentialAction\":[{\"@type\":\"CommentAction\",\"name\":\"Comment\",\"target\":[\"https:\/\/jornalfatosenoticias.com.br\/index.php\/2021\/04\/06\/projeto-de-amparo-aos-pequenos-empreendedores-da-serra\/#respond\"]}]},{\"@type\":\"WebPage\",\"@id\":\"https:\/\/jornalfatosenoticias.com.br\/index.php\/2021\/04\/06\/projeto-de-amparo-aos-pequenos-empreendedores-da-serra\/\",\"url\":\"https:\/\/jornalfatosenoticias.com.br\/index.php\/2021\/04\/06\/projeto-de-amparo-aos-pequenos-empreendedores-da-serra\/\",\"name\":\"Projeto de amparo aos pequenos empreendedores da Serra - Jornal Fatos e Not\u00edcias\",\"isPartOf\":{\"@id\":\"https:\/\/jornalfatosenoticias.com.br\/#website\"},\"primaryImageOfPage\":{\"@id\":\"https:\/\/jornalfatosenoticias.com.br\/index.php\/2021\/04\/06\/projeto-de-amparo-aos-pequenos-empreendedores-da-serra\/#primaryimage\"},\"image\":{\"@id\":\"https:\/\/jornalfatosenoticias.com.br\/index.php\/2021\/04\/06\/projeto-de-amparo-aos-pequenos-empreendedores-da-serra\/#primaryimage\"},\"thumbnailUrl\":\"https:\/\/jornalfatosenoticias.com.br\/wp-content\/uploads\/2021\/04\/Raphaela-416-CCC.jpg\",\"datePublished\":\"2021-04-06T21:13:14+00:00\",\"dateModified\":\"2021-04-06T21:13:18+00:00\",\"breadcrumb\":{\"@id\":\"https:\/\/jornalfatosenoticias.com.br\/index.php\/2021\/04\/06\/projeto-de-amparo-aos-pequenos-empreendedores-da-serra\/#breadcrumb\"},\"inLanguage\":\"pt-BR\",\"potentialAction\":[{\"@type\":\"ReadAction\",\"target\":[\"https:\/\/jornalfatosenoticias.com.br\/index.php\/2021\/04\/06\/projeto-de-amparo-aos-pequenos-empreendedores-da-serra\/\"]}]},{\"@type\":\"ImageObject\",\"inLanguage\":\"pt-BR\",\"@id\":\"https:\/\/jornalfatosenoticias.com.br\/index.php\/2021\/04\/06\/projeto-de-amparo-aos-pequenos-empreendedores-da-serra\/#primaryimage\",\"url\":\"https:\/\/jornalfatosenoticias.com.br\/wp-content\/uploads\/2021\/04\/Raphaela-416-CCC.jpg\",\"contentUrl\":\"https:\/\/jornalfatosenoticias.com.br\/wp-content\/uploads\/2021\/04\/Raphaela-416-CCC.jpg\",\"width\":1000,\"height\":683},{\"@type\":\"BreadcrumbList\",\"@id\":\"https:\/\/jornalfatosenoticias.com.br\/index.php\/2021\/04\/06\/projeto-de-amparo-aos-pequenos-empreendedores-da-serra\/#breadcrumb\",\"itemListElement\":[{\"@type\":\"ListItem\",\"position\":1,\"name\":\"In\u00edcio\",\"item\":\"https:\/\/jornalfatosenoticias.com.br\/\"},{\"@type\":\"ListItem\",\"position\":2,\"name\":\"Projeto de amparo aos pequenos empreendedores da Serra\"}]},{\"@type\":\"WebSite\",\"@id\":\"https:\/\/jornalfatosenoticias.com.br\/#website\",\"url\":\"https:\/\/jornalfatosenoticias.com.br\/\",\"name\":\"Jornal Fatos e Not\u00edcias\",\"description\":\"Not\u00edcias em geral\",\"publisher\":{\"@id\":\"https:\/\/jornalfatosenoticias.com.br\/#organization\"},\"potentialAction\":[{\"@type\":\"SearchAction\",\"target\":{\"@type\":\"EntryPoint\",\"urlTemplate\":\"https:\/\/jornalfatosenoticias.com.br\/?s={search_term_string}\"},\"query-input\":{\"@type\":\"PropertyValueSpecification\",\"valueRequired\":true,\"valueName\":\"search_term_string\"}}],\"inLanguage\":\"pt-BR\"},{\"@type\":\"Organization\",\"@id\":\"https:\/\/jornalfatosenoticias.com.br\/#organization\",\"name\":\"Jornal Fatos e Not\u00edcias\",\"url\":\"https:\/\/jornalfatosenoticias.com.br\/\",\"logo\":{\"@type\":\"ImageObject\",\"inLanguage\":\"pt-BR\",\"@id\":\"https:\/\/jornalfatosenoticias.com.br\/#\/schema\/logo\/image\/\",\"url\":\"https:\/\/jornalfatosenoticias.com.br\/wp-content\/uploads\/2020\/02\/logo120.png\",\"contentUrl\":\"https:\/\/jornalfatosenoticias.com.br\/wp-content\/uploads\/2020\/02\/logo120.png\",\"width\":1227,\"height\":120,\"caption\":\"Jornal Fatos e Not\u00edcias\"},\"image\":{\"@id\":\"https:\/\/jornalfatosenoticias.com.br\/#\/schema\/logo\/image\/\"}},{\"@type\":\"Person\",\"@id\":\"https:\/\/jornalfatosenoticias.com.br\/#\/schema\/person\/05c46cc25b42a5c27e004fb0fa6b4965\",\"name\":\"Haroldo Filho\",\"image\":{\"@type\":\"ImageObject\",\"inLanguage\":\"pt-BR\",\"@id\":\"https:\/\/jornalfatosenoticias.com.br\/#\/schema\/person\/image\/\",\"url\":\"https:\/\/jornalfatosenoticias.com.br\/wp-content\/uploads\/2025\/08\/WhatsApp-Image-2025-08-18-at-15.30.28-150x150.jpeg\",\"contentUrl\":\"https:\/\/jornalfatosenoticias.com.br\/wp-content\/uploads\/2025\/08\/WhatsApp-Image-2025-08-18-at-15.30.28-150x150.jpeg\",\"caption\":\"Haroldo Filho\"},\"description\":\"Jornalista \u2013 DRT: 0003818\/ES Coordenador-geral da ONG Educar para Crescer\",\"url\":\"https:\/\/jornalfatosenoticias.com.br\/index.php\/author\/haroldo\/\"}]}<\/script>\n<!-- \/ Yoast SEO plugin. -->","yoast_head_json":{"title":"Projeto de amparo aos pequenos empreendedores da Serra - Jornal Fatos e Not\u00edcias","robots":{"index":"index","follow":"follow","max-snippet":"max-snippet:-1","max-image-preview":"max-image-preview:large","max-video-preview":"max-video-preview:-1"},"canonical":"https:\/\/jornalfatosenoticias.com.br\/index.php\/2021\/04\/06\/projeto-de-amparo-aos-pequenos-empreendedores-da-serra\/","og_locale":"pt_BR","og_type":"article","og_title":"Projeto de amparo aos pequenos empreendedores da Serra - Jornal Fatos e Not\u00edcias","og_description":"Vereadores protocolaram, em 19 de mar\u00e7o deste ano, o Projeto Indicativo de Lei n\u00ba 65, de autoria da vereadora Raphaela Moraes (Rede), que visa amenizar os impactos econ\u00f4micos dos microempreendedores, dos Empreendedores Individuais, Feirantes, Taxista e Permission\u00e1rios do munic\u00edpio e popula\u00e7\u00e3o da linha da pobreza e extrema pobreza.Segundo ela, o projeto prop\u00f5e complementar as a\u00e7\u00f5es [&hellip;]","og_url":"https:\/\/jornalfatosenoticias.com.br\/index.php\/2021\/04\/06\/projeto-de-amparo-aos-pequenos-empreendedores-da-serra\/","og_site_name":"Jornal Fatos e Not\u00edcias","article_published_time":"2021-04-06T21:13:14+00:00","article_modified_time":"2021-04-06T21:13:18+00:00","og_image":[{"width":1000,"height":683,"url":"https:\/\/jornalfatosenoticias.com.br\/wp-content\/uploads\/2021\/04\/Raphaela-416-CCC.jpg","type":"image\/jpeg"}],"author":"Haroldo Filho","twitter_card":"summary_large_image","twitter_misc":{"Escrito por":"Haroldo Filho","Est. tempo de leitura":"1 minuto"},"schema":{"@context":"https:\/\/schema.org","@graph":[{"@type":"Article","@id":"https:\/\/jornalfatosenoticias.com.br\/index.php\/2021\/04\/06\/projeto-de-amparo-aos-pequenos-empreendedores-da-serra\/#article","isPartOf":{"@id":"https:\/\/jornalfatosenoticias.com.br\/index.php\/2021\/04\/06\/projeto-de-amparo-aos-pequenos-empreendedores-da-serra\/"},"author":{"name":"Haroldo Filho","@id":"https:\/\/jornalfatosenoticias.com.br\/#\/schema\/person\/05c46cc25b42a5c27e004fb0fa6b4965"},"headline":"Projeto de amparo aos pequenos empreendedores da Serra","datePublished":"2021-04-06T21:13:14+00:00","dateModified":"2021-04-06T21:13:18+00:00","mainEntityOfPage":{"@id":"https:\/\/jornalfatosenoticias.com.br\/index.php\/2021\/04\/06\/projeto-de-amparo-aos-pequenos-empreendedores-da-serra\/"},"wordCount":179,"commentCount":0,"publisher":{"@id":"https:\/\/jornalfatosenoticias.com.br\/#organization"},"image":{"@id":"https:\/\/jornalfatosenoticias.com.br\/index.php\/2021\/04\/06\/projeto-de-amparo-aos-pequenos-empreendedores-da-serra\/#primaryimage"},"thumbnailUrl":"https:\/\/jornalfatosenoticias.com.br\/wp-content\/uploads\/2021\/04\/Raphaela-416-CCC.jpg","keywords":["empreendedorismo","feirantes","projeto de amparo aos pequenos empreendedores","Serra"],"articleSection":["Pol\u00edtica"],"inLanguage":"pt-BR","potentialAction":[{"@type":"CommentAction","name":"Comment","target":["https:\/\/jornalfatosenoticias.com.br\/index.php\/2021\/04\/06\/projeto-de-amparo-aos-pequenos-empreendedores-da-serra\/#respond"]}]},{"@type":"WebPage","@id":"https:\/\/jornalfatosenoticias.com.br\/index.php\/2021\/04\/06\/projeto-de-amparo-aos-pequenos-empreendedores-da-serra\/","url":"https:\/\/jornalfatosenoticias.com.br\/index.php\/2021\/04\/06\/projeto-de-amparo-aos-pequenos-empreendedores-da-serra\/","name":"Projeto de amparo aos pequenos empreendedores da Serra - Jornal Fatos e Not\u00edcias","isPartOf":{"@id":"https:\/\/jornalfatosenoticias.com.br\/#website"},"primaryImageOfPage":{"@id":"https:\/\/jornalfatosenoticias.com.br\/index.php\/2021\/04\/06\/projeto-de-amparo-aos-pequenos-empreendedores-da-serra\/#primaryimage"},"image":{"@id":"https:\/\/jornalfatosenoticias.com.br\/index.php\/2021\/04\/06\/projeto-de-amparo-aos-pequenos-empreendedores-da-serra\/#primaryimage"},"thumbnailUrl":"https:\/\/jornalfatosenoticias.com.br\/wp-content\/uploads\/2021\/04\/Raphaela-416-CCC.jpg","datePublished":"2021-04-06T21:13:14+00:00","dateModified":"2021-04-06T21:13:18+00:00","breadcrumb":{"@id":"https:\/\/jornalfatosenoticias.com.br\/index.php\/2021\/04\/06\/projeto-de-amparo-aos-pequenos-empreendedores-da-serra\/#breadcrumb"},"inLanguage":"pt-BR","potentialAction":[{"@type":"ReadAction","target":["https:\/\/jornalfatosenoticias.com.br\/index.php\/2021\/04\/06\/projeto-de-amparo-aos-pequenos-empreendedores-da-serra\/"]}]},{"@type":"ImageObject","inLanguage":"pt-BR","@id":"https:\/\/jornalfatosenoticias.com.br\/index.php\/2021\/04\/06\/projeto-de-amparo-aos-pequenos-empreendedores-da-serra\/#primaryimage","url":"https:\/\/jornalfatosenoticias.com.br\/wp-content\/uploads\/2021\/04\/Raphaela-416-CCC.jpg","contentUrl":"https:\/\/jornalfatosenoticias.com.br\/wp-content\/uploads\/2021\/04\/Raphaela-416-CCC.jpg","width":1000,"height":683},{"@type":"BreadcrumbList","@id":"https:\/\/jornalfatosenoticias.com.br\/index.php\/2021\/04\/06\/projeto-de-amparo-aos-pequenos-empreendedores-da-serra\/#breadcrumb","itemListElement":[{"@type":"ListItem","position":1,"name":"In\u00edcio","item":"https:\/\/jornalfatosenoticias.com.br\/"},{"@type":"ListItem","position":2,"name":"Projeto de amparo aos pequenos empreendedores da Serra"}]},{"@type":"WebSite","@id":"https:\/\/jornalfatosenoticias.com.br\/#website","url":"https:\/\/jornalfatosenoticias.com.br\/","name":"Jornal Fatos e Not\u00edcias","description":"Not\u00edcias em geral","publisher":{"@id":"https:\/\/jornalfatosenoticias.com.br\/#organization"},"potentialAction":[{"@type":"SearchAction","target":{"@type":"EntryPoint","urlTemplate":"https:\/\/jornalfatosenoticias.com.br\/?s={search_term_string}"},"query-input":{"@type":"PropertyValueSpecification","valueRequired":true,"valueName":"search_term_string"}}],"inLanguage":"pt-BR"},{"@type":"Organization","@id":"https:\/\/jornalfatosenoticias.com.br\/#organization","name":"Jornal Fatos e Not\u00edcias","url":"https:\/\/jornalfatosenoticias.com.br\/","logo":{"@type":"ImageObject","inLanguage":"pt-BR","@id":"https:\/\/jornalfatosenoticias.com.br\/#\/schema\/logo\/image\/","url":"https:\/\/jornalfatosenoticias.com.br\/wp-content\/uploads\/2020\/02\/logo120.png","contentUrl":"https:\/\/jornalfatosenoticias.com.br\/wp-content\/uploads\/2020\/02\/logo120.png","width":1227,"height":120,"caption":"Jornal Fatos e Not\u00edcias"},"image":{"@id":"https:\/\/jornalfatosenoticias.com.br\/#\/schema\/logo\/image\/"}},{"@type":"Person","@id":"https:\/\/jornalfatosenoticias.com.br\/#\/schema\/person\/05c46cc25b42a5c27e004fb0fa6b4965","name":"Haroldo Filho","image":{"@type":"ImageObject","inLanguage":"pt-BR","@id":"https:\/\/jornalfatosenoticias.com.br\/#\/schema\/person\/image\/","url":"https:\/\/jornalfatosenoticias.com.br\/wp-content\/uploads\/2025\/08\/WhatsApp-Image-2025-08-18-at-15.30.28-150x150.jpeg","contentUrl":"https:\/\/jornalfatosenoticias.com.br\/wp-content\/uploads\/2025\/08\/WhatsApp-Image-2025-08-18-at-15.30.28-150x150.jpeg","caption":"Haroldo Filho"},"description":"Jornalista \u2013 DRT: 0003818\/ES Coordenador-geral da ONG Educar para Crescer","url":"https:\/\/jornalfatosenoticias.com.br\/index.php\/author\/haroldo\/"}]}},"cc_featured_image_caption":{"caption_text":"Raphaela Moraes","source_text":"","source_url":""},"jetpack_featured_media_url":"https:\/\/jornalfatosenoticias.com.br\/wp-content\/uploads\/2021\/04\/Raphaela-416-CCC.jpg","_links":{"self":[{"href":"https:\/\/jornalfatosenoticias.com.br\/index.php\/wp-json\/wp\/v2\/posts\/16701","targetHints":{"allow":["GET"]}}],"collection":[{"href":"https:\/\/jornalfatosenoticias.com.br\/index.php\/wp-json\/wp\/v2\/posts"}],"about":[{"href":"https:\/\/jornalfatosenoticias.com.br\/index.php\/wp-json\/wp\/v2\/types\/post"}],"author":[{"embeddable":true,"href":"https:\/\/jornalfatosenoticias.com.br\/index.php\/wp-json\/wp\/v2\/users\/3"}],"replies":[{"embeddable":true,"href":"https:\/\/jornalfatosenoticias.com.br\/index.php\/wp-json\/wp\/v2\/comments?post=16701"}],"version-history":[{"count":0,"href":"https:\/\/jornalfatosenoticias.com.br\/index.php\/wp-json\/wp\/v2\/posts\/16701\/revisions"}],"wp:featuredmedia":[{"embeddable":true,"href":"https:\/\/jornalfatosenoticias.com.br\/index.php\/wp-json\/wp\/v2\/media\/16703"}],"wp:attachment":[{"href":"https:\/\/jornalfatosenoticias.com.br\/index.php\/wp-json\/wp\/v2\/media?parent=16701"}],"wp:term":[{"taxonomy":"category","embeddable":true,"href":"https:\/\/jornalfatosenoticias.com.br\/index.php\/wp-json\/wp\/v2\/categories?post=16701"},{"taxonomy":"post_tag","embeddable":true,"href":"https:\/\/jornalfatosenoticias.com.br\/index.php\/wp-json\/wp\/v2\/tags?post=16701"}],"curies":[{"name":"wp","href":"https:\/\/api.w.org\/{rel}","templated":true}]}}