{"id":16772,"date":"2021-04-07T14:44:37","date_gmt":"2021-04-07T17:44:37","guid":{"rendered":"https:\/\/jornalfatosenoticias.com.br\/?p=16772"},"modified":"2021-04-07T14:44:39","modified_gmt":"2021-04-07T17:44:39","slug":"especie-de-calango-e-outros-cinco-repteis-podem-ser-extintos-da-amazonia","status":"publish","type":"post","link":"https:\/\/jornalfatosenoticias.com.br\/index.php\/2021\/04\/07\/especie-de-calango-e-outros-cinco-repteis-podem-ser-extintos-da-amazonia\/","title":{"rendered":"Esp\u00e9cie de calango e outros cinco r\u00e9pteis podem ser extintos da Amaz\u00f4nia"},"content":{"rendered":"\n<p><em>Uma esp\u00e9cie de calango, encontrada no Mato Grosso e em Rond\u00f4nia, e outros cinco r\u00e9pteis podem ser extintos da Amaz\u00f4nia<\/em><\/p>\n\n\n\n<p>Uma esp\u00e9cie de calango, encontrada no Mato Grosso e em Rond\u00f4nia, e outros cinco r\u00e9pteis podem ser extintos da Amaz\u00f4nia. Das 80 esp\u00e9cies de r\u00e9pteis oficialmente consideradas amea\u00e7adas, 72 s\u00e3o end\u00eamicas do Brasil, e seis s\u00e3o encontradas no bioma Amaz\u00f4nia.<br>As informa\u00e7\u00f5es constam no Livro Vermelho da Fauna Brasileira Amea\u00e7ada de Extin\u00e7\u00e3o 2018, resultado de um estudo que contou com a participa\u00e7\u00e3o de 1.270 pesquisadores e que foi divulgado pelo Instituto de Conserva\u00e7\u00e3o da Biodiversidade Chico Mendes (ICMBio), na \u00faltima semana.<br>A grande maioria das esp\u00e9cies de serpentes, lagartos e anfisb\u00eanias amea\u00e7adas de extin\u00e7\u00e3o possui distribui\u00e7\u00e3o bastante restrita ou ocorre em habitat bastante espec\u00edficos. As demais possuem a maioria dos registros na regi\u00e3o sul do Pa\u00eds, ocorrendo tamb\u00e9m em pa\u00edses vizinhos dessa regi\u00e3o.<br>A Mata Atl\u00e2ntica \u00e9 o bioma com o maior n\u00famero de esp\u00e9cies amea\u00e7adas de extin\u00e7\u00e3o (39 das 80), seguido pela Caatinga (21 esp\u00e9cies) e Cerrado (17 esp\u00e9cies). A Amaz\u00f4nia e o Pampa possuem seis esp\u00e9cies cada, e o Pantanal, duas.<br>A perda e a altera\u00e7\u00e3o do habitat provocadas por atividades agropecu\u00e1rias foram apontadas como os principais fatores de press\u00e3o, seguida da expans\u00e3o urbana. Tamb\u00e9m foram mencionadas como amea\u00e7as relevantes \u00e0s esp\u00e9cies a minera\u00e7\u00e3o, os empreendimentos relacionados \u00e0 obten\u00e7\u00e3o e distribui\u00e7\u00e3o de energia e o turismo desordenado.<\/p>\n\n\n\n<h4 class=\"wp-block-heading\">Saiba quais s\u00e3o as esp\u00e9cies de r\u00e9pteis amea\u00e7adas de extin\u00e7\u00e3o na Amaz\u00f4nia:<\/h4>\n\n\n\n<p><strong>Calango (Ameiva parecis)<br><\/strong><em><strong>Situa\u00e7\u00e3o:<\/strong> Em Perigo<br>Encontrada no Mato Grosso e em Rond\u00f4nia<\/em><\/p>\n\n\n\n<p>Conhecida de duas localidades sujeitas a amea\u00e7as distintas, uma em Rond\u00f4nia, afetada por hidrel\u00e9tricas, e outra no Mato Grosso, afetada pela Ferronorte, que foram consideradas como duas localiza\u00e7\u00f5es diferentes. Seu habitat sofre decl\u00ednio continuado da qualidade em decorr\u00eancia da forte expans\u00e3o da agricultura de soja em larga escala e instala\u00e7\u00e3o de hidrel\u00e9tricas. Al\u00e9m disso, a esp\u00e9cie parece n\u00e3o estar presente em \u00e1reas protegidas.<\/p>\n\n\n\n<figure class=\"wp-block-image size-large\"><img loading=\"lazy\" decoding=\"async\" width=\"1000\" height=\"757\" src=\"https:\/\/jornalfatosenoticias.com.br\/wp-content\/uploads\/2021\/04\/repteis_extincao_calango.jpg\" alt=\"\" class=\"wp-image-16773\" srcset=\"https:\/\/jornalfatosenoticias.com.br\/wp-content\/uploads\/2021\/04\/repteis_extincao_calango.jpg 1000w, https:\/\/jornalfatosenoticias.com.br\/wp-content\/uploads\/2021\/04\/repteis_extincao_calango-300x227.jpg 300w, https:\/\/jornalfatosenoticias.com.br\/wp-content\/uploads\/2021\/04\/repteis_extincao_calango-768x581.jpg 768w\" sizes=\"auto, (max-width: 1000px) 100vw, 1000px\" \/><\/figure>\n\n\n\n<h5 class=\"wp-block-heading\">Nome comum desconhecido (Bachia didactyla)<\/h5>\n\n\n\n<p><em><strong>Situa\u00e7\u00e3o:<\/strong> Em Perigo<br>Encontrada em Rond\u00f4nia e em Mato Grosso<\/em><\/p>\n\n\n\n<p>Em Vilhena, a principal amea\u00e7a \u00e0 esp\u00e9cie, da ordem de cobras e lagartos, \u00e9 a Hidrovia rio Madeira, e em Sapezal, a agricultura em larga escala, ambas causando a destrui\u00e7\u00e3o de habitat da esp\u00e9cie. Essas amea\u00e7as, associadas \u00e0 constru\u00e7\u00e3o da Ferronorte, causam decl\u00ednio continuado de qualidade do habitat.<\/p>\n\n\n\n<figure class=\"wp-block-image size-large\"><img loading=\"lazy\" decoding=\"async\" width=\"1000\" height=\"714\" src=\"https:\/\/jornalfatosenoticias.com.br\/wp-content\/uploads\/2021\/04\/Bachia_bicolor.jpg\" alt=\"\" class=\"wp-image-16774\" srcset=\"https:\/\/jornalfatosenoticias.com.br\/wp-content\/uploads\/2021\/04\/Bachia_bicolor.jpg 1000w, https:\/\/jornalfatosenoticias.com.br\/wp-content\/uploads\/2021\/04\/Bachia_bicolor-300x214.jpg 300w, https:\/\/jornalfatosenoticias.com.br\/wp-content\/uploads\/2021\/04\/Bachia_bicolor-768x548.jpg 768w\" sizes=\"auto, (max-width: 1000px) 100vw, 1000px\" \/><\/figure>\n\n\n\n<h5 class=\"wp-block-heading\">Nome comum desconhecido (Gonatodes tapajonicus)<\/h5>\n\n\n\n<p><em><strong>Situa\u00e7\u00e3o: <\/strong>Em Perigo<br>Encontrada no Par\u00e1<\/em><\/p>\n\n\n\n<p>\u00c1reas de a\u00e7aizal, local em que a esp\u00e9cie foi encontrada, encontram-se ainda bem preservada, devido \u00e0 explora\u00e7\u00e3o em outros ambientes similares do palmito para consumo humano. Todavia, esse habitat, naturalmente distribu\u00eddo em manchas tem sua fragmenta\u00e7\u00e3o agravada pela a\u00e7\u00e3o humana (extrativismo de a\u00e7a\u00ed e zona de influ\u00eancia da BR 163 \u2014 Cuiab\u00e1\/Santar\u00e9m), causando a fragmenta\u00e7\u00e3o severa da popula\u00e7\u00e3o e interrup\u00e7\u00e3o do fluxo g\u00eanico.<\/p>\n\n\n\n<figure class=\"wp-block-image size-large\"><img loading=\"lazy\" decoding=\"async\" width=\"1000\" height=\"767\" src=\"https:\/\/jornalfatosenoticias.com.br\/wp-content\/uploads\/2021\/04\/repteis_extincao_gonatodes.jpg\" alt=\"\" class=\"wp-image-16775\" srcset=\"https:\/\/jornalfatosenoticias.com.br\/wp-content\/uploads\/2021\/04\/repteis_extincao_gonatodes.jpg 1000w, https:\/\/jornalfatosenoticias.com.br\/wp-content\/uploads\/2021\/04\/repteis_extincao_gonatodes-300x230.jpg 300w, https:\/\/jornalfatosenoticias.com.br\/wp-content\/uploads\/2021\/04\/repteis_extincao_gonatodes-768x589.jpg 768w\" sizes=\"auto, (max-width: 1000px) 100vw, 1000px\" \/><\/figure>\n\n\n\n<h5 class=\"wp-block-heading\">Cobra-rainha-estriada (Apostolepis striata)<\/h5>\n\n\n\n<p><em><strong>Situa\u00e7\u00e3o:<\/strong> Em Perigo<br>Encontrada em Rond\u00f4nia e em Mato Grosso<\/em><\/p>\n\n\n\n<p>A regi\u00e3o do planalto dos Parecis, onde a esp\u00e9cie \u00e9 encontrada, vem sofrendo intenso processo de desmatamento, com avan\u00e7o recente da fronteira agropecu\u00e1ria na por\u00e7\u00e3o sul da Amaz\u00f4nia e seu contato com \u00e1reas de Cerrado.<\/p>\n\n\n\n<figure class=\"wp-block-image size-large\"><img loading=\"lazy\" decoding=\"async\" width=\"1000\" height=\"737\" src=\"https:\/\/jornalfatosenoticias.com.br\/wp-content\/uploads\/2021\/04\/cobra-rainha-estriada.jpg\" alt=\"\" class=\"wp-image-16776\" srcset=\"https:\/\/jornalfatosenoticias.com.br\/wp-content\/uploads\/2021\/04\/cobra-rainha-estriada.jpg 1000w, https:\/\/jornalfatosenoticias.com.br\/wp-content\/uploads\/2021\/04\/cobra-rainha-estriada-300x221.jpg 300w, https:\/\/jornalfatosenoticias.com.br\/wp-content\/uploads\/2021\/04\/cobra-rainha-estriada-768x566.jpg 768w\" sizes=\"auto, (max-width: 1000px) 100vw, 1000px\" \/><\/figure>\n\n\n\n<h5 class=\"wp-block-heading\">Nome comum desconhecido (Stenocercus dumerilii)<\/h5>\n\n\n\n<p><em><strong>Situa\u00e7\u00e3o: <\/strong>Vulner\u00e1vel<br>Encontrada no Par\u00e1 e no Maranh\u00e3o<\/em><\/p>\n\n\n\n<p>Nas \u00faltimas d\u00e9cadas, mesmo as \u00e1reas de capoeira alta (floresta secund\u00e1ria) v\u00eam perdendo espa\u00e7o para agriculturas perenes como cacau, pimenta do reino, milho e mandioca, al\u00e9m de \u00e1reas de pastagens, levando ao desmatamento total da cobertura original destas \u00e1reas172. No nordeste paraense est\u00e1 havendo tamb\u00e9m um grande crescimento urbano, possivelmente avan\u00e7ando em \u00e1reas onde a esp\u00e9cie ocorria.<br>No Maranh\u00e3o, os remanescentes florestais onde a esp\u00e9cie foi registrada encontram-se cercados por eucaliptais e pastagens, e est\u00e3o sujeitos \u00e0 perda de habitat por influ\u00eancia da expans\u00e3o da Estrada de Ferro Caraj\u00e1s e assentamentos agr\u00e1rios. A esp\u00e9cie est\u00e1 sob forte press\u00e3o antr\u00f3pica em toda sua extens\u00e3o de ocorr\u00eancia, levando \u00e0 diminui\u00e7\u00e3o de seu habitat em pelo menos 39% entre 2008 e 2011332, sendo que as causas n\u00e3o cessaram. Considerando o per\u00edodo de 10 anos, que se estima ser maior que o per\u00edodo de 130 Livro Vermelho da Fauna Brasileira Amea\u00e7ada de Extin\u00e7\u00e3o ICMBio tr\u00eas gera\u00e7\u00f5es para a esp\u00e9cie, e suas especificidades ecol\u00f3gicas, infere-se que a redu\u00e7\u00e3o de seu habitat seja equivalente \u00e0 redu\u00e7\u00e3o da popula\u00e7\u00e3o.<\/p>\n\n\n\n<figure class=\"wp-block-image size-large\"><img loading=\"lazy\" decoding=\"async\" width=\"1000\" height=\"749\" src=\"https:\/\/jornalfatosenoticias.com.br\/wp-content\/uploads\/2021\/04\/Stenocercus_dumerilii_Adriano_L_Silveira_site.jpg\" alt=\"\" class=\"wp-image-16777\" srcset=\"https:\/\/jornalfatosenoticias.com.br\/wp-content\/uploads\/2021\/04\/Stenocercus_dumerilii_Adriano_L_Silveira_site.jpg 1000w, https:\/\/jornalfatosenoticias.com.br\/wp-content\/uploads\/2021\/04\/Stenocercus_dumerilii_Adriano_L_Silveira_site-300x225.jpg 300w, https:\/\/jornalfatosenoticias.com.br\/wp-content\/uploads\/2021\/04\/Stenocercus_dumerilii_Adriano_L_Silveira_site-768x575.jpg 768w\" sizes=\"auto, (max-width: 1000px) 100vw, 1000px\" \/><\/figure>\n\n\n\n<h5 class=\"wp-block-heading\">Nome comum desconhecido (Atractus hoogmoedi)<\/h5>\n\n\n\n<p><em>Em Perigo<br>Encontrada no Par\u00e1<\/em><\/p>\n\n\n\n<p>Ocorre em \u00e1rea onde vegeta\u00e7\u00e3o original j\u00e1 estava sendo removida desde o in\u00edcio do s\u00e9culo XIX. As perdas recentes de vegeta\u00e7\u00e3o nativa entre 2003 e 2008, devido principalmente a atividade agropecu\u00e1ria, foram da ordem de 49,2%. Assim, as popula\u00e7\u00f5es da esp\u00e9cie podem estar sob decl\u00ednio acentuado e cont\u00ednuo, pois o desmatamento na regi\u00e3o n\u00e3o cessou.<\/p>\n\n\n\n<p><em><strong>Fonte: <a href=\"https:\/\/portalamazonia.com\/amazonia\/especie-de-calango-e-outros-cinco-repteis-podem-ser-extintos-da-amazonia-saiba-quais-sao\">Portal Amaz\u00f4nia<\/a><\/strong><\/em><\/p>\n","protected":false},"excerpt":{"rendered":"<p>Uma esp\u00e9cie de calango, encontrada no Mato Grosso e em Rond\u00f4nia, e outros cinco r\u00e9pteis podem ser extintos da Amaz\u00f4nia Uma esp\u00e9cie de calango, encontrada no Mato Grosso e em Rond\u00f4nia, e outros cinco r\u00e9pteis podem ser extintos da Amaz\u00f4nia. Das 80 esp\u00e9cies de r\u00e9pteis oficialmente consideradas amea\u00e7adas, 72 s\u00e3o end\u00eamicas do Brasil, e seis [&hellip;]<\/p>\n","protected":false},"author":2,"featured_media":16777,"comment_status":"open","ping_status":"open","sticky":false,"template":"","format":"standard","meta":{"footnotes":""},"categories":[8],"tags":[123,219,8428,2102],"class_list":["post-16772","post","type-post","status-publish","format-standard","has-post-thumbnail","hentry","category-meio-ambiente","tag-amazonia","tag-extincao","tag-livro-vermelho-da-fauna-2018","tag-repteis"],"yoast_head":"<!-- This site is optimized with the Yoast SEO plugin v26.5 - https:\/\/yoast.com\/wordpress\/plugins\/seo\/ -->\n<title>Esp\u00e9cie de calango e outros cinco r\u00e9pteis podem ser extintos da Amaz\u00f4nia - Jornal Fatos e Not\u00edcias<\/title>\n<meta name=\"robots\" content=\"index, follow, max-snippet:-1, max-image-preview:large, max-video-preview:-1\" \/>\n<link rel=\"canonical\" href=\"https:\/\/jornalfatosenoticias.com.br\/index.php\/2021\/04\/07\/especie-de-calango-e-outros-cinco-repteis-podem-ser-extintos-da-amazonia\/\" \/>\n<meta property=\"og:locale\" content=\"pt_BR\" \/>\n<meta property=\"og:type\" content=\"article\" \/>\n<meta property=\"og:title\" content=\"Esp\u00e9cie de calango e outros cinco r\u00e9pteis podem ser extintos da Amaz\u00f4nia - Jornal Fatos e Not\u00edcias\" \/>\n<meta property=\"og:description\" content=\"Uma esp\u00e9cie de calango, encontrada no Mato Grosso e em Rond\u00f4nia, e outros cinco r\u00e9pteis podem ser extintos da Amaz\u00f4nia Uma esp\u00e9cie de calango, encontrada no Mato Grosso e em Rond\u00f4nia, e outros cinco r\u00e9pteis podem ser extintos da Amaz\u00f4nia. Das 80 esp\u00e9cies de r\u00e9pteis oficialmente consideradas amea\u00e7adas, 72 s\u00e3o end\u00eamicas do Brasil, e seis [&hellip;]\" \/>\n<meta property=\"og:url\" content=\"https:\/\/jornalfatosenoticias.com.br\/index.php\/2021\/04\/07\/especie-de-calango-e-outros-cinco-repteis-podem-ser-extintos-da-amazonia\/\" \/>\n<meta property=\"og:site_name\" content=\"Jornal Fatos e Not\u00edcias\" \/>\n<meta property=\"article:published_time\" content=\"2021-04-07T17:44:37+00:00\" \/>\n<meta property=\"article:modified_time\" content=\"2021-04-07T17:44:39+00:00\" \/>\n<meta property=\"og:image\" content=\"https:\/\/jornalfatosenoticias.com.br\/wp-content\/uploads\/2021\/04\/Stenocercus_dumerilii_Adriano_L_Silveira_site.jpg\" \/>\n\t<meta property=\"og:image:width\" content=\"1000\" \/>\n\t<meta property=\"og:image:height\" content=\"749\" \/>\n\t<meta property=\"og:image:type\" content=\"image\/jpeg\" \/>\n<meta name=\"author\" content=\"Luzimara Fernandes\" \/>\n<meta name=\"twitter:card\" content=\"summary_large_image\" \/>\n<meta name=\"twitter:label1\" content=\"Escrito por\" \/>\n\t<meta name=\"twitter:data1\" content=\"Luzimara Fernandes\" \/>\n\t<meta name=\"twitter:label2\" content=\"Est. tempo de leitura\" \/>\n\t<meta name=\"twitter:data2\" content=\"4 minutos\" \/>\n<script type=\"application\/ld+json\" class=\"yoast-schema-graph\">{\"@context\":\"https:\/\/schema.org\",\"@graph\":[{\"@type\":\"Article\",\"@id\":\"https:\/\/jornalfatosenoticias.com.br\/index.php\/2021\/04\/07\/especie-de-calango-e-outros-cinco-repteis-podem-ser-extintos-da-amazonia\/#article\",\"isPartOf\":{\"@id\":\"https:\/\/jornalfatosenoticias.com.br\/index.php\/2021\/04\/07\/especie-de-calango-e-outros-cinco-repteis-podem-ser-extintos-da-amazonia\/\"},\"author\":{\"name\":\"Luzimara Fernandes\",\"@id\":\"https:\/\/jornalfatosenoticias.com.br\/#\/schema\/person\/d63837fa13ac8666eb9e74e0985d6f81\"},\"headline\":\"Esp\u00e9cie de calango e outros cinco r\u00e9pteis podem ser extintos da Amaz\u00f4nia\",\"datePublished\":\"2021-04-07T17:44:37+00:00\",\"dateModified\":\"2021-04-07T17:44:39+00:00\",\"mainEntityOfPage\":{\"@id\":\"https:\/\/jornalfatosenoticias.com.br\/index.php\/2021\/04\/07\/especie-de-calango-e-outros-cinco-repteis-podem-ser-extintos-da-amazonia\/\"},\"wordCount\":886,\"commentCount\":0,\"publisher\":{\"@id\":\"https:\/\/jornalfatosenoticias.com.br\/#organization\"},\"image\":{\"@id\":\"https:\/\/jornalfatosenoticias.com.br\/index.php\/2021\/04\/07\/especie-de-calango-e-outros-cinco-repteis-podem-ser-extintos-da-amazonia\/#primaryimage\"},\"thumbnailUrl\":\"https:\/\/jornalfatosenoticias.com.br\/wp-content\/uploads\/2021\/04\/Stenocercus_dumerilii_Adriano_L_Silveira_site.jpg\",\"keywords\":[\"amaz\u00f4nia\",\"extin\u00e7\u00e3o\",\"Livro Vermelho da Fauna 2018\",\"r\u00e9pteis\"],\"articleSection\":[\"Meio ambiente\"],\"inLanguage\":\"pt-BR\",\"potentialAction\":[{\"@type\":\"CommentAction\",\"name\":\"Comment\",\"target\":[\"https:\/\/jornalfatosenoticias.com.br\/index.php\/2021\/04\/07\/especie-de-calango-e-outros-cinco-repteis-podem-ser-extintos-da-amazonia\/#respond\"]}]},{\"@type\":\"WebPage\",\"@id\":\"https:\/\/jornalfatosenoticias.com.br\/index.php\/2021\/04\/07\/especie-de-calango-e-outros-cinco-repteis-podem-ser-extintos-da-amazonia\/\",\"url\":\"https:\/\/jornalfatosenoticias.com.br\/index.php\/2021\/04\/07\/especie-de-calango-e-outros-cinco-repteis-podem-ser-extintos-da-amazonia\/\",\"name\":\"Esp\u00e9cie de calango e outros cinco r\u00e9pteis podem ser extintos da Amaz\u00f4nia - Jornal Fatos e Not\u00edcias\",\"isPartOf\":{\"@id\":\"https:\/\/jornalfatosenoticias.com.br\/#website\"},\"primaryImageOfPage\":{\"@id\":\"https:\/\/jornalfatosenoticias.com.br\/index.php\/2021\/04\/07\/especie-de-calango-e-outros-cinco-repteis-podem-ser-extintos-da-amazonia\/#primaryimage\"},\"image\":{\"@id\":\"https:\/\/jornalfatosenoticias.com.br\/index.php\/2021\/04\/07\/especie-de-calango-e-outros-cinco-repteis-podem-ser-extintos-da-amazonia\/#primaryimage\"},\"thumbnailUrl\":\"https:\/\/jornalfatosenoticias.com.br\/wp-content\/uploads\/2021\/04\/Stenocercus_dumerilii_Adriano_L_Silveira_site.jpg\",\"datePublished\":\"2021-04-07T17:44:37+00:00\",\"dateModified\":\"2021-04-07T17:44:39+00:00\",\"breadcrumb\":{\"@id\":\"https:\/\/jornalfatosenoticias.com.br\/index.php\/2021\/04\/07\/especie-de-calango-e-outros-cinco-repteis-podem-ser-extintos-da-amazonia\/#breadcrumb\"},\"inLanguage\":\"pt-BR\",\"potentialAction\":[{\"@type\":\"ReadAction\",\"target\":[\"https:\/\/jornalfatosenoticias.com.br\/index.php\/2021\/04\/07\/especie-de-calango-e-outros-cinco-repteis-podem-ser-extintos-da-amazonia\/\"]}]},{\"@type\":\"ImageObject\",\"inLanguage\":\"pt-BR\",\"@id\":\"https:\/\/jornalfatosenoticias.com.br\/index.php\/2021\/04\/07\/especie-de-calango-e-outros-cinco-repteis-podem-ser-extintos-da-amazonia\/#primaryimage\",\"url\":\"https:\/\/jornalfatosenoticias.com.br\/wp-content\/uploads\/2021\/04\/Stenocercus_dumerilii_Adriano_L_Silveira_site.jpg\",\"contentUrl\":\"https:\/\/jornalfatosenoticias.com.br\/wp-content\/uploads\/2021\/04\/Stenocercus_dumerilii_Adriano_L_Silveira_site.jpg\",\"width\":1000,\"height\":749},{\"@type\":\"BreadcrumbList\",\"@id\":\"https:\/\/jornalfatosenoticias.com.br\/index.php\/2021\/04\/07\/especie-de-calango-e-outros-cinco-repteis-podem-ser-extintos-da-amazonia\/#breadcrumb\",\"itemListElement\":[{\"@type\":\"ListItem\",\"position\":1,\"name\":\"In\u00edcio\",\"item\":\"https:\/\/jornalfatosenoticias.com.br\/\"},{\"@type\":\"ListItem\",\"position\":2,\"name\":\"Esp\u00e9cie de calango e outros cinco r\u00e9pteis podem ser extintos da Amaz\u00f4nia\"}]},{\"@type\":\"WebSite\",\"@id\":\"https:\/\/jornalfatosenoticias.com.br\/#website\",\"url\":\"https:\/\/jornalfatosenoticias.com.br\/\",\"name\":\"Jornal Fatos e Not\u00edcias\",\"description\":\"Not\u00edcias em geral\",\"publisher\":{\"@id\":\"https:\/\/jornalfatosenoticias.com.br\/#organization\"},\"potentialAction\":[{\"@type\":\"SearchAction\",\"target\":{\"@type\":\"EntryPoint\",\"urlTemplate\":\"https:\/\/jornalfatosenoticias.com.br\/?s={search_term_string}\"},\"query-input\":{\"@type\":\"PropertyValueSpecification\",\"valueRequired\":true,\"valueName\":\"search_term_string\"}}],\"inLanguage\":\"pt-BR\"},{\"@type\":\"Organization\",\"@id\":\"https:\/\/jornalfatosenoticias.com.br\/#organization\",\"name\":\"Jornal Fatos e Not\u00edcias\",\"url\":\"https:\/\/jornalfatosenoticias.com.br\/\",\"logo\":{\"@type\":\"ImageObject\",\"inLanguage\":\"pt-BR\",\"@id\":\"https:\/\/jornalfatosenoticias.com.br\/#\/schema\/logo\/image\/\",\"url\":\"https:\/\/jornalfatosenoticias.com.br\/wp-content\/uploads\/2020\/02\/logo120.png\",\"contentUrl\":\"https:\/\/jornalfatosenoticias.com.br\/wp-content\/uploads\/2020\/02\/logo120.png\",\"width\":1227,\"height\":120,\"caption\":\"Jornal Fatos e Not\u00edcias\"},\"image\":{\"@id\":\"https:\/\/jornalfatosenoticias.com.br\/#\/schema\/logo\/image\/\"}},{\"@type\":\"Person\",\"@id\":\"https:\/\/jornalfatosenoticias.com.br\/#\/schema\/person\/d63837fa13ac8666eb9e74e0985d6f81\",\"name\":\"Luzimara Fernandes\",\"image\":{\"@type\":\"ImageObject\",\"inLanguage\":\"pt-BR\",\"@id\":\"https:\/\/jornalfatosenoticias.com.br\/#\/schema\/person\/image\/\",\"url\":\"https:\/\/jornalfatosenoticias.com.br\/wp-content\/uploads\/2025\/05\/EU_portal.jpg\",\"contentUrl\":\"https:\/\/jornalfatosenoticias.com.br\/wp-content\/uploads\/2025\/05\/EU_portal.jpg\",\"caption\":\"Luzimara Fernandes\"},\"description\":\"Jornalista MTB 2358-ES\",\"sameAs\":[\"https:\/\/jornalfatosenoticias.com.br\"],\"url\":\"https:\/\/jornalfatosenoticias.com.br\/index.php\/author\/luzimara\/\"}]}<\/script>\n<!-- \/ Yoast SEO plugin. -->","yoast_head_json":{"title":"Esp\u00e9cie de calango e outros cinco r\u00e9pteis podem ser extintos da Amaz\u00f4nia - Jornal Fatos e Not\u00edcias","robots":{"index":"index","follow":"follow","max-snippet":"max-snippet:-1","max-image-preview":"max-image-preview:large","max-video-preview":"max-video-preview:-1"},"canonical":"https:\/\/jornalfatosenoticias.com.br\/index.php\/2021\/04\/07\/especie-de-calango-e-outros-cinco-repteis-podem-ser-extintos-da-amazonia\/","og_locale":"pt_BR","og_type":"article","og_title":"Esp\u00e9cie de calango e outros cinco r\u00e9pteis podem ser extintos da Amaz\u00f4nia - Jornal Fatos e Not\u00edcias","og_description":"Uma esp\u00e9cie de calango, encontrada no Mato Grosso e em Rond\u00f4nia, e outros cinco r\u00e9pteis podem ser extintos da Amaz\u00f4nia Uma esp\u00e9cie de calango, encontrada no Mato Grosso e em Rond\u00f4nia, e outros cinco r\u00e9pteis podem ser extintos da Amaz\u00f4nia. Das 80 esp\u00e9cies de r\u00e9pteis oficialmente consideradas amea\u00e7adas, 72 s\u00e3o end\u00eamicas do Brasil, e seis [&hellip;]","og_url":"https:\/\/jornalfatosenoticias.com.br\/index.php\/2021\/04\/07\/especie-de-calango-e-outros-cinco-repteis-podem-ser-extintos-da-amazonia\/","og_site_name":"Jornal Fatos e Not\u00edcias","article_published_time":"2021-04-07T17:44:37+00:00","article_modified_time":"2021-04-07T17:44:39+00:00","og_image":[{"width":1000,"height":749,"url":"https:\/\/jornalfatosenoticias.com.br\/wp-content\/uploads\/2021\/04\/Stenocercus_dumerilii_Adriano_L_Silveira_site.jpg","type":"image\/jpeg"}],"author":"Luzimara Fernandes","twitter_card":"summary_large_image","twitter_misc":{"Escrito por":"Luzimara Fernandes","Est. tempo de leitura":"4 minutos"},"schema":{"@context":"https:\/\/schema.org","@graph":[{"@type":"Article","@id":"https:\/\/jornalfatosenoticias.com.br\/index.php\/2021\/04\/07\/especie-de-calango-e-outros-cinco-repteis-podem-ser-extintos-da-amazonia\/#article","isPartOf":{"@id":"https:\/\/jornalfatosenoticias.com.br\/index.php\/2021\/04\/07\/especie-de-calango-e-outros-cinco-repteis-podem-ser-extintos-da-amazonia\/"},"author":{"name":"Luzimara Fernandes","@id":"https:\/\/jornalfatosenoticias.com.br\/#\/schema\/person\/d63837fa13ac8666eb9e74e0985d6f81"},"headline":"Esp\u00e9cie de calango e outros cinco r\u00e9pteis podem ser extintos da Amaz\u00f4nia","datePublished":"2021-04-07T17:44:37+00:00","dateModified":"2021-04-07T17:44:39+00:00","mainEntityOfPage":{"@id":"https:\/\/jornalfatosenoticias.com.br\/index.php\/2021\/04\/07\/especie-de-calango-e-outros-cinco-repteis-podem-ser-extintos-da-amazonia\/"},"wordCount":886,"commentCount":0,"publisher":{"@id":"https:\/\/jornalfatosenoticias.com.br\/#organization"},"image":{"@id":"https:\/\/jornalfatosenoticias.com.br\/index.php\/2021\/04\/07\/especie-de-calango-e-outros-cinco-repteis-podem-ser-extintos-da-amazonia\/#primaryimage"},"thumbnailUrl":"https:\/\/jornalfatosenoticias.com.br\/wp-content\/uploads\/2021\/04\/Stenocercus_dumerilii_Adriano_L_Silveira_site.jpg","keywords":["amaz\u00f4nia","extin\u00e7\u00e3o","Livro Vermelho da Fauna 2018","r\u00e9pteis"],"articleSection":["Meio ambiente"],"inLanguage":"pt-BR","potentialAction":[{"@type":"CommentAction","name":"Comment","target":["https:\/\/jornalfatosenoticias.com.br\/index.php\/2021\/04\/07\/especie-de-calango-e-outros-cinco-repteis-podem-ser-extintos-da-amazonia\/#respond"]}]},{"@type":"WebPage","@id":"https:\/\/jornalfatosenoticias.com.br\/index.php\/2021\/04\/07\/especie-de-calango-e-outros-cinco-repteis-podem-ser-extintos-da-amazonia\/","url":"https:\/\/jornalfatosenoticias.com.br\/index.php\/2021\/04\/07\/especie-de-calango-e-outros-cinco-repteis-podem-ser-extintos-da-amazonia\/","name":"Esp\u00e9cie de calango e outros cinco r\u00e9pteis podem ser extintos da Amaz\u00f4nia - Jornal Fatos e Not\u00edcias","isPartOf":{"@id":"https:\/\/jornalfatosenoticias.com.br\/#website"},"primaryImageOfPage":{"@id":"https:\/\/jornalfatosenoticias.com.br\/index.php\/2021\/04\/07\/especie-de-calango-e-outros-cinco-repteis-podem-ser-extintos-da-amazonia\/#primaryimage"},"image":{"@id":"https:\/\/jornalfatosenoticias.com.br\/index.php\/2021\/04\/07\/especie-de-calango-e-outros-cinco-repteis-podem-ser-extintos-da-amazonia\/#primaryimage"},"thumbnailUrl":"https:\/\/jornalfatosenoticias.com.br\/wp-content\/uploads\/2021\/04\/Stenocercus_dumerilii_Adriano_L_Silveira_site.jpg","datePublished":"2021-04-07T17:44:37+00:00","dateModified":"2021-04-07T17:44:39+00:00","breadcrumb":{"@id":"https:\/\/jornalfatosenoticias.com.br\/index.php\/2021\/04\/07\/especie-de-calango-e-outros-cinco-repteis-podem-ser-extintos-da-amazonia\/#breadcrumb"},"inLanguage":"pt-BR","potentialAction":[{"@type":"ReadAction","target":["https:\/\/jornalfatosenoticias.com.br\/index.php\/2021\/04\/07\/especie-de-calango-e-outros-cinco-repteis-podem-ser-extintos-da-amazonia\/"]}]},{"@type":"ImageObject","inLanguage":"pt-BR","@id":"https:\/\/jornalfatosenoticias.com.br\/index.php\/2021\/04\/07\/especie-de-calango-e-outros-cinco-repteis-podem-ser-extintos-da-amazonia\/#primaryimage","url":"https:\/\/jornalfatosenoticias.com.br\/wp-content\/uploads\/2021\/04\/Stenocercus_dumerilii_Adriano_L_Silveira_site.jpg","contentUrl":"https:\/\/jornalfatosenoticias.com.br\/wp-content\/uploads\/2021\/04\/Stenocercus_dumerilii_Adriano_L_Silveira_site.jpg","width":1000,"height":749},{"@type":"BreadcrumbList","@id":"https:\/\/jornalfatosenoticias.com.br\/index.php\/2021\/04\/07\/especie-de-calango-e-outros-cinco-repteis-podem-ser-extintos-da-amazonia\/#breadcrumb","itemListElement":[{"@type":"ListItem","position":1,"name":"In\u00edcio","item":"https:\/\/jornalfatosenoticias.com.br\/"},{"@type":"ListItem","position":2,"name":"Esp\u00e9cie de calango e outros cinco r\u00e9pteis podem ser extintos da Amaz\u00f4nia"}]},{"@type":"WebSite","@id":"https:\/\/jornalfatosenoticias.com.br\/#website","url":"https:\/\/jornalfatosenoticias.com.br\/","name":"Jornal Fatos e Not\u00edcias","description":"Not\u00edcias em geral","publisher":{"@id":"https:\/\/jornalfatosenoticias.com.br\/#organization"},"potentialAction":[{"@type":"SearchAction","target":{"@type":"EntryPoint","urlTemplate":"https:\/\/jornalfatosenoticias.com.br\/?s={search_term_string}"},"query-input":{"@type":"PropertyValueSpecification","valueRequired":true,"valueName":"search_term_string"}}],"inLanguage":"pt-BR"},{"@type":"Organization","@id":"https:\/\/jornalfatosenoticias.com.br\/#organization","name":"Jornal Fatos e Not\u00edcias","url":"https:\/\/jornalfatosenoticias.com.br\/","logo":{"@type":"ImageObject","inLanguage":"pt-BR","@id":"https:\/\/jornalfatosenoticias.com.br\/#\/schema\/logo\/image\/","url":"https:\/\/jornalfatosenoticias.com.br\/wp-content\/uploads\/2020\/02\/logo120.png","contentUrl":"https:\/\/jornalfatosenoticias.com.br\/wp-content\/uploads\/2020\/02\/logo120.png","width":1227,"height":120,"caption":"Jornal Fatos e Not\u00edcias"},"image":{"@id":"https:\/\/jornalfatosenoticias.com.br\/#\/schema\/logo\/image\/"}},{"@type":"Person","@id":"https:\/\/jornalfatosenoticias.com.br\/#\/schema\/person\/d63837fa13ac8666eb9e74e0985d6f81","name":"Luzimara Fernandes","image":{"@type":"ImageObject","inLanguage":"pt-BR","@id":"https:\/\/jornalfatosenoticias.com.br\/#\/schema\/person\/image\/","url":"https:\/\/jornalfatosenoticias.com.br\/wp-content\/uploads\/2025\/05\/EU_portal.jpg","contentUrl":"https:\/\/jornalfatosenoticias.com.br\/wp-content\/uploads\/2025\/05\/EU_portal.jpg","caption":"Luzimara Fernandes"},"description":"Jornalista MTB 2358-ES","sameAs":["https:\/\/jornalfatosenoticias.com.br"],"url":"https:\/\/jornalfatosenoticias.com.br\/index.php\/author\/luzimara\/"}]}},"cc_featured_image_caption":{"caption_text":"","source_text":"","source_url":""},"jetpack_featured_media_url":"https:\/\/jornalfatosenoticias.com.br\/wp-content\/uploads\/2021\/04\/Stenocercus_dumerilii_Adriano_L_Silveira_site.jpg","_links":{"self":[{"href":"https:\/\/jornalfatosenoticias.com.br\/index.php\/wp-json\/wp\/v2\/posts\/16772","targetHints":{"allow":["GET"]}}],"collection":[{"href":"https:\/\/jornalfatosenoticias.com.br\/index.php\/wp-json\/wp\/v2\/posts"}],"about":[{"href":"https:\/\/jornalfatosenoticias.com.br\/index.php\/wp-json\/wp\/v2\/types\/post"}],"author":[{"embeddable":true,"href":"https:\/\/jornalfatosenoticias.com.br\/index.php\/wp-json\/wp\/v2\/users\/2"}],"replies":[{"embeddable":true,"href":"https:\/\/jornalfatosenoticias.com.br\/index.php\/wp-json\/wp\/v2\/comments?post=16772"}],"version-history":[{"count":0,"href":"https:\/\/jornalfatosenoticias.com.br\/index.php\/wp-json\/wp\/v2\/posts\/16772\/revisions"}],"wp:featuredmedia":[{"embeddable":true,"href":"https:\/\/jornalfatosenoticias.com.br\/index.php\/wp-json\/wp\/v2\/media\/16777"}],"wp:attachment":[{"href":"https:\/\/jornalfatosenoticias.com.br\/index.php\/wp-json\/wp\/v2\/media?parent=16772"}],"wp:term":[{"taxonomy":"category","embeddable":true,"href":"https:\/\/jornalfatosenoticias.com.br\/index.php\/wp-json\/wp\/v2\/categories?post=16772"},{"taxonomy":"post_tag","embeddable":true,"href":"https:\/\/jornalfatosenoticias.com.br\/index.php\/wp-json\/wp\/v2\/tags?post=16772"}],"curies":[{"name":"wp","href":"https:\/\/api.w.org\/{rel}","templated":true}]}}