{"id":16804,"date":"2021-04-08T15:46:35","date_gmt":"2021-04-08T18:46:35","guid":{"rendered":"https:\/\/jornalfatosenoticias.com.br\/?p=16804"},"modified":"2021-04-08T15:46:38","modified_gmt":"2021-04-08T18:46:38","slug":"quatro-especies-de-plantas-raras-sao-descobertas-nas-serras-de-minas-gerais","status":"publish","type":"post","link":"https:\/\/jornalfatosenoticias.com.br\/index.php\/2021\/04\/08\/quatro-especies-de-plantas-raras-sao-descobertas-nas-serras-de-minas-gerais\/","title":{"rendered":"Quatro esp\u00e9cies de plantas raras s\u00e3o descobertas nas serras de Minas Gerais"},"content":{"rendered":"\n<p>Minas Gerais n\u00e3o \u00e9 uma palavra montanhosa, mas, sim, abissal, j\u00e1 diria o poeta Carlos Drummond de Andrade, e tamb\u00e9m palavra biodiversa, complementariam os pesquisadores. O relevo acidentado do estado abriga uma rica diversidade de esp\u00e9cies, muitas delas restritas apenas ao \u201cmar mineiro\u201d. E nas serras ao leste de Minas Gerais, em especial na Serra do Padre \u00c2ngelo, pesquisadores registraram quatro novas esp\u00e9cies de plantas. As descobertas incluem uma esp\u00e9cie de roxinho, uma de sempre-viva e duas de margaridas, e v\u00eam junto com um alerta sobre seu habitat natural, amea\u00e7ado por inc\u00eandios e pela transforma\u00e7\u00e3o da vegeta\u00e7\u00e3o nativa em pastagem.<br>As amostras das plantas foram coletadas entre 2013 e 2014, durante uma expedi\u00e7\u00e3o cient\u00edfica na Serra do Padre \u00c2ngelo, no munic\u00edpio de Conselheiro Pena, dom\u00ednio do Cerrado marcado pela presen\u00e7a dos campos rupestres. As descobertas foram descritas recentemente em tr\u00eas artigos diferentes, publicados em janeiro e mar\u00e7o deste ano.<br>A primeira esp\u00e9cie a ser descrita oficialmente para a ci\u00eancia foi batizada de Hyptidendron pulcherrimum e pertence \u00e0 fam\u00edlia Lamiaceae, a mesma do manjeric\u00e3o e do or\u00e9gano. A planta, um pequeno arbusto arom\u00e1tico que apresenta flores roxas, foi encontrada apenas em locais acima dos mil metros de altitude, no Pico do Padre \u00c2ngelo, na serra de mesmo nome. Sua ocorr\u00eancia, at\u00e9 onde se sabe, est\u00e1 restrita a uma \u00e1rea de apenas 0,5 km\u00b2 e o estudo sugere que a planta j\u00e1 pode ser considerada criticamente amea\u00e7ada de extin\u00e7\u00e3o. O artigo que detalha a descoberta est\u00e1 <a href=\"https:\/\/sciencepress.mnhn.fr\/en\/periodiques\/adansonia\/43\/1\" target=\"_blank\" rel=\"noreferrer noopener\">dispon\u00edvel na revista cient\u00edfica Adansonia<\/a>, do Museu de Hist\u00f3ria Natural de Paris.<br>Outra novidade para a ci\u00eancia, encontrada somente nas alturas da Serra do Padre \u00c2ngelo, \u00e9 a Paepalanthus oreodoxus, uma esp\u00e9cie de sempre-viva que ocorre apenas nos campos rupestres entre 1.400 e 1.530 metros de altitude. Assim como sua conterr\u00e2nea flor\u00edstica, a esp\u00e9cie j\u00e1 \u00e9 considerada criticamente amea\u00e7ada de extin\u00e7\u00e3o devido ao seu habitat limitado e desprotegido.<br>Curiosamente, os parentes mais pr\u00f3ximos desta pequena sempre-viva est\u00e3o a mais de 200 quil\u00f4metros de dist\u00e2ncia dali, na Serra do Espinha\u00e7o. \u201cPercebemos que esse padr\u00e3o se repete para v\u00e1rias esp\u00e9cies novas descobertas na regi\u00e3o, revelando um passado compartilhado entre as esp\u00e9cies dessas serras do leste de Minas com outras \u00e1reas de campos rupestres\u201d, conta a pesquisadora Caroline Andrino, do Instituto Tecnol\u00f3gico da Vale, que liderou o estudo, <a href=\"https:\/\/www.plecevo.eu\/index.php\/plecevo\/article\/view\/1769\/2397\" target=\"_blank\" rel=\"noreferrer noopener\">publicado na revista cient\u00edfica Plant Ecology and Evolution<\/a>, no final de mar\u00e7o.<br>As outras duas plantas rec\u00e9m-descritas s\u00e3o margaridas, a Lepidaploa campirupestris, tamb\u00e9m restrita \u00e0s partes mais altas da Serra do Padre \u00c2ngelo; e a Lessingianthus petraeus \u2014 que tem como peculiaridade o fato de que cresce apenas entre pedras, da\u00ed o nome \u2014 encontrada no Pico da Alian\u00e7a, no munic\u00edpio vizinho de Alvarenga. <\/p>\n\n\n\n<figure class=\"wp-block-image size-large\"><img loading=\"lazy\" decoding=\"async\" width=\"1000\" height=\"666\" src=\"https:\/\/jornalfatosenoticias.com.br\/wp-content\/uploads\/2021\/04\/Partes-mais-altas-da-Serra-do-Padre-Angelo_Paulo-Gonella.jpg\" alt=\"\" class=\"wp-image-16805\" srcset=\"https:\/\/jornalfatosenoticias.com.br\/wp-content\/uploads\/2021\/04\/Partes-mais-altas-da-Serra-do-Padre-Angelo_Paulo-Gonella.jpg 1000w, https:\/\/jornalfatosenoticias.com.br\/wp-content\/uploads\/2021\/04\/Partes-mais-altas-da-Serra-do-Padre-Angelo_Paulo-Gonella-300x200.jpg 300w, https:\/\/jornalfatosenoticias.com.br\/wp-content\/uploads\/2021\/04\/Partes-mais-altas-da-Serra-do-Padre-Angelo_Paulo-Gonella-768x511.jpg 768w\" sizes=\"auto, (max-width: 1000px) 100vw, 1000px\" \/><figcaption><em>Partes mais altas da Serra do Padre \u00c2ngelo meses ap\u00f3s o inc\u00eandio de outubro de 2020 (Foto: Paulo Gonella)<\/em><\/figcaption><\/figure>\n\n\n\n<p>A descoberta de ambas as esp\u00e9cies de margaridas \u2014 tamb\u00e9m classificadas como criticamente amea\u00e7adas \u2014 est\u00e1 detalhada em <a href=\"https:\/\/www.plecevo.eu\/index.php\/plecevo\/article\/view\/1791\/2395\" target=\"_blank\" rel=\"noreferrer noopener\">outro artigo publicado na Plant Ecology and Evolution<\/a>.<br>\u201cAl\u00e9m da sua enorme biodiversidade, os campos rupestres s\u00e3o conhecidos pelo elevado n\u00famero de esp\u00e9cies end\u00eamicas, que s\u00e3o aquelas que s\u00f3 s\u00e3o encontradas em um local. Essas quatro esp\u00e9cies novas foram encontradas apenas em partes restritas dessas serras, revelando o enorme potencial dessas montanhas para a descoberta de novas esp\u00e9cies\u201d, destaca o bot\u00e2nico Guilherme Medeiros Antar, que liderou o estudo sobre as margaridas.<br>Os pesquisadores alertam ainda para a vulnerabilidade do habitat dessas plantas, em especial a Serra do Padre \u00c2ngelo, que n\u00e3o conta com nenhuma \u00e1rea protegida para ajudar a preservar sua rica biodiversidade \u2014 al\u00e9m das rec\u00e9m-descobertas, a serra tamb\u00e9m abriga a planta carn\u00edvora Drosera magnifica, descrita em 2015 e end\u00eamica do local. Em outubro de 2020, um inc\u00eandio devastou grande parte da serra e o fogo, de origem humana e descontrolada, \u00e9 uma amea\u00e7a recorrente para flora nativa da regi\u00e3o, cada vez mais pressionada pelo avan\u00e7o de gram\u00edneas ex\u00f3ticas que transformam os campos rupestres em pastagens e p\u00f5em em xeque o futuro dessas e outras esp\u00e9cies encontradas apenas na serra.<\/p>\n\n\n\n<figure class=\"wp-block-image size-large\"><img loading=\"lazy\" decoding=\"async\" width=\"1000\" height=\"750\" src=\"https:\/\/jornalfatosenoticias.com.br\/wp-content\/uploads\/2021\/04\/Drosera-magnifica_Paulo-Gonella.jpg\" alt=\"\" class=\"wp-image-16806\" srcset=\"https:\/\/jornalfatosenoticias.com.br\/wp-content\/uploads\/2021\/04\/Drosera-magnifica_Paulo-Gonella.jpg 1000w, https:\/\/jornalfatosenoticias.com.br\/wp-content\/uploads\/2021\/04\/Drosera-magnifica_Paulo-Gonella-300x225.jpg 300w, https:\/\/jornalfatosenoticias.com.br\/wp-content\/uploads\/2021\/04\/Drosera-magnifica_Paulo-Gonella-768x576.jpg 768w\" sizes=\"auto, (max-width: 1000px) 100vw, 1000px\" \/><figcaption><em>A planta carn\u00edvora Drosera magnifica, outra raridade amea\u00e7ada da Serra Padre \u00c2ngelo (Foto: Paulo Gonella)<\/em><\/figcaption><\/figure>\n\n\n\n<p>\u201cA conserva\u00e7\u00e3o desses remanescentes de vegeta\u00e7\u00e3o nativa \u00e9 urgente e requer o envolvimento da sociedade e do poder p\u00fablico dos munic\u00edpios da regi\u00e3o. Muitas outras esp\u00e9cies novas descobertas na regi\u00e3o est\u00e3o em estudo e muitas mais devem aparecer conforme estudamos novas \u00e1reas ainda inexploradas. Se nada for feito para a prote\u00e7\u00e3o dessas montanhas, podemos perder essas esp\u00e9cies antes mesmo que possamos saber quem s\u00e3o ou que existiram um dia\u201d, alerta o bot\u00e2nico Paulo Gonella.<br>O pesquisador, que esteve envolvido na descoberta das quatro novas esp\u00e9cies, al\u00e9m da planta carn\u00edvora, ressalta a import\u00e2ncia de criar uma unidade de conserva\u00e7\u00e3o que proteja a serra, pois como os estudos apontam, toda essa rica biodiversidade \u00fanica da Serra do Padre \u00c2ngelo e cercanias est\u00e1 perigosamente amea\u00e7ada. \u201cEssas descobertas se somam ao trabalho de invent\u00e1rio da flora e fauna que temos realizado na \u00e1rea nesse \u00faltimo ano, que visa levantar dados para subsidiar a cria\u00e7\u00e3o de \u00e1reas protegidas na regi\u00e3o\u201d, completa Gonella, que coordena o projeto financiado pelo Fundo de Conserva\u00e7\u00e3o de Esp\u00e9cies Amea\u00e7adas \u201cMohamed bin Zayed\u201d, dos Emirados \u00c1rabes.<\/p>\n\n\n\n<p><em><strong><span class=\"has-inline-color has-vivid-red-color\">Legenda da foto de capa:<\/span><\/strong> Uma das novas esp\u00e9cies \u00e9 a Paepalanthus oreodoxus, uma sempre-viva que ocorre apenas nas alturas dos campos rupestres<\/em><\/p>\n\n\n\n<p><strong><em>Fonte: <a href=\"https:\/\/www.oeco.org.br\/noticias\/quatro-especies-de-plantas-raras-sao-descobertas-nas-serras-de-minas-gerais\/#:~:text=E%20nas%20serras%20ao%20leste,quatro%20novas%20esp%C3%A9cies%20de%20plantas.&amp;text=A%20primeira%20esp%C3%A9cie%20a%20ser,do%20manjeric%C3%A3o%20e%20do%20or%C3%A9gano.\">((o))eco<\/a><\/em><\/strong><\/p>\n","protected":false},"excerpt":{"rendered":"<p>Minas Gerais n\u00e3o \u00e9 uma palavra montanhosa, mas, sim, abissal, j\u00e1 diria o poeta Carlos Drummond de Andrade, e tamb\u00e9m palavra biodiversa, complementariam os pesquisadores. O relevo acidentado do estado abriga uma rica diversidade de esp\u00e9cies, muitas delas restritas apenas ao \u201cmar mineiro\u201d. E nas serras ao leste de Minas Gerais, em especial na Serra [&hellip;]<\/p>\n","protected":false},"author":2,"featured_media":16807,"comment_status":"open","ping_status":"open","sticky":false,"template":"","format":"standard","meta":{"footnotes":""},"categories":[8],"tags":[516,3512,2665,1924,115],"class_list":["post-16804","post","type-post","status-publish","format-standard","has-post-thumbnail","hentry","category-meio-ambiente","tag-conservacao","tag-especies-ameacadas","tag-flora","tag-minas-gerais","tag-pesquisa"],"yoast_head":"<!-- This site is optimized with the Yoast SEO plugin v26.5 - https:\/\/yoast.com\/wordpress\/plugins\/seo\/ -->\n<title>Quatro esp\u00e9cies de plantas raras s\u00e3o descobertas nas serras de Minas Gerais - Jornal Fatos e Not\u00edcias<\/title>\n<meta name=\"robots\" content=\"index, follow, max-snippet:-1, max-image-preview:large, max-video-preview:-1\" \/>\n<link rel=\"canonical\" href=\"https:\/\/jornalfatosenoticias.com.br\/index.php\/2021\/04\/08\/quatro-especies-de-plantas-raras-sao-descobertas-nas-serras-de-minas-gerais\/\" \/>\n<meta property=\"og:locale\" content=\"pt_BR\" \/>\n<meta property=\"og:type\" content=\"article\" \/>\n<meta property=\"og:title\" content=\"Quatro esp\u00e9cies de plantas raras s\u00e3o descobertas nas serras de Minas Gerais - Jornal Fatos e Not\u00edcias\" \/>\n<meta property=\"og:description\" content=\"Minas Gerais n\u00e3o \u00e9 uma palavra montanhosa, mas, sim, abissal, j\u00e1 diria o poeta Carlos Drummond de Andrade, e tamb\u00e9m palavra biodiversa, complementariam os pesquisadores. O relevo acidentado do estado abriga uma rica diversidade de esp\u00e9cies, muitas delas restritas apenas ao \u201cmar mineiro\u201d. E nas serras ao leste de Minas Gerais, em especial na Serra [&hellip;]\" \/>\n<meta property=\"og:url\" content=\"https:\/\/jornalfatosenoticias.com.br\/index.php\/2021\/04\/08\/quatro-especies-de-plantas-raras-sao-descobertas-nas-serras-de-minas-gerais\/\" \/>\n<meta property=\"og:site_name\" content=\"Jornal Fatos e Not\u00edcias\" \/>\n<meta property=\"article:published_time\" content=\"2021-04-08T18:46:35+00:00\" \/>\n<meta property=\"article:modified_time\" content=\"2021-04-08T18:46:38+00:00\" \/>\n<meta property=\"og:image\" content=\"https:\/\/jornalfatosenoticias.com.br\/wp-content\/uploads\/2021\/04\/Oeco_Paepalanthus-oreodoxus_Paulo-Gonella.jpg\" \/>\n\t<meta property=\"og:image:width\" content=\"1000\" \/>\n\t<meta property=\"og:image:height\" content=\"750\" \/>\n\t<meta property=\"og:image:type\" content=\"image\/jpeg\" \/>\n<meta name=\"author\" content=\"Luzimara Fernandes\" \/>\n<meta name=\"twitter:card\" content=\"summary_large_image\" \/>\n<meta name=\"twitter:label1\" content=\"Escrito por\" \/>\n\t<meta name=\"twitter:data1\" content=\"Luzimara Fernandes\" \/>\n\t<meta name=\"twitter:label2\" content=\"Est. tempo de leitura\" \/>\n\t<meta name=\"twitter:data2\" content=\"5 minutos\" \/>\n<script type=\"application\/ld+json\" class=\"yoast-schema-graph\">{\"@context\":\"https:\/\/schema.org\",\"@graph\":[{\"@type\":\"Article\",\"@id\":\"https:\/\/jornalfatosenoticias.com.br\/index.php\/2021\/04\/08\/quatro-especies-de-plantas-raras-sao-descobertas-nas-serras-de-minas-gerais\/#article\",\"isPartOf\":{\"@id\":\"https:\/\/jornalfatosenoticias.com.br\/index.php\/2021\/04\/08\/quatro-especies-de-plantas-raras-sao-descobertas-nas-serras-de-minas-gerais\/\"},\"author\":{\"name\":\"Luzimara Fernandes\",\"@id\":\"https:\/\/jornalfatosenoticias.com.br\/#\/schema\/person\/d63837fa13ac8666eb9e74e0985d6f81\"},\"headline\":\"Quatro esp\u00e9cies de plantas raras s\u00e3o descobertas nas serras de Minas Gerais\",\"datePublished\":\"2021-04-08T18:46:35+00:00\",\"dateModified\":\"2021-04-08T18:46:38+00:00\",\"mainEntityOfPage\":{\"@id\":\"https:\/\/jornalfatosenoticias.com.br\/index.php\/2021\/04\/08\/quatro-especies-de-plantas-raras-sao-descobertas-nas-serras-de-minas-gerais\/\"},\"wordCount\":980,\"commentCount\":0,\"publisher\":{\"@id\":\"https:\/\/jornalfatosenoticias.com.br\/#organization\"},\"image\":{\"@id\":\"https:\/\/jornalfatosenoticias.com.br\/index.php\/2021\/04\/08\/quatro-especies-de-plantas-raras-sao-descobertas-nas-serras-de-minas-gerais\/#primaryimage\"},\"thumbnailUrl\":\"https:\/\/jornalfatosenoticias.com.br\/wp-content\/uploads\/2021\/04\/Oeco_Paepalanthus-oreodoxus_Paulo-Gonella.jpg\",\"keywords\":[\"conserva\u00e7\u00e3o\",\"esp\u00e9cies amea\u00e7adas\",\"flora\",\"Minas Gerais\",\"pesquisa\"],\"articleSection\":[\"Meio ambiente\"],\"inLanguage\":\"pt-BR\",\"potentialAction\":[{\"@type\":\"CommentAction\",\"name\":\"Comment\",\"target\":[\"https:\/\/jornalfatosenoticias.com.br\/index.php\/2021\/04\/08\/quatro-especies-de-plantas-raras-sao-descobertas-nas-serras-de-minas-gerais\/#respond\"]}]},{\"@type\":\"WebPage\",\"@id\":\"https:\/\/jornalfatosenoticias.com.br\/index.php\/2021\/04\/08\/quatro-especies-de-plantas-raras-sao-descobertas-nas-serras-de-minas-gerais\/\",\"url\":\"https:\/\/jornalfatosenoticias.com.br\/index.php\/2021\/04\/08\/quatro-especies-de-plantas-raras-sao-descobertas-nas-serras-de-minas-gerais\/\",\"name\":\"Quatro esp\u00e9cies de plantas raras s\u00e3o descobertas nas serras de Minas Gerais - Jornal Fatos e Not\u00edcias\",\"isPartOf\":{\"@id\":\"https:\/\/jornalfatosenoticias.com.br\/#website\"},\"primaryImageOfPage\":{\"@id\":\"https:\/\/jornalfatosenoticias.com.br\/index.php\/2021\/04\/08\/quatro-especies-de-plantas-raras-sao-descobertas-nas-serras-de-minas-gerais\/#primaryimage\"},\"image\":{\"@id\":\"https:\/\/jornalfatosenoticias.com.br\/index.php\/2021\/04\/08\/quatro-especies-de-plantas-raras-sao-descobertas-nas-serras-de-minas-gerais\/#primaryimage\"},\"thumbnailUrl\":\"https:\/\/jornalfatosenoticias.com.br\/wp-content\/uploads\/2021\/04\/Oeco_Paepalanthus-oreodoxus_Paulo-Gonella.jpg\",\"datePublished\":\"2021-04-08T18:46:35+00:00\",\"dateModified\":\"2021-04-08T18:46:38+00:00\",\"breadcrumb\":{\"@id\":\"https:\/\/jornalfatosenoticias.com.br\/index.php\/2021\/04\/08\/quatro-especies-de-plantas-raras-sao-descobertas-nas-serras-de-minas-gerais\/#breadcrumb\"},\"inLanguage\":\"pt-BR\",\"potentialAction\":[{\"@type\":\"ReadAction\",\"target\":[\"https:\/\/jornalfatosenoticias.com.br\/index.php\/2021\/04\/08\/quatro-especies-de-plantas-raras-sao-descobertas-nas-serras-de-minas-gerais\/\"]}]},{\"@type\":\"ImageObject\",\"inLanguage\":\"pt-BR\",\"@id\":\"https:\/\/jornalfatosenoticias.com.br\/index.php\/2021\/04\/08\/quatro-especies-de-plantas-raras-sao-descobertas-nas-serras-de-minas-gerais\/#primaryimage\",\"url\":\"https:\/\/jornalfatosenoticias.com.br\/wp-content\/uploads\/2021\/04\/Oeco_Paepalanthus-oreodoxus_Paulo-Gonella.jpg\",\"contentUrl\":\"https:\/\/jornalfatosenoticias.com.br\/wp-content\/uploads\/2021\/04\/Oeco_Paepalanthus-oreodoxus_Paulo-Gonella.jpg\",\"width\":1000,\"height\":750},{\"@type\":\"BreadcrumbList\",\"@id\":\"https:\/\/jornalfatosenoticias.com.br\/index.php\/2021\/04\/08\/quatro-especies-de-plantas-raras-sao-descobertas-nas-serras-de-minas-gerais\/#breadcrumb\",\"itemListElement\":[{\"@type\":\"ListItem\",\"position\":1,\"name\":\"In\u00edcio\",\"item\":\"https:\/\/jornalfatosenoticias.com.br\/\"},{\"@type\":\"ListItem\",\"position\":2,\"name\":\"Quatro esp\u00e9cies de plantas raras s\u00e3o descobertas nas serras de Minas Gerais\"}]},{\"@type\":\"WebSite\",\"@id\":\"https:\/\/jornalfatosenoticias.com.br\/#website\",\"url\":\"https:\/\/jornalfatosenoticias.com.br\/\",\"name\":\"Jornal Fatos e Not\u00edcias\",\"description\":\"Not\u00edcias em geral\",\"publisher\":{\"@id\":\"https:\/\/jornalfatosenoticias.com.br\/#organization\"},\"potentialAction\":[{\"@type\":\"SearchAction\",\"target\":{\"@type\":\"EntryPoint\",\"urlTemplate\":\"https:\/\/jornalfatosenoticias.com.br\/?s={search_term_string}\"},\"query-input\":{\"@type\":\"PropertyValueSpecification\",\"valueRequired\":true,\"valueName\":\"search_term_string\"}}],\"inLanguage\":\"pt-BR\"},{\"@type\":\"Organization\",\"@id\":\"https:\/\/jornalfatosenoticias.com.br\/#organization\",\"name\":\"Jornal Fatos e Not\u00edcias\",\"url\":\"https:\/\/jornalfatosenoticias.com.br\/\",\"logo\":{\"@type\":\"ImageObject\",\"inLanguage\":\"pt-BR\",\"@id\":\"https:\/\/jornalfatosenoticias.com.br\/#\/schema\/logo\/image\/\",\"url\":\"https:\/\/jornalfatosenoticias.com.br\/wp-content\/uploads\/2020\/02\/logo120.png\",\"contentUrl\":\"https:\/\/jornalfatosenoticias.com.br\/wp-content\/uploads\/2020\/02\/logo120.png\",\"width\":1227,\"height\":120,\"caption\":\"Jornal Fatos e Not\u00edcias\"},\"image\":{\"@id\":\"https:\/\/jornalfatosenoticias.com.br\/#\/schema\/logo\/image\/\"}},{\"@type\":\"Person\",\"@id\":\"https:\/\/jornalfatosenoticias.com.br\/#\/schema\/person\/d63837fa13ac8666eb9e74e0985d6f81\",\"name\":\"Luzimara Fernandes\",\"image\":{\"@type\":\"ImageObject\",\"inLanguage\":\"pt-BR\",\"@id\":\"https:\/\/jornalfatosenoticias.com.br\/#\/schema\/person\/image\/\",\"url\":\"https:\/\/jornalfatosenoticias.com.br\/wp-content\/uploads\/2025\/05\/EU_portal.jpg\",\"contentUrl\":\"https:\/\/jornalfatosenoticias.com.br\/wp-content\/uploads\/2025\/05\/EU_portal.jpg\",\"caption\":\"Luzimara Fernandes\"},\"description\":\"Jornalista MTB 2358-ES\",\"sameAs\":[\"https:\/\/jornalfatosenoticias.com.br\"],\"url\":\"https:\/\/jornalfatosenoticias.com.br\/index.php\/author\/luzimara\/\"}]}<\/script>\n<!-- \/ Yoast SEO plugin. -->","yoast_head_json":{"title":"Quatro esp\u00e9cies de plantas raras s\u00e3o descobertas nas serras de Minas Gerais - Jornal Fatos e Not\u00edcias","robots":{"index":"index","follow":"follow","max-snippet":"max-snippet:-1","max-image-preview":"max-image-preview:large","max-video-preview":"max-video-preview:-1"},"canonical":"https:\/\/jornalfatosenoticias.com.br\/index.php\/2021\/04\/08\/quatro-especies-de-plantas-raras-sao-descobertas-nas-serras-de-minas-gerais\/","og_locale":"pt_BR","og_type":"article","og_title":"Quatro esp\u00e9cies de plantas raras s\u00e3o descobertas nas serras de Minas Gerais - Jornal Fatos e Not\u00edcias","og_description":"Minas Gerais n\u00e3o \u00e9 uma palavra montanhosa, mas, sim, abissal, j\u00e1 diria o poeta Carlos Drummond de Andrade, e tamb\u00e9m palavra biodiversa, complementariam os pesquisadores. O relevo acidentado do estado abriga uma rica diversidade de esp\u00e9cies, muitas delas restritas apenas ao \u201cmar mineiro\u201d. E nas serras ao leste de Minas Gerais, em especial na Serra [&hellip;]","og_url":"https:\/\/jornalfatosenoticias.com.br\/index.php\/2021\/04\/08\/quatro-especies-de-plantas-raras-sao-descobertas-nas-serras-de-minas-gerais\/","og_site_name":"Jornal Fatos e Not\u00edcias","article_published_time":"2021-04-08T18:46:35+00:00","article_modified_time":"2021-04-08T18:46:38+00:00","og_image":[{"width":1000,"height":750,"url":"https:\/\/jornalfatosenoticias.com.br\/wp-content\/uploads\/2021\/04\/Oeco_Paepalanthus-oreodoxus_Paulo-Gonella.jpg","type":"image\/jpeg"}],"author":"Luzimara Fernandes","twitter_card":"summary_large_image","twitter_misc":{"Escrito por":"Luzimara Fernandes","Est. tempo de leitura":"5 minutos"},"schema":{"@context":"https:\/\/schema.org","@graph":[{"@type":"Article","@id":"https:\/\/jornalfatosenoticias.com.br\/index.php\/2021\/04\/08\/quatro-especies-de-plantas-raras-sao-descobertas-nas-serras-de-minas-gerais\/#article","isPartOf":{"@id":"https:\/\/jornalfatosenoticias.com.br\/index.php\/2021\/04\/08\/quatro-especies-de-plantas-raras-sao-descobertas-nas-serras-de-minas-gerais\/"},"author":{"name":"Luzimara Fernandes","@id":"https:\/\/jornalfatosenoticias.com.br\/#\/schema\/person\/d63837fa13ac8666eb9e74e0985d6f81"},"headline":"Quatro esp\u00e9cies de plantas raras s\u00e3o descobertas nas serras de Minas Gerais","datePublished":"2021-04-08T18:46:35+00:00","dateModified":"2021-04-08T18:46:38+00:00","mainEntityOfPage":{"@id":"https:\/\/jornalfatosenoticias.com.br\/index.php\/2021\/04\/08\/quatro-especies-de-plantas-raras-sao-descobertas-nas-serras-de-minas-gerais\/"},"wordCount":980,"commentCount":0,"publisher":{"@id":"https:\/\/jornalfatosenoticias.com.br\/#organization"},"image":{"@id":"https:\/\/jornalfatosenoticias.com.br\/index.php\/2021\/04\/08\/quatro-especies-de-plantas-raras-sao-descobertas-nas-serras-de-minas-gerais\/#primaryimage"},"thumbnailUrl":"https:\/\/jornalfatosenoticias.com.br\/wp-content\/uploads\/2021\/04\/Oeco_Paepalanthus-oreodoxus_Paulo-Gonella.jpg","keywords":["conserva\u00e7\u00e3o","esp\u00e9cies amea\u00e7adas","flora","Minas Gerais","pesquisa"],"articleSection":["Meio ambiente"],"inLanguage":"pt-BR","potentialAction":[{"@type":"CommentAction","name":"Comment","target":["https:\/\/jornalfatosenoticias.com.br\/index.php\/2021\/04\/08\/quatro-especies-de-plantas-raras-sao-descobertas-nas-serras-de-minas-gerais\/#respond"]}]},{"@type":"WebPage","@id":"https:\/\/jornalfatosenoticias.com.br\/index.php\/2021\/04\/08\/quatro-especies-de-plantas-raras-sao-descobertas-nas-serras-de-minas-gerais\/","url":"https:\/\/jornalfatosenoticias.com.br\/index.php\/2021\/04\/08\/quatro-especies-de-plantas-raras-sao-descobertas-nas-serras-de-minas-gerais\/","name":"Quatro esp\u00e9cies de plantas raras s\u00e3o descobertas nas serras de Minas Gerais - Jornal Fatos e Not\u00edcias","isPartOf":{"@id":"https:\/\/jornalfatosenoticias.com.br\/#website"},"primaryImageOfPage":{"@id":"https:\/\/jornalfatosenoticias.com.br\/index.php\/2021\/04\/08\/quatro-especies-de-plantas-raras-sao-descobertas-nas-serras-de-minas-gerais\/#primaryimage"},"image":{"@id":"https:\/\/jornalfatosenoticias.com.br\/index.php\/2021\/04\/08\/quatro-especies-de-plantas-raras-sao-descobertas-nas-serras-de-minas-gerais\/#primaryimage"},"thumbnailUrl":"https:\/\/jornalfatosenoticias.com.br\/wp-content\/uploads\/2021\/04\/Oeco_Paepalanthus-oreodoxus_Paulo-Gonella.jpg","datePublished":"2021-04-08T18:46:35+00:00","dateModified":"2021-04-08T18:46:38+00:00","breadcrumb":{"@id":"https:\/\/jornalfatosenoticias.com.br\/index.php\/2021\/04\/08\/quatro-especies-de-plantas-raras-sao-descobertas-nas-serras-de-minas-gerais\/#breadcrumb"},"inLanguage":"pt-BR","potentialAction":[{"@type":"ReadAction","target":["https:\/\/jornalfatosenoticias.com.br\/index.php\/2021\/04\/08\/quatro-especies-de-plantas-raras-sao-descobertas-nas-serras-de-minas-gerais\/"]}]},{"@type":"ImageObject","inLanguage":"pt-BR","@id":"https:\/\/jornalfatosenoticias.com.br\/index.php\/2021\/04\/08\/quatro-especies-de-plantas-raras-sao-descobertas-nas-serras-de-minas-gerais\/#primaryimage","url":"https:\/\/jornalfatosenoticias.com.br\/wp-content\/uploads\/2021\/04\/Oeco_Paepalanthus-oreodoxus_Paulo-Gonella.jpg","contentUrl":"https:\/\/jornalfatosenoticias.com.br\/wp-content\/uploads\/2021\/04\/Oeco_Paepalanthus-oreodoxus_Paulo-Gonella.jpg","width":1000,"height":750},{"@type":"BreadcrumbList","@id":"https:\/\/jornalfatosenoticias.com.br\/index.php\/2021\/04\/08\/quatro-especies-de-plantas-raras-sao-descobertas-nas-serras-de-minas-gerais\/#breadcrumb","itemListElement":[{"@type":"ListItem","position":1,"name":"In\u00edcio","item":"https:\/\/jornalfatosenoticias.com.br\/"},{"@type":"ListItem","position":2,"name":"Quatro esp\u00e9cies de plantas raras s\u00e3o descobertas nas serras de Minas Gerais"}]},{"@type":"WebSite","@id":"https:\/\/jornalfatosenoticias.com.br\/#website","url":"https:\/\/jornalfatosenoticias.com.br\/","name":"Jornal Fatos e Not\u00edcias","description":"Not\u00edcias em geral","publisher":{"@id":"https:\/\/jornalfatosenoticias.com.br\/#organization"},"potentialAction":[{"@type":"SearchAction","target":{"@type":"EntryPoint","urlTemplate":"https:\/\/jornalfatosenoticias.com.br\/?s={search_term_string}"},"query-input":{"@type":"PropertyValueSpecification","valueRequired":true,"valueName":"search_term_string"}}],"inLanguage":"pt-BR"},{"@type":"Organization","@id":"https:\/\/jornalfatosenoticias.com.br\/#organization","name":"Jornal Fatos e Not\u00edcias","url":"https:\/\/jornalfatosenoticias.com.br\/","logo":{"@type":"ImageObject","inLanguage":"pt-BR","@id":"https:\/\/jornalfatosenoticias.com.br\/#\/schema\/logo\/image\/","url":"https:\/\/jornalfatosenoticias.com.br\/wp-content\/uploads\/2020\/02\/logo120.png","contentUrl":"https:\/\/jornalfatosenoticias.com.br\/wp-content\/uploads\/2020\/02\/logo120.png","width":1227,"height":120,"caption":"Jornal Fatos e Not\u00edcias"},"image":{"@id":"https:\/\/jornalfatosenoticias.com.br\/#\/schema\/logo\/image\/"}},{"@type":"Person","@id":"https:\/\/jornalfatosenoticias.com.br\/#\/schema\/person\/d63837fa13ac8666eb9e74e0985d6f81","name":"Luzimara Fernandes","image":{"@type":"ImageObject","inLanguage":"pt-BR","@id":"https:\/\/jornalfatosenoticias.com.br\/#\/schema\/person\/image\/","url":"https:\/\/jornalfatosenoticias.com.br\/wp-content\/uploads\/2025\/05\/EU_portal.jpg","contentUrl":"https:\/\/jornalfatosenoticias.com.br\/wp-content\/uploads\/2025\/05\/EU_portal.jpg","caption":"Luzimara Fernandes"},"description":"Jornalista MTB 2358-ES","sameAs":["https:\/\/jornalfatosenoticias.com.br"],"url":"https:\/\/jornalfatosenoticias.com.br\/index.php\/author\/luzimara\/"}]}},"cc_featured_image_caption":{"caption_text":"(Foto: Paulo Gonella) \r\n","source_text":"","source_url":""},"jetpack_featured_media_url":"https:\/\/jornalfatosenoticias.com.br\/wp-content\/uploads\/2021\/04\/Oeco_Paepalanthus-oreodoxus_Paulo-Gonella.jpg","_links":{"self":[{"href":"https:\/\/jornalfatosenoticias.com.br\/index.php\/wp-json\/wp\/v2\/posts\/16804","targetHints":{"allow":["GET"]}}],"collection":[{"href":"https:\/\/jornalfatosenoticias.com.br\/index.php\/wp-json\/wp\/v2\/posts"}],"about":[{"href":"https:\/\/jornalfatosenoticias.com.br\/index.php\/wp-json\/wp\/v2\/types\/post"}],"author":[{"embeddable":true,"href":"https:\/\/jornalfatosenoticias.com.br\/index.php\/wp-json\/wp\/v2\/users\/2"}],"replies":[{"embeddable":true,"href":"https:\/\/jornalfatosenoticias.com.br\/index.php\/wp-json\/wp\/v2\/comments?post=16804"}],"version-history":[{"count":0,"href":"https:\/\/jornalfatosenoticias.com.br\/index.php\/wp-json\/wp\/v2\/posts\/16804\/revisions"}],"wp:featuredmedia":[{"embeddable":true,"href":"https:\/\/jornalfatosenoticias.com.br\/index.php\/wp-json\/wp\/v2\/media\/16807"}],"wp:attachment":[{"href":"https:\/\/jornalfatosenoticias.com.br\/index.php\/wp-json\/wp\/v2\/media?parent=16804"}],"wp:term":[{"taxonomy":"category","embeddable":true,"href":"https:\/\/jornalfatosenoticias.com.br\/index.php\/wp-json\/wp\/v2\/categories?post=16804"},{"taxonomy":"post_tag","embeddable":true,"href":"https:\/\/jornalfatosenoticias.com.br\/index.php\/wp-json\/wp\/v2\/tags?post=16804"}],"curies":[{"name":"wp","href":"https:\/\/api.w.org\/{rel}","templated":true}]}}