{"id":16813,"date":"2021-04-08T15:55:22","date_gmt":"2021-04-08T18:55:22","guid":{"rendered":"https:\/\/jornalfatosenoticias.com.br\/?p=16813"},"modified":"2021-04-08T15:55:23","modified_gmt":"2021-04-08T18:55:23","slug":"restos-de-roupa-sao-usados-na-producao-de-tijolos","status":"publish","type":"post","link":"https:\/\/jornalfatosenoticias.com.br\/index.php\/2021\/04\/08\/restos-de-roupa-sao-usados-na-producao-de-tijolos\/","title":{"rendered":"Restos de roupa s\u00e3o usados na produ\u00e7\u00e3o de tijolos"},"content":{"rendered":"\n<p><em>Tecidos t\u00eam um destino mais sustent\u00e1vel com a fabrica\u00e7\u00e3o de tijolos decorativos que funcionam como isolante t\u00e9rmico e ac\u00fastico<\/em><\/p>\n\n\n\n<p>Quando estava na faculdade de arquitetura, a francesa Clarisse Merlet ficou impressionada com a quantidade de res\u00edduos que a ind\u00fastria t\u00eaxtil gerava \u2014 s\u00f3 na Fran\u00e7a, s\u00e3o cerca de quatro milh\u00f5es de toneladas e, nos Estados Unidos, mais de 17 milh\u00f5es de toneladas. O mais grave \u00e9 que menos de um ter\u00e7o destes res\u00edduos, compostos principalmente por restos de tecido e roupas, s\u00e3o reutilizados ou reciclados.<br>Merlet tamb\u00e9m se preocupava com o impacto ambiental da constru\u00e7\u00e3o civil, com grande extra\u00e7\u00e3o de recursos naturais e desperd\u00edcio, e encontrou uma solu\u00e7\u00e3o \u00fanica para estes dois problemas e come\u00e7ou a fabricar tijolos decorativos e isolantes com restos de roupa. Este \u00e9 o produto da premiada empresa fundada por Clarisse, a <a href=\"https:\/\/www.fab-brick.com\/en\" target=\"_blank\" rel=\"noreferrer noopener\">FabBRICK<\/a>.<\/p>\n\n\n\n<figure class=\"wp-block-image size-large\"><img loading=\"lazy\" decoding=\"async\" width=\"1000\" height=\"545\" src=\"https:\/\/jornalfatosenoticias.com.br\/wp-content\/uploads\/2021\/04\/tijolo-tecido-2.jpg\" alt=\"\" class=\"wp-image-16814\" srcset=\"https:\/\/jornalfatosenoticias.com.br\/wp-content\/uploads\/2021\/04\/tijolo-tecido-2.jpg 1000w, https:\/\/jornalfatosenoticias.com.br\/wp-content\/uploads\/2021\/04\/tijolo-tecido-2-300x164.jpg 300w, https:\/\/jornalfatosenoticias.com.br\/wp-content\/uploads\/2021\/04\/tijolo-tecido-2-768x419.jpg 768w\" sizes=\"auto, (max-width: 1000px) 100vw, 1000px\" \/><figcaption><em>(Foto: FabBRICK)<\/em><\/figcaption><\/figure>\n\n\n\n<p>O componente b\u00e1sico dos tijolos \u00e9 a roupa rasgada, comprada pr\u00e9-mo\u00edda de um fornecedor na Normandia. Cada tijolo usa o equivalente a duas a tr\u00eas camisetas de material e, qualquer tipo de tecido pode ser usado. Os res\u00edduos s\u00e3o misturados com uma cola ecol\u00f3gica, tamb\u00e9m desenvolvida por Clarisse, e prensados em um molde de tijolo.<br>Este molde usa compress\u00e3o mec\u00e2nica para formar os tijolos, portanto, n\u00e3o requer energia al\u00e9m da necess\u00e1ria para pression\u00e1-lo para baixo. Os tijolos molhados s\u00e3o removidos do molde e colocados para secar por duas semanas antes de usar.<\/p>\n\n\n\n<figure class=\"wp-block-image size-large\"><img loading=\"lazy\" decoding=\"async\" width=\"1000\" height=\"681\" src=\"https:\/\/jornalfatosenoticias.com.br\/wp-content\/uploads\/2021\/04\/tijolo-tecido-3.jpg\" alt=\"\" class=\"wp-image-16815\" srcset=\"https:\/\/jornalfatosenoticias.com.br\/wp-content\/uploads\/2021\/04\/tijolo-tecido-3.jpg 1000w, https:\/\/jornalfatosenoticias.com.br\/wp-content\/uploads\/2021\/04\/tijolo-tecido-3-300x204.jpg 300w, https:\/\/jornalfatosenoticias.com.br\/wp-content\/uploads\/2021\/04\/tijolo-tecido-3-768x523.jpg 768w\" sizes=\"auto, (max-width: 1000px) 100vw, 1000px\" \/><figcaption><em>(Foto: FabBRICK)<\/em><\/figcaption><\/figure>\n\n\n\n<p>\u00c9 importante ressaltar que estes tijolos n\u00e3o podem ser usados na constru\u00e7\u00e3o de paredes partes estruturais, mas podem ser aproveitados para decora\u00e7\u00e3o e constru\u00e7\u00e3o de compartimentos e divis\u00f3rias internas, sendo aproveitados em v\u00e1rias lojas.<br>Os tijolos s\u00e3o resistentes ao fogo e \u00e0 umidade e s\u00e3o um excelente isolante t\u00e9rmico e ac\u00fastico. As pe\u00e7as podem ter quatro tamanhos diferentes e tamb\u00e9m j\u00e1 foram aproveitadas em lumin\u00e1rias, mesas, bancos e muito mais.<\/p>\n\n\n\n<figure class=\"wp-block-image size-large\"><img loading=\"lazy\" decoding=\"async\" width=\"1000\" height=\"697\" src=\"https:\/\/jornalfatosenoticias.com.br\/wp-content\/uploads\/2021\/04\/tijolos-tecido-4.jpg\" alt=\"\" class=\"wp-image-16816\" srcset=\"https:\/\/jornalfatosenoticias.com.br\/wp-content\/uploads\/2021\/04\/tijolos-tecido-4.jpg 1000w, https:\/\/jornalfatosenoticias.com.br\/wp-content\/uploads\/2021\/04\/tijolos-tecido-4-300x209.jpg 300w, https:\/\/jornalfatosenoticias.com.br\/wp-content\/uploads\/2021\/04\/tijolos-tecido-4-768x535.jpg 768w\" sizes=\"auto, (max-width: 1000px) 100vw, 1000px\" \/><figcaption><em>(Foto: FabBRICK)<\/em><\/figcaption><\/figure>\n\n\n\n<p>\u201cDesde a nossa cria\u00e7\u00e3o no final de 2018, j\u00e1 desenhamos mais de 40.000 tijolos que representam 12 toneladas de t\u00eaxteis reciclados\u201d, conta a fabricante.<br>Clarisse explica ainda que \u00e9 poss\u00edvel usar m\u00e1scaras cir\u00fargicas retalhadas para a fabrica\u00e7\u00e3o de tijolos, ajudando a dar um destino mais sustent\u00e1vel \u00e0 imensa quantidade deste material que est\u00e1 sendo gerada desde o in\u00edcio da pandemia. \u201cAinda n\u00e3o sabemos como vamos vend\u00ea-lo, porque ainda tem que passar por uma s\u00e9rie de testes de laborat\u00f3rio, principalmente testes de inc\u00eandio, mas a ideia \u00e9 construir alguns m\u00f3veis pequenos e ver como eles trabalhos\u201d, explica a empreendedora.<\/p>\n\n\n\n<figure class=\"wp-block-image size-large\"><img loading=\"lazy\" decoding=\"async\" width=\"1024\" height=\"678\" src=\"https:\/\/jornalfatosenoticias.com.br\/wp-content\/uploads\/2021\/04\/tijolo-tecido-5.jpg\" alt=\"\" class=\"wp-image-16817\" srcset=\"https:\/\/jornalfatosenoticias.com.br\/wp-content\/uploads\/2021\/04\/tijolo-tecido-5.jpg 1024w, https:\/\/jornalfatosenoticias.com.br\/wp-content\/uploads\/2021\/04\/tijolo-tecido-5-300x199.jpg 300w, https:\/\/jornalfatosenoticias.com.br\/wp-content\/uploads\/2021\/04\/tijolo-tecido-5-768x509.jpg 768w\" sizes=\"auto, (max-width: 1024px) 100vw, 1024px\" \/><figcaption><em>(Foto: FabBRICK)<\/em><\/figcaption><\/figure>\n\n\n\n<p>Clarisse e sua equipe est\u00e3o trabalhando para desenvolver tijolos de tecido que possam tamb\u00e9m ser usados em partes estruturais da constru\u00e7\u00e3o civil. Apesar de ser uma empresa pequena que ainda est\u00e1 em fase de desenvolvimento, a FabBRICK tem um enorme potencial, j\u00e1 que oferece uma solu\u00e7\u00e3o para um res\u00edduo que precisa de uma destina\u00e7\u00e3o mais sustent\u00e1vel, os res\u00edduos da ind\u00fastria t\u00eaxtil, e que pode substituir o uso de recursos naturais usados na fabrica\u00e7\u00e3o de tijolos convencionais.<\/p>\n\n\n\n<p><strong><em>Fonte: <a href=\"https:\/\/ciclovivo.com.br\/inovacao\/tecnologia\/restos-de-roupa-sao-usados-na-producao-de-tijolos\/\">CicloVivo<\/a><\/em><\/strong><\/p>\n","protected":false},"excerpt":{"rendered":"<p>Tecidos t\u00eam um destino mais sustent\u00e1vel com a fabrica\u00e7\u00e3o de tijolos decorativos que funcionam como isolante t\u00e9rmico e ac\u00fastico Quando estava na faculdade de arquitetura, a francesa Clarisse Merlet ficou impressionada com a quantidade de res\u00edduos que a ind\u00fastria t\u00eaxtil gerava \u2014 s\u00f3 na Fran\u00e7a, s\u00e3o cerca de quatro milh\u00f5es de toneladas e, nos Estados [&hellip;]<\/p>\n","protected":false},"author":2,"featured_media":16818,"comment_status":"open","ping_status":"open","sticky":false,"template":"","format":"standard","meta":{"footnotes":""},"categories":[3],"tags":[579,2851,734,8453],"class_list":["post-16813","post","type-post","status-publish","format-standard","has-post-thumbnail","hentry","category-tecnologia","tag-impacto-ambiental","tag-reciclagem","tag-sustentabilidade","tag-tijolos-de-tecido"],"yoast_head":"<!-- This site is optimized with the Yoast SEO plugin v26.5 - https:\/\/yoast.com\/wordpress\/plugins\/seo\/ -->\n<title>Restos de roupa s\u00e3o usados na produ\u00e7\u00e3o de tijolos - Jornal Fatos e Not\u00edcias<\/title>\n<meta name=\"robots\" content=\"index, follow, max-snippet:-1, max-image-preview:large, max-video-preview:-1\" \/>\n<link rel=\"canonical\" href=\"https:\/\/jornalfatosenoticias.com.br\/index.php\/2021\/04\/08\/restos-de-roupa-sao-usados-na-producao-de-tijolos\/\" \/>\n<meta property=\"og:locale\" content=\"pt_BR\" \/>\n<meta property=\"og:type\" content=\"article\" \/>\n<meta property=\"og:title\" content=\"Restos de roupa s\u00e3o usados na produ\u00e7\u00e3o de tijolos - Jornal Fatos e Not\u00edcias\" \/>\n<meta property=\"og:description\" content=\"Tecidos t\u00eam um destino mais sustent\u00e1vel com a fabrica\u00e7\u00e3o de tijolos decorativos que funcionam como isolante t\u00e9rmico e ac\u00fastico Quando estava na faculdade de arquitetura, a francesa Clarisse Merlet ficou impressionada com a quantidade de res\u00edduos que a ind\u00fastria t\u00eaxtil gerava \u2014 s\u00f3 na Fran\u00e7a, s\u00e3o cerca de quatro milh\u00f5es de toneladas e, nos Estados [&hellip;]\" \/>\n<meta property=\"og:url\" content=\"https:\/\/jornalfatosenoticias.com.br\/index.php\/2021\/04\/08\/restos-de-roupa-sao-usados-na-producao-de-tijolos\/\" \/>\n<meta property=\"og:site_name\" content=\"Jornal Fatos e Not\u00edcias\" \/>\n<meta property=\"article:published_time\" content=\"2021-04-08T18:55:22+00:00\" \/>\n<meta property=\"article:modified_time\" content=\"2021-04-08T18:55:23+00:00\" \/>\n<meta property=\"og:image\" content=\"https:\/\/jornalfatosenoticias.com.br\/wp-content\/uploads\/2021\/04\/tijolo-tecido-capa.jpg\" \/>\n\t<meta property=\"og:image:width\" content=\"1000\" \/>\n\t<meta property=\"og:image:height\" content=\"667\" \/>\n\t<meta property=\"og:image:type\" content=\"image\/jpeg\" \/>\n<meta name=\"author\" content=\"Luzimara Fernandes\" \/>\n<meta name=\"twitter:card\" content=\"summary_large_image\" \/>\n<meta name=\"twitter:label1\" content=\"Escrito por\" \/>\n\t<meta name=\"twitter:data1\" content=\"Luzimara Fernandes\" \/>\n\t<meta name=\"twitter:label2\" content=\"Est. tempo de leitura\" \/>\n\t<meta name=\"twitter:data2\" content=\"3 minutos\" \/>\n<script type=\"application\/ld+json\" class=\"yoast-schema-graph\">{\"@context\":\"https:\/\/schema.org\",\"@graph\":[{\"@type\":\"Article\",\"@id\":\"https:\/\/jornalfatosenoticias.com.br\/index.php\/2021\/04\/08\/restos-de-roupa-sao-usados-na-producao-de-tijolos\/#article\",\"isPartOf\":{\"@id\":\"https:\/\/jornalfatosenoticias.com.br\/index.php\/2021\/04\/08\/restos-de-roupa-sao-usados-na-producao-de-tijolos\/\"},\"author\":{\"name\":\"Luzimara Fernandes\",\"@id\":\"https:\/\/jornalfatosenoticias.com.br\/#\/schema\/person\/d63837fa13ac8666eb9e74e0985d6f81\"},\"headline\":\"Restos de roupa s\u00e3o usados na produ\u00e7\u00e3o de tijolos\",\"datePublished\":\"2021-04-08T18:55:22+00:00\",\"dateModified\":\"2021-04-08T18:55:23+00:00\",\"mainEntityOfPage\":{\"@id\":\"https:\/\/jornalfatosenoticias.com.br\/index.php\/2021\/04\/08\/restos-de-roupa-sao-usados-na-producao-de-tijolos\/\"},\"wordCount\":555,\"commentCount\":0,\"publisher\":{\"@id\":\"https:\/\/jornalfatosenoticias.com.br\/#organization\"},\"image\":{\"@id\":\"https:\/\/jornalfatosenoticias.com.br\/index.php\/2021\/04\/08\/restos-de-roupa-sao-usados-na-producao-de-tijolos\/#primaryimage\"},\"thumbnailUrl\":\"https:\/\/jornalfatosenoticias.com.br\/wp-content\/uploads\/2021\/04\/tijolo-tecido-capa.jpg\",\"keywords\":[\"impacto ambiental\",\"reciclagem\",\"sustentabilidade\",\"tijolos de tecido\"],\"articleSection\":[\"Tecnologia &amp; Inova\u00e7\u00e3o\"],\"inLanguage\":\"pt-BR\",\"potentialAction\":[{\"@type\":\"CommentAction\",\"name\":\"Comment\",\"target\":[\"https:\/\/jornalfatosenoticias.com.br\/index.php\/2021\/04\/08\/restos-de-roupa-sao-usados-na-producao-de-tijolos\/#respond\"]}]},{\"@type\":\"WebPage\",\"@id\":\"https:\/\/jornalfatosenoticias.com.br\/index.php\/2021\/04\/08\/restos-de-roupa-sao-usados-na-producao-de-tijolos\/\",\"url\":\"https:\/\/jornalfatosenoticias.com.br\/index.php\/2021\/04\/08\/restos-de-roupa-sao-usados-na-producao-de-tijolos\/\",\"name\":\"Restos de roupa s\u00e3o usados na produ\u00e7\u00e3o de tijolos - Jornal Fatos e Not\u00edcias\",\"isPartOf\":{\"@id\":\"https:\/\/jornalfatosenoticias.com.br\/#website\"},\"primaryImageOfPage\":{\"@id\":\"https:\/\/jornalfatosenoticias.com.br\/index.php\/2021\/04\/08\/restos-de-roupa-sao-usados-na-producao-de-tijolos\/#primaryimage\"},\"image\":{\"@id\":\"https:\/\/jornalfatosenoticias.com.br\/index.php\/2021\/04\/08\/restos-de-roupa-sao-usados-na-producao-de-tijolos\/#primaryimage\"},\"thumbnailUrl\":\"https:\/\/jornalfatosenoticias.com.br\/wp-content\/uploads\/2021\/04\/tijolo-tecido-capa.jpg\",\"datePublished\":\"2021-04-08T18:55:22+00:00\",\"dateModified\":\"2021-04-08T18:55:23+00:00\",\"breadcrumb\":{\"@id\":\"https:\/\/jornalfatosenoticias.com.br\/index.php\/2021\/04\/08\/restos-de-roupa-sao-usados-na-producao-de-tijolos\/#breadcrumb\"},\"inLanguage\":\"pt-BR\",\"potentialAction\":[{\"@type\":\"ReadAction\",\"target\":[\"https:\/\/jornalfatosenoticias.com.br\/index.php\/2021\/04\/08\/restos-de-roupa-sao-usados-na-producao-de-tijolos\/\"]}]},{\"@type\":\"ImageObject\",\"inLanguage\":\"pt-BR\",\"@id\":\"https:\/\/jornalfatosenoticias.com.br\/index.php\/2021\/04\/08\/restos-de-roupa-sao-usados-na-producao-de-tijolos\/#primaryimage\",\"url\":\"https:\/\/jornalfatosenoticias.com.br\/wp-content\/uploads\/2021\/04\/tijolo-tecido-capa.jpg\",\"contentUrl\":\"https:\/\/jornalfatosenoticias.com.br\/wp-content\/uploads\/2021\/04\/tijolo-tecido-capa.jpg\",\"width\":1000,\"height\":667},{\"@type\":\"BreadcrumbList\",\"@id\":\"https:\/\/jornalfatosenoticias.com.br\/index.php\/2021\/04\/08\/restos-de-roupa-sao-usados-na-producao-de-tijolos\/#breadcrumb\",\"itemListElement\":[{\"@type\":\"ListItem\",\"position\":1,\"name\":\"In\u00edcio\",\"item\":\"https:\/\/jornalfatosenoticias.com.br\/\"},{\"@type\":\"ListItem\",\"position\":2,\"name\":\"Restos de roupa s\u00e3o usados na produ\u00e7\u00e3o de tijolos\"}]},{\"@type\":\"WebSite\",\"@id\":\"https:\/\/jornalfatosenoticias.com.br\/#website\",\"url\":\"https:\/\/jornalfatosenoticias.com.br\/\",\"name\":\"Jornal Fatos e Not\u00edcias\",\"description\":\"Not\u00edcias em geral\",\"publisher\":{\"@id\":\"https:\/\/jornalfatosenoticias.com.br\/#organization\"},\"potentialAction\":[{\"@type\":\"SearchAction\",\"target\":{\"@type\":\"EntryPoint\",\"urlTemplate\":\"https:\/\/jornalfatosenoticias.com.br\/?s={search_term_string}\"},\"query-input\":{\"@type\":\"PropertyValueSpecification\",\"valueRequired\":true,\"valueName\":\"search_term_string\"}}],\"inLanguage\":\"pt-BR\"},{\"@type\":\"Organization\",\"@id\":\"https:\/\/jornalfatosenoticias.com.br\/#organization\",\"name\":\"Jornal Fatos e Not\u00edcias\",\"url\":\"https:\/\/jornalfatosenoticias.com.br\/\",\"logo\":{\"@type\":\"ImageObject\",\"inLanguage\":\"pt-BR\",\"@id\":\"https:\/\/jornalfatosenoticias.com.br\/#\/schema\/logo\/image\/\",\"url\":\"https:\/\/jornalfatosenoticias.com.br\/wp-content\/uploads\/2020\/02\/logo120.png\",\"contentUrl\":\"https:\/\/jornalfatosenoticias.com.br\/wp-content\/uploads\/2020\/02\/logo120.png\",\"width\":1227,\"height\":120,\"caption\":\"Jornal Fatos e Not\u00edcias\"},\"image\":{\"@id\":\"https:\/\/jornalfatosenoticias.com.br\/#\/schema\/logo\/image\/\"}},{\"@type\":\"Person\",\"@id\":\"https:\/\/jornalfatosenoticias.com.br\/#\/schema\/person\/d63837fa13ac8666eb9e74e0985d6f81\",\"name\":\"Luzimara Fernandes\",\"image\":{\"@type\":\"ImageObject\",\"inLanguage\":\"pt-BR\",\"@id\":\"https:\/\/jornalfatosenoticias.com.br\/#\/schema\/person\/image\/\",\"url\":\"https:\/\/jornalfatosenoticias.com.br\/wp-content\/uploads\/2025\/05\/EU_portal.jpg\",\"contentUrl\":\"https:\/\/jornalfatosenoticias.com.br\/wp-content\/uploads\/2025\/05\/EU_portal.jpg\",\"caption\":\"Luzimara Fernandes\"},\"description\":\"Jornalista MTB 2358-ES\",\"sameAs\":[\"https:\/\/jornalfatosenoticias.com.br\"],\"url\":\"https:\/\/jornalfatosenoticias.com.br\/index.php\/author\/luzimara\/\"}]}<\/script>\n<!-- \/ Yoast SEO plugin. -->","yoast_head_json":{"title":"Restos de roupa s\u00e3o usados na produ\u00e7\u00e3o de tijolos - Jornal Fatos e Not\u00edcias","robots":{"index":"index","follow":"follow","max-snippet":"max-snippet:-1","max-image-preview":"max-image-preview:large","max-video-preview":"max-video-preview:-1"},"canonical":"https:\/\/jornalfatosenoticias.com.br\/index.php\/2021\/04\/08\/restos-de-roupa-sao-usados-na-producao-de-tijolos\/","og_locale":"pt_BR","og_type":"article","og_title":"Restos de roupa s\u00e3o usados na produ\u00e7\u00e3o de tijolos - Jornal Fatos e Not\u00edcias","og_description":"Tecidos t\u00eam um destino mais sustent\u00e1vel com a fabrica\u00e7\u00e3o de tijolos decorativos que funcionam como isolante t\u00e9rmico e ac\u00fastico Quando estava na faculdade de arquitetura, a francesa Clarisse Merlet ficou impressionada com a quantidade de res\u00edduos que a ind\u00fastria t\u00eaxtil gerava \u2014 s\u00f3 na Fran\u00e7a, s\u00e3o cerca de quatro milh\u00f5es de toneladas e, nos Estados [&hellip;]","og_url":"https:\/\/jornalfatosenoticias.com.br\/index.php\/2021\/04\/08\/restos-de-roupa-sao-usados-na-producao-de-tijolos\/","og_site_name":"Jornal Fatos e Not\u00edcias","article_published_time":"2021-04-08T18:55:22+00:00","article_modified_time":"2021-04-08T18:55:23+00:00","og_image":[{"width":1000,"height":667,"url":"https:\/\/jornalfatosenoticias.com.br\/wp-content\/uploads\/2021\/04\/tijolo-tecido-capa.jpg","type":"image\/jpeg"}],"author":"Luzimara Fernandes","twitter_card":"summary_large_image","twitter_misc":{"Escrito por":"Luzimara Fernandes","Est. tempo de leitura":"3 minutos"},"schema":{"@context":"https:\/\/schema.org","@graph":[{"@type":"Article","@id":"https:\/\/jornalfatosenoticias.com.br\/index.php\/2021\/04\/08\/restos-de-roupa-sao-usados-na-producao-de-tijolos\/#article","isPartOf":{"@id":"https:\/\/jornalfatosenoticias.com.br\/index.php\/2021\/04\/08\/restos-de-roupa-sao-usados-na-producao-de-tijolos\/"},"author":{"name":"Luzimara Fernandes","@id":"https:\/\/jornalfatosenoticias.com.br\/#\/schema\/person\/d63837fa13ac8666eb9e74e0985d6f81"},"headline":"Restos de roupa s\u00e3o usados na produ\u00e7\u00e3o de tijolos","datePublished":"2021-04-08T18:55:22+00:00","dateModified":"2021-04-08T18:55:23+00:00","mainEntityOfPage":{"@id":"https:\/\/jornalfatosenoticias.com.br\/index.php\/2021\/04\/08\/restos-de-roupa-sao-usados-na-producao-de-tijolos\/"},"wordCount":555,"commentCount":0,"publisher":{"@id":"https:\/\/jornalfatosenoticias.com.br\/#organization"},"image":{"@id":"https:\/\/jornalfatosenoticias.com.br\/index.php\/2021\/04\/08\/restos-de-roupa-sao-usados-na-producao-de-tijolos\/#primaryimage"},"thumbnailUrl":"https:\/\/jornalfatosenoticias.com.br\/wp-content\/uploads\/2021\/04\/tijolo-tecido-capa.jpg","keywords":["impacto ambiental","reciclagem","sustentabilidade","tijolos de tecido"],"articleSection":["Tecnologia &amp; Inova\u00e7\u00e3o"],"inLanguage":"pt-BR","potentialAction":[{"@type":"CommentAction","name":"Comment","target":["https:\/\/jornalfatosenoticias.com.br\/index.php\/2021\/04\/08\/restos-de-roupa-sao-usados-na-producao-de-tijolos\/#respond"]}]},{"@type":"WebPage","@id":"https:\/\/jornalfatosenoticias.com.br\/index.php\/2021\/04\/08\/restos-de-roupa-sao-usados-na-producao-de-tijolos\/","url":"https:\/\/jornalfatosenoticias.com.br\/index.php\/2021\/04\/08\/restos-de-roupa-sao-usados-na-producao-de-tijolos\/","name":"Restos de roupa s\u00e3o usados na produ\u00e7\u00e3o de tijolos - Jornal Fatos e Not\u00edcias","isPartOf":{"@id":"https:\/\/jornalfatosenoticias.com.br\/#website"},"primaryImageOfPage":{"@id":"https:\/\/jornalfatosenoticias.com.br\/index.php\/2021\/04\/08\/restos-de-roupa-sao-usados-na-producao-de-tijolos\/#primaryimage"},"image":{"@id":"https:\/\/jornalfatosenoticias.com.br\/index.php\/2021\/04\/08\/restos-de-roupa-sao-usados-na-producao-de-tijolos\/#primaryimage"},"thumbnailUrl":"https:\/\/jornalfatosenoticias.com.br\/wp-content\/uploads\/2021\/04\/tijolo-tecido-capa.jpg","datePublished":"2021-04-08T18:55:22+00:00","dateModified":"2021-04-08T18:55:23+00:00","breadcrumb":{"@id":"https:\/\/jornalfatosenoticias.com.br\/index.php\/2021\/04\/08\/restos-de-roupa-sao-usados-na-producao-de-tijolos\/#breadcrumb"},"inLanguage":"pt-BR","potentialAction":[{"@type":"ReadAction","target":["https:\/\/jornalfatosenoticias.com.br\/index.php\/2021\/04\/08\/restos-de-roupa-sao-usados-na-producao-de-tijolos\/"]}]},{"@type":"ImageObject","inLanguage":"pt-BR","@id":"https:\/\/jornalfatosenoticias.com.br\/index.php\/2021\/04\/08\/restos-de-roupa-sao-usados-na-producao-de-tijolos\/#primaryimage","url":"https:\/\/jornalfatosenoticias.com.br\/wp-content\/uploads\/2021\/04\/tijolo-tecido-capa.jpg","contentUrl":"https:\/\/jornalfatosenoticias.com.br\/wp-content\/uploads\/2021\/04\/tijolo-tecido-capa.jpg","width":1000,"height":667},{"@type":"BreadcrumbList","@id":"https:\/\/jornalfatosenoticias.com.br\/index.php\/2021\/04\/08\/restos-de-roupa-sao-usados-na-producao-de-tijolos\/#breadcrumb","itemListElement":[{"@type":"ListItem","position":1,"name":"In\u00edcio","item":"https:\/\/jornalfatosenoticias.com.br\/"},{"@type":"ListItem","position":2,"name":"Restos de roupa s\u00e3o usados na produ\u00e7\u00e3o de tijolos"}]},{"@type":"WebSite","@id":"https:\/\/jornalfatosenoticias.com.br\/#website","url":"https:\/\/jornalfatosenoticias.com.br\/","name":"Jornal Fatos e Not\u00edcias","description":"Not\u00edcias em geral","publisher":{"@id":"https:\/\/jornalfatosenoticias.com.br\/#organization"},"potentialAction":[{"@type":"SearchAction","target":{"@type":"EntryPoint","urlTemplate":"https:\/\/jornalfatosenoticias.com.br\/?s={search_term_string}"},"query-input":{"@type":"PropertyValueSpecification","valueRequired":true,"valueName":"search_term_string"}}],"inLanguage":"pt-BR"},{"@type":"Organization","@id":"https:\/\/jornalfatosenoticias.com.br\/#organization","name":"Jornal Fatos e Not\u00edcias","url":"https:\/\/jornalfatosenoticias.com.br\/","logo":{"@type":"ImageObject","inLanguage":"pt-BR","@id":"https:\/\/jornalfatosenoticias.com.br\/#\/schema\/logo\/image\/","url":"https:\/\/jornalfatosenoticias.com.br\/wp-content\/uploads\/2020\/02\/logo120.png","contentUrl":"https:\/\/jornalfatosenoticias.com.br\/wp-content\/uploads\/2020\/02\/logo120.png","width":1227,"height":120,"caption":"Jornal Fatos e Not\u00edcias"},"image":{"@id":"https:\/\/jornalfatosenoticias.com.br\/#\/schema\/logo\/image\/"}},{"@type":"Person","@id":"https:\/\/jornalfatosenoticias.com.br\/#\/schema\/person\/d63837fa13ac8666eb9e74e0985d6f81","name":"Luzimara Fernandes","image":{"@type":"ImageObject","inLanguage":"pt-BR","@id":"https:\/\/jornalfatosenoticias.com.br\/#\/schema\/person\/image\/","url":"https:\/\/jornalfatosenoticias.com.br\/wp-content\/uploads\/2025\/05\/EU_portal.jpg","contentUrl":"https:\/\/jornalfatosenoticias.com.br\/wp-content\/uploads\/2025\/05\/EU_portal.jpg","caption":"Luzimara Fernandes"},"description":"Jornalista MTB 2358-ES","sameAs":["https:\/\/jornalfatosenoticias.com.br"],"url":"https:\/\/jornalfatosenoticias.com.br\/index.php\/author\/luzimara\/"}]}},"cc_featured_image_caption":{"caption_text":"(Foto: FabBRICK) ","source_text":"","source_url":""},"jetpack_featured_media_url":"https:\/\/jornalfatosenoticias.com.br\/wp-content\/uploads\/2021\/04\/tijolo-tecido-capa.jpg","_links":{"self":[{"href":"https:\/\/jornalfatosenoticias.com.br\/index.php\/wp-json\/wp\/v2\/posts\/16813","targetHints":{"allow":["GET"]}}],"collection":[{"href":"https:\/\/jornalfatosenoticias.com.br\/index.php\/wp-json\/wp\/v2\/posts"}],"about":[{"href":"https:\/\/jornalfatosenoticias.com.br\/index.php\/wp-json\/wp\/v2\/types\/post"}],"author":[{"embeddable":true,"href":"https:\/\/jornalfatosenoticias.com.br\/index.php\/wp-json\/wp\/v2\/users\/2"}],"replies":[{"embeddable":true,"href":"https:\/\/jornalfatosenoticias.com.br\/index.php\/wp-json\/wp\/v2\/comments?post=16813"}],"version-history":[{"count":0,"href":"https:\/\/jornalfatosenoticias.com.br\/index.php\/wp-json\/wp\/v2\/posts\/16813\/revisions"}],"wp:featuredmedia":[{"embeddable":true,"href":"https:\/\/jornalfatosenoticias.com.br\/index.php\/wp-json\/wp\/v2\/media\/16818"}],"wp:attachment":[{"href":"https:\/\/jornalfatosenoticias.com.br\/index.php\/wp-json\/wp\/v2\/media?parent=16813"}],"wp:term":[{"taxonomy":"category","embeddable":true,"href":"https:\/\/jornalfatosenoticias.com.br\/index.php\/wp-json\/wp\/v2\/categories?post=16813"},{"taxonomy":"post_tag","embeddable":true,"href":"https:\/\/jornalfatosenoticias.com.br\/index.php\/wp-json\/wp\/v2\/tags?post=16813"}],"curies":[{"name":"wp","href":"https:\/\/api.w.org\/{rel}","templated":true}]}}