{"id":16842,"date":"2021-04-09T10:25:28","date_gmt":"2021-04-09T13:25:28","guid":{"rendered":"https:\/\/jornalfatosenoticias.com.br\/?p=16842"},"modified":"2021-04-09T10:25:33","modified_gmt":"2021-04-09T13:25:33","slug":"entenda-como-obesidade-afeta-fluxo-sanguineo-e-qual-a-relacao-com-alzheimer","status":"publish","type":"post","link":"https:\/\/jornalfatosenoticias.com.br\/index.php\/2021\/04\/09\/entenda-como-obesidade-afeta-fluxo-sanguineo-e-qual-a-relacao-com-alzheimer\/","title":{"rendered":"Entenda como obesidade afeta fluxo sangu\u00edneo e qual a rela\u00e7\u00e3o com Alzheimer"},"content":{"rendered":"\n<p>Quanto maior o peso de algu\u00e9m, menor ser\u00e1 a atividade e o fluxo sangu\u00edneo cerebral da pessoa, sendo esse \u00faltimo um indicador da possibilidade de desenvolver <a href=\"https:\/\/www.uol.com.br\/vivabem\/noticias\/redacao\/2018\/10\/09\/alzheimer-entenda-como-doenca-prejudica-o-cerebro-e-quais-seus-sintomas.htm\">Alzheimer<\/a> futuramente. Tais considera\u00e7\u00f5es foram publicadas ap\u00f3s <a href=\"https:\/\/content.iospress.com\/articles\/journal-of-alzheimers-disease\/jad200655\">estudo<\/a> de observa\u00e7\u00e3o realizado na Universidade John Hopkins, de Baltimore (EUA), que buscou identificar padr\u00f5es de anormalidade de perfus\u00e3o no c\u00e9rebro de acordo com o \u00edndice de massa corporal (<a href=\"https:\/\/www.uol.com.br\/vivabem\/faq\/imc-como-calcular-tabela-dicas-como-melhorar-e-mais.htm\">IMC<\/a>)<br>A pesquisa contou com 17.221 adultos, em idades de 18 a 94 anos, nos quais foram feitas 35.442 varreduras em 128 regi\u00f5es cerebrais. Os exames de perfus\u00e3o avaliaram a quantidade de sangue e o desempenho do c\u00e9rebro em pessoas com IMC de baixo peso (&lt;18,5), peso normal (18,5 a 24,9), sobrepeso (24,9 a 29,9), obesidade (> ou = 30) e obesidade m\u00f3rbida (> ou = 40).<br>N\u00e3o \u00e9 poss\u00edvel afirmar se essa associa\u00e7\u00e3o direta entre o n\u00famero do IMC e a redu\u00e7\u00e3o do fluxo sangu\u00edneo no c\u00e9rebro \u00e9 permanente ou se pode resultar em perdas cognitivas a longo prazo.<br>No entanto, o estudo \u00e9 um alerta sobre como a obesidade \u2014 assim como outros fatores de risco cerebrovasculares \u2014 necessita de abordagens cada vez mais aprofundadas, que possam determinar causas diretas das dem\u00eancias e melhorar as condi\u00e7\u00f5es de preven\u00e7\u00e3o.<\/p>\n\n\n\n<p><strong>Riscos para a sa\u00fade cerebral<br><\/strong>Al\u00e9m de discutir os efeitos da obesidade, \u00e9 importante levar em conta outros comportamentos do indiv\u00edduo ao avaliar se o funcionamento saud\u00e1vel do c\u00e9rebro est\u00e1 ou pode ser comprometido. Existe o determinante gen\u00e9tico e heredit\u00e1rio, que tem participa\u00e7\u00e3o na probabilidade de desenvolver uma doen\u00e7a cerebral, mas tamb\u00e9m a presen\u00e7a de agravantes ainda mais comuns.<br>Quando se estabelece um diagn\u00f3stico de Alzheimer, neurologistas indicam ao paciente e \u00e0 fam\u00edlia n\u00e3o s\u00f3 adotar medidas para evitar a progress\u00e3o do quadro, como tamb\u00e9m buscar mudan\u00e7as de h\u00e1bitos que evitem surgimento de outro caso na fam\u00edlia.<br>No centro desses cuidados est\u00e1 o controle de risco cardiovascular, que requer o tratamento de <a href=\"https:\/\/www.uol.com.br\/vivabem\/noticias\/redacao\/2018\/09\/25\/pressao-alta-nao-tem-sintomas-mas-ameaca-coracao-cerebro-e-rins.htm\">hipertens\u00e3o<\/a> arterial e <a href=\"https:\/\/www.uol.com.br\/vivabem\/noticias\/redacao\/2018\/07\/24\/sede-excessiva-fome-e-visao-embacada-estao-entre-os-sintomas-de-diabetes.htm\">diabetes<\/a>, assim como buscar estilo de vida saud\u00e1vel, alimenta\u00e7\u00e3o balanceada e manter um peso que n\u00e3o prejudique a realiza\u00e7\u00e3o de atividades f\u00edsicas.<br>O colesterol alto tamb\u00e9m \u00e9 um fator de risco e est\u00e1 ligado \u00e0 ingest\u00e3o de alimentos gordurosos, h\u00e1bito que acelera a degenera\u00e7\u00e3o do c\u00e9rebro. O mesmo vale para uso de drogas il\u00edcitas, abuso de \u00e1lcool e tabagismo, pois n\u00e3o s\u00f3 \u00f3rg\u00e3os como cora\u00e7\u00e3o, pulm\u00e3o ou est\u00f4mago sofrem com esses v\u00edcios. O tabagismo, por exemplo, altera o fluxo do sangue e, com a dilata\u00e7\u00e3o dos vasos sangu\u00edneos, aumenta o risco de um acidente vascular cerebral (<a href=\"https:\/\/www.uol.com.br\/vivabem\/saude\/tudo-sobre-avc\/\">AVC<\/a>).<\/p>\n\n\n\n<div class=\"wp-block-image\"><figure class=\"alignright size-large is-resized\"><img loading=\"lazy\" decoding=\"async\" src=\"https:\/\/jornalfatosenoticias.com.br\/wp-content\/uploads\/2021\/04\/cerebro-obeso-obesidade-e-alzheimer.jpg\" alt=\"\" class=\"wp-image-16844\" width=\"388\" height=\"517\" srcset=\"https:\/\/jornalfatosenoticias.com.br\/wp-content\/uploads\/2021\/04\/cerebro-obeso-obesidade-e-alzheimer.jpg 450w, https:\/\/jornalfatosenoticias.com.br\/wp-content\/uploads\/2021\/04\/cerebro-obeso-obesidade-e-alzheimer-225x300.jpg 225w\" sizes=\"auto, (max-width: 388px) 100vw, 388px\" \/><figcaption><em>(Foto: iStock)<\/em><\/figcaption><\/figure><\/div>\n\n\n\n<p><strong>O que diz o IMC<br><\/strong>Segundo os endocrinologistas consultados, medir o \u00edndice de massa corporal \u00e9 uma ferramenta \u00fatil por ser f\u00e1cil de aplicar, ter baixo custo e permitir padronizar a avalia\u00e7\u00e3o para oferecer um diagn\u00f3stico de obesidade. Por outro lado, apresenta algumas defici\u00eancias, pois o c\u00e1lculo n\u00e3o distingue diversos elementos da composi\u00e7\u00e3o corporal.<br>Dessa maneira, esse c\u00e1lculo pode subestimar o excesso de gordura em alguns casos \u2014 como em uma pessoa que tem peso considerado normal para a altura, mas possui grande ac\u00famulo de gordura abdominal; ou superestimar em outros \u2014 como um atleta com bastante massa muscular, em que o IMC pode aparecer alto sem necessariamente haver excesso de gordura no corpo.<\/p>\n\n\n\n<p><strong>Obesidade \u00e9 doen\u00e7a?<br><\/strong>Os exemplos acima indicam que o biotipo ou uma avalia\u00e7\u00e3o de IMC, isoladamente, n\u00e3o determinam a qualidade da sa\u00fade de qualquer pessoa. Al\u00e9m disso, \u00e9 fundamental entender que ser ou n\u00e3o obeso n\u00e3o se resume \u00e0 for\u00e7a de vontade, at\u00e9 porque existem discuss\u00f5es que perpassam a classifica\u00e7\u00e3o da obesidade como doen\u00e7a.<br>A maior parte da classe m\u00e9dica defende essa nomenclatura para facilitar o acesso a tratamentos, cirurgias e conscientizar os pacientes de forma simples. Por outro lado, cada vez mais argumentos apontam para o aumento de preconceitos, barreiras profissionais e problemas psicol\u00f3gicos resultantes do estigma do gordo doente.<br>Pessoas do biotipo magro, por exemplo, n\u00e3o s\u00e3o obrigatoriamente 100% saud\u00e1veis. Ou seja, ter um peso considerado &#8220;normal&#8221; e de acordo com padr\u00f5es est\u00e9ticos que a sociedade reproduz n\u00e3o afasta problemas como hipertens\u00e3o arterial, <a href=\"https:\/\/www.uol.com.br\/vivabem\/noticias\/redacao\/2018\/11\/06\/colesterol-alto-nao-tem-sintomas-pode-ser-genetico-e-poe-coracao-em-risco.htm\">colesterol<\/a>, diabetes e outras doen\u00e7as associadas ao corpo gordo.<br>Geralmente, elas aparecem nas pessoas que n\u00e3o se alimentam de forma correta, levam uma vida sedent\u00e1ria e t\u00eam v\u00edcios que, apesar de normalizados, s\u00e3o extremamente nocivos, como o <a href=\"https:\/\/www.uol.com.br\/vivabem\/noticias\/redacao\/2020\/08\/11\/tabagismo-reduz-tempo-de-vida-mas-danos-sao-revertidos-ao-parar-de-fumar.htm\">tabagismo<\/a> e o <a href=\"https:\/\/www.uol.com.br\/vivabem\/doencas-de-a-z\/alcoolismo-e-doenca-e-desafio-e-a-intervencao-medica-precoce.htm\">consumo de bebida alco\u00f3lica<\/a>.<br>Sobre a magreza, quando se trata de idosos, a preocupa\u00e7\u00e3o precisa ser redobrada em fun\u00e7\u00e3o de dist\u00farbios nutricionais, o que pode ter liga\u00e7\u00e3o com a chamada s\u00edndrome da fragilidade. Ela inclui sintomas como perda de peso descontrolada, exaust\u00e3o, redu\u00e7\u00e3o da for\u00e7a e outros, quadro que requer aux\u00edlio profissional.<\/p>\n\n\n\n<p><strong><em>Fonte: <a href=\"https:\/\/www.uol.com.br\/vivabem\/noticias\/redacao\/2021\/04\/06\/entenda-como-obesidade-afeta-fluxo-sanguineo-e-qual-a-relacao-com-alzheimer.htm\">UOL<\/a><\/em><\/strong><\/p>\n","protected":false},"excerpt":{"rendered":"<p>Quanto maior o peso de algu\u00e9m, menor ser\u00e1 a atividade e o fluxo sangu\u00edneo cerebral da pessoa, sendo esse \u00faltimo um indicador da possibilidade de desenvolver Alzheimer futuramente. Tais considera\u00e7\u00f5es foram publicadas ap\u00f3s estudo de observa\u00e7\u00e3o realizado na Universidade John Hopkins, de Baltimore (EUA), que buscou identificar padr\u00f5es de anormalidade de perfus\u00e3o no c\u00e9rebro de [&hellip;]<\/p>\n","protected":false},"author":2,"featured_media":16843,"comment_status":"open","ping_status":"open","sticky":false,"template":"","format":"standard","meta":{"footnotes":""},"categories":[11],"tags":[2501,8462,8463,634,115],"class_list":["post-16842","post","type-post","status-publish","format-standard","has-post-thumbnail","hentry","category-saude","tag-alzheimer","tag-fluxo-sanguineo","tag-imc","tag-obesidade","tag-pesquisa"],"yoast_head":"<!-- This site is optimized with the Yoast SEO plugin v26.5 - https:\/\/yoast.com\/wordpress\/plugins\/seo\/ -->\n<title>Entenda como obesidade afeta fluxo sangu\u00edneo e qual a rela\u00e7\u00e3o com Alzheimer - Jornal Fatos e Not\u00edcias<\/title>\n<meta name=\"robots\" content=\"index, follow, max-snippet:-1, max-image-preview:large, max-video-preview:-1\" \/>\n<link rel=\"canonical\" href=\"https:\/\/jornalfatosenoticias.com.br\/index.php\/2021\/04\/09\/entenda-como-obesidade-afeta-fluxo-sanguineo-e-qual-a-relacao-com-alzheimer\/\" \/>\n<meta property=\"og:locale\" content=\"pt_BR\" \/>\n<meta property=\"og:type\" content=\"article\" \/>\n<meta property=\"og:title\" content=\"Entenda como obesidade afeta fluxo sangu\u00edneo e qual a rela\u00e7\u00e3o com Alzheimer - Jornal Fatos e Not\u00edcias\" \/>\n<meta property=\"og:description\" content=\"Quanto maior o peso de algu\u00e9m, menor ser\u00e1 a atividade e o fluxo sangu\u00edneo cerebral da pessoa, sendo esse \u00faltimo um indicador da possibilidade de desenvolver Alzheimer futuramente. Tais considera\u00e7\u00f5es foram publicadas ap\u00f3s estudo de observa\u00e7\u00e3o realizado na Universidade John Hopkins, de Baltimore (EUA), que buscou identificar padr\u00f5es de anormalidade de perfus\u00e3o no c\u00e9rebro de [&hellip;]\" \/>\n<meta property=\"og:url\" content=\"https:\/\/jornalfatosenoticias.com.br\/index.php\/2021\/04\/09\/entenda-como-obesidade-afeta-fluxo-sanguineo-e-qual-a-relacao-com-alzheimer\/\" \/>\n<meta property=\"og:site_name\" content=\"Jornal Fatos e Not\u00edcias\" \/>\n<meta property=\"article:published_time\" content=\"2021-04-09T13:25:28+00:00\" \/>\n<meta property=\"article:modified_time\" content=\"2021-04-09T13:25:33+00:00\" \/>\n<meta property=\"og:image\" content=\"https:\/\/jornalfatosenoticias.com.br\/wp-content\/uploads\/2021\/04\/OBESIDADE_ALZHEIMER.jpg\" \/>\n\t<meta property=\"og:image:width\" content=\"1000\" \/>\n\t<meta property=\"og:image:height\" content=\"562\" \/>\n\t<meta property=\"og:image:type\" content=\"image\/jpeg\" \/>\n<meta name=\"author\" content=\"Luzimara Fernandes\" \/>\n<meta name=\"twitter:card\" content=\"summary_large_image\" \/>\n<meta name=\"twitter:label1\" content=\"Escrito por\" \/>\n\t<meta name=\"twitter:data1\" content=\"Luzimara Fernandes\" \/>\n\t<meta name=\"twitter:label2\" content=\"Est. tempo de leitura\" \/>\n\t<meta name=\"twitter:data2\" content=\"4 minutos\" \/>\n<script type=\"application\/ld+json\" class=\"yoast-schema-graph\">{\"@context\":\"https:\/\/schema.org\",\"@graph\":[{\"@type\":\"Article\",\"@id\":\"https:\/\/jornalfatosenoticias.com.br\/index.php\/2021\/04\/09\/entenda-como-obesidade-afeta-fluxo-sanguineo-e-qual-a-relacao-com-alzheimer\/#article\",\"isPartOf\":{\"@id\":\"https:\/\/jornalfatosenoticias.com.br\/index.php\/2021\/04\/09\/entenda-como-obesidade-afeta-fluxo-sanguineo-e-qual-a-relacao-com-alzheimer\/\"},\"author\":{\"name\":\"Luzimara Fernandes\",\"@id\":\"https:\/\/jornalfatosenoticias.com.br\/#\/schema\/person\/d63837fa13ac8666eb9e74e0985d6f81\"},\"headline\":\"Entenda como obesidade afeta fluxo sangu\u00edneo e qual a rela\u00e7\u00e3o com Alzheimer\",\"datePublished\":\"2021-04-09T13:25:28+00:00\",\"dateModified\":\"2021-04-09T13:25:33+00:00\",\"mainEntityOfPage\":{\"@id\":\"https:\/\/jornalfatosenoticias.com.br\/index.php\/2021\/04\/09\/entenda-como-obesidade-afeta-fluxo-sanguineo-e-qual-a-relacao-com-alzheimer\/\"},\"wordCount\":848,\"commentCount\":0,\"publisher\":{\"@id\":\"https:\/\/jornalfatosenoticias.com.br\/#organization\"},\"image\":{\"@id\":\"https:\/\/jornalfatosenoticias.com.br\/index.php\/2021\/04\/09\/entenda-como-obesidade-afeta-fluxo-sanguineo-e-qual-a-relacao-com-alzheimer\/#primaryimage\"},\"thumbnailUrl\":\"https:\/\/jornalfatosenoticias.com.br\/wp-content\/uploads\/2021\/04\/OBESIDADE_ALZHEIMER.jpg\",\"keywords\":[\"Alzheimer\",\"fluxo sangu\u00edneo\",\"IMC\",\"obesidade\",\"pesquisa\"],\"articleSection\":[\"Sa\u00fade\"],\"inLanguage\":\"pt-BR\",\"potentialAction\":[{\"@type\":\"CommentAction\",\"name\":\"Comment\",\"target\":[\"https:\/\/jornalfatosenoticias.com.br\/index.php\/2021\/04\/09\/entenda-como-obesidade-afeta-fluxo-sanguineo-e-qual-a-relacao-com-alzheimer\/#respond\"]}]},{\"@type\":\"WebPage\",\"@id\":\"https:\/\/jornalfatosenoticias.com.br\/index.php\/2021\/04\/09\/entenda-como-obesidade-afeta-fluxo-sanguineo-e-qual-a-relacao-com-alzheimer\/\",\"url\":\"https:\/\/jornalfatosenoticias.com.br\/index.php\/2021\/04\/09\/entenda-como-obesidade-afeta-fluxo-sanguineo-e-qual-a-relacao-com-alzheimer\/\",\"name\":\"Entenda como obesidade afeta fluxo sangu\u00edneo e qual a rela\u00e7\u00e3o com Alzheimer - Jornal Fatos e Not\u00edcias\",\"isPartOf\":{\"@id\":\"https:\/\/jornalfatosenoticias.com.br\/#website\"},\"primaryImageOfPage\":{\"@id\":\"https:\/\/jornalfatosenoticias.com.br\/index.php\/2021\/04\/09\/entenda-como-obesidade-afeta-fluxo-sanguineo-e-qual-a-relacao-com-alzheimer\/#primaryimage\"},\"image\":{\"@id\":\"https:\/\/jornalfatosenoticias.com.br\/index.php\/2021\/04\/09\/entenda-como-obesidade-afeta-fluxo-sanguineo-e-qual-a-relacao-com-alzheimer\/#primaryimage\"},\"thumbnailUrl\":\"https:\/\/jornalfatosenoticias.com.br\/wp-content\/uploads\/2021\/04\/OBESIDADE_ALZHEIMER.jpg\",\"datePublished\":\"2021-04-09T13:25:28+00:00\",\"dateModified\":\"2021-04-09T13:25:33+00:00\",\"breadcrumb\":{\"@id\":\"https:\/\/jornalfatosenoticias.com.br\/index.php\/2021\/04\/09\/entenda-como-obesidade-afeta-fluxo-sanguineo-e-qual-a-relacao-com-alzheimer\/#breadcrumb\"},\"inLanguage\":\"pt-BR\",\"potentialAction\":[{\"@type\":\"ReadAction\",\"target\":[\"https:\/\/jornalfatosenoticias.com.br\/index.php\/2021\/04\/09\/entenda-como-obesidade-afeta-fluxo-sanguineo-e-qual-a-relacao-com-alzheimer\/\"]}]},{\"@type\":\"ImageObject\",\"inLanguage\":\"pt-BR\",\"@id\":\"https:\/\/jornalfatosenoticias.com.br\/index.php\/2021\/04\/09\/entenda-como-obesidade-afeta-fluxo-sanguineo-e-qual-a-relacao-com-alzheimer\/#primaryimage\",\"url\":\"https:\/\/jornalfatosenoticias.com.br\/wp-content\/uploads\/2021\/04\/OBESIDADE_ALZHEIMER.jpg\",\"contentUrl\":\"https:\/\/jornalfatosenoticias.com.br\/wp-content\/uploads\/2021\/04\/OBESIDADE_ALZHEIMER.jpg\",\"width\":1000,\"height\":562},{\"@type\":\"BreadcrumbList\",\"@id\":\"https:\/\/jornalfatosenoticias.com.br\/index.php\/2021\/04\/09\/entenda-como-obesidade-afeta-fluxo-sanguineo-e-qual-a-relacao-com-alzheimer\/#breadcrumb\",\"itemListElement\":[{\"@type\":\"ListItem\",\"position\":1,\"name\":\"In\u00edcio\",\"item\":\"https:\/\/jornalfatosenoticias.com.br\/\"},{\"@type\":\"ListItem\",\"position\":2,\"name\":\"Entenda como obesidade afeta fluxo sangu\u00edneo e qual a rela\u00e7\u00e3o com Alzheimer\"}]},{\"@type\":\"WebSite\",\"@id\":\"https:\/\/jornalfatosenoticias.com.br\/#website\",\"url\":\"https:\/\/jornalfatosenoticias.com.br\/\",\"name\":\"Jornal Fatos e Not\u00edcias\",\"description\":\"Not\u00edcias em geral\",\"publisher\":{\"@id\":\"https:\/\/jornalfatosenoticias.com.br\/#organization\"},\"potentialAction\":[{\"@type\":\"SearchAction\",\"target\":{\"@type\":\"EntryPoint\",\"urlTemplate\":\"https:\/\/jornalfatosenoticias.com.br\/?s={search_term_string}\"},\"query-input\":{\"@type\":\"PropertyValueSpecification\",\"valueRequired\":true,\"valueName\":\"search_term_string\"}}],\"inLanguage\":\"pt-BR\"},{\"@type\":\"Organization\",\"@id\":\"https:\/\/jornalfatosenoticias.com.br\/#organization\",\"name\":\"Jornal Fatos e Not\u00edcias\",\"url\":\"https:\/\/jornalfatosenoticias.com.br\/\",\"logo\":{\"@type\":\"ImageObject\",\"inLanguage\":\"pt-BR\",\"@id\":\"https:\/\/jornalfatosenoticias.com.br\/#\/schema\/logo\/image\/\",\"url\":\"https:\/\/jornalfatosenoticias.com.br\/wp-content\/uploads\/2020\/02\/logo120.png\",\"contentUrl\":\"https:\/\/jornalfatosenoticias.com.br\/wp-content\/uploads\/2020\/02\/logo120.png\",\"width\":1227,\"height\":120,\"caption\":\"Jornal Fatos e Not\u00edcias\"},\"image\":{\"@id\":\"https:\/\/jornalfatosenoticias.com.br\/#\/schema\/logo\/image\/\"}},{\"@type\":\"Person\",\"@id\":\"https:\/\/jornalfatosenoticias.com.br\/#\/schema\/person\/d63837fa13ac8666eb9e74e0985d6f81\",\"name\":\"Luzimara Fernandes\",\"image\":{\"@type\":\"ImageObject\",\"inLanguage\":\"pt-BR\",\"@id\":\"https:\/\/jornalfatosenoticias.com.br\/#\/schema\/person\/image\/\",\"url\":\"https:\/\/jornalfatosenoticias.com.br\/wp-content\/uploads\/2025\/05\/EU_portal.jpg\",\"contentUrl\":\"https:\/\/jornalfatosenoticias.com.br\/wp-content\/uploads\/2025\/05\/EU_portal.jpg\",\"caption\":\"Luzimara Fernandes\"},\"description\":\"Jornalista MTB 2358-ES\",\"sameAs\":[\"https:\/\/jornalfatosenoticias.com.br\"],\"url\":\"https:\/\/jornalfatosenoticias.com.br\/index.php\/author\/luzimara\/\"}]}<\/script>\n<!-- \/ Yoast SEO plugin. -->","yoast_head_json":{"title":"Entenda como obesidade afeta fluxo sangu\u00edneo e qual a rela\u00e7\u00e3o com Alzheimer - Jornal Fatos e Not\u00edcias","robots":{"index":"index","follow":"follow","max-snippet":"max-snippet:-1","max-image-preview":"max-image-preview:large","max-video-preview":"max-video-preview:-1"},"canonical":"https:\/\/jornalfatosenoticias.com.br\/index.php\/2021\/04\/09\/entenda-como-obesidade-afeta-fluxo-sanguineo-e-qual-a-relacao-com-alzheimer\/","og_locale":"pt_BR","og_type":"article","og_title":"Entenda como obesidade afeta fluxo sangu\u00edneo e qual a rela\u00e7\u00e3o com Alzheimer - Jornal Fatos e Not\u00edcias","og_description":"Quanto maior o peso de algu\u00e9m, menor ser\u00e1 a atividade e o fluxo sangu\u00edneo cerebral da pessoa, sendo esse \u00faltimo um indicador da possibilidade de desenvolver Alzheimer futuramente. Tais considera\u00e7\u00f5es foram publicadas ap\u00f3s estudo de observa\u00e7\u00e3o realizado na Universidade John Hopkins, de Baltimore (EUA), que buscou identificar padr\u00f5es de anormalidade de perfus\u00e3o no c\u00e9rebro de [&hellip;]","og_url":"https:\/\/jornalfatosenoticias.com.br\/index.php\/2021\/04\/09\/entenda-como-obesidade-afeta-fluxo-sanguineo-e-qual-a-relacao-com-alzheimer\/","og_site_name":"Jornal Fatos e Not\u00edcias","article_published_time":"2021-04-09T13:25:28+00:00","article_modified_time":"2021-04-09T13:25:33+00:00","og_image":[{"width":1000,"height":562,"url":"https:\/\/jornalfatosenoticias.com.br\/wp-content\/uploads\/2021\/04\/OBESIDADE_ALZHEIMER.jpg","type":"image\/jpeg"}],"author":"Luzimara Fernandes","twitter_card":"summary_large_image","twitter_misc":{"Escrito por":"Luzimara Fernandes","Est. tempo de leitura":"4 minutos"},"schema":{"@context":"https:\/\/schema.org","@graph":[{"@type":"Article","@id":"https:\/\/jornalfatosenoticias.com.br\/index.php\/2021\/04\/09\/entenda-como-obesidade-afeta-fluxo-sanguineo-e-qual-a-relacao-com-alzheimer\/#article","isPartOf":{"@id":"https:\/\/jornalfatosenoticias.com.br\/index.php\/2021\/04\/09\/entenda-como-obesidade-afeta-fluxo-sanguineo-e-qual-a-relacao-com-alzheimer\/"},"author":{"name":"Luzimara Fernandes","@id":"https:\/\/jornalfatosenoticias.com.br\/#\/schema\/person\/d63837fa13ac8666eb9e74e0985d6f81"},"headline":"Entenda como obesidade afeta fluxo sangu\u00edneo e qual a rela\u00e7\u00e3o com Alzheimer","datePublished":"2021-04-09T13:25:28+00:00","dateModified":"2021-04-09T13:25:33+00:00","mainEntityOfPage":{"@id":"https:\/\/jornalfatosenoticias.com.br\/index.php\/2021\/04\/09\/entenda-como-obesidade-afeta-fluxo-sanguineo-e-qual-a-relacao-com-alzheimer\/"},"wordCount":848,"commentCount":0,"publisher":{"@id":"https:\/\/jornalfatosenoticias.com.br\/#organization"},"image":{"@id":"https:\/\/jornalfatosenoticias.com.br\/index.php\/2021\/04\/09\/entenda-como-obesidade-afeta-fluxo-sanguineo-e-qual-a-relacao-com-alzheimer\/#primaryimage"},"thumbnailUrl":"https:\/\/jornalfatosenoticias.com.br\/wp-content\/uploads\/2021\/04\/OBESIDADE_ALZHEIMER.jpg","keywords":["Alzheimer","fluxo sangu\u00edneo","IMC","obesidade","pesquisa"],"articleSection":["Sa\u00fade"],"inLanguage":"pt-BR","potentialAction":[{"@type":"CommentAction","name":"Comment","target":["https:\/\/jornalfatosenoticias.com.br\/index.php\/2021\/04\/09\/entenda-como-obesidade-afeta-fluxo-sanguineo-e-qual-a-relacao-com-alzheimer\/#respond"]}]},{"@type":"WebPage","@id":"https:\/\/jornalfatosenoticias.com.br\/index.php\/2021\/04\/09\/entenda-como-obesidade-afeta-fluxo-sanguineo-e-qual-a-relacao-com-alzheimer\/","url":"https:\/\/jornalfatosenoticias.com.br\/index.php\/2021\/04\/09\/entenda-como-obesidade-afeta-fluxo-sanguineo-e-qual-a-relacao-com-alzheimer\/","name":"Entenda como obesidade afeta fluxo sangu\u00edneo e qual a rela\u00e7\u00e3o com Alzheimer - Jornal Fatos e Not\u00edcias","isPartOf":{"@id":"https:\/\/jornalfatosenoticias.com.br\/#website"},"primaryImageOfPage":{"@id":"https:\/\/jornalfatosenoticias.com.br\/index.php\/2021\/04\/09\/entenda-como-obesidade-afeta-fluxo-sanguineo-e-qual-a-relacao-com-alzheimer\/#primaryimage"},"image":{"@id":"https:\/\/jornalfatosenoticias.com.br\/index.php\/2021\/04\/09\/entenda-como-obesidade-afeta-fluxo-sanguineo-e-qual-a-relacao-com-alzheimer\/#primaryimage"},"thumbnailUrl":"https:\/\/jornalfatosenoticias.com.br\/wp-content\/uploads\/2021\/04\/OBESIDADE_ALZHEIMER.jpg","datePublished":"2021-04-09T13:25:28+00:00","dateModified":"2021-04-09T13:25:33+00:00","breadcrumb":{"@id":"https:\/\/jornalfatosenoticias.com.br\/index.php\/2021\/04\/09\/entenda-como-obesidade-afeta-fluxo-sanguineo-e-qual-a-relacao-com-alzheimer\/#breadcrumb"},"inLanguage":"pt-BR","potentialAction":[{"@type":"ReadAction","target":["https:\/\/jornalfatosenoticias.com.br\/index.php\/2021\/04\/09\/entenda-como-obesidade-afeta-fluxo-sanguineo-e-qual-a-relacao-com-alzheimer\/"]}]},{"@type":"ImageObject","inLanguage":"pt-BR","@id":"https:\/\/jornalfatosenoticias.com.br\/index.php\/2021\/04\/09\/entenda-como-obesidade-afeta-fluxo-sanguineo-e-qual-a-relacao-com-alzheimer\/#primaryimage","url":"https:\/\/jornalfatosenoticias.com.br\/wp-content\/uploads\/2021\/04\/OBESIDADE_ALZHEIMER.jpg","contentUrl":"https:\/\/jornalfatosenoticias.com.br\/wp-content\/uploads\/2021\/04\/OBESIDADE_ALZHEIMER.jpg","width":1000,"height":562},{"@type":"BreadcrumbList","@id":"https:\/\/jornalfatosenoticias.com.br\/index.php\/2021\/04\/09\/entenda-como-obesidade-afeta-fluxo-sanguineo-e-qual-a-relacao-com-alzheimer\/#breadcrumb","itemListElement":[{"@type":"ListItem","position":1,"name":"In\u00edcio","item":"https:\/\/jornalfatosenoticias.com.br\/"},{"@type":"ListItem","position":2,"name":"Entenda como obesidade afeta fluxo sangu\u00edneo e qual a rela\u00e7\u00e3o com Alzheimer"}]},{"@type":"WebSite","@id":"https:\/\/jornalfatosenoticias.com.br\/#website","url":"https:\/\/jornalfatosenoticias.com.br\/","name":"Jornal Fatos e Not\u00edcias","description":"Not\u00edcias em geral","publisher":{"@id":"https:\/\/jornalfatosenoticias.com.br\/#organization"},"potentialAction":[{"@type":"SearchAction","target":{"@type":"EntryPoint","urlTemplate":"https:\/\/jornalfatosenoticias.com.br\/?s={search_term_string}"},"query-input":{"@type":"PropertyValueSpecification","valueRequired":true,"valueName":"search_term_string"}}],"inLanguage":"pt-BR"},{"@type":"Organization","@id":"https:\/\/jornalfatosenoticias.com.br\/#organization","name":"Jornal Fatos e Not\u00edcias","url":"https:\/\/jornalfatosenoticias.com.br\/","logo":{"@type":"ImageObject","inLanguage":"pt-BR","@id":"https:\/\/jornalfatosenoticias.com.br\/#\/schema\/logo\/image\/","url":"https:\/\/jornalfatosenoticias.com.br\/wp-content\/uploads\/2020\/02\/logo120.png","contentUrl":"https:\/\/jornalfatosenoticias.com.br\/wp-content\/uploads\/2020\/02\/logo120.png","width":1227,"height":120,"caption":"Jornal Fatos e Not\u00edcias"},"image":{"@id":"https:\/\/jornalfatosenoticias.com.br\/#\/schema\/logo\/image\/"}},{"@type":"Person","@id":"https:\/\/jornalfatosenoticias.com.br\/#\/schema\/person\/d63837fa13ac8666eb9e74e0985d6f81","name":"Luzimara Fernandes","image":{"@type":"ImageObject","inLanguage":"pt-BR","@id":"https:\/\/jornalfatosenoticias.com.br\/#\/schema\/person\/image\/","url":"https:\/\/jornalfatosenoticias.com.br\/wp-content\/uploads\/2025\/05\/EU_portal.jpg","contentUrl":"https:\/\/jornalfatosenoticias.com.br\/wp-content\/uploads\/2025\/05\/EU_portal.jpg","caption":"Luzimara Fernandes"},"description":"Jornalista MTB 2358-ES","sameAs":["https:\/\/jornalfatosenoticias.com.br"],"url":"https:\/\/jornalfatosenoticias.com.br\/index.php\/author\/luzimara\/"}]}},"cc_featured_image_caption":{"caption_text":"(Foto: iStock) ","source_text":"","source_url":""},"jetpack_featured_media_url":"https:\/\/jornalfatosenoticias.com.br\/wp-content\/uploads\/2021\/04\/OBESIDADE_ALZHEIMER.jpg","_links":{"self":[{"href":"https:\/\/jornalfatosenoticias.com.br\/index.php\/wp-json\/wp\/v2\/posts\/16842","targetHints":{"allow":["GET"]}}],"collection":[{"href":"https:\/\/jornalfatosenoticias.com.br\/index.php\/wp-json\/wp\/v2\/posts"}],"about":[{"href":"https:\/\/jornalfatosenoticias.com.br\/index.php\/wp-json\/wp\/v2\/types\/post"}],"author":[{"embeddable":true,"href":"https:\/\/jornalfatosenoticias.com.br\/index.php\/wp-json\/wp\/v2\/users\/2"}],"replies":[{"embeddable":true,"href":"https:\/\/jornalfatosenoticias.com.br\/index.php\/wp-json\/wp\/v2\/comments?post=16842"}],"version-history":[{"count":0,"href":"https:\/\/jornalfatosenoticias.com.br\/index.php\/wp-json\/wp\/v2\/posts\/16842\/revisions"}],"wp:featuredmedia":[{"embeddable":true,"href":"https:\/\/jornalfatosenoticias.com.br\/index.php\/wp-json\/wp\/v2\/media\/16843"}],"wp:attachment":[{"href":"https:\/\/jornalfatosenoticias.com.br\/index.php\/wp-json\/wp\/v2\/media?parent=16842"}],"wp:term":[{"taxonomy":"category","embeddable":true,"href":"https:\/\/jornalfatosenoticias.com.br\/index.php\/wp-json\/wp\/v2\/categories?post=16842"},{"taxonomy":"post_tag","embeddable":true,"href":"https:\/\/jornalfatosenoticias.com.br\/index.php\/wp-json\/wp\/v2\/tags?post=16842"}],"curies":[{"name":"wp","href":"https:\/\/api.w.org\/{rel}","templated":true}]}}