{"id":16901,"date":"2021-04-13T09:41:45","date_gmt":"2021-04-13T12:41:45","guid":{"rendered":"https:\/\/jornalfatosenoticias.com.br\/?p=16901"},"modified":"2021-04-13T09:41:50","modified_gmt":"2021-04-13T12:41:50","slug":"volei-bernardinho-assumira-selecao-masculina-da-franca","status":"publish","type":"post","link":"https:\/\/jornalfatosenoticias.com.br\/index.php\/2021\/04\/13\/volei-bernardinho-assumira-selecao-masculina-da-franca\/","title":{"rendered":"V\u00f4lei: Bernardinho assumir\u00e1 sele\u00e7\u00e3o masculina da Fran\u00e7a"},"content":{"rendered":"\n<p><em>Mesmo com acerto, t\u00e9cnico tamb\u00e9m permanecer\u00e1 no Sesc RJ Flamengo<\/em><\/p>\n\n\n\n<p>O t\u00e9cnico Bernardinho assumir\u00e1 a sele\u00e7\u00e3o masculina de v\u00f4lei da Fran\u00e7a ap\u00f3s a realiza\u00e7\u00e3o dos Jogos de T\u00f3quio. A informa\u00e7\u00e3o foi divulgada, nesta segunda-feira (12), pela Federa\u00e7\u00e3o Francesa da modalidade e confirmada pela assessoria de imprensa do treinador, que manter\u00e1 todos os seus projetos no Brasil, inclusive no Sesc RJ Flamengo, onde comanda a equipe feminina.<\/p>\n\n\n\n<figure class=\"wp-block-embed-twitter wp-block-embed is-type-rich is-provider-twitter\"><div class=\"wp-block-embed__wrapper\">\nhttps:\/\/twitter.com\/FFvolley\/status\/1381646622971551749?ref_src=twsrc%5Etfw%7Ctwcamp%5Etweetembed%7Ctwterm%5E1381646622971551749%7Ctwgr%5E%7Ctwcon%5Es1_&#038;ref_url=https%3A%2F%2Fagenciabrasil.ebc.com.br%2Fesportes%2Fnoticia%2F2021-04%2Fvolei-bernardinho-assumira-selecao-masculina-da-franca\n<\/div><\/figure>\n\n\n\n<p>\u201cChegamos a um acordo e ser\u00e1, sem d\u00favida um desafio importante. Espero poder contribuir com minha experi\u00eancia na sele\u00e7\u00e3o masculina da Fran\u00e7a, mas seguirei a maior parte do tempo no Brasil. A prioridade nunca deixou nem deixar\u00e1 de ser os projetos que j\u00e1 tenho em andamento por aqui, como o Sesc RJ Flamengo e todos os demais parceiros. Acredito que essa experi\u00eancia possa somar bastante em todas essas frentes, levando tudo a um ambiente global, adquirindo uma experi\u00eancia internacional que possa incrementar as entregas. O objetivo com a Fran\u00e7a \u00e9 2024 [Jogos Ol\u00edmpicos], mas em todos os outros projetos a expectativa \u00e9 que sigam adiante. Sempre me dediquei de cora\u00e7\u00e3o a todos os trabalhos e seguirei assim, com muita vontade de ampliar esses v\u00ednculos no Brasil por muitos outros anos\u201d, declarou Bernardinho.<br>O treinador assume a Fran\u00e7a tendo como principal objetivo o ciclo dos Jogos de Paris (2024). Para encarar tal desafio ele conta com grande experi\u00eancia, tendo disputado seis edi\u00e7\u00f5es seguidas dos Jogos, conquistando medalhas em todas. Com a sele\u00e7\u00e3o brasileira feminina foi Bronze em Atlanta (1996) e Sydney (2000). E com o time masculino foi ouro em Atenas (2004) e Rio de Janeiro (2016) e prata em Pequim (2008) e Londres (2012).<\/p>\n\n\n\n<blockquote class=\"wp-block-quote is-layout-flow wp-block-quote-is-layout-flow\"><p>\u201cDirigir a Fran\u00e7a ser\u00e1 um desafio muito grande e sou movido a desafios, todos sabem. Ainda tenho muitos anos pela frente fazendo o que mais gosto, que \u00e9 treinar equipes e desenvolver pessoas. Eventualmente podemos enfrentar o Brasil, estarei ali trabalhando, normalmente, como muitos outros t\u00e9cnicos j\u00e1 fizeram, e em v\u00e1rios esportes, mas seguirei com meu cora\u00e7\u00e3o verde e amarelo\u201d, concluiu Bernardinho.<\/p><\/blockquote>\n\n\n\n<p><em><strong>Foto: <\/strong>Marcelo Cortes\/Flamengo\/Direitos Reservados<\/em><\/p>\n\n\n\n<p><strong><em>Fonte: <a href=\"https:\/\/agenciabrasil.ebc.com.br\/esportes\/noticia\/2021-04\/volei-bernardinho-assumira-selecao-masculina-da-franca\">Ag\u00eancia Brasil<\/a><\/em><\/strong><\/p>\n","protected":false},"excerpt":{"rendered":"<p>Mesmo com acerto, t\u00e9cnico tamb\u00e9m permanecer\u00e1 no Sesc RJ Flamengo O t\u00e9cnico Bernardinho assumir\u00e1 a sele\u00e7\u00e3o masculina de v\u00f4lei da Fran\u00e7a ap\u00f3s a realiza\u00e7\u00e3o dos Jogos de T\u00f3quio. A informa\u00e7\u00e3o foi divulgada, nesta segunda-feira (12), pela Federa\u00e7\u00e3o Francesa da modalidade e confirmada pela assessoria de imprensa do treinador, que manter\u00e1 todos os seus projetos no [&hellip;]<\/p>\n","protected":false},"author":2,"featured_media":16902,"comment_status":"open","ping_status":"open","sticky":false,"template":"","format":"standard","meta":{"footnotes":""},"categories":[12],"tags":[8493,43,2689,80,2951],"class_list":["post-16901","post","type-post","status-publish","format-standard","has-post-thumbnail","hentry","category-esportes","tag-bernardinho","tag-esportes","tag-flamengo","tag-jogos-olimpicos","tag-volei"],"yoast_head":"<!-- This site is optimized with the Yoast SEO plugin v26.5 - https:\/\/yoast.com\/wordpress\/plugins\/seo\/ -->\n<title>V\u00f4lei: Bernardinho assumir\u00e1 sele\u00e7\u00e3o masculina da Fran\u00e7a - Jornal Fatos e Not\u00edcias<\/title>\n<meta name=\"robots\" content=\"index, follow, max-snippet:-1, max-image-preview:large, max-video-preview:-1\" \/>\n<link rel=\"canonical\" href=\"https:\/\/jornalfatosenoticias.com.br\/index.php\/2021\/04\/13\/volei-bernardinho-assumira-selecao-masculina-da-franca\/\" \/>\n<meta property=\"og:locale\" content=\"pt_BR\" \/>\n<meta property=\"og:type\" content=\"article\" \/>\n<meta property=\"og:title\" content=\"V\u00f4lei: Bernardinho assumir\u00e1 sele\u00e7\u00e3o masculina da Fran\u00e7a - Jornal Fatos e Not\u00edcias\" \/>\n<meta property=\"og:description\" content=\"Mesmo com acerto, t\u00e9cnico tamb\u00e9m permanecer\u00e1 no Sesc RJ Flamengo O t\u00e9cnico Bernardinho assumir\u00e1 a sele\u00e7\u00e3o masculina de v\u00f4lei da Fran\u00e7a ap\u00f3s a realiza\u00e7\u00e3o dos Jogos de T\u00f3quio. A informa\u00e7\u00e3o foi divulgada, nesta segunda-feira (12), pela Federa\u00e7\u00e3o Francesa da modalidade e confirmada pela assessoria de imprensa do treinador, que manter\u00e1 todos os seus projetos no [&hellip;]\" \/>\n<meta property=\"og:url\" content=\"https:\/\/jornalfatosenoticias.com.br\/index.php\/2021\/04\/13\/volei-bernardinho-assumira-selecao-masculina-da-franca\/\" \/>\n<meta property=\"og:site_name\" content=\"Jornal Fatos e Not\u00edcias\" \/>\n<meta property=\"article:published_time\" content=\"2021-04-13T12:41:45+00:00\" \/>\n<meta property=\"article:modified_time\" content=\"2021-04-13T12:41:50+00:00\" \/>\n<meta property=\"og:image\" content=\"https:\/\/jornalfatosenoticias.com.br\/wp-content\/uploads\/2021\/04\/bernardinho.jpg\" \/>\n\t<meta property=\"og:image:width\" content=\"1000\" \/>\n\t<meta property=\"og:image:height\" content=\"598\" \/>\n\t<meta property=\"og:image:type\" content=\"image\/jpeg\" \/>\n<meta name=\"author\" content=\"Luzimara Fernandes\" \/>\n<meta name=\"twitter:card\" content=\"summary_large_image\" \/>\n<meta name=\"twitter:label1\" content=\"Escrito por\" \/>\n\t<meta name=\"twitter:data1\" content=\"Luzimara Fernandes\" \/>\n\t<meta name=\"twitter:label2\" content=\"Est. tempo de leitura\" \/>\n\t<meta name=\"twitter:data2\" content=\"2 minutos\" \/>\n<script type=\"application\/ld+json\" class=\"yoast-schema-graph\">{\"@context\":\"https:\/\/schema.org\",\"@graph\":[{\"@type\":\"Article\",\"@id\":\"https:\/\/jornalfatosenoticias.com.br\/index.php\/2021\/04\/13\/volei-bernardinho-assumira-selecao-masculina-da-franca\/#article\",\"isPartOf\":{\"@id\":\"https:\/\/jornalfatosenoticias.com.br\/index.php\/2021\/04\/13\/volei-bernardinho-assumira-selecao-masculina-da-franca\/\"},\"author\":{\"name\":\"Luzimara Fernandes\",\"@id\":\"https:\/\/jornalfatosenoticias.com.br\/#\/schema\/person\/d63837fa13ac8666eb9e74e0985d6f81\"},\"headline\":\"V\u00f4lei: Bernardinho assumir\u00e1 sele\u00e7\u00e3o masculina da Fran\u00e7a\",\"datePublished\":\"2021-04-13T12:41:45+00:00\",\"dateModified\":\"2021-04-13T12:41:50+00:00\",\"mainEntityOfPage\":{\"@id\":\"https:\/\/jornalfatosenoticias.com.br\/index.php\/2021\/04\/13\/volei-bernardinho-assumira-selecao-masculina-da-franca\/\"},\"wordCount\":401,\"commentCount\":0,\"publisher\":{\"@id\":\"https:\/\/jornalfatosenoticias.com.br\/#organization\"},\"image\":{\"@id\":\"https:\/\/jornalfatosenoticias.com.br\/index.php\/2021\/04\/13\/volei-bernardinho-assumira-selecao-masculina-da-franca\/#primaryimage\"},\"thumbnailUrl\":\"https:\/\/jornalfatosenoticias.com.br\/wp-content\/uploads\/2021\/04\/bernardinho.jpg\",\"keywords\":[\"Bernardinho\",\"esportes\",\"Flamengo\",\"jogos ol\u00edmpicos\",\"v\u00f4lei\"],\"articleSection\":[\"Esportes\"],\"inLanguage\":\"pt-BR\",\"potentialAction\":[{\"@type\":\"CommentAction\",\"name\":\"Comment\",\"target\":[\"https:\/\/jornalfatosenoticias.com.br\/index.php\/2021\/04\/13\/volei-bernardinho-assumira-selecao-masculina-da-franca\/#respond\"]}]},{\"@type\":\"WebPage\",\"@id\":\"https:\/\/jornalfatosenoticias.com.br\/index.php\/2021\/04\/13\/volei-bernardinho-assumira-selecao-masculina-da-franca\/\",\"url\":\"https:\/\/jornalfatosenoticias.com.br\/index.php\/2021\/04\/13\/volei-bernardinho-assumira-selecao-masculina-da-franca\/\",\"name\":\"V\u00f4lei: Bernardinho assumir\u00e1 sele\u00e7\u00e3o masculina da Fran\u00e7a - Jornal Fatos e Not\u00edcias\",\"isPartOf\":{\"@id\":\"https:\/\/jornalfatosenoticias.com.br\/#website\"},\"primaryImageOfPage\":{\"@id\":\"https:\/\/jornalfatosenoticias.com.br\/index.php\/2021\/04\/13\/volei-bernardinho-assumira-selecao-masculina-da-franca\/#primaryimage\"},\"image\":{\"@id\":\"https:\/\/jornalfatosenoticias.com.br\/index.php\/2021\/04\/13\/volei-bernardinho-assumira-selecao-masculina-da-franca\/#primaryimage\"},\"thumbnailUrl\":\"https:\/\/jornalfatosenoticias.com.br\/wp-content\/uploads\/2021\/04\/bernardinho.jpg\",\"datePublished\":\"2021-04-13T12:41:45+00:00\",\"dateModified\":\"2021-04-13T12:41:50+00:00\",\"breadcrumb\":{\"@id\":\"https:\/\/jornalfatosenoticias.com.br\/index.php\/2021\/04\/13\/volei-bernardinho-assumira-selecao-masculina-da-franca\/#breadcrumb\"},\"inLanguage\":\"pt-BR\",\"potentialAction\":[{\"@type\":\"ReadAction\",\"target\":[\"https:\/\/jornalfatosenoticias.com.br\/index.php\/2021\/04\/13\/volei-bernardinho-assumira-selecao-masculina-da-franca\/\"]}]},{\"@type\":\"ImageObject\",\"inLanguage\":\"pt-BR\",\"@id\":\"https:\/\/jornalfatosenoticias.com.br\/index.php\/2021\/04\/13\/volei-bernardinho-assumira-selecao-masculina-da-franca\/#primaryimage\",\"url\":\"https:\/\/jornalfatosenoticias.com.br\/wp-content\/uploads\/2021\/04\/bernardinho.jpg\",\"contentUrl\":\"https:\/\/jornalfatosenoticias.com.br\/wp-content\/uploads\/2021\/04\/bernardinho.jpg\",\"width\":1000,\"height\":598},{\"@type\":\"BreadcrumbList\",\"@id\":\"https:\/\/jornalfatosenoticias.com.br\/index.php\/2021\/04\/13\/volei-bernardinho-assumira-selecao-masculina-da-franca\/#breadcrumb\",\"itemListElement\":[{\"@type\":\"ListItem\",\"position\":1,\"name\":\"In\u00edcio\",\"item\":\"https:\/\/jornalfatosenoticias.com.br\/\"},{\"@type\":\"ListItem\",\"position\":2,\"name\":\"V\u00f4lei: Bernardinho assumir\u00e1 sele\u00e7\u00e3o masculina da Fran\u00e7a\"}]},{\"@type\":\"WebSite\",\"@id\":\"https:\/\/jornalfatosenoticias.com.br\/#website\",\"url\":\"https:\/\/jornalfatosenoticias.com.br\/\",\"name\":\"Jornal Fatos e Not\u00edcias\",\"description\":\"Not\u00edcias em geral\",\"publisher\":{\"@id\":\"https:\/\/jornalfatosenoticias.com.br\/#organization\"},\"potentialAction\":[{\"@type\":\"SearchAction\",\"target\":{\"@type\":\"EntryPoint\",\"urlTemplate\":\"https:\/\/jornalfatosenoticias.com.br\/?s={search_term_string}\"},\"query-input\":{\"@type\":\"PropertyValueSpecification\",\"valueRequired\":true,\"valueName\":\"search_term_string\"}}],\"inLanguage\":\"pt-BR\"},{\"@type\":\"Organization\",\"@id\":\"https:\/\/jornalfatosenoticias.com.br\/#organization\",\"name\":\"Jornal Fatos e Not\u00edcias\",\"url\":\"https:\/\/jornalfatosenoticias.com.br\/\",\"logo\":{\"@type\":\"ImageObject\",\"inLanguage\":\"pt-BR\",\"@id\":\"https:\/\/jornalfatosenoticias.com.br\/#\/schema\/logo\/image\/\",\"url\":\"https:\/\/jornalfatosenoticias.com.br\/wp-content\/uploads\/2020\/02\/logo120.png\",\"contentUrl\":\"https:\/\/jornalfatosenoticias.com.br\/wp-content\/uploads\/2020\/02\/logo120.png\",\"width\":1227,\"height\":120,\"caption\":\"Jornal Fatos e Not\u00edcias\"},\"image\":{\"@id\":\"https:\/\/jornalfatosenoticias.com.br\/#\/schema\/logo\/image\/\"}},{\"@type\":\"Person\",\"@id\":\"https:\/\/jornalfatosenoticias.com.br\/#\/schema\/person\/d63837fa13ac8666eb9e74e0985d6f81\",\"name\":\"Luzimara Fernandes\",\"image\":{\"@type\":\"ImageObject\",\"inLanguage\":\"pt-BR\",\"@id\":\"https:\/\/jornalfatosenoticias.com.br\/#\/schema\/person\/image\/\",\"url\":\"https:\/\/jornalfatosenoticias.com.br\/wp-content\/uploads\/2025\/05\/EU_portal.jpg\",\"contentUrl\":\"https:\/\/jornalfatosenoticias.com.br\/wp-content\/uploads\/2025\/05\/EU_portal.jpg\",\"caption\":\"Luzimara Fernandes\"},\"description\":\"Jornalista MTB 2358-ES\",\"sameAs\":[\"https:\/\/jornalfatosenoticias.com.br\"],\"url\":\"https:\/\/jornalfatosenoticias.com.br\/index.php\/author\/luzimara\/\"}]}<\/script>\n<!-- \/ Yoast SEO plugin. -->","yoast_head_json":{"title":"V\u00f4lei: Bernardinho assumir\u00e1 sele\u00e7\u00e3o masculina da Fran\u00e7a - Jornal Fatos e Not\u00edcias","robots":{"index":"index","follow":"follow","max-snippet":"max-snippet:-1","max-image-preview":"max-image-preview:large","max-video-preview":"max-video-preview:-1"},"canonical":"https:\/\/jornalfatosenoticias.com.br\/index.php\/2021\/04\/13\/volei-bernardinho-assumira-selecao-masculina-da-franca\/","og_locale":"pt_BR","og_type":"article","og_title":"V\u00f4lei: Bernardinho assumir\u00e1 sele\u00e7\u00e3o masculina da Fran\u00e7a - Jornal Fatos e Not\u00edcias","og_description":"Mesmo com acerto, t\u00e9cnico tamb\u00e9m permanecer\u00e1 no Sesc RJ Flamengo O t\u00e9cnico Bernardinho assumir\u00e1 a sele\u00e7\u00e3o masculina de v\u00f4lei da Fran\u00e7a ap\u00f3s a realiza\u00e7\u00e3o dos Jogos de T\u00f3quio. A informa\u00e7\u00e3o foi divulgada, nesta segunda-feira (12), pela Federa\u00e7\u00e3o Francesa da modalidade e confirmada pela assessoria de imprensa do treinador, que manter\u00e1 todos os seus projetos no [&hellip;]","og_url":"https:\/\/jornalfatosenoticias.com.br\/index.php\/2021\/04\/13\/volei-bernardinho-assumira-selecao-masculina-da-franca\/","og_site_name":"Jornal Fatos e Not\u00edcias","article_published_time":"2021-04-13T12:41:45+00:00","article_modified_time":"2021-04-13T12:41:50+00:00","og_image":[{"width":1000,"height":598,"url":"https:\/\/jornalfatosenoticias.com.br\/wp-content\/uploads\/2021\/04\/bernardinho.jpg","type":"image\/jpeg"}],"author":"Luzimara Fernandes","twitter_card":"summary_large_image","twitter_misc":{"Escrito por":"Luzimara Fernandes","Est. tempo de leitura":"2 minutos"},"schema":{"@context":"https:\/\/schema.org","@graph":[{"@type":"Article","@id":"https:\/\/jornalfatosenoticias.com.br\/index.php\/2021\/04\/13\/volei-bernardinho-assumira-selecao-masculina-da-franca\/#article","isPartOf":{"@id":"https:\/\/jornalfatosenoticias.com.br\/index.php\/2021\/04\/13\/volei-bernardinho-assumira-selecao-masculina-da-franca\/"},"author":{"name":"Luzimara Fernandes","@id":"https:\/\/jornalfatosenoticias.com.br\/#\/schema\/person\/d63837fa13ac8666eb9e74e0985d6f81"},"headline":"V\u00f4lei: Bernardinho assumir\u00e1 sele\u00e7\u00e3o masculina da Fran\u00e7a","datePublished":"2021-04-13T12:41:45+00:00","dateModified":"2021-04-13T12:41:50+00:00","mainEntityOfPage":{"@id":"https:\/\/jornalfatosenoticias.com.br\/index.php\/2021\/04\/13\/volei-bernardinho-assumira-selecao-masculina-da-franca\/"},"wordCount":401,"commentCount":0,"publisher":{"@id":"https:\/\/jornalfatosenoticias.com.br\/#organization"},"image":{"@id":"https:\/\/jornalfatosenoticias.com.br\/index.php\/2021\/04\/13\/volei-bernardinho-assumira-selecao-masculina-da-franca\/#primaryimage"},"thumbnailUrl":"https:\/\/jornalfatosenoticias.com.br\/wp-content\/uploads\/2021\/04\/bernardinho.jpg","keywords":["Bernardinho","esportes","Flamengo","jogos ol\u00edmpicos","v\u00f4lei"],"articleSection":["Esportes"],"inLanguage":"pt-BR","potentialAction":[{"@type":"CommentAction","name":"Comment","target":["https:\/\/jornalfatosenoticias.com.br\/index.php\/2021\/04\/13\/volei-bernardinho-assumira-selecao-masculina-da-franca\/#respond"]}]},{"@type":"WebPage","@id":"https:\/\/jornalfatosenoticias.com.br\/index.php\/2021\/04\/13\/volei-bernardinho-assumira-selecao-masculina-da-franca\/","url":"https:\/\/jornalfatosenoticias.com.br\/index.php\/2021\/04\/13\/volei-bernardinho-assumira-selecao-masculina-da-franca\/","name":"V\u00f4lei: Bernardinho assumir\u00e1 sele\u00e7\u00e3o masculina da Fran\u00e7a - Jornal Fatos e Not\u00edcias","isPartOf":{"@id":"https:\/\/jornalfatosenoticias.com.br\/#website"},"primaryImageOfPage":{"@id":"https:\/\/jornalfatosenoticias.com.br\/index.php\/2021\/04\/13\/volei-bernardinho-assumira-selecao-masculina-da-franca\/#primaryimage"},"image":{"@id":"https:\/\/jornalfatosenoticias.com.br\/index.php\/2021\/04\/13\/volei-bernardinho-assumira-selecao-masculina-da-franca\/#primaryimage"},"thumbnailUrl":"https:\/\/jornalfatosenoticias.com.br\/wp-content\/uploads\/2021\/04\/bernardinho.jpg","datePublished":"2021-04-13T12:41:45+00:00","dateModified":"2021-04-13T12:41:50+00:00","breadcrumb":{"@id":"https:\/\/jornalfatosenoticias.com.br\/index.php\/2021\/04\/13\/volei-bernardinho-assumira-selecao-masculina-da-franca\/#breadcrumb"},"inLanguage":"pt-BR","potentialAction":[{"@type":"ReadAction","target":["https:\/\/jornalfatosenoticias.com.br\/index.php\/2021\/04\/13\/volei-bernardinho-assumira-selecao-masculina-da-franca\/"]}]},{"@type":"ImageObject","inLanguage":"pt-BR","@id":"https:\/\/jornalfatosenoticias.com.br\/index.php\/2021\/04\/13\/volei-bernardinho-assumira-selecao-masculina-da-franca\/#primaryimage","url":"https:\/\/jornalfatosenoticias.com.br\/wp-content\/uploads\/2021\/04\/bernardinho.jpg","contentUrl":"https:\/\/jornalfatosenoticias.com.br\/wp-content\/uploads\/2021\/04\/bernardinho.jpg","width":1000,"height":598},{"@type":"BreadcrumbList","@id":"https:\/\/jornalfatosenoticias.com.br\/index.php\/2021\/04\/13\/volei-bernardinho-assumira-selecao-masculina-da-franca\/#breadcrumb","itemListElement":[{"@type":"ListItem","position":1,"name":"In\u00edcio","item":"https:\/\/jornalfatosenoticias.com.br\/"},{"@type":"ListItem","position":2,"name":"V\u00f4lei: Bernardinho assumir\u00e1 sele\u00e7\u00e3o masculina da Fran\u00e7a"}]},{"@type":"WebSite","@id":"https:\/\/jornalfatosenoticias.com.br\/#website","url":"https:\/\/jornalfatosenoticias.com.br\/","name":"Jornal Fatos e Not\u00edcias","description":"Not\u00edcias em geral","publisher":{"@id":"https:\/\/jornalfatosenoticias.com.br\/#organization"},"potentialAction":[{"@type":"SearchAction","target":{"@type":"EntryPoint","urlTemplate":"https:\/\/jornalfatosenoticias.com.br\/?s={search_term_string}"},"query-input":{"@type":"PropertyValueSpecification","valueRequired":true,"valueName":"search_term_string"}}],"inLanguage":"pt-BR"},{"@type":"Organization","@id":"https:\/\/jornalfatosenoticias.com.br\/#organization","name":"Jornal Fatos e Not\u00edcias","url":"https:\/\/jornalfatosenoticias.com.br\/","logo":{"@type":"ImageObject","inLanguage":"pt-BR","@id":"https:\/\/jornalfatosenoticias.com.br\/#\/schema\/logo\/image\/","url":"https:\/\/jornalfatosenoticias.com.br\/wp-content\/uploads\/2020\/02\/logo120.png","contentUrl":"https:\/\/jornalfatosenoticias.com.br\/wp-content\/uploads\/2020\/02\/logo120.png","width":1227,"height":120,"caption":"Jornal Fatos e Not\u00edcias"},"image":{"@id":"https:\/\/jornalfatosenoticias.com.br\/#\/schema\/logo\/image\/"}},{"@type":"Person","@id":"https:\/\/jornalfatosenoticias.com.br\/#\/schema\/person\/d63837fa13ac8666eb9e74e0985d6f81","name":"Luzimara Fernandes","image":{"@type":"ImageObject","inLanguage":"pt-BR","@id":"https:\/\/jornalfatosenoticias.com.br\/#\/schema\/person\/image\/","url":"https:\/\/jornalfatosenoticias.com.br\/wp-content\/uploads\/2025\/05\/EU_portal.jpg","contentUrl":"https:\/\/jornalfatosenoticias.com.br\/wp-content\/uploads\/2025\/05\/EU_portal.jpg","caption":"Luzimara Fernandes"},"description":"Jornalista MTB 2358-ES","sameAs":["https:\/\/jornalfatosenoticias.com.br"],"url":"https:\/\/jornalfatosenoticias.com.br\/index.php\/author\/luzimara\/"}]}},"cc_featured_image_caption":{"caption_text":"","source_text":"","source_url":""},"jetpack_featured_media_url":"https:\/\/jornalfatosenoticias.com.br\/wp-content\/uploads\/2021\/04\/bernardinho.jpg","_links":{"self":[{"href":"https:\/\/jornalfatosenoticias.com.br\/index.php\/wp-json\/wp\/v2\/posts\/16901","targetHints":{"allow":["GET"]}}],"collection":[{"href":"https:\/\/jornalfatosenoticias.com.br\/index.php\/wp-json\/wp\/v2\/posts"}],"about":[{"href":"https:\/\/jornalfatosenoticias.com.br\/index.php\/wp-json\/wp\/v2\/types\/post"}],"author":[{"embeddable":true,"href":"https:\/\/jornalfatosenoticias.com.br\/index.php\/wp-json\/wp\/v2\/users\/2"}],"replies":[{"embeddable":true,"href":"https:\/\/jornalfatosenoticias.com.br\/index.php\/wp-json\/wp\/v2\/comments?post=16901"}],"version-history":[{"count":0,"href":"https:\/\/jornalfatosenoticias.com.br\/index.php\/wp-json\/wp\/v2\/posts\/16901\/revisions"}],"wp:featuredmedia":[{"embeddable":true,"href":"https:\/\/jornalfatosenoticias.com.br\/index.php\/wp-json\/wp\/v2\/media\/16902"}],"wp:attachment":[{"href":"https:\/\/jornalfatosenoticias.com.br\/index.php\/wp-json\/wp\/v2\/media?parent=16901"}],"wp:term":[{"taxonomy":"category","embeddable":true,"href":"https:\/\/jornalfatosenoticias.com.br\/index.php\/wp-json\/wp\/v2\/categories?post=16901"},{"taxonomy":"post_tag","embeddable":true,"href":"https:\/\/jornalfatosenoticias.com.br\/index.php\/wp-json\/wp\/v2\/tags?post=16901"}],"curies":[{"name":"wp","href":"https:\/\/api.w.org\/{rel}","templated":true}]}}