{"id":16951,"date":"2021-04-14T09:40:55","date_gmt":"2021-04-14T12:40:55","guid":{"rendered":"https:\/\/jornalfatosenoticias.com.br\/?p=16951"},"modified":"2021-04-14T13:29:54","modified_gmt":"2021-04-14T16:29:54","slug":"goiapaba-acu-um-point-exuberante","status":"publish","type":"post","link":"https:\/\/jornalfatosenoticias.com.br\/index.php\/2021\/04\/14\/goiapaba-acu-um-point-exuberante\/","title":{"rendered":"Goiapaba-A\u00e7u, um point exuberante"},"content":{"rendered":"\n<p>Dia ensolarado, visual de tirar o f\u00f4lego e muita caminhada, esse foi o in\u00edcio de um domingo que prometia muito. Com a companhia de Marcos Grau (99643-9804), guia experiente em trilhas, tive o prazer de conhecer um dos picos mais imponente e belo, o Pico Goiapaba-A\u00e7u.<br>O nome do parque tem origem tupi e significa \u201cgrande morada dos goiapabas\u201d. O pico \u00e9 uma \u00e1rea de prote\u00e7\u00e3o ambiental (APA), que foi criada pelo decreto estadual n\u00ba 3.796-N, em 1994. Localizada entre a regi\u00e3o montanhosa e a baixada litor\u00e2nea, a APA abrange o Parque Natural Municipal de Goiapaba-A\u00e7u, que possui trilhas e mirante.<br>H\u00e1 registros de 133 esp\u00e9cies de aves, sendo duas amea\u00e7adas de extin\u00e7\u00e3o. O potencial de conectividade dos fragmentos florestais em seu entorno como a Reserva Biol\u00f3gica Augusto Ruschi, Esta\u00e7\u00e3o Biol\u00f3gica de Santa L\u00facia e Parque Natural Municipal de S\u00e3o Louren\u00e7o, torna a \u00e1rea relevante para a forma\u00e7\u00e3o do Corredor Ecol\u00f3gico Centro-Norte Serrano, segundo o Instituto Estadual de Meio Ambiente e Recursos H\u00eddricos (Iema).<br>O Pico Goiapaba-A\u00e7u \u00e9 um ponto tur\u00edstico que costuma atrair, nos finais de semana, pessoas de outros munic\u00edpio e at\u00e9 mesmo de outros estados pela sua biodiversidade e belezas naturais.<br>Para o casal de engenheiros Breno e Lorraine, moradores de Vit\u00f3ria, que passou a noite acampado para apreciar o nascer do sol, disse que o local \u00e9 muito tranquilo. \u201cFoi um amigo nosso que mora em Santa Teresa que nos indicou, pesquisamos na internet e achamos que seria bom para relaxar\u201d, diz. Lorraine achou seguro, apesar de n\u00e3o funcionar nada da infraestrutura existente, que poderia ser melhor explorado turisticamente\u2026 \u201cOutra coisa importante \u00e9 que sentimos a presen\u00e7a de animais silvestres, quanto ao p\u00f4r do sol, \u00e9 maravilhoso!\u201d, afirma a engenheira.<br>Os trilheiros Andr\u00e9 e Isaac, um morador de Linhares e o outro morador de Santa Maria de Jetib\u00e1, disseram que a reserva \u00e9 muito bonita \u201ctem pouca gente, talvez seja em fun\u00e7\u00e3o da pandemia\u201d, disse Isaac. Os amigos acharam o local muito bacana e com um potencial turismo fant\u00e1stico\u2026 \u201cs\u00f3 precisam divulgar mais\u201d, sugeriu Andr\u00e9.<br>Para a blogueira Ediv\u00e2nia Janke e a irm\u00e3 Lilian e os amigos, Beatriz Krause e Mateus Boldt, todos de Santa Maria de Jetib\u00e1, o lugar \u00e9 divino \u201cgostamos de fazer trilhas e de desfrutar de paisagens. O lugar \u00e9 incr\u00edvel, \u00e9 uma \u00f3tima op\u00e7\u00e3o para quem gosta de natureza. \u00c9 um lugar aberto, com muito ar puro e ainda podemos contemplar as paisagens\u201d, exalta Ediv\u00e2nia, acrescentando que n\u00e3o conhecia e percebeu que s\u00e3o poucas pessoas que conhecem a \u00e1rea de preserva\u00e7\u00e3o. \u201cNo nosso munic\u00edpio temos a Pedra do Garraf\u00e3o e a vista de l\u00e1 \u00e9 maravilhosa, aconselho as pessoas a conhecerem\u201d. Em sua p\u00e1gina na internet, a blogueira aborda temas como paisagens, trilhas, natureza e empoderamento feminino. Para quem gosta do assunto, ela deixou seu Instagram para quem quiser interagir: <a href=\"https:\/\/www.instagram.com\/edivania.janke\/\">@edivania.janke<\/a>.<\/p>\n\n\n\n<div class=\"wp-block-jetpack-slideshow aligncenter\" data-effect=\"slide\"><div class=\"wp-block-jetpack-slideshow_container swiper-container\"><ul class=\"wp-block-jetpack-slideshow_swiper-wrapper swiper-wrapper\"><li class=\"wp-block-jetpack-slideshow_slide swiper-slide\"><figure><img loading=\"lazy\" decoding=\"async\" width=\"1000\" height=\"666\" alt=\"\" class=\"wp-block-jetpack-slideshow_image wp-image-16953\" data-id=\"16953\" src=\"https:\/\/jornalfatosenoticias.com.br\/wp-content\/uploads\/2021\/04\/Agua-418.jpg\" srcset=\"https:\/\/jornalfatosenoticias.com.br\/wp-content\/uploads\/2021\/04\/Agua-418.jpg 1000w, https:\/\/jornalfatosenoticias.com.br\/wp-content\/uploads\/2021\/04\/Agua-418-300x200.jpg 300w, https:\/\/jornalfatosenoticias.com.br\/wp-content\/uploads\/2021\/04\/Agua-418-768x511.jpg 768w\" sizes=\"auto, (max-width: 1000px) 100vw, 1000px\" \/><figcaption class=\"wp-block-jetpack-slideshow_caption gallery-caption\">Queda d\u2019\u00e1gua (Foto: Haroldo Cordeiro Filho)<\/figcaption><\/figure><\/li><li class=\"wp-block-jetpack-slideshow_slide swiper-slide\"><figure><img loading=\"lazy\" decoding=\"async\" width=\"1000\" height=\"666\" alt=\"\" class=\"wp-block-jetpack-slideshow_image wp-image-16954\" data-id=\"16954\" src=\"https:\/\/jornalfatosenoticias.com.br\/wp-content\/uploads\/2021\/04\/Breno-e-Lorraine-418.jpg\" srcset=\"https:\/\/jornalfatosenoticias.com.br\/wp-content\/uploads\/2021\/04\/Breno-e-Lorraine-418.jpg 1000w, https:\/\/jornalfatosenoticias.com.br\/wp-content\/uploads\/2021\/04\/Breno-e-Lorraine-418-300x200.jpg 300w, https:\/\/jornalfatosenoticias.com.br\/wp-content\/uploads\/2021\/04\/Breno-e-Lorraine-418-768x511.jpg 768w\" sizes=\"auto, (max-width: 1000px) 100vw, 1000px\" \/><figcaption class=\"wp-block-jetpack-slideshow_caption gallery-caption\">Breno e Lorraine (Foto: Haroldo Cordeiro Filho)<\/figcaption><\/figure><\/li><li class=\"wp-block-jetpack-slideshow_slide swiper-slide\"><figure><img loading=\"lazy\" decoding=\"async\" width=\"1000\" height=\"750\" alt=\"\" class=\"wp-block-jetpack-slideshow_image wp-image-16955\" data-id=\"16955\" src=\"https:\/\/jornalfatosenoticias.com.br\/wp-content\/uploads\/2021\/04\/Bromelia-418.jpg\" srcset=\"https:\/\/jornalfatosenoticias.com.br\/wp-content\/uploads\/2021\/04\/Bromelia-418.jpg 1000w, https:\/\/jornalfatosenoticias.com.br\/wp-content\/uploads\/2021\/04\/Bromelia-418-300x225.jpg 300w, https:\/\/jornalfatosenoticias.com.br\/wp-content\/uploads\/2021\/04\/Bromelia-418-768x576.jpg 768w\" sizes=\"auto, (max-width: 1000px) 100vw, 1000px\" \/><figcaption class=\"wp-block-jetpack-slideshow_caption gallery-caption\">Biodiversidade (Foto: Haroldo Cordeiro Filho)<\/figcaption><\/figure><\/li><li class=\"wp-block-jetpack-slideshow_slide swiper-slide\"><figure><img loading=\"lazy\" decoding=\"async\" width=\"1000\" height=\"666\" alt=\"\" class=\"wp-block-jetpack-slideshow_image wp-image-16956\" data-id=\"16956\" src=\"https:\/\/jornalfatosenoticias.com.br\/wp-content\/uploads\/2021\/04\/Edvvvania-e-amigos-418.jpg\" srcset=\"https:\/\/jornalfatosenoticias.com.br\/wp-content\/uploads\/2021\/04\/Edvvvania-e-amigos-418.jpg 1000w, https:\/\/jornalfatosenoticias.com.br\/wp-content\/uploads\/2021\/04\/Edvvvania-e-amigos-418-300x200.jpg 300w, https:\/\/jornalfatosenoticias.com.br\/wp-content\/uploads\/2021\/04\/Edvvvania-e-amigos-418-768x511.jpg 768w\" sizes=\"auto, (max-width: 1000px) 100vw, 1000px\" \/><figcaption class=\"wp-block-jetpack-slideshow_caption gallery-caption\">Lilian, Ediv\u00e2nia e Betriz e esposo (Foto: Haroldo Cordeiro Filho)<\/figcaption><\/figure><\/li><li class=\"wp-block-jetpack-slideshow_slide swiper-slide\"><figure><img loading=\"lazy\" decoding=\"async\" width=\"1000\" height=\"407\" alt=\"\" class=\"wp-block-jetpack-slideshow_image wp-image-16957\" data-id=\"16957\" src=\"https:\/\/jornalfatosenoticias.com.br\/wp-content\/uploads\/2021\/04\/Goiapaba-Acu-418.jpg\" srcset=\"https:\/\/jornalfatosenoticias.com.br\/wp-content\/uploads\/2021\/04\/Goiapaba-Acu-418.jpg 1000w, https:\/\/jornalfatosenoticias.com.br\/wp-content\/uploads\/2021\/04\/Goiapaba-Acu-418-300x122.jpg 300w, https:\/\/jornalfatosenoticias.com.br\/wp-content\/uploads\/2021\/04\/Goiapaba-Acu-418-768x313.jpg 768w\" sizes=\"auto, (max-width: 1000px) 100vw, 1000px\" \/><figcaption class=\"wp-block-jetpack-slideshow_caption gallery-caption\">Pico Goiapaba-A\u00e7u (Foto: Denis Rizzoli\/Wikipedia)<\/figcaption><\/figure><\/li><li class=\"wp-block-jetpack-slideshow_slide swiper-slide\"><figure><img loading=\"lazy\" decoding=\"async\" width=\"1000\" height=\"666\" alt=\"\" class=\"wp-block-jetpack-slideshow_image wp-image-16958\" data-id=\"16958\" src=\"https:\/\/jornalfatosenoticias.com.br\/wp-content\/uploads\/2021\/04\/Isabela-418.jpg\" srcset=\"https:\/\/jornalfatosenoticias.com.br\/wp-content\/uploads\/2021\/04\/Isabela-418.jpg 1000w, https:\/\/jornalfatosenoticias.com.br\/wp-content\/uploads\/2021\/04\/Isabela-418-300x200.jpg 300w, https:\/\/jornalfatosenoticias.com.br\/wp-content\/uploads\/2021\/04\/Isabela-418-768x511.jpg 768w\" sizes=\"auto, (max-width: 1000px) 100vw, 1000px\" \/><figcaption class=\"wp-block-jetpack-slideshow_caption gallery-caption\">Fernanda, Isabela e Luti (Foto: Haroldo Cordeiro Filho)<\/figcaption><\/figure><\/li><li class=\"wp-block-jetpack-slideshow_slide swiper-slide\"><figure><img loading=\"lazy\" decoding=\"async\" width=\"1000\" height=\"562\" alt=\"\" class=\"wp-block-jetpack-slideshow_image wp-image-16959\" data-id=\"16959\" src=\"https:\/\/jornalfatosenoticias.com.br\/wp-content\/uploads\/2021\/04\/Goiapaba-Acu-418-infraestrutura.jpg\" srcset=\"https:\/\/jornalfatosenoticias.com.br\/wp-content\/uploads\/2021\/04\/Goiapaba-Acu-418-infraestrutura.jpg 1000w, https:\/\/jornalfatosenoticias.com.br\/wp-content\/uploads\/2021\/04\/Goiapaba-Acu-418-infraestrutura-300x169.jpg 300w, https:\/\/jornalfatosenoticias.com.br\/wp-content\/uploads\/2021\/04\/Goiapaba-Acu-418-infraestrutura-768x432.jpg 768w\" sizes=\"auto, (max-width: 1000px) 100vw, 1000px\" \/><figcaption class=\"wp-block-jetpack-slideshow_caption gallery-caption\">(Foto: Haroldo Cordeiro Filho\/Drone) <\/figcaption><\/figure><\/li><\/ul><a class=\"wp-block-jetpack-slideshow_button-prev swiper-button-prev swiper-button-white\" role=\"button\"><\/a><a class=\"wp-block-jetpack-slideshow_button-next swiper-button-next swiper-button-white\" role=\"button\"><\/a><a aria-label=\"Pause Slideshow\" class=\"wp-block-jetpack-slideshow_button-pause\" role=\"button\"><\/a><div class=\"wp-block-jetpack-slideshow_pagination swiper-pagination swiper-pagination-white\"><\/div><\/div><\/div>\n\n\n\n<p>Procurado por nossa reportagem para comentar o sucesso do Goiapaba-A\u00e7u entre os turistas, o prefeito Gilmar Borges falou, por telefone, \u00e0 reportagem do Fatos &amp; Not\u00edcias que uma das principais metas de seu governo \u00e9 o impulsionamento do turismo e mandou um recado aos praticantes de montanhismo, de voo livre e outras modalidades esportivas e aos amantes da natureza que \u201ca administra\u00e7\u00e3o est\u00e1 antenada e se preparando para dar continuidade aos trabalhos de conclus\u00e3o da infraestrutura que teve in\u00edcio em 2004\u2026 faltam 25% para a conclus\u00e3o, ou seja, muito pouco\u201d, disse o prefeito.<br>Ap\u00f3s a conclus\u00e3o das obras, o parque contar\u00e1 com restaurante e um viveiro de produ\u00e7\u00e3o de brom\u00e9lias e orqu\u00eddeas, que servir\u00e3o como meio autossustent\u00e1vel para os produtores rurais do munic\u00edpio aumentarem a renda familiar. Al\u00e9m desses benef\u00edcios, a administra\u00e7\u00e3o est\u00e1 buscando a retomada da parceria com a Universidade Federal do Esp\u00edrito Santo (Ufes) para a instala\u00e7\u00e3o de um telesc\u00f3pio, a base para instala\u00e7\u00e3o j\u00e1 est\u00e1 pronta. \u201cEsse projeto n\u00e3o contemplar\u00e1 apenas o turismo, o esporte e o lazer, mas a educa\u00e7\u00e3o tamb\u00e9m, alunos das redes de ensino, p\u00fablica e privada, poder\u00e3o assistir \u00e0s aulas pr\u00e1ticas em diversas \u00e1reas da ci\u00eancia\u201d, garantiu o prefeito Gilmar Borges.<\/p>\n\n\n\n<p><em><strong>Legenda da foto de capa:<\/strong> Vista panor\u00e2mica do Pico Goiapaba-A\u00e7u tendo ao fundo o Morro do Mestre \u00c1lvaro (Serra) <\/em><\/p>\n","protected":false},"excerpt":{"rendered":"<p>Dia ensolarado, visual de tirar o f\u00f4lego e muita caminhada, esse foi o in\u00edcio de um domingo que prometia muito. Com a companhia de Marcos Grau (99643-9804), guia experiente em trilhas, tive o prazer de conhecer um dos picos mais imponente e belo, o Pico Goiapaba-A\u00e7u.O nome do parque tem origem tupi e significa \u201cgrande [&hellip;]<\/p>\n","protected":false},"author":3,"featured_media":16952,"comment_status":"open","ping_status":"open","sticky":false,"template":"","format":"standard","meta":{"footnotes":""},"categories":[746],"tags":[8510,560,655,8509,7625],"class_list":["post-16951","post","type-post","status-publish","format-standard","has-post-thumbnail","hentry","category-turismo","tag-exuberancia","tag-fundao","tag-natureza","tag-pico-goiapaba-acu","tag-turismo-ecologico"],"yoast_head":"<!-- This site is optimized with the Yoast SEO plugin v26.5 - https:\/\/yoast.com\/wordpress\/plugins\/seo\/ -->\n<title>Goiapaba-A\u00e7u, um point exuberante - Jornal Fatos e Not\u00edcias<\/title>\n<meta name=\"robots\" content=\"index, follow, max-snippet:-1, max-image-preview:large, max-video-preview:-1\" \/>\n<link rel=\"canonical\" href=\"https:\/\/jornalfatosenoticias.com.br\/index.php\/2021\/04\/14\/goiapaba-acu-um-point-exuberante\/\" \/>\n<meta property=\"og:locale\" content=\"pt_BR\" \/>\n<meta property=\"og:type\" content=\"article\" \/>\n<meta property=\"og:title\" content=\"Goiapaba-A\u00e7u, um point exuberante - Jornal Fatos e Not\u00edcias\" \/>\n<meta property=\"og:description\" content=\"Dia ensolarado, visual de tirar o f\u00f4lego e muita caminhada, esse foi o in\u00edcio de um domingo que prometia muito. Com a companhia de Marcos Grau (99643-9804), guia experiente em trilhas, tive o prazer de conhecer um dos picos mais imponente e belo, o Pico Goiapaba-A\u00e7u.O nome do parque tem origem tupi e significa \u201cgrande [&hellip;]\" \/>\n<meta property=\"og:url\" content=\"https:\/\/jornalfatosenoticias.com.br\/index.php\/2021\/04\/14\/goiapaba-acu-um-point-exuberante\/\" \/>\n<meta property=\"og:site_name\" content=\"Jornal Fatos e Not\u00edcias\" \/>\n<meta property=\"article:published_time\" content=\"2021-04-14T12:40:55+00:00\" \/>\n<meta property=\"article:modified_time\" content=\"2021-04-14T16:29:54+00:00\" \/>\n<meta property=\"og:image\" content=\"https:\/\/jornalfatosenoticias.com.br\/wp-content\/uploads\/2021\/04\/Goiapaba-Acu-mestre-alvaro-418.jpg\" \/>\n\t<meta property=\"og:image:width\" content=\"1000\" \/>\n\t<meta property=\"og:image:height\" content=\"562\" \/>\n\t<meta property=\"og:image:type\" content=\"image\/jpeg\" \/>\n<meta name=\"author\" content=\"Haroldo Filho\" \/>\n<meta name=\"twitter:card\" content=\"summary_large_image\" \/>\n<meta name=\"twitter:label1\" content=\"Escrito por\" \/>\n\t<meta name=\"twitter:data1\" content=\"Haroldo Filho\" \/>\n\t<meta name=\"twitter:label2\" content=\"Est. tempo de leitura\" \/>\n\t<meta name=\"twitter:data2\" content=\"4 minutos\" \/>\n<script type=\"application\/ld+json\" class=\"yoast-schema-graph\">{\"@context\":\"https:\/\/schema.org\",\"@graph\":[{\"@type\":\"Article\",\"@id\":\"https:\/\/jornalfatosenoticias.com.br\/index.php\/2021\/04\/14\/goiapaba-acu-um-point-exuberante\/#article\",\"isPartOf\":{\"@id\":\"https:\/\/jornalfatosenoticias.com.br\/index.php\/2021\/04\/14\/goiapaba-acu-um-point-exuberante\/\"},\"author\":{\"name\":\"Haroldo Filho\",\"@id\":\"https:\/\/jornalfatosenoticias.com.br\/#\/schema\/person\/05c46cc25b42a5c27e004fb0fa6b4965\"},\"headline\":\"Goiapaba-A\u00e7u, um point exuberante\",\"datePublished\":\"2021-04-14T12:40:55+00:00\",\"dateModified\":\"2021-04-14T16:29:54+00:00\",\"mainEntityOfPage\":{\"@id\":\"https:\/\/jornalfatosenoticias.com.br\/index.php\/2021\/04\/14\/goiapaba-acu-um-point-exuberante\/\"},\"wordCount\":794,\"commentCount\":0,\"publisher\":{\"@id\":\"https:\/\/jornalfatosenoticias.com.br\/#organization\"},\"image\":{\"@id\":\"https:\/\/jornalfatosenoticias.com.br\/index.php\/2021\/04\/14\/goiapaba-acu-um-point-exuberante\/#primaryimage\"},\"thumbnailUrl\":\"https:\/\/jornalfatosenoticias.com.br\/wp-content\/uploads\/2021\/04\/Goiapaba-Acu-mestre-alvaro-418.jpg\",\"keywords\":[\"exuber\u00e2ncia\",\"Fund\u00e3o\",\"natureza\",\"Pico Goiapaba-A\u00e7u\",\"turismo ecol\u00f3gico\"],\"articleSection\":[\"Turismo\"],\"inLanguage\":\"pt-BR\",\"potentialAction\":[{\"@type\":\"CommentAction\",\"name\":\"Comment\",\"target\":[\"https:\/\/jornalfatosenoticias.com.br\/index.php\/2021\/04\/14\/goiapaba-acu-um-point-exuberante\/#respond\"]}]},{\"@type\":\"WebPage\",\"@id\":\"https:\/\/jornalfatosenoticias.com.br\/index.php\/2021\/04\/14\/goiapaba-acu-um-point-exuberante\/\",\"url\":\"https:\/\/jornalfatosenoticias.com.br\/index.php\/2021\/04\/14\/goiapaba-acu-um-point-exuberante\/\",\"name\":\"Goiapaba-A\u00e7u, um point exuberante - Jornal Fatos e Not\u00edcias\",\"isPartOf\":{\"@id\":\"https:\/\/jornalfatosenoticias.com.br\/#website\"},\"primaryImageOfPage\":{\"@id\":\"https:\/\/jornalfatosenoticias.com.br\/index.php\/2021\/04\/14\/goiapaba-acu-um-point-exuberante\/#primaryimage\"},\"image\":{\"@id\":\"https:\/\/jornalfatosenoticias.com.br\/index.php\/2021\/04\/14\/goiapaba-acu-um-point-exuberante\/#primaryimage\"},\"thumbnailUrl\":\"https:\/\/jornalfatosenoticias.com.br\/wp-content\/uploads\/2021\/04\/Goiapaba-Acu-mestre-alvaro-418.jpg\",\"datePublished\":\"2021-04-14T12:40:55+00:00\",\"dateModified\":\"2021-04-14T16:29:54+00:00\",\"breadcrumb\":{\"@id\":\"https:\/\/jornalfatosenoticias.com.br\/index.php\/2021\/04\/14\/goiapaba-acu-um-point-exuberante\/#breadcrumb\"},\"inLanguage\":\"pt-BR\",\"potentialAction\":[{\"@type\":\"ReadAction\",\"target\":[\"https:\/\/jornalfatosenoticias.com.br\/index.php\/2021\/04\/14\/goiapaba-acu-um-point-exuberante\/\"]}]},{\"@type\":\"ImageObject\",\"inLanguage\":\"pt-BR\",\"@id\":\"https:\/\/jornalfatosenoticias.com.br\/index.php\/2021\/04\/14\/goiapaba-acu-um-point-exuberante\/#primaryimage\",\"url\":\"https:\/\/jornalfatosenoticias.com.br\/wp-content\/uploads\/2021\/04\/Goiapaba-Acu-mestre-alvaro-418.jpg\",\"contentUrl\":\"https:\/\/jornalfatosenoticias.com.br\/wp-content\/uploads\/2021\/04\/Goiapaba-Acu-mestre-alvaro-418.jpg\",\"width\":1000,\"height\":562,\"caption\":\"DCIM102MEDIADJI_0071.JPG\"},{\"@type\":\"BreadcrumbList\",\"@id\":\"https:\/\/jornalfatosenoticias.com.br\/index.php\/2021\/04\/14\/goiapaba-acu-um-point-exuberante\/#breadcrumb\",\"itemListElement\":[{\"@type\":\"ListItem\",\"position\":1,\"name\":\"In\u00edcio\",\"item\":\"https:\/\/jornalfatosenoticias.com.br\/\"},{\"@type\":\"ListItem\",\"position\":2,\"name\":\"Goiapaba-A\u00e7u, um point exuberante\"}]},{\"@type\":\"WebSite\",\"@id\":\"https:\/\/jornalfatosenoticias.com.br\/#website\",\"url\":\"https:\/\/jornalfatosenoticias.com.br\/\",\"name\":\"Jornal Fatos e Not\u00edcias\",\"description\":\"Not\u00edcias em geral\",\"publisher\":{\"@id\":\"https:\/\/jornalfatosenoticias.com.br\/#organization\"},\"potentialAction\":[{\"@type\":\"SearchAction\",\"target\":{\"@type\":\"EntryPoint\",\"urlTemplate\":\"https:\/\/jornalfatosenoticias.com.br\/?s={search_term_string}\"},\"query-input\":{\"@type\":\"PropertyValueSpecification\",\"valueRequired\":true,\"valueName\":\"search_term_string\"}}],\"inLanguage\":\"pt-BR\"},{\"@type\":\"Organization\",\"@id\":\"https:\/\/jornalfatosenoticias.com.br\/#organization\",\"name\":\"Jornal Fatos e Not\u00edcias\",\"url\":\"https:\/\/jornalfatosenoticias.com.br\/\",\"logo\":{\"@type\":\"ImageObject\",\"inLanguage\":\"pt-BR\",\"@id\":\"https:\/\/jornalfatosenoticias.com.br\/#\/schema\/logo\/image\/\",\"url\":\"https:\/\/jornalfatosenoticias.com.br\/wp-content\/uploads\/2020\/02\/logo120.png\",\"contentUrl\":\"https:\/\/jornalfatosenoticias.com.br\/wp-content\/uploads\/2020\/02\/logo120.png\",\"width\":1227,\"height\":120,\"caption\":\"Jornal Fatos e Not\u00edcias\"},\"image\":{\"@id\":\"https:\/\/jornalfatosenoticias.com.br\/#\/schema\/logo\/image\/\"}},{\"@type\":\"Person\",\"@id\":\"https:\/\/jornalfatosenoticias.com.br\/#\/schema\/person\/05c46cc25b42a5c27e004fb0fa6b4965\",\"name\":\"Haroldo Filho\",\"image\":{\"@type\":\"ImageObject\",\"inLanguage\":\"pt-BR\",\"@id\":\"https:\/\/jornalfatosenoticias.com.br\/#\/schema\/person\/image\/\",\"url\":\"https:\/\/jornalfatosenoticias.com.br\/wp-content\/uploads\/2025\/08\/WhatsApp-Image-2025-08-18-at-15.30.28-150x150.jpeg\",\"contentUrl\":\"https:\/\/jornalfatosenoticias.com.br\/wp-content\/uploads\/2025\/08\/WhatsApp-Image-2025-08-18-at-15.30.28-150x150.jpeg\",\"caption\":\"Haroldo Filho\"},\"description\":\"Jornalista \u2013 DRT: 0003818\/ES Coordenador-geral da ONG Educar para Crescer\",\"url\":\"https:\/\/jornalfatosenoticias.com.br\/index.php\/author\/haroldo\/\"}]}<\/script>\n<!-- \/ Yoast SEO plugin. -->","yoast_head_json":{"title":"Goiapaba-A\u00e7u, um point exuberante - Jornal Fatos e Not\u00edcias","robots":{"index":"index","follow":"follow","max-snippet":"max-snippet:-1","max-image-preview":"max-image-preview:large","max-video-preview":"max-video-preview:-1"},"canonical":"https:\/\/jornalfatosenoticias.com.br\/index.php\/2021\/04\/14\/goiapaba-acu-um-point-exuberante\/","og_locale":"pt_BR","og_type":"article","og_title":"Goiapaba-A\u00e7u, um point exuberante - Jornal Fatos e Not\u00edcias","og_description":"Dia ensolarado, visual de tirar o f\u00f4lego e muita caminhada, esse foi o in\u00edcio de um domingo que prometia muito. Com a companhia de Marcos Grau (99643-9804), guia experiente em trilhas, tive o prazer de conhecer um dos picos mais imponente e belo, o Pico Goiapaba-A\u00e7u.O nome do parque tem origem tupi e significa \u201cgrande [&hellip;]","og_url":"https:\/\/jornalfatosenoticias.com.br\/index.php\/2021\/04\/14\/goiapaba-acu-um-point-exuberante\/","og_site_name":"Jornal Fatos e Not\u00edcias","article_published_time":"2021-04-14T12:40:55+00:00","article_modified_time":"2021-04-14T16:29:54+00:00","og_image":[{"width":1000,"height":562,"url":"https:\/\/jornalfatosenoticias.com.br\/wp-content\/uploads\/2021\/04\/Goiapaba-Acu-mestre-alvaro-418.jpg","type":"image\/jpeg"}],"author":"Haroldo Filho","twitter_card":"summary_large_image","twitter_misc":{"Escrito por":"Haroldo Filho","Est. tempo de leitura":"4 minutos"},"schema":{"@context":"https:\/\/schema.org","@graph":[{"@type":"Article","@id":"https:\/\/jornalfatosenoticias.com.br\/index.php\/2021\/04\/14\/goiapaba-acu-um-point-exuberante\/#article","isPartOf":{"@id":"https:\/\/jornalfatosenoticias.com.br\/index.php\/2021\/04\/14\/goiapaba-acu-um-point-exuberante\/"},"author":{"name":"Haroldo Filho","@id":"https:\/\/jornalfatosenoticias.com.br\/#\/schema\/person\/05c46cc25b42a5c27e004fb0fa6b4965"},"headline":"Goiapaba-A\u00e7u, um point exuberante","datePublished":"2021-04-14T12:40:55+00:00","dateModified":"2021-04-14T16:29:54+00:00","mainEntityOfPage":{"@id":"https:\/\/jornalfatosenoticias.com.br\/index.php\/2021\/04\/14\/goiapaba-acu-um-point-exuberante\/"},"wordCount":794,"commentCount":0,"publisher":{"@id":"https:\/\/jornalfatosenoticias.com.br\/#organization"},"image":{"@id":"https:\/\/jornalfatosenoticias.com.br\/index.php\/2021\/04\/14\/goiapaba-acu-um-point-exuberante\/#primaryimage"},"thumbnailUrl":"https:\/\/jornalfatosenoticias.com.br\/wp-content\/uploads\/2021\/04\/Goiapaba-Acu-mestre-alvaro-418.jpg","keywords":["exuber\u00e2ncia","Fund\u00e3o","natureza","Pico Goiapaba-A\u00e7u","turismo ecol\u00f3gico"],"articleSection":["Turismo"],"inLanguage":"pt-BR","potentialAction":[{"@type":"CommentAction","name":"Comment","target":["https:\/\/jornalfatosenoticias.com.br\/index.php\/2021\/04\/14\/goiapaba-acu-um-point-exuberante\/#respond"]}]},{"@type":"WebPage","@id":"https:\/\/jornalfatosenoticias.com.br\/index.php\/2021\/04\/14\/goiapaba-acu-um-point-exuberante\/","url":"https:\/\/jornalfatosenoticias.com.br\/index.php\/2021\/04\/14\/goiapaba-acu-um-point-exuberante\/","name":"Goiapaba-A\u00e7u, um point exuberante - Jornal Fatos e Not\u00edcias","isPartOf":{"@id":"https:\/\/jornalfatosenoticias.com.br\/#website"},"primaryImageOfPage":{"@id":"https:\/\/jornalfatosenoticias.com.br\/index.php\/2021\/04\/14\/goiapaba-acu-um-point-exuberante\/#primaryimage"},"image":{"@id":"https:\/\/jornalfatosenoticias.com.br\/index.php\/2021\/04\/14\/goiapaba-acu-um-point-exuberante\/#primaryimage"},"thumbnailUrl":"https:\/\/jornalfatosenoticias.com.br\/wp-content\/uploads\/2021\/04\/Goiapaba-Acu-mestre-alvaro-418.jpg","datePublished":"2021-04-14T12:40:55+00:00","dateModified":"2021-04-14T16:29:54+00:00","breadcrumb":{"@id":"https:\/\/jornalfatosenoticias.com.br\/index.php\/2021\/04\/14\/goiapaba-acu-um-point-exuberante\/#breadcrumb"},"inLanguage":"pt-BR","potentialAction":[{"@type":"ReadAction","target":["https:\/\/jornalfatosenoticias.com.br\/index.php\/2021\/04\/14\/goiapaba-acu-um-point-exuberante\/"]}]},{"@type":"ImageObject","inLanguage":"pt-BR","@id":"https:\/\/jornalfatosenoticias.com.br\/index.php\/2021\/04\/14\/goiapaba-acu-um-point-exuberante\/#primaryimage","url":"https:\/\/jornalfatosenoticias.com.br\/wp-content\/uploads\/2021\/04\/Goiapaba-Acu-mestre-alvaro-418.jpg","contentUrl":"https:\/\/jornalfatosenoticias.com.br\/wp-content\/uploads\/2021\/04\/Goiapaba-Acu-mestre-alvaro-418.jpg","width":1000,"height":562,"caption":"DCIM102MEDIADJI_0071.JPG"},{"@type":"BreadcrumbList","@id":"https:\/\/jornalfatosenoticias.com.br\/index.php\/2021\/04\/14\/goiapaba-acu-um-point-exuberante\/#breadcrumb","itemListElement":[{"@type":"ListItem","position":1,"name":"In\u00edcio","item":"https:\/\/jornalfatosenoticias.com.br\/"},{"@type":"ListItem","position":2,"name":"Goiapaba-A\u00e7u, um point exuberante"}]},{"@type":"WebSite","@id":"https:\/\/jornalfatosenoticias.com.br\/#website","url":"https:\/\/jornalfatosenoticias.com.br\/","name":"Jornal Fatos e Not\u00edcias","description":"Not\u00edcias em geral","publisher":{"@id":"https:\/\/jornalfatosenoticias.com.br\/#organization"},"potentialAction":[{"@type":"SearchAction","target":{"@type":"EntryPoint","urlTemplate":"https:\/\/jornalfatosenoticias.com.br\/?s={search_term_string}"},"query-input":{"@type":"PropertyValueSpecification","valueRequired":true,"valueName":"search_term_string"}}],"inLanguage":"pt-BR"},{"@type":"Organization","@id":"https:\/\/jornalfatosenoticias.com.br\/#organization","name":"Jornal Fatos e Not\u00edcias","url":"https:\/\/jornalfatosenoticias.com.br\/","logo":{"@type":"ImageObject","inLanguage":"pt-BR","@id":"https:\/\/jornalfatosenoticias.com.br\/#\/schema\/logo\/image\/","url":"https:\/\/jornalfatosenoticias.com.br\/wp-content\/uploads\/2020\/02\/logo120.png","contentUrl":"https:\/\/jornalfatosenoticias.com.br\/wp-content\/uploads\/2020\/02\/logo120.png","width":1227,"height":120,"caption":"Jornal Fatos e Not\u00edcias"},"image":{"@id":"https:\/\/jornalfatosenoticias.com.br\/#\/schema\/logo\/image\/"}},{"@type":"Person","@id":"https:\/\/jornalfatosenoticias.com.br\/#\/schema\/person\/05c46cc25b42a5c27e004fb0fa6b4965","name":"Haroldo Filho","image":{"@type":"ImageObject","inLanguage":"pt-BR","@id":"https:\/\/jornalfatosenoticias.com.br\/#\/schema\/person\/image\/","url":"https:\/\/jornalfatosenoticias.com.br\/wp-content\/uploads\/2025\/08\/WhatsApp-Image-2025-08-18-at-15.30.28-150x150.jpeg","contentUrl":"https:\/\/jornalfatosenoticias.com.br\/wp-content\/uploads\/2025\/08\/WhatsApp-Image-2025-08-18-at-15.30.28-150x150.jpeg","caption":"Haroldo Filho"},"description":"Jornalista \u2013 DRT: 0003818\/ES Coordenador-geral da ONG Educar para Crescer","url":"https:\/\/jornalfatosenoticias.com.br\/index.php\/author\/haroldo\/"}]}},"cc_featured_image_caption":{"caption_text":"(Haroldo Cordeiro Filho\/Drone)","source_text":"","source_url":""},"jetpack_featured_media_url":"https:\/\/jornalfatosenoticias.com.br\/wp-content\/uploads\/2021\/04\/Goiapaba-Acu-mestre-alvaro-418.jpg","_links":{"self":[{"href":"https:\/\/jornalfatosenoticias.com.br\/index.php\/wp-json\/wp\/v2\/posts\/16951","targetHints":{"allow":["GET"]}}],"collection":[{"href":"https:\/\/jornalfatosenoticias.com.br\/index.php\/wp-json\/wp\/v2\/posts"}],"about":[{"href":"https:\/\/jornalfatosenoticias.com.br\/index.php\/wp-json\/wp\/v2\/types\/post"}],"author":[{"embeddable":true,"href":"https:\/\/jornalfatosenoticias.com.br\/index.php\/wp-json\/wp\/v2\/users\/3"}],"replies":[{"embeddable":true,"href":"https:\/\/jornalfatosenoticias.com.br\/index.php\/wp-json\/wp\/v2\/comments?post=16951"}],"version-history":[{"count":0,"href":"https:\/\/jornalfatosenoticias.com.br\/index.php\/wp-json\/wp\/v2\/posts\/16951\/revisions"}],"wp:featuredmedia":[{"embeddable":true,"href":"https:\/\/jornalfatosenoticias.com.br\/index.php\/wp-json\/wp\/v2\/media\/16952"}],"wp:attachment":[{"href":"https:\/\/jornalfatosenoticias.com.br\/index.php\/wp-json\/wp\/v2\/media?parent=16951"}],"wp:term":[{"taxonomy":"category","embeddable":true,"href":"https:\/\/jornalfatosenoticias.com.br\/index.php\/wp-json\/wp\/v2\/categories?post=16951"},{"taxonomy":"post_tag","embeddable":true,"href":"https:\/\/jornalfatosenoticias.com.br\/index.php\/wp-json\/wp\/v2\/tags?post=16951"}],"curies":[{"name":"wp","href":"https:\/\/api.w.org\/{rel}","templated":true}]}}