{"id":16964,"date":"2021-04-14T10:00:26","date_gmt":"2021-04-14T13:00:26","guid":{"rendered":"https:\/\/jornalfatosenoticias.com.br\/?p=16964"},"modified":"2021-04-14T10:00:27","modified_gmt":"2021-04-14T13:00:27","slug":"especie-rara-de-tubarao-martelo-e-avistada-na-paraiba","status":"publish","type":"post","link":"https:\/\/jornalfatosenoticias.com.br\/index.php\/2021\/04\/14\/especie-rara-de-tubarao-martelo-e-avistada-na-paraiba\/","title":{"rendered":"Esp\u00e9cie rara de tubar\u00e3o-martelo \u00e9 avistada na Para\u00edba"},"content":{"rendered":"\n<p><em>Registro pode ajudar a implementar novas pol\u00edticas de preserva\u00e7\u00e3o<\/em><\/p>\n\n\n\n<p>Apesar de gostar de \u00e1guas tropicais temperadas, o tubar\u00e3o-martelo-pan\u00e3, esp\u00e9cie amea\u00e7ada de extin\u00e7\u00e3o, raramente \u00e9 observado em \u00e1guas brasileiras. Um exemplar da esp\u00e9cie, entretanto, foi avistado no litoral de Jo\u00e3o Pessoa, na Para\u00edba, no dia 21 de mar\u00e7o. O v\u00eddeo do avistamento foi divulgado pelo projeto Megafauna Marinha Amea\u00e7ada, apoiado pela Funda\u00e7\u00e3o Grupo Botic\u00e1rio.<br>\u201cH\u00e1 registros de capturas por pescadores de exemplares f\u00eameas gr\u00e1vidas na Para\u00edba. As f\u00eameas se aproximam da costa para dar \u00e0 luz, e \u00e9 a\u00ed que ocorre a pesca incidental\u201d, explica o pesquisador Wilson Oliveira Junior, que faz parte do projeto.<br>\u201cA gente espera continuar vendo outros indiv\u00edduos durante nossa pesquisa e adquirir mais conhecimento sobre a \u00e1rea de vida do tubar\u00e3o-martelo-pan\u00e3 e de outras esp\u00e9cies. Com isso, podemos come\u00e7ar a propor \u00e1reas marinhas protegidas que incluam os locais em que eles ocorrem\u201d, disse o ocean\u00f3grafo.<\/p>\n\n\n\n<figure class=\"wp-block-embed-youtube wp-block-embed is-type-video is-provider-youtube wp-embed-aspect-16-9 wp-has-aspect-ratio\"><div class=\"wp-block-embed__wrapper\">\n<iframe loading=\"lazy\" title=\"Esp\u00e9cie rara de tubar\u00e3o-martelo \u00e9 avistada no litoral da Para\u00edba\" width=\"660\" height=\"371\" src=\"https:\/\/www.youtube.com\/embed\/0vg2nuPryh8?feature=oembed\" frameborder=\"0\" allow=\"accelerometer; autoplay; clipboard-write; encrypted-media; gyroscope; picture-in-picture; web-share\" referrerpolicy=\"strict-origin-when-cross-origin\" allowfullscreen><\/iframe>\n<\/div><\/figure>\n\n\n\n<p><strong><span class=\"has-inline-color has-vivid-green-cyan-color\">Tubar\u00f5es brasileiros<br><\/span><\/strong>O Brasil \u00e9 o s\u00e9timo pa\u00eds do mundo em diversidade de peixes cartilaginosos (tubar\u00f5es, raias e quimeras) e o nono em esp\u00e9cies marinhas em geral. Segundo o professor aposentado, bi\u00f3logo e ocean\u00f3grafo da Universidade Federal da Para\u00edba (UFPB) Ricardo Rosa, especialista em tubar\u00f5es e raias, o litoral brasileiro possui v\u00e1rias esp\u00e9cies amea\u00e7adas pela pesca excessiva.<br>Das 146 esp\u00e9cies marinhas de tubar\u00f5es e raias que vivem no litoral do Brasil, 54 foram consideradas amea\u00e7adas pelo Instituto Chico Mendes de Conserva\u00e7\u00e3o da Biodiversidade (ICMBio), segundo dados do Livro Vermelho da Fauna Brasileira de 2018. Destas, 27 s\u00e3o consideradas criticamente em perigo \u2014 categoria de maior risco de extin\u00e7\u00e3o.<\/p>\n\n\n\n<p><strong><span class=\"has-inline-color has-vivid-green-cyan-color\">Leis de conserva\u00e7\u00e3o<br><\/span><\/strong>Apesar de abrangente, a legisla\u00e7\u00e3o brasileira para conserva\u00e7\u00e3o de esp\u00e9cies ainda n\u00e3o \u00e9 amplamente aplicada. Segundo relata o gerente de Conserva\u00e7\u00e3o de Biodiversidade da Funda\u00e7\u00e3o Grupo Botic\u00e1rio, Emerson Oliveira, \u201cnormativas para as \u00e1reas protegidas, esp\u00e9cies amea\u00e7adas e regula\u00e7\u00e3o da pesca e extrativismo n\u00e3o s\u00e3o efetivamente cumpridas e fiscalizadas\u201d.<br>Segundo Oliveira, \u201cautoridades respons\u00e1veis por pol\u00edticas p\u00fablicas de conserva\u00e7\u00e3o n\u00e3o dedicam a devida import\u00e2ncia aos estudos cient\u00edficos e pesquisas realizadas na \u00e1rea e, geralmente, n\u00e3o levam em conta a import\u00e2ncia das informa\u00e7\u00f5es reveladas. Casos em que estudos cient\u00edficos resultaram em iniciativas de preserva\u00e7\u00e3o ainda s\u00e3o raros, mas existem\u201d.<br>Oliveira avalia que pesquisas como a que registrou a presen\u00e7a do tubar\u00e3o-martelo no litoral paraibano devem embasar pol\u00edticas p\u00fablicas e a\u00e7\u00f5es de prote\u00e7\u00e3o da biodiversidade, j\u00e1 que s\u00e3o exemplos claros de aplica\u00e7\u00e3o do conhecimento cient\u00edfico no entendimento da fauna brasileira.<br>O conhecimento tradicional e o envolvimento da popula\u00e7\u00e3o nas iniciativas de conserva\u00e7\u00e3o tamb\u00e9m s\u00e3o fatores importantes para o sucesso das pol\u00edticas no setor. Os esfor\u00e7os para preserva\u00e7\u00e3o, por\u00e9m, devem ser cont\u00ednuos e ajustados \u00e0 medida que o panorama local se transforma, defende Alexander Turra, membro da Rede de Especialistas em Conserva\u00e7\u00e3o da Natureza (RECN).<br>\u201cAs pol\u00edticas p\u00fablicas sofrem uma lacuna de implementa\u00e7\u00e3o, que \u00e9 a dificuldade de colocar em pr\u00e1tica e garantir que haja continuidade e corre\u00e7\u00f5es de rumo. Os instrumentos s\u00e3o muito interessantes, mas patinamos com essa lacuna. O que falta para melhorar \u00e9 o envolvimento das pessoas\u201d, disse Turra.<\/p>\n\n\n\n<p><strong><em>Fonte: <a href=\"https:\/\/ciclovivo.com.br\/planeta\/meio-ambiente\/especie-rara-tubarao-martelo-paraiba\/\">CicloVivo<\/a><\/em><\/strong><\/p>\n","protected":false},"excerpt":{"rendered":"<p>Registro pode ajudar a implementar novas pol\u00edticas de preserva\u00e7\u00e3o Apesar de gostar de \u00e1guas tropicais temperadas, o tubar\u00e3o-martelo-pan\u00e3, esp\u00e9cie amea\u00e7ada de extin\u00e7\u00e3o, raramente \u00e9 observado em \u00e1guas brasileiras. Um exemplar da esp\u00e9cie, entretanto, foi avistado no litoral de Jo\u00e3o Pessoa, na Para\u00edba, no dia 21 de mar\u00e7o. O v\u00eddeo do avistamento foi divulgado pelo projeto [&hellip;]<\/p>\n","protected":false},"author":2,"featured_media":16965,"comment_status":"open","ping_status":"open","sticky":false,"template":"","format":"standard","meta":{"footnotes":""},"categories":[8],"tags":[8513,337,8512,316,3019],"class_list":["post-16964","post","type-post","status-publish","format-standard","has-post-thumbnail","hentry","category-meio-ambiente","tag-aguas-tropicais-temperadas","tag-especie","tag-paraiba","tag-preservacao","tag-tubarao-martelo"],"yoast_head":"<!-- This site is optimized with the Yoast SEO plugin v26.5 - https:\/\/yoast.com\/wordpress\/plugins\/seo\/ -->\n<title>Esp\u00e9cie rara de tubar\u00e3o-martelo \u00e9 avistada na Para\u00edba - Jornal Fatos e Not\u00edcias<\/title>\n<meta name=\"robots\" content=\"index, follow, max-snippet:-1, max-image-preview:large, max-video-preview:-1\" \/>\n<link rel=\"canonical\" href=\"https:\/\/jornalfatosenoticias.com.br\/index.php\/2021\/04\/14\/especie-rara-de-tubarao-martelo-e-avistada-na-paraiba\/\" \/>\n<meta property=\"og:locale\" content=\"pt_BR\" \/>\n<meta property=\"og:type\" content=\"article\" \/>\n<meta property=\"og:title\" content=\"Esp\u00e9cie rara de tubar\u00e3o-martelo \u00e9 avistada na Para\u00edba - Jornal Fatos e Not\u00edcias\" \/>\n<meta property=\"og:description\" content=\"Registro pode ajudar a implementar novas pol\u00edticas de preserva\u00e7\u00e3o Apesar de gostar de \u00e1guas tropicais temperadas, o tubar\u00e3o-martelo-pan\u00e3, esp\u00e9cie amea\u00e7ada de extin\u00e7\u00e3o, raramente \u00e9 observado em \u00e1guas brasileiras. Um exemplar da esp\u00e9cie, entretanto, foi avistado no litoral de Jo\u00e3o Pessoa, na Para\u00edba, no dia 21 de mar\u00e7o. O v\u00eddeo do avistamento foi divulgado pelo projeto [&hellip;]\" \/>\n<meta property=\"og:url\" content=\"https:\/\/jornalfatosenoticias.com.br\/index.php\/2021\/04\/14\/especie-rara-de-tubarao-martelo-e-avistada-na-paraiba\/\" \/>\n<meta property=\"og:site_name\" content=\"Jornal Fatos e Not\u00edcias\" \/>\n<meta property=\"article:published_time\" content=\"2021-04-14T13:00:26+00:00\" \/>\n<meta property=\"article:modified_time\" content=\"2021-04-14T13:00:27+00:00\" \/>\n<meta property=\"og:image\" content=\"https:\/\/jornalfatosenoticias.com.br\/wp-content\/uploads\/2021\/04\/tubarao-martelo-capa.jpg\" \/>\n\t<meta property=\"og:image:width\" content=\"1000\" \/>\n\t<meta property=\"og:image:height\" content=\"597\" \/>\n\t<meta property=\"og:image:type\" content=\"image\/jpeg\" \/>\n<meta name=\"author\" content=\"Luzimara Fernandes\" \/>\n<meta name=\"twitter:card\" content=\"summary_large_image\" \/>\n<meta name=\"twitter:label1\" content=\"Escrito por\" \/>\n\t<meta name=\"twitter:data1\" content=\"Luzimara Fernandes\" \/>\n\t<meta name=\"twitter:label2\" content=\"Est. tempo de leitura\" \/>\n\t<meta name=\"twitter:data2\" content=\"3 minutos\" \/>\n<script type=\"application\/ld+json\" class=\"yoast-schema-graph\">{\"@context\":\"https:\/\/schema.org\",\"@graph\":[{\"@type\":\"Article\",\"@id\":\"https:\/\/jornalfatosenoticias.com.br\/index.php\/2021\/04\/14\/especie-rara-de-tubarao-martelo-e-avistada-na-paraiba\/#article\",\"isPartOf\":{\"@id\":\"https:\/\/jornalfatosenoticias.com.br\/index.php\/2021\/04\/14\/especie-rara-de-tubarao-martelo-e-avistada-na-paraiba\/\"},\"author\":{\"name\":\"Luzimara Fernandes\",\"@id\":\"https:\/\/jornalfatosenoticias.com.br\/#\/schema\/person\/d63837fa13ac8666eb9e74e0985d6f81\"},\"headline\":\"Esp\u00e9cie rara de tubar\u00e3o-martelo \u00e9 avistada na Para\u00edba\",\"datePublished\":\"2021-04-14T13:00:26+00:00\",\"dateModified\":\"2021-04-14T13:00:27+00:00\",\"mainEntityOfPage\":{\"@id\":\"https:\/\/jornalfatosenoticias.com.br\/index.php\/2021\/04\/14\/especie-rara-de-tubarao-martelo-e-avistada-na-paraiba\/\"},\"wordCount\":599,\"commentCount\":0,\"publisher\":{\"@id\":\"https:\/\/jornalfatosenoticias.com.br\/#organization\"},\"image\":{\"@id\":\"https:\/\/jornalfatosenoticias.com.br\/index.php\/2021\/04\/14\/especie-rara-de-tubarao-martelo-e-avistada-na-paraiba\/#primaryimage\"},\"thumbnailUrl\":\"https:\/\/jornalfatosenoticias.com.br\/wp-content\/uploads\/2021\/04\/tubarao-martelo-capa.jpg\",\"keywords\":[\"\u00e1guas tropicais temperadas\",\"esp\u00e9cie\",\"Para\u00edba\",\"preserva\u00e7\u00e3o\",\"tubar\u00e3o-martelo\"],\"articleSection\":[\"Meio ambiente\"],\"inLanguage\":\"pt-BR\",\"potentialAction\":[{\"@type\":\"CommentAction\",\"name\":\"Comment\",\"target\":[\"https:\/\/jornalfatosenoticias.com.br\/index.php\/2021\/04\/14\/especie-rara-de-tubarao-martelo-e-avistada-na-paraiba\/#respond\"]}]},{\"@type\":\"WebPage\",\"@id\":\"https:\/\/jornalfatosenoticias.com.br\/index.php\/2021\/04\/14\/especie-rara-de-tubarao-martelo-e-avistada-na-paraiba\/\",\"url\":\"https:\/\/jornalfatosenoticias.com.br\/index.php\/2021\/04\/14\/especie-rara-de-tubarao-martelo-e-avistada-na-paraiba\/\",\"name\":\"Esp\u00e9cie rara de tubar\u00e3o-martelo \u00e9 avistada na Para\u00edba - Jornal Fatos e Not\u00edcias\",\"isPartOf\":{\"@id\":\"https:\/\/jornalfatosenoticias.com.br\/#website\"},\"primaryImageOfPage\":{\"@id\":\"https:\/\/jornalfatosenoticias.com.br\/index.php\/2021\/04\/14\/especie-rara-de-tubarao-martelo-e-avistada-na-paraiba\/#primaryimage\"},\"image\":{\"@id\":\"https:\/\/jornalfatosenoticias.com.br\/index.php\/2021\/04\/14\/especie-rara-de-tubarao-martelo-e-avistada-na-paraiba\/#primaryimage\"},\"thumbnailUrl\":\"https:\/\/jornalfatosenoticias.com.br\/wp-content\/uploads\/2021\/04\/tubarao-martelo-capa.jpg\",\"datePublished\":\"2021-04-14T13:00:26+00:00\",\"dateModified\":\"2021-04-14T13:00:27+00:00\",\"breadcrumb\":{\"@id\":\"https:\/\/jornalfatosenoticias.com.br\/index.php\/2021\/04\/14\/especie-rara-de-tubarao-martelo-e-avistada-na-paraiba\/#breadcrumb\"},\"inLanguage\":\"pt-BR\",\"potentialAction\":[{\"@type\":\"ReadAction\",\"target\":[\"https:\/\/jornalfatosenoticias.com.br\/index.php\/2021\/04\/14\/especie-rara-de-tubarao-martelo-e-avistada-na-paraiba\/\"]}]},{\"@type\":\"ImageObject\",\"inLanguage\":\"pt-BR\",\"@id\":\"https:\/\/jornalfatosenoticias.com.br\/index.php\/2021\/04\/14\/especie-rara-de-tubarao-martelo-e-avistada-na-paraiba\/#primaryimage\",\"url\":\"https:\/\/jornalfatosenoticias.com.br\/wp-content\/uploads\/2021\/04\/tubarao-martelo-capa.jpg\",\"contentUrl\":\"https:\/\/jornalfatosenoticias.com.br\/wp-content\/uploads\/2021\/04\/tubarao-martelo-capa.jpg\",\"width\":1000,\"height\":597},{\"@type\":\"BreadcrumbList\",\"@id\":\"https:\/\/jornalfatosenoticias.com.br\/index.php\/2021\/04\/14\/especie-rara-de-tubarao-martelo-e-avistada-na-paraiba\/#breadcrumb\",\"itemListElement\":[{\"@type\":\"ListItem\",\"position\":1,\"name\":\"In\u00edcio\",\"item\":\"https:\/\/jornalfatosenoticias.com.br\/\"},{\"@type\":\"ListItem\",\"position\":2,\"name\":\"Esp\u00e9cie rara de tubar\u00e3o-martelo \u00e9 avistada na Para\u00edba\"}]},{\"@type\":\"WebSite\",\"@id\":\"https:\/\/jornalfatosenoticias.com.br\/#website\",\"url\":\"https:\/\/jornalfatosenoticias.com.br\/\",\"name\":\"Jornal Fatos e Not\u00edcias\",\"description\":\"Not\u00edcias em geral\",\"publisher\":{\"@id\":\"https:\/\/jornalfatosenoticias.com.br\/#organization\"},\"potentialAction\":[{\"@type\":\"SearchAction\",\"target\":{\"@type\":\"EntryPoint\",\"urlTemplate\":\"https:\/\/jornalfatosenoticias.com.br\/?s={search_term_string}\"},\"query-input\":{\"@type\":\"PropertyValueSpecification\",\"valueRequired\":true,\"valueName\":\"search_term_string\"}}],\"inLanguage\":\"pt-BR\"},{\"@type\":\"Organization\",\"@id\":\"https:\/\/jornalfatosenoticias.com.br\/#organization\",\"name\":\"Jornal Fatos e Not\u00edcias\",\"url\":\"https:\/\/jornalfatosenoticias.com.br\/\",\"logo\":{\"@type\":\"ImageObject\",\"inLanguage\":\"pt-BR\",\"@id\":\"https:\/\/jornalfatosenoticias.com.br\/#\/schema\/logo\/image\/\",\"url\":\"https:\/\/jornalfatosenoticias.com.br\/wp-content\/uploads\/2020\/02\/logo120.png\",\"contentUrl\":\"https:\/\/jornalfatosenoticias.com.br\/wp-content\/uploads\/2020\/02\/logo120.png\",\"width\":1227,\"height\":120,\"caption\":\"Jornal Fatos e Not\u00edcias\"},\"image\":{\"@id\":\"https:\/\/jornalfatosenoticias.com.br\/#\/schema\/logo\/image\/\"}},{\"@type\":\"Person\",\"@id\":\"https:\/\/jornalfatosenoticias.com.br\/#\/schema\/person\/d63837fa13ac8666eb9e74e0985d6f81\",\"name\":\"Luzimara Fernandes\",\"image\":{\"@type\":\"ImageObject\",\"inLanguage\":\"pt-BR\",\"@id\":\"https:\/\/jornalfatosenoticias.com.br\/#\/schema\/person\/image\/\",\"url\":\"https:\/\/jornalfatosenoticias.com.br\/wp-content\/uploads\/2025\/05\/EU_portal.jpg\",\"contentUrl\":\"https:\/\/jornalfatosenoticias.com.br\/wp-content\/uploads\/2025\/05\/EU_portal.jpg\",\"caption\":\"Luzimara Fernandes\"},\"description\":\"Jornalista MTB 2358-ES\",\"sameAs\":[\"https:\/\/jornalfatosenoticias.com.br\"],\"url\":\"https:\/\/jornalfatosenoticias.com.br\/index.php\/author\/luzimara\/\"}]}<\/script>\n<!-- \/ Yoast SEO plugin. -->","yoast_head_json":{"title":"Esp\u00e9cie rara de tubar\u00e3o-martelo \u00e9 avistada na Para\u00edba - Jornal Fatos e Not\u00edcias","robots":{"index":"index","follow":"follow","max-snippet":"max-snippet:-1","max-image-preview":"max-image-preview:large","max-video-preview":"max-video-preview:-1"},"canonical":"https:\/\/jornalfatosenoticias.com.br\/index.php\/2021\/04\/14\/especie-rara-de-tubarao-martelo-e-avistada-na-paraiba\/","og_locale":"pt_BR","og_type":"article","og_title":"Esp\u00e9cie rara de tubar\u00e3o-martelo \u00e9 avistada na Para\u00edba - Jornal Fatos e Not\u00edcias","og_description":"Registro pode ajudar a implementar novas pol\u00edticas de preserva\u00e7\u00e3o Apesar de gostar de \u00e1guas tropicais temperadas, o tubar\u00e3o-martelo-pan\u00e3, esp\u00e9cie amea\u00e7ada de extin\u00e7\u00e3o, raramente \u00e9 observado em \u00e1guas brasileiras. Um exemplar da esp\u00e9cie, entretanto, foi avistado no litoral de Jo\u00e3o Pessoa, na Para\u00edba, no dia 21 de mar\u00e7o. O v\u00eddeo do avistamento foi divulgado pelo projeto [&hellip;]","og_url":"https:\/\/jornalfatosenoticias.com.br\/index.php\/2021\/04\/14\/especie-rara-de-tubarao-martelo-e-avistada-na-paraiba\/","og_site_name":"Jornal Fatos e Not\u00edcias","article_published_time":"2021-04-14T13:00:26+00:00","article_modified_time":"2021-04-14T13:00:27+00:00","og_image":[{"width":1000,"height":597,"url":"https:\/\/jornalfatosenoticias.com.br\/wp-content\/uploads\/2021\/04\/tubarao-martelo-capa.jpg","type":"image\/jpeg"}],"author":"Luzimara Fernandes","twitter_card":"summary_large_image","twitter_misc":{"Escrito por":"Luzimara Fernandes","Est. tempo de leitura":"3 minutos"},"schema":{"@context":"https:\/\/schema.org","@graph":[{"@type":"Article","@id":"https:\/\/jornalfatosenoticias.com.br\/index.php\/2021\/04\/14\/especie-rara-de-tubarao-martelo-e-avistada-na-paraiba\/#article","isPartOf":{"@id":"https:\/\/jornalfatosenoticias.com.br\/index.php\/2021\/04\/14\/especie-rara-de-tubarao-martelo-e-avistada-na-paraiba\/"},"author":{"name":"Luzimara Fernandes","@id":"https:\/\/jornalfatosenoticias.com.br\/#\/schema\/person\/d63837fa13ac8666eb9e74e0985d6f81"},"headline":"Esp\u00e9cie rara de tubar\u00e3o-martelo \u00e9 avistada na Para\u00edba","datePublished":"2021-04-14T13:00:26+00:00","dateModified":"2021-04-14T13:00:27+00:00","mainEntityOfPage":{"@id":"https:\/\/jornalfatosenoticias.com.br\/index.php\/2021\/04\/14\/especie-rara-de-tubarao-martelo-e-avistada-na-paraiba\/"},"wordCount":599,"commentCount":0,"publisher":{"@id":"https:\/\/jornalfatosenoticias.com.br\/#organization"},"image":{"@id":"https:\/\/jornalfatosenoticias.com.br\/index.php\/2021\/04\/14\/especie-rara-de-tubarao-martelo-e-avistada-na-paraiba\/#primaryimage"},"thumbnailUrl":"https:\/\/jornalfatosenoticias.com.br\/wp-content\/uploads\/2021\/04\/tubarao-martelo-capa.jpg","keywords":["\u00e1guas tropicais temperadas","esp\u00e9cie","Para\u00edba","preserva\u00e7\u00e3o","tubar\u00e3o-martelo"],"articleSection":["Meio ambiente"],"inLanguage":"pt-BR","potentialAction":[{"@type":"CommentAction","name":"Comment","target":["https:\/\/jornalfatosenoticias.com.br\/index.php\/2021\/04\/14\/especie-rara-de-tubarao-martelo-e-avistada-na-paraiba\/#respond"]}]},{"@type":"WebPage","@id":"https:\/\/jornalfatosenoticias.com.br\/index.php\/2021\/04\/14\/especie-rara-de-tubarao-martelo-e-avistada-na-paraiba\/","url":"https:\/\/jornalfatosenoticias.com.br\/index.php\/2021\/04\/14\/especie-rara-de-tubarao-martelo-e-avistada-na-paraiba\/","name":"Esp\u00e9cie rara de tubar\u00e3o-martelo \u00e9 avistada na Para\u00edba - Jornal Fatos e Not\u00edcias","isPartOf":{"@id":"https:\/\/jornalfatosenoticias.com.br\/#website"},"primaryImageOfPage":{"@id":"https:\/\/jornalfatosenoticias.com.br\/index.php\/2021\/04\/14\/especie-rara-de-tubarao-martelo-e-avistada-na-paraiba\/#primaryimage"},"image":{"@id":"https:\/\/jornalfatosenoticias.com.br\/index.php\/2021\/04\/14\/especie-rara-de-tubarao-martelo-e-avistada-na-paraiba\/#primaryimage"},"thumbnailUrl":"https:\/\/jornalfatosenoticias.com.br\/wp-content\/uploads\/2021\/04\/tubarao-martelo-capa.jpg","datePublished":"2021-04-14T13:00:26+00:00","dateModified":"2021-04-14T13:00:27+00:00","breadcrumb":{"@id":"https:\/\/jornalfatosenoticias.com.br\/index.php\/2021\/04\/14\/especie-rara-de-tubarao-martelo-e-avistada-na-paraiba\/#breadcrumb"},"inLanguage":"pt-BR","potentialAction":[{"@type":"ReadAction","target":["https:\/\/jornalfatosenoticias.com.br\/index.php\/2021\/04\/14\/especie-rara-de-tubarao-martelo-e-avistada-na-paraiba\/"]}]},{"@type":"ImageObject","inLanguage":"pt-BR","@id":"https:\/\/jornalfatosenoticias.com.br\/index.php\/2021\/04\/14\/especie-rara-de-tubarao-martelo-e-avistada-na-paraiba\/#primaryimage","url":"https:\/\/jornalfatosenoticias.com.br\/wp-content\/uploads\/2021\/04\/tubarao-martelo-capa.jpg","contentUrl":"https:\/\/jornalfatosenoticias.com.br\/wp-content\/uploads\/2021\/04\/tubarao-martelo-capa.jpg","width":1000,"height":597},{"@type":"BreadcrumbList","@id":"https:\/\/jornalfatosenoticias.com.br\/index.php\/2021\/04\/14\/especie-rara-de-tubarao-martelo-e-avistada-na-paraiba\/#breadcrumb","itemListElement":[{"@type":"ListItem","position":1,"name":"In\u00edcio","item":"https:\/\/jornalfatosenoticias.com.br\/"},{"@type":"ListItem","position":2,"name":"Esp\u00e9cie rara de tubar\u00e3o-martelo \u00e9 avistada na Para\u00edba"}]},{"@type":"WebSite","@id":"https:\/\/jornalfatosenoticias.com.br\/#website","url":"https:\/\/jornalfatosenoticias.com.br\/","name":"Jornal Fatos e Not\u00edcias","description":"Not\u00edcias em geral","publisher":{"@id":"https:\/\/jornalfatosenoticias.com.br\/#organization"},"potentialAction":[{"@type":"SearchAction","target":{"@type":"EntryPoint","urlTemplate":"https:\/\/jornalfatosenoticias.com.br\/?s={search_term_string}"},"query-input":{"@type":"PropertyValueSpecification","valueRequired":true,"valueName":"search_term_string"}}],"inLanguage":"pt-BR"},{"@type":"Organization","@id":"https:\/\/jornalfatosenoticias.com.br\/#organization","name":"Jornal Fatos e Not\u00edcias","url":"https:\/\/jornalfatosenoticias.com.br\/","logo":{"@type":"ImageObject","inLanguage":"pt-BR","@id":"https:\/\/jornalfatosenoticias.com.br\/#\/schema\/logo\/image\/","url":"https:\/\/jornalfatosenoticias.com.br\/wp-content\/uploads\/2020\/02\/logo120.png","contentUrl":"https:\/\/jornalfatosenoticias.com.br\/wp-content\/uploads\/2020\/02\/logo120.png","width":1227,"height":120,"caption":"Jornal Fatos e Not\u00edcias"},"image":{"@id":"https:\/\/jornalfatosenoticias.com.br\/#\/schema\/logo\/image\/"}},{"@type":"Person","@id":"https:\/\/jornalfatosenoticias.com.br\/#\/schema\/person\/d63837fa13ac8666eb9e74e0985d6f81","name":"Luzimara Fernandes","image":{"@type":"ImageObject","inLanguage":"pt-BR","@id":"https:\/\/jornalfatosenoticias.com.br\/#\/schema\/person\/image\/","url":"https:\/\/jornalfatosenoticias.com.br\/wp-content\/uploads\/2025\/05\/EU_portal.jpg","contentUrl":"https:\/\/jornalfatosenoticias.com.br\/wp-content\/uploads\/2025\/05\/EU_portal.jpg","caption":"Luzimara Fernandes"},"description":"Jornalista MTB 2358-ES","sameAs":["https:\/\/jornalfatosenoticias.com.br"],"url":"https:\/\/jornalfatosenoticias.com.br\/index.php\/author\/luzimara\/"}]}},"cc_featured_image_caption":{"caption_text":"(Liv Williamson\/Passioiventa)","source_text":"","source_url":""},"jetpack_featured_media_url":"https:\/\/jornalfatosenoticias.com.br\/wp-content\/uploads\/2021\/04\/tubarao-martelo-capa.jpg","_links":{"self":[{"href":"https:\/\/jornalfatosenoticias.com.br\/index.php\/wp-json\/wp\/v2\/posts\/16964","targetHints":{"allow":["GET"]}}],"collection":[{"href":"https:\/\/jornalfatosenoticias.com.br\/index.php\/wp-json\/wp\/v2\/posts"}],"about":[{"href":"https:\/\/jornalfatosenoticias.com.br\/index.php\/wp-json\/wp\/v2\/types\/post"}],"author":[{"embeddable":true,"href":"https:\/\/jornalfatosenoticias.com.br\/index.php\/wp-json\/wp\/v2\/users\/2"}],"replies":[{"embeddable":true,"href":"https:\/\/jornalfatosenoticias.com.br\/index.php\/wp-json\/wp\/v2\/comments?post=16964"}],"version-history":[{"count":0,"href":"https:\/\/jornalfatosenoticias.com.br\/index.php\/wp-json\/wp\/v2\/posts\/16964\/revisions"}],"wp:featuredmedia":[{"embeddable":true,"href":"https:\/\/jornalfatosenoticias.com.br\/index.php\/wp-json\/wp\/v2\/media\/16965"}],"wp:attachment":[{"href":"https:\/\/jornalfatosenoticias.com.br\/index.php\/wp-json\/wp\/v2\/media?parent=16964"}],"wp:term":[{"taxonomy":"category","embeddable":true,"href":"https:\/\/jornalfatosenoticias.com.br\/index.php\/wp-json\/wp\/v2\/categories?post=16964"},{"taxonomy":"post_tag","embeddable":true,"href":"https:\/\/jornalfatosenoticias.com.br\/index.php\/wp-json\/wp\/v2\/tags?post=16964"}],"curies":[{"name":"wp","href":"https:\/\/api.w.org\/{rel}","templated":true}]}}