{"id":16995,"date":"2021-04-14T14:06:45","date_gmt":"2021-04-14T17:06:45","guid":{"rendered":"https:\/\/jornalfatosenoticias.com.br\/?p=16995"},"modified":"2021-04-14T14:06:51","modified_gmt":"2021-04-14T17:06:51","slug":"autora-brasileira-aborda-primeiras-migracoes-dos-povos-do-oceano-pacifico","status":"publish","type":"post","link":"https:\/\/jornalfatosenoticias.com.br\/index.php\/2021\/04\/14\/autora-brasileira-aborda-primeiras-migracoes-dos-povos-do-oceano-pacifico\/","title":{"rendered":"Autora brasileira aborda primeiras migra\u00e7\u00f5es dos povos do Oceano Pac\u00edfico"},"content":{"rendered":"\n<p><em>\u201cVou de Canoa\u201d, da escritora e fundadora do Projeto Vou de Canoa, Luiza Perin, apresenta relatos reais e reconstitui a hist\u00f3ria do esporte<\/em><\/p>\n\n\n\n<p>Lan\u00e7ada no fim de 2020 pela editora Edite, a obra \u201cVou de Canoa\u201d, da escritora brasileira <strong>Luiza Perin<\/strong>, aborda a saga das primeiras migra\u00e7\u00f5es dos povos do <a href=\"https:\/\/aventurasnahistoria.uol.com.br\/noticias\/reportagem\/desventura-em-tonga-os-jovens-que-sobreviveram-durante-um-ano-em-ilha-do-pacifico.phtml\" rel=\"noreferrer noopener\" target=\"_blank\">Oceano Pac\u00edfico<\/a>.<br>Por meio de uma narrativa eletrizante, envolvendo muito drama e emo\u00e7\u00e3o, a autora reconstitui a hist\u00f3ria do <a href=\"https:\/\/aventurasnahistoria.uol.com.br\/noticias\/reportagem\/frustacao-promessa-e-inspiracao-no-pai-como-foi-infancia-de-pele.phtml\" rel=\"noreferrer noopener\" target=\"_blank\">esporte<\/a>, a partir do ber\u00e7o dos maiores navegadores da Antiguidade.<br>Narrada em primeira pessoa, a obra apresenta <a href=\"https:\/\/aventurasnahistoria.uol.com.br\/noticias\/vitrine\/rei-do-futebol-80-anos-de-pele-partir-de-5-obras-fundamentais.phtml\" rel=\"noreferrer noopener\" target=\"_blank\"><a href=\"https:\/\/aventurasnahistoria.uol.com.br\/noticias\/vitrine\/rei-do-futebol-80-anos-de-pele-partir-de-5-obras-fundamentais.phtml\" rel=\"noreferrer noopener\" target=\"_blank\">aventuras<\/a><\/a> na floresta e desdobramentos no Oceano Pac\u00edfico. Al\u00e9m disso, a escritora tamb\u00e9m relata um epis\u00f3dio envolvendo uma experi\u00eancia de interna\u00e7\u00e3o hospitalar, e um momento em que, durante uma travessia a remo, houve uma persegui\u00e7\u00e3o de tubar\u00e3o tigre no Hava\u00ed.<\/p>\n\n\n\n<div class=\"wp-block-image\"><figure class=\"alignleft size-large is-resized\"><img loading=\"lazy\" decoding=\"async\" src=\"https:\/\/jornalfatosenoticias.com.br\/wp-content\/uploads\/2021\/04\/capa_livro-vou-de-canoa.jpg\" alt=\"\" class=\"wp-image-16996\" width=\"400\" height=\"599\"\/><figcaption><em>Vou de Canoa, de Luiza Perin (Foto: Divulga\u00e7\u00e3o\/Edite)<\/em><\/figcaption><\/figure><\/div>\n\n\n\n<p>\u201cAo ouvir essa hist\u00f3ria, antes mesmo de ver uma canoa polin\u00e9sia pela primeira vez, senti que deveria haver algo de muito especial naquilo e fui instigada a conhecer a tal canoa, curiosa sobre esse esporte que parecia misturar energia, natureza e suor\u201d, trecho retirado da p\u00e1gina 196 da obra Vou de Canoa.<br><strong>Luiza Perin<\/strong> apresenta hist\u00f3rias reais relacionadas \u00e0 canoa e contempla os leitores, ainda, com entrevistas de dois pioneiros do esporte no Brasil. A narrativa \u00e9 regada de detalhes, fatos reais e, claro, muita hist\u00f3ria.<br>A especialista \u00e9 tamb\u00e9m fundadora do Projeto Vou de Canoa \u2014 programa socioambiental \u2014 que possui o objetivo de levar educa\u00e7\u00e3o, esporte e cultura de forma integrada. Ao todo <strong>Perin<\/strong> possui 16 anos de experi\u00eancia com canoa polin\u00e9sia e diversos artigos sobre a hist\u00f3ria do esporte.<br>A obra \u201cVou de Canoa\u201d, em suma, trata-se de uma narrativa envolvente para os amantes de esporte e todos aqueles que buscam compreender as primeiras migra\u00e7\u00f5es dos povos do Oceano Pac\u00edfico.<\/p>\n\n\n\n<p><strong><em>Fonte: <a href=\"https:\/\/aventurasnahistoria.uol.com.br\/noticias\/historia-hoje\/autora-brasileira-aborda-primeiras-migracoes-dos-povos-do-oceano-pacifico.phtml\">Aventuras na Hist\u00f3ria<\/a><\/em><\/strong><\/p>\n","protected":false},"excerpt":{"rendered":"<p>\u201cVou de Canoa\u201d, da escritora e fundadora do Projeto Vou de Canoa, Luiza Perin, apresenta relatos reais e reconstitui a hist\u00f3ria do esporte Lan\u00e7ada no fim de 2020 pela editora Edite, a obra \u201cVou de Canoa\u201d, da escritora brasileira Luiza Perin, aborda a saga das primeiras migra\u00e7\u00f5es dos povos do Oceano Pac\u00edfico.Por meio de uma [&hellip;]<\/p>\n","protected":false},"author":2,"featured_media":16997,"comment_status":"open","ping_status":"open","sticky":false,"template":"","format":"standard","meta":{"footnotes":""},"categories":[4],"tags":[8524,241,249,6276,8525,1948,993,8526],"class_list":["post-16995","post","type-post","status-publish","format-standard","has-post-thumbnail","hentry","category-cultura","tag-edite","tag-esporte","tag-historia","tag-livro-infantil","tag-luiza-perin","tag-obra","tag-oceano-pacifico","tag-vou-de-canoa"],"yoast_head":"<!-- This site is optimized with the Yoast SEO plugin v26.5 - https:\/\/yoast.com\/wordpress\/plugins\/seo\/ -->\n<title>Autora brasileira aborda primeiras migra\u00e7\u00f5es dos povos do Oceano Pac\u00edfico - Jornal Fatos e Not\u00edcias<\/title>\n<meta name=\"robots\" content=\"index, follow, max-snippet:-1, max-image-preview:large, max-video-preview:-1\" \/>\n<link rel=\"canonical\" href=\"https:\/\/jornalfatosenoticias.com.br\/index.php\/2021\/04\/14\/autora-brasileira-aborda-primeiras-migracoes-dos-povos-do-oceano-pacifico\/\" \/>\n<meta property=\"og:locale\" content=\"pt_BR\" \/>\n<meta property=\"og:type\" content=\"article\" \/>\n<meta property=\"og:title\" content=\"Autora brasileira aborda primeiras migra\u00e7\u00f5es dos povos do Oceano Pac\u00edfico - Jornal Fatos e Not\u00edcias\" \/>\n<meta property=\"og:description\" content=\"\u201cVou de Canoa\u201d, da escritora e fundadora do Projeto Vou de Canoa, Luiza Perin, apresenta relatos reais e reconstitui a hist\u00f3ria do esporte Lan\u00e7ada no fim de 2020 pela editora Edite, a obra \u201cVou de Canoa\u201d, da escritora brasileira Luiza Perin, aborda a saga das primeiras migra\u00e7\u00f5es dos povos do Oceano Pac\u00edfico.Por meio de uma [&hellip;]\" \/>\n<meta property=\"og:url\" content=\"https:\/\/jornalfatosenoticias.com.br\/index.php\/2021\/04\/14\/autora-brasileira-aborda-primeiras-migracoes-dos-povos-do-oceano-pacifico\/\" \/>\n<meta property=\"og:site_name\" content=\"Jornal Fatos e Not\u00edcias\" \/>\n<meta property=\"article:published_time\" content=\"2021-04-14T17:06:45+00:00\" \/>\n<meta property=\"article:modified_time\" content=\"2021-04-14T17:06:51+00:00\" \/>\n<meta property=\"og:image\" content=\"https:\/\/jornalfatosenoticias.com.br\/wp-content\/uploads\/2021\/04\/oceano_pacifico_migracoes.jpg\" \/>\n\t<meta property=\"og:image:width\" content=\"1000\" \/>\n\t<meta property=\"og:image:height\" content=\"562\" \/>\n\t<meta property=\"og:image:type\" content=\"image\/jpeg\" \/>\n<meta name=\"author\" content=\"Luzimara Fernandes\" \/>\n<meta name=\"twitter:card\" content=\"summary_large_image\" \/>\n<meta name=\"twitter:label1\" content=\"Escrito por\" \/>\n\t<meta name=\"twitter:data1\" content=\"Luzimara Fernandes\" \/>\n\t<meta name=\"twitter:label2\" content=\"Est. tempo de leitura\" \/>\n\t<meta name=\"twitter:data2\" content=\"2 minutos\" \/>\n<script type=\"application\/ld+json\" class=\"yoast-schema-graph\">{\"@context\":\"https:\/\/schema.org\",\"@graph\":[{\"@type\":\"Article\",\"@id\":\"https:\/\/jornalfatosenoticias.com.br\/index.php\/2021\/04\/14\/autora-brasileira-aborda-primeiras-migracoes-dos-povos-do-oceano-pacifico\/#article\",\"isPartOf\":{\"@id\":\"https:\/\/jornalfatosenoticias.com.br\/index.php\/2021\/04\/14\/autora-brasileira-aborda-primeiras-migracoes-dos-povos-do-oceano-pacifico\/\"},\"author\":{\"name\":\"Luzimara Fernandes\",\"@id\":\"https:\/\/jornalfatosenoticias.com.br\/#\/schema\/person\/d63837fa13ac8666eb9e74e0985d6f81\"},\"headline\":\"Autora brasileira aborda primeiras migra\u00e7\u00f5es dos povos do Oceano Pac\u00edfico\",\"datePublished\":\"2021-04-14T17:06:45+00:00\",\"dateModified\":\"2021-04-14T17:06:51+00:00\",\"mainEntityOfPage\":{\"@id\":\"https:\/\/jornalfatosenoticias.com.br\/index.php\/2021\/04\/14\/autora-brasileira-aborda-primeiras-migracoes-dos-povos-do-oceano-pacifico\/\"},\"wordCount\":335,\"commentCount\":0,\"publisher\":{\"@id\":\"https:\/\/jornalfatosenoticias.com.br\/#organization\"},\"image\":{\"@id\":\"https:\/\/jornalfatosenoticias.com.br\/index.php\/2021\/04\/14\/autora-brasileira-aborda-primeiras-migracoes-dos-povos-do-oceano-pacifico\/#primaryimage\"},\"thumbnailUrl\":\"https:\/\/jornalfatosenoticias.com.br\/wp-content\/uploads\/2021\/04\/oceano_pacifico_migracoes.jpg\",\"keywords\":[\"Edite\",\"esporte\",\"hist\u00f3ria\",\"livro infantil\",\"Luiza Perin\",\"obra\",\"Oceano Pac\u00edfico\",\"Vou de Canoa\"],\"articleSection\":[\"Cultura\"],\"inLanguage\":\"pt-BR\",\"potentialAction\":[{\"@type\":\"CommentAction\",\"name\":\"Comment\",\"target\":[\"https:\/\/jornalfatosenoticias.com.br\/index.php\/2021\/04\/14\/autora-brasileira-aborda-primeiras-migracoes-dos-povos-do-oceano-pacifico\/#respond\"]}]},{\"@type\":\"WebPage\",\"@id\":\"https:\/\/jornalfatosenoticias.com.br\/index.php\/2021\/04\/14\/autora-brasileira-aborda-primeiras-migracoes-dos-povos-do-oceano-pacifico\/\",\"url\":\"https:\/\/jornalfatosenoticias.com.br\/index.php\/2021\/04\/14\/autora-brasileira-aborda-primeiras-migracoes-dos-povos-do-oceano-pacifico\/\",\"name\":\"Autora brasileira aborda primeiras migra\u00e7\u00f5es dos povos do Oceano Pac\u00edfico - Jornal Fatos e Not\u00edcias\",\"isPartOf\":{\"@id\":\"https:\/\/jornalfatosenoticias.com.br\/#website\"},\"primaryImageOfPage\":{\"@id\":\"https:\/\/jornalfatosenoticias.com.br\/index.php\/2021\/04\/14\/autora-brasileira-aborda-primeiras-migracoes-dos-povos-do-oceano-pacifico\/#primaryimage\"},\"image\":{\"@id\":\"https:\/\/jornalfatosenoticias.com.br\/index.php\/2021\/04\/14\/autora-brasileira-aborda-primeiras-migracoes-dos-povos-do-oceano-pacifico\/#primaryimage\"},\"thumbnailUrl\":\"https:\/\/jornalfatosenoticias.com.br\/wp-content\/uploads\/2021\/04\/oceano_pacifico_migracoes.jpg\",\"datePublished\":\"2021-04-14T17:06:45+00:00\",\"dateModified\":\"2021-04-14T17:06:51+00:00\",\"breadcrumb\":{\"@id\":\"https:\/\/jornalfatosenoticias.com.br\/index.php\/2021\/04\/14\/autora-brasileira-aborda-primeiras-migracoes-dos-povos-do-oceano-pacifico\/#breadcrumb\"},\"inLanguage\":\"pt-BR\",\"potentialAction\":[{\"@type\":\"ReadAction\",\"target\":[\"https:\/\/jornalfatosenoticias.com.br\/index.php\/2021\/04\/14\/autora-brasileira-aborda-primeiras-migracoes-dos-povos-do-oceano-pacifico\/\"]}]},{\"@type\":\"ImageObject\",\"inLanguage\":\"pt-BR\",\"@id\":\"https:\/\/jornalfatosenoticias.com.br\/index.php\/2021\/04\/14\/autora-brasileira-aborda-primeiras-migracoes-dos-povos-do-oceano-pacifico\/#primaryimage\",\"url\":\"https:\/\/jornalfatosenoticias.com.br\/wp-content\/uploads\/2021\/04\/oceano_pacifico_migracoes.jpg\",\"contentUrl\":\"https:\/\/jornalfatosenoticias.com.br\/wp-content\/uploads\/2021\/04\/oceano_pacifico_migracoes.jpg\",\"width\":1000,\"height\":562},{\"@type\":\"BreadcrumbList\",\"@id\":\"https:\/\/jornalfatosenoticias.com.br\/index.php\/2021\/04\/14\/autora-brasileira-aborda-primeiras-migracoes-dos-povos-do-oceano-pacifico\/#breadcrumb\",\"itemListElement\":[{\"@type\":\"ListItem\",\"position\":1,\"name\":\"In\u00edcio\",\"item\":\"https:\/\/jornalfatosenoticias.com.br\/\"},{\"@type\":\"ListItem\",\"position\":2,\"name\":\"Autora brasileira aborda primeiras migra\u00e7\u00f5es dos povos do Oceano Pac\u00edfico\"}]},{\"@type\":\"WebSite\",\"@id\":\"https:\/\/jornalfatosenoticias.com.br\/#website\",\"url\":\"https:\/\/jornalfatosenoticias.com.br\/\",\"name\":\"Jornal Fatos e Not\u00edcias\",\"description\":\"Not\u00edcias em geral\",\"publisher\":{\"@id\":\"https:\/\/jornalfatosenoticias.com.br\/#organization\"},\"potentialAction\":[{\"@type\":\"SearchAction\",\"target\":{\"@type\":\"EntryPoint\",\"urlTemplate\":\"https:\/\/jornalfatosenoticias.com.br\/?s={search_term_string}\"},\"query-input\":{\"@type\":\"PropertyValueSpecification\",\"valueRequired\":true,\"valueName\":\"search_term_string\"}}],\"inLanguage\":\"pt-BR\"},{\"@type\":\"Organization\",\"@id\":\"https:\/\/jornalfatosenoticias.com.br\/#organization\",\"name\":\"Jornal Fatos e Not\u00edcias\",\"url\":\"https:\/\/jornalfatosenoticias.com.br\/\",\"logo\":{\"@type\":\"ImageObject\",\"inLanguage\":\"pt-BR\",\"@id\":\"https:\/\/jornalfatosenoticias.com.br\/#\/schema\/logo\/image\/\",\"url\":\"https:\/\/jornalfatosenoticias.com.br\/wp-content\/uploads\/2020\/02\/logo120.png\",\"contentUrl\":\"https:\/\/jornalfatosenoticias.com.br\/wp-content\/uploads\/2020\/02\/logo120.png\",\"width\":1227,\"height\":120,\"caption\":\"Jornal Fatos e Not\u00edcias\"},\"image\":{\"@id\":\"https:\/\/jornalfatosenoticias.com.br\/#\/schema\/logo\/image\/\"}},{\"@type\":\"Person\",\"@id\":\"https:\/\/jornalfatosenoticias.com.br\/#\/schema\/person\/d63837fa13ac8666eb9e74e0985d6f81\",\"name\":\"Luzimara Fernandes\",\"image\":{\"@type\":\"ImageObject\",\"inLanguage\":\"pt-BR\",\"@id\":\"https:\/\/jornalfatosenoticias.com.br\/#\/schema\/person\/image\/\",\"url\":\"https:\/\/jornalfatosenoticias.com.br\/wp-content\/uploads\/2025\/05\/EU_portal.jpg\",\"contentUrl\":\"https:\/\/jornalfatosenoticias.com.br\/wp-content\/uploads\/2025\/05\/EU_portal.jpg\",\"caption\":\"Luzimara Fernandes\"},\"description\":\"Jornalista MTB 2358-ES\",\"sameAs\":[\"https:\/\/jornalfatosenoticias.com.br\"],\"url\":\"https:\/\/jornalfatosenoticias.com.br\/index.php\/author\/luzimara\/\"}]}<\/script>\n<!-- \/ Yoast SEO plugin. -->","yoast_head_json":{"title":"Autora brasileira aborda primeiras migra\u00e7\u00f5es dos povos do Oceano Pac\u00edfico - Jornal Fatos e Not\u00edcias","robots":{"index":"index","follow":"follow","max-snippet":"max-snippet:-1","max-image-preview":"max-image-preview:large","max-video-preview":"max-video-preview:-1"},"canonical":"https:\/\/jornalfatosenoticias.com.br\/index.php\/2021\/04\/14\/autora-brasileira-aborda-primeiras-migracoes-dos-povos-do-oceano-pacifico\/","og_locale":"pt_BR","og_type":"article","og_title":"Autora brasileira aborda primeiras migra\u00e7\u00f5es dos povos do Oceano Pac\u00edfico - Jornal Fatos e Not\u00edcias","og_description":"\u201cVou de Canoa\u201d, da escritora e fundadora do Projeto Vou de Canoa, Luiza Perin, apresenta relatos reais e reconstitui a hist\u00f3ria do esporte Lan\u00e7ada no fim de 2020 pela editora Edite, a obra \u201cVou de Canoa\u201d, da escritora brasileira Luiza Perin, aborda a saga das primeiras migra\u00e7\u00f5es dos povos do Oceano Pac\u00edfico.Por meio de uma [&hellip;]","og_url":"https:\/\/jornalfatosenoticias.com.br\/index.php\/2021\/04\/14\/autora-brasileira-aborda-primeiras-migracoes-dos-povos-do-oceano-pacifico\/","og_site_name":"Jornal Fatos e Not\u00edcias","article_published_time":"2021-04-14T17:06:45+00:00","article_modified_time":"2021-04-14T17:06:51+00:00","og_image":[{"width":1000,"height":562,"url":"https:\/\/jornalfatosenoticias.com.br\/wp-content\/uploads\/2021\/04\/oceano_pacifico_migracoes.jpg","type":"image\/jpeg"}],"author":"Luzimara Fernandes","twitter_card":"summary_large_image","twitter_misc":{"Escrito por":"Luzimara Fernandes","Est. tempo de leitura":"2 minutos"},"schema":{"@context":"https:\/\/schema.org","@graph":[{"@type":"Article","@id":"https:\/\/jornalfatosenoticias.com.br\/index.php\/2021\/04\/14\/autora-brasileira-aborda-primeiras-migracoes-dos-povos-do-oceano-pacifico\/#article","isPartOf":{"@id":"https:\/\/jornalfatosenoticias.com.br\/index.php\/2021\/04\/14\/autora-brasileira-aborda-primeiras-migracoes-dos-povos-do-oceano-pacifico\/"},"author":{"name":"Luzimara Fernandes","@id":"https:\/\/jornalfatosenoticias.com.br\/#\/schema\/person\/d63837fa13ac8666eb9e74e0985d6f81"},"headline":"Autora brasileira aborda primeiras migra\u00e7\u00f5es dos povos do Oceano Pac\u00edfico","datePublished":"2021-04-14T17:06:45+00:00","dateModified":"2021-04-14T17:06:51+00:00","mainEntityOfPage":{"@id":"https:\/\/jornalfatosenoticias.com.br\/index.php\/2021\/04\/14\/autora-brasileira-aborda-primeiras-migracoes-dos-povos-do-oceano-pacifico\/"},"wordCount":335,"commentCount":0,"publisher":{"@id":"https:\/\/jornalfatosenoticias.com.br\/#organization"},"image":{"@id":"https:\/\/jornalfatosenoticias.com.br\/index.php\/2021\/04\/14\/autora-brasileira-aborda-primeiras-migracoes-dos-povos-do-oceano-pacifico\/#primaryimage"},"thumbnailUrl":"https:\/\/jornalfatosenoticias.com.br\/wp-content\/uploads\/2021\/04\/oceano_pacifico_migracoes.jpg","keywords":["Edite","esporte","hist\u00f3ria","livro infantil","Luiza Perin","obra","Oceano Pac\u00edfico","Vou de Canoa"],"articleSection":["Cultura"],"inLanguage":"pt-BR","potentialAction":[{"@type":"CommentAction","name":"Comment","target":["https:\/\/jornalfatosenoticias.com.br\/index.php\/2021\/04\/14\/autora-brasileira-aborda-primeiras-migracoes-dos-povos-do-oceano-pacifico\/#respond"]}]},{"@type":"WebPage","@id":"https:\/\/jornalfatosenoticias.com.br\/index.php\/2021\/04\/14\/autora-brasileira-aborda-primeiras-migracoes-dos-povos-do-oceano-pacifico\/","url":"https:\/\/jornalfatosenoticias.com.br\/index.php\/2021\/04\/14\/autora-brasileira-aborda-primeiras-migracoes-dos-povos-do-oceano-pacifico\/","name":"Autora brasileira aborda primeiras migra\u00e7\u00f5es dos povos do Oceano Pac\u00edfico - Jornal Fatos e Not\u00edcias","isPartOf":{"@id":"https:\/\/jornalfatosenoticias.com.br\/#website"},"primaryImageOfPage":{"@id":"https:\/\/jornalfatosenoticias.com.br\/index.php\/2021\/04\/14\/autora-brasileira-aborda-primeiras-migracoes-dos-povos-do-oceano-pacifico\/#primaryimage"},"image":{"@id":"https:\/\/jornalfatosenoticias.com.br\/index.php\/2021\/04\/14\/autora-brasileira-aborda-primeiras-migracoes-dos-povos-do-oceano-pacifico\/#primaryimage"},"thumbnailUrl":"https:\/\/jornalfatosenoticias.com.br\/wp-content\/uploads\/2021\/04\/oceano_pacifico_migracoes.jpg","datePublished":"2021-04-14T17:06:45+00:00","dateModified":"2021-04-14T17:06:51+00:00","breadcrumb":{"@id":"https:\/\/jornalfatosenoticias.com.br\/index.php\/2021\/04\/14\/autora-brasileira-aborda-primeiras-migracoes-dos-povos-do-oceano-pacifico\/#breadcrumb"},"inLanguage":"pt-BR","potentialAction":[{"@type":"ReadAction","target":["https:\/\/jornalfatosenoticias.com.br\/index.php\/2021\/04\/14\/autora-brasileira-aborda-primeiras-migracoes-dos-povos-do-oceano-pacifico\/"]}]},{"@type":"ImageObject","inLanguage":"pt-BR","@id":"https:\/\/jornalfatosenoticias.com.br\/index.php\/2021\/04\/14\/autora-brasileira-aborda-primeiras-migracoes-dos-povos-do-oceano-pacifico\/#primaryimage","url":"https:\/\/jornalfatosenoticias.com.br\/wp-content\/uploads\/2021\/04\/oceano_pacifico_migracoes.jpg","contentUrl":"https:\/\/jornalfatosenoticias.com.br\/wp-content\/uploads\/2021\/04\/oceano_pacifico_migracoes.jpg","width":1000,"height":562},{"@type":"BreadcrumbList","@id":"https:\/\/jornalfatosenoticias.com.br\/index.php\/2021\/04\/14\/autora-brasileira-aborda-primeiras-migracoes-dos-povos-do-oceano-pacifico\/#breadcrumb","itemListElement":[{"@type":"ListItem","position":1,"name":"In\u00edcio","item":"https:\/\/jornalfatosenoticias.com.br\/"},{"@type":"ListItem","position":2,"name":"Autora brasileira aborda primeiras migra\u00e7\u00f5es dos povos do Oceano Pac\u00edfico"}]},{"@type":"WebSite","@id":"https:\/\/jornalfatosenoticias.com.br\/#website","url":"https:\/\/jornalfatosenoticias.com.br\/","name":"Jornal Fatos e Not\u00edcias","description":"Not\u00edcias em geral","publisher":{"@id":"https:\/\/jornalfatosenoticias.com.br\/#organization"},"potentialAction":[{"@type":"SearchAction","target":{"@type":"EntryPoint","urlTemplate":"https:\/\/jornalfatosenoticias.com.br\/?s={search_term_string}"},"query-input":{"@type":"PropertyValueSpecification","valueRequired":true,"valueName":"search_term_string"}}],"inLanguage":"pt-BR"},{"@type":"Organization","@id":"https:\/\/jornalfatosenoticias.com.br\/#organization","name":"Jornal Fatos e Not\u00edcias","url":"https:\/\/jornalfatosenoticias.com.br\/","logo":{"@type":"ImageObject","inLanguage":"pt-BR","@id":"https:\/\/jornalfatosenoticias.com.br\/#\/schema\/logo\/image\/","url":"https:\/\/jornalfatosenoticias.com.br\/wp-content\/uploads\/2020\/02\/logo120.png","contentUrl":"https:\/\/jornalfatosenoticias.com.br\/wp-content\/uploads\/2020\/02\/logo120.png","width":1227,"height":120,"caption":"Jornal Fatos e Not\u00edcias"},"image":{"@id":"https:\/\/jornalfatosenoticias.com.br\/#\/schema\/logo\/image\/"}},{"@type":"Person","@id":"https:\/\/jornalfatosenoticias.com.br\/#\/schema\/person\/d63837fa13ac8666eb9e74e0985d6f81","name":"Luzimara Fernandes","image":{"@type":"ImageObject","inLanguage":"pt-BR","@id":"https:\/\/jornalfatosenoticias.com.br\/#\/schema\/person\/image\/","url":"https:\/\/jornalfatosenoticias.com.br\/wp-content\/uploads\/2025\/05\/EU_portal.jpg","contentUrl":"https:\/\/jornalfatosenoticias.com.br\/wp-content\/uploads\/2025\/05\/EU_portal.jpg","caption":"Luzimara Fernandes"},"description":"Jornalista MTB 2358-ES","sameAs":["https:\/\/jornalfatosenoticias.com.br"],"url":"https:\/\/jornalfatosenoticias.com.br\/index.php\/author\/luzimara\/"}]}},"cc_featured_image_caption":{"caption_text":"(Foto: Divulga\u00e7\u00e3o\/Pixabay) ","source_text":"","source_url":""},"jetpack_featured_media_url":"https:\/\/jornalfatosenoticias.com.br\/wp-content\/uploads\/2021\/04\/oceano_pacifico_migracoes.jpg","_links":{"self":[{"href":"https:\/\/jornalfatosenoticias.com.br\/index.php\/wp-json\/wp\/v2\/posts\/16995","targetHints":{"allow":["GET"]}}],"collection":[{"href":"https:\/\/jornalfatosenoticias.com.br\/index.php\/wp-json\/wp\/v2\/posts"}],"about":[{"href":"https:\/\/jornalfatosenoticias.com.br\/index.php\/wp-json\/wp\/v2\/types\/post"}],"author":[{"embeddable":true,"href":"https:\/\/jornalfatosenoticias.com.br\/index.php\/wp-json\/wp\/v2\/users\/2"}],"replies":[{"embeddable":true,"href":"https:\/\/jornalfatosenoticias.com.br\/index.php\/wp-json\/wp\/v2\/comments?post=16995"}],"version-history":[{"count":0,"href":"https:\/\/jornalfatosenoticias.com.br\/index.php\/wp-json\/wp\/v2\/posts\/16995\/revisions"}],"wp:featuredmedia":[{"embeddable":true,"href":"https:\/\/jornalfatosenoticias.com.br\/index.php\/wp-json\/wp\/v2\/media\/16997"}],"wp:attachment":[{"href":"https:\/\/jornalfatosenoticias.com.br\/index.php\/wp-json\/wp\/v2\/media?parent=16995"}],"wp:term":[{"taxonomy":"category","embeddable":true,"href":"https:\/\/jornalfatosenoticias.com.br\/index.php\/wp-json\/wp\/v2\/categories?post=16995"},{"taxonomy":"post_tag","embeddable":true,"href":"https:\/\/jornalfatosenoticias.com.br\/index.php\/wp-json\/wp\/v2\/tags?post=16995"}],"curies":[{"name":"wp","href":"https:\/\/api.w.org\/{rel}","templated":true}]}}