{"id":16999,"date":"2021-04-14T14:27:25","date_gmt":"2021-04-14T17:27:25","guid":{"rendered":"https:\/\/jornalfatosenoticias.com.br\/?p=16999"},"modified":"2021-04-14T14:27:29","modified_gmt":"2021-04-14T17:27:29","slug":"marion-mahony-a-primeira-arquiteta-do-mundo","status":"publish","type":"post","link":"https:\/\/jornalfatosenoticias.com.br\/index.php\/2021\/04\/14\/marion-mahony-a-primeira-arquiteta-do-mundo\/","title":{"rendered":"Marion Mahony: a primeira arquiteta do mundo"},"content":{"rendered":"\n<p><em>Um dos maiores nomes da arquitetura mundial ela foi esquecida pela hist\u00f3ria<\/em><\/p>\n\n\n\n<p>Nascida h\u00e1 150 anos, Marion Mahony Griffin foi um dos maiores nomes da <a href=\"https:\/\/www.megacurioso.com.br\/arquitetura-e-engenharia\/\" rel=\"noreferrer noopener\" target=\"_blank\">arquitetura mundial<\/a>, al\u00e9m de ser a primeira mulher a trabalhar como arquiteta no mundo. Embora sua obra seja amplamente conhecida, principalmente na Am\u00e9rica e na Austr\u00e1lia, a mulher que executou todos os\u00a0<a href=\"https:\/\/www.megacurioso.com.br\/culinaria\/100393-veja-o-que-acontece-quando-uma-arquiteta-resolve-dar-uma-de-confeiteira.htm\" rel=\"noreferrer noopener\" target=\"_blank\">projetos e esbo\u00e7os geniais<\/a> n\u00e3o recebeu nenhuma aten\u00e7\u00e3o dos historiadores, morrendo como indigente em 1961.<br>Talvez a forma\u00e7\u00e3o e a influ\u00eancia recebidas da m\u00e3e, Clara, tenham dado a Marion a confian\u00e7a necess\u00e1ria para se inscrever no curso de Arquitetura do Instituto de Tecnologia de Massachusetts (MIT). Ela acabou se tornando a segunda mulher a receber um diploma nessa \u00e1rea. A primeira, Sophia Hayden, desistiu da carreira por frustra\u00e7\u00e3o com o tratamento recebido em uma comunidade predominantemente masculina.<\/p>\n\n\n\n<figure class=\"wp-block-image size-large\"><img loading=\"lazy\" decoding=\"async\" width=\"1000\" height=\"562\" src=\"https:\/\/jornalfatosenoticias.com.br\/wp-content\/uploads\/2021\/04\/aquarela-de-marion.jpg\" alt=\"\" class=\"wp-image-17000\" srcset=\"https:\/\/jornalfatosenoticias.com.br\/wp-content\/uploads\/2021\/04\/aquarela-de-marion.jpg 1000w, https:\/\/jornalfatosenoticias.com.br\/wp-content\/uploads\/2021\/04\/aquarela-de-marion-300x169.jpg 300w, https:\/\/jornalfatosenoticias.com.br\/wp-content\/uploads\/2021\/04\/aquarela-de-marion-768x432.jpg 768w\" sizes=\"auto, (max-width: 1000px) 100vw, 1000px\" \/><figcaption><em>Aquarela de Marion (Foto: Ward W. Willits\/Reprodu\u00e7\u00e3o)<\/em><\/figcaption><\/figure>\n\n\n\n<p>Depois de formada, Marion Mahoney Griffin, viajou pela Europa e, ao retornar, abra\u00e7ou a profiss\u00e3o, indo trabalhar no escrit\u00f3rio de arquitetura de seus primos, onde foi contratada por um dos maiores arquitetos de todos os tempos, <a href=\"https:\/\/www.megacurioso.com.br\/ciencia\/109219-5-incriveis-construcoes-norte-americanas-que-nao-resistiram-ao-tempo.htm\" rel=\"noreferrer noopener\" target=\"_blank\">Frank Lloyd Wright<\/a>, o criador da chamada arquitetura org\u00e2nica.<\/p>\n\n\n\n<h4 class=\"wp-block-heading\">A &#8220;escrava \u00fatil&#8221;<\/h4>\n\n\n\n<figure class=\"wp-block-image size-large\"><img loading=\"lazy\" decoding=\"async\" width=\"1000\" height=\"645\" src=\"https:\/\/jornalfatosenoticias.com.br\/wp-content\/uploads\/2021\/04\/Walter-Burley-Griffin-e-Marion-Mahony.jpg\" alt=\"\" class=\"wp-image-17001\" srcset=\"https:\/\/jornalfatosenoticias.com.br\/wp-content\/uploads\/2021\/04\/Walter-Burley-Griffin-e-Marion-Mahony.jpg 1000w, https:\/\/jornalfatosenoticias.com.br\/wp-content\/uploads\/2021\/04\/Walter-Burley-Griffin-e-Marion-Mahony-300x194.jpg 300w, https:\/\/jornalfatosenoticias.com.br\/wp-content\/uploads\/2021\/04\/Walter-Burley-Griffin-e-Marion-Mahony-768x495.jpg 768w\" sizes=\"auto, (max-width: 1000px) 100vw, 1000px\" \/><figcaption><em>Walter Burley Griffin e Marion Mahony (Foto: Australian Design Review\/Reprodu\u00e7\u00e3o)<\/em><\/figcaption><\/figure>\n\n\n\n<p>Durante o tempo em que trabalhou para Lloyd Wright, Marion realizou algumas das melhores representa\u00e7\u00f5es arquitet\u00f4nicas j\u00e1 produzidas. No entanto, s\u00f3 recentemente seus trabalhos, sempre atribu\u00eddos exclusivamente ao premiado arquiteto, foram reconhecidos pelos historiadores atuais, compreendendo cerca de metade dos desenhos creditados a Lloyd Wright.<br>Depois que o arquiteto deixou inesperadamente a esposa e o escrit\u00f3rio, e mudou-se para a Europa em 1909, Marion ficou meio sem rumo, at\u00e9 se casar, dois anos depois, com o arquiteto Walter Burley Griffin, ficando mais uma vez \u00e0 <a href=\"https:\/\/www.megacurioso.com.br\/fotografia\/102829-fotos-de-mulheres-fazendo-trabalho-de-homem-ajudam-a-quebrar-estereotipos.htm\" rel=\"noreferrer noopener\" target=\"_blank\">sombra do profissional masculino<\/a>, chegando a citar que estava feliz por ser a \u201cescrava \u00fatil\u201d do marido.<\/p>\n\n\n\n<figure class=\"wp-block-image size-large\"><img loading=\"lazy\" decoding=\"async\" width=\"1000\" height=\"483\" src=\"https:\/\/jornalfatosenoticias.com.br\/wp-content\/uploads\/2021\/04\/Capital-Theatre-Melbourne.jpg\" alt=\"\" class=\"wp-image-17002\" srcset=\"https:\/\/jornalfatosenoticias.com.br\/wp-content\/uploads\/2021\/04\/Capital-Theatre-Melbourne.jpg 1000w, https:\/\/jornalfatosenoticias.com.br\/wp-content\/uploads\/2021\/04\/Capital-Theatre-Melbourne-300x145.jpg 300w, https:\/\/jornalfatosenoticias.com.br\/wp-content\/uploads\/2021\/04\/Capital-Theatre-Melbourne-768x371.jpg 768w\" sizes=\"auto, (max-width: 1000px) 100vw, 1000px\" \/><figcaption><em>Capital Theatre, Melbourne (Foto: John Gollings\/Reprodu\u00e7\u00e3o)<\/em><\/figcaption><\/figure>\n\n\n\n<p>Em 1912, por insist\u00eancia de Marion, Walter concordou em entrar em um concurso que buscava arquitetos para projetar a nova capital da Austr\u00e1lia, Camberra. O estilo t\u00edpico das representa\u00e7\u00f5es de Marion, que incorporaram a paisagem do pa\u00eds, s\u00e3o um dos maiores exemplos da arquitetura de Camberra e <a href=\"https:\/\/www.megacurioso.com.br\/arquitetura-e-engenharia\/44717-5-construcoes-famosas-incriveis-com-falhas-igualmente-absurdas.htm\" rel=\"noreferrer noopener\" target=\"_blank\">outras cidades australianas<\/a>. Mais uma vez, essa contribui\u00e7\u00e3o crucial s\u00f3 foi reconhecida tardiamente pela m\u00eddia local.<\/p>\n\n\n\n<p><strong><em>Fonte: <a href=\"https:\/\/www.megacurioso.com.br\/ciencia\/118385-marion-mahony-a-1-arquiteta-do-mundo-esquecida-pela-historia.htm\">Megacurioso<\/a><\/em><\/strong><\/p>\n","protected":false},"excerpt":{"rendered":"<p>Um dos maiores nomes da arquitetura mundial ela foi esquecida pela hist\u00f3ria Nascida h\u00e1 150 anos, Marion Mahony Griffin foi um dos maiores nomes da arquitetura mundial, al\u00e9m de ser a primeira mulher a trabalhar como arquiteta no mundo. Embora sua obra seja amplamente conhecida, principalmente na Am\u00e9rica e na Austr\u00e1lia, a mulher que executou [&hellip;]<\/p>\n","protected":false},"author":2,"featured_media":17003,"comment_status":"open","ping_status":"open","sticky":false,"template":"","format":"standard","meta":{"footnotes":""},"categories":[5],"tags":[2185,6138,8527,979,3400],"class_list":["post-16999","post","type-post","status-publish","format-standard","has-post-thumbnail","hentry","category-geral","tag-arquitetura","tag-engenharia","tag-marion-mahony","tag-mulher","tag-personalidade"],"yoast_head":"<!-- This site is optimized with the Yoast SEO plugin v26.5 - https:\/\/yoast.com\/wordpress\/plugins\/seo\/ -->\n<title>Marion Mahony: a primeira arquiteta do mundo - Jornal Fatos e Not\u00edcias<\/title>\n<meta name=\"robots\" content=\"index, follow, max-snippet:-1, max-image-preview:large, max-video-preview:-1\" \/>\n<link rel=\"canonical\" href=\"https:\/\/jornalfatosenoticias.com.br\/index.php\/2021\/04\/14\/marion-mahony-a-primeira-arquiteta-do-mundo\/\" \/>\n<meta property=\"og:locale\" content=\"pt_BR\" \/>\n<meta property=\"og:type\" content=\"article\" \/>\n<meta property=\"og:title\" content=\"Marion Mahony: a primeira arquiteta do mundo - Jornal Fatos e Not\u00edcias\" \/>\n<meta property=\"og:description\" content=\"Um dos maiores nomes da arquitetura mundial ela foi esquecida pela hist\u00f3ria Nascida h\u00e1 150 anos, Marion Mahony Griffin foi um dos maiores nomes da arquitetura mundial, al\u00e9m de ser a primeira mulher a trabalhar como arquiteta no mundo. Embora sua obra seja amplamente conhecida, principalmente na Am\u00e9rica e na Austr\u00e1lia, a mulher que executou [&hellip;]\" \/>\n<meta property=\"og:url\" content=\"https:\/\/jornalfatosenoticias.com.br\/index.php\/2021\/04\/14\/marion-mahony-a-primeira-arquiteta-do-mundo\/\" \/>\n<meta property=\"og:site_name\" content=\"Jornal Fatos e Not\u00edcias\" \/>\n<meta property=\"article:published_time\" content=\"2021-04-14T17:27:25+00:00\" \/>\n<meta property=\"article:modified_time\" content=\"2021-04-14T17:27:29+00:00\" \/>\n<meta property=\"og:image\" content=\"https:\/\/jornalfatosenoticias.com.br\/wp-content\/uploads\/2021\/04\/marion-mahony.jpg\" \/>\n\t<meta property=\"og:image:width\" content=\"1000\" \/>\n\t<meta property=\"og:image:height\" content=\"761\" \/>\n\t<meta property=\"og:image:type\" content=\"image\/jpeg\" \/>\n<meta name=\"author\" content=\"Luzimara Fernandes\" \/>\n<meta name=\"twitter:card\" content=\"summary_large_image\" \/>\n<meta name=\"twitter:label1\" content=\"Escrito por\" \/>\n\t<meta name=\"twitter:data1\" content=\"Luzimara Fernandes\" \/>\n\t<meta name=\"twitter:label2\" content=\"Est. tempo de leitura\" \/>\n\t<meta name=\"twitter:data2\" content=\"2 minutos\" \/>\n<script type=\"application\/ld+json\" class=\"yoast-schema-graph\">{\"@context\":\"https:\/\/schema.org\",\"@graph\":[{\"@type\":\"Article\",\"@id\":\"https:\/\/jornalfatosenoticias.com.br\/index.php\/2021\/04\/14\/marion-mahony-a-primeira-arquiteta-do-mundo\/#article\",\"isPartOf\":{\"@id\":\"https:\/\/jornalfatosenoticias.com.br\/index.php\/2021\/04\/14\/marion-mahony-a-primeira-arquiteta-do-mundo\/\"},\"author\":{\"name\":\"Luzimara Fernandes\",\"@id\":\"https:\/\/jornalfatosenoticias.com.br\/#\/schema\/person\/d63837fa13ac8666eb9e74e0985d6f81\"},\"headline\":\"Marion Mahony: a primeira arquiteta do mundo\",\"datePublished\":\"2021-04-14T17:27:25+00:00\",\"dateModified\":\"2021-04-14T17:27:29+00:00\",\"mainEntityOfPage\":{\"@id\":\"https:\/\/jornalfatosenoticias.com.br\/index.php\/2021\/04\/14\/marion-mahony-a-primeira-arquiteta-do-mundo\/\"},\"wordCount\":409,\"commentCount\":0,\"publisher\":{\"@id\":\"https:\/\/jornalfatosenoticias.com.br\/#organization\"},\"image\":{\"@id\":\"https:\/\/jornalfatosenoticias.com.br\/index.php\/2021\/04\/14\/marion-mahony-a-primeira-arquiteta-do-mundo\/#primaryimage\"},\"thumbnailUrl\":\"https:\/\/jornalfatosenoticias.com.br\/wp-content\/uploads\/2021\/04\/marion-mahony.jpg\",\"keywords\":[\"arquitetura\",\"engenharia\",\"Marion Mahony\",\"mulher\",\"personalidade\"],\"articleSection\":[\"Geral\"],\"inLanguage\":\"pt-BR\",\"potentialAction\":[{\"@type\":\"CommentAction\",\"name\":\"Comment\",\"target\":[\"https:\/\/jornalfatosenoticias.com.br\/index.php\/2021\/04\/14\/marion-mahony-a-primeira-arquiteta-do-mundo\/#respond\"]}]},{\"@type\":\"WebPage\",\"@id\":\"https:\/\/jornalfatosenoticias.com.br\/index.php\/2021\/04\/14\/marion-mahony-a-primeira-arquiteta-do-mundo\/\",\"url\":\"https:\/\/jornalfatosenoticias.com.br\/index.php\/2021\/04\/14\/marion-mahony-a-primeira-arquiteta-do-mundo\/\",\"name\":\"Marion Mahony: a primeira arquiteta do mundo - Jornal Fatos e Not\u00edcias\",\"isPartOf\":{\"@id\":\"https:\/\/jornalfatosenoticias.com.br\/#website\"},\"primaryImageOfPage\":{\"@id\":\"https:\/\/jornalfatosenoticias.com.br\/index.php\/2021\/04\/14\/marion-mahony-a-primeira-arquiteta-do-mundo\/#primaryimage\"},\"image\":{\"@id\":\"https:\/\/jornalfatosenoticias.com.br\/index.php\/2021\/04\/14\/marion-mahony-a-primeira-arquiteta-do-mundo\/#primaryimage\"},\"thumbnailUrl\":\"https:\/\/jornalfatosenoticias.com.br\/wp-content\/uploads\/2021\/04\/marion-mahony.jpg\",\"datePublished\":\"2021-04-14T17:27:25+00:00\",\"dateModified\":\"2021-04-14T17:27:29+00:00\",\"breadcrumb\":{\"@id\":\"https:\/\/jornalfatosenoticias.com.br\/index.php\/2021\/04\/14\/marion-mahony-a-primeira-arquiteta-do-mundo\/#breadcrumb\"},\"inLanguage\":\"pt-BR\",\"potentialAction\":[{\"@type\":\"ReadAction\",\"target\":[\"https:\/\/jornalfatosenoticias.com.br\/index.php\/2021\/04\/14\/marion-mahony-a-primeira-arquiteta-do-mundo\/\"]}]},{\"@type\":\"ImageObject\",\"inLanguage\":\"pt-BR\",\"@id\":\"https:\/\/jornalfatosenoticias.com.br\/index.php\/2021\/04\/14\/marion-mahony-a-primeira-arquiteta-do-mundo\/#primaryimage\",\"url\":\"https:\/\/jornalfatosenoticias.com.br\/wp-content\/uploads\/2021\/04\/marion-mahony.jpg\",\"contentUrl\":\"https:\/\/jornalfatosenoticias.com.br\/wp-content\/uploads\/2021\/04\/marion-mahony.jpg\",\"width\":1000,\"height\":761},{\"@type\":\"BreadcrumbList\",\"@id\":\"https:\/\/jornalfatosenoticias.com.br\/index.php\/2021\/04\/14\/marion-mahony-a-primeira-arquiteta-do-mundo\/#breadcrumb\",\"itemListElement\":[{\"@type\":\"ListItem\",\"position\":1,\"name\":\"In\u00edcio\",\"item\":\"https:\/\/jornalfatosenoticias.com.br\/\"},{\"@type\":\"ListItem\",\"position\":2,\"name\":\"Marion Mahony: a primeira arquiteta do mundo\"}]},{\"@type\":\"WebSite\",\"@id\":\"https:\/\/jornalfatosenoticias.com.br\/#website\",\"url\":\"https:\/\/jornalfatosenoticias.com.br\/\",\"name\":\"Jornal Fatos e Not\u00edcias\",\"description\":\"Not\u00edcias em geral\",\"publisher\":{\"@id\":\"https:\/\/jornalfatosenoticias.com.br\/#organization\"},\"potentialAction\":[{\"@type\":\"SearchAction\",\"target\":{\"@type\":\"EntryPoint\",\"urlTemplate\":\"https:\/\/jornalfatosenoticias.com.br\/?s={search_term_string}\"},\"query-input\":{\"@type\":\"PropertyValueSpecification\",\"valueRequired\":true,\"valueName\":\"search_term_string\"}}],\"inLanguage\":\"pt-BR\"},{\"@type\":\"Organization\",\"@id\":\"https:\/\/jornalfatosenoticias.com.br\/#organization\",\"name\":\"Jornal Fatos e Not\u00edcias\",\"url\":\"https:\/\/jornalfatosenoticias.com.br\/\",\"logo\":{\"@type\":\"ImageObject\",\"inLanguage\":\"pt-BR\",\"@id\":\"https:\/\/jornalfatosenoticias.com.br\/#\/schema\/logo\/image\/\",\"url\":\"https:\/\/jornalfatosenoticias.com.br\/wp-content\/uploads\/2020\/02\/logo120.png\",\"contentUrl\":\"https:\/\/jornalfatosenoticias.com.br\/wp-content\/uploads\/2020\/02\/logo120.png\",\"width\":1227,\"height\":120,\"caption\":\"Jornal Fatos e Not\u00edcias\"},\"image\":{\"@id\":\"https:\/\/jornalfatosenoticias.com.br\/#\/schema\/logo\/image\/\"}},{\"@type\":\"Person\",\"@id\":\"https:\/\/jornalfatosenoticias.com.br\/#\/schema\/person\/d63837fa13ac8666eb9e74e0985d6f81\",\"name\":\"Luzimara Fernandes\",\"image\":{\"@type\":\"ImageObject\",\"inLanguage\":\"pt-BR\",\"@id\":\"https:\/\/jornalfatosenoticias.com.br\/#\/schema\/person\/image\/\",\"url\":\"https:\/\/jornalfatosenoticias.com.br\/wp-content\/uploads\/2025\/05\/EU_portal.jpg\",\"contentUrl\":\"https:\/\/jornalfatosenoticias.com.br\/wp-content\/uploads\/2025\/05\/EU_portal.jpg\",\"caption\":\"Luzimara Fernandes\"},\"description\":\"Jornalista MTB 2358-ES\",\"sameAs\":[\"https:\/\/jornalfatosenoticias.com.br\"],\"url\":\"https:\/\/jornalfatosenoticias.com.br\/index.php\/author\/luzimara\/\"}]}<\/script>\n<!-- \/ Yoast SEO plugin. -->","yoast_head_json":{"title":"Marion Mahony: a primeira arquiteta do mundo - Jornal Fatos e Not\u00edcias","robots":{"index":"index","follow":"follow","max-snippet":"max-snippet:-1","max-image-preview":"max-image-preview:large","max-video-preview":"max-video-preview:-1"},"canonical":"https:\/\/jornalfatosenoticias.com.br\/index.php\/2021\/04\/14\/marion-mahony-a-primeira-arquiteta-do-mundo\/","og_locale":"pt_BR","og_type":"article","og_title":"Marion Mahony: a primeira arquiteta do mundo - Jornal Fatos e Not\u00edcias","og_description":"Um dos maiores nomes da arquitetura mundial ela foi esquecida pela hist\u00f3ria Nascida h\u00e1 150 anos, Marion Mahony Griffin foi um dos maiores nomes da arquitetura mundial, al\u00e9m de ser a primeira mulher a trabalhar como arquiteta no mundo. Embora sua obra seja amplamente conhecida, principalmente na Am\u00e9rica e na Austr\u00e1lia, a mulher que executou [&hellip;]","og_url":"https:\/\/jornalfatosenoticias.com.br\/index.php\/2021\/04\/14\/marion-mahony-a-primeira-arquiteta-do-mundo\/","og_site_name":"Jornal Fatos e Not\u00edcias","article_published_time":"2021-04-14T17:27:25+00:00","article_modified_time":"2021-04-14T17:27:29+00:00","og_image":[{"width":1000,"height":761,"url":"https:\/\/jornalfatosenoticias.com.br\/wp-content\/uploads\/2021\/04\/marion-mahony.jpg","type":"image\/jpeg"}],"author":"Luzimara Fernandes","twitter_card":"summary_large_image","twitter_misc":{"Escrito por":"Luzimara Fernandes","Est. tempo de leitura":"2 minutos"},"schema":{"@context":"https:\/\/schema.org","@graph":[{"@type":"Article","@id":"https:\/\/jornalfatosenoticias.com.br\/index.php\/2021\/04\/14\/marion-mahony-a-primeira-arquiteta-do-mundo\/#article","isPartOf":{"@id":"https:\/\/jornalfatosenoticias.com.br\/index.php\/2021\/04\/14\/marion-mahony-a-primeira-arquiteta-do-mundo\/"},"author":{"name":"Luzimara Fernandes","@id":"https:\/\/jornalfatosenoticias.com.br\/#\/schema\/person\/d63837fa13ac8666eb9e74e0985d6f81"},"headline":"Marion Mahony: a primeira arquiteta do mundo","datePublished":"2021-04-14T17:27:25+00:00","dateModified":"2021-04-14T17:27:29+00:00","mainEntityOfPage":{"@id":"https:\/\/jornalfatosenoticias.com.br\/index.php\/2021\/04\/14\/marion-mahony-a-primeira-arquiteta-do-mundo\/"},"wordCount":409,"commentCount":0,"publisher":{"@id":"https:\/\/jornalfatosenoticias.com.br\/#organization"},"image":{"@id":"https:\/\/jornalfatosenoticias.com.br\/index.php\/2021\/04\/14\/marion-mahony-a-primeira-arquiteta-do-mundo\/#primaryimage"},"thumbnailUrl":"https:\/\/jornalfatosenoticias.com.br\/wp-content\/uploads\/2021\/04\/marion-mahony.jpg","keywords":["arquitetura","engenharia","Marion Mahony","mulher","personalidade"],"articleSection":["Geral"],"inLanguage":"pt-BR","potentialAction":[{"@type":"CommentAction","name":"Comment","target":["https:\/\/jornalfatosenoticias.com.br\/index.php\/2021\/04\/14\/marion-mahony-a-primeira-arquiteta-do-mundo\/#respond"]}]},{"@type":"WebPage","@id":"https:\/\/jornalfatosenoticias.com.br\/index.php\/2021\/04\/14\/marion-mahony-a-primeira-arquiteta-do-mundo\/","url":"https:\/\/jornalfatosenoticias.com.br\/index.php\/2021\/04\/14\/marion-mahony-a-primeira-arquiteta-do-mundo\/","name":"Marion Mahony: a primeira arquiteta do mundo - Jornal Fatos e Not\u00edcias","isPartOf":{"@id":"https:\/\/jornalfatosenoticias.com.br\/#website"},"primaryImageOfPage":{"@id":"https:\/\/jornalfatosenoticias.com.br\/index.php\/2021\/04\/14\/marion-mahony-a-primeira-arquiteta-do-mundo\/#primaryimage"},"image":{"@id":"https:\/\/jornalfatosenoticias.com.br\/index.php\/2021\/04\/14\/marion-mahony-a-primeira-arquiteta-do-mundo\/#primaryimage"},"thumbnailUrl":"https:\/\/jornalfatosenoticias.com.br\/wp-content\/uploads\/2021\/04\/marion-mahony.jpg","datePublished":"2021-04-14T17:27:25+00:00","dateModified":"2021-04-14T17:27:29+00:00","breadcrumb":{"@id":"https:\/\/jornalfatosenoticias.com.br\/index.php\/2021\/04\/14\/marion-mahony-a-primeira-arquiteta-do-mundo\/#breadcrumb"},"inLanguage":"pt-BR","potentialAction":[{"@type":"ReadAction","target":["https:\/\/jornalfatosenoticias.com.br\/index.php\/2021\/04\/14\/marion-mahony-a-primeira-arquiteta-do-mundo\/"]}]},{"@type":"ImageObject","inLanguage":"pt-BR","@id":"https:\/\/jornalfatosenoticias.com.br\/index.php\/2021\/04\/14\/marion-mahony-a-primeira-arquiteta-do-mundo\/#primaryimage","url":"https:\/\/jornalfatosenoticias.com.br\/wp-content\/uploads\/2021\/04\/marion-mahony.jpg","contentUrl":"https:\/\/jornalfatosenoticias.com.br\/wp-content\/uploads\/2021\/04\/marion-mahony.jpg","width":1000,"height":761},{"@type":"BreadcrumbList","@id":"https:\/\/jornalfatosenoticias.com.br\/index.php\/2021\/04\/14\/marion-mahony-a-primeira-arquiteta-do-mundo\/#breadcrumb","itemListElement":[{"@type":"ListItem","position":1,"name":"In\u00edcio","item":"https:\/\/jornalfatosenoticias.com.br\/"},{"@type":"ListItem","position":2,"name":"Marion Mahony: a primeira arquiteta do mundo"}]},{"@type":"WebSite","@id":"https:\/\/jornalfatosenoticias.com.br\/#website","url":"https:\/\/jornalfatosenoticias.com.br\/","name":"Jornal Fatos e Not\u00edcias","description":"Not\u00edcias em geral","publisher":{"@id":"https:\/\/jornalfatosenoticias.com.br\/#organization"},"potentialAction":[{"@type":"SearchAction","target":{"@type":"EntryPoint","urlTemplate":"https:\/\/jornalfatosenoticias.com.br\/?s={search_term_string}"},"query-input":{"@type":"PropertyValueSpecification","valueRequired":true,"valueName":"search_term_string"}}],"inLanguage":"pt-BR"},{"@type":"Organization","@id":"https:\/\/jornalfatosenoticias.com.br\/#organization","name":"Jornal Fatos e Not\u00edcias","url":"https:\/\/jornalfatosenoticias.com.br\/","logo":{"@type":"ImageObject","inLanguage":"pt-BR","@id":"https:\/\/jornalfatosenoticias.com.br\/#\/schema\/logo\/image\/","url":"https:\/\/jornalfatosenoticias.com.br\/wp-content\/uploads\/2020\/02\/logo120.png","contentUrl":"https:\/\/jornalfatosenoticias.com.br\/wp-content\/uploads\/2020\/02\/logo120.png","width":1227,"height":120,"caption":"Jornal Fatos e Not\u00edcias"},"image":{"@id":"https:\/\/jornalfatosenoticias.com.br\/#\/schema\/logo\/image\/"}},{"@type":"Person","@id":"https:\/\/jornalfatosenoticias.com.br\/#\/schema\/person\/d63837fa13ac8666eb9e74e0985d6f81","name":"Luzimara Fernandes","image":{"@type":"ImageObject","inLanguage":"pt-BR","@id":"https:\/\/jornalfatosenoticias.com.br\/#\/schema\/person\/image\/","url":"https:\/\/jornalfatosenoticias.com.br\/wp-content\/uploads\/2025\/05\/EU_portal.jpg","contentUrl":"https:\/\/jornalfatosenoticias.com.br\/wp-content\/uploads\/2025\/05\/EU_portal.jpg","caption":"Luzimara Fernandes"},"description":"Jornalista MTB 2358-ES","sameAs":["https:\/\/jornalfatosenoticias.com.br"],"url":"https:\/\/jornalfatosenoticias.com.br\/index.php\/author\/luzimara\/"}]}},"cc_featured_image_caption":{"caption_text":"Marion (Foto: Messy Nessy Chic)","source_text":"","source_url":""},"jetpack_featured_media_url":"https:\/\/jornalfatosenoticias.com.br\/wp-content\/uploads\/2021\/04\/marion-mahony.jpg","_links":{"self":[{"href":"https:\/\/jornalfatosenoticias.com.br\/index.php\/wp-json\/wp\/v2\/posts\/16999","targetHints":{"allow":["GET"]}}],"collection":[{"href":"https:\/\/jornalfatosenoticias.com.br\/index.php\/wp-json\/wp\/v2\/posts"}],"about":[{"href":"https:\/\/jornalfatosenoticias.com.br\/index.php\/wp-json\/wp\/v2\/types\/post"}],"author":[{"embeddable":true,"href":"https:\/\/jornalfatosenoticias.com.br\/index.php\/wp-json\/wp\/v2\/users\/2"}],"replies":[{"embeddable":true,"href":"https:\/\/jornalfatosenoticias.com.br\/index.php\/wp-json\/wp\/v2\/comments?post=16999"}],"version-history":[{"count":0,"href":"https:\/\/jornalfatosenoticias.com.br\/index.php\/wp-json\/wp\/v2\/posts\/16999\/revisions"}],"wp:featuredmedia":[{"embeddable":true,"href":"https:\/\/jornalfatosenoticias.com.br\/index.php\/wp-json\/wp\/v2\/media\/17003"}],"wp:attachment":[{"href":"https:\/\/jornalfatosenoticias.com.br\/index.php\/wp-json\/wp\/v2\/media?parent=16999"}],"wp:term":[{"taxonomy":"category","embeddable":true,"href":"https:\/\/jornalfatosenoticias.com.br\/index.php\/wp-json\/wp\/v2\/categories?post=16999"},{"taxonomy":"post_tag","embeddable":true,"href":"https:\/\/jornalfatosenoticias.com.br\/index.php\/wp-json\/wp\/v2\/tags?post=16999"}],"curies":[{"name":"wp","href":"https:\/\/api.w.org\/{rel}","templated":true}]}}