{"id":17009,"date":"2021-04-15T14:51:52","date_gmt":"2021-04-15T17:51:52","guid":{"rendered":"https:\/\/jornalfatosenoticias.com.br\/?p=17009"},"modified":"2021-04-15T14:51:56","modified_gmt":"2021-04-15T17:51:56","slug":"violencia-contra-a-mulher-e-a-crianca-suas-diversas-formas-cada-vez-mais-naturalizadas-parte-iii","status":"publish","type":"post","link":"https:\/\/jornalfatosenoticias.com.br\/index.php\/2021\/04\/15\/violencia-contra-a-mulher-e-a-crianca-suas-diversas-formas-cada-vez-mais-naturalizadas-parte-iii\/","title":{"rendered":"Viol\u00eancia contra a Mulher e a Crian\u00e7a. Suas diversas formas cada vez mais naturalizadas \u2014 Parte III"},"content":{"rendered":"\n<p>O Sofisma que d\u00e1 sustenta\u00e7\u00e3o \u00e0 alega\u00e7\u00e3o da fal\u00e1cia de aliena\u00e7\u00e3o parental, \u00e9 ainda revestido de algum toque de Ci\u00eancia, quando usa o racioc\u00ednio dedutivo. O Silogismo \u00e9 uma figura do pensamento cient\u00edfico que, partindo de uma premissa maior, seguida de uma premissa menor, leva \u00e0 conclus\u00e3o, por uma dedu\u00e7\u00e3o l\u00f3gica. Ocorre que o termo aliena\u00e7\u00e3o parental surge como conclus\u00e3o de duas premissas de abuso sexual, ou seja:<\/p>\n\n\n\n<ol class=\"wp-block-list\"><li><strong>Premissa Maior:<\/strong> houve uma den\u00fancia de abuso sexual contra uma crian\u00e7a,<\/li><li><strong>Premissa Menor: <\/strong>n\u00e3o se logrou prova material suficiente,<\/li><li><strong>Conclus\u00e3o:<\/strong> Logo, \u00e9 aliena\u00e7\u00e3o parental.<\/li><\/ol>\n\n\n\n<p>Temos, portanto um esbo\u00e7o de Silogismo que tenta trazer l\u00f3gica para o il\u00f3gico. Mas, \u00e9 o Sofisma que induz ao erro, cumprindo sua fun\u00e7\u00e3o essencial, levar o il\u00f3gico \u00e0 uma ambi\u00eancia ilus\u00f3ria de l\u00f3gica, de verdade. N\u00e3o ter a materialidade em casos de abuso sexual intrafamiliar, n\u00e3o pode transformar uma den\u00fancia de viol\u00eancia contra a crian\u00e7a em tema de conflito dos pais. E, aquilo que era o objeto da alega\u00e7\u00e3o, aliena\u00e7\u00e3o parental, o dificultar a conviv\u00eancia com o pai, se torna a puni\u00e7\u00e3o do Estado contra a m\u00e3e, e a crian\u00e7a, claro, obrigando m\u00e3e e filho(a) a viverem afastados completamente. \u00c9 determinada pelo Estado a Priva\u00e7\u00e3o Materna Judicial. Onde ficou a l\u00f3gica nesta invers\u00e3o de fatos?<br>Esta \u00e9 a Viol\u00eancia Institucional que deveria estar listada na Lei Maria da Penha. A Priva\u00e7\u00e3o Materna Judicial como consequ\u00eancia da puni\u00e7\u00e3o dada a cada m\u00e3e denunciante de crimes contra a crian\u00e7a sob a alcunha de aliena\u00e7\u00e3o parental, \u00e9 aniquiladora enquanto forma refinada de tortura de mulher e de crian\u00e7a. \u00c9 invis\u00edvel. O segredo de justi\u00e7a garante. N\u00e3o aparece o sangue concreto. A alma sangra transparente, aos pouquinhos, at\u00e9 escorrer a \u00faltima gota de esperan\u00e7a e dignidade.<br>Essa Viol\u00eancia Institucional tem todos os ingredientes de desastre social dentro de alguns anos. Essas crian\u00e7as crescem. E, mesmo esmagadas pela injusti\u00e7a e pela dor da perda da m\u00e3e, obrigadas \u00e0 conviv\u00eancia continuada com o seu algoz, elas podem vir a ser um peso social pelo padr\u00e3o de submiss\u00e3o absoluta a um predador, ou ao contr\u00e1rio, podem vir a permitir que a revolta que tiveram que sufocar, saia e fa\u00e7a estragos.<br>A tortura feminina por excel\u00eancia durante o Holocausto que teve esse t\u00edtulo da maior efic\u00e1cia, acontecia, exatamente, assim como acontece com a aplica\u00e7\u00e3o da lei de aliena\u00e7\u00e3o parental. Nos campos de concentra\u00e7\u00e3o, eram arrancadas as crian\u00e7as dos bra\u00e7os de suas m\u00e3es. Como \u00e9 feito hoje, entre n\u00f3s, as \u201cbuscas e pris\u00f5es\u201d, (o termo t\u00e9cnico \u00e9 apreens\u00f5es, mas s\u00e3o pris\u00f5es de crian\u00e7as), pelos PMs que invadem casas e arrancam crian\u00e7as aos gritos desesperados, como se fossem uma TV que a m\u00e3e ficou devendo a presta\u00e7\u00e3o na loja. Interessante que \u201cbusca e apreens\u00e3o\u201d \u00e9 uma figura aplicada a objetos, computadores, celulares HDs, e crian\u00e7as. Algo est\u00e1 errado.<br>Em caso recente que ainda goza de espa\u00e7o na m\u00eddia pelas torturas e pelos horrores praticados contra uma crian\u00e7a em sua vulnerabilidade, al\u00e9m de muito fr\u00e1gil, constatamos que o Poder de alguns mantem a Lei dentro da m\u00e3o em punho amea\u00e7ador. Efic\u00e1cia tamb\u00e9m para quem det\u00e9m esse Poder. Como explicar o sil\u00eancio conivente de v\u00e1rias pessoas, m\u00e3e, bab\u00e1, cozinheira, av\u00f3, tia, vizinhos. Muitos vizinhos. Pai tamb\u00e9m atingido pelo medo e amea\u00e7a de alega\u00e7\u00e3o de aliena\u00e7\u00e3o parental. E como explicar o ato Institucional de silenciar uma den\u00fancia anterior de Viol\u00eancia Dom\u00e9stica, quando esse crime \u00e9 incondicional? De Dom\u00ednio P\u00fablico, o crime de Viol\u00eancia Dom\u00e9stica segue, independente de ser retirada a queixa ou n\u00e3o. Ele pertence ao Minist\u00e9rio P\u00fablico. Mas o que houve para ser arquivado, como tantos e tantos outros, sem o t\u00e9rmino da investiga\u00e7\u00e3o e a senten\u00e7a de um juiz?<br>A Viol\u00eancia Vic\u00e1ria, do latim vicarius, que quer dizer substituto, suplente, que faz o trabalho de outra coisa ou pessoa, que teve o poder outorgado por procura\u00e7\u00e3o. \u201cEu n\u00e3o preciso lhe matar, voc\u00ea vai se suicidar.\u201d \u201cVou s\u00f3 levar voc\u00ea ao seu suic\u00eddio, mas n\u00e3o vou tocar em voc\u00ea\u201d. Talvez essa seja a forma de viol\u00eancia mais eficaz para a garantia da desresponsabiliza\u00e7\u00e3o. A m\u00e3e do Bernardo pode ter sido induzida ao suic\u00eddio, por Viol\u00eancia Vic\u00e1ria. Outras m\u00e3es alcunhadas de \u201calienadoras\u201d que foram submetidas \u00e0 PMJ, Priva\u00e7\u00e3o Materna Judicial, sucumbiram ao suic\u00eddio. N\u00e3o vamos citar nomes por uma quest\u00e3o de respeito a elas e a suas crian\u00e7as.<\/p>\n\n\n\n<figure class=\"wp-block-image size-large\"><img loading=\"lazy\" decoding=\"async\" width=\"1000\" height=\"666\" src=\"https:\/\/jornalfatosenoticias.com.br\/wp-content\/uploads\/2021\/04\/vilencia-contra-crianca.jpg\" alt=\"\" class=\"wp-image-17010\" srcset=\"https:\/\/jornalfatosenoticias.com.br\/wp-content\/uploads\/2021\/04\/vilencia-contra-crianca.jpg 1000w, https:\/\/jornalfatosenoticias.com.br\/wp-content\/uploads\/2021\/04\/vilencia-contra-crianca-300x200.jpg 300w, https:\/\/jornalfatosenoticias.com.br\/wp-content\/uploads\/2021\/04\/vilencia-contra-crianca-768x511.jpg 768w\" sizes=\"auto, (max-width: 1000px) 100vw, 1000px\" \/><\/figure>\n\n\n\n<p>Viol\u00eancia Vic\u00e1ria: \u201cN\u00e3o toco em voc\u00ea. Eu lhe atinjo onde d\u00f3i mais em voc\u00ea\u201d. \u201cEu vou bater onde mais lhe d\u00f3i\u201d. O filho. A filha. \u201cE, ent\u00e3o, voc\u00ea enlouquece, falei que voc\u00ea era louca!\u201d E retornamos, de maneira camuflada e legalizada, \u00e0 classifica\u00e7\u00e3o de melhor tortura feminina, resultado de pesquisas nos laborat\u00f3rios humanos do Holocausto. Aqui tamb\u00e9m a morte \u00e9 seca. N\u00e3o derrama sangue vis\u00edvel. \u00c9 o sangue da alma que se esvai.<br>A nova Lei 14.132\/2021, recentemente sancionada, de combate ao crime de persegui\u00e7\u00e3o, \u201cstalking\u201d, comportamento que pode estar a servi\u00e7o da uma vers\u00e3o da Viol\u00eancia Vic\u00e1ria. Uma persegui\u00e7\u00e3o que enlouquece, corroborando aquele preconceito de que sendo mulher, \u00e9 louca. N\u00e3o sei como essa nova lei vai se fazer valer, se marcas roxas, fraturas e estupros, n\u00e3o s\u00e3o considerados, e seguem conhecidos e impunes.<br>O que precisamos pensar \u00e9 que a combina\u00e7\u00e3o da Viol\u00eancia \u201cpor procura\u00e7\u00e3o\u201d, invis\u00edvel a olhos nus e despreparados, com a lei de aliena\u00e7\u00e3o parental constitui um lastro para a viol\u00eancia institucional de dimens\u00f5es que comprometem toda uma sociedade, j\u00e1 bastante precarizada pela Cultura da Misoginia. Faz-se necess\u00e1rio pensar uma maneira de dizer n\u00e3o \u00e0 utiliza\u00e7\u00e3o vic\u00e1ria da mulher\/m\u00e3e. Dizer n\u00e3o \u00e0 ordem judicial de torturar o filho, a filha, como capanga de algu\u00e9m inconformado e submerso em perversidade.<\/p>\n","protected":false},"excerpt":{"rendered":"<p>O Sofisma que d\u00e1 sustenta\u00e7\u00e3o \u00e0 alega\u00e7\u00e3o da fal\u00e1cia de aliena\u00e7\u00e3o parental, \u00e9 ainda revestido de algum toque de Ci\u00eancia, quando usa o racioc\u00ednio dedutivo. O Silogismo \u00e9 uma figura do pensamento cient\u00edfico que, partindo de uma premissa maior, seguida de uma premissa menor, leva \u00e0 conclus\u00e3o, por uma dedu\u00e7\u00e3o l\u00f3gica. Ocorre que o termo [&hellip;]<\/p>\n","protected":false},"author":8,"featured_media":17011,"comment_status":"open","ping_status":"open","sticky":false,"template":"","format":"standard","meta":{"footnotes":""},"categories":[2522],"tags":[4298,1345,327,1041],"class_list":["post-17009","post","type-post","status-publish","format-standard","has-post-thumbnail","hentry","category-comportamento","tag-alienacao-parental","tag-justica","tag-violencia-contra-a-mulher","tag-violencia-domestica"],"yoast_head":"<!-- This site is optimized with the Yoast SEO plugin v26.5 - https:\/\/yoast.com\/wordpress\/plugins\/seo\/ -->\n<title>Viol\u00eancia contra a Mulher e a Crian\u00e7a. Suas diversas formas cada vez mais naturalizadas \u2014 Parte III - Jornal Fatos e Not\u00edcias<\/title>\n<meta name=\"robots\" content=\"index, follow, max-snippet:-1, max-image-preview:large, max-video-preview:-1\" \/>\n<link rel=\"canonical\" href=\"https:\/\/jornalfatosenoticias.com.br\/index.php\/2021\/04\/15\/violencia-contra-a-mulher-e-a-crianca-suas-diversas-formas-cada-vez-mais-naturalizadas-parte-iii\/\" \/>\n<meta property=\"og:locale\" content=\"pt_BR\" \/>\n<meta property=\"og:type\" content=\"article\" \/>\n<meta property=\"og:title\" content=\"Viol\u00eancia contra a Mulher e a Crian\u00e7a. Suas diversas formas cada vez mais naturalizadas \u2014 Parte III - Jornal Fatos e Not\u00edcias\" \/>\n<meta property=\"og:description\" content=\"O Sofisma que d\u00e1 sustenta\u00e7\u00e3o \u00e0 alega\u00e7\u00e3o da fal\u00e1cia de aliena\u00e7\u00e3o parental, \u00e9 ainda revestido de algum toque de Ci\u00eancia, quando usa o racioc\u00ednio dedutivo. O Silogismo \u00e9 uma figura do pensamento cient\u00edfico que, partindo de uma premissa maior, seguida de uma premissa menor, leva \u00e0 conclus\u00e3o, por uma dedu\u00e7\u00e3o l\u00f3gica. Ocorre que o termo [&hellip;]\" \/>\n<meta property=\"og:url\" content=\"https:\/\/jornalfatosenoticias.com.br\/index.php\/2021\/04\/15\/violencia-contra-a-mulher-e-a-crianca-suas-diversas-formas-cada-vez-mais-naturalizadas-parte-iii\/\" \/>\n<meta property=\"og:site_name\" content=\"Jornal Fatos e Not\u00edcias\" \/>\n<meta property=\"article:published_time\" content=\"2021-04-15T17:51:52+00:00\" \/>\n<meta property=\"article:modified_time\" content=\"2021-04-15T17:51:56+00:00\" \/>\n<meta property=\"og:image\" content=\"https:\/\/jornalfatosenoticias.com.br\/wp-content\/uploads\/2021\/04\/selo_feminicidio.jpg\" \/>\n\t<meta property=\"og:image:width\" content=\"1000\" \/>\n\t<meta property=\"og:image:height\" content=\"557\" \/>\n\t<meta property=\"og:image:type\" content=\"image\/jpeg\" \/>\n<meta name=\"author\" content=\"Ana Maria Iencarelli\" \/>\n<meta name=\"twitter:card\" content=\"summary_large_image\" \/>\n<meta name=\"twitter:label1\" content=\"Escrito por\" \/>\n\t<meta name=\"twitter:data1\" content=\"Ana Maria Iencarelli\" \/>\n\t<meta name=\"twitter:label2\" content=\"Est. tempo de leitura\" \/>\n\t<meta name=\"twitter:data2\" content=\"5 minutos\" \/>\n<script type=\"application\/ld+json\" class=\"yoast-schema-graph\">{\"@context\":\"https:\/\/schema.org\",\"@graph\":[{\"@type\":\"Article\",\"@id\":\"https:\/\/jornalfatosenoticias.com.br\/index.php\/2021\/04\/15\/violencia-contra-a-mulher-e-a-crianca-suas-diversas-formas-cada-vez-mais-naturalizadas-parte-iii\/#article\",\"isPartOf\":{\"@id\":\"https:\/\/jornalfatosenoticias.com.br\/index.php\/2021\/04\/15\/violencia-contra-a-mulher-e-a-crianca-suas-diversas-formas-cada-vez-mais-naturalizadas-parte-iii\/\"},\"author\":{\"name\":\"Ana Maria Iencarelli\",\"@id\":\"https:\/\/jornalfatosenoticias.com.br\/#\/schema\/person\/c33fcf5fb02d729d3fec92c6737a22d1\"},\"headline\":\"Viol\u00eancia contra a Mulher e a Crian\u00e7a. Suas diversas formas cada vez mais naturalizadas \u2014 Parte III\",\"datePublished\":\"2021-04-15T17:51:52+00:00\",\"dateModified\":\"2021-04-15T17:51:56+00:00\",\"mainEntityOfPage\":{\"@id\":\"https:\/\/jornalfatosenoticias.com.br\/index.php\/2021\/04\/15\/violencia-contra-a-mulher-e-a-crianca-suas-diversas-formas-cada-vez-mais-naturalizadas-parte-iii\/\"},\"wordCount\":1080,\"commentCount\":0,\"publisher\":{\"@id\":\"https:\/\/jornalfatosenoticias.com.br\/#organization\"},\"image\":{\"@id\":\"https:\/\/jornalfatosenoticias.com.br\/index.php\/2021\/04\/15\/violencia-contra-a-mulher-e-a-crianca-suas-diversas-formas-cada-vez-mais-naturalizadas-parte-iii\/#primaryimage\"},\"thumbnailUrl\":\"https:\/\/jornalfatosenoticias.com.br\/wp-content\/uploads\/2021\/04\/selo_feminicidio.jpg\",\"keywords\":[\"aliena\u00e7\u00e3o parental\",\"justi\u00e7a\",\"viol\u00eancia contra a mulher\",\"viol\u00eancia dom\u00e9stica\"],\"articleSection\":[\"Comportamento &amp; Equil\u00edbrio\"],\"inLanguage\":\"pt-BR\",\"potentialAction\":[{\"@type\":\"CommentAction\",\"name\":\"Comment\",\"target\":[\"https:\/\/jornalfatosenoticias.com.br\/index.php\/2021\/04\/15\/violencia-contra-a-mulher-e-a-crianca-suas-diversas-formas-cada-vez-mais-naturalizadas-parte-iii\/#respond\"]}]},{\"@type\":\"WebPage\",\"@id\":\"https:\/\/jornalfatosenoticias.com.br\/index.php\/2021\/04\/15\/violencia-contra-a-mulher-e-a-crianca-suas-diversas-formas-cada-vez-mais-naturalizadas-parte-iii\/\",\"url\":\"https:\/\/jornalfatosenoticias.com.br\/index.php\/2021\/04\/15\/violencia-contra-a-mulher-e-a-crianca-suas-diversas-formas-cada-vez-mais-naturalizadas-parte-iii\/\",\"name\":\"Viol\u00eancia contra a Mulher e a Crian\u00e7a. Suas diversas formas cada vez mais naturalizadas \u2014 Parte III - Jornal Fatos e Not\u00edcias\",\"isPartOf\":{\"@id\":\"https:\/\/jornalfatosenoticias.com.br\/#website\"},\"primaryImageOfPage\":{\"@id\":\"https:\/\/jornalfatosenoticias.com.br\/index.php\/2021\/04\/15\/violencia-contra-a-mulher-e-a-crianca-suas-diversas-formas-cada-vez-mais-naturalizadas-parte-iii\/#primaryimage\"},\"image\":{\"@id\":\"https:\/\/jornalfatosenoticias.com.br\/index.php\/2021\/04\/15\/violencia-contra-a-mulher-e-a-crianca-suas-diversas-formas-cada-vez-mais-naturalizadas-parte-iii\/#primaryimage\"},\"thumbnailUrl\":\"https:\/\/jornalfatosenoticias.com.br\/wp-content\/uploads\/2021\/04\/selo_feminicidio.jpg\",\"datePublished\":\"2021-04-15T17:51:52+00:00\",\"dateModified\":\"2021-04-15T17:51:56+00:00\",\"breadcrumb\":{\"@id\":\"https:\/\/jornalfatosenoticias.com.br\/index.php\/2021\/04\/15\/violencia-contra-a-mulher-e-a-crianca-suas-diversas-formas-cada-vez-mais-naturalizadas-parte-iii\/#breadcrumb\"},\"inLanguage\":\"pt-BR\",\"potentialAction\":[{\"@type\":\"ReadAction\",\"target\":[\"https:\/\/jornalfatosenoticias.com.br\/index.php\/2021\/04\/15\/violencia-contra-a-mulher-e-a-crianca-suas-diversas-formas-cada-vez-mais-naturalizadas-parte-iii\/\"]}]},{\"@type\":\"ImageObject\",\"inLanguage\":\"pt-BR\",\"@id\":\"https:\/\/jornalfatosenoticias.com.br\/index.php\/2021\/04\/15\/violencia-contra-a-mulher-e-a-crianca-suas-diversas-formas-cada-vez-mais-naturalizadas-parte-iii\/#primaryimage\",\"url\":\"https:\/\/jornalfatosenoticias.com.br\/wp-content\/uploads\/2021\/04\/selo_feminicidio.jpg\",\"contentUrl\":\"https:\/\/jornalfatosenoticias.com.br\/wp-content\/uploads\/2021\/04\/selo_feminicidio.jpg\",\"width\":1000,\"height\":557},{\"@type\":\"BreadcrumbList\",\"@id\":\"https:\/\/jornalfatosenoticias.com.br\/index.php\/2021\/04\/15\/violencia-contra-a-mulher-e-a-crianca-suas-diversas-formas-cada-vez-mais-naturalizadas-parte-iii\/#breadcrumb\",\"itemListElement\":[{\"@type\":\"ListItem\",\"position\":1,\"name\":\"In\u00edcio\",\"item\":\"https:\/\/jornalfatosenoticias.com.br\/\"},{\"@type\":\"ListItem\",\"position\":2,\"name\":\"Viol\u00eancia contra a Mulher e a Crian\u00e7a. Suas diversas formas cada vez mais naturalizadas \u2014 Parte III\"}]},{\"@type\":\"WebSite\",\"@id\":\"https:\/\/jornalfatosenoticias.com.br\/#website\",\"url\":\"https:\/\/jornalfatosenoticias.com.br\/\",\"name\":\"Jornal Fatos e Not\u00edcias\",\"description\":\"Not\u00edcias em geral\",\"publisher\":{\"@id\":\"https:\/\/jornalfatosenoticias.com.br\/#organization\"},\"potentialAction\":[{\"@type\":\"SearchAction\",\"target\":{\"@type\":\"EntryPoint\",\"urlTemplate\":\"https:\/\/jornalfatosenoticias.com.br\/?s={search_term_string}\"},\"query-input\":{\"@type\":\"PropertyValueSpecification\",\"valueRequired\":true,\"valueName\":\"search_term_string\"}}],\"inLanguage\":\"pt-BR\"},{\"@type\":\"Organization\",\"@id\":\"https:\/\/jornalfatosenoticias.com.br\/#organization\",\"name\":\"Jornal Fatos e Not\u00edcias\",\"url\":\"https:\/\/jornalfatosenoticias.com.br\/\",\"logo\":{\"@type\":\"ImageObject\",\"inLanguage\":\"pt-BR\",\"@id\":\"https:\/\/jornalfatosenoticias.com.br\/#\/schema\/logo\/image\/\",\"url\":\"https:\/\/jornalfatosenoticias.com.br\/wp-content\/uploads\/2020\/02\/logo120.png\",\"contentUrl\":\"https:\/\/jornalfatosenoticias.com.br\/wp-content\/uploads\/2020\/02\/logo120.png\",\"width\":1227,\"height\":120,\"caption\":\"Jornal Fatos e Not\u00edcias\"},\"image\":{\"@id\":\"https:\/\/jornalfatosenoticias.com.br\/#\/schema\/logo\/image\/\"}},{\"@type\":\"Person\",\"@id\":\"https:\/\/jornalfatosenoticias.com.br\/#\/schema\/person\/c33fcf5fb02d729d3fec92c6737a22d1\",\"name\":\"Ana Maria Iencarelli\",\"image\":{\"@type\":\"ImageObject\",\"inLanguage\":\"pt-BR\",\"@id\":\"https:\/\/jornalfatosenoticias.com.br\/#\/schema\/person\/image\/\",\"url\":\"https:\/\/jornalfatosenoticias.com.br\/wp-content\/uploads\/2020\/02\/Ana-Maria-Iencarelli-1-150x150.jpg\",\"contentUrl\":\"https:\/\/jornalfatosenoticias.com.br\/wp-content\/uploads\/2020\/02\/Ana-Maria-Iencarelli-1-150x150.jpg\",\"caption\":\"Ana Maria Iencarelli\"},\"description\":\"Psicanalista Cl\u00ednica, especializada no atendimento a Crian\u00e7as e Adolescentes. Presidente da ONG Vozes de Anjos.\",\"url\":\"https:\/\/jornalfatosenoticias.com.br\/index.php\/author\/anamaria\/\"}]}<\/script>\n<!-- \/ Yoast SEO plugin. -->","yoast_head_json":{"title":"Viol\u00eancia contra a Mulher e a Crian\u00e7a. Suas diversas formas cada vez mais naturalizadas \u2014 Parte III - Jornal Fatos e Not\u00edcias","robots":{"index":"index","follow":"follow","max-snippet":"max-snippet:-1","max-image-preview":"max-image-preview:large","max-video-preview":"max-video-preview:-1"},"canonical":"https:\/\/jornalfatosenoticias.com.br\/index.php\/2021\/04\/15\/violencia-contra-a-mulher-e-a-crianca-suas-diversas-formas-cada-vez-mais-naturalizadas-parte-iii\/","og_locale":"pt_BR","og_type":"article","og_title":"Viol\u00eancia contra a Mulher e a Crian\u00e7a. Suas diversas formas cada vez mais naturalizadas \u2014 Parte III - Jornal Fatos e Not\u00edcias","og_description":"O Sofisma que d\u00e1 sustenta\u00e7\u00e3o \u00e0 alega\u00e7\u00e3o da fal\u00e1cia de aliena\u00e7\u00e3o parental, \u00e9 ainda revestido de algum toque de Ci\u00eancia, quando usa o racioc\u00ednio dedutivo. O Silogismo \u00e9 uma figura do pensamento cient\u00edfico que, partindo de uma premissa maior, seguida de uma premissa menor, leva \u00e0 conclus\u00e3o, por uma dedu\u00e7\u00e3o l\u00f3gica. Ocorre que o termo [&hellip;]","og_url":"https:\/\/jornalfatosenoticias.com.br\/index.php\/2021\/04\/15\/violencia-contra-a-mulher-e-a-crianca-suas-diversas-formas-cada-vez-mais-naturalizadas-parte-iii\/","og_site_name":"Jornal Fatos e Not\u00edcias","article_published_time":"2021-04-15T17:51:52+00:00","article_modified_time":"2021-04-15T17:51:56+00:00","og_image":[{"width":1000,"height":557,"url":"https:\/\/jornalfatosenoticias.com.br\/wp-content\/uploads\/2021\/04\/selo_feminicidio.jpg","type":"image\/jpeg"}],"author":"Ana Maria Iencarelli","twitter_card":"summary_large_image","twitter_misc":{"Escrito por":"Ana Maria Iencarelli","Est. tempo de leitura":"5 minutos"},"schema":{"@context":"https:\/\/schema.org","@graph":[{"@type":"Article","@id":"https:\/\/jornalfatosenoticias.com.br\/index.php\/2021\/04\/15\/violencia-contra-a-mulher-e-a-crianca-suas-diversas-formas-cada-vez-mais-naturalizadas-parte-iii\/#article","isPartOf":{"@id":"https:\/\/jornalfatosenoticias.com.br\/index.php\/2021\/04\/15\/violencia-contra-a-mulher-e-a-crianca-suas-diversas-formas-cada-vez-mais-naturalizadas-parte-iii\/"},"author":{"name":"Ana Maria Iencarelli","@id":"https:\/\/jornalfatosenoticias.com.br\/#\/schema\/person\/c33fcf5fb02d729d3fec92c6737a22d1"},"headline":"Viol\u00eancia contra a Mulher e a Crian\u00e7a. Suas diversas formas cada vez mais naturalizadas \u2014 Parte III","datePublished":"2021-04-15T17:51:52+00:00","dateModified":"2021-04-15T17:51:56+00:00","mainEntityOfPage":{"@id":"https:\/\/jornalfatosenoticias.com.br\/index.php\/2021\/04\/15\/violencia-contra-a-mulher-e-a-crianca-suas-diversas-formas-cada-vez-mais-naturalizadas-parte-iii\/"},"wordCount":1080,"commentCount":0,"publisher":{"@id":"https:\/\/jornalfatosenoticias.com.br\/#organization"},"image":{"@id":"https:\/\/jornalfatosenoticias.com.br\/index.php\/2021\/04\/15\/violencia-contra-a-mulher-e-a-crianca-suas-diversas-formas-cada-vez-mais-naturalizadas-parte-iii\/#primaryimage"},"thumbnailUrl":"https:\/\/jornalfatosenoticias.com.br\/wp-content\/uploads\/2021\/04\/selo_feminicidio.jpg","keywords":["aliena\u00e7\u00e3o parental","justi\u00e7a","viol\u00eancia contra a mulher","viol\u00eancia dom\u00e9stica"],"articleSection":["Comportamento &amp; Equil\u00edbrio"],"inLanguage":"pt-BR","potentialAction":[{"@type":"CommentAction","name":"Comment","target":["https:\/\/jornalfatosenoticias.com.br\/index.php\/2021\/04\/15\/violencia-contra-a-mulher-e-a-crianca-suas-diversas-formas-cada-vez-mais-naturalizadas-parte-iii\/#respond"]}]},{"@type":"WebPage","@id":"https:\/\/jornalfatosenoticias.com.br\/index.php\/2021\/04\/15\/violencia-contra-a-mulher-e-a-crianca-suas-diversas-formas-cada-vez-mais-naturalizadas-parte-iii\/","url":"https:\/\/jornalfatosenoticias.com.br\/index.php\/2021\/04\/15\/violencia-contra-a-mulher-e-a-crianca-suas-diversas-formas-cada-vez-mais-naturalizadas-parte-iii\/","name":"Viol\u00eancia contra a Mulher e a Crian\u00e7a. Suas diversas formas cada vez mais naturalizadas \u2014 Parte III - Jornal Fatos e Not\u00edcias","isPartOf":{"@id":"https:\/\/jornalfatosenoticias.com.br\/#website"},"primaryImageOfPage":{"@id":"https:\/\/jornalfatosenoticias.com.br\/index.php\/2021\/04\/15\/violencia-contra-a-mulher-e-a-crianca-suas-diversas-formas-cada-vez-mais-naturalizadas-parte-iii\/#primaryimage"},"image":{"@id":"https:\/\/jornalfatosenoticias.com.br\/index.php\/2021\/04\/15\/violencia-contra-a-mulher-e-a-crianca-suas-diversas-formas-cada-vez-mais-naturalizadas-parte-iii\/#primaryimage"},"thumbnailUrl":"https:\/\/jornalfatosenoticias.com.br\/wp-content\/uploads\/2021\/04\/selo_feminicidio.jpg","datePublished":"2021-04-15T17:51:52+00:00","dateModified":"2021-04-15T17:51:56+00:00","breadcrumb":{"@id":"https:\/\/jornalfatosenoticias.com.br\/index.php\/2021\/04\/15\/violencia-contra-a-mulher-e-a-crianca-suas-diversas-formas-cada-vez-mais-naturalizadas-parte-iii\/#breadcrumb"},"inLanguage":"pt-BR","potentialAction":[{"@type":"ReadAction","target":["https:\/\/jornalfatosenoticias.com.br\/index.php\/2021\/04\/15\/violencia-contra-a-mulher-e-a-crianca-suas-diversas-formas-cada-vez-mais-naturalizadas-parte-iii\/"]}]},{"@type":"ImageObject","inLanguage":"pt-BR","@id":"https:\/\/jornalfatosenoticias.com.br\/index.php\/2021\/04\/15\/violencia-contra-a-mulher-e-a-crianca-suas-diversas-formas-cada-vez-mais-naturalizadas-parte-iii\/#primaryimage","url":"https:\/\/jornalfatosenoticias.com.br\/wp-content\/uploads\/2021\/04\/selo_feminicidio.jpg","contentUrl":"https:\/\/jornalfatosenoticias.com.br\/wp-content\/uploads\/2021\/04\/selo_feminicidio.jpg","width":1000,"height":557},{"@type":"BreadcrumbList","@id":"https:\/\/jornalfatosenoticias.com.br\/index.php\/2021\/04\/15\/violencia-contra-a-mulher-e-a-crianca-suas-diversas-formas-cada-vez-mais-naturalizadas-parte-iii\/#breadcrumb","itemListElement":[{"@type":"ListItem","position":1,"name":"In\u00edcio","item":"https:\/\/jornalfatosenoticias.com.br\/"},{"@type":"ListItem","position":2,"name":"Viol\u00eancia contra a Mulher e a Crian\u00e7a. Suas diversas formas cada vez mais naturalizadas \u2014 Parte III"}]},{"@type":"WebSite","@id":"https:\/\/jornalfatosenoticias.com.br\/#website","url":"https:\/\/jornalfatosenoticias.com.br\/","name":"Jornal Fatos e Not\u00edcias","description":"Not\u00edcias em geral","publisher":{"@id":"https:\/\/jornalfatosenoticias.com.br\/#organization"},"potentialAction":[{"@type":"SearchAction","target":{"@type":"EntryPoint","urlTemplate":"https:\/\/jornalfatosenoticias.com.br\/?s={search_term_string}"},"query-input":{"@type":"PropertyValueSpecification","valueRequired":true,"valueName":"search_term_string"}}],"inLanguage":"pt-BR"},{"@type":"Organization","@id":"https:\/\/jornalfatosenoticias.com.br\/#organization","name":"Jornal Fatos e Not\u00edcias","url":"https:\/\/jornalfatosenoticias.com.br\/","logo":{"@type":"ImageObject","inLanguage":"pt-BR","@id":"https:\/\/jornalfatosenoticias.com.br\/#\/schema\/logo\/image\/","url":"https:\/\/jornalfatosenoticias.com.br\/wp-content\/uploads\/2020\/02\/logo120.png","contentUrl":"https:\/\/jornalfatosenoticias.com.br\/wp-content\/uploads\/2020\/02\/logo120.png","width":1227,"height":120,"caption":"Jornal Fatos e Not\u00edcias"},"image":{"@id":"https:\/\/jornalfatosenoticias.com.br\/#\/schema\/logo\/image\/"}},{"@type":"Person","@id":"https:\/\/jornalfatosenoticias.com.br\/#\/schema\/person\/c33fcf5fb02d729d3fec92c6737a22d1","name":"Ana Maria Iencarelli","image":{"@type":"ImageObject","inLanguage":"pt-BR","@id":"https:\/\/jornalfatosenoticias.com.br\/#\/schema\/person\/image\/","url":"https:\/\/jornalfatosenoticias.com.br\/wp-content\/uploads\/2020\/02\/Ana-Maria-Iencarelli-1-150x150.jpg","contentUrl":"https:\/\/jornalfatosenoticias.com.br\/wp-content\/uploads\/2020\/02\/Ana-Maria-Iencarelli-1-150x150.jpg","caption":"Ana Maria Iencarelli"},"description":"Psicanalista Cl\u00ednica, especializada no atendimento a Crian\u00e7as e Adolescentes. Presidente da ONG Vozes de Anjos.","url":"https:\/\/jornalfatosenoticias.com.br\/index.php\/author\/anamaria\/"}]}},"cc_featured_image_caption":{"caption_text":"(Foto: Editoria de Arte\/G1)","source_text":"","source_url":""},"jetpack_featured_media_url":"https:\/\/jornalfatosenoticias.com.br\/wp-content\/uploads\/2021\/04\/selo_feminicidio.jpg","_links":{"self":[{"href":"https:\/\/jornalfatosenoticias.com.br\/index.php\/wp-json\/wp\/v2\/posts\/17009","targetHints":{"allow":["GET"]}}],"collection":[{"href":"https:\/\/jornalfatosenoticias.com.br\/index.php\/wp-json\/wp\/v2\/posts"}],"about":[{"href":"https:\/\/jornalfatosenoticias.com.br\/index.php\/wp-json\/wp\/v2\/types\/post"}],"author":[{"embeddable":true,"href":"https:\/\/jornalfatosenoticias.com.br\/index.php\/wp-json\/wp\/v2\/users\/8"}],"replies":[{"embeddable":true,"href":"https:\/\/jornalfatosenoticias.com.br\/index.php\/wp-json\/wp\/v2\/comments?post=17009"}],"version-history":[{"count":0,"href":"https:\/\/jornalfatosenoticias.com.br\/index.php\/wp-json\/wp\/v2\/posts\/17009\/revisions"}],"wp:featuredmedia":[{"embeddable":true,"href":"https:\/\/jornalfatosenoticias.com.br\/index.php\/wp-json\/wp\/v2\/media\/17011"}],"wp:attachment":[{"href":"https:\/\/jornalfatosenoticias.com.br\/index.php\/wp-json\/wp\/v2\/media?parent=17009"}],"wp:term":[{"taxonomy":"category","embeddable":true,"href":"https:\/\/jornalfatosenoticias.com.br\/index.php\/wp-json\/wp\/v2\/categories?post=17009"},{"taxonomy":"post_tag","embeddable":true,"href":"https:\/\/jornalfatosenoticias.com.br\/index.php\/wp-json\/wp\/v2\/tags?post=17009"}],"curies":[{"name":"wp","href":"https:\/\/api.w.org\/{rel}","templated":true}]}}