{"id":17013,"date":"2021-04-15T14:57:29","date_gmt":"2021-04-15T17:57:29","guid":{"rendered":"https:\/\/jornalfatosenoticias.com.br\/?p=17013"},"modified":"2021-04-15T14:57:29","modified_gmt":"2021-04-15T17:57:29","slug":"lanche-pratico-e-saboroso-com-quiche-de-atum-com-queijo","status":"publish","type":"post","link":"https:\/\/jornalfatosenoticias.com.br\/index.php\/2021\/04\/15\/lanche-pratico-e-saboroso-com-quiche-de-atum-com-queijo\/","title":{"rendered":"Lanche pr\u00e1tico e saboroso com quiche de atum com queijo"},"content":{"rendered":"\n<p>A quiche de atum com queijo \u00e9 perfeita quando queremos um sabor diferente para nossas refei\u00e7\u00f5es! D\u00ea uma olhada na receita e fa\u00e7a para a fam\u00edlia!<\/p>\n\n\n\n<p><strong>Ingredientes<\/strong><br>4 x\u00edcaras (ch\u00e1) de farinha de trigo<br>2 ovos<br>4 colheres (sopa) de manteiga<br>\u00bd x\u00edcara (ch\u00e1) de leite (aproximadamente)<br>Margarina e farinha de trigo para untar<\/p>\n\n\n\n<p><strong>Recheio<br><\/strong>1 cebola picada<br>2 x\u00edcaras (ch\u00e1) de atum s\u00f3lido escorrido<br>2 tomates sem sementes picados<br>4 ovos<br>1 x\u00edcara (ch\u00e1) de queijo mu\u00e7arela ralado<br>1 x\u00edcara (ch\u00e1) de queijo parmes\u00e3o ralado<br>Sal e pimenta-do-reino a gosto<\/p>\n\n\n\n<p><strong>Modo de preparo<br><\/strong>Para o recheio, junte a cebola, o atum, o tomate, os ovos, a mu\u00e7arela, o parmes\u00e3o, tempere com sal, pimenta, misture e reserve. Em outra tigela, coloque a farinha de trigo, os ovos, a manteiga, o leite e misture at\u00e9 formar uma massa homog\u00eanea. Se necess\u00e1rio, adicione mais leite. Com a massa, forre o fundo e a lateral de uma f\u00f4rma de aro remov\u00edvel de 26 cm de di\u00e2metro, untada e enfarinhada. Cubra com o recheio e leve ao forno m\u00e9dio, preaquecido, por 30 minutos ou at\u00e9 firmar. Deixe amornar, desenforme e sirva.<\/p>\n\n\n\n<p><strong><em>Fonte: <a href=\"https:\/\/www.terra.com.br\/vida-e-estilo\/culinaria\/guia-da-cozinha\/lanche-pratico-e-saboroso-com-quiche-de-atum-com-queijo,ece7a5a6e96d69796c8eb016bfbc96490tbntokq.html\">Terra<\/a><\/em><\/strong><\/p>\n","protected":false},"excerpt":{"rendered":"<p>A quiche de atum com queijo \u00e9 perfeita quando queremos um sabor diferente para nossas refei\u00e7\u00f5es! D\u00ea uma olhada na receita e fa\u00e7a para a fam\u00edlia! Ingredientes4 x\u00edcaras (ch\u00e1) de farinha de trigo2 ovos4 colheres (sopa) de manteiga\u00bd x\u00edcara (ch\u00e1) de leite (aproximadamente)Margarina e farinha de trigo para untar Recheio1 cebola picada2 x\u00edcaras (ch\u00e1) de [&hellip;]<\/p>\n","protected":false},"author":10,"featured_media":17014,"comment_status":"open","ping_status":"open","sticky":false,"template":"","format":"standard","meta":{"footnotes":""},"categories":[42],"tags":[3381,3964,8528,6390,2800],"class_list":["post-17013","post","type-post","status-publish","format-standard","has-post-thumbnail","hentry","category-bem-estar","tag-lanche","tag-queijo","tag-quiche-de-atum","tag-refeicao","tag-saboroso"],"yoast_head":"<!-- This site is optimized with the Yoast SEO plugin v26.5 - https:\/\/yoast.com\/wordpress\/plugins\/seo\/ -->\n<title>Lanche pr\u00e1tico e saboroso com quiche de atum com queijo - Jornal Fatos e Not\u00edcias<\/title>\n<meta name=\"robots\" content=\"index, follow, max-snippet:-1, max-image-preview:large, max-video-preview:-1\" \/>\n<link rel=\"canonical\" href=\"https:\/\/jornalfatosenoticias.com.br\/index.php\/2021\/04\/15\/lanche-pratico-e-saboroso-com-quiche-de-atum-com-queijo\/\" \/>\n<meta property=\"og:locale\" content=\"pt_BR\" \/>\n<meta property=\"og:type\" content=\"article\" \/>\n<meta property=\"og:title\" content=\"Lanche pr\u00e1tico e saboroso com quiche de atum com queijo - Jornal Fatos e Not\u00edcias\" \/>\n<meta property=\"og:description\" content=\"A quiche de atum com queijo \u00e9 perfeita quando queremos um sabor diferente para nossas refei\u00e7\u00f5es! D\u00ea uma olhada na receita e fa\u00e7a para a fam\u00edlia! Ingredientes4 x\u00edcaras (ch\u00e1) de farinha de trigo2 ovos4 colheres (sopa) de manteiga\u00bd x\u00edcara (ch\u00e1) de leite (aproximadamente)Margarina e farinha de trigo para untar Recheio1 cebola picada2 x\u00edcaras (ch\u00e1) de [&hellip;]\" \/>\n<meta property=\"og:url\" content=\"https:\/\/jornalfatosenoticias.com.br\/index.php\/2021\/04\/15\/lanche-pratico-e-saboroso-com-quiche-de-atum-com-queijo\/\" \/>\n<meta property=\"og:site_name\" content=\"Jornal Fatos e Not\u00edcias\" \/>\n<meta property=\"article:published_time\" content=\"2021-04-15T17:57:29+00:00\" \/>\n<meta property=\"og:image\" content=\"https:\/\/jornalfatosenoticias.com.br\/wp-content\/uploads\/2021\/04\/QUICHE-DE-ATUM.jpg\" \/>\n\t<meta property=\"og:image:width\" content=\"1000\" \/>\n\t<meta property=\"og:image:height\" content=\"736\" \/>\n\t<meta property=\"og:image:type\" content=\"image\/jpeg\" \/>\n<meta name=\"author\" content=\"Gabriela Messner Aresi Oliveira\" \/>\n<meta name=\"twitter:card\" content=\"summary_large_image\" \/>\n<meta name=\"twitter:label1\" content=\"Escrito por\" \/>\n\t<meta name=\"twitter:data1\" content=\"Gabriela Messner Aresi Oliveira\" \/>\n\t<meta name=\"twitter:label2\" content=\"Est. tempo de leitura\" \/>\n\t<meta name=\"twitter:data2\" content=\"1 minuto\" \/>\n<script type=\"application\/ld+json\" class=\"yoast-schema-graph\">{\"@context\":\"https:\/\/schema.org\",\"@graph\":[{\"@type\":\"Article\",\"@id\":\"https:\/\/jornalfatosenoticias.com.br\/index.php\/2021\/04\/15\/lanche-pratico-e-saboroso-com-quiche-de-atum-com-queijo\/#article\",\"isPartOf\":{\"@id\":\"https:\/\/jornalfatosenoticias.com.br\/index.php\/2021\/04\/15\/lanche-pratico-e-saboroso-com-quiche-de-atum-com-queijo\/\"},\"author\":{\"name\":\"Gabriela Messner Aresi Oliveira\",\"@id\":\"https:\/\/jornalfatosenoticias.com.br\/#\/schema\/person\/8e0fe72f7a2b1f60eecd0c7d1dc4d8f1\"},\"headline\":\"Lanche pr\u00e1tico e saboroso com quiche de atum com queijo\",\"datePublished\":\"2021-04-15T17:57:29+00:00\",\"mainEntityOfPage\":{\"@id\":\"https:\/\/jornalfatosenoticias.com.br\/index.php\/2021\/04\/15\/lanche-pratico-e-saboroso-com-quiche-de-atum-com-queijo\/\"},\"wordCount\":205,\"commentCount\":0,\"publisher\":{\"@id\":\"https:\/\/jornalfatosenoticias.com.br\/#organization\"},\"image\":{\"@id\":\"https:\/\/jornalfatosenoticias.com.br\/index.php\/2021\/04\/15\/lanche-pratico-e-saboroso-com-quiche-de-atum-com-queijo\/#primaryimage\"},\"thumbnailUrl\":\"https:\/\/jornalfatosenoticias.com.br\/wp-content\/uploads\/2021\/04\/QUICHE-DE-ATUM.jpg\",\"keywords\":[\"lanche\",\"queijo\",\"quiche de atum\",\"refei\u00e7\u00e3o\",\"saboroso\"],\"articleSection\":[\"Bem-estar\"],\"inLanguage\":\"pt-BR\",\"potentialAction\":[{\"@type\":\"CommentAction\",\"name\":\"Comment\",\"target\":[\"https:\/\/jornalfatosenoticias.com.br\/index.php\/2021\/04\/15\/lanche-pratico-e-saboroso-com-quiche-de-atum-com-queijo\/#respond\"]}]},{\"@type\":\"WebPage\",\"@id\":\"https:\/\/jornalfatosenoticias.com.br\/index.php\/2021\/04\/15\/lanche-pratico-e-saboroso-com-quiche-de-atum-com-queijo\/\",\"url\":\"https:\/\/jornalfatosenoticias.com.br\/index.php\/2021\/04\/15\/lanche-pratico-e-saboroso-com-quiche-de-atum-com-queijo\/\",\"name\":\"Lanche pr\u00e1tico e saboroso com quiche de atum com queijo - Jornal Fatos e Not\u00edcias\",\"isPartOf\":{\"@id\":\"https:\/\/jornalfatosenoticias.com.br\/#website\"},\"primaryImageOfPage\":{\"@id\":\"https:\/\/jornalfatosenoticias.com.br\/index.php\/2021\/04\/15\/lanche-pratico-e-saboroso-com-quiche-de-atum-com-queijo\/#primaryimage\"},\"image\":{\"@id\":\"https:\/\/jornalfatosenoticias.com.br\/index.php\/2021\/04\/15\/lanche-pratico-e-saboroso-com-quiche-de-atum-com-queijo\/#primaryimage\"},\"thumbnailUrl\":\"https:\/\/jornalfatosenoticias.com.br\/wp-content\/uploads\/2021\/04\/QUICHE-DE-ATUM.jpg\",\"datePublished\":\"2021-04-15T17:57:29+00:00\",\"breadcrumb\":{\"@id\":\"https:\/\/jornalfatosenoticias.com.br\/index.php\/2021\/04\/15\/lanche-pratico-e-saboroso-com-quiche-de-atum-com-queijo\/#breadcrumb\"},\"inLanguage\":\"pt-BR\",\"potentialAction\":[{\"@type\":\"ReadAction\",\"target\":[\"https:\/\/jornalfatosenoticias.com.br\/index.php\/2021\/04\/15\/lanche-pratico-e-saboroso-com-quiche-de-atum-com-queijo\/\"]}]},{\"@type\":\"ImageObject\",\"inLanguage\":\"pt-BR\",\"@id\":\"https:\/\/jornalfatosenoticias.com.br\/index.php\/2021\/04\/15\/lanche-pratico-e-saboroso-com-quiche-de-atum-com-queijo\/#primaryimage\",\"url\":\"https:\/\/jornalfatosenoticias.com.br\/wp-content\/uploads\/2021\/04\/QUICHE-DE-ATUM.jpg\",\"contentUrl\":\"https:\/\/jornalfatosenoticias.com.br\/wp-content\/uploads\/2021\/04\/QUICHE-DE-ATUM.jpg\",\"width\":1000,\"height\":736},{\"@type\":\"BreadcrumbList\",\"@id\":\"https:\/\/jornalfatosenoticias.com.br\/index.php\/2021\/04\/15\/lanche-pratico-e-saboroso-com-quiche-de-atum-com-queijo\/#breadcrumb\",\"itemListElement\":[{\"@type\":\"ListItem\",\"position\":1,\"name\":\"In\u00edcio\",\"item\":\"https:\/\/jornalfatosenoticias.com.br\/\"},{\"@type\":\"ListItem\",\"position\":2,\"name\":\"Lanche pr\u00e1tico e saboroso com quiche de atum com queijo\"}]},{\"@type\":\"WebSite\",\"@id\":\"https:\/\/jornalfatosenoticias.com.br\/#website\",\"url\":\"https:\/\/jornalfatosenoticias.com.br\/\",\"name\":\"Jornal Fatos e Not\u00edcias\",\"description\":\"Not\u00edcias em geral\",\"publisher\":{\"@id\":\"https:\/\/jornalfatosenoticias.com.br\/#organization\"},\"potentialAction\":[{\"@type\":\"SearchAction\",\"target\":{\"@type\":\"EntryPoint\",\"urlTemplate\":\"https:\/\/jornalfatosenoticias.com.br\/?s={search_term_string}\"},\"query-input\":{\"@type\":\"PropertyValueSpecification\",\"valueRequired\":true,\"valueName\":\"search_term_string\"}}],\"inLanguage\":\"pt-BR\"},{\"@type\":\"Organization\",\"@id\":\"https:\/\/jornalfatosenoticias.com.br\/#organization\",\"name\":\"Jornal Fatos e Not\u00edcias\",\"url\":\"https:\/\/jornalfatosenoticias.com.br\/\",\"logo\":{\"@type\":\"ImageObject\",\"inLanguage\":\"pt-BR\",\"@id\":\"https:\/\/jornalfatosenoticias.com.br\/#\/schema\/logo\/image\/\",\"url\":\"https:\/\/jornalfatosenoticias.com.br\/wp-content\/uploads\/2020\/02\/logo120.png\",\"contentUrl\":\"https:\/\/jornalfatosenoticias.com.br\/wp-content\/uploads\/2020\/02\/logo120.png\",\"width\":1227,\"height\":120,\"caption\":\"Jornal Fatos e Not\u00edcias\"},\"image\":{\"@id\":\"https:\/\/jornalfatosenoticias.com.br\/#\/schema\/logo\/image\/\"}},{\"@type\":\"Person\",\"@id\":\"https:\/\/jornalfatosenoticias.com.br\/#\/schema\/person\/8e0fe72f7a2b1f60eecd0c7d1dc4d8f1\",\"name\":\"Gabriela Messner Aresi Oliveira\",\"image\":{\"@type\":\"ImageObject\",\"inLanguage\":\"pt-BR\",\"@id\":\"https:\/\/jornalfatosenoticias.com.br\/#\/schema\/person\/image\/\",\"url\":\"https:\/\/jornalfatosenoticias.com.br\/wp-content\/uploads\/2020\/03\/Gabriela-messner-150x150.jpg\",\"contentUrl\":\"https:\/\/jornalfatosenoticias.com.br\/wp-content\/uploads\/2020\/03\/Gabriela-messner-150x150.jpg\",\"caption\":\"Gabriela Messner Aresi Oliveira\"},\"url\":\"https:\/\/jornalfatosenoticias.com.br\/index.php\/author\/gabriela\/\"}]}<\/script>\n<!-- \/ Yoast SEO plugin. -->","yoast_head_json":{"title":"Lanche pr\u00e1tico e saboroso com quiche de atum com queijo - Jornal Fatos e Not\u00edcias","robots":{"index":"index","follow":"follow","max-snippet":"max-snippet:-1","max-image-preview":"max-image-preview:large","max-video-preview":"max-video-preview:-1"},"canonical":"https:\/\/jornalfatosenoticias.com.br\/index.php\/2021\/04\/15\/lanche-pratico-e-saboroso-com-quiche-de-atum-com-queijo\/","og_locale":"pt_BR","og_type":"article","og_title":"Lanche pr\u00e1tico e saboroso com quiche de atum com queijo - Jornal Fatos e Not\u00edcias","og_description":"A quiche de atum com queijo \u00e9 perfeita quando queremos um sabor diferente para nossas refei\u00e7\u00f5es! D\u00ea uma olhada na receita e fa\u00e7a para a fam\u00edlia! Ingredientes4 x\u00edcaras (ch\u00e1) de farinha de trigo2 ovos4 colheres (sopa) de manteiga\u00bd x\u00edcara (ch\u00e1) de leite (aproximadamente)Margarina e farinha de trigo para untar Recheio1 cebola picada2 x\u00edcaras (ch\u00e1) de [&hellip;]","og_url":"https:\/\/jornalfatosenoticias.com.br\/index.php\/2021\/04\/15\/lanche-pratico-e-saboroso-com-quiche-de-atum-com-queijo\/","og_site_name":"Jornal Fatos e Not\u00edcias","article_published_time":"2021-04-15T17:57:29+00:00","og_image":[{"width":1000,"height":736,"url":"https:\/\/jornalfatosenoticias.com.br\/wp-content\/uploads\/2021\/04\/QUICHE-DE-ATUM.jpg","type":"image\/jpeg"}],"author":"Gabriela Messner Aresi Oliveira","twitter_card":"summary_large_image","twitter_misc":{"Escrito por":"Gabriela Messner Aresi Oliveira","Est. tempo de leitura":"1 minuto"},"schema":{"@context":"https:\/\/schema.org","@graph":[{"@type":"Article","@id":"https:\/\/jornalfatosenoticias.com.br\/index.php\/2021\/04\/15\/lanche-pratico-e-saboroso-com-quiche-de-atum-com-queijo\/#article","isPartOf":{"@id":"https:\/\/jornalfatosenoticias.com.br\/index.php\/2021\/04\/15\/lanche-pratico-e-saboroso-com-quiche-de-atum-com-queijo\/"},"author":{"name":"Gabriela Messner Aresi Oliveira","@id":"https:\/\/jornalfatosenoticias.com.br\/#\/schema\/person\/8e0fe72f7a2b1f60eecd0c7d1dc4d8f1"},"headline":"Lanche pr\u00e1tico e saboroso com quiche de atum com queijo","datePublished":"2021-04-15T17:57:29+00:00","mainEntityOfPage":{"@id":"https:\/\/jornalfatosenoticias.com.br\/index.php\/2021\/04\/15\/lanche-pratico-e-saboroso-com-quiche-de-atum-com-queijo\/"},"wordCount":205,"commentCount":0,"publisher":{"@id":"https:\/\/jornalfatosenoticias.com.br\/#organization"},"image":{"@id":"https:\/\/jornalfatosenoticias.com.br\/index.php\/2021\/04\/15\/lanche-pratico-e-saboroso-com-quiche-de-atum-com-queijo\/#primaryimage"},"thumbnailUrl":"https:\/\/jornalfatosenoticias.com.br\/wp-content\/uploads\/2021\/04\/QUICHE-DE-ATUM.jpg","keywords":["lanche","queijo","quiche de atum","refei\u00e7\u00e3o","saboroso"],"articleSection":["Bem-estar"],"inLanguage":"pt-BR","potentialAction":[{"@type":"CommentAction","name":"Comment","target":["https:\/\/jornalfatosenoticias.com.br\/index.php\/2021\/04\/15\/lanche-pratico-e-saboroso-com-quiche-de-atum-com-queijo\/#respond"]}]},{"@type":"WebPage","@id":"https:\/\/jornalfatosenoticias.com.br\/index.php\/2021\/04\/15\/lanche-pratico-e-saboroso-com-quiche-de-atum-com-queijo\/","url":"https:\/\/jornalfatosenoticias.com.br\/index.php\/2021\/04\/15\/lanche-pratico-e-saboroso-com-quiche-de-atum-com-queijo\/","name":"Lanche pr\u00e1tico e saboroso com quiche de atum com queijo - Jornal Fatos e Not\u00edcias","isPartOf":{"@id":"https:\/\/jornalfatosenoticias.com.br\/#website"},"primaryImageOfPage":{"@id":"https:\/\/jornalfatosenoticias.com.br\/index.php\/2021\/04\/15\/lanche-pratico-e-saboroso-com-quiche-de-atum-com-queijo\/#primaryimage"},"image":{"@id":"https:\/\/jornalfatosenoticias.com.br\/index.php\/2021\/04\/15\/lanche-pratico-e-saboroso-com-quiche-de-atum-com-queijo\/#primaryimage"},"thumbnailUrl":"https:\/\/jornalfatosenoticias.com.br\/wp-content\/uploads\/2021\/04\/QUICHE-DE-ATUM.jpg","datePublished":"2021-04-15T17:57:29+00:00","breadcrumb":{"@id":"https:\/\/jornalfatosenoticias.com.br\/index.php\/2021\/04\/15\/lanche-pratico-e-saboroso-com-quiche-de-atum-com-queijo\/#breadcrumb"},"inLanguage":"pt-BR","potentialAction":[{"@type":"ReadAction","target":["https:\/\/jornalfatosenoticias.com.br\/index.php\/2021\/04\/15\/lanche-pratico-e-saboroso-com-quiche-de-atum-com-queijo\/"]}]},{"@type":"ImageObject","inLanguage":"pt-BR","@id":"https:\/\/jornalfatosenoticias.com.br\/index.php\/2021\/04\/15\/lanche-pratico-e-saboroso-com-quiche-de-atum-com-queijo\/#primaryimage","url":"https:\/\/jornalfatosenoticias.com.br\/wp-content\/uploads\/2021\/04\/QUICHE-DE-ATUM.jpg","contentUrl":"https:\/\/jornalfatosenoticias.com.br\/wp-content\/uploads\/2021\/04\/QUICHE-DE-ATUM.jpg","width":1000,"height":736},{"@type":"BreadcrumbList","@id":"https:\/\/jornalfatosenoticias.com.br\/index.php\/2021\/04\/15\/lanche-pratico-e-saboroso-com-quiche-de-atum-com-queijo\/#breadcrumb","itemListElement":[{"@type":"ListItem","position":1,"name":"In\u00edcio","item":"https:\/\/jornalfatosenoticias.com.br\/"},{"@type":"ListItem","position":2,"name":"Lanche pr\u00e1tico e saboroso com quiche de atum com queijo"}]},{"@type":"WebSite","@id":"https:\/\/jornalfatosenoticias.com.br\/#website","url":"https:\/\/jornalfatosenoticias.com.br\/","name":"Jornal Fatos e Not\u00edcias","description":"Not\u00edcias em geral","publisher":{"@id":"https:\/\/jornalfatosenoticias.com.br\/#organization"},"potentialAction":[{"@type":"SearchAction","target":{"@type":"EntryPoint","urlTemplate":"https:\/\/jornalfatosenoticias.com.br\/?s={search_term_string}"},"query-input":{"@type":"PropertyValueSpecification","valueRequired":true,"valueName":"search_term_string"}}],"inLanguage":"pt-BR"},{"@type":"Organization","@id":"https:\/\/jornalfatosenoticias.com.br\/#organization","name":"Jornal Fatos e Not\u00edcias","url":"https:\/\/jornalfatosenoticias.com.br\/","logo":{"@type":"ImageObject","inLanguage":"pt-BR","@id":"https:\/\/jornalfatosenoticias.com.br\/#\/schema\/logo\/image\/","url":"https:\/\/jornalfatosenoticias.com.br\/wp-content\/uploads\/2020\/02\/logo120.png","contentUrl":"https:\/\/jornalfatosenoticias.com.br\/wp-content\/uploads\/2020\/02\/logo120.png","width":1227,"height":120,"caption":"Jornal Fatos e Not\u00edcias"},"image":{"@id":"https:\/\/jornalfatosenoticias.com.br\/#\/schema\/logo\/image\/"}},{"@type":"Person","@id":"https:\/\/jornalfatosenoticias.com.br\/#\/schema\/person\/8e0fe72f7a2b1f60eecd0c7d1dc4d8f1","name":"Gabriela Messner Aresi Oliveira","image":{"@type":"ImageObject","inLanguage":"pt-BR","@id":"https:\/\/jornalfatosenoticias.com.br\/#\/schema\/person\/image\/","url":"https:\/\/jornalfatosenoticias.com.br\/wp-content\/uploads\/2020\/03\/Gabriela-messner-150x150.jpg","contentUrl":"https:\/\/jornalfatosenoticias.com.br\/wp-content\/uploads\/2020\/03\/Gabriela-messner-150x150.jpg","caption":"Gabriela Messner Aresi Oliveira"},"url":"https:\/\/jornalfatosenoticias.com.br\/index.php\/author\/gabriela\/"}]}},"cc_featured_image_caption":{"caption_text":"(Foto: Pinterest) \r\n","source_text":"","source_url":""},"jetpack_featured_media_url":"https:\/\/jornalfatosenoticias.com.br\/wp-content\/uploads\/2021\/04\/QUICHE-DE-ATUM.jpg","_links":{"self":[{"href":"https:\/\/jornalfatosenoticias.com.br\/index.php\/wp-json\/wp\/v2\/posts\/17013","targetHints":{"allow":["GET"]}}],"collection":[{"href":"https:\/\/jornalfatosenoticias.com.br\/index.php\/wp-json\/wp\/v2\/posts"}],"about":[{"href":"https:\/\/jornalfatosenoticias.com.br\/index.php\/wp-json\/wp\/v2\/types\/post"}],"author":[{"embeddable":true,"href":"https:\/\/jornalfatosenoticias.com.br\/index.php\/wp-json\/wp\/v2\/users\/10"}],"replies":[{"embeddable":true,"href":"https:\/\/jornalfatosenoticias.com.br\/index.php\/wp-json\/wp\/v2\/comments?post=17013"}],"version-history":[{"count":0,"href":"https:\/\/jornalfatosenoticias.com.br\/index.php\/wp-json\/wp\/v2\/posts\/17013\/revisions"}],"wp:featuredmedia":[{"embeddable":true,"href":"https:\/\/jornalfatosenoticias.com.br\/index.php\/wp-json\/wp\/v2\/media\/17014"}],"wp:attachment":[{"href":"https:\/\/jornalfatosenoticias.com.br\/index.php\/wp-json\/wp\/v2\/media?parent=17013"}],"wp:term":[{"taxonomy":"category","embeddable":true,"href":"https:\/\/jornalfatosenoticias.com.br\/index.php\/wp-json\/wp\/v2\/categories?post=17013"},{"taxonomy":"post_tag","embeddable":true,"href":"https:\/\/jornalfatosenoticias.com.br\/index.php\/wp-json\/wp\/v2\/tags?post=17013"}],"curies":[{"name":"wp","href":"https:\/\/api.w.org\/{rel}","templated":true}]}}