{"id":17065,"date":"2021-04-15T16:00:53","date_gmt":"2021-04-15T19:00:53","guid":{"rendered":"https:\/\/jornalfatosenoticias.com.br\/?p=17065"},"modified":"2021-04-15T16:00:58","modified_gmt":"2021-04-15T19:00:58","slug":"pesquisadores-estudam-o-silencio-dos-oceanos-causado-pela-pandemia","status":"publish","type":"post","link":"https:\/\/jornalfatosenoticias.com.br\/index.php\/2021\/04\/15\/pesquisadores-estudam-o-silencio-dos-oceanos-causado-pela-pandemia\/","title":{"rendered":"Pesquisadores estudam o \u201csil\u00eancio dos oceanos\u201d causado pela pandemia"},"content":{"rendered":"\n<p>Cientistas oce\u00e2nicos de todo o mundo est\u00e3o estudando o \u201cmomento \u00fanico\u201d de sil\u00eancio criado pela pandemia. Os pesquisadores chamaram seu vasto experimento de escuta: O ano do oceano tranquilo. \u201cO bloqueio retardou o transporte global em uma escala que de outra forma seria imposs\u00edvel\u201d, explicou o professor Peter Tyack, da Universidade de St. Andrews, \u00e0 BBC.<br>Os cientistas planejam ouvir a paisagem sonora do oceano antes, durante e depois do lockdown. Eles identificaram 200 hidrofones oce\u00e2nicos \u2014 microfones subaqu\u00e1ticos que j\u00e1 est\u00e3o instalados ao redor do oceano global. \u201cPortanto, a ideia \u00e9 us\u00e1-los para medir as mudan\u00e7as no ru\u00eddo e como elas afetam a vida marinha \u2014 como chamar baleias ou peixes em coro\u201d, disse o professor Tyack.<br>\u201cAssim como as pessoas e as cidades podem ter notado que, com muito menos ru\u00eddo do tr\u00e1fego e atividade humana, voc\u00ea ouve mais o canto dos p\u00e1ssaros ou talvez veja mais animais selvagens em seu pr\u00f3prio ambiente, precisamos de maneiras de monitorar isso no oceano\u201d.<br>O objetivo n\u00e3o \u00e9 apenas medir como a pandemia mudou brevemente a paisagem sonora do oceano, mas aproveitar a oportunidade para descobrir como d\u00e9cadas de aumento do ru\u00eddo do oceano afetaram a vida marinha. Combinado com outros m\u00e9todos, como marca\u00e7\u00e3o de animais, os pesquisadores esperam que isso revele at\u00e9 que ponto o ru\u00eddo nos \u201cmares do Antropoceno\u201d afeta a vida nas profundezas.<br>O prop\u00f3sito n\u00e3o \u00e9 apenas verificar o efeito breve da pandemia sobre a ac\u00fastica dos oceanos, mas aproveitar a oportunidade para avaliar como d\u00e9cadas de escalada na polui\u00e7\u00e3o sonora impactou o ecossistema marinho.<br>Combinado com outros m\u00e9todos, como o monitoramento de animais com sensores, os pesquisadores esperam que o estudo revele at\u00e9 que ponto o ru\u00eddo nos \u201cmares do Antropoceno\u201d afeta a vida nas profundezas.<\/p>\n\n\n\n<p><strong><em>Fonte: <a href=\"https:\/\/www.msn.com\/pt-br\/noticias\/ciencia-e-tecnologia\/pesquisadores-esturam-o-%e2%80%9csil%c3%aancio-dos-oceanos%e2%80%9d-causado-pela-pandemia\/ar-BB1fAWvV\">MSN Not\u00edcias<\/a><\/em><\/strong><\/p>\n","protected":false},"excerpt":{"rendered":"<p>Cientistas oce\u00e2nicos de todo o mundo est\u00e3o estudando o \u201cmomento \u00fanico\u201d de sil\u00eancio criado pela pandemia. Os pesquisadores chamaram seu vasto experimento de escuta: O ano do oceano tranquilo. \u201cO bloqueio retardou o transporte global em uma escala que de outra forma seria imposs\u00edvel\u201d, explicou o professor Peter Tyack, da Universidade de St. Andrews, \u00e0 [&hellip;]<\/p>\n","protected":false},"author":2,"featured_media":17066,"comment_status":"open","ping_status":"open","sticky":false,"template":"","format":"standard","meta":{"footnotes":""},"categories":[8],"tags":[1725,1380,8542,8543],"class_list":["post-17065","post","type-post","status-publish","format-standard","has-post-thumbnail","hentry","category-meio-ambiente","tag-mares","tag-pesquisadores","tag-silencio-dos-oceanos","tag-sonora-do-oceano"],"yoast_head":"<!-- This site is optimized with the Yoast SEO plugin v26.5 - https:\/\/yoast.com\/wordpress\/plugins\/seo\/ -->\n<title>Pesquisadores estudam o \u201csil\u00eancio dos oceanos\u201d causado pela pandemia - Jornal Fatos e Not\u00edcias<\/title>\n<meta name=\"robots\" content=\"index, follow, max-snippet:-1, max-image-preview:large, max-video-preview:-1\" \/>\n<link rel=\"canonical\" href=\"https:\/\/jornalfatosenoticias.com.br\/index.php\/2021\/04\/15\/pesquisadores-estudam-o-silencio-dos-oceanos-causado-pela-pandemia\/\" \/>\n<meta property=\"og:locale\" content=\"pt_BR\" \/>\n<meta property=\"og:type\" content=\"article\" \/>\n<meta property=\"og:title\" content=\"Pesquisadores estudam o \u201csil\u00eancio dos oceanos\u201d causado pela pandemia - Jornal Fatos e Not\u00edcias\" \/>\n<meta property=\"og:description\" content=\"Cientistas oce\u00e2nicos de todo o mundo est\u00e3o estudando o \u201cmomento \u00fanico\u201d de sil\u00eancio criado pela pandemia. Os pesquisadores chamaram seu vasto experimento de escuta: O ano do oceano tranquilo. \u201cO bloqueio retardou o transporte global em uma escala que de outra forma seria imposs\u00edvel\u201d, explicou o professor Peter Tyack, da Universidade de St. Andrews, \u00e0 [&hellip;]\" \/>\n<meta property=\"og:url\" content=\"https:\/\/jornalfatosenoticias.com.br\/index.php\/2021\/04\/15\/pesquisadores-estudam-o-silencio-dos-oceanos-causado-pela-pandemia\/\" \/>\n<meta property=\"og:site_name\" content=\"Jornal Fatos e Not\u00edcias\" \/>\n<meta property=\"article:published_time\" content=\"2021-04-15T19:00:53+00:00\" \/>\n<meta property=\"article:modified_time\" content=\"2021-04-15T19:00:58+00:00\" \/>\n<meta property=\"og:image\" content=\"https:\/\/jornalfatosenoticias.com.br\/wp-content\/uploads\/2021\/04\/silencio-dos-oceanos.jpg\" \/>\n\t<meta property=\"og:image:width\" content=\"1000\" \/>\n\t<meta property=\"og:image:height\" content=\"562\" \/>\n\t<meta property=\"og:image:type\" content=\"image\/jpeg\" \/>\n<meta name=\"author\" content=\"Luzimara Fernandes\" \/>\n<meta name=\"twitter:card\" content=\"summary_large_image\" \/>\n<meta name=\"twitter:label1\" content=\"Escrito por\" \/>\n\t<meta name=\"twitter:data1\" content=\"Luzimara Fernandes\" \/>\n\t<meta name=\"twitter:label2\" content=\"Est. tempo de leitura\" \/>\n\t<meta name=\"twitter:data2\" content=\"2 minutos\" \/>\n<script type=\"application\/ld+json\" class=\"yoast-schema-graph\">{\"@context\":\"https:\/\/schema.org\",\"@graph\":[{\"@type\":\"Article\",\"@id\":\"https:\/\/jornalfatosenoticias.com.br\/index.php\/2021\/04\/15\/pesquisadores-estudam-o-silencio-dos-oceanos-causado-pela-pandemia\/#article\",\"isPartOf\":{\"@id\":\"https:\/\/jornalfatosenoticias.com.br\/index.php\/2021\/04\/15\/pesquisadores-estudam-o-silencio-dos-oceanos-causado-pela-pandemia\/\"},\"author\":{\"name\":\"Luzimara Fernandes\",\"@id\":\"https:\/\/jornalfatosenoticias.com.br\/#\/schema\/person\/d63837fa13ac8666eb9e74e0985d6f81\"},\"headline\":\"Pesquisadores estudam o \u201csil\u00eancio dos oceanos\u201d causado pela pandemia\",\"datePublished\":\"2021-04-15T19:00:53+00:00\",\"dateModified\":\"2021-04-15T19:00:58+00:00\",\"mainEntityOfPage\":{\"@id\":\"https:\/\/jornalfatosenoticias.com.br\/index.php\/2021\/04\/15\/pesquisadores-estudam-o-silencio-dos-oceanos-causado-pela-pandemia\/\"},\"wordCount\":324,\"commentCount\":0,\"publisher\":{\"@id\":\"https:\/\/jornalfatosenoticias.com.br\/#organization\"},\"image\":{\"@id\":\"https:\/\/jornalfatosenoticias.com.br\/index.php\/2021\/04\/15\/pesquisadores-estudam-o-silencio-dos-oceanos-causado-pela-pandemia\/#primaryimage\"},\"thumbnailUrl\":\"https:\/\/jornalfatosenoticias.com.br\/wp-content\/uploads\/2021\/04\/silencio-dos-oceanos.jpg\",\"keywords\":[\"mares\",\"pesquisadores\",\"sil\u00eancio dos oceanos\",\"sonora do oceano\"],\"articleSection\":[\"Meio ambiente\"],\"inLanguage\":\"pt-BR\",\"potentialAction\":[{\"@type\":\"CommentAction\",\"name\":\"Comment\",\"target\":[\"https:\/\/jornalfatosenoticias.com.br\/index.php\/2021\/04\/15\/pesquisadores-estudam-o-silencio-dos-oceanos-causado-pela-pandemia\/#respond\"]}]},{\"@type\":\"WebPage\",\"@id\":\"https:\/\/jornalfatosenoticias.com.br\/index.php\/2021\/04\/15\/pesquisadores-estudam-o-silencio-dos-oceanos-causado-pela-pandemia\/\",\"url\":\"https:\/\/jornalfatosenoticias.com.br\/index.php\/2021\/04\/15\/pesquisadores-estudam-o-silencio-dos-oceanos-causado-pela-pandemia\/\",\"name\":\"Pesquisadores estudam o \u201csil\u00eancio dos oceanos\u201d causado pela pandemia - Jornal Fatos e Not\u00edcias\",\"isPartOf\":{\"@id\":\"https:\/\/jornalfatosenoticias.com.br\/#website\"},\"primaryImageOfPage\":{\"@id\":\"https:\/\/jornalfatosenoticias.com.br\/index.php\/2021\/04\/15\/pesquisadores-estudam-o-silencio-dos-oceanos-causado-pela-pandemia\/#primaryimage\"},\"image\":{\"@id\":\"https:\/\/jornalfatosenoticias.com.br\/index.php\/2021\/04\/15\/pesquisadores-estudam-o-silencio-dos-oceanos-causado-pela-pandemia\/#primaryimage\"},\"thumbnailUrl\":\"https:\/\/jornalfatosenoticias.com.br\/wp-content\/uploads\/2021\/04\/silencio-dos-oceanos.jpg\",\"datePublished\":\"2021-04-15T19:00:53+00:00\",\"dateModified\":\"2021-04-15T19:00:58+00:00\",\"breadcrumb\":{\"@id\":\"https:\/\/jornalfatosenoticias.com.br\/index.php\/2021\/04\/15\/pesquisadores-estudam-o-silencio-dos-oceanos-causado-pela-pandemia\/#breadcrumb\"},\"inLanguage\":\"pt-BR\",\"potentialAction\":[{\"@type\":\"ReadAction\",\"target\":[\"https:\/\/jornalfatosenoticias.com.br\/index.php\/2021\/04\/15\/pesquisadores-estudam-o-silencio-dos-oceanos-causado-pela-pandemia\/\"]}]},{\"@type\":\"ImageObject\",\"inLanguage\":\"pt-BR\",\"@id\":\"https:\/\/jornalfatosenoticias.com.br\/index.php\/2021\/04\/15\/pesquisadores-estudam-o-silencio-dos-oceanos-causado-pela-pandemia\/#primaryimage\",\"url\":\"https:\/\/jornalfatosenoticias.com.br\/wp-content\/uploads\/2021\/04\/silencio-dos-oceanos.jpg\",\"contentUrl\":\"https:\/\/jornalfatosenoticias.com.br\/wp-content\/uploads\/2021\/04\/silencio-dos-oceanos.jpg\",\"width\":1000,\"height\":562},{\"@type\":\"BreadcrumbList\",\"@id\":\"https:\/\/jornalfatosenoticias.com.br\/index.php\/2021\/04\/15\/pesquisadores-estudam-o-silencio-dos-oceanos-causado-pela-pandemia\/#breadcrumb\",\"itemListElement\":[{\"@type\":\"ListItem\",\"position\":1,\"name\":\"In\u00edcio\",\"item\":\"https:\/\/jornalfatosenoticias.com.br\/\"},{\"@type\":\"ListItem\",\"position\":2,\"name\":\"Pesquisadores estudam o \u201csil\u00eancio dos oceanos\u201d causado pela pandemia\"}]},{\"@type\":\"WebSite\",\"@id\":\"https:\/\/jornalfatosenoticias.com.br\/#website\",\"url\":\"https:\/\/jornalfatosenoticias.com.br\/\",\"name\":\"Jornal Fatos e Not\u00edcias\",\"description\":\"Not\u00edcias em geral\",\"publisher\":{\"@id\":\"https:\/\/jornalfatosenoticias.com.br\/#organization\"},\"potentialAction\":[{\"@type\":\"SearchAction\",\"target\":{\"@type\":\"EntryPoint\",\"urlTemplate\":\"https:\/\/jornalfatosenoticias.com.br\/?s={search_term_string}\"},\"query-input\":{\"@type\":\"PropertyValueSpecification\",\"valueRequired\":true,\"valueName\":\"search_term_string\"}}],\"inLanguage\":\"pt-BR\"},{\"@type\":\"Organization\",\"@id\":\"https:\/\/jornalfatosenoticias.com.br\/#organization\",\"name\":\"Jornal Fatos e Not\u00edcias\",\"url\":\"https:\/\/jornalfatosenoticias.com.br\/\",\"logo\":{\"@type\":\"ImageObject\",\"inLanguage\":\"pt-BR\",\"@id\":\"https:\/\/jornalfatosenoticias.com.br\/#\/schema\/logo\/image\/\",\"url\":\"https:\/\/jornalfatosenoticias.com.br\/wp-content\/uploads\/2020\/02\/logo120.png\",\"contentUrl\":\"https:\/\/jornalfatosenoticias.com.br\/wp-content\/uploads\/2020\/02\/logo120.png\",\"width\":1227,\"height\":120,\"caption\":\"Jornal Fatos e Not\u00edcias\"},\"image\":{\"@id\":\"https:\/\/jornalfatosenoticias.com.br\/#\/schema\/logo\/image\/\"}},{\"@type\":\"Person\",\"@id\":\"https:\/\/jornalfatosenoticias.com.br\/#\/schema\/person\/d63837fa13ac8666eb9e74e0985d6f81\",\"name\":\"Luzimara Fernandes\",\"image\":{\"@type\":\"ImageObject\",\"inLanguage\":\"pt-BR\",\"@id\":\"https:\/\/jornalfatosenoticias.com.br\/#\/schema\/person\/image\/\",\"url\":\"https:\/\/jornalfatosenoticias.com.br\/wp-content\/uploads\/2025\/05\/EU_portal.jpg\",\"contentUrl\":\"https:\/\/jornalfatosenoticias.com.br\/wp-content\/uploads\/2025\/05\/EU_portal.jpg\",\"caption\":\"Luzimara Fernandes\"},\"description\":\"Jornalista MTB 2358-ES\",\"sameAs\":[\"https:\/\/jornalfatosenoticias.com.br\"],\"url\":\"https:\/\/jornalfatosenoticias.com.br\/index.php\/author\/luzimara\/\"}]}<\/script>\n<!-- \/ Yoast SEO plugin. -->","yoast_head_json":{"title":"Pesquisadores estudam o \u201csil\u00eancio dos oceanos\u201d causado pela pandemia - Jornal Fatos e Not\u00edcias","robots":{"index":"index","follow":"follow","max-snippet":"max-snippet:-1","max-image-preview":"max-image-preview:large","max-video-preview":"max-video-preview:-1"},"canonical":"https:\/\/jornalfatosenoticias.com.br\/index.php\/2021\/04\/15\/pesquisadores-estudam-o-silencio-dos-oceanos-causado-pela-pandemia\/","og_locale":"pt_BR","og_type":"article","og_title":"Pesquisadores estudam o \u201csil\u00eancio dos oceanos\u201d causado pela pandemia - Jornal Fatos e Not\u00edcias","og_description":"Cientistas oce\u00e2nicos de todo o mundo est\u00e3o estudando o \u201cmomento \u00fanico\u201d de sil\u00eancio criado pela pandemia. Os pesquisadores chamaram seu vasto experimento de escuta: O ano do oceano tranquilo. \u201cO bloqueio retardou o transporte global em uma escala que de outra forma seria imposs\u00edvel\u201d, explicou o professor Peter Tyack, da Universidade de St. Andrews, \u00e0 [&hellip;]","og_url":"https:\/\/jornalfatosenoticias.com.br\/index.php\/2021\/04\/15\/pesquisadores-estudam-o-silencio-dos-oceanos-causado-pela-pandemia\/","og_site_name":"Jornal Fatos e Not\u00edcias","article_published_time":"2021-04-15T19:00:53+00:00","article_modified_time":"2021-04-15T19:00:58+00:00","og_image":[{"width":1000,"height":562,"url":"https:\/\/jornalfatosenoticias.com.br\/wp-content\/uploads\/2021\/04\/silencio-dos-oceanos.jpg","type":"image\/jpeg"}],"author":"Luzimara Fernandes","twitter_card":"summary_large_image","twitter_misc":{"Escrito por":"Luzimara Fernandes","Est. tempo de leitura":"2 minutos"},"schema":{"@context":"https:\/\/schema.org","@graph":[{"@type":"Article","@id":"https:\/\/jornalfatosenoticias.com.br\/index.php\/2021\/04\/15\/pesquisadores-estudam-o-silencio-dos-oceanos-causado-pela-pandemia\/#article","isPartOf":{"@id":"https:\/\/jornalfatosenoticias.com.br\/index.php\/2021\/04\/15\/pesquisadores-estudam-o-silencio-dos-oceanos-causado-pela-pandemia\/"},"author":{"name":"Luzimara Fernandes","@id":"https:\/\/jornalfatosenoticias.com.br\/#\/schema\/person\/d63837fa13ac8666eb9e74e0985d6f81"},"headline":"Pesquisadores estudam o \u201csil\u00eancio dos oceanos\u201d causado pela pandemia","datePublished":"2021-04-15T19:00:53+00:00","dateModified":"2021-04-15T19:00:58+00:00","mainEntityOfPage":{"@id":"https:\/\/jornalfatosenoticias.com.br\/index.php\/2021\/04\/15\/pesquisadores-estudam-o-silencio-dos-oceanos-causado-pela-pandemia\/"},"wordCount":324,"commentCount":0,"publisher":{"@id":"https:\/\/jornalfatosenoticias.com.br\/#organization"},"image":{"@id":"https:\/\/jornalfatosenoticias.com.br\/index.php\/2021\/04\/15\/pesquisadores-estudam-o-silencio-dos-oceanos-causado-pela-pandemia\/#primaryimage"},"thumbnailUrl":"https:\/\/jornalfatosenoticias.com.br\/wp-content\/uploads\/2021\/04\/silencio-dos-oceanos.jpg","keywords":["mares","pesquisadores","sil\u00eancio dos oceanos","sonora do oceano"],"articleSection":["Meio ambiente"],"inLanguage":"pt-BR","potentialAction":[{"@type":"CommentAction","name":"Comment","target":["https:\/\/jornalfatosenoticias.com.br\/index.php\/2021\/04\/15\/pesquisadores-estudam-o-silencio-dos-oceanos-causado-pela-pandemia\/#respond"]}]},{"@type":"WebPage","@id":"https:\/\/jornalfatosenoticias.com.br\/index.php\/2021\/04\/15\/pesquisadores-estudam-o-silencio-dos-oceanos-causado-pela-pandemia\/","url":"https:\/\/jornalfatosenoticias.com.br\/index.php\/2021\/04\/15\/pesquisadores-estudam-o-silencio-dos-oceanos-causado-pela-pandemia\/","name":"Pesquisadores estudam o \u201csil\u00eancio dos oceanos\u201d causado pela pandemia - Jornal Fatos e Not\u00edcias","isPartOf":{"@id":"https:\/\/jornalfatosenoticias.com.br\/#website"},"primaryImageOfPage":{"@id":"https:\/\/jornalfatosenoticias.com.br\/index.php\/2021\/04\/15\/pesquisadores-estudam-o-silencio-dos-oceanos-causado-pela-pandemia\/#primaryimage"},"image":{"@id":"https:\/\/jornalfatosenoticias.com.br\/index.php\/2021\/04\/15\/pesquisadores-estudam-o-silencio-dos-oceanos-causado-pela-pandemia\/#primaryimage"},"thumbnailUrl":"https:\/\/jornalfatosenoticias.com.br\/wp-content\/uploads\/2021\/04\/silencio-dos-oceanos.jpg","datePublished":"2021-04-15T19:00:53+00:00","dateModified":"2021-04-15T19:00:58+00:00","breadcrumb":{"@id":"https:\/\/jornalfatosenoticias.com.br\/index.php\/2021\/04\/15\/pesquisadores-estudam-o-silencio-dos-oceanos-causado-pela-pandemia\/#breadcrumb"},"inLanguage":"pt-BR","potentialAction":[{"@type":"ReadAction","target":["https:\/\/jornalfatosenoticias.com.br\/index.php\/2021\/04\/15\/pesquisadores-estudam-o-silencio-dos-oceanos-causado-pela-pandemia\/"]}]},{"@type":"ImageObject","inLanguage":"pt-BR","@id":"https:\/\/jornalfatosenoticias.com.br\/index.php\/2021\/04\/15\/pesquisadores-estudam-o-silencio-dos-oceanos-causado-pela-pandemia\/#primaryimage","url":"https:\/\/jornalfatosenoticias.com.br\/wp-content\/uploads\/2021\/04\/silencio-dos-oceanos.jpg","contentUrl":"https:\/\/jornalfatosenoticias.com.br\/wp-content\/uploads\/2021\/04\/silencio-dos-oceanos.jpg","width":1000,"height":562},{"@type":"BreadcrumbList","@id":"https:\/\/jornalfatosenoticias.com.br\/index.php\/2021\/04\/15\/pesquisadores-estudam-o-silencio-dos-oceanos-causado-pela-pandemia\/#breadcrumb","itemListElement":[{"@type":"ListItem","position":1,"name":"In\u00edcio","item":"https:\/\/jornalfatosenoticias.com.br\/"},{"@type":"ListItem","position":2,"name":"Pesquisadores estudam o \u201csil\u00eancio dos oceanos\u201d causado pela pandemia"}]},{"@type":"WebSite","@id":"https:\/\/jornalfatosenoticias.com.br\/#website","url":"https:\/\/jornalfatosenoticias.com.br\/","name":"Jornal Fatos e Not\u00edcias","description":"Not\u00edcias em geral","publisher":{"@id":"https:\/\/jornalfatosenoticias.com.br\/#organization"},"potentialAction":[{"@type":"SearchAction","target":{"@type":"EntryPoint","urlTemplate":"https:\/\/jornalfatosenoticias.com.br\/?s={search_term_string}"},"query-input":{"@type":"PropertyValueSpecification","valueRequired":true,"valueName":"search_term_string"}}],"inLanguage":"pt-BR"},{"@type":"Organization","@id":"https:\/\/jornalfatosenoticias.com.br\/#organization","name":"Jornal Fatos e Not\u00edcias","url":"https:\/\/jornalfatosenoticias.com.br\/","logo":{"@type":"ImageObject","inLanguage":"pt-BR","@id":"https:\/\/jornalfatosenoticias.com.br\/#\/schema\/logo\/image\/","url":"https:\/\/jornalfatosenoticias.com.br\/wp-content\/uploads\/2020\/02\/logo120.png","contentUrl":"https:\/\/jornalfatosenoticias.com.br\/wp-content\/uploads\/2020\/02\/logo120.png","width":1227,"height":120,"caption":"Jornal Fatos e Not\u00edcias"},"image":{"@id":"https:\/\/jornalfatosenoticias.com.br\/#\/schema\/logo\/image\/"}},{"@type":"Person","@id":"https:\/\/jornalfatosenoticias.com.br\/#\/schema\/person\/d63837fa13ac8666eb9e74e0985d6f81","name":"Luzimara Fernandes","image":{"@type":"ImageObject","inLanguage":"pt-BR","@id":"https:\/\/jornalfatosenoticias.com.br\/#\/schema\/person\/image\/","url":"https:\/\/jornalfatosenoticias.com.br\/wp-content\/uploads\/2025\/05\/EU_portal.jpg","contentUrl":"https:\/\/jornalfatosenoticias.com.br\/wp-content\/uploads\/2025\/05\/EU_portal.jpg","caption":"Luzimara Fernandes"},"description":"Jornalista MTB 2358-ES","sameAs":["https:\/\/jornalfatosenoticias.com.br"],"url":"https:\/\/jornalfatosenoticias.com.br\/index.php\/author\/luzimara\/"}]}},"cc_featured_image_caption":{"caption_text":"(Foto: Divulga\u00e7\u00e3o\/Alamy) ","source_text":"","source_url":""},"jetpack_featured_media_url":"https:\/\/jornalfatosenoticias.com.br\/wp-content\/uploads\/2021\/04\/silencio-dos-oceanos.jpg","_links":{"self":[{"href":"https:\/\/jornalfatosenoticias.com.br\/index.php\/wp-json\/wp\/v2\/posts\/17065","targetHints":{"allow":["GET"]}}],"collection":[{"href":"https:\/\/jornalfatosenoticias.com.br\/index.php\/wp-json\/wp\/v2\/posts"}],"about":[{"href":"https:\/\/jornalfatosenoticias.com.br\/index.php\/wp-json\/wp\/v2\/types\/post"}],"author":[{"embeddable":true,"href":"https:\/\/jornalfatosenoticias.com.br\/index.php\/wp-json\/wp\/v2\/users\/2"}],"replies":[{"embeddable":true,"href":"https:\/\/jornalfatosenoticias.com.br\/index.php\/wp-json\/wp\/v2\/comments?post=17065"}],"version-history":[{"count":0,"href":"https:\/\/jornalfatosenoticias.com.br\/index.php\/wp-json\/wp\/v2\/posts\/17065\/revisions"}],"wp:featuredmedia":[{"embeddable":true,"href":"https:\/\/jornalfatosenoticias.com.br\/index.php\/wp-json\/wp\/v2\/media\/17066"}],"wp:attachment":[{"href":"https:\/\/jornalfatosenoticias.com.br\/index.php\/wp-json\/wp\/v2\/media?parent=17065"}],"wp:term":[{"taxonomy":"category","embeddable":true,"href":"https:\/\/jornalfatosenoticias.com.br\/index.php\/wp-json\/wp\/v2\/categories?post=17065"},{"taxonomy":"post_tag","embeddable":true,"href":"https:\/\/jornalfatosenoticias.com.br\/index.php\/wp-json\/wp\/v2\/tags?post=17065"}],"curies":[{"name":"wp","href":"https:\/\/api.w.org\/{rel}","templated":true}]}}