{"id":1711,"date":"2020-03-03T16:24:38","date_gmt":"2020-03-03T19:24:38","guid":{"rendered":"https:\/\/jornalfatosenoticias.com.br\/?p=1711"},"modified":"2020-03-03T16:24:44","modified_gmt":"2020-03-03T19:24:44","slug":"primeira-audiencia-publica-no-pais-sobre-preservacao-sexual-sera-realizada-em-vitoria","status":"publish","type":"post","link":"https:\/\/jornalfatosenoticias.com.br\/index.php\/2020\/03\/03\/primeira-audiencia-publica-no-pais-sobre-preservacao-sexual-sera-realizada-em-vitoria\/","title":{"rendered":"Primeira audi\u00eancia p\u00fablica no Pa\u00eds sobre preserva\u00e7\u00e3o sexual ser\u00e1 realizada em Vit\u00f3ria"},"content":{"rendered":"\n<h6 class=\"wp-block-heading\"><em>O evento ser\u00e1 realizado, nesta quarta-feira (04), a partir das 19 horas, no Plen\u00e1rio da C\u00e2mara Municipal de Vit\u00f3ria <\/em><\/h6>\n\n\n\n<p>Vit\u00f3ria sediar\u00e1 a primeira audi\u00eancia p\u00fablica no Pa\u00eds sobre \u201cPreserva\u00e7\u00e3o Sexual na Adolesc\u00eancia\u201d. O evento ser\u00e1 realizado, nesta quarta-feira (04), a partir das 19 horas, no Plen\u00e1rio da C\u00e2mara Municipal de Vit\u00f3ria (CMV). <br>\nA audi\u00eancia ter\u00e1 a presen\u00e7a do palestrante Nelson J\u00fanior, que \u00e9 l\u00edder do movimento &#8220;Eu escolhi esperar&#8221;, al\u00e9m de especialistas na \u00e1rea da sa\u00fade, como o pesquisador Thiago de Melo e a m\u00e9dica Sylvia Baiense. <br>\nPara o palestrante convidado Nelson J\u00fanior a audi\u00eancia p\u00fablica ser\u00e1 um marco hist\u00f3rico para o Brasil. \u201c\u00c9 a primeira vez, em n\u00edvel nacional, que vamos abordar o assunto, discutir, incentivar e orientar, principalmente, o p\u00fablico adolescente a tardar a inicia\u00e7\u00e3o sexual. Hoje, temos a necessidade de pol\u00edticas p\u00fablicas para um grupo de idade sens\u00edvel. Ent\u00e3o, nosso primeiro alvo \u00e9 alcan\u00e7ar esse grupo, entre 10 e 14 anos, que encontra-se na pr\u00e9-adolesc\u00eancia e in\u00edcio da adolesc\u00eancia. E, em seguida, ampliar essa conversa para o p\u00fablico de 14 a 17 anos, que contabiliza os maiores \u00edndices de gravidez precoce e de infec\u00e7\u00f5es sexualmente transmiss\u00edveis\u201d.<br>\nO palestrante ressalta que esse grupo apresenta um grande risco de vulnerabilidade e o Estado precisa desenvolver pol\u00edticas p\u00fablicas nessa faixa et\u00e1ria, que carece de aten\u00e7\u00e3o. \u201c\u00c9 fundamental pensarmos em a\u00e7\u00f5es e programas que contemplem a sa\u00fade integral do adolescente e isso precisa ser urgente. Por isso, damos o pontap\u00e9 inicial para essa discuss\u00e3o no Pa\u00eds e todos devem participar desse debate, ou seja, fam\u00edlia, pol\u00edticos e sociedade. <br>\nO vereador de Vit\u00f3ria Wanderson Marinho (PSC) \u00e9 um dos defensores da preserva\u00e7\u00e3o sexual na adolesc\u00eancia e idealizadores da audi\u00eancia p\u00fablica. \u201c\u00c9 um tema relevante, que necessita de aten\u00e7\u00e3o das fam\u00edlias, lideran\u00e7as pol\u00edticas, educadores, especialistas, entre outros profissionais da \u00e1rea\u201d, diz. <br>\nEle ressalta que a adolesc\u00eancia \u00e9 uma fase linda, de novas conquistas, descobertas, realiza\u00e7\u00f5es e estudos. \u201cO sexo precoce, sem maturidade e seguran\u00e7a, pode contribuir para a transmiss\u00e3o de doen\u00e7as e at\u00e9 mesmo uma gravidez indesejada, o que acaba comprometendo o ciclo de forma\u00e7\u00e3o profissional, ou seja, o seu futuro, interrompendo uma fase importante da vida\u201d, refor\u00e7a o vereador.  <br>\nA audi\u00eancia sobre \u201cPreserva\u00e7\u00e3o Sexual na Adolesc\u00eancia\u201d \u00e9 uma iniciativa dos vereadores Wanderson Marinho (PSC), Leonil Dias (PPS), Waguinho Ito (PPS), Neuzinha Oliveira (PSDB) e Davi Esmael (PSB).<\/p>\n\n\n\n<h4 class=\"wp-block-heading\">Projeto de lei defende campanha sobre o tema<\/h4>\n\n\n\n<p>Um projeto de lei (282\/2019), de autoria do vereador Wanderson Marinho (PSC), cria, no munic\u00edpio de Vit\u00f3ria, a Campanha de orienta\u00e7\u00e3o, valoriza\u00e7\u00e3o e preserva\u00e7\u00e3o sexual na adolesc\u00eancia, a ser realizada anualmente durante o m\u00eas de setembro. \u201cA proposta \u00e9 ampliar a discuss\u00e3o sobre o tema e trabalhar no sentido da preven\u00e7\u00e3o, envolvendo toda a sociedade\u201d, afirma o vereador. O projeto de lei j\u00e1 est\u00e1 em tramita\u00e7\u00e3o na C\u00e2mara de Vereadores de Vit\u00f3ria (CMV).<\/p>\n\n\n\n<p><strong>Servi\u00e7o:<br><\/strong> Primeira Audi\u00eancia P\u00fablica no Pa\u00eds, com o tema: \u201cPreserva\u00e7\u00e3o Sexual na Adolesc\u00eancia\u201d. <br> Dia: 04 de mar\u00e7o (quarta-feira)<br> Hor\u00e1rio: 19 horas<br> Local: plen\u00e1rio da C\u00e2mara Municipal de Vit\u00f3ria (CMV)<br> Endere\u00e7o: Av. Marechal Mascarenhas de Moraes, 1788, Bento Ferreira, Vit\u00f3ria-ES.<\/p>\n\n\n\n<h4 class=\"wp-block-heading\">Sobre os palestrantes:<\/h4>\n\n\n\n<p><strong>Nelson Ferreira Neto J\u00fanior<\/strong> \u00e9 criador do Movimento Eu escolhi Esperar. Criado h\u00e1 10 anos, defende a ideia de preserva\u00e7\u00e3o sexual at\u00e9 o casamento. <br> Ele tamb\u00e9m \u00e9 fundador do Instituto Eu Escolhi Esperar, uma organiza\u00e7\u00e3o da sociedade civil \u2013 sem vi\u00e9s religioso \u2013 por meio da qual vem conversando com empres\u00e1rios em busca de apoio financeiro para desenvolver conte\u00fado para adolescentes. Entre as metas do Instituto para este ano ano est\u00e3o a produ\u00e7\u00e3o de hist\u00f3ria em quadrinhos, pe\u00e7a de teatro e um seriado de televis\u00e3o. Ele tamb\u00e9m quer promover diversas audi\u00eancias p\u00fablicas em C\u00e2maras Municipais e Assembleias Legislativas para envolver as fam\u00edlias na discuss\u00e3o. <\/p>\n\n\n\n<p><strong>Thiago de Melo Costa Pereira<\/strong> \u00e9 professor\/pesquisador do Instituto Federal do ES (Ifes) e Universidade Vila Velha (UVV), escritor e palestrante. P\u00f3s- doutor em farmacologia pela Universidade de Santiago de Compostela (Espanha), Mestre e Doutor em Ci\u00eancias Fisiol\u00f3gicas pela Universidade Federal do Esp\u00edrito Santo (Ufes) e Farmac\u00eautico pela Universidade Federal de Ouro Preto. <\/p>\n\n\n\n<p><strong>Sylvia Baiense<\/strong> \u00e9 m\u00e9dica pediatra com especializa\u00e7\u00e3o em ginecologia Infanto Puberal. Respons\u00e1vel pelo ambulat\u00f3rio de Ginecologia de crian\u00e7as e adolescentes do munic\u00edpio da Serra. Respons\u00e1vel pelo ambulat\u00f3rio de Ginecologia Infanto Puberal do Hospital Infantil.<br> Professora da disciplina de Ginecologia Infanto Puberal da Multivix. <\/p>\n\n\n\n<p><strong><em>Texto: Divulga\u00e7\u00e3o<\/em><\/strong><\/p>\n","protected":false},"excerpt":{"rendered":"<p>O evento ser\u00e1 realizado, nesta quarta-feira (04), a partir das 19 horas, no Plen\u00e1rio da C\u00e2mara Municipal de Vit\u00f3ria Vit\u00f3ria sediar\u00e1 a primeira audi\u00eancia p\u00fablica no Pa\u00eds sobre \u201cPreserva\u00e7\u00e3o Sexual na Adolesc\u00eancia\u201d. O evento ser\u00e1 realizado, nesta quarta-feira (04), a partir das 19 horas, no Plen\u00e1rio da C\u00e2mara Municipal de Vit\u00f3ria (CMV). A audi\u00eancia ter\u00e1 [&hellip;]<\/p>\n","protected":false},"author":2,"featured_media":1712,"comment_status":"open","ping_status":"open","sticky":false,"template":"","format":"standard","meta":{"footnotes":""},"categories":[5],"tags":[263,265,264],"class_list":["post-1711","post","type-post","status-publish","format-standard","has-post-thumbnail","hentry","category-geral","tag-adolescencia","tag-prevencao","tag-sexo"],"yoast_head":"<!-- This site is optimized with the Yoast SEO plugin v26.5 - https:\/\/yoast.com\/wordpress\/plugins\/seo\/ -->\n<title>Primeira audi\u00eancia p\u00fablica no Pa\u00eds sobre preserva\u00e7\u00e3o sexual ser\u00e1 realizada em Vit\u00f3ria - Jornal Fatos e Not\u00edcias<\/title>\n<meta name=\"robots\" content=\"index, follow, max-snippet:-1, max-image-preview:large, max-video-preview:-1\" \/>\n<link rel=\"canonical\" href=\"https:\/\/jornalfatosenoticias.com.br\/index.php\/2020\/03\/03\/primeira-audiencia-publica-no-pais-sobre-preservacao-sexual-sera-realizada-em-vitoria\/\" \/>\n<meta property=\"og:locale\" content=\"pt_BR\" \/>\n<meta property=\"og:type\" content=\"article\" \/>\n<meta property=\"og:title\" content=\"Primeira audi\u00eancia p\u00fablica no Pa\u00eds sobre preserva\u00e7\u00e3o sexual ser\u00e1 realizada em Vit\u00f3ria - Jornal Fatos e Not\u00edcias\" \/>\n<meta property=\"og:description\" content=\"O evento ser\u00e1 realizado, nesta quarta-feira (04), a partir das 19 horas, no Plen\u00e1rio da C\u00e2mara Municipal de Vit\u00f3ria Vit\u00f3ria sediar\u00e1 a primeira audi\u00eancia p\u00fablica no Pa\u00eds sobre \u201cPreserva\u00e7\u00e3o Sexual na Adolesc\u00eancia\u201d. O evento ser\u00e1 realizado, nesta quarta-feira (04), a partir das 19 horas, no Plen\u00e1rio da C\u00e2mara Municipal de Vit\u00f3ria (CMV). A audi\u00eancia ter\u00e1 [&hellip;]\" \/>\n<meta property=\"og:url\" content=\"https:\/\/jornalfatosenoticias.com.br\/index.php\/2020\/03\/03\/primeira-audiencia-publica-no-pais-sobre-preservacao-sexual-sera-realizada-em-vitoria\/\" \/>\n<meta property=\"og:site_name\" content=\"Jornal Fatos e Not\u00edcias\" \/>\n<meta property=\"article:published_time\" content=\"2020-03-03T19:24:38+00:00\" \/>\n<meta property=\"article:modified_time\" content=\"2020-03-03T19:24:44+00:00\" \/>\n<meta property=\"og:image\" content=\"https:\/\/jornalfatosenoticias.com.br\/wp-content\/uploads\/2020\/03\/audiencia-publica.jpg\" \/>\n\t<meta property=\"og:image:width\" content=\"1024\" \/>\n\t<meta property=\"og:image:height\" content=\"1024\" \/>\n\t<meta property=\"og:image:type\" content=\"image\/jpeg\" \/>\n<meta name=\"author\" content=\"Luzimara Fernandes\" \/>\n<meta name=\"twitter:card\" content=\"summary_large_image\" \/>\n<meta name=\"twitter:label1\" content=\"Escrito por\" \/>\n\t<meta name=\"twitter:data1\" content=\"Luzimara Fernandes\" \/>\n\t<meta name=\"twitter:label2\" content=\"Est. tempo de leitura\" \/>\n\t<meta name=\"twitter:data2\" content=\"4 minutos\" \/>\n<script type=\"application\/ld+json\" class=\"yoast-schema-graph\">{\"@context\":\"https:\/\/schema.org\",\"@graph\":[{\"@type\":\"Article\",\"@id\":\"https:\/\/jornalfatosenoticias.com.br\/index.php\/2020\/03\/03\/primeira-audiencia-publica-no-pais-sobre-preservacao-sexual-sera-realizada-em-vitoria\/#article\",\"isPartOf\":{\"@id\":\"https:\/\/jornalfatosenoticias.com.br\/index.php\/2020\/03\/03\/primeira-audiencia-publica-no-pais-sobre-preservacao-sexual-sera-realizada-em-vitoria\/\"},\"author\":{\"name\":\"Luzimara Fernandes\",\"@id\":\"https:\/\/jornalfatosenoticias.com.br\/#\/schema\/person\/d63837fa13ac8666eb9e74e0985d6f81\"},\"headline\":\"Primeira audi\u00eancia p\u00fablica no Pa\u00eds sobre preserva\u00e7\u00e3o sexual ser\u00e1 realizada em Vit\u00f3ria\",\"datePublished\":\"2020-03-03T19:24:38+00:00\",\"dateModified\":\"2020-03-03T19:24:44+00:00\",\"mainEntityOfPage\":{\"@id\":\"https:\/\/jornalfatosenoticias.com.br\/index.php\/2020\/03\/03\/primeira-audiencia-publica-no-pais-sobre-preservacao-sexual-sera-realizada-em-vitoria\/\"},\"wordCount\":824,\"commentCount\":0,\"publisher\":{\"@id\":\"https:\/\/jornalfatosenoticias.com.br\/#organization\"},\"image\":{\"@id\":\"https:\/\/jornalfatosenoticias.com.br\/index.php\/2020\/03\/03\/primeira-audiencia-publica-no-pais-sobre-preservacao-sexual-sera-realizada-em-vitoria\/#primaryimage\"},\"thumbnailUrl\":\"https:\/\/jornalfatosenoticias.com.br\/wp-content\/uploads\/2020\/03\/audiencia-publica.jpg\",\"keywords\":[\"adolesc\u00eancia\",\"preven\u00e7\u00e3o\",\"sexo\"],\"articleSection\":[\"Geral\"],\"inLanguage\":\"pt-BR\",\"potentialAction\":[{\"@type\":\"CommentAction\",\"name\":\"Comment\",\"target\":[\"https:\/\/jornalfatosenoticias.com.br\/index.php\/2020\/03\/03\/primeira-audiencia-publica-no-pais-sobre-preservacao-sexual-sera-realizada-em-vitoria\/#respond\"]}]},{\"@type\":\"WebPage\",\"@id\":\"https:\/\/jornalfatosenoticias.com.br\/index.php\/2020\/03\/03\/primeira-audiencia-publica-no-pais-sobre-preservacao-sexual-sera-realizada-em-vitoria\/\",\"url\":\"https:\/\/jornalfatosenoticias.com.br\/index.php\/2020\/03\/03\/primeira-audiencia-publica-no-pais-sobre-preservacao-sexual-sera-realizada-em-vitoria\/\",\"name\":\"Primeira audi\u00eancia p\u00fablica no Pa\u00eds sobre preserva\u00e7\u00e3o sexual ser\u00e1 realizada em Vit\u00f3ria - Jornal Fatos e Not\u00edcias\",\"isPartOf\":{\"@id\":\"https:\/\/jornalfatosenoticias.com.br\/#website\"},\"primaryImageOfPage\":{\"@id\":\"https:\/\/jornalfatosenoticias.com.br\/index.php\/2020\/03\/03\/primeira-audiencia-publica-no-pais-sobre-preservacao-sexual-sera-realizada-em-vitoria\/#primaryimage\"},\"image\":{\"@id\":\"https:\/\/jornalfatosenoticias.com.br\/index.php\/2020\/03\/03\/primeira-audiencia-publica-no-pais-sobre-preservacao-sexual-sera-realizada-em-vitoria\/#primaryimage\"},\"thumbnailUrl\":\"https:\/\/jornalfatosenoticias.com.br\/wp-content\/uploads\/2020\/03\/audiencia-publica.jpg\",\"datePublished\":\"2020-03-03T19:24:38+00:00\",\"dateModified\":\"2020-03-03T19:24:44+00:00\",\"breadcrumb\":{\"@id\":\"https:\/\/jornalfatosenoticias.com.br\/index.php\/2020\/03\/03\/primeira-audiencia-publica-no-pais-sobre-preservacao-sexual-sera-realizada-em-vitoria\/#breadcrumb\"},\"inLanguage\":\"pt-BR\",\"potentialAction\":[{\"@type\":\"ReadAction\",\"target\":[\"https:\/\/jornalfatosenoticias.com.br\/index.php\/2020\/03\/03\/primeira-audiencia-publica-no-pais-sobre-preservacao-sexual-sera-realizada-em-vitoria\/\"]}]},{\"@type\":\"ImageObject\",\"inLanguage\":\"pt-BR\",\"@id\":\"https:\/\/jornalfatosenoticias.com.br\/index.php\/2020\/03\/03\/primeira-audiencia-publica-no-pais-sobre-preservacao-sexual-sera-realizada-em-vitoria\/#primaryimage\",\"url\":\"https:\/\/jornalfatosenoticias.com.br\/wp-content\/uploads\/2020\/03\/audiencia-publica.jpg\",\"contentUrl\":\"https:\/\/jornalfatosenoticias.com.br\/wp-content\/uploads\/2020\/03\/audiencia-publica.jpg\",\"width\":1024,\"height\":1024},{\"@type\":\"BreadcrumbList\",\"@id\":\"https:\/\/jornalfatosenoticias.com.br\/index.php\/2020\/03\/03\/primeira-audiencia-publica-no-pais-sobre-preservacao-sexual-sera-realizada-em-vitoria\/#breadcrumb\",\"itemListElement\":[{\"@type\":\"ListItem\",\"position\":1,\"name\":\"In\u00edcio\",\"item\":\"https:\/\/jornalfatosenoticias.com.br\/\"},{\"@type\":\"ListItem\",\"position\":2,\"name\":\"Primeira audi\u00eancia p\u00fablica no Pa\u00eds sobre preserva\u00e7\u00e3o sexual ser\u00e1 realizada em Vit\u00f3ria\"}]},{\"@type\":\"WebSite\",\"@id\":\"https:\/\/jornalfatosenoticias.com.br\/#website\",\"url\":\"https:\/\/jornalfatosenoticias.com.br\/\",\"name\":\"Jornal Fatos e Not\u00edcias\",\"description\":\"Not\u00edcias em geral\",\"publisher\":{\"@id\":\"https:\/\/jornalfatosenoticias.com.br\/#organization\"},\"potentialAction\":[{\"@type\":\"SearchAction\",\"target\":{\"@type\":\"EntryPoint\",\"urlTemplate\":\"https:\/\/jornalfatosenoticias.com.br\/?s={search_term_string}\"},\"query-input\":{\"@type\":\"PropertyValueSpecification\",\"valueRequired\":true,\"valueName\":\"search_term_string\"}}],\"inLanguage\":\"pt-BR\"},{\"@type\":\"Organization\",\"@id\":\"https:\/\/jornalfatosenoticias.com.br\/#organization\",\"name\":\"Jornal Fatos e Not\u00edcias\",\"url\":\"https:\/\/jornalfatosenoticias.com.br\/\",\"logo\":{\"@type\":\"ImageObject\",\"inLanguage\":\"pt-BR\",\"@id\":\"https:\/\/jornalfatosenoticias.com.br\/#\/schema\/logo\/image\/\",\"url\":\"https:\/\/jornalfatosenoticias.com.br\/wp-content\/uploads\/2020\/02\/logo120.png\",\"contentUrl\":\"https:\/\/jornalfatosenoticias.com.br\/wp-content\/uploads\/2020\/02\/logo120.png\",\"width\":1227,\"height\":120,\"caption\":\"Jornal Fatos e Not\u00edcias\"},\"image\":{\"@id\":\"https:\/\/jornalfatosenoticias.com.br\/#\/schema\/logo\/image\/\"}},{\"@type\":\"Person\",\"@id\":\"https:\/\/jornalfatosenoticias.com.br\/#\/schema\/person\/d63837fa13ac8666eb9e74e0985d6f81\",\"name\":\"Luzimara Fernandes\",\"image\":{\"@type\":\"ImageObject\",\"inLanguage\":\"pt-BR\",\"@id\":\"https:\/\/jornalfatosenoticias.com.br\/#\/schema\/person\/image\/\",\"url\":\"https:\/\/jornalfatosenoticias.com.br\/wp-content\/uploads\/2025\/05\/EU_portal.jpg\",\"contentUrl\":\"https:\/\/jornalfatosenoticias.com.br\/wp-content\/uploads\/2025\/05\/EU_portal.jpg\",\"caption\":\"Luzimara Fernandes\"},\"description\":\"Jornalista MTB 2358-ES\",\"sameAs\":[\"https:\/\/jornalfatosenoticias.com.br\"],\"url\":\"https:\/\/jornalfatosenoticias.com.br\/index.php\/author\/luzimara\/\"}]}<\/script>\n<!-- \/ Yoast SEO plugin. -->","yoast_head_json":{"title":"Primeira audi\u00eancia p\u00fablica no Pa\u00eds sobre preserva\u00e7\u00e3o sexual ser\u00e1 realizada em Vit\u00f3ria - Jornal Fatos e Not\u00edcias","robots":{"index":"index","follow":"follow","max-snippet":"max-snippet:-1","max-image-preview":"max-image-preview:large","max-video-preview":"max-video-preview:-1"},"canonical":"https:\/\/jornalfatosenoticias.com.br\/index.php\/2020\/03\/03\/primeira-audiencia-publica-no-pais-sobre-preservacao-sexual-sera-realizada-em-vitoria\/","og_locale":"pt_BR","og_type":"article","og_title":"Primeira audi\u00eancia p\u00fablica no Pa\u00eds sobre preserva\u00e7\u00e3o sexual ser\u00e1 realizada em Vit\u00f3ria - Jornal Fatos e Not\u00edcias","og_description":"O evento ser\u00e1 realizado, nesta quarta-feira (04), a partir das 19 horas, no Plen\u00e1rio da C\u00e2mara Municipal de Vit\u00f3ria Vit\u00f3ria sediar\u00e1 a primeira audi\u00eancia p\u00fablica no Pa\u00eds sobre \u201cPreserva\u00e7\u00e3o Sexual na Adolesc\u00eancia\u201d. O evento ser\u00e1 realizado, nesta quarta-feira (04), a partir das 19 horas, no Plen\u00e1rio da C\u00e2mara Municipal de Vit\u00f3ria (CMV). A audi\u00eancia ter\u00e1 [&hellip;]","og_url":"https:\/\/jornalfatosenoticias.com.br\/index.php\/2020\/03\/03\/primeira-audiencia-publica-no-pais-sobre-preservacao-sexual-sera-realizada-em-vitoria\/","og_site_name":"Jornal Fatos e Not\u00edcias","article_published_time":"2020-03-03T19:24:38+00:00","article_modified_time":"2020-03-03T19:24:44+00:00","og_image":[{"width":1024,"height":1024,"url":"https:\/\/jornalfatosenoticias.com.br\/wp-content\/uploads\/2020\/03\/audiencia-publica.jpg","type":"image\/jpeg"}],"author":"Luzimara Fernandes","twitter_card":"summary_large_image","twitter_misc":{"Escrito por":"Luzimara Fernandes","Est. tempo de leitura":"4 minutos"},"schema":{"@context":"https:\/\/schema.org","@graph":[{"@type":"Article","@id":"https:\/\/jornalfatosenoticias.com.br\/index.php\/2020\/03\/03\/primeira-audiencia-publica-no-pais-sobre-preservacao-sexual-sera-realizada-em-vitoria\/#article","isPartOf":{"@id":"https:\/\/jornalfatosenoticias.com.br\/index.php\/2020\/03\/03\/primeira-audiencia-publica-no-pais-sobre-preservacao-sexual-sera-realizada-em-vitoria\/"},"author":{"name":"Luzimara Fernandes","@id":"https:\/\/jornalfatosenoticias.com.br\/#\/schema\/person\/d63837fa13ac8666eb9e74e0985d6f81"},"headline":"Primeira audi\u00eancia p\u00fablica no Pa\u00eds sobre preserva\u00e7\u00e3o sexual ser\u00e1 realizada em Vit\u00f3ria","datePublished":"2020-03-03T19:24:38+00:00","dateModified":"2020-03-03T19:24:44+00:00","mainEntityOfPage":{"@id":"https:\/\/jornalfatosenoticias.com.br\/index.php\/2020\/03\/03\/primeira-audiencia-publica-no-pais-sobre-preservacao-sexual-sera-realizada-em-vitoria\/"},"wordCount":824,"commentCount":0,"publisher":{"@id":"https:\/\/jornalfatosenoticias.com.br\/#organization"},"image":{"@id":"https:\/\/jornalfatosenoticias.com.br\/index.php\/2020\/03\/03\/primeira-audiencia-publica-no-pais-sobre-preservacao-sexual-sera-realizada-em-vitoria\/#primaryimage"},"thumbnailUrl":"https:\/\/jornalfatosenoticias.com.br\/wp-content\/uploads\/2020\/03\/audiencia-publica.jpg","keywords":["adolesc\u00eancia","preven\u00e7\u00e3o","sexo"],"articleSection":["Geral"],"inLanguage":"pt-BR","potentialAction":[{"@type":"CommentAction","name":"Comment","target":["https:\/\/jornalfatosenoticias.com.br\/index.php\/2020\/03\/03\/primeira-audiencia-publica-no-pais-sobre-preservacao-sexual-sera-realizada-em-vitoria\/#respond"]}]},{"@type":"WebPage","@id":"https:\/\/jornalfatosenoticias.com.br\/index.php\/2020\/03\/03\/primeira-audiencia-publica-no-pais-sobre-preservacao-sexual-sera-realizada-em-vitoria\/","url":"https:\/\/jornalfatosenoticias.com.br\/index.php\/2020\/03\/03\/primeira-audiencia-publica-no-pais-sobre-preservacao-sexual-sera-realizada-em-vitoria\/","name":"Primeira audi\u00eancia p\u00fablica no Pa\u00eds sobre preserva\u00e7\u00e3o sexual ser\u00e1 realizada em Vit\u00f3ria - Jornal Fatos e Not\u00edcias","isPartOf":{"@id":"https:\/\/jornalfatosenoticias.com.br\/#website"},"primaryImageOfPage":{"@id":"https:\/\/jornalfatosenoticias.com.br\/index.php\/2020\/03\/03\/primeira-audiencia-publica-no-pais-sobre-preservacao-sexual-sera-realizada-em-vitoria\/#primaryimage"},"image":{"@id":"https:\/\/jornalfatosenoticias.com.br\/index.php\/2020\/03\/03\/primeira-audiencia-publica-no-pais-sobre-preservacao-sexual-sera-realizada-em-vitoria\/#primaryimage"},"thumbnailUrl":"https:\/\/jornalfatosenoticias.com.br\/wp-content\/uploads\/2020\/03\/audiencia-publica.jpg","datePublished":"2020-03-03T19:24:38+00:00","dateModified":"2020-03-03T19:24:44+00:00","breadcrumb":{"@id":"https:\/\/jornalfatosenoticias.com.br\/index.php\/2020\/03\/03\/primeira-audiencia-publica-no-pais-sobre-preservacao-sexual-sera-realizada-em-vitoria\/#breadcrumb"},"inLanguage":"pt-BR","potentialAction":[{"@type":"ReadAction","target":["https:\/\/jornalfatosenoticias.com.br\/index.php\/2020\/03\/03\/primeira-audiencia-publica-no-pais-sobre-preservacao-sexual-sera-realizada-em-vitoria\/"]}]},{"@type":"ImageObject","inLanguage":"pt-BR","@id":"https:\/\/jornalfatosenoticias.com.br\/index.php\/2020\/03\/03\/primeira-audiencia-publica-no-pais-sobre-preservacao-sexual-sera-realizada-em-vitoria\/#primaryimage","url":"https:\/\/jornalfatosenoticias.com.br\/wp-content\/uploads\/2020\/03\/audiencia-publica.jpg","contentUrl":"https:\/\/jornalfatosenoticias.com.br\/wp-content\/uploads\/2020\/03\/audiencia-publica.jpg","width":1024,"height":1024},{"@type":"BreadcrumbList","@id":"https:\/\/jornalfatosenoticias.com.br\/index.php\/2020\/03\/03\/primeira-audiencia-publica-no-pais-sobre-preservacao-sexual-sera-realizada-em-vitoria\/#breadcrumb","itemListElement":[{"@type":"ListItem","position":1,"name":"In\u00edcio","item":"https:\/\/jornalfatosenoticias.com.br\/"},{"@type":"ListItem","position":2,"name":"Primeira audi\u00eancia p\u00fablica no Pa\u00eds sobre preserva\u00e7\u00e3o sexual ser\u00e1 realizada em Vit\u00f3ria"}]},{"@type":"WebSite","@id":"https:\/\/jornalfatosenoticias.com.br\/#website","url":"https:\/\/jornalfatosenoticias.com.br\/","name":"Jornal Fatos e Not\u00edcias","description":"Not\u00edcias em geral","publisher":{"@id":"https:\/\/jornalfatosenoticias.com.br\/#organization"},"potentialAction":[{"@type":"SearchAction","target":{"@type":"EntryPoint","urlTemplate":"https:\/\/jornalfatosenoticias.com.br\/?s={search_term_string}"},"query-input":{"@type":"PropertyValueSpecification","valueRequired":true,"valueName":"search_term_string"}}],"inLanguage":"pt-BR"},{"@type":"Organization","@id":"https:\/\/jornalfatosenoticias.com.br\/#organization","name":"Jornal Fatos e Not\u00edcias","url":"https:\/\/jornalfatosenoticias.com.br\/","logo":{"@type":"ImageObject","inLanguage":"pt-BR","@id":"https:\/\/jornalfatosenoticias.com.br\/#\/schema\/logo\/image\/","url":"https:\/\/jornalfatosenoticias.com.br\/wp-content\/uploads\/2020\/02\/logo120.png","contentUrl":"https:\/\/jornalfatosenoticias.com.br\/wp-content\/uploads\/2020\/02\/logo120.png","width":1227,"height":120,"caption":"Jornal Fatos e Not\u00edcias"},"image":{"@id":"https:\/\/jornalfatosenoticias.com.br\/#\/schema\/logo\/image\/"}},{"@type":"Person","@id":"https:\/\/jornalfatosenoticias.com.br\/#\/schema\/person\/d63837fa13ac8666eb9e74e0985d6f81","name":"Luzimara Fernandes","image":{"@type":"ImageObject","inLanguage":"pt-BR","@id":"https:\/\/jornalfatosenoticias.com.br\/#\/schema\/person\/image\/","url":"https:\/\/jornalfatosenoticias.com.br\/wp-content\/uploads\/2025\/05\/EU_portal.jpg","contentUrl":"https:\/\/jornalfatosenoticias.com.br\/wp-content\/uploads\/2025\/05\/EU_portal.jpg","caption":"Luzimara Fernandes"},"description":"Jornalista MTB 2358-ES","sameAs":["https:\/\/jornalfatosenoticias.com.br"],"url":"https:\/\/jornalfatosenoticias.com.br\/index.php\/author\/luzimara\/"}]}},"cc_featured_image_caption":{"caption_text":"Cartaz audi\u00eancia p\u00fablica (Foto: Divulga\u00e7\u00e3o)","source_text":"","source_url":""},"jetpack_featured_media_url":"https:\/\/jornalfatosenoticias.com.br\/wp-content\/uploads\/2020\/03\/audiencia-publica.jpg","_links":{"self":[{"href":"https:\/\/jornalfatosenoticias.com.br\/index.php\/wp-json\/wp\/v2\/posts\/1711","targetHints":{"allow":["GET"]}}],"collection":[{"href":"https:\/\/jornalfatosenoticias.com.br\/index.php\/wp-json\/wp\/v2\/posts"}],"about":[{"href":"https:\/\/jornalfatosenoticias.com.br\/index.php\/wp-json\/wp\/v2\/types\/post"}],"author":[{"embeddable":true,"href":"https:\/\/jornalfatosenoticias.com.br\/index.php\/wp-json\/wp\/v2\/users\/2"}],"replies":[{"embeddable":true,"href":"https:\/\/jornalfatosenoticias.com.br\/index.php\/wp-json\/wp\/v2\/comments?post=1711"}],"version-history":[{"count":0,"href":"https:\/\/jornalfatosenoticias.com.br\/index.php\/wp-json\/wp\/v2\/posts\/1711\/revisions"}],"wp:featuredmedia":[{"embeddable":true,"href":"https:\/\/jornalfatosenoticias.com.br\/index.php\/wp-json\/wp\/v2\/media\/1712"}],"wp:attachment":[{"href":"https:\/\/jornalfatosenoticias.com.br\/index.php\/wp-json\/wp\/v2\/media?parent=1711"}],"wp:term":[{"taxonomy":"category","embeddable":true,"href":"https:\/\/jornalfatosenoticias.com.br\/index.php\/wp-json\/wp\/v2\/categories?post=1711"},{"taxonomy":"post_tag","embeddable":true,"href":"https:\/\/jornalfatosenoticias.com.br\/index.php\/wp-json\/wp\/v2\/tags?post=1711"}],"curies":[{"name":"wp","href":"https:\/\/api.w.org\/{rel}","templated":true}]}}