{"id":17163,"date":"2021-04-19T14:08:32","date_gmt":"2021-04-19T17:08:32","guid":{"rendered":"https:\/\/jornalfatosenoticias.com.br\/?p=17163"},"modified":"2021-04-19T14:08:38","modified_gmt":"2021-04-19T17:08:38","slug":"a-ultima-floresta-tem-debate-com-liderancas-indigenas","status":"publish","type":"post","link":"https:\/\/jornalfatosenoticias.com.br\/index.php\/2021\/04\/19\/a-ultima-floresta-tem-debate-com-liderancas-indigenas\/","title":{"rendered":"\u201cA \u00daltima Floresta\u201d tem debate com lideran\u00e7as ind\u00edgenas"},"content":{"rendered":"\n<p><em>Bate-papo re\u00fane Davi Kopenawa, Sonia Guajajara, Ailton Krenak e o diretor Luiz Bolognesi<\/em><\/p>\n\n\n\n<p>\u201cA \u00daltima Floresta\u201d,\u202flonga-metragem\u202fdirigido por Luiz Bolognesi e escrito em parceria com Davi Kopenawa Yanomami, ter\u00e1 debate nesta segunda-feira, 19 de abril, \u00e0s 19h30 no YouTube do <a href=\"https:\/\/www.youtube.com\/channel\/UCzfLgTutIhm8jlsbPpxgvyg\" target=\"_blank\" rel=\"noreferrer noopener\">Instituto\u202fSocioambiental\u202f(ISA)<\/a>,\u00a0no Twitter do\u00a0<a href=\"https:\/\/twitter.com\/GreenpeaceBR?ref_src=twsrc%5Egoogle%7Ctwcamp%5Eserp%7Ctwgr%5Eauthor\" target=\"_blank\" rel=\"noreferrer noopener\">@GreenpeaceBR<\/a>\u00a0e no Facebook da\u00a0<a href=\"http:\/\/www.facebook.com.br\/GullaneEntretenimento\" target=\"_blank\" rel=\"noreferrer noopener\">Gullane<\/a>.<br>O diretor Luiz Bolognesi participa do bate-papo com tr\u00eas lideran\u00e7as ind\u00edgenas: o xam\u00e3 e escritor\u202fDavi\u202fKopenawa\u202fYanomami, autor do livro \u201cA queda do c\u00e9u: Palavras de um xam\u00e3 yanomami\u201d, a coordenadora-executiva da Articula\u00e7\u00e3o dos Povos Ind\u00edgenas do Brasil (APIB) e cofundadora da Articula\u00e7\u00e3o Nacional das Mulheres Guerreiras da Ancestralidade (ANMIGA), mestra em Cultura e Sociedade, Sonia Guajajara, e o ambientalista, fil\u00f3sofo, poeta e escritor Ailton Krenak, autor de \u201cIdeias para Adiar o Fim do Mundo\u201d, um dos livros mais vendidos da Flip 2019.<\/p>\n\n\n\n<figure class=\"wp-block-image size-large\"><img loading=\"lazy\" decoding=\"async\" width=\"1024\" height=\"1024\" src=\"https:\/\/jornalfatosenoticias.com.br\/wp-content\/uploads\/2021\/04\/Debate-A-Ultima-Floresta-1024x1024.jpg\" alt=\"\" class=\"wp-image-17164\" srcset=\"https:\/\/jornalfatosenoticias.com.br\/wp-content\/uploads\/2021\/04\/Debate-A-Ultima-Floresta.jpg 1024w, https:\/\/jornalfatosenoticias.com.br\/wp-content\/uploads\/2021\/04\/Debate-A-Ultima-Floresta-300x300.jpg 300w, https:\/\/jornalfatosenoticias.com.br\/wp-content\/uploads\/2021\/04\/Debate-A-Ultima-Floresta-150x150.jpg 150w, https:\/\/jornalfatosenoticias.com.br\/wp-content\/uploads\/2021\/04\/Debate-A-Ultima-Floresta-768x768.jpg 768w\" sizes=\"auto, (max-width: 1024px) 100vw, 1024px\" \/><figcaption><em>A media\u00e7\u00e3o ser\u00e1 feita pela antrop\u00f3loga L\u00eddia Montanha Castro, consultora do Instituto Socioambiental (ISA) (Foto: Divulga\u00e7\u00e3o)<\/em><\/figcaption><\/figure>\n\n\n\n<p><strong><span class=\"has-inline-color has-vivid-green-cyan-color\">A \u00daltima Floresta<br><\/span><\/strong>O longa-metragem estreou no Brasil neste domingo, 18 de abril, no 26\u00ba \u00c9 Tudo Verdade \u2014 Festival Internacional de Document\u00e1rios. O filme retrata\u202fo cotidiano de um grupo Yanomami isolado, que vive em um territ\u00f3rio ao norte do Brasil e\u202fao\u202fsul da Venezuela h\u00e1 mais de mil anos.<br>O xam\u00e3 Davi\u202fKopenawa\u202fYanomami\u202fbusca proteger\u202fas tradi\u00e7\u00f5es de sua comunidade\u202fe\u202fcont\u00e1-las\u202fpara o homem branco que, segundo ele,\u202fnunca os viu, nem\u202fos\u202fouviu.\u202fEnquanto\u202fKopenawa\u202ftenta manter vivos os esp\u00edritos da floresta, ele e os demais ind\u00edgenas lutam para que a lei seja cumprida e os invasores do garimpo retirados do territ\u00f3rio legalmente demarcado. Mais de 10 mil garimpeiros ilegais, que invadiram o\u202flocal\u202fem 2020, derrubam a floresta, envenenam os rios e espalham covid e outras doen\u00e7as entre os ind\u00edgenas.\u202f<\/p>\n\n\n\n<figure class=\"wp-block-embed-youtube wp-block-embed is-type-video is-provider-youtube wp-embed-aspect-16-9 wp-has-aspect-ratio\"><div class=\"wp-block-embed__wrapper\">\n<iframe loading=\"lazy\" title=\"A \u00daltima Floresta - Trailer 1\" width=\"660\" height=\"371\" src=\"https:\/\/www.youtube.com\/embed\/WAVOR3Ob1_g?feature=oembed\" frameborder=\"0\" allow=\"accelerometer; autoplay; clipboard-write; encrypted-media; gyroscope; picture-in-picture; web-share\" referrerpolicy=\"strict-origin-when-cross-origin\" allowfullscreen><\/iframe>\n<\/div><\/figure>\n\n\n\n<p>O longa teve sua estreia mundial no Festival Internacional de Cinema de Berlim, sendo o \u00fanico filme brasileiro presente na mostra Panorama. Em 2018, o premiado \u201cEx-Paj\u00e9\u201d esteve na mesma sele\u00e7\u00e3o do evento. \u201cA \u00daltima Floresta\u201d tamb\u00e9m foi selecionado para os festivais Visions du R\u00e9el, em Nyon, na Su\u00ed\u00e7a, e para o Hot Docs, em Toronto, no Canad\u00e1.<br><strong><em>Para assistir ao filme \u00e9 necess\u00e1rio se cadastrar gratuitamente na plataforma <a href=\"https:\/\/www.looke.com.br\/channel\/etudoverdade\" target=\"_blank\" rel=\"noreferrer noopener\">Looke<\/a>. H\u00e1 limite de duas mil visualiza\u00e7\u00f5es<\/em><\/strong>.<br>O filme \u00e9\u202fproduzido pela Gullane e Buriti Filmes em associa\u00e7\u00e3o com a Hutukara Associa\u00e7\u00e3o Yanomami e o Instituto Socioambiental (ISA). A\u202festreia no Brasil est\u00e1 prevista para o segundo semestre\u202fde 2021, com distribui\u00e7\u00e3o da Gullane.\u202f<\/p>\n\n\n\n<p><strong><em>Fonte: <a href=\"https:\/\/ciclovivo.com.br\/fique-ligado\/eventos\/a-ultima-floresta-tem-debate-com-liderancas-indigenas\/\">CicloVivo<\/a><\/em><\/strong><\/p>\n","protected":false},"excerpt":{"rendered":"<p>Bate-papo re\u00fane Davi Kopenawa, Sonia Guajajara, Ailton Krenak e o diretor Luiz Bolognesi \u201cA \u00daltima Floresta\u201d,\u202flonga-metragem\u202fdirigido por Luiz Bolognesi e escrito em parceria com Davi Kopenawa Yanomami, ter\u00e1 debate nesta segunda-feira, 19 de abril, \u00e0s 19h30 no YouTube do Instituto\u202fSocioambiental\u202f(ISA),\u00a0no Twitter do\u00a0@GreenpeaceBR\u00a0e no Facebook da\u00a0Gullane.O diretor Luiz Bolognesi participa do bate-papo com tr\u00eas lideran\u00e7as ind\u00edgenas: [&hellip;]<\/p>\n","protected":false},"author":2,"featured_media":17165,"comment_status":"open","ping_status":"open","sticky":false,"template":"","format":"standard","meta":{"footnotes":""},"categories":[4],"tags":[7817,8567,8569,1718,8568,8566],"class_list":["post-17163","post","type-post","status-publish","format-standard","has-post-thumbnail","hentry","category-cultura","tag-a-ultima-floresta","tag-anmiga","tag-apib","tag-dia-do-indio","tag-flip","tag-isa"],"yoast_head":"<!-- This site is optimized with the Yoast SEO plugin v26.5 - https:\/\/yoast.com\/wordpress\/plugins\/seo\/ -->\n<title>\u201cA \u00daltima Floresta\u201d tem debate com lideran\u00e7as ind\u00edgenas - Jornal Fatos e Not\u00edcias<\/title>\n<meta name=\"robots\" content=\"index, follow, max-snippet:-1, max-image-preview:large, max-video-preview:-1\" \/>\n<link rel=\"canonical\" href=\"https:\/\/jornalfatosenoticias.com.br\/index.php\/2021\/04\/19\/a-ultima-floresta-tem-debate-com-liderancas-indigenas\/\" \/>\n<meta property=\"og:locale\" content=\"pt_BR\" \/>\n<meta property=\"og:type\" content=\"article\" \/>\n<meta property=\"og:title\" content=\"\u201cA \u00daltima Floresta\u201d tem debate com lideran\u00e7as ind\u00edgenas - Jornal Fatos e Not\u00edcias\" \/>\n<meta property=\"og:description\" content=\"Bate-papo re\u00fane Davi Kopenawa, Sonia Guajajara, Ailton Krenak e o diretor Luiz Bolognesi \u201cA \u00daltima Floresta\u201d,\u202flonga-metragem\u202fdirigido por Luiz Bolognesi e escrito em parceria com Davi Kopenawa Yanomami, ter\u00e1 debate nesta segunda-feira, 19 de abril, \u00e0s 19h30 no YouTube do Instituto\u202fSocioambiental\u202f(ISA),\u00a0no Twitter do\u00a0@GreenpeaceBR\u00a0e no Facebook da\u00a0Gullane.O diretor Luiz Bolognesi participa do bate-papo com tr\u00eas lideran\u00e7as ind\u00edgenas: [&hellip;]\" \/>\n<meta property=\"og:url\" content=\"https:\/\/jornalfatosenoticias.com.br\/index.php\/2021\/04\/19\/a-ultima-floresta-tem-debate-com-liderancas-indigenas\/\" \/>\n<meta property=\"og:site_name\" content=\"Jornal Fatos e Not\u00edcias\" \/>\n<meta property=\"article:published_time\" content=\"2021-04-19T17:08:32+00:00\" \/>\n<meta property=\"article:modified_time\" content=\"2021-04-19T17:08:38+00:00\" \/>\n<meta property=\"og:image\" content=\"https:\/\/jornalfatosenoticias.com.br\/wp-content\/uploads\/2021\/04\/A-Ultima-Floresta-Pedro-J-Marquez.jpg\" \/>\n\t<meta property=\"og:image:width\" content=\"1000\" \/>\n\t<meta property=\"og:image:height\" content=\"687\" \/>\n\t<meta property=\"og:image:type\" content=\"image\/jpeg\" \/>\n<meta name=\"author\" content=\"Luzimara Fernandes\" \/>\n<meta name=\"twitter:card\" content=\"summary_large_image\" \/>\n<meta name=\"twitter:label1\" content=\"Escrito por\" \/>\n\t<meta name=\"twitter:data1\" content=\"Luzimara Fernandes\" \/>\n\t<meta name=\"twitter:label2\" content=\"Est. tempo de leitura\" \/>\n\t<meta name=\"twitter:data2\" content=\"2 minutos\" \/>\n<script type=\"application\/ld+json\" class=\"yoast-schema-graph\">{\"@context\":\"https:\/\/schema.org\",\"@graph\":[{\"@type\":\"Article\",\"@id\":\"https:\/\/jornalfatosenoticias.com.br\/index.php\/2021\/04\/19\/a-ultima-floresta-tem-debate-com-liderancas-indigenas\/#article\",\"isPartOf\":{\"@id\":\"https:\/\/jornalfatosenoticias.com.br\/index.php\/2021\/04\/19\/a-ultima-floresta-tem-debate-com-liderancas-indigenas\/\"},\"author\":{\"name\":\"Luzimara Fernandes\",\"@id\":\"https:\/\/jornalfatosenoticias.com.br\/#\/schema\/person\/d63837fa13ac8666eb9e74e0985d6f81\"},\"headline\":\"\u201cA \u00daltima Floresta\u201d tem debate com lideran\u00e7as ind\u00edgenas\",\"datePublished\":\"2021-04-19T17:08:32+00:00\",\"dateModified\":\"2021-04-19T17:08:38+00:00\",\"mainEntityOfPage\":{\"@id\":\"https:\/\/jornalfatosenoticias.com.br\/index.php\/2021\/04\/19\/a-ultima-floresta-tem-debate-com-liderancas-indigenas\/\"},\"wordCount\":447,\"commentCount\":0,\"publisher\":{\"@id\":\"https:\/\/jornalfatosenoticias.com.br\/#organization\"},\"image\":{\"@id\":\"https:\/\/jornalfatosenoticias.com.br\/index.php\/2021\/04\/19\/a-ultima-floresta-tem-debate-com-liderancas-indigenas\/#primaryimage\"},\"thumbnailUrl\":\"https:\/\/jornalfatosenoticias.com.br\/wp-content\/uploads\/2021\/04\/A-Ultima-Floresta-Pedro-J-Marquez.jpg\",\"keywords\":[\"A \u00daltima Floresta\",\"ANMIGA\",\"APIB\",\"Dia do \u00cdndio\",\"Flip\",\"ISA\"],\"articleSection\":[\"Cultura\"],\"inLanguage\":\"pt-BR\",\"potentialAction\":[{\"@type\":\"CommentAction\",\"name\":\"Comment\",\"target\":[\"https:\/\/jornalfatosenoticias.com.br\/index.php\/2021\/04\/19\/a-ultima-floresta-tem-debate-com-liderancas-indigenas\/#respond\"]}]},{\"@type\":\"WebPage\",\"@id\":\"https:\/\/jornalfatosenoticias.com.br\/index.php\/2021\/04\/19\/a-ultima-floresta-tem-debate-com-liderancas-indigenas\/\",\"url\":\"https:\/\/jornalfatosenoticias.com.br\/index.php\/2021\/04\/19\/a-ultima-floresta-tem-debate-com-liderancas-indigenas\/\",\"name\":\"\u201cA \u00daltima Floresta\u201d tem debate com lideran\u00e7as ind\u00edgenas - Jornal Fatos e Not\u00edcias\",\"isPartOf\":{\"@id\":\"https:\/\/jornalfatosenoticias.com.br\/#website\"},\"primaryImageOfPage\":{\"@id\":\"https:\/\/jornalfatosenoticias.com.br\/index.php\/2021\/04\/19\/a-ultima-floresta-tem-debate-com-liderancas-indigenas\/#primaryimage\"},\"image\":{\"@id\":\"https:\/\/jornalfatosenoticias.com.br\/index.php\/2021\/04\/19\/a-ultima-floresta-tem-debate-com-liderancas-indigenas\/#primaryimage\"},\"thumbnailUrl\":\"https:\/\/jornalfatosenoticias.com.br\/wp-content\/uploads\/2021\/04\/A-Ultima-Floresta-Pedro-J-Marquez.jpg\",\"datePublished\":\"2021-04-19T17:08:32+00:00\",\"dateModified\":\"2021-04-19T17:08:38+00:00\",\"breadcrumb\":{\"@id\":\"https:\/\/jornalfatosenoticias.com.br\/index.php\/2021\/04\/19\/a-ultima-floresta-tem-debate-com-liderancas-indigenas\/#breadcrumb\"},\"inLanguage\":\"pt-BR\",\"potentialAction\":[{\"@type\":\"ReadAction\",\"target\":[\"https:\/\/jornalfatosenoticias.com.br\/index.php\/2021\/04\/19\/a-ultima-floresta-tem-debate-com-liderancas-indigenas\/\"]}]},{\"@type\":\"ImageObject\",\"inLanguage\":\"pt-BR\",\"@id\":\"https:\/\/jornalfatosenoticias.com.br\/index.php\/2021\/04\/19\/a-ultima-floresta-tem-debate-com-liderancas-indigenas\/#primaryimage\",\"url\":\"https:\/\/jornalfatosenoticias.com.br\/wp-content\/uploads\/2021\/04\/A-Ultima-Floresta-Pedro-J-Marquez.jpg\",\"contentUrl\":\"https:\/\/jornalfatosenoticias.com.br\/wp-content\/uploads\/2021\/04\/A-Ultima-Floresta-Pedro-J-Marquez.jpg\",\"width\":1000,\"height\":687},{\"@type\":\"BreadcrumbList\",\"@id\":\"https:\/\/jornalfatosenoticias.com.br\/index.php\/2021\/04\/19\/a-ultima-floresta-tem-debate-com-liderancas-indigenas\/#breadcrumb\",\"itemListElement\":[{\"@type\":\"ListItem\",\"position\":1,\"name\":\"In\u00edcio\",\"item\":\"https:\/\/jornalfatosenoticias.com.br\/\"},{\"@type\":\"ListItem\",\"position\":2,\"name\":\"\u201cA \u00daltima Floresta\u201d tem debate com lideran\u00e7as ind\u00edgenas\"}]},{\"@type\":\"WebSite\",\"@id\":\"https:\/\/jornalfatosenoticias.com.br\/#website\",\"url\":\"https:\/\/jornalfatosenoticias.com.br\/\",\"name\":\"Jornal Fatos e Not\u00edcias\",\"description\":\"Not\u00edcias em geral\",\"publisher\":{\"@id\":\"https:\/\/jornalfatosenoticias.com.br\/#organization\"},\"potentialAction\":[{\"@type\":\"SearchAction\",\"target\":{\"@type\":\"EntryPoint\",\"urlTemplate\":\"https:\/\/jornalfatosenoticias.com.br\/?s={search_term_string}\"},\"query-input\":{\"@type\":\"PropertyValueSpecification\",\"valueRequired\":true,\"valueName\":\"search_term_string\"}}],\"inLanguage\":\"pt-BR\"},{\"@type\":\"Organization\",\"@id\":\"https:\/\/jornalfatosenoticias.com.br\/#organization\",\"name\":\"Jornal Fatos e Not\u00edcias\",\"url\":\"https:\/\/jornalfatosenoticias.com.br\/\",\"logo\":{\"@type\":\"ImageObject\",\"inLanguage\":\"pt-BR\",\"@id\":\"https:\/\/jornalfatosenoticias.com.br\/#\/schema\/logo\/image\/\",\"url\":\"https:\/\/jornalfatosenoticias.com.br\/wp-content\/uploads\/2020\/02\/logo120.png\",\"contentUrl\":\"https:\/\/jornalfatosenoticias.com.br\/wp-content\/uploads\/2020\/02\/logo120.png\",\"width\":1227,\"height\":120,\"caption\":\"Jornal Fatos e Not\u00edcias\"},\"image\":{\"@id\":\"https:\/\/jornalfatosenoticias.com.br\/#\/schema\/logo\/image\/\"}},{\"@type\":\"Person\",\"@id\":\"https:\/\/jornalfatosenoticias.com.br\/#\/schema\/person\/d63837fa13ac8666eb9e74e0985d6f81\",\"name\":\"Luzimara Fernandes\",\"image\":{\"@type\":\"ImageObject\",\"inLanguage\":\"pt-BR\",\"@id\":\"https:\/\/jornalfatosenoticias.com.br\/#\/schema\/person\/image\/\",\"url\":\"https:\/\/jornalfatosenoticias.com.br\/wp-content\/uploads\/2025\/05\/EU_portal.jpg\",\"contentUrl\":\"https:\/\/jornalfatosenoticias.com.br\/wp-content\/uploads\/2025\/05\/EU_portal.jpg\",\"caption\":\"Luzimara Fernandes\"},\"description\":\"Jornalista MTB 2358-ES\",\"sameAs\":[\"https:\/\/jornalfatosenoticias.com.br\"],\"url\":\"https:\/\/jornalfatosenoticias.com.br\/index.php\/author\/luzimara\/\"}]}<\/script>\n<!-- \/ Yoast SEO plugin. -->","yoast_head_json":{"title":"\u201cA \u00daltima Floresta\u201d tem debate com lideran\u00e7as ind\u00edgenas - Jornal Fatos e Not\u00edcias","robots":{"index":"index","follow":"follow","max-snippet":"max-snippet:-1","max-image-preview":"max-image-preview:large","max-video-preview":"max-video-preview:-1"},"canonical":"https:\/\/jornalfatosenoticias.com.br\/index.php\/2021\/04\/19\/a-ultima-floresta-tem-debate-com-liderancas-indigenas\/","og_locale":"pt_BR","og_type":"article","og_title":"\u201cA \u00daltima Floresta\u201d tem debate com lideran\u00e7as ind\u00edgenas - Jornal Fatos e Not\u00edcias","og_description":"Bate-papo re\u00fane Davi Kopenawa, Sonia Guajajara, Ailton Krenak e o diretor Luiz Bolognesi \u201cA \u00daltima Floresta\u201d,\u202flonga-metragem\u202fdirigido por Luiz Bolognesi e escrito em parceria com Davi Kopenawa Yanomami, ter\u00e1 debate nesta segunda-feira, 19 de abril, \u00e0s 19h30 no YouTube do Instituto\u202fSocioambiental\u202f(ISA),\u00a0no Twitter do\u00a0@GreenpeaceBR\u00a0e no Facebook da\u00a0Gullane.O diretor Luiz Bolognesi participa do bate-papo com tr\u00eas lideran\u00e7as ind\u00edgenas: [&hellip;]","og_url":"https:\/\/jornalfatosenoticias.com.br\/index.php\/2021\/04\/19\/a-ultima-floresta-tem-debate-com-liderancas-indigenas\/","og_site_name":"Jornal Fatos e Not\u00edcias","article_published_time":"2021-04-19T17:08:32+00:00","article_modified_time":"2021-04-19T17:08:38+00:00","og_image":[{"width":1000,"height":687,"url":"https:\/\/jornalfatosenoticias.com.br\/wp-content\/uploads\/2021\/04\/A-Ultima-Floresta-Pedro-J-Marquez.jpg","type":"image\/jpeg"}],"author":"Luzimara Fernandes","twitter_card":"summary_large_image","twitter_misc":{"Escrito por":"Luzimara Fernandes","Est. tempo de leitura":"2 minutos"},"schema":{"@context":"https:\/\/schema.org","@graph":[{"@type":"Article","@id":"https:\/\/jornalfatosenoticias.com.br\/index.php\/2021\/04\/19\/a-ultima-floresta-tem-debate-com-liderancas-indigenas\/#article","isPartOf":{"@id":"https:\/\/jornalfatosenoticias.com.br\/index.php\/2021\/04\/19\/a-ultima-floresta-tem-debate-com-liderancas-indigenas\/"},"author":{"name":"Luzimara Fernandes","@id":"https:\/\/jornalfatosenoticias.com.br\/#\/schema\/person\/d63837fa13ac8666eb9e74e0985d6f81"},"headline":"\u201cA \u00daltima Floresta\u201d tem debate com lideran\u00e7as ind\u00edgenas","datePublished":"2021-04-19T17:08:32+00:00","dateModified":"2021-04-19T17:08:38+00:00","mainEntityOfPage":{"@id":"https:\/\/jornalfatosenoticias.com.br\/index.php\/2021\/04\/19\/a-ultima-floresta-tem-debate-com-liderancas-indigenas\/"},"wordCount":447,"commentCount":0,"publisher":{"@id":"https:\/\/jornalfatosenoticias.com.br\/#organization"},"image":{"@id":"https:\/\/jornalfatosenoticias.com.br\/index.php\/2021\/04\/19\/a-ultima-floresta-tem-debate-com-liderancas-indigenas\/#primaryimage"},"thumbnailUrl":"https:\/\/jornalfatosenoticias.com.br\/wp-content\/uploads\/2021\/04\/A-Ultima-Floresta-Pedro-J-Marquez.jpg","keywords":["A \u00daltima Floresta","ANMIGA","APIB","Dia do \u00cdndio","Flip","ISA"],"articleSection":["Cultura"],"inLanguage":"pt-BR","potentialAction":[{"@type":"CommentAction","name":"Comment","target":["https:\/\/jornalfatosenoticias.com.br\/index.php\/2021\/04\/19\/a-ultima-floresta-tem-debate-com-liderancas-indigenas\/#respond"]}]},{"@type":"WebPage","@id":"https:\/\/jornalfatosenoticias.com.br\/index.php\/2021\/04\/19\/a-ultima-floresta-tem-debate-com-liderancas-indigenas\/","url":"https:\/\/jornalfatosenoticias.com.br\/index.php\/2021\/04\/19\/a-ultima-floresta-tem-debate-com-liderancas-indigenas\/","name":"\u201cA \u00daltima Floresta\u201d tem debate com lideran\u00e7as ind\u00edgenas - Jornal Fatos e Not\u00edcias","isPartOf":{"@id":"https:\/\/jornalfatosenoticias.com.br\/#website"},"primaryImageOfPage":{"@id":"https:\/\/jornalfatosenoticias.com.br\/index.php\/2021\/04\/19\/a-ultima-floresta-tem-debate-com-liderancas-indigenas\/#primaryimage"},"image":{"@id":"https:\/\/jornalfatosenoticias.com.br\/index.php\/2021\/04\/19\/a-ultima-floresta-tem-debate-com-liderancas-indigenas\/#primaryimage"},"thumbnailUrl":"https:\/\/jornalfatosenoticias.com.br\/wp-content\/uploads\/2021\/04\/A-Ultima-Floresta-Pedro-J-Marquez.jpg","datePublished":"2021-04-19T17:08:32+00:00","dateModified":"2021-04-19T17:08:38+00:00","breadcrumb":{"@id":"https:\/\/jornalfatosenoticias.com.br\/index.php\/2021\/04\/19\/a-ultima-floresta-tem-debate-com-liderancas-indigenas\/#breadcrumb"},"inLanguage":"pt-BR","potentialAction":[{"@type":"ReadAction","target":["https:\/\/jornalfatosenoticias.com.br\/index.php\/2021\/04\/19\/a-ultima-floresta-tem-debate-com-liderancas-indigenas\/"]}]},{"@type":"ImageObject","inLanguage":"pt-BR","@id":"https:\/\/jornalfatosenoticias.com.br\/index.php\/2021\/04\/19\/a-ultima-floresta-tem-debate-com-liderancas-indigenas\/#primaryimage","url":"https:\/\/jornalfatosenoticias.com.br\/wp-content\/uploads\/2021\/04\/A-Ultima-Floresta-Pedro-J-Marquez.jpg","contentUrl":"https:\/\/jornalfatosenoticias.com.br\/wp-content\/uploads\/2021\/04\/A-Ultima-Floresta-Pedro-J-Marquez.jpg","width":1000,"height":687},{"@type":"BreadcrumbList","@id":"https:\/\/jornalfatosenoticias.com.br\/index.php\/2021\/04\/19\/a-ultima-floresta-tem-debate-com-liderancas-indigenas\/#breadcrumb","itemListElement":[{"@type":"ListItem","position":1,"name":"In\u00edcio","item":"https:\/\/jornalfatosenoticias.com.br\/"},{"@type":"ListItem","position":2,"name":"\u201cA \u00daltima Floresta\u201d tem debate com lideran\u00e7as ind\u00edgenas"}]},{"@type":"WebSite","@id":"https:\/\/jornalfatosenoticias.com.br\/#website","url":"https:\/\/jornalfatosenoticias.com.br\/","name":"Jornal Fatos e Not\u00edcias","description":"Not\u00edcias em geral","publisher":{"@id":"https:\/\/jornalfatosenoticias.com.br\/#organization"},"potentialAction":[{"@type":"SearchAction","target":{"@type":"EntryPoint","urlTemplate":"https:\/\/jornalfatosenoticias.com.br\/?s={search_term_string}"},"query-input":{"@type":"PropertyValueSpecification","valueRequired":true,"valueName":"search_term_string"}}],"inLanguage":"pt-BR"},{"@type":"Organization","@id":"https:\/\/jornalfatosenoticias.com.br\/#organization","name":"Jornal Fatos e Not\u00edcias","url":"https:\/\/jornalfatosenoticias.com.br\/","logo":{"@type":"ImageObject","inLanguage":"pt-BR","@id":"https:\/\/jornalfatosenoticias.com.br\/#\/schema\/logo\/image\/","url":"https:\/\/jornalfatosenoticias.com.br\/wp-content\/uploads\/2020\/02\/logo120.png","contentUrl":"https:\/\/jornalfatosenoticias.com.br\/wp-content\/uploads\/2020\/02\/logo120.png","width":1227,"height":120,"caption":"Jornal Fatos e Not\u00edcias"},"image":{"@id":"https:\/\/jornalfatosenoticias.com.br\/#\/schema\/logo\/image\/"}},{"@type":"Person","@id":"https:\/\/jornalfatosenoticias.com.br\/#\/schema\/person\/d63837fa13ac8666eb9e74e0985d6f81","name":"Luzimara Fernandes","image":{"@type":"ImageObject","inLanguage":"pt-BR","@id":"https:\/\/jornalfatosenoticias.com.br\/#\/schema\/person\/image\/","url":"https:\/\/jornalfatosenoticias.com.br\/wp-content\/uploads\/2025\/05\/EU_portal.jpg","contentUrl":"https:\/\/jornalfatosenoticias.com.br\/wp-content\/uploads\/2025\/05\/EU_portal.jpg","caption":"Luzimara Fernandes"},"description":"Jornalista MTB 2358-ES","sameAs":["https:\/\/jornalfatosenoticias.com.br"],"url":"https:\/\/jornalfatosenoticias.com.br\/index.php\/author\/luzimara\/"}]}},"cc_featured_image_caption":{"caption_text":"(Foto: Pedro J. M\u00e1rquez)","source_text":"","source_url":""},"jetpack_featured_media_url":"https:\/\/jornalfatosenoticias.com.br\/wp-content\/uploads\/2021\/04\/A-Ultima-Floresta-Pedro-J-Marquez.jpg","_links":{"self":[{"href":"https:\/\/jornalfatosenoticias.com.br\/index.php\/wp-json\/wp\/v2\/posts\/17163","targetHints":{"allow":["GET"]}}],"collection":[{"href":"https:\/\/jornalfatosenoticias.com.br\/index.php\/wp-json\/wp\/v2\/posts"}],"about":[{"href":"https:\/\/jornalfatosenoticias.com.br\/index.php\/wp-json\/wp\/v2\/types\/post"}],"author":[{"embeddable":true,"href":"https:\/\/jornalfatosenoticias.com.br\/index.php\/wp-json\/wp\/v2\/users\/2"}],"replies":[{"embeddable":true,"href":"https:\/\/jornalfatosenoticias.com.br\/index.php\/wp-json\/wp\/v2\/comments?post=17163"}],"version-history":[{"count":0,"href":"https:\/\/jornalfatosenoticias.com.br\/index.php\/wp-json\/wp\/v2\/posts\/17163\/revisions"}],"wp:featuredmedia":[{"embeddable":true,"href":"https:\/\/jornalfatosenoticias.com.br\/index.php\/wp-json\/wp\/v2\/media\/17165"}],"wp:attachment":[{"href":"https:\/\/jornalfatosenoticias.com.br\/index.php\/wp-json\/wp\/v2\/media?parent=17163"}],"wp:term":[{"taxonomy":"category","embeddable":true,"href":"https:\/\/jornalfatosenoticias.com.br\/index.php\/wp-json\/wp\/v2\/categories?post=17163"},{"taxonomy":"post_tag","embeddable":true,"href":"https:\/\/jornalfatosenoticias.com.br\/index.php\/wp-json\/wp\/v2\/tags?post=17163"}],"curies":[{"name":"wp","href":"https:\/\/api.w.org\/{rel}","templated":true}]}}