{"id":17168,"date":"2021-04-19T14:15:33","date_gmt":"2021-04-19T17:15:33","guid":{"rendered":"https:\/\/jornalfatosenoticias.com.br\/?p=17168"},"modified":"2021-04-19T14:15:37","modified_gmt":"2021-04-19T17:15:37","slug":"microplasticos-estao-sendo-transportados-pela-chuva","status":"publish","type":"post","link":"https:\/\/jornalfatosenoticias.com.br\/index.php\/2021\/04\/19\/microplasticos-estao-sendo-transportados-pela-chuva\/","title":{"rendered":"Micropl\u00e1sticos est\u00e3o sendo transportados pela chuva"},"content":{"rendered":"\n<p><em>Estudos da Universidade de Utah sugerem que as part\u00edculas de pl\u00e1stico est\u00e3o literalmente caindo do c\u00e9u<\/em><\/p>\n\n\n\n<p>H\u00e1 tempos, os micropl\u00e1sticos est\u00e3o sendo encontrados nos locais mais remotos do planeta e at\u00e9 mesmo em <a href=\"https:\/\/ciclovivo.com.br\/planeta\/meio-ambiente\/microplasticos-encontrados-orgaos-humanos\/\">\u00f3rg\u00e3os humanos<\/a>\u00a0e\u00a0<a href=\"https:\/\/ciclovivo.com.br\/planeta\/meio-ambiente\/cientistas-encontram-microplasticos-em-frutas-e-vegetais\/\">alimentos, como frutas e vegetais<\/a>. Infelizmente,\u00a0<a href=\"https:\/\/www.usu.edu\/today\/story\/more-than-1000-tons-of-plastic-rains-into-western-us-protected-lands-annually\">estudos<\/a> mostram que os micropl\u00e1sticos est\u00e3o literalmente caindo do c\u00e9u, misturados com a chuva.<br>Cientistas da Universidade de Utah, conduziram um estudo em 11 parques nacionais dos EUA, durante 14 meses. Foram identificados v\u00e1rios tipos de micropl\u00e1sticos e material particulado (PM) e cerca de 4% das part\u00edculas atmosf\u00e9ricas analisadas correspondiam a pol\u00edmeros sint\u00e9ticos.<br><strong><em>Na regi\u00e3o analisada, o oeste dos Estados Unidos da Am\u00e9rica (EUA), pesquisadores estimam que a chuva traga mil toneladas de micropl\u00e1sticos por ano.<\/em><\/strong><\/p>\n\n\n\n<div class=\"wp-block-image\"><figure class=\"alignleft size-large is-resized\"><img loading=\"lazy\" decoding=\"async\" src=\"https:\/\/jornalfatosenoticias.com.br\/wp-content\/uploads\/2021\/04\/microplastico2.jpg\" alt=\"\" class=\"wp-image-17169\" width=\"335\" height=\"219\" srcset=\"https:\/\/jornalfatosenoticias.com.br\/wp-content\/uploads\/2021\/04\/microplastico2.jpg 1000w, https:\/\/jornalfatosenoticias.com.br\/wp-content\/uploads\/2021\/04\/microplastico2-300x197.jpg 300w, https:\/\/jornalfatosenoticias.com.br\/wp-content\/uploads\/2021\/04\/microplastico2-768x503.jpg 768w\" sizes=\"auto, (max-width: 335px) 100vw, 335px\" \/><figcaption><em>(Foto: iGUi Ecologia\/Reprodu\u00e7\u00e3o)<\/em><\/figcaption><\/figure><\/div>\n\n\n\n<p>O passo seguinte foi <a href=\"https:\/\/www.pnas.org\/content\/118\/16\/e2020719118\/tab-figures-data\">investigar<\/a> a origem deste material e a conclus\u00e3o \u00e9 que os micropl\u00e1sticos s\u00e3o principalmente provenientes de fontes de emiss\u00f5es secund\u00e1rias; 84% dos fragmentos vieram das estradas, 11% dos oceanos e 5% dos solos agr\u00edcolas.<br><strong><em>\u201c\u00c9 incr\u00edvel que tanto pl\u00e1stico esteja presente na atmosfera, acumulando-se nos oceanos e na terra. Este material est\u00e1 circulando e se movendo para todos os lugares, incluindo para lugares remotos\u201d<\/em><\/strong>, afirma Natalie Mahowald, uma das autoras do estudo, em comunicado \u00e0 Universidade de Cornell.<br>De acordo com os autores, os micropl\u00e1sticos transformam-se em part\u00edculas ainda menores no oceano e os ventos transportam-nos para a atmosfera em per\u00edodos que podem chegar a at\u00e9 seis dias.<br>\u201cOs nossos dados sugerem que os pol\u00edmeros n\u00e3o biodegrad\u00e1veis existentes continuar\u00e3o a circular pelos sistemas da Terra\u201d, explica Natalie. Ela diz que as pr\u00f3ximas etapas incluem o estudo do ciclo deste material pl\u00e1stico. \u201cDevido a observa\u00e7\u00f5es limitadas e compreens\u00e3o dos processos de origem, permanecem grandes incertezas no transporte, deposi\u00e7\u00e3o e atribui\u00e7\u00e3o da origem dos micropl\u00e1sticos. Assim, temos como prioridade futuras pesquisas direcionadas para a compreens\u00e3o do ciclo do pl\u00e1stico\u201d.<\/p>\n\n\n\n<p><strong><em>Fonte: <a href=\"https:\/\/ciclovivo.com.br\/planeta\/meio-ambiente\/microplasticos-estao-sendo-transportados-pela-chuva\/\">CicloVivo<\/a><\/em><\/strong><\/p>\n","protected":false},"excerpt":{"rendered":"<p>Estudos da Universidade de Utah sugerem que as part\u00edculas de pl\u00e1stico est\u00e3o literalmente caindo do c\u00e9u H\u00e1 tempos, os micropl\u00e1sticos est\u00e3o sendo encontrados nos locais mais remotos do planeta e at\u00e9 mesmo em \u00f3rg\u00e3os humanos\u00a0e\u00a0alimentos, como frutas e vegetais. Infelizmente,\u00a0estudos mostram que os micropl\u00e1sticos est\u00e3o literalmente caindo do c\u00e9u, misturados com a chuva.Cientistas da Universidade [&hellip;]<\/p>\n","protected":false},"author":2,"featured_media":17170,"comment_status":"open","ping_status":"open","sticky":false,"template":"","format":"standard","meta":{"footnotes":""},"categories":[8],"tags":[303,3842,8570,165],"class_list":["post-17168","post","type-post","status-publish","format-standard","has-post-thumbnail","hentry","category-meio-ambiente","tag-chuva","tag-microplasticos","tag-particulas-de-plastico","tag-planeta"],"yoast_head":"<!-- This site is optimized with the Yoast SEO plugin v26.5 - https:\/\/yoast.com\/wordpress\/plugins\/seo\/ -->\n<title>Micropl\u00e1sticos est\u00e3o sendo transportados pela chuva - Jornal Fatos e Not\u00edcias<\/title>\n<meta name=\"robots\" content=\"index, follow, max-snippet:-1, max-image-preview:large, max-video-preview:-1\" \/>\n<link rel=\"canonical\" href=\"https:\/\/jornalfatosenoticias.com.br\/index.php\/2021\/04\/19\/microplasticos-estao-sendo-transportados-pela-chuva\/\" \/>\n<meta property=\"og:locale\" content=\"pt_BR\" \/>\n<meta property=\"og:type\" content=\"article\" \/>\n<meta property=\"og:title\" content=\"Micropl\u00e1sticos est\u00e3o sendo transportados pela chuva - Jornal Fatos e Not\u00edcias\" \/>\n<meta property=\"og:description\" content=\"Estudos da Universidade de Utah sugerem que as part\u00edculas de pl\u00e1stico est\u00e3o literalmente caindo do c\u00e9u H\u00e1 tempos, os micropl\u00e1sticos est\u00e3o sendo encontrados nos locais mais remotos do planeta e at\u00e9 mesmo em \u00f3rg\u00e3os humanos\u00a0e\u00a0alimentos, como frutas e vegetais. Infelizmente,\u00a0estudos mostram que os micropl\u00e1sticos est\u00e3o literalmente caindo do c\u00e9u, misturados com a chuva.Cientistas da Universidade [&hellip;]\" \/>\n<meta property=\"og:url\" content=\"https:\/\/jornalfatosenoticias.com.br\/index.php\/2021\/04\/19\/microplasticos-estao-sendo-transportados-pela-chuva\/\" \/>\n<meta property=\"og:site_name\" content=\"Jornal Fatos e Not\u00edcias\" \/>\n<meta property=\"article:published_time\" content=\"2021-04-19T17:15:33+00:00\" \/>\n<meta property=\"article:modified_time\" content=\"2021-04-19T17:15:37+00:00\" \/>\n<meta property=\"og:image\" content=\"https:\/\/jornalfatosenoticias.com.br\/wp-content\/uploads\/2021\/04\/chuva-pixabay-microplastico.jpg\" \/>\n\t<meta property=\"og:image:width\" content=\"1000\" \/>\n\t<meta property=\"og:image:height\" content=\"661\" \/>\n\t<meta property=\"og:image:type\" content=\"image\/jpeg\" \/>\n<meta name=\"author\" content=\"Luzimara Fernandes\" \/>\n<meta name=\"twitter:card\" content=\"summary_large_image\" \/>\n<meta name=\"twitter:label1\" content=\"Escrito por\" \/>\n\t<meta name=\"twitter:data1\" content=\"Luzimara Fernandes\" \/>\n\t<meta name=\"twitter:label2\" content=\"Est. tempo de leitura\" \/>\n\t<meta name=\"twitter:data2\" content=\"2 minutos\" \/>\n<script type=\"application\/ld+json\" class=\"yoast-schema-graph\">{\"@context\":\"https:\/\/schema.org\",\"@graph\":[{\"@type\":\"Article\",\"@id\":\"https:\/\/jornalfatosenoticias.com.br\/index.php\/2021\/04\/19\/microplasticos-estao-sendo-transportados-pela-chuva\/#article\",\"isPartOf\":{\"@id\":\"https:\/\/jornalfatosenoticias.com.br\/index.php\/2021\/04\/19\/microplasticos-estao-sendo-transportados-pela-chuva\/\"},\"author\":{\"name\":\"Luzimara Fernandes\",\"@id\":\"https:\/\/jornalfatosenoticias.com.br\/#\/schema\/person\/d63837fa13ac8666eb9e74e0985d6f81\"},\"headline\":\"Micropl\u00e1sticos est\u00e3o sendo transportados pela chuva\",\"datePublished\":\"2021-04-19T17:15:33+00:00\",\"dateModified\":\"2021-04-19T17:15:37+00:00\",\"mainEntityOfPage\":{\"@id\":\"https:\/\/jornalfatosenoticias.com.br\/index.php\/2021\/04\/19\/microplasticos-estao-sendo-transportados-pela-chuva\/\"},\"wordCount\":348,\"commentCount\":0,\"publisher\":{\"@id\":\"https:\/\/jornalfatosenoticias.com.br\/#organization\"},\"image\":{\"@id\":\"https:\/\/jornalfatosenoticias.com.br\/index.php\/2021\/04\/19\/microplasticos-estao-sendo-transportados-pela-chuva\/#primaryimage\"},\"thumbnailUrl\":\"https:\/\/jornalfatosenoticias.com.br\/wp-content\/uploads\/2021\/04\/chuva-pixabay-microplastico.jpg\",\"keywords\":[\"chuva\",\"micropl\u00e1sticos\",\"part\u00edculas de pl\u00e1stico\",\"planeta\"],\"articleSection\":[\"Meio ambiente\"],\"inLanguage\":\"pt-BR\",\"potentialAction\":[{\"@type\":\"CommentAction\",\"name\":\"Comment\",\"target\":[\"https:\/\/jornalfatosenoticias.com.br\/index.php\/2021\/04\/19\/microplasticos-estao-sendo-transportados-pela-chuva\/#respond\"]}]},{\"@type\":\"WebPage\",\"@id\":\"https:\/\/jornalfatosenoticias.com.br\/index.php\/2021\/04\/19\/microplasticos-estao-sendo-transportados-pela-chuva\/\",\"url\":\"https:\/\/jornalfatosenoticias.com.br\/index.php\/2021\/04\/19\/microplasticos-estao-sendo-transportados-pela-chuva\/\",\"name\":\"Micropl\u00e1sticos est\u00e3o sendo transportados pela chuva - Jornal Fatos e Not\u00edcias\",\"isPartOf\":{\"@id\":\"https:\/\/jornalfatosenoticias.com.br\/#website\"},\"primaryImageOfPage\":{\"@id\":\"https:\/\/jornalfatosenoticias.com.br\/index.php\/2021\/04\/19\/microplasticos-estao-sendo-transportados-pela-chuva\/#primaryimage\"},\"image\":{\"@id\":\"https:\/\/jornalfatosenoticias.com.br\/index.php\/2021\/04\/19\/microplasticos-estao-sendo-transportados-pela-chuva\/#primaryimage\"},\"thumbnailUrl\":\"https:\/\/jornalfatosenoticias.com.br\/wp-content\/uploads\/2021\/04\/chuva-pixabay-microplastico.jpg\",\"datePublished\":\"2021-04-19T17:15:33+00:00\",\"dateModified\":\"2021-04-19T17:15:37+00:00\",\"breadcrumb\":{\"@id\":\"https:\/\/jornalfatosenoticias.com.br\/index.php\/2021\/04\/19\/microplasticos-estao-sendo-transportados-pela-chuva\/#breadcrumb\"},\"inLanguage\":\"pt-BR\",\"potentialAction\":[{\"@type\":\"ReadAction\",\"target\":[\"https:\/\/jornalfatosenoticias.com.br\/index.php\/2021\/04\/19\/microplasticos-estao-sendo-transportados-pela-chuva\/\"]}]},{\"@type\":\"ImageObject\",\"inLanguage\":\"pt-BR\",\"@id\":\"https:\/\/jornalfatosenoticias.com.br\/index.php\/2021\/04\/19\/microplasticos-estao-sendo-transportados-pela-chuva\/#primaryimage\",\"url\":\"https:\/\/jornalfatosenoticias.com.br\/wp-content\/uploads\/2021\/04\/chuva-pixabay-microplastico.jpg\",\"contentUrl\":\"https:\/\/jornalfatosenoticias.com.br\/wp-content\/uploads\/2021\/04\/chuva-pixabay-microplastico.jpg\",\"width\":1000,\"height\":661},{\"@type\":\"BreadcrumbList\",\"@id\":\"https:\/\/jornalfatosenoticias.com.br\/index.php\/2021\/04\/19\/microplasticos-estao-sendo-transportados-pela-chuva\/#breadcrumb\",\"itemListElement\":[{\"@type\":\"ListItem\",\"position\":1,\"name\":\"In\u00edcio\",\"item\":\"https:\/\/jornalfatosenoticias.com.br\/\"},{\"@type\":\"ListItem\",\"position\":2,\"name\":\"Micropl\u00e1sticos est\u00e3o sendo transportados pela chuva\"}]},{\"@type\":\"WebSite\",\"@id\":\"https:\/\/jornalfatosenoticias.com.br\/#website\",\"url\":\"https:\/\/jornalfatosenoticias.com.br\/\",\"name\":\"Jornal Fatos e Not\u00edcias\",\"description\":\"Not\u00edcias em geral\",\"publisher\":{\"@id\":\"https:\/\/jornalfatosenoticias.com.br\/#organization\"},\"potentialAction\":[{\"@type\":\"SearchAction\",\"target\":{\"@type\":\"EntryPoint\",\"urlTemplate\":\"https:\/\/jornalfatosenoticias.com.br\/?s={search_term_string}\"},\"query-input\":{\"@type\":\"PropertyValueSpecification\",\"valueRequired\":true,\"valueName\":\"search_term_string\"}}],\"inLanguage\":\"pt-BR\"},{\"@type\":\"Organization\",\"@id\":\"https:\/\/jornalfatosenoticias.com.br\/#organization\",\"name\":\"Jornal Fatos e Not\u00edcias\",\"url\":\"https:\/\/jornalfatosenoticias.com.br\/\",\"logo\":{\"@type\":\"ImageObject\",\"inLanguage\":\"pt-BR\",\"@id\":\"https:\/\/jornalfatosenoticias.com.br\/#\/schema\/logo\/image\/\",\"url\":\"https:\/\/jornalfatosenoticias.com.br\/wp-content\/uploads\/2020\/02\/logo120.png\",\"contentUrl\":\"https:\/\/jornalfatosenoticias.com.br\/wp-content\/uploads\/2020\/02\/logo120.png\",\"width\":1227,\"height\":120,\"caption\":\"Jornal Fatos e Not\u00edcias\"},\"image\":{\"@id\":\"https:\/\/jornalfatosenoticias.com.br\/#\/schema\/logo\/image\/\"}},{\"@type\":\"Person\",\"@id\":\"https:\/\/jornalfatosenoticias.com.br\/#\/schema\/person\/d63837fa13ac8666eb9e74e0985d6f81\",\"name\":\"Luzimara Fernandes\",\"image\":{\"@type\":\"ImageObject\",\"inLanguage\":\"pt-BR\",\"@id\":\"https:\/\/jornalfatosenoticias.com.br\/#\/schema\/person\/image\/\",\"url\":\"https:\/\/jornalfatosenoticias.com.br\/wp-content\/uploads\/2025\/05\/EU_portal.jpg\",\"contentUrl\":\"https:\/\/jornalfatosenoticias.com.br\/wp-content\/uploads\/2025\/05\/EU_portal.jpg\",\"caption\":\"Luzimara Fernandes\"},\"description\":\"Jornalista MTB 2358-ES\",\"sameAs\":[\"https:\/\/jornalfatosenoticias.com.br\"],\"url\":\"https:\/\/jornalfatosenoticias.com.br\/index.php\/author\/luzimara\/\"}]}<\/script>\n<!-- \/ Yoast SEO plugin. -->","yoast_head_json":{"title":"Micropl\u00e1sticos est\u00e3o sendo transportados pela chuva - Jornal Fatos e Not\u00edcias","robots":{"index":"index","follow":"follow","max-snippet":"max-snippet:-1","max-image-preview":"max-image-preview:large","max-video-preview":"max-video-preview:-1"},"canonical":"https:\/\/jornalfatosenoticias.com.br\/index.php\/2021\/04\/19\/microplasticos-estao-sendo-transportados-pela-chuva\/","og_locale":"pt_BR","og_type":"article","og_title":"Micropl\u00e1sticos est\u00e3o sendo transportados pela chuva - Jornal Fatos e Not\u00edcias","og_description":"Estudos da Universidade de Utah sugerem que as part\u00edculas de pl\u00e1stico est\u00e3o literalmente caindo do c\u00e9u H\u00e1 tempos, os micropl\u00e1sticos est\u00e3o sendo encontrados nos locais mais remotos do planeta e at\u00e9 mesmo em \u00f3rg\u00e3os humanos\u00a0e\u00a0alimentos, como frutas e vegetais. Infelizmente,\u00a0estudos mostram que os micropl\u00e1sticos est\u00e3o literalmente caindo do c\u00e9u, misturados com a chuva.Cientistas da Universidade [&hellip;]","og_url":"https:\/\/jornalfatosenoticias.com.br\/index.php\/2021\/04\/19\/microplasticos-estao-sendo-transportados-pela-chuva\/","og_site_name":"Jornal Fatos e Not\u00edcias","article_published_time":"2021-04-19T17:15:33+00:00","article_modified_time":"2021-04-19T17:15:37+00:00","og_image":[{"width":1000,"height":661,"url":"https:\/\/jornalfatosenoticias.com.br\/wp-content\/uploads\/2021\/04\/chuva-pixabay-microplastico.jpg","type":"image\/jpeg"}],"author":"Luzimara Fernandes","twitter_card":"summary_large_image","twitter_misc":{"Escrito por":"Luzimara Fernandes","Est. tempo de leitura":"2 minutos"},"schema":{"@context":"https:\/\/schema.org","@graph":[{"@type":"Article","@id":"https:\/\/jornalfatosenoticias.com.br\/index.php\/2021\/04\/19\/microplasticos-estao-sendo-transportados-pela-chuva\/#article","isPartOf":{"@id":"https:\/\/jornalfatosenoticias.com.br\/index.php\/2021\/04\/19\/microplasticos-estao-sendo-transportados-pela-chuva\/"},"author":{"name":"Luzimara Fernandes","@id":"https:\/\/jornalfatosenoticias.com.br\/#\/schema\/person\/d63837fa13ac8666eb9e74e0985d6f81"},"headline":"Micropl\u00e1sticos est\u00e3o sendo transportados pela chuva","datePublished":"2021-04-19T17:15:33+00:00","dateModified":"2021-04-19T17:15:37+00:00","mainEntityOfPage":{"@id":"https:\/\/jornalfatosenoticias.com.br\/index.php\/2021\/04\/19\/microplasticos-estao-sendo-transportados-pela-chuva\/"},"wordCount":348,"commentCount":0,"publisher":{"@id":"https:\/\/jornalfatosenoticias.com.br\/#organization"},"image":{"@id":"https:\/\/jornalfatosenoticias.com.br\/index.php\/2021\/04\/19\/microplasticos-estao-sendo-transportados-pela-chuva\/#primaryimage"},"thumbnailUrl":"https:\/\/jornalfatosenoticias.com.br\/wp-content\/uploads\/2021\/04\/chuva-pixabay-microplastico.jpg","keywords":["chuva","micropl\u00e1sticos","part\u00edculas de pl\u00e1stico","planeta"],"articleSection":["Meio ambiente"],"inLanguage":"pt-BR","potentialAction":[{"@type":"CommentAction","name":"Comment","target":["https:\/\/jornalfatosenoticias.com.br\/index.php\/2021\/04\/19\/microplasticos-estao-sendo-transportados-pela-chuva\/#respond"]}]},{"@type":"WebPage","@id":"https:\/\/jornalfatosenoticias.com.br\/index.php\/2021\/04\/19\/microplasticos-estao-sendo-transportados-pela-chuva\/","url":"https:\/\/jornalfatosenoticias.com.br\/index.php\/2021\/04\/19\/microplasticos-estao-sendo-transportados-pela-chuva\/","name":"Micropl\u00e1sticos est\u00e3o sendo transportados pela chuva - Jornal Fatos e Not\u00edcias","isPartOf":{"@id":"https:\/\/jornalfatosenoticias.com.br\/#website"},"primaryImageOfPage":{"@id":"https:\/\/jornalfatosenoticias.com.br\/index.php\/2021\/04\/19\/microplasticos-estao-sendo-transportados-pela-chuva\/#primaryimage"},"image":{"@id":"https:\/\/jornalfatosenoticias.com.br\/index.php\/2021\/04\/19\/microplasticos-estao-sendo-transportados-pela-chuva\/#primaryimage"},"thumbnailUrl":"https:\/\/jornalfatosenoticias.com.br\/wp-content\/uploads\/2021\/04\/chuva-pixabay-microplastico.jpg","datePublished":"2021-04-19T17:15:33+00:00","dateModified":"2021-04-19T17:15:37+00:00","breadcrumb":{"@id":"https:\/\/jornalfatosenoticias.com.br\/index.php\/2021\/04\/19\/microplasticos-estao-sendo-transportados-pela-chuva\/#breadcrumb"},"inLanguage":"pt-BR","potentialAction":[{"@type":"ReadAction","target":["https:\/\/jornalfatosenoticias.com.br\/index.php\/2021\/04\/19\/microplasticos-estao-sendo-transportados-pela-chuva\/"]}]},{"@type":"ImageObject","inLanguage":"pt-BR","@id":"https:\/\/jornalfatosenoticias.com.br\/index.php\/2021\/04\/19\/microplasticos-estao-sendo-transportados-pela-chuva\/#primaryimage","url":"https:\/\/jornalfatosenoticias.com.br\/wp-content\/uploads\/2021\/04\/chuva-pixabay-microplastico.jpg","contentUrl":"https:\/\/jornalfatosenoticias.com.br\/wp-content\/uploads\/2021\/04\/chuva-pixabay-microplastico.jpg","width":1000,"height":661},{"@type":"BreadcrumbList","@id":"https:\/\/jornalfatosenoticias.com.br\/index.php\/2021\/04\/19\/microplasticos-estao-sendo-transportados-pela-chuva\/#breadcrumb","itemListElement":[{"@type":"ListItem","position":1,"name":"In\u00edcio","item":"https:\/\/jornalfatosenoticias.com.br\/"},{"@type":"ListItem","position":2,"name":"Micropl\u00e1sticos est\u00e3o sendo transportados pela chuva"}]},{"@type":"WebSite","@id":"https:\/\/jornalfatosenoticias.com.br\/#website","url":"https:\/\/jornalfatosenoticias.com.br\/","name":"Jornal Fatos e Not\u00edcias","description":"Not\u00edcias em geral","publisher":{"@id":"https:\/\/jornalfatosenoticias.com.br\/#organization"},"potentialAction":[{"@type":"SearchAction","target":{"@type":"EntryPoint","urlTemplate":"https:\/\/jornalfatosenoticias.com.br\/?s={search_term_string}"},"query-input":{"@type":"PropertyValueSpecification","valueRequired":true,"valueName":"search_term_string"}}],"inLanguage":"pt-BR"},{"@type":"Organization","@id":"https:\/\/jornalfatosenoticias.com.br\/#organization","name":"Jornal Fatos e Not\u00edcias","url":"https:\/\/jornalfatosenoticias.com.br\/","logo":{"@type":"ImageObject","inLanguage":"pt-BR","@id":"https:\/\/jornalfatosenoticias.com.br\/#\/schema\/logo\/image\/","url":"https:\/\/jornalfatosenoticias.com.br\/wp-content\/uploads\/2020\/02\/logo120.png","contentUrl":"https:\/\/jornalfatosenoticias.com.br\/wp-content\/uploads\/2020\/02\/logo120.png","width":1227,"height":120,"caption":"Jornal Fatos e Not\u00edcias"},"image":{"@id":"https:\/\/jornalfatosenoticias.com.br\/#\/schema\/logo\/image\/"}},{"@type":"Person","@id":"https:\/\/jornalfatosenoticias.com.br\/#\/schema\/person\/d63837fa13ac8666eb9e74e0985d6f81","name":"Luzimara Fernandes","image":{"@type":"ImageObject","inLanguage":"pt-BR","@id":"https:\/\/jornalfatosenoticias.com.br\/#\/schema\/person\/image\/","url":"https:\/\/jornalfatosenoticias.com.br\/wp-content\/uploads\/2025\/05\/EU_portal.jpg","contentUrl":"https:\/\/jornalfatosenoticias.com.br\/wp-content\/uploads\/2025\/05\/EU_portal.jpg","caption":"Luzimara Fernandes"},"description":"Jornalista MTB 2358-ES","sameAs":["https:\/\/jornalfatosenoticias.com.br"],"url":"https:\/\/jornalfatosenoticias.com.br\/index.php\/author\/luzimara\/"}]}},"cc_featured_image_caption":{"caption_text":"(Foto: Pixabay)\r\n","source_text":"","source_url":""},"jetpack_featured_media_url":"https:\/\/jornalfatosenoticias.com.br\/wp-content\/uploads\/2021\/04\/chuva-pixabay-microplastico.jpg","_links":{"self":[{"href":"https:\/\/jornalfatosenoticias.com.br\/index.php\/wp-json\/wp\/v2\/posts\/17168","targetHints":{"allow":["GET"]}}],"collection":[{"href":"https:\/\/jornalfatosenoticias.com.br\/index.php\/wp-json\/wp\/v2\/posts"}],"about":[{"href":"https:\/\/jornalfatosenoticias.com.br\/index.php\/wp-json\/wp\/v2\/types\/post"}],"author":[{"embeddable":true,"href":"https:\/\/jornalfatosenoticias.com.br\/index.php\/wp-json\/wp\/v2\/users\/2"}],"replies":[{"embeddable":true,"href":"https:\/\/jornalfatosenoticias.com.br\/index.php\/wp-json\/wp\/v2\/comments?post=17168"}],"version-history":[{"count":0,"href":"https:\/\/jornalfatosenoticias.com.br\/index.php\/wp-json\/wp\/v2\/posts\/17168\/revisions"}],"wp:featuredmedia":[{"embeddable":true,"href":"https:\/\/jornalfatosenoticias.com.br\/index.php\/wp-json\/wp\/v2\/media\/17170"}],"wp:attachment":[{"href":"https:\/\/jornalfatosenoticias.com.br\/index.php\/wp-json\/wp\/v2\/media?parent=17168"}],"wp:term":[{"taxonomy":"category","embeddable":true,"href":"https:\/\/jornalfatosenoticias.com.br\/index.php\/wp-json\/wp\/v2\/categories?post=17168"},{"taxonomy":"post_tag","embeddable":true,"href":"https:\/\/jornalfatosenoticias.com.br\/index.php\/wp-json\/wp\/v2\/tags?post=17168"}],"curies":[{"name":"wp","href":"https:\/\/api.w.org\/{rel}","templated":true}]}}