{"id":1718,"date":"2020-03-04T09:32:38","date_gmt":"2020-03-04T12:32:38","guid":{"rendered":"https:\/\/jornalfatosenoticias.com.br\/?p=1718"},"modified":"2020-03-04T09:32:43","modified_gmt":"2020-03-04T12:32:43","slug":"coronavirus-oms-pede-aumento-na-producao-de-mascaras-cirurgicas","status":"publish","type":"post","link":"https:\/\/jornalfatosenoticias.com.br\/index.php\/2020\/03\/04\/coronavirus-oms-pede-aumento-na-producao-de-mascaras-cirurgicas\/","title":{"rendered":"Coronav\u00edrus: OMS pede aumento na produ\u00e7\u00e3o de m\u00e1scaras cir\u00fargicas"},"content":{"rendered":"\n<h6 class=\"wp-block-heading\"><em>A OMS estima que 89 milh\u00f5es de m\u00e1scaras cir\u00fargicas ser\u00e3o necess\u00e1rias mensalmente para m\u00e9dicos, enfermeiros e outros trabalhadores da linha de frente<\/em><\/h6>\n\n\n\n<p>A Organiza\u00e7\u00e3o Mundial da Sa\u00fade (OMS) solicita um aumento de 40% na produ\u00e7\u00e3o de m\u00e1scaras cir\u00fargicas e de outros equipamentos de prote\u00e7\u00e3o de funcion\u00e1rios do setor de sa\u00fade.<br>\nA OMS estima que 89 milh\u00f5es de m\u00e1scaras cir\u00fargicas ser\u00e3o necess\u00e1rias mensalmente para m\u00e9dicos, enfermeiros e outros trabalhadores da linha de frente j\u00e1 que o surto de coronav\u00edrus tem aumentado tal demanda mundialmente.<br>\nNo entanto, o \u00f3rg\u00e3o afirma que faltas de estoque causadas por histeria e compras e estocagens em massa deixaram os trabalhadores da \u00e1rea de sa\u00fade mal preparados para cuidar de pacientes.<br>\nNa ter\u00e7a-feira, a OMS pediu a empresas e governos que aumentassem a produ\u00e7\u00e3o de itens de prote\u00e7\u00e3o. Segundo ela, o pre\u00e7o de m\u00e1scaras cir\u00fargicas aumentou em seis vezes desde o in\u00edcio do surto.<br>\nO diretor-geral da Organiza\u00e7\u00e3o Mundial da Sa\u00fade, Tedros Adhanom Ghebreyesus, declarou que sem cadeias de suprimento seguras, o risco enfrentado por trabalhadores da \u00e1rea de sa\u00fade em todo o mundo \u00e9 real. Tamb\u00e9m afirmou que n\u00e3o \u00e9 poss\u00edvel frear o Covid-19 sem que se proteja antes os trabalhadores da \u00e1rea m\u00e9dica.<\/p>\n\n\n\n<p><strong><em>Fonte: Ag\u00eancia Brasil<\/em><\/strong><\/p>\n","protected":false},"excerpt":{"rendered":"<p>A OMS estima que 89 milh\u00f5es de m\u00e1scaras cir\u00fargicas ser\u00e3o necess\u00e1rias mensalmente para m\u00e9dicos, enfermeiros e outros trabalhadores da linha de frente A Organiza\u00e7\u00e3o Mundial da Sa\u00fade (OMS) solicita um aumento de 40% na produ\u00e7\u00e3o de m\u00e1scaras cir\u00fargicas e de outros equipamentos de prote\u00e7\u00e3o de funcion\u00e1rios do setor de sa\u00fade. A OMS estima que 89 [&hellip;]<\/p>\n","protected":false},"author":2,"featured_media":1719,"comment_status":"open","ping_status":"open","sticky":false,"template":"","format":"standard","meta":{"footnotes":""},"categories":[11],"tags":[273,274],"class_list":["post-1718","post","type-post","status-publish","format-standard","has-post-thumbnail","hentry","category-saude","tag-covid-19","tag-mascaras"],"yoast_head":"<!-- This site is optimized with the Yoast SEO plugin v26.5 - https:\/\/yoast.com\/wordpress\/plugins\/seo\/ -->\n<title>Coronav\u00edrus: OMS pede aumento na produ\u00e7\u00e3o de m\u00e1scaras cir\u00fargicas - Jornal Fatos e Not\u00edcias<\/title>\n<meta name=\"robots\" content=\"index, follow, max-snippet:-1, max-image-preview:large, max-video-preview:-1\" \/>\n<link rel=\"canonical\" href=\"https:\/\/jornalfatosenoticias.com.br\/index.php\/2020\/03\/04\/coronavirus-oms-pede-aumento-na-producao-de-mascaras-cirurgicas\/\" \/>\n<meta property=\"og:locale\" content=\"pt_BR\" \/>\n<meta property=\"og:type\" content=\"article\" \/>\n<meta property=\"og:title\" content=\"Coronav\u00edrus: OMS pede aumento na produ\u00e7\u00e3o de m\u00e1scaras cir\u00fargicas - Jornal Fatos e Not\u00edcias\" \/>\n<meta property=\"og:description\" content=\"A OMS estima que 89 milh\u00f5es de m\u00e1scaras cir\u00fargicas ser\u00e3o necess\u00e1rias mensalmente para m\u00e9dicos, enfermeiros e outros trabalhadores da linha de frente A Organiza\u00e7\u00e3o Mundial da Sa\u00fade (OMS) solicita um aumento de 40% na produ\u00e7\u00e3o de m\u00e1scaras cir\u00fargicas e de outros equipamentos de prote\u00e7\u00e3o de funcion\u00e1rios do setor de sa\u00fade. A OMS estima que 89 [&hellip;]\" \/>\n<meta property=\"og:url\" content=\"https:\/\/jornalfatosenoticias.com.br\/index.php\/2020\/03\/04\/coronavirus-oms-pede-aumento-na-producao-de-mascaras-cirurgicas\/\" \/>\n<meta property=\"og:site_name\" content=\"Jornal Fatos e Not\u00edcias\" \/>\n<meta property=\"article:published_time\" content=\"2020-03-04T12:32:38+00:00\" \/>\n<meta property=\"article:modified_time\" content=\"2020-03-04T12:32:43+00:00\" \/>\n<meta property=\"og:image\" content=\"https:\/\/jornalfatosenoticias.com.br\/wp-content\/uploads\/2020\/03\/mascaras-cirurgicas_gettyimages.jpg\" \/>\n\t<meta property=\"og:image:width\" content=\"980\" \/>\n\t<meta property=\"og:image:height\" content=\"654\" \/>\n\t<meta property=\"og:image:type\" content=\"image\/jpeg\" \/>\n<meta name=\"author\" content=\"Luzimara Fernandes\" \/>\n<meta name=\"twitter:card\" content=\"summary_large_image\" \/>\n<meta name=\"twitter:label1\" content=\"Escrito por\" \/>\n\t<meta name=\"twitter:data1\" content=\"Luzimara Fernandes\" \/>\n\t<meta name=\"twitter:label2\" content=\"Est. tempo de leitura\" \/>\n\t<meta name=\"twitter:data2\" content=\"1 minuto\" \/>\n<script type=\"application\/ld+json\" class=\"yoast-schema-graph\">{\"@context\":\"https:\/\/schema.org\",\"@graph\":[{\"@type\":\"Article\",\"@id\":\"https:\/\/jornalfatosenoticias.com.br\/index.php\/2020\/03\/04\/coronavirus-oms-pede-aumento-na-producao-de-mascaras-cirurgicas\/#article\",\"isPartOf\":{\"@id\":\"https:\/\/jornalfatosenoticias.com.br\/index.php\/2020\/03\/04\/coronavirus-oms-pede-aumento-na-producao-de-mascaras-cirurgicas\/\"},\"author\":{\"name\":\"Luzimara Fernandes\",\"@id\":\"https:\/\/jornalfatosenoticias.com.br\/#\/schema\/person\/d63837fa13ac8666eb9e74e0985d6f81\"},\"headline\":\"Coronav\u00edrus: OMS pede aumento na produ\u00e7\u00e3o de m\u00e1scaras cir\u00fargicas\",\"datePublished\":\"2020-03-04T12:32:38+00:00\",\"dateModified\":\"2020-03-04T12:32:43+00:00\",\"mainEntityOfPage\":{\"@id\":\"https:\/\/jornalfatosenoticias.com.br\/index.php\/2020\/03\/04\/coronavirus-oms-pede-aumento-na-producao-de-mascaras-cirurgicas\/\"},\"wordCount\":247,\"commentCount\":0,\"publisher\":{\"@id\":\"https:\/\/jornalfatosenoticias.com.br\/#organization\"},\"image\":{\"@id\":\"https:\/\/jornalfatosenoticias.com.br\/index.php\/2020\/03\/04\/coronavirus-oms-pede-aumento-na-producao-de-mascaras-cirurgicas\/#primaryimage\"},\"thumbnailUrl\":\"https:\/\/jornalfatosenoticias.com.br\/wp-content\/uploads\/2020\/03\/mascaras-cirurgicas_gettyimages.jpg\",\"keywords\":[\"covid-19\",\"m\u00e1scaras\"],\"articleSection\":[\"Sa\u00fade\"],\"inLanguage\":\"pt-BR\",\"potentialAction\":[{\"@type\":\"CommentAction\",\"name\":\"Comment\",\"target\":[\"https:\/\/jornalfatosenoticias.com.br\/index.php\/2020\/03\/04\/coronavirus-oms-pede-aumento-na-producao-de-mascaras-cirurgicas\/#respond\"]}]},{\"@type\":\"WebPage\",\"@id\":\"https:\/\/jornalfatosenoticias.com.br\/index.php\/2020\/03\/04\/coronavirus-oms-pede-aumento-na-producao-de-mascaras-cirurgicas\/\",\"url\":\"https:\/\/jornalfatosenoticias.com.br\/index.php\/2020\/03\/04\/coronavirus-oms-pede-aumento-na-producao-de-mascaras-cirurgicas\/\",\"name\":\"Coronav\u00edrus: OMS pede aumento na produ\u00e7\u00e3o de m\u00e1scaras cir\u00fargicas - Jornal Fatos e Not\u00edcias\",\"isPartOf\":{\"@id\":\"https:\/\/jornalfatosenoticias.com.br\/#website\"},\"primaryImageOfPage\":{\"@id\":\"https:\/\/jornalfatosenoticias.com.br\/index.php\/2020\/03\/04\/coronavirus-oms-pede-aumento-na-producao-de-mascaras-cirurgicas\/#primaryimage\"},\"image\":{\"@id\":\"https:\/\/jornalfatosenoticias.com.br\/index.php\/2020\/03\/04\/coronavirus-oms-pede-aumento-na-producao-de-mascaras-cirurgicas\/#primaryimage\"},\"thumbnailUrl\":\"https:\/\/jornalfatosenoticias.com.br\/wp-content\/uploads\/2020\/03\/mascaras-cirurgicas_gettyimages.jpg\",\"datePublished\":\"2020-03-04T12:32:38+00:00\",\"dateModified\":\"2020-03-04T12:32:43+00:00\",\"breadcrumb\":{\"@id\":\"https:\/\/jornalfatosenoticias.com.br\/index.php\/2020\/03\/04\/coronavirus-oms-pede-aumento-na-producao-de-mascaras-cirurgicas\/#breadcrumb\"},\"inLanguage\":\"pt-BR\",\"potentialAction\":[{\"@type\":\"ReadAction\",\"target\":[\"https:\/\/jornalfatosenoticias.com.br\/index.php\/2020\/03\/04\/coronavirus-oms-pede-aumento-na-producao-de-mascaras-cirurgicas\/\"]}]},{\"@type\":\"ImageObject\",\"inLanguage\":\"pt-BR\",\"@id\":\"https:\/\/jornalfatosenoticias.com.br\/index.php\/2020\/03\/04\/coronavirus-oms-pede-aumento-na-producao-de-mascaras-cirurgicas\/#primaryimage\",\"url\":\"https:\/\/jornalfatosenoticias.com.br\/wp-content\/uploads\/2020\/03\/mascaras-cirurgicas_gettyimages.jpg\",\"contentUrl\":\"https:\/\/jornalfatosenoticias.com.br\/wp-content\/uploads\/2020\/03\/mascaras-cirurgicas_gettyimages.jpg\",\"width\":980,\"height\":654},{\"@type\":\"BreadcrumbList\",\"@id\":\"https:\/\/jornalfatosenoticias.com.br\/index.php\/2020\/03\/04\/coronavirus-oms-pede-aumento-na-producao-de-mascaras-cirurgicas\/#breadcrumb\",\"itemListElement\":[{\"@type\":\"ListItem\",\"position\":1,\"name\":\"In\u00edcio\",\"item\":\"https:\/\/jornalfatosenoticias.com.br\/\"},{\"@type\":\"ListItem\",\"position\":2,\"name\":\"Coronav\u00edrus: OMS pede aumento na produ\u00e7\u00e3o de m\u00e1scaras cir\u00fargicas\"}]},{\"@type\":\"WebSite\",\"@id\":\"https:\/\/jornalfatosenoticias.com.br\/#website\",\"url\":\"https:\/\/jornalfatosenoticias.com.br\/\",\"name\":\"Jornal Fatos e Not\u00edcias\",\"description\":\"Not\u00edcias em geral\",\"publisher\":{\"@id\":\"https:\/\/jornalfatosenoticias.com.br\/#organization\"},\"potentialAction\":[{\"@type\":\"SearchAction\",\"target\":{\"@type\":\"EntryPoint\",\"urlTemplate\":\"https:\/\/jornalfatosenoticias.com.br\/?s={search_term_string}\"},\"query-input\":{\"@type\":\"PropertyValueSpecification\",\"valueRequired\":true,\"valueName\":\"search_term_string\"}}],\"inLanguage\":\"pt-BR\"},{\"@type\":\"Organization\",\"@id\":\"https:\/\/jornalfatosenoticias.com.br\/#organization\",\"name\":\"Jornal Fatos e Not\u00edcias\",\"url\":\"https:\/\/jornalfatosenoticias.com.br\/\",\"logo\":{\"@type\":\"ImageObject\",\"inLanguage\":\"pt-BR\",\"@id\":\"https:\/\/jornalfatosenoticias.com.br\/#\/schema\/logo\/image\/\",\"url\":\"https:\/\/jornalfatosenoticias.com.br\/wp-content\/uploads\/2020\/02\/logo120.png\",\"contentUrl\":\"https:\/\/jornalfatosenoticias.com.br\/wp-content\/uploads\/2020\/02\/logo120.png\",\"width\":1227,\"height\":120,\"caption\":\"Jornal Fatos e Not\u00edcias\"},\"image\":{\"@id\":\"https:\/\/jornalfatosenoticias.com.br\/#\/schema\/logo\/image\/\"}},{\"@type\":\"Person\",\"@id\":\"https:\/\/jornalfatosenoticias.com.br\/#\/schema\/person\/d63837fa13ac8666eb9e74e0985d6f81\",\"name\":\"Luzimara Fernandes\",\"image\":{\"@type\":\"ImageObject\",\"inLanguage\":\"pt-BR\",\"@id\":\"https:\/\/jornalfatosenoticias.com.br\/#\/schema\/person\/image\/\",\"url\":\"https:\/\/jornalfatosenoticias.com.br\/wp-content\/uploads\/2025\/05\/EU_portal.jpg\",\"contentUrl\":\"https:\/\/jornalfatosenoticias.com.br\/wp-content\/uploads\/2025\/05\/EU_portal.jpg\",\"caption\":\"Luzimara Fernandes\"},\"description\":\"Jornalista MTB 2358-ES\",\"sameAs\":[\"https:\/\/jornalfatosenoticias.com.br\"],\"url\":\"https:\/\/jornalfatosenoticias.com.br\/index.php\/author\/luzimara\/\"}]}<\/script>\n<!-- \/ Yoast SEO plugin. -->","yoast_head_json":{"title":"Coronav\u00edrus: OMS pede aumento na produ\u00e7\u00e3o de m\u00e1scaras cir\u00fargicas - Jornal Fatos e Not\u00edcias","robots":{"index":"index","follow":"follow","max-snippet":"max-snippet:-1","max-image-preview":"max-image-preview:large","max-video-preview":"max-video-preview:-1"},"canonical":"https:\/\/jornalfatosenoticias.com.br\/index.php\/2020\/03\/04\/coronavirus-oms-pede-aumento-na-producao-de-mascaras-cirurgicas\/","og_locale":"pt_BR","og_type":"article","og_title":"Coronav\u00edrus: OMS pede aumento na produ\u00e7\u00e3o de m\u00e1scaras cir\u00fargicas - Jornal Fatos e Not\u00edcias","og_description":"A OMS estima que 89 milh\u00f5es de m\u00e1scaras cir\u00fargicas ser\u00e3o necess\u00e1rias mensalmente para m\u00e9dicos, enfermeiros e outros trabalhadores da linha de frente A Organiza\u00e7\u00e3o Mundial da Sa\u00fade (OMS) solicita um aumento de 40% na produ\u00e7\u00e3o de m\u00e1scaras cir\u00fargicas e de outros equipamentos de prote\u00e7\u00e3o de funcion\u00e1rios do setor de sa\u00fade. A OMS estima que 89 [&hellip;]","og_url":"https:\/\/jornalfatosenoticias.com.br\/index.php\/2020\/03\/04\/coronavirus-oms-pede-aumento-na-producao-de-mascaras-cirurgicas\/","og_site_name":"Jornal Fatos e Not\u00edcias","article_published_time":"2020-03-04T12:32:38+00:00","article_modified_time":"2020-03-04T12:32:43+00:00","og_image":[{"width":980,"height":654,"url":"https:\/\/jornalfatosenoticias.com.br\/wp-content\/uploads\/2020\/03\/mascaras-cirurgicas_gettyimages.jpg","type":"image\/jpeg"}],"author":"Luzimara Fernandes","twitter_card":"summary_large_image","twitter_misc":{"Escrito por":"Luzimara Fernandes","Est. tempo de leitura":"1 minuto"},"schema":{"@context":"https:\/\/schema.org","@graph":[{"@type":"Article","@id":"https:\/\/jornalfatosenoticias.com.br\/index.php\/2020\/03\/04\/coronavirus-oms-pede-aumento-na-producao-de-mascaras-cirurgicas\/#article","isPartOf":{"@id":"https:\/\/jornalfatosenoticias.com.br\/index.php\/2020\/03\/04\/coronavirus-oms-pede-aumento-na-producao-de-mascaras-cirurgicas\/"},"author":{"name":"Luzimara Fernandes","@id":"https:\/\/jornalfatosenoticias.com.br\/#\/schema\/person\/d63837fa13ac8666eb9e74e0985d6f81"},"headline":"Coronav\u00edrus: OMS pede aumento na produ\u00e7\u00e3o de m\u00e1scaras cir\u00fargicas","datePublished":"2020-03-04T12:32:38+00:00","dateModified":"2020-03-04T12:32:43+00:00","mainEntityOfPage":{"@id":"https:\/\/jornalfatosenoticias.com.br\/index.php\/2020\/03\/04\/coronavirus-oms-pede-aumento-na-producao-de-mascaras-cirurgicas\/"},"wordCount":247,"commentCount":0,"publisher":{"@id":"https:\/\/jornalfatosenoticias.com.br\/#organization"},"image":{"@id":"https:\/\/jornalfatosenoticias.com.br\/index.php\/2020\/03\/04\/coronavirus-oms-pede-aumento-na-producao-de-mascaras-cirurgicas\/#primaryimage"},"thumbnailUrl":"https:\/\/jornalfatosenoticias.com.br\/wp-content\/uploads\/2020\/03\/mascaras-cirurgicas_gettyimages.jpg","keywords":["covid-19","m\u00e1scaras"],"articleSection":["Sa\u00fade"],"inLanguage":"pt-BR","potentialAction":[{"@type":"CommentAction","name":"Comment","target":["https:\/\/jornalfatosenoticias.com.br\/index.php\/2020\/03\/04\/coronavirus-oms-pede-aumento-na-producao-de-mascaras-cirurgicas\/#respond"]}]},{"@type":"WebPage","@id":"https:\/\/jornalfatosenoticias.com.br\/index.php\/2020\/03\/04\/coronavirus-oms-pede-aumento-na-producao-de-mascaras-cirurgicas\/","url":"https:\/\/jornalfatosenoticias.com.br\/index.php\/2020\/03\/04\/coronavirus-oms-pede-aumento-na-producao-de-mascaras-cirurgicas\/","name":"Coronav\u00edrus: OMS pede aumento na produ\u00e7\u00e3o de m\u00e1scaras cir\u00fargicas - Jornal Fatos e Not\u00edcias","isPartOf":{"@id":"https:\/\/jornalfatosenoticias.com.br\/#website"},"primaryImageOfPage":{"@id":"https:\/\/jornalfatosenoticias.com.br\/index.php\/2020\/03\/04\/coronavirus-oms-pede-aumento-na-producao-de-mascaras-cirurgicas\/#primaryimage"},"image":{"@id":"https:\/\/jornalfatosenoticias.com.br\/index.php\/2020\/03\/04\/coronavirus-oms-pede-aumento-na-producao-de-mascaras-cirurgicas\/#primaryimage"},"thumbnailUrl":"https:\/\/jornalfatosenoticias.com.br\/wp-content\/uploads\/2020\/03\/mascaras-cirurgicas_gettyimages.jpg","datePublished":"2020-03-04T12:32:38+00:00","dateModified":"2020-03-04T12:32:43+00:00","breadcrumb":{"@id":"https:\/\/jornalfatosenoticias.com.br\/index.php\/2020\/03\/04\/coronavirus-oms-pede-aumento-na-producao-de-mascaras-cirurgicas\/#breadcrumb"},"inLanguage":"pt-BR","potentialAction":[{"@type":"ReadAction","target":["https:\/\/jornalfatosenoticias.com.br\/index.php\/2020\/03\/04\/coronavirus-oms-pede-aumento-na-producao-de-mascaras-cirurgicas\/"]}]},{"@type":"ImageObject","inLanguage":"pt-BR","@id":"https:\/\/jornalfatosenoticias.com.br\/index.php\/2020\/03\/04\/coronavirus-oms-pede-aumento-na-producao-de-mascaras-cirurgicas\/#primaryimage","url":"https:\/\/jornalfatosenoticias.com.br\/wp-content\/uploads\/2020\/03\/mascaras-cirurgicas_gettyimages.jpg","contentUrl":"https:\/\/jornalfatosenoticias.com.br\/wp-content\/uploads\/2020\/03\/mascaras-cirurgicas_gettyimages.jpg","width":980,"height":654},{"@type":"BreadcrumbList","@id":"https:\/\/jornalfatosenoticias.com.br\/index.php\/2020\/03\/04\/coronavirus-oms-pede-aumento-na-producao-de-mascaras-cirurgicas\/#breadcrumb","itemListElement":[{"@type":"ListItem","position":1,"name":"In\u00edcio","item":"https:\/\/jornalfatosenoticias.com.br\/"},{"@type":"ListItem","position":2,"name":"Coronav\u00edrus: OMS pede aumento na produ\u00e7\u00e3o de m\u00e1scaras cir\u00fargicas"}]},{"@type":"WebSite","@id":"https:\/\/jornalfatosenoticias.com.br\/#website","url":"https:\/\/jornalfatosenoticias.com.br\/","name":"Jornal Fatos e Not\u00edcias","description":"Not\u00edcias em geral","publisher":{"@id":"https:\/\/jornalfatosenoticias.com.br\/#organization"},"potentialAction":[{"@type":"SearchAction","target":{"@type":"EntryPoint","urlTemplate":"https:\/\/jornalfatosenoticias.com.br\/?s={search_term_string}"},"query-input":{"@type":"PropertyValueSpecification","valueRequired":true,"valueName":"search_term_string"}}],"inLanguage":"pt-BR"},{"@type":"Organization","@id":"https:\/\/jornalfatosenoticias.com.br\/#organization","name":"Jornal Fatos e Not\u00edcias","url":"https:\/\/jornalfatosenoticias.com.br\/","logo":{"@type":"ImageObject","inLanguage":"pt-BR","@id":"https:\/\/jornalfatosenoticias.com.br\/#\/schema\/logo\/image\/","url":"https:\/\/jornalfatosenoticias.com.br\/wp-content\/uploads\/2020\/02\/logo120.png","contentUrl":"https:\/\/jornalfatosenoticias.com.br\/wp-content\/uploads\/2020\/02\/logo120.png","width":1227,"height":120,"caption":"Jornal Fatos e Not\u00edcias"},"image":{"@id":"https:\/\/jornalfatosenoticias.com.br\/#\/schema\/logo\/image\/"}},{"@type":"Person","@id":"https:\/\/jornalfatosenoticias.com.br\/#\/schema\/person\/d63837fa13ac8666eb9e74e0985d6f81","name":"Luzimara Fernandes","image":{"@type":"ImageObject","inLanguage":"pt-BR","@id":"https:\/\/jornalfatosenoticias.com.br\/#\/schema\/person\/image\/","url":"https:\/\/jornalfatosenoticias.com.br\/wp-content\/uploads\/2025\/05\/EU_portal.jpg","contentUrl":"https:\/\/jornalfatosenoticias.com.br\/wp-content\/uploads\/2025\/05\/EU_portal.jpg","caption":"Luzimara Fernandes"},"description":"Jornalista MTB 2358-ES","sameAs":["https:\/\/jornalfatosenoticias.com.br"],"url":"https:\/\/jornalfatosenoticias.com.br\/index.php\/author\/luzimara\/"}]}},"cc_featured_image_caption":{"caption_text":"Demanda \u00e9 da ordem de 40%, diz diretor-geral da organiza\u00e7\u00e3o (Foto: Getty Images)","source_text":"","source_url":""},"jetpack_featured_media_url":"https:\/\/jornalfatosenoticias.com.br\/wp-content\/uploads\/2020\/03\/mascaras-cirurgicas_gettyimages.jpg","_links":{"self":[{"href":"https:\/\/jornalfatosenoticias.com.br\/index.php\/wp-json\/wp\/v2\/posts\/1718","targetHints":{"allow":["GET"]}}],"collection":[{"href":"https:\/\/jornalfatosenoticias.com.br\/index.php\/wp-json\/wp\/v2\/posts"}],"about":[{"href":"https:\/\/jornalfatosenoticias.com.br\/index.php\/wp-json\/wp\/v2\/types\/post"}],"author":[{"embeddable":true,"href":"https:\/\/jornalfatosenoticias.com.br\/index.php\/wp-json\/wp\/v2\/users\/2"}],"replies":[{"embeddable":true,"href":"https:\/\/jornalfatosenoticias.com.br\/index.php\/wp-json\/wp\/v2\/comments?post=1718"}],"version-history":[{"count":0,"href":"https:\/\/jornalfatosenoticias.com.br\/index.php\/wp-json\/wp\/v2\/posts\/1718\/revisions"}],"wp:featuredmedia":[{"embeddable":true,"href":"https:\/\/jornalfatosenoticias.com.br\/index.php\/wp-json\/wp\/v2\/media\/1719"}],"wp:attachment":[{"href":"https:\/\/jornalfatosenoticias.com.br\/index.php\/wp-json\/wp\/v2\/media?parent=1718"}],"wp:term":[{"taxonomy":"category","embeddable":true,"href":"https:\/\/jornalfatosenoticias.com.br\/index.php\/wp-json\/wp\/v2\/categories?post=1718"},{"taxonomy":"post_tag","embeddable":true,"href":"https:\/\/jornalfatosenoticias.com.br\/index.php\/wp-json\/wp\/v2\/tags?post=1718"}],"curies":[{"name":"wp","href":"https:\/\/api.w.org\/{rel}","templated":true}]}}